{"id":112907,"date":"2025-12-26T22:50:44","date_gmt":"2025-12-26T22:50:44","guid":{"rendered":"https:\/\/elregionalvm.com.ar\/noticias-villa-maria\/?p=112907"},"modified":"2025-12-26T22:50:46","modified_gmt":"2025-12-26T22:50:46","slug":"una-nueva-empresa-se-suma-como-parte-del-financiamiento-al-dictado-del-segundo-ano-de-ingenieria-civil-en-la-utn","status":"publish","type":"post","link":"https:\/\/elregionalvm.com.ar\/noticias-villa-maria\/una-nueva-empresa-se-suma-como-parte-del-financiamiento-al-dictado-del-segundo-ano-de-ingenieria-civil-en-la-utn\/","title":{"rendered":"Una nueva empresa se suma como parte del financiamiento al dictado del segundo a\u00f1o de Ingenier\u00eda Civil en la UTN"},"content":{"rendered":"\n<p>\u00a0El intendente Eduardo Accastello firm\u00f3 un convenio junto al decano de la UTN Facultad Regional Villa Mar\u00eda, Gaspar Cena, y el presidente de la empresa Mastil S.A., Mariano Bernardi, quien se incorpora como aportante para garantizar el dictado del segundo a\u00f1o de la carrera de Ingenier\u00eda Civil durante 2026.<\/p>\n\n\n\n<p>Del encuentro participaron, adem\u00e1s, el presidente del Colegio de Ingenieros Civiles de C\u00f3rdoba \u2013 Regional 4, Gustavo Fowler; el vicedecano de la UTN, Franco Salv\u00e1tico; y el coordinador acad\u00e9mico de la carrera, Hugo Monje.<\/p>\n\n\n\n<p>En este marco, las partes suscribieron convenios espec\u00edficos que aseguran el apoyo econ\u00f3mico necesario para el desarrollo de la carrera que comenz\u00f3 a dictarse en 2025.<\/p>\n\n\n\n<p>La iniciativa es impulsada de manera conjunta por el Municipio, el Colegio de Ingenieros Civiles de C\u00f3rdoba \u2013 Regional 4 y la Universidad Tecnol\u00f3gica Nacional, y constituye un modelo de articulaci\u00f3n p\u00fablico-privada orientado a fortalecer la educaci\u00f3n superior y el desarrollo regional.<\/p>\n\n\n\n<p>Al respecto, el intendente&nbsp;<strong>Eduardo Accastello<\/strong>&nbsp;expres\u00f3:&nbsp;<em><strong>\u201cLas buenas ideas son contagiosas, y este proyecto de articulaci\u00f3n p\u00fablico-privada fue, sin dudas, una muy buena iniciativa a la que ahora se suma una empresa de Bell Ville comprometida con el desarrollo regional\u201d.<\/strong><\/em><\/p>\n\n\n\n<p>Asimismo, agreg\u00f3:&nbsp;<em>\u201cLa decisi\u00f3n de traer la carrera repercute directamente en la vida cotidiana de much\u00edsimas familias villamarienses y de toda la provincia que nos eligen por ser una ciudad universitaria con propuestas acad\u00e9micas de calidad. Ya no tendr\u00e1n que trasladarse a otras ciudades m\u00e1s de 50 j\u00f3venes que egresaron recientemente del nivel secundario y pueden formarse aqu\u00ed, y otros tantos llegar\u00e1n desde distintas localidades para comenzar un nuevo camino de crecimiento personal y desarrollo colectivo\u201d.<\/em><\/p>\n\n\n\n<p>Y concluy\u00f3:&nbsp;<em>\u201cLo hicimos juntos, a fines de 2023 identificamos un problema y trabajamos de manera articulada para solucionarlo. Lo que logramos es algo virtuoso, que nos llena de orgullo y nos confirma que este es el camino: trabajar en t\u00e1ndem, unidos, para crear soluciones\u201d.<\/em><\/p>\n\n\n\n<p>Por su parte, el decano de la UTN Facultad Regional Villa Mar\u00eda, Gaspar Cena, se\u00f1al\u00f3:&nbsp;<em>\u201cEstamos muy contentos con la repercusi\u00f3n de la carrera. Ya son m\u00e1s de 60 los estudiantes que cursar\u00e1n el segundo a\u00f1o y se encuentra abierta la inscripci\u00f3n para que m\u00e1s j\u00f3venes se sumen a la carrera. Celebramos la incorporaci\u00f3n de una nueva empresa que acompa\u00f1ar\u00e1 el sostenimiento del financiamiento, permitiendo que la propuesta pueda consolidarse a lo largo del tiempo\u201d.<\/em><\/p>\n\n\n\n<p>En tanto, el presidente del Colegio de Ingenieros Civiles de C\u00f3rdoba \u2013 Regional 4, Gustavo Fowler, manifest\u00f3:&nbsp;<em>\u201cPor primera vez una empresa de la regi\u00f3n se incorpora para acompa\u00f1ar la carrera, abriendo horizontes hacia una verdadera regionalizaci\u00f3n. Este trabajo conjunto entre el sector privado, la Municipalidad y la UTN permitir\u00e1 formar a futuros profesionales. En ese sentido, Mastil S.A. expres\u00f3 su inter\u00e9s en sumarse y realizar\u00e1 un importante aporte financiando parte de la propuesta\u201d.<\/em><\/p>\n\n\n\n<p>Finalmente, el titular de la firma Mastil S.A., Mariano Bernardi, explic\u00f3 que la decisi\u00f3n de sumarse a la iniciativa responde a la cercan\u00eda entre ambas ciudades y a la voluntad de generar sinergias con la universidad y el sector privado, con el objetivo de contribuir al bien com\u00fan y al desarrollo de la sociedad.<\/p>\n\n\n\n<p>Asimismo, destac\u00f3 que la empresa mantiene desde hace tiempo un trabajo articulado con instituciones educativas para promover el estudio y la inserci\u00f3n laboral y que, ante la oportunidad de participar en este proyecto, decidi\u00f3 realizar un aporte para acompa\u00f1ar el crecimiento regional.<\/p>\n","protected":false},"excerpt":{"rendered":"<p>\u00a0El intendente Eduardo Accastello firm\u00f3 un convenio junto al decano de la UTN Facultad Regional Villa Mar\u00eda, Gaspar Cena, y el presidente de la empresa Mastil S.A., Mariano Bernardi, quien se incorpora como aportante para garantizar el dictado del segundo a\u00f1o de la carrera de Ingenier\u00eda Civil durante 2026. Del encuentro participaron, adem\u00e1s, el presidente [&hellip;]<\/p>\n","protected":false},"author":4,"featured_media":112908,"comment_status":"open","ping_status":"open","sticky":false,"template":"","format":"standard","meta":{"site-sidebar-layout":"default","site-content-layout":"","ast-site-content-layout":"default","site-content-style":"default","site-sidebar-style":"default","ast-global-header-display":"","ast-banner-title-visibility":"","ast-main-header-display":"","ast-hfb-above-header-display":"","ast-hfb-below-header-display":"","ast-hfb-mobile-header-display":"","site-post-title":"","ast-breadcrumbs-content":"","ast-featured-img":"","footer-sml-layout":"","ast-disable-related-posts":"","theme-transparent-header-meta":"","adv-header-id-meta":"","stick-header-meta":"","header-above-stick-meta":"","header-main-stick-meta":"","header-below-stick-meta":"","astra-migrate-meta-layouts":"set","ast-page-background-enabled":"default","ast-page-background-meta":{"desktop":{"background-color":"","background-image":"","background-repeat":"repeat","background-position":"center center","background-size":"auto","background-attachment":"scroll","background-type":"","background-media":"","overlay-type":"","overlay-color":"","overlay-opacity":"","overlay-gradient":""},"tablet":{"background-color":"","background-image":"","background-repeat":"repeat","background-position":"center center","background-size":"auto","background-attachment":"scroll","background-type":"","background-media":"","overlay-type":"","overlay-color":"","overlay-opacity":"","overlay-gradient":""},"mobile":{"background-color":"","background-image":"","background-repeat":"repeat","background-position":"center center","background-size":"auto","background-attachment":"scroll","background-type":"","background-media":"","overlay-type":"","overlay-color":"","overlay-opacity":"","overlay-gradient":""}},"ast-content-background-meta":{"desktop":{"background-color":"var(--ast-global-color-5)","background-image":"","background-repeat":"repeat","background-position":"center center","background-size":"auto","background-attachment":"scroll","background-type":"","background-media":"","overlay-type":"","overlay-color":"","overlay-opacity":"","overlay-gradient":""},"tablet":{"background-color":"var(--ast-global-color-5)","background-image":"","background-repeat":"repeat","background-position":"center center","background-size":"auto","background-attachment":"scroll","background-type":"","background-media":"","overlay-type":"","overlay-color":"","overlay-opacity":"","overlay-gradient":""},"mobile":{"background-color":"var(--ast-global-color-5)","background-image":"","background-repeat":"repeat","background-position":"center center","background-size":"auto","background-attachment":"scroll","background-type":"","background-media":"","overlay-type":"","overlay-color":"","overlay-opacity":"","overlay-gradient":""}},"_jetpack_memberships_contains_paid_content":false,"_joinchat":[],"footnotes":""},"categories":[15302,5,2],"tags":[],"class_list":["post-112907","post","type-post","status-publish","format-standard","has-post-thumbnail","hentry","category-destacado","category-sociedad","category-villa-maria"],"yoast_head":"<!-- This site is optimized with the Yoast SEO plugin v26.8 - https:\/\/yoast.com\/product\/yoast-seo-wordpress\/ -->\n<title>Una nueva empresa se suma como parte del financiamiento al dictado del segundo a\u00f1o de Ingenier\u00eda Civil en la UTN - El Regional<\/title>\n<meta name=\"robots\" content=\"index, follow, max-snippet:-1, max-image-preview:large, max-video-preview:-1\" \/>\n<link rel=\"canonical\" href=\"https:\/\/elregionalvm.com.ar\/noticias-villa-maria\/una-nueva-empresa-se-suma-como-parte-del-financiamiento-al-dictado-del-segundo-ano-de-ingenieria-civil-en-la-utn\/\" \/>\n<meta property=\"og:locale\" content=\"es_ES\" \/>\n<meta property=\"og:type\" content=\"article\" \/>\n<meta property=\"og:title\" content=\"Una nueva empresa se suma como parte del financiamiento al dictado del segundo a\u00f1o de Ingenier\u00eda Civil en la UTN - El Regional\" \/>\n<meta property=\"og:description\" content=\"\u00a0El intendente Eduardo Accastello firm\u00f3 un convenio junto al decano de la UTN Facultad Regional Villa Mar\u00eda, Gaspar Cena, y el presidente de la empresa Mastil S.A., Mariano Bernardi, quien se incorpora como aportante para garantizar el dictado del segundo a\u00f1o de la carrera de Ingenier\u00eda Civil durante 2026. Del encuentro participaron, adem\u00e1s, el presidente [&hellip;]\" \/>\n<meta property=\"og:url\" content=\"https:\/\/elregionalvm.com.ar\/noticias-villa-maria\/una-nueva-empresa-se-suma-como-parte-del-financiamiento-al-dictado-del-segundo-ano-de-ingenieria-civil-en-la-utn\/\" \/>\n<meta property=\"og:site_name\" content=\"El Regional\" \/>\n<meta property=\"article:publisher\" content=\"https:\/\/www.facebook.com\/elregionalvm\" \/>\n<meta property=\"article:published_time\" content=\"2025-12-26T22:50:44+00:00\" \/>\n<meta property=\"article:modified_time\" content=\"2025-12-26T22:50:46+00:00\" \/>\n<meta property=\"og:image\" content=\"https:\/\/elregionalvm.com.ar\/noticias-villa-maria\/wp-content\/uploads\/2025\/12\/45ed3bd4d62d4a98b773e4e1255533b7.jpeg\" \/>\n\t<meta property=\"og:image:width\" content=\"800\" \/>\n\t<meta property=\"og:image:height\" content=\"600\" \/>\n\t<meta property=\"og:image:type\" content=\"image\/jpeg\" \/>\n<meta name=\"author\" content=\"Contenidos El Regional\" \/>\n<meta name=\"twitter:card\" content=\"summary_large_image\" \/>\n<meta name=\"twitter:creator\" content=\"@elregionalvm1\" \/>\n<meta name=\"twitter:site\" content=\"@elregionalvm1\" \/>\n<meta name=\"twitter:label1\" content=\"Escrito por\" \/>\n\t<meta name=\"twitter:data1\" content=\"Contenidos El Regional\" \/>\n\t<meta name=\"twitter:label2\" content=\"Tiempo de lectura\" \/>\n\t<meta name=\"twitter:data2\" content=\"3 minutos\" \/>\n<script type=\"application\/ld+json\" class=\"yoast-schema-graph\">{\"@context\":\"https:\/\/schema.org\",\"@graph\":[{\"@type\":\"Article\",\"@id\":\"https:\/\/elregionalvm.com.ar\/noticias-villa-maria\/una-nueva-empresa-se-suma-como-parte-del-financiamiento-al-dictado-del-segundo-ano-de-ingenieria-civil-en-la-utn\/#article\",\"isPartOf\":{\"@id\":\"https:\/\/elregionalvm.com.ar\/noticias-villa-maria\/una-nueva-empresa-se-suma-como-parte-del-financiamiento-al-dictado-del-segundo-ano-de-ingenieria-civil-en-la-utn\/\"},\"author\":{\"name\":\"Contenidos El Regional\",\"@id\":\"http:\/\/elregionalvm.com.ar\/noticias-villa-maria\/#\/schema\/person\/a0fb9c422317faca23d50163151bc354\"},\"headline\":\"Una nueva empresa se suma como parte del financiamiento al dictado del segundo a\u00f1o de Ingenier\u00eda Civil en la UTN\",\"datePublished\":\"2025-12-26T22:50:44+00:00\",\"dateModified\":\"2025-12-26T22:50:46+00:00\",\"mainEntityOfPage\":{\"@id\":\"https:\/\/elregionalvm.com.ar\/noticias-villa-maria\/una-nueva-empresa-se-suma-como-parte-del-financiamiento-al-dictado-del-segundo-ano-de-ingenieria-civil-en-la-utn\/\"},\"wordCount\":624,\"commentCount\":0,\"image\":{\"@id\":\"https:\/\/elregionalvm.com.ar\/noticias-villa-maria\/una-nueva-empresa-se-suma-como-parte-del-financiamiento-al-dictado-del-segundo-ano-de-ingenieria-civil-en-la-utn\/#primaryimage\"},\"thumbnailUrl\":\"https:\/\/i0.wp.com\/elregionalvm.com.ar\/noticias-villa-maria\/wp-content\/uploads\/2025\/12\/45ed3bd4d62d4a98b773e4e1255533b7.jpeg?fit=800%2C600&ssl=1\",\"articleSection\":[\"destacado\",\"Sociedad\",\"Villa Mar\u00eda\"],\"inLanguage\":\"es\",\"potentialAction\":[{\"@type\":\"CommentAction\",\"name\":\"Comment\",\"target\":[\"https:\/\/elregionalvm.com.ar\/noticias-villa-maria\/una-nueva-empresa-se-suma-como-parte-del-financiamiento-al-dictado-del-segundo-ano-de-ingenieria-civil-en-la-utn\/#respond\"]}]},{\"@type\":\"WebPage\",\"@id\":\"https:\/\/elregionalvm.com.ar\/noticias-villa-maria\/una-nueva-empresa-se-suma-como-parte-del-financiamiento-al-dictado-del-segundo-ano-de-ingenieria-civil-en-la-utn\/\",\"url\":\"https:\/\/elregionalvm.com.ar\/noticias-villa-maria\/una-nueva-empresa-se-suma-como-parte-del-financiamiento-al-dictado-del-segundo-ano-de-ingenieria-civil-en-la-utn\/\",\"name\":\"Una nueva empresa se suma como parte del financiamiento al dictado del segundo a\u00f1o de Ingenier\u00eda Civil en la UTN - El Regional\",\"isPartOf\":{\"@id\":\"http:\/\/elregionalvm.com.ar\/noticias-villa-maria\/#website\"},\"primaryImageOfPage\":{\"@id\":\"https:\/\/elregionalvm.com.ar\/noticias-villa-maria\/una-nueva-empresa-se-suma-como-parte-del-financiamiento-al-dictado-del-segundo-ano-de-ingenieria-civil-en-la-utn\/#primaryimage\"},\"image\":{\"@id\":\"https:\/\/elregionalvm.com.ar\/noticias-villa-maria\/una-nueva-empresa-se-suma-como-parte-del-financiamiento-al-dictado-del-segundo-ano-de-ingenieria-civil-en-la-utn\/#primaryimage\"},\"thumbnailUrl\":\"https:\/\/i0.wp.com\/elregionalvm.com.ar\/noticias-villa-maria\/wp-content\/uploads\/2025\/12\/45ed3bd4d62d4a98b773e4e1255533b7.jpeg?fit=800%2C600&ssl=1\",\"datePublished\":\"2025-12-26T22:50:44+00:00\",\"dateModified\":\"2025-12-26T22:50:46+00:00\",\"author\":{\"@id\":\"http:\/\/elregionalvm.com.ar\/noticias-villa-maria\/#\/schema\/person\/a0fb9c422317faca23d50163151bc354\"},\"breadcrumb\":{\"@id\":\"https:\/\/elregionalvm.com.ar\/noticias-villa-maria\/una-nueva-empresa-se-suma-como-parte-del-financiamiento-al-dictado-del-segundo-ano-de-ingenieria-civil-en-la-utn\/#breadcrumb\"},\"inLanguage\":\"es\",\"potentialAction\":[{\"@type\":\"ReadAction\",\"target\":[\"https:\/\/elregionalvm.com.ar\/noticias-villa-maria\/una-nueva-empresa-se-suma-como-parte-del-financiamiento-al-dictado-del-segundo-ano-de-ingenieria-civil-en-la-utn\/\"]}]},{\"@type\":\"ImageObject\",\"inLanguage\":\"es\",\"@id\":\"https:\/\/elregionalvm.com.ar\/noticias-villa-maria\/una-nueva-empresa-se-suma-como-parte-del-financiamiento-al-dictado-del-segundo-ano-de-ingenieria-civil-en-la-utn\/#primaryimage\",\"url\":\"https:\/\/i0.wp.com\/elregionalvm.com.ar\/noticias-villa-maria\/wp-content\/uploads\/2025\/12\/45ed3bd4d62d4a98b773e4e1255533b7.jpeg?fit=800%2C600&ssl=1\",\"contentUrl\":\"https:\/\/i0.wp.com\/elregionalvm.com.ar\/noticias-villa-maria\/wp-content\/uploads\/2025\/12\/45ed3bd4d62d4a98b773e4e1255533b7.jpeg?fit=800%2C600&ssl=1\",\"width\":800,\"height\":600},{\"@type\":\"BreadcrumbList\",\"@id\":\"https:\/\/elregionalvm.com.ar\/noticias-villa-maria\/una-nueva-empresa-se-suma-como-parte-del-financiamiento-al-dictado-del-segundo-ano-de-ingenieria-civil-en-la-utn\/#breadcrumb\",\"itemListElement\":[{\"@type\":\"ListItem\",\"position\":1,\"name\":\"Portada\",\"item\":\"https:\/\/elregionalvm.com.ar\/noticias-villa-maria\/\"},{\"@type\":\"ListItem\",\"position\":2,\"name\":\"Una nueva empresa se suma como parte del financiamiento al dictado del segundo a\u00f1o de Ingenier\u00eda Civil en la UTN\"}]},{\"@type\":\"WebSite\",\"@id\":\"http:\/\/elregionalvm.com.ar\/noticias-villa-maria\/#website\",\"url\":\"http:\/\/elregionalvm.com.ar\/noticias-villa-maria\/\",\"name\":\"El Regional\",\"description\":\"Mucho m\u00e1s que informaci\u00f3n\",\"potentialAction\":[{\"@type\":\"SearchAction\",\"target\":{\"@type\":\"EntryPoint\",\"urlTemplate\":\"http:\/\/elregionalvm.com.ar\/noticias-villa-maria\/?s={search_term_string}\"},\"query-input\":{\"@type\":\"PropertyValueSpecification\",\"valueRequired\":true,\"valueName\":\"search_term_string\"}}],\"inLanguage\":\"es\"},{\"@type\":\"Person\",\"@id\":\"http:\/\/elregionalvm.com.ar\/noticias-villa-maria\/#\/schema\/person\/a0fb9c422317faca23d50163151bc354\",\"name\":\"Contenidos El Regional\",\"image\":{\"@type\":\"ImageObject\",\"inLanguage\":\"es\",\"@id\":\"http:\/\/elregionalvm.com.ar\/noticias-villa-maria\/#\/schema\/person\/image\/\",\"url\":\"https:\/\/secure.gravatar.com\/avatar\/265b27cb2209af7bb3a1318f03305787d7981a5cc6e6cd08fe5a4ecdf99d4b48?s=96&d=mm&r=g\",\"contentUrl\":\"https:\/\/secure.gravatar.com\/avatar\/265b27cb2209af7bb3a1318f03305787d7981a5cc6e6cd08fe5a4ecdf99d4b48?s=96&d=mm&r=g\",\"caption\":\"Contenidos El Regional\"},\"url\":\"https:\/\/elregionalvm.com.ar\/noticias-villa-maria\/author\/contenido\/\"}]}<\/script>\n<!-- \/ Yoast SEO plugin. -->","yoast_head_json":{"title":"Una nueva empresa se suma como parte del financiamiento al dictado del segundo a\u00f1o de Ingenier\u00eda Civil en la UTN - El Regional","robots":{"index":"index","follow":"follow","max-snippet":"max-snippet:-1","max-image-preview":"max-image-preview:large","max-video-preview":"max-video-preview:-1"},"canonical":"https:\/\/elregionalvm.com.ar\/noticias-villa-maria\/una-nueva-empresa-se-suma-como-parte-del-financiamiento-al-dictado-del-segundo-ano-de-ingenieria-civil-en-la-utn\/","og_locale":"es_ES","og_type":"article","og_title":"Una nueva empresa se suma como parte del financiamiento al dictado del segundo a\u00f1o de Ingenier\u00eda Civil en la UTN - El Regional","og_description":"\u00a0El intendente Eduardo Accastello firm\u00f3 un convenio junto al decano de la UTN Facultad Regional Villa Mar\u00eda, Gaspar Cena, y el presidente de la empresa Mastil S.A., Mariano Bernardi, quien se incorpora como aportante para garantizar el dictado del segundo a\u00f1o de la carrera de Ingenier\u00eda Civil durante 2026. Del encuentro participaron, adem\u00e1s, el presidente [&hellip;]","og_url":"https:\/\/elregionalvm.com.ar\/noticias-villa-maria\/una-nueva-empresa-se-suma-como-parte-del-financiamiento-al-dictado-del-segundo-ano-de-ingenieria-civil-en-la-utn\/","og_site_name":"El Regional","article_publisher":"https:\/\/www.facebook.com\/elregionalvm","article_published_time":"2025-12-26T22:50:44+00:00","article_modified_time":"2025-12-26T22:50:46+00:00","og_image":[{"width":800,"height":600,"url":"https:\/\/elregionalvm.com.ar\/noticias-villa-maria\/wp-content\/uploads\/2025\/12\/45ed3bd4d62d4a98b773e4e1255533b7.jpeg","type":"image\/jpeg"}],"author":"Contenidos El Regional","twitter_card":"summary_large_image","twitter_creator":"@elregionalvm1","twitter_site":"@elregionalvm1","twitter_misc":{"Escrito por":"Contenidos El Regional","Tiempo de lectura":"3 minutos"},"schema":{"@context":"https:\/\/schema.org","@graph":[{"@type":"Article","@id":"https:\/\/elregionalvm.com.ar\/noticias-villa-maria\/una-nueva-empresa-se-suma-como-parte-del-financiamiento-al-dictado-del-segundo-ano-de-ingenieria-civil-en-la-utn\/#article","isPartOf":{"@id":"https:\/\/elregionalvm.com.ar\/noticias-villa-maria\/una-nueva-empresa-se-suma-como-parte-del-financiamiento-al-dictado-del-segundo-ano-de-ingenieria-civil-en-la-utn\/"},"author":{"name":"Contenidos El Regional","@id":"http:\/\/elregionalvm.com.ar\/noticias-villa-maria\/#\/schema\/person\/a0fb9c422317faca23d50163151bc354"},"headline":"Una nueva empresa se suma como parte del financiamiento al dictado del segundo a\u00f1o de Ingenier\u00eda Civil en la UTN","datePublished":"2025-12-26T22:50:44+00:00","dateModified":"2025-12-26T22:50:46+00:00","mainEntityOfPage":{"@id":"https:\/\/elregionalvm.com.ar\/noticias-villa-maria\/una-nueva-empresa-se-suma-como-parte-del-financiamiento-al-dictado-del-segundo-ano-de-ingenieria-civil-en-la-utn\/"},"wordCount":624,"commentCount":0,"image":{"@id":"https:\/\/elregionalvm.com.ar\/noticias-villa-maria\/una-nueva-empresa-se-suma-como-parte-del-financiamiento-al-dictado-del-segundo-ano-de-ingenieria-civil-en-la-utn\/#primaryimage"},"thumbnailUrl":"https:\/\/i0.wp.com\/elregionalvm.com.ar\/noticias-villa-maria\/wp-content\/uploads\/2025\/12\/45ed3bd4d62d4a98b773e4e1255533b7.jpeg?fit=800%2C600&ssl=1","articleSection":["destacado","Sociedad","Villa Mar\u00eda"],"inLanguage":"es","potentialAction":[{"@type":"CommentAction","name":"Comment","target":["https:\/\/elregionalvm.com.ar\/noticias-villa-maria\/una-nueva-empresa-se-suma-como-parte-del-financiamiento-al-dictado-del-segundo-ano-de-ingenieria-civil-en-la-utn\/#respond"]}]},{"@type":"WebPage","@id":"https:\/\/elregionalvm.com.ar\/noticias-villa-maria\/una-nueva-empresa-se-suma-como-parte-del-financiamiento-al-dictado-del-segundo-ano-de-ingenieria-civil-en-la-utn\/","url":"https:\/\/elregionalvm.com.ar\/noticias-villa-maria\/una-nueva-empresa-se-suma-como-parte-del-financiamiento-al-dictado-del-segundo-ano-de-ingenieria-civil-en-la-utn\/","name":"Una nueva empresa se suma como parte del financiamiento al dictado del segundo a\u00f1o de Ingenier\u00eda Civil en la UTN - El Regional","isPartOf":{"@id":"http:\/\/elregionalvm.com.ar\/noticias-villa-maria\/#website"},"primaryImageOfPage":{"@id":"https:\/\/elregionalvm.com.ar\/noticias-villa-maria\/una-nueva-empresa-se-suma-como-parte-del-financiamiento-al-dictado-del-segundo-ano-de-ingenieria-civil-en-la-utn\/#primaryimage"},"image":{"@id":"https:\/\/elregionalvm.com.ar\/noticias-villa-maria\/una-nueva-empresa-se-suma-como-parte-del-financiamiento-al-dictado-del-segundo-ano-de-ingenieria-civil-en-la-utn\/#primaryimage"},"thumbnailUrl":"https:\/\/i0.wp.com\/elregionalvm.com.ar\/noticias-villa-maria\/wp-content\/uploads\/2025\/12\/45ed3bd4d62d4a98b773e4e1255533b7.jpeg?fit=800%2C600&ssl=1","datePublished":"2025-12-26T22:50:44+00:00","dateModified":"2025-12-26T22:50:46+00:00","author":{"@id":"http:\/\/elregionalvm.com.ar\/noticias-villa-maria\/#\/schema\/person\/a0fb9c422317faca23d50163151bc354"},"breadcrumb":{"@id":"https:\/\/elregionalvm.com.ar\/noticias-villa-maria\/una-nueva-empresa-se-suma-como-parte-del-financiamiento-al-dictado-del-segundo-ano-de-ingenieria-civil-en-la-utn\/#breadcrumb"},"inLanguage":"es","potentialAction":[{"@type":"ReadAction","target":["https:\/\/elregionalvm.com.ar\/noticias-villa-maria\/una-nueva-empresa-se-suma-como-parte-del-financiamiento-al-dictado-del-segundo-ano-de-ingenieria-civil-en-la-utn\/"]}]},{"@type":"ImageObject","inLanguage":"es","@id":"https:\/\/elregionalvm.com.ar\/noticias-villa-maria\/una-nueva-empresa-se-suma-como-parte-del-financiamiento-al-dictado-del-segundo-ano-de-ingenieria-civil-en-la-utn\/#primaryimage","url":"https:\/\/i0.wp.com\/elregionalvm.com.ar\/noticias-villa-maria\/wp-content\/uploads\/2025\/12\/45ed3bd4d62d4a98b773e4e1255533b7.jpeg?fit=800%2C600&ssl=1","contentUrl":"https:\/\/i0.wp.com\/elregionalvm.com.ar\/noticias-villa-maria\/wp-content\/uploads\/2025\/12\/45ed3bd4d62d4a98b773e4e1255533b7.jpeg?fit=800%2C600&ssl=1","width":800,"height":600},{"@type":"BreadcrumbList","@id":"https:\/\/elregionalvm.com.ar\/noticias-villa-maria\/una-nueva-empresa-se-suma-como-parte-del-financiamiento-al-dictado-del-segundo-ano-de-ingenieria-civil-en-la-utn\/#breadcrumb","itemListElement":[{"@type":"ListItem","position":1,"name":"Portada","item":"https:\/\/elregionalvm.com.ar\/noticias-villa-maria\/"},{"@type":"ListItem","position":2,"name":"Una nueva empresa se suma como parte del financiamiento al dictado del segundo a\u00f1o de Ingenier\u00eda Civil en la UTN"}]},{"@type":"WebSite","@id":"http:\/\/elregionalvm.com.ar\/noticias-villa-maria\/#website","url":"http:\/\/elregionalvm.com.ar\/noticias-villa-maria\/","name":"El Regional","description":"Mucho m\u00e1s que informaci\u00f3n","potentialAction":[{"@type":"SearchAction","target":{"@type":"EntryPoint","urlTemplate":"http:\/\/elregionalvm.com.ar\/noticias-villa-maria\/?s={search_term_string}"},"query-input":{"@type":"PropertyValueSpecification","valueRequired":true,"valueName":"search_term_string"}}],"inLanguage":"es"},{"@type":"Person","@id":"http:\/\/elregionalvm.com.ar\/noticias-villa-maria\/#\/schema\/person\/a0fb9c422317faca23d50163151bc354","name":"Contenidos El Regional","image":{"@type":"ImageObject","inLanguage":"es","@id":"http:\/\/elregionalvm.com.ar\/noticias-villa-maria\/#\/schema\/person\/image\/","url":"https:\/\/secure.gravatar.com\/avatar\/265b27cb2209af7bb3a1318f03305787d7981a5cc6e6cd08fe5a4ecdf99d4b48?s=96&d=mm&r=g","contentUrl":"https:\/\/secure.gravatar.com\/avatar\/265b27cb2209af7bb3a1318f03305787d7981a5cc6e6cd08fe5a4ecdf99d4b48?s=96&d=mm&r=g","caption":"Contenidos El Regional"},"url":"https:\/\/elregionalvm.com.ar\/noticias-villa-maria\/author\/contenido\/"}]}},"jetpack_featured_media_url":"https:\/\/i0.wp.com\/elregionalvm.com.ar\/noticias-villa-maria\/wp-content\/uploads\/2025\/12\/45ed3bd4d62d4a98b773e4e1255533b7.jpeg?fit=800%2C600&ssl=1","jetpack_sharing_enabled":true,"_links":{"self":[{"href":"https:\/\/elregionalvm.com.ar\/noticias-villa-maria\/wp-json\/wp\/v2\/posts\/112907","targetHints":{"allow":["GET"]}}],"collection":[{"href":"https:\/\/elregionalvm.com.ar\/noticias-villa-maria\/wp-json\/wp\/v2\/posts"}],"about":[{"href":"https:\/\/elregionalvm.com.ar\/noticias-villa-maria\/wp-json\/wp\/v2\/types\/post"}],"author":[{"embeddable":true,"href":"https:\/\/elregionalvm.com.ar\/noticias-villa-maria\/wp-json\/wp\/v2\/users\/4"}],"replies":[{"embeddable":true,"href":"https:\/\/elregionalvm.com.ar\/noticias-villa-maria\/wp-json\/wp\/v2\/comments?post=112907"}],"version-history":[{"count":1,"href":"https:\/\/elregionalvm.com.ar\/noticias-villa-maria\/wp-json\/wp\/v2\/posts\/112907\/revisions"}],"predecessor-version":[{"id":112909,"href":"https:\/\/elregionalvm.com.ar\/noticias-villa-maria\/wp-json\/wp\/v2\/posts\/112907\/revisions\/112909"}],"wp:featuredmedia":[{"embeddable":true,"href":"https:\/\/elregionalvm.com.ar\/noticias-villa-maria\/wp-json\/wp\/v2\/media\/112908"}],"wp:attachment":[{"href":"https:\/\/elregionalvm.com.ar\/noticias-villa-maria\/wp-json\/wp\/v2\/media?parent=112907"}],"wp:term":[{"taxonomy":"category","embeddable":true,"href":"https:\/\/elregionalvm.com.ar\/noticias-villa-maria\/wp-json\/wp\/v2\/categories?post=112907"},{"taxonomy":"post_tag","embeddable":true,"href":"https:\/\/elregionalvm.com.ar\/noticias-villa-maria\/wp-json\/wp\/v2\/tags?post=112907"}],"curies":[{"name":"wp","href":"https:\/\/api.w.org\/{rel}","templated":true}]}}