{"id":112913,"date":"2025-12-26T23:00:06","date_gmt":"2025-12-26T23:00:06","guid":{"rendered":"https:\/\/elregionalvm.com.ar\/noticias-villa-maria\/?p=112913"},"modified":"2025-12-26T23:00:08","modified_gmt":"2025-12-26T23:00:08","slug":"durante-esta-semana-se-inauguro-la-obra-de-agua-potable-en-el-barrio-villa-del-sur","status":"publish","type":"post","link":"https:\/\/elregionalvm.com.ar\/noticias-villa-maria\/durante-esta-semana-se-inauguro-la-obra-de-agua-potable-en-el-barrio-villa-del-sur\/","title":{"rendered":"Durante esta semana se inaugur\u00f3 la obra de agua potable en el barrio Villa del Sur"},"content":{"rendered":"\n<p>El intendente Eduardo Accastello inaugur\u00f3 la obra de agua potable en el barrio Villa del Sur, una intervenci\u00f3n que permiti\u00f3 llevar el servicio a m\u00e1s de 30 familias mediante la ejecuci\u00f3n de 700 metros lineales de red, la instalaci\u00f3n de cajas, medidores y pilares con canilla de servicio individual en cada lote.<\/p>\n\n\n\n<p>La obra se llev\u00f3 adelante en articulaci\u00f3n con la Cooperativa de Agua 15 de Mayo.<\/p>\n\n\n\n<p>El acto cont\u00f3 adem\u00e1s con la participaci\u00f3n del presidente del Concejo Deliberante, Juan Pablo Inglese; los secretarios de Servicios Urbanos, de Desarrollo Humano y Territorio, y de Econom\u00eda, Transformaci\u00f3n Digital y Desarrollo Productivo, \u00c1ngel Quaglia, Agust\u00edn Turletti Mino y Guillermo Pieckenstainer, respectivamente, y las concejales Patricia Heredia y Natalia Gonz\u00e1lez, quienes acompa\u00f1aron a las familias beneficiarias en la puesta en funcionamiento del servicio.<\/p>\n\n\n\n<p>En la ocasi\u00f3n, &nbsp;Accastello destac\u00f3:&nbsp;<em><strong>\u201cVilla Mar\u00eda tiene como objetivo completar el 100% de los servicios de agua, de cloacas, de gas, de iluminaci\u00f3n, y ac\u00e1 nos quedaban familias que no ten\u00edan agua, y junto con la Cooperativa pudimos avanzar en esta obra. El agua es fundamental en la vida de todos. Villa Mar\u00eda plantea como comunidad el desaf\u00edo de que a todos les vaya lo mejor posible y que todos alcancen lo m\u00e1ximo que aspiran, pero que a nadie le falte lo m\u00ednimo que necesita y el agua es lo m\u00ednimo, es lo b\u00e1sico, es lo esencial, es la salud\u00bb .&nbsp;<\/strong><\/em><\/p>\n\n\n\n<p>Luego, adelant\u00f3:&nbsp;<em><strong>\u201cEn el a\u00f1o 2026 se va a hacer toda la parte el\u00e9ctrica, nos va a ayudar EPEC, y tambi\u00e9n vamos a avanzar en la colocaci\u00f3n de tanques de agua para mejorar la calidad de vida de los vecinos. Luego, nos va a quedar una parte del Santa Clara, que es el barrio Las Acacias, y con eso tendremos nuevamente el 100% de la ciudad con agua potable\u201d .&nbsp;<\/strong><\/em><\/p>\n\n\n\n<p>Asimismo, el titular de la cartera de Servicios Urbanos, \u00c1ngel Quaglia, indic\u00f3:&nbsp;<em>\u201cEstamos dando el cierre a esta obra de red de agua potable, algo que los vecinos de este sector ven\u00edan solicitando desde hace mucho tiempo, y gracias a la decisi\u00f3n del intendente Accastello pudimos avanzar para que hoy ya tengan agua potable en sus viviendas. Se trata de una gran obra estrat\u00e9gica hecha en conjunto con la Cooperativa que nada m\u00e1s ni nada menos trae calidad de vida, y los vecinos est\u00e1n muy contentos por el progreso\u201d . &nbsp;<\/em><\/p>\n\n\n\n<p>Adem\u00e1s, record\u00f3 que durante este a\u00f1o se realiz\u00f3 una intervenci\u00f3n similar en el sector de Los Chaleses, que permiti\u00f3 a 70 familias conectarse al servicio de agua potable en sus casas.&nbsp;<\/p>\n\n\n\n<p>A su turno, el presidente de la Cooperativa de Agua 15 de Mayo, Carlos Opertti, detall\u00f3 que la obra implic\u00f3 la colocaci\u00f3n de 700 metros de ca\u00f1er\u00eda, con 35 conexiones domiciliarias, con su correspondiente pilar y entrada de agua a los domicilios. La intervenci\u00f3n se realiz\u00f3 en unos 35 d\u00edas y coment\u00f3 que trabajaron de forma articulada con los vecinos en el trazado.&nbsp;<\/p>\n\n\n\n<p>Por su parte, la vecina del sector, Romina Molinari, agradeci\u00f3 al intendente Accastello y dijo: \u00ab<em>Estamos muy contentos por poder tener agua en mi casa, esta obra majora la vida por completo a todas las familias que vivimos ac\u00e1 y adem\u00e1s nos motiva para seguir haciendo cosas y seguir mejorando el sector\u201d.&nbsp;<\/em><\/p>\n\n\n\n<p>Tambi\u00e9n estuvieron presentes el subsecretario de Gesti\u00f3n de Mantenimiento Urbano, Rub\u00e9n Aquiles, &nbsp;el vicepresidente del Instituto Municipal de Vivienda, Carlos Andrada; el presidente y vice de la Cooperativa de Agua 15 de Mayo, Carlos Opertti y Andr\u00e9s Maldonado, correlativamente.&nbsp;<\/p>\n\n\n\n<p>De esta manera, el Municipio contin\u00faa avanzando en la ampliaci\u00f3n de servicios esenciales en distintos barrios de la ciudad, reafirmando el compromiso de garantizar el acceso al agua potable como derecho b\u00e1sico y condici\u00f3n fundamental para el desarrollo integral de la comunidad.<\/p>\n","protected":false},"excerpt":{"rendered":"<p>El intendente Eduardo Accastello inaugur\u00f3 la obra de agua potable en el barrio Villa del Sur, una intervenci\u00f3n que permiti\u00f3 llevar el servicio a m\u00e1s de 30 familias mediante la ejecuci\u00f3n de 700 metros lineales de red, la instalaci\u00f3n de cajas, medidores y pilares con canilla de servicio individual en cada lote. La obra se [&hellip;]<\/p>\n","protected":false},"author":4,"featured_media":112914,"comment_status":"open","ping_status":"open","sticky":false,"template":"","format":"standard","meta":{"site-sidebar-layout":"default","site-content-layout":"","ast-site-content-layout":"default","site-content-style":"default","site-sidebar-style":"default","ast-global-header-display":"","ast-banner-title-visibility":"","ast-main-header-display":"","ast-hfb-above-header-display":"","ast-hfb-below-header-display":"","ast-hfb-mobile-header-display":"","site-post-title":"","ast-breadcrumbs-content":"","ast-featured-img":"","footer-sml-layout":"","ast-disable-related-posts":"","theme-transparent-header-meta":"","adv-header-id-meta":"","stick-header-meta":"","header-above-stick-meta":"","header-main-stick-meta":"","header-below-stick-meta":"","astra-migrate-meta-layouts":"set","ast-page-background-enabled":"default","ast-page-background-meta":{"desktop":{"background-color":"","background-image":"","background-repeat":"repeat","background-position":"center center","background-size":"auto","background-attachment":"scroll","background-type":"","background-media":"","overlay-type":"","overlay-color":"","overlay-opacity":"","overlay-gradient":""},"tablet":{"background-color":"","background-image":"","background-repeat":"repeat","background-position":"center center","background-size":"auto","background-attachment":"scroll","background-type":"","background-media":"","overlay-type":"","overlay-color":"","overlay-opacity":"","overlay-gradient":""},"mobile":{"background-color":"","background-image":"","background-repeat":"repeat","background-position":"center center","background-size":"auto","background-attachment":"scroll","background-type":"","background-media":"","overlay-type":"","overlay-color":"","overlay-opacity":"","overlay-gradient":""}},"ast-content-background-meta":{"desktop":{"background-color":"var(--ast-global-color-5)","background-image":"","background-repeat":"repeat","background-position":"center center","background-size":"auto","background-attachment":"scroll","background-type":"","background-media":"","overlay-type":"","overlay-color":"","overlay-opacity":"","overlay-gradient":""},"tablet":{"background-color":"var(--ast-global-color-5)","background-image":"","background-repeat":"repeat","background-position":"center center","background-size":"auto","background-attachment":"scroll","background-type":"","background-media":"","overlay-type":"","overlay-color":"","overlay-opacity":"","overlay-gradient":""},"mobile":{"background-color":"var(--ast-global-color-5)","background-image":"","background-repeat":"repeat","background-position":"center center","background-size":"auto","background-attachment":"scroll","background-type":"","background-media":"","overlay-type":"","overlay-color":"","overlay-opacity":"","overlay-gradient":""}},"_jetpack_memberships_contains_paid_content":false,"_joinchat":[],"footnotes":""},"categories":[15302,5,2],"tags":[],"class_list":["post-112913","post","type-post","status-publish","format-standard","has-post-thumbnail","hentry","category-destacado","category-sociedad","category-villa-maria"],"yoast_head":"<!-- This site is optimized with the Yoast SEO plugin v26.8 - https:\/\/yoast.com\/product\/yoast-seo-wordpress\/ -->\n<title>Durante esta semana se inaugur\u00f3 la obra de agua potable en el barrio Villa del Sur - El Regional<\/title>\n<meta name=\"robots\" content=\"index, follow, max-snippet:-1, max-image-preview:large, max-video-preview:-1\" \/>\n<link rel=\"canonical\" href=\"https:\/\/elregionalvm.com.ar\/noticias-villa-maria\/durante-esta-semana-se-inauguro-la-obra-de-agua-potable-en-el-barrio-villa-del-sur\/\" \/>\n<meta property=\"og:locale\" content=\"es_ES\" \/>\n<meta property=\"og:type\" content=\"article\" \/>\n<meta property=\"og:title\" content=\"Durante esta semana se inaugur\u00f3 la obra de agua potable en el barrio Villa del Sur - El Regional\" \/>\n<meta property=\"og:description\" content=\"El intendente Eduardo Accastello inaugur\u00f3 la obra de agua potable en el barrio Villa del Sur, una intervenci\u00f3n que permiti\u00f3 llevar el servicio a m\u00e1s de 30 familias mediante la ejecuci\u00f3n de 700 metros lineales de red, la instalaci\u00f3n de cajas, medidores y pilares con canilla de servicio individual en cada lote. La obra se [&hellip;]\" \/>\n<meta property=\"og:url\" content=\"https:\/\/elregionalvm.com.ar\/noticias-villa-maria\/durante-esta-semana-se-inauguro-la-obra-de-agua-potable-en-el-barrio-villa-del-sur\/\" \/>\n<meta property=\"og:site_name\" content=\"El Regional\" \/>\n<meta property=\"article:publisher\" content=\"https:\/\/www.facebook.com\/elregionalvm\" \/>\n<meta property=\"article:published_time\" content=\"2025-12-26T23:00:06+00:00\" \/>\n<meta property=\"article:modified_time\" content=\"2025-12-26T23:00:08+00:00\" \/>\n<meta property=\"og:image\" content=\"https:\/\/elregionalvm.com.ar\/noticias-villa-maria\/wp-content\/uploads\/2025\/12\/28be3a5d33894bd3b033ae3cc79ba159.jpeg\" \/>\n\t<meta property=\"og:image:width\" content=\"800\" \/>\n\t<meta property=\"og:image:height\" content=\"600\" \/>\n\t<meta property=\"og:image:type\" content=\"image\/jpeg\" \/>\n<meta name=\"author\" content=\"Contenidos El Regional\" \/>\n<meta name=\"twitter:card\" content=\"summary_large_image\" \/>\n<meta name=\"twitter:creator\" content=\"@elregionalvm1\" \/>\n<meta name=\"twitter:site\" content=\"@elregionalvm1\" \/>\n<meta name=\"twitter:label1\" content=\"Escrito por\" \/>\n\t<meta name=\"twitter:data1\" content=\"Contenidos El Regional\" \/>\n\t<meta name=\"twitter:label2\" content=\"Tiempo de lectura\" \/>\n\t<meta name=\"twitter:data2\" content=\"4 minutos\" \/>\n<script type=\"application\/ld+json\" class=\"yoast-schema-graph\">{\"@context\":\"https:\/\/schema.org\",\"@graph\":[{\"@type\":\"Article\",\"@id\":\"https:\/\/elregionalvm.com.ar\/noticias-villa-maria\/durante-esta-semana-se-inauguro-la-obra-de-agua-potable-en-el-barrio-villa-del-sur\/#article\",\"isPartOf\":{\"@id\":\"https:\/\/elregionalvm.com.ar\/noticias-villa-maria\/durante-esta-semana-se-inauguro-la-obra-de-agua-potable-en-el-barrio-villa-del-sur\/\"},\"author\":{\"name\":\"Contenidos El Regional\",\"@id\":\"http:\/\/elregionalvm.com.ar\/noticias-villa-maria\/#\/schema\/person\/a0fb9c422317faca23d50163151bc354\"},\"headline\":\"Durante esta semana se inaugur\u00f3 la obra de agua potable en el barrio Villa del Sur\",\"datePublished\":\"2025-12-26T23:00:06+00:00\",\"dateModified\":\"2025-12-26T23:00:08+00:00\",\"mainEntityOfPage\":{\"@id\":\"https:\/\/elregionalvm.com.ar\/noticias-villa-maria\/durante-esta-semana-se-inauguro-la-obra-de-agua-potable-en-el-barrio-villa-del-sur\/\"},\"wordCount\":680,\"commentCount\":0,\"image\":{\"@id\":\"https:\/\/elregionalvm.com.ar\/noticias-villa-maria\/durante-esta-semana-se-inauguro-la-obra-de-agua-potable-en-el-barrio-villa-del-sur\/#primaryimage\"},\"thumbnailUrl\":\"https:\/\/i0.wp.com\/elregionalvm.com.ar\/noticias-villa-maria\/wp-content\/uploads\/2025\/12\/28be3a5d33894bd3b033ae3cc79ba159.jpeg?fit=800%2C600&ssl=1\",\"articleSection\":[\"destacado\",\"Sociedad\",\"Villa Mar\u00eda\"],\"inLanguage\":\"es\",\"potentialAction\":[{\"@type\":\"CommentAction\",\"name\":\"Comment\",\"target\":[\"https:\/\/elregionalvm.com.ar\/noticias-villa-maria\/durante-esta-semana-se-inauguro-la-obra-de-agua-potable-en-el-barrio-villa-del-sur\/#respond\"]}]},{\"@type\":\"WebPage\",\"@id\":\"https:\/\/elregionalvm.com.ar\/noticias-villa-maria\/durante-esta-semana-se-inauguro-la-obra-de-agua-potable-en-el-barrio-villa-del-sur\/\",\"url\":\"https:\/\/elregionalvm.com.ar\/noticias-villa-maria\/durante-esta-semana-se-inauguro-la-obra-de-agua-potable-en-el-barrio-villa-del-sur\/\",\"name\":\"Durante esta semana se inaugur\u00f3 la obra de agua potable en el barrio Villa del Sur - El Regional\",\"isPartOf\":{\"@id\":\"http:\/\/elregionalvm.com.ar\/noticias-villa-maria\/#website\"},\"primaryImageOfPage\":{\"@id\":\"https:\/\/elregionalvm.com.ar\/noticias-villa-maria\/durante-esta-semana-se-inauguro-la-obra-de-agua-potable-en-el-barrio-villa-del-sur\/#primaryimage\"},\"image\":{\"@id\":\"https:\/\/elregionalvm.com.ar\/noticias-villa-maria\/durante-esta-semana-se-inauguro-la-obra-de-agua-potable-en-el-barrio-villa-del-sur\/#primaryimage\"},\"thumbnailUrl\":\"https:\/\/i0.wp.com\/elregionalvm.com.ar\/noticias-villa-maria\/wp-content\/uploads\/2025\/12\/28be3a5d33894bd3b033ae3cc79ba159.jpeg?fit=800%2C600&ssl=1\",\"datePublished\":\"2025-12-26T23:00:06+00:00\",\"dateModified\":\"2025-12-26T23:00:08+00:00\",\"author\":{\"@id\":\"http:\/\/elregionalvm.com.ar\/noticias-villa-maria\/#\/schema\/person\/a0fb9c422317faca23d50163151bc354\"},\"breadcrumb\":{\"@id\":\"https:\/\/elregionalvm.com.ar\/noticias-villa-maria\/durante-esta-semana-se-inauguro-la-obra-de-agua-potable-en-el-barrio-villa-del-sur\/#breadcrumb\"},\"inLanguage\":\"es\",\"potentialAction\":[{\"@type\":\"ReadAction\",\"target\":[\"https:\/\/elregionalvm.com.ar\/noticias-villa-maria\/durante-esta-semana-se-inauguro-la-obra-de-agua-potable-en-el-barrio-villa-del-sur\/\"]}]},{\"@type\":\"ImageObject\",\"inLanguage\":\"es\",\"@id\":\"https:\/\/elregionalvm.com.ar\/noticias-villa-maria\/durante-esta-semana-se-inauguro-la-obra-de-agua-potable-en-el-barrio-villa-del-sur\/#primaryimage\",\"url\":\"https:\/\/i0.wp.com\/elregionalvm.com.ar\/noticias-villa-maria\/wp-content\/uploads\/2025\/12\/28be3a5d33894bd3b033ae3cc79ba159.jpeg?fit=800%2C600&ssl=1\",\"contentUrl\":\"https:\/\/i0.wp.com\/elregionalvm.com.ar\/noticias-villa-maria\/wp-content\/uploads\/2025\/12\/28be3a5d33894bd3b033ae3cc79ba159.jpeg?fit=800%2C600&ssl=1\",\"width\":800,\"height\":600},{\"@type\":\"BreadcrumbList\",\"@id\":\"https:\/\/elregionalvm.com.ar\/noticias-villa-maria\/durante-esta-semana-se-inauguro-la-obra-de-agua-potable-en-el-barrio-villa-del-sur\/#breadcrumb\",\"itemListElement\":[{\"@type\":\"ListItem\",\"position\":1,\"name\":\"Portada\",\"item\":\"https:\/\/elregionalvm.com.ar\/noticias-villa-maria\/\"},{\"@type\":\"ListItem\",\"position\":2,\"name\":\"Durante esta semana se inaugur\u00f3 la obra de agua potable en el barrio Villa del Sur\"}]},{\"@type\":\"WebSite\",\"@id\":\"http:\/\/elregionalvm.com.ar\/noticias-villa-maria\/#website\",\"url\":\"http:\/\/elregionalvm.com.ar\/noticias-villa-maria\/\",\"name\":\"El Regional\",\"description\":\"Mucho m\u00e1s que informaci\u00f3n\",\"potentialAction\":[{\"@type\":\"SearchAction\",\"target\":{\"@type\":\"EntryPoint\",\"urlTemplate\":\"http:\/\/elregionalvm.com.ar\/noticias-villa-maria\/?s={search_term_string}\"},\"query-input\":{\"@type\":\"PropertyValueSpecification\",\"valueRequired\":true,\"valueName\":\"search_term_string\"}}],\"inLanguage\":\"es\"},{\"@type\":\"Person\",\"@id\":\"http:\/\/elregionalvm.com.ar\/noticias-villa-maria\/#\/schema\/person\/a0fb9c422317faca23d50163151bc354\",\"name\":\"Contenidos El Regional\",\"image\":{\"@type\":\"ImageObject\",\"inLanguage\":\"es\",\"@id\":\"http:\/\/elregionalvm.com.ar\/noticias-villa-maria\/#\/schema\/person\/image\/\",\"url\":\"https:\/\/secure.gravatar.com\/avatar\/265b27cb2209af7bb3a1318f03305787d7981a5cc6e6cd08fe5a4ecdf99d4b48?s=96&d=mm&r=g\",\"contentUrl\":\"https:\/\/secure.gravatar.com\/avatar\/265b27cb2209af7bb3a1318f03305787d7981a5cc6e6cd08fe5a4ecdf99d4b48?s=96&d=mm&r=g\",\"caption\":\"Contenidos El Regional\"},\"url\":\"https:\/\/elregionalvm.com.ar\/noticias-villa-maria\/author\/contenido\/\"}]}<\/script>\n<!-- \/ Yoast SEO plugin. -->","yoast_head_json":{"title":"Durante esta semana se inaugur\u00f3 la obra de agua potable en el barrio Villa del Sur - El Regional","robots":{"index":"index","follow":"follow","max-snippet":"max-snippet:-1","max-image-preview":"max-image-preview:large","max-video-preview":"max-video-preview:-1"},"canonical":"https:\/\/elregionalvm.com.ar\/noticias-villa-maria\/durante-esta-semana-se-inauguro-la-obra-de-agua-potable-en-el-barrio-villa-del-sur\/","og_locale":"es_ES","og_type":"article","og_title":"Durante esta semana se inaugur\u00f3 la obra de agua potable en el barrio Villa del Sur - El Regional","og_description":"El intendente Eduardo Accastello inaugur\u00f3 la obra de agua potable en el barrio Villa del Sur, una intervenci\u00f3n que permiti\u00f3 llevar el servicio a m\u00e1s de 30 familias mediante la ejecuci\u00f3n de 700 metros lineales de red, la instalaci\u00f3n de cajas, medidores y pilares con canilla de servicio individual en cada lote. La obra se [&hellip;]","og_url":"https:\/\/elregionalvm.com.ar\/noticias-villa-maria\/durante-esta-semana-se-inauguro-la-obra-de-agua-potable-en-el-barrio-villa-del-sur\/","og_site_name":"El Regional","article_publisher":"https:\/\/www.facebook.com\/elregionalvm","article_published_time":"2025-12-26T23:00:06+00:00","article_modified_time":"2025-12-26T23:00:08+00:00","og_image":[{"width":800,"height":600,"url":"https:\/\/elregionalvm.com.ar\/noticias-villa-maria\/wp-content\/uploads\/2025\/12\/28be3a5d33894bd3b033ae3cc79ba159.jpeg","type":"image\/jpeg"}],"author":"Contenidos El Regional","twitter_card":"summary_large_image","twitter_creator":"@elregionalvm1","twitter_site":"@elregionalvm1","twitter_misc":{"Escrito por":"Contenidos El Regional","Tiempo de lectura":"4 minutos"},"schema":{"@context":"https:\/\/schema.org","@graph":[{"@type":"Article","@id":"https:\/\/elregionalvm.com.ar\/noticias-villa-maria\/durante-esta-semana-se-inauguro-la-obra-de-agua-potable-en-el-barrio-villa-del-sur\/#article","isPartOf":{"@id":"https:\/\/elregionalvm.com.ar\/noticias-villa-maria\/durante-esta-semana-se-inauguro-la-obra-de-agua-potable-en-el-barrio-villa-del-sur\/"},"author":{"name":"Contenidos El Regional","@id":"http:\/\/elregionalvm.com.ar\/noticias-villa-maria\/#\/schema\/person\/a0fb9c422317faca23d50163151bc354"},"headline":"Durante esta semana se inaugur\u00f3 la obra de agua potable en el barrio Villa del Sur","datePublished":"2025-12-26T23:00:06+00:00","dateModified":"2025-12-26T23:00:08+00:00","mainEntityOfPage":{"@id":"https:\/\/elregionalvm.com.ar\/noticias-villa-maria\/durante-esta-semana-se-inauguro-la-obra-de-agua-potable-en-el-barrio-villa-del-sur\/"},"wordCount":680,"commentCount":0,"image":{"@id":"https:\/\/elregionalvm.com.ar\/noticias-villa-maria\/durante-esta-semana-se-inauguro-la-obra-de-agua-potable-en-el-barrio-villa-del-sur\/#primaryimage"},"thumbnailUrl":"https:\/\/i0.wp.com\/elregionalvm.com.ar\/noticias-villa-maria\/wp-content\/uploads\/2025\/12\/28be3a5d33894bd3b033ae3cc79ba159.jpeg?fit=800%2C600&ssl=1","articleSection":["destacado","Sociedad","Villa Mar\u00eda"],"inLanguage":"es","potentialAction":[{"@type":"CommentAction","name":"Comment","target":["https:\/\/elregionalvm.com.ar\/noticias-villa-maria\/durante-esta-semana-se-inauguro-la-obra-de-agua-potable-en-el-barrio-villa-del-sur\/#respond"]}]},{"@type":"WebPage","@id":"https:\/\/elregionalvm.com.ar\/noticias-villa-maria\/durante-esta-semana-se-inauguro-la-obra-de-agua-potable-en-el-barrio-villa-del-sur\/","url":"https:\/\/elregionalvm.com.ar\/noticias-villa-maria\/durante-esta-semana-se-inauguro-la-obra-de-agua-potable-en-el-barrio-villa-del-sur\/","name":"Durante esta semana se inaugur\u00f3 la obra de agua potable en el barrio Villa del Sur - El Regional","isPartOf":{"@id":"http:\/\/elregionalvm.com.ar\/noticias-villa-maria\/#website"},"primaryImageOfPage":{"@id":"https:\/\/elregionalvm.com.ar\/noticias-villa-maria\/durante-esta-semana-se-inauguro-la-obra-de-agua-potable-en-el-barrio-villa-del-sur\/#primaryimage"},"image":{"@id":"https:\/\/elregionalvm.com.ar\/noticias-villa-maria\/durante-esta-semana-se-inauguro-la-obra-de-agua-potable-en-el-barrio-villa-del-sur\/#primaryimage"},"thumbnailUrl":"https:\/\/i0.wp.com\/elregionalvm.com.ar\/noticias-villa-maria\/wp-content\/uploads\/2025\/12\/28be3a5d33894bd3b033ae3cc79ba159.jpeg?fit=800%2C600&ssl=1","datePublished":"2025-12-26T23:00:06+00:00","dateModified":"2025-12-26T23:00:08+00:00","author":{"@id":"http:\/\/elregionalvm.com.ar\/noticias-villa-maria\/#\/schema\/person\/a0fb9c422317faca23d50163151bc354"},"breadcrumb":{"@id":"https:\/\/elregionalvm.com.ar\/noticias-villa-maria\/durante-esta-semana-se-inauguro-la-obra-de-agua-potable-en-el-barrio-villa-del-sur\/#breadcrumb"},"inLanguage":"es","potentialAction":[{"@type":"ReadAction","target":["https:\/\/elregionalvm.com.ar\/noticias-villa-maria\/durante-esta-semana-se-inauguro-la-obra-de-agua-potable-en-el-barrio-villa-del-sur\/"]}]},{"@type":"ImageObject","inLanguage":"es","@id":"https:\/\/elregionalvm.com.ar\/noticias-villa-maria\/durante-esta-semana-se-inauguro-la-obra-de-agua-potable-en-el-barrio-villa-del-sur\/#primaryimage","url":"https:\/\/i0.wp.com\/elregionalvm.com.ar\/noticias-villa-maria\/wp-content\/uploads\/2025\/12\/28be3a5d33894bd3b033ae3cc79ba159.jpeg?fit=800%2C600&ssl=1","contentUrl":"https:\/\/i0.wp.com\/elregionalvm.com.ar\/noticias-villa-maria\/wp-content\/uploads\/2025\/12\/28be3a5d33894bd3b033ae3cc79ba159.jpeg?fit=800%2C600&ssl=1","width":800,"height":600},{"@type":"BreadcrumbList","@id":"https:\/\/elregionalvm.com.ar\/noticias-villa-maria\/durante-esta-semana-se-inauguro-la-obra-de-agua-potable-en-el-barrio-villa-del-sur\/#breadcrumb","itemListElement":[{"@type":"ListItem","position":1,"name":"Portada","item":"https:\/\/elregionalvm.com.ar\/noticias-villa-maria\/"},{"@type":"ListItem","position":2,"name":"Durante esta semana se inaugur\u00f3 la obra de agua potable en el barrio Villa del Sur"}]},{"@type":"WebSite","@id":"http:\/\/elregionalvm.com.ar\/noticias-villa-maria\/#website","url":"http:\/\/elregionalvm.com.ar\/noticias-villa-maria\/","name":"El Regional","description":"Mucho m\u00e1s que informaci\u00f3n","potentialAction":[{"@type":"SearchAction","target":{"@type":"EntryPoint","urlTemplate":"http:\/\/elregionalvm.com.ar\/noticias-villa-maria\/?s={search_term_string}"},"query-input":{"@type":"PropertyValueSpecification","valueRequired":true,"valueName":"search_term_string"}}],"inLanguage":"es"},{"@type":"Person","@id":"http:\/\/elregionalvm.com.ar\/noticias-villa-maria\/#\/schema\/person\/a0fb9c422317faca23d50163151bc354","name":"Contenidos El Regional","image":{"@type":"ImageObject","inLanguage":"es","@id":"http:\/\/elregionalvm.com.ar\/noticias-villa-maria\/#\/schema\/person\/image\/","url":"https:\/\/secure.gravatar.com\/avatar\/265b27cb2209af7bb3a1318f03305787d7981a5cc6e6cd08fe5a4ecdf99d4b48?s=96&d=mm&r=g","contentUrl":"https:\/\/secure.gravatar.com\/avatar\/265b27cb2209af7bb3a1318f03305787d7981a5cc6e6cd08fe5a4ecdf99d4b48?s=96&d=mm&r=g","caption":"Contenidos El Regional"},"url":"https:\/\/elregionalvm.com.ar\/noticias-villa-maria\/author\/contenido\/"}]}},"jetpack_featured_media_url":"https:\/\/i0.wp.com\/elregionalvm.com.ar\/noticias-villa-maria\/wp-content\/uploads\/2025\/12\/28be3a5d33894bd3b033ae3cc79ba159.jpeg?fit=800%2C600&ssl=1","jetpack_sharing_enabled":true,"_links":{"self":[{"href":"https:\/\/elregionalvm.com.ar\/noticias-villa-maria\/wp-json\/wp\/v2\/posts\/112913","targetHints":{"allow":["GET"]}}],"collection":[{"href":"https:\/\/elregionalvm.com.ar\/noticias-villa-maria\/wp-json\/wp\/v2\/posts"}],"about":[{"href":"https:\/\/elregionalvm.com.ar\/noticias-villa-maria\/wp-json\/wp\/v2\/types\/post"}],"author":[{"embeddable":true,"href":"https:\/\/elregionalvm.com.ar\/noticias-villa-maria\/wp-json\/wp\/v2\/users\/4"}],"replies":[{"embeddable":true,"href":"https:\/\/elregionalvm.com.ar\/noticias-villa-maria\/wp-json\/wp\/v2\/comments?post=112913"}],"version-history":[{"count":1,"href":"https:\/\/elregionalvm.com.ar\/noticias-villa-maria\/wp-json\/wp\/v2\/posts\/112913\/revisions"}],"predecessor-version":[{"id":112915,"href":"https:\/\/elregionalvm.com.ar\/noticias-villa-maria\/wp-json\/wp\/v2\/posts\/112913\/revisions\/112915"}],"wp:featuredmedia":[{"embeddable":true,"href":"https:\/\/elregionalvm.com.ar\/noticias-villa-maria\/wp-json\/wp\/v2\/media\/112914"}],"wp:attachment":[{"href":"https:\/\/elregionalvm.com.ar\/noticias-villa-maria\/wp-json\/wp\/v2\/media?parent=112913"}],"wp:term":[{"taxonomy":"category","embeddable":true,"href":"https:\/\/elregionalvm.com.ar\/noticias-villa-maria\/wp-json\/wp\/v2\/categories?post=112913"},{"taxonomy":"post_tag","embeddable":true,"href":"https:\/\/elregionalvm.com.ar\/noticias-villa-maria\/wp-json\/wp\/v2\/tags?post=112913"}],"curies":[{"name":"wp","href":"https:\/\/api.w.org\/{rel}","templated":true}]}}