{"id":112935,"date":"2025-12-28T04:15:54","date_gmt":"2025-12-28T04:15:54","guid":{"rendered":"https:\/\/elregionalvm.com.ar\/noticias-villa-maria\/?p=112935"},"modified":"2025-12-28T04:15:57","modified_gmt":"2025-12-28T04:15:57","slug":"se-hara-un-operativo-en-barrio-belgrano-para-avanzar-en-la-eliminacion-de-posibles-criaderos-de-dengue","status":"publish","type":"post","link":"https:\/\/elregionalvm.com.ar\/noticias-villa-maria\/se-hara-un-operativo-en-barrio-belgrano-para-avanzar-en-la-eliminacion-de-posibles-criaderos-de-dengue\/","title":{"rendered":"Se har\u00e1 un operativo en barrio Belgrano para avanzar en la eliminaci\u00f3n de posibles criaderos de dengue"},"content":{"rendered":"\n<p>El pr\u00f3ximo lunes 29 de diciembre, a partir de las 9:30 horas, se llevar\u00e1 a cabo un operativo de ordenamiento ambiental, descacharreo y eliminaci\u00f3n de posibles criaderos del mosquito Aedes aegypti en el barrio Belgrano, como parte de las acciones preventivas contra el dengue.<\/p>\n\n\n\n<p>Durante el operativo, los equipos municipales realizar\u00e1n tareas de descacharreo, eliminaci\u00f3n de recipientes que acumulen agua, relevamientos domiciliarios y acciones de concientizaci\u00f3n, de acuerdo a los protocolos sanitarios vigentes.<\/p>\n\n\n\n<p>Desde el Municipio se solicita a la comunidad colaborar con las tareas y reforzar las medidas de prevenci\u00f3n en los hogares, como el descacharreo peri\u00f3dico, el uso de repelente y el retiro de todo recipiente que pueda acumular agua.<\/p>\n\n\n\n<p>Estas acciones se enmarcan en la estrategia integral de prevenci\u00f3n del dengue que la Municipalidad desarrolla de manera sostenida, con el objetivo de anticiparse a posibles brotes y proteger la salud de los vecinos y vecinas.&nbsp;<\/p>\n\n\n\n<p>Cabe destacar que estos operativos se replicar\u00e1n en los pr\u00f3ximos d\u00edas en distintos sectores de la ciudad, con previo aviso a los residentes de cada zona.<\/p>\n\n\n\n<p>Estrategia integral<\/p>\n\n\n\n<p>A comienzos de este a\u00f1o, el Municipio, junto a la Fundaci\u00f3n Mundo Sano, inici\u00f3 la instalaci\u00f3n de 40 ovitrampas, conformando una red de monitoreo destinada a relevar la actividad reproductiva del mosquito Aedes aegypti y detectar zonas de mayor riesgo de dengue.<\/p>\n\n\n\n<p>La iniciativa se desarrolla mediante un trabajo interdisciplinario de distintas secretar\u00edas municipales, en el marco de un proyecto financiado por el Gobierno de Espa\u00f1a, e incluye visitas peri\u00f3dicas a domicilios de vecinos y vecinas voluntarios para el monitoreo continuo.<\/p>\n\n\n\n<p>El seguimiento de cada ovitrampa se realiza de manera semanal, a partir del retiro de las leng\u00fcetas instaladas y la lectura de los huevos por parte del \u00e1rea de Bromatolog\u00eda, generando informaci\u00f3n clave para orientar las acciones preventivas en el territorio.<\/p>\n","protected":false},"excerpt":{"rendered":"<p>El pr\u00f3ximo lunes 29 de diciembre, a partir de las 9:30 horas, se llevar\u00e1 a cabo un operativo de ordenamiento ambiental, descacharreo y eliminaci\u00f3n de posibles criaderos del mosquito Aedes aegypti en el barrio Belgrano, como parte de las acciones preventivas contra el dengue. Durante el operativo, los equipos municipales realizar\u00e1n tareas de descacharreo, eliminaci\u00f3n [&hellip;]<\/p>\n","protected":false},"author":4,"featured_media":112936,"comment_status":"open","ping_status":"open","sticky":false,"template":"","format":"standard","meta":{"site-sidebar-layout":"default","site-content-layout":"","ast-site-content-layout":"default","site-content-style":"default","site-sidebar-style":"default","ast-global-header-display":"","ast-banner-title-visibility":"","ast-main-header-display":"","ast-hfb-above-header-display":"","ast-hfb-below-header-display":"","ast-hfb-mobile-header-display":"","site-post-title":"","ast-breadcrumbs-content":"","ast-featured-img":"","footer-sml-layout":"","ast-disable-related-posts":"","theme-transparent-header-meta":"","adv-header-id-meta":"","stick-header-meta":"","header-above-stick-meta":"","header-main-stick-meta":"","header-below-stick-meta":"","astra-migrate-meta-layouts":"set","ast-page-background-enabled":"default","ast-page-background-meta":{"desktop":{"background-color":"","background-image":"","background-repeat":"repeat","background-position":"center center","background-size":"auto","background-attachment":"scroll","background-type":"","background-media":"","overlay-type":"","overlay-color":"","overlay-opacity":"","overlay-gradient":""},"tablet":{"background-color":"","background-image":"","background-repeat":"repeat","background-position":"center center","background-size":"auto","background-attachment":"scroll","background-type":"","background-media":"","overlay-type":"","overlay-color":"","overlay-opacity":"","overlay-gradient":""},"mobile":{"background-color":"","background-image":"","background-repeat":"repeat","background-position":"center center","background-size":"auto","background-attachment":"scroll","background-type":"","background-media":"","overlay-type":"","overlay-color":"","overlay-opacity":"","overlay-gradient":""}},"ast-content-background-meta":{"desktop":{"background-color":"var(--ast-global-color-5)","background-image":"","background-repeat":"repeat","background-position":"center center","background-size":"auto","background-attachment":"scroll","background-type":"","background-media":"","overlay-type":"","overlay-color":"","overlay-opacity":"","overlay-gradient":""},"tablet":{"background-color":"var(--ast-global-color-5)","background-image":"","background-repeat":"repeat","background-position":"center center","background-size":"auto","background-attachment":"scroll","background-type":"","background-media":"","overlay-type":"","overlay-color":"","overlay-opacity":"","overlay-gradient":""},"mobile":{"background-color":"var(--ast-global-color-5)","background-image":"","background-repeat":"repeat","background-position":"center center","background-size":"auto","background-attachment":"scroll","background-type":"","background-media":"","overlay-type":"","overlay-color":"","overlay-opacity":"","overlay-gradient":""}},"_jetpack_memberships_contains_paid_content":false,"_joinchat":[],"footnotes":""},"categories":[15302,5,2],"tags":[],"class_list":["post-112935","post","type-post","status-publish","format-standard","has-post-thumbnail","hentry","category-destacado","category-sociedad","category-villa-maria"],"yoast_head":"<!-- This site is optimized with the Yoast SEO plugin v26.8 - https:\/\/yoast.com\/product\/yoast-seo-wordpress\/ -->\n<title>Se har\u00e1 un operativo en barrio Belgrano para avanzar en la eliminaci\u00f3n de posibles criaderos de dengue - El Regional<\/title>\n<meta name=\"robots\" content=\"index, follow, max-snippet:-1, max-image-preview:large, max-video-preview:-1\" \/>\n<link rel=\"canonical\" href=\"https:\/\/elregionalvm.com.ar\/noticias-villa-maria\/se-hara-un-operativo-en-barrio-belgrano-para-avanzar-en-la-eliminacion-de-posibles-criaderos-de-dengue\/\" \/>\n<meta property=\"og:locale\" content=\"es_ES\" \/>\n<meta property=\"og:type\" content=\"article\" \/>\n<meta property=\"og:title\" content=\"Se har\u00e1 un operativo en barrio Belgrano para avanzar en la eliminaci\u00f3n de posibles criaderos de dengue - El Regional\" \/>\n<meta property=\"og:description\" content=\"El pr\u00f3ximo lunes 29 de diciembre, a partir de las 9:30 horas, se llevar\u00e1 a cabo un operativo de ordenamiento ambiental, descacharreo y eliminaci\u00f3n de posibles criaderos del mosquito Aedes aegypti en el barrio Belgrano, como parte de las acciones preventivas contra el dengue. Durante el operativo, los equipos municipales realizar\u00e1n tareas de descacharreo, eliminaci\u00f3n [&hellip;]\" \/>\n<meta property=\"og:url\" content=\"https:\/\/elregionalvm.com.ar\/noticias-villa-maria\/se-hara-un-operativo-en-barrio-belgrano-para-avanzar-en-la-eliminacion-de-posibles-criaderos-de-dengue\/\" \/>\n<meta property=\"og:site_name\" content=\"El Regional\" \/>\n<meta property=\"article:publisher\" content=\"https:\/\/www.facebook.com\/elregionalvm\" \/>\n<meta property=\"article:published_time\" content=\"2025-12-28T04:15:54+00:00\" \/>\n<meta property=\"article:modified_time\" content=\"2025-12-28T04:15:57+00:00\" \/>\n<meta property=\"og:image\" content=\"https:\/\/elregionalvm.com.ar\/noticias-villa-maria\/wp-content\/uploads\/2025\/12\/2fb2240179d047709bb21f9b58921c7e.jpeg\" \/>\n\t<meta property=\"og:image:width\" content=\"800\" \/>\n\t<meta property=\"og:image:height\" content=\"600\" \/>\n\t<meta property=\"og:image:type\" content=\"image\/jpeg\" \/>\n<meta name=\"author\" content=\"Contenidos El Regional\" \/>\n<meta name=\"twitter:card\" content=\"summary_large_image\" \/>\n<meta name=\"twitter:creator\" content=\"@elregionalvm1\" \/>\n<meta name=\"twitter:site\" content=\"@elregionalvm1\" \/>\n<meta name=\"twitter:label1\" content=\"Escrito por\" \/>\n\t<meta name=\"twitter:data1\" content=\"Contenidos El Regional\" \/>\n\t<meta name=\"twitter:label2\" content=\"Tiempo de lectura\" \/>\n\t<meta name=\"twitter:data2\" content=\"2 minutos\" \/>\n<script type=\"application\/ld+json\" class=\"yoast-schema-graph\">{\"@context\":\"https:\/\/schema.org\",\"@graph\":[{\"@type\":\"Article\",\"@id\":\"https:\/\/elregionalvm.com.ar\/noticias-villa-maria\/se-hara-un-operativo-en-barrio-belgrano-para-avanzar-en-la-eliminacion-de-posibles-criaderos-de-dengue\/#article\",\"isPartOf\":{\"@id\":\"https:\/\/elregionalvm.com.ar\/noticias-villa-maria\/se-hara-un-operativo-en-barrio-belgrano-para-avanzar-en-la-eliminacion-de-posibles-criaderos-de-dengue\/\"},\"author\":{\"name\":\"Contenidos El Regional\",\"@id\":\"http:\/\/elregionalvm.com.ar\/noticias-villa-maria\/#\/schema\/person\/a0fb9c422317faca23d50163151bc354\"},\"headline\":\"Se har\u00e1 un operativo en barrio Belgrano para avanzar en la eliminaci\u00f3n de posibles criaderos de dengue\",\"datePublished\":\"2025-12-28T04:15:54+00:00\",\"dateModified\":\"2025-12-28T04:15:57+00:00\",\"mainEntityOfPage\":{\"@id\":\"https:\/\/elregionalvm.com.ar\/noticias-villa-maria\/se-hara-un-operativo-en-barrio-belgrano-para-avanzar-en-la-eliminacion-de-posibles-criaderos-de-dengue\/\"},\"wordCount\":334,\"commentCount\":0,\"image\":{\"@id\":\"https:\/\/elregionalvm.com.ar\/noticias-villa-maria\/se-hara-un-operativo-en-barrio-belgrano-para-avanzar-en-la-eliminacion-de-posibles-criaderos-de-dengue\/#primaryimage\"},\"thumbnailUrl\":\"https:\/\/i0.wp.com\/elregionalvm.com.ar\/noticias-villa-maria\/wp-content\/uploads\/2025\/12\/2fb2240179d047709bb21f9b58921c7e.jpeg?fit=800%2C600&ssl=1\",\"articleSection\":[\"destacado\",\"Sociedad\",\"Villa Mar\u00eda\"],\"inLanguage\":\"es\",\"potentialAction\":[{\"@type\":\"CommentAction\",\"name\":\"Comment\",\"target\":[\"https:\/\/elregionalvm.com.ar\/noticias-villa-maria\/se-hara-un-operativo-en-barrio-belgrano-para-avanzar-en-la-eliminacion-de-posibles-criaderos-de-dengue\/#respond\"]}]},{\"@type\":\"WebPage\",\"@id\":\"https:\/\/elregionalvm.com.ar\/noticias-villa-maria\/se-hara-un-operativo-en-barrio-belgrano-para-avanzar-en-la-eliminacion-de-posibles-criaderos-de-dengue\/\",\"url\":\"https:\/\/elregionalvm.com.ar\/noticias-villa-maria\/se-hara-un-operativo-en-barrio-belgrano-para-avanzar-en-la-eliminacion-de-posibles-criaderos-de-dengue\/\",\"name\":\"Se har\u00e1 un operativo en barrio Belgrano para avanzar en la eliminaci\u00f3n de posibles criaderos de dengue - El Regional\",\"isPartOf\":{\"@id\":\"http:\/\/elregionalvm.com.ar\/noticias-villa-maria\/#website\"},\"primaryImageOfPage\":{\"@id\":\"https:\/\/elregionalvm.com.ar\/noticias-villa-maria\/se-hara-un-operativo-en-barrio-belgrano-para-avanzar-en-la-eliminacion-de-posibles-criaderos-de-dengue\/#primaryimage\"},\"image\":{\"@id\":\"https:\/\/elregionalvm.com.ar\/noticias-villa-maria\/se-hara-un-operativo-en-barrio-belgrano-para-avanzar-en-la-eliminacion-de-posibles-criaderos-de-dengue\/#primaryimage\"},\"thumbnailUrl\":\"https:\/\/i0.wp.com\/elregionalvm.com.ar\/noticias-villa-maria\/wp-content\/uploads\/2025\/12\/2fb2240179d047709bb21f9b58921c7e.jpeg?fit=800%2C600&ssl=1\",\"datePublished\":\"2025-12-28T04:15:54+00:00\",\"dateModified\":\"2025-12-28T04:15:57+00:00\",\"author\":{\"@id\":\"http:\/\/elregionalvm.com.ar\/noticias-villa-maria\/#\/schema\/person\/a0fb9c422317faca23d50163151bc354\"},\"breadcrumb\":{\"@id\":\"https:\/\/elregionalvm.com.ar\/noticias-villa-maria\/se-hara-un-operativo-en-barrio-belgrano-para-avanzar-en-la-eliminacion-de-posibles-criaderos-de-dengue\/#breadcrumb\"},\"inLanguage\":\"es\",\"potentialAction\":[{\"@type\":\"ReadAction\",\"target\":[\"https:\/\/elregionalvm.com.ar\/noticias-villa-maria\/se-hara-un-operativo-en-barrio-belgrano-para-avanzar-en-la-eliminacion-de-posibles-criaderos-de-dengue\/\"]}]},{\"@type\":\"ImageObject\",\"inLanguage\":\"es\",\"@id\":\"https:\/\/elregionalvm.com.ar\/noticias-villa-maria\/se-hara-un-operativo-en-barrio-belgrano-para-avanzar-en-la-eliminacion-de-posibles-criaderos-de-dengue\/#primaryimage\",\"url\":\"https:\/\/i0.wp.com\/elregionalvm.com.ar\/noticias-villa-maria\/wp-content\/uploads\/2025\/12\/2fb2240179d047709bb21f9b58921c7e.jpeg?fit=800%2C600&ssl=1\",\"contentUrl\":\"https:\/\/i0.wp.com\/elregionalvm.com.ar\/noticias-villa-maria\/wp-content\/uploads\/2025\/12\/2fb2240179d047709bb21f9b58921c7e.jpeg?fit=800%2C600&ssl=1\",\"width\":800,\"height\":600},{\"@type\":\"BreadcrumbList\",\"@id\":\"https:\/\/elregionalvm.com.ar\/noticias-villa-maria\/se-hara-un-operativo-en-barrio-belgrano-para-avanzar-en-la-eliminacion-de-posibles-criaderos-de-dengue\/#breadcrumb\",\"itemListElement\":[{\"@type\":\"ListItem\",\"position\":1,\"name\":\"Portada\",\"item\":\"https:\/\/elregionalvm.com.ar\/noticias-villa-maria\/\"},{\"@type\":\"ListItem\",\"position\":2,\"name\":\"Se har\u00e1 un operativo en barrio Belgrano para avanzar en la eliminaci\u00f3n de posibles criaderos de dengue\"}]},{\"@type\":\"WebSite\",\"@id\":\"http:\/\/elregionalvm.com.ar\/noticias-villa-maria\/#website\",\"url\":\"http:\/\/elregionalvm.com.ar\/noticias-villa-maria\/\",\"name\":\"El Regional\",\"description\":\"Mucho m\u00e1s que informaci\u00f3n\",\"potentialAction\":[{\"@type\":\"SearchAction\",\"target\":{\"@type\":\"EntryPoint\",\"urlTemplate\":\"http:\/\/elregionalvm.com.ar\/noticias-villa-maria\/?s={search_term_string}\"},\"query-input\":{\"@type\":\"PropertyValueSpecification\",\"valueRequired\":true,\"valueName\":\"search_term_string\"}}],\"inLanguage\":\"es\"},{\"@type\":\"Person\",\"@id\":\"http:\/\/elregionalvm.com.ar\/noticias-villa-maria\/#\/schema\/person\/a0fb9c422317faca23d50163151bc354\",\"name\":\"Contenidos El Regional\",\"image\":{\"@type\":\"ImageObject\",\"inLanguage\":\"es\",\"@id\":\"http:\/\/elregionalvm.com.ar\/noticias-villa-maria\/#\/schema\/person\/image\/\",\"url\":\"https:\/\/secure.gravatar.com\/avatar\/265b27cb2209af7bb3a1318f03305787d7981a5cc6e6cd08fe5a4ecdf99d4b48?s=96&d=mm&r=g\",\"contentUrl\":\"https:\/\/secure.gravatar.com\/avatar\/265b27cb2209af7bb3a1318f03305787d7981a5cc6e6cd08fe5a4ecdf99d4b48?s=96&d=mm&r=g\",\"caption\":\"Contenidos El Regional\"},\"url\":\"https:\/\/elregionalvm.com.ar\/noticias-villa-maria\/author\/contenido\/\"}]}<\/script>\n<!-- \/ Yoast SEO plugin. -->","yoast_head_json":{"title":"Se har\u00e1 un operativo en barrio Belgrano para avanzar en la eliminaci\u00f3n de posibles criaderos de dengue - El Regional","robots":{"index":"index","follow":"follow","max-snippet":"max-snippet:-1","max-image-preview":"max-image-preview:large","max-video-preview":"max-video-preview:-1"},"canonical":"https:\/\/elregionalvm.com.ar\/noticias-villa-maria\/se-hara-un-operativo-en-barrio-belgrano-para-avanzar-en-la-eliminacion-de-posibles-criaderos-de-dengue\/","og_locale":"es_ES","og_type":"article","og_title":"Se har\u00e1 un operativo en barrio Belgrano para avanzar en la eliminaci\u00f3n de posibles criaderos de dengue - El Regional","og_description":"El pr\u00f3ximo lunes 29 de diciembre, a partir de las 9:30 horas, se llevar\u00e1 a cabo un operativo de ordenamiento ambiental, descacharreo y eliminaci\u00f3n de posibles criaderos del mosquito Aedes aegypti en el barrio Belgrano, como parte de las acciones preventivas contra el dengue. Durante el operativo, los equipos municipales realizar\u00e1n tareas de descacharreo, eliminaci\u00f3n [&hellip;]","og_url":"https:\/\/elregionalvm.com.ar\/noticias-villa-maria\/se-hara-un-operativo-en-barrio-belgrano-para-avanzar-en-la-eliminacion-de-posibles-criaderos-de-dengue\/","og_site_name":"El Regional","article_publisher":"https:\/\/www.facebook.com\/elregionalvm","article_published_time":"2025-12-28T04:15:54+00:00","article_modified_time":"2025-12-28T04:15:57+00:00","og_image":[{"width":800,"height":600,"url":"https:\/\/elregionalvm.com.ar\/noticias-villa-maria\/wp-content\/uploads\/2025\/12\/2fb2240179d047709bb21f9b58921c7e.jpeg","type":"image\/jpeg"}],"author":"Contenidos El Regional","twitter_card":"summary_large_image","twitter_creator":"@elregionalvm1","twitter_site":"@elregionalvm1","twitter_misc":{"Escrito por":"Contenidos El Regional","Tiempo de lectura":"2 minutos"},"schema":{"@context":"https:\/\/schema.org","@graph":[{"@type":"Article","@id":"https:\/\/elregionalvm.com.ar\/noticias-villa-maria\/se-hara-un-operativo-en-barrio-belgrano-para-avanzar-en-la-eliminacion-de-posibles-criaderos-de-dengue\/#article","isPartOf":{"@id":"https:\/\/elregionalvm.com.ar\/noticias-villa-maria\/se-hara-un-operativo-en-barrio-belgrano-para-avanzar-en-la-eliminacion-de-posibles-criaderos-de-dengue\/"},"author":{"name":"Contenidos El Regional","@id":"http:\/\/elregionalvm.com.ar\/noticias-villa-maria\/#\/schema\/person\/a0fb9c422317faca23d50163151bc354"},"headline":"Se har\u00e1 un operativo en barrio Belgrano para avanzar en la eliminaci\u00f3n de posibles criaderos de dengue","datePublished":"2025-12-28T04:15:54+00:00","dateModified":"2025-12-28T04:15:57+00:00","mainEntityOfPage":{"@id":"https:\/\/elregionalvm.com.ar\/noticias-villa-maria\/se-hara-un-operativo-en-barrio-belgrano-para-avanzar-en-la-eliminacion-de-posibles-criaderos-de-dengue\/"},"wordCount":334,"commentCount":0,"image":{"@id":"https:\/\/elregionalvm.com.ar\/noticias-villa-maria\/se-hara-un-operativo-en-barrio-belgrano-para-avanzar-en-la-eliminacion-de-posibles-criaderos-de-dengue\/#primaryimage"},"thumbnailUrl":"https:\/\/i0.wp.com\/elregionalvm.com.ar\/noticias-villa-maria\/wp-content\/uploads\/2025\/12\/2fb2240179d047709bb21f9b58921c7e.jpeg?fit=800%2C600&ssl=1","articleSection":["destacado","Sociedad","Villa Mar\u00eda"],"inLanguage":"es","potentialAction":[{"@type":"CommentAction","name":"Comment","target":["https:\/\/elregionalvm.com.ar\/noticias-villa-maria\/se-hara-un-operativo-en-barrio-belgrano-para-avanzar-en-la-eliminacion-de-posibles-criaderos-de-dengue\/#respond"]}]},{"@type":"WebPage","@id":"https:\/\/elregionalvm.com.ar\/noticias-villa-maria\/se-hara-un-operativo-en-barrio-belgrano-para-avanzar-en-la-eliminacion-de-posibles-criaderos-de-dengue\/","url":"https:\/\/elregionalvm.com.ar\/noticias-villa-maria\/se-hara-un-operativo-en-barrio-belgrano-para-avanzar-en-la-eliminacion-de-posibles-criaderos-de-dengue\/","name":"Se har\u00e1 un operativo en barrio Belgrano para avanzar en la eliminaci\u00f3n de posibles criaderos de dengue - El Regional","isPartOf":{"@id":"http:\/\/elregionalvm.com.ar\/noticias-villa-maria\/#website"},"primaryImageOfPage":{"@id":"https:\/\/elregionalvm.com.ar\/noticias-villa-maria\/se-hara-un-operativo-en-barrio-belgrano-para-avanzar-en-la-eliminacion-de-posibles-criaderos-de-dengue\/#primaryimage"},"image":{"@id":"https:\/\/elregionalvm.com.ar\/noticias-villa-maria\/se-hara-un-operativo-en-barrio-belgrano-para-avanzar-en-la-eliminacion-de-posibles-criaderos-de-dengue\/#primaryimage"},"thumbnailUrl":"https:\/\/i0.wp.com\/elregionalvm.com.ar\/noticias-villa-maria\/wp-content\/uploads\/2025\/12\/2fb2240179d047709bb21f9b58921c7e.jpeg?fit=800%2C600&ssl=1","datePublished":"2025-12-28T04:15:54+00:00","dateModified":"2025-12-28T04:15:57+00:00","author":{"@id":"http:\/\/elregionalvm.com.ar\/noticias-villa-maria\/#\/schema\/person\/a0fb9c422317faca23d50163151bc354"},"breadcrumb":{"@id":"https:\/\/elregionalvm.com.ar\/noticias-villa-maria\/se-hara-un-operativo-en-barrio-belgrano-para-avanzar-en-la-eliminacion-de-posibles-criaderos-de-dengue\/#breadcrumb"},"inLanguage":"es","potentialAction":[{"@type":"ReadAction","target":["https:\/\/elregionalvm.com.ar\/noticias-villa-maria\/se-hara-un-operativo-en-barrio-belgrano-para-avanzar-en-la-eliminacion-de-posibles-criaderos-de-dengue\/"]}]},{"@type":"ImageObject","inLanguage":"es","@id":"https:\/\/elregionalvm.com.ar\/noticias-villa-maria\/se-hara-un-operativo-en-barrio-belgrano-para-avanzar-en-la-eliminacion-de-posibles-criaderos-de-dengue\/#primaryimage","url":"https:\/\/i0.wp.com\/elregionalvm.com.ar\/noticias-villa-maria\/wp-content\/uploads\/2025\/12\/2fb2240179d047709bb21f9b58921c7e.jpeg?fit=800%2C600&ssl=1","contentUrl":"https:\/\/i0.wp.com\/elregionalvm.com.ar\/noticias-villa-maria\/wp-content\/uploads\/2025\/12\/2fb2240179d047709bb21f9b58921c7e.jpeg?fit=800%2C600&ssl=1","width":800,"height":600},{"@type":"BreadcrumbList","@id":"https:\/\/elregionalvm.com.ar\/noticias-villa-maria\/se-hara-un-operativo-en-barrio-belgrano-para-avanzar-en-la-eliminacion-de-posibles-criaderos-de-dengue\/#breadcrumb","itemListElement":[{"@type":"ListItem","position":1,"name":"Portada","item":"https:\/\/elregionalvm.com.ar\/noticias-villa-maria\/"},{"@type":"ListItem","position":2,"name":"Se har\u00e1 un operativo en barrio Belgrano para avanzar en la eliminaci\u00f3n de posibles criaderos de dengue"}]},{"@type":"WebSite","@id":"http:\/\/elregionalvm.com.ar\/noticias-villa-maria\/#website","url":"http:\/\/elregionalvm.com.ar\/noticias-villa-maria\/","name":"El Regional","description":"Mucho m\u00e1s que informaci\u00f3n","potentialAction":[{"@type":"SearchAction","target":{"@type":"EntryPoint","urlTemplate":"http:\/\/elregionalvm.com.ar\/noticias-villa-maria\/?s={search_term_string}"},"query-input":{"@type":"PropertyValueSpecification","valueRequired":true,"valueName":"search_term_string"}}],"inLanguage":"es"},{"@type":"Person","@id":"http:\/\/elregionalvm.com.ar\/noticias-villa-maria\/#\/schema\/person\/a0fb9c422317faca23d50163151bc354","name":"Contenidos El Regional","image":{"@type":"ImageObject","inLanguage":"es","@id":"http:\/\/elregionalvm.com.ar\/noticias-villa-maria\/#\/schema\/person\/image\/","url":"https:\/\/secure.gravatar.com\/avatar\/265b27cb2209af7bb3a1318f03305787d7981a5cc6e6cd08fe5a4ecdf99d4b48?s=96&d=mm&r=g","contentUrl":"https:\/\/secure.gravatar.com\/avatar\/265b27cb2209af7bb3a1318f03305787d7981a5cc6e6cd08fe5a4ecdf99d4b48?s=96&d=mm&r=g","caption":"Contenidos El Regional"},"url":"https:\/\/elregionalvm.com.ar\/noticias-villa-maria\/author\/contenido\/"}]}},"jetpack_featured_media_url":"https:\/\/i0.wp.com\/elregionalvm.com.ar\/noticias-villa-maria\/wp-content\/uploads\/2025\/12\/2fb2240179d047709bb21f9b58921c7e.jpeg?fit=800%2C600&ssl=1","jetpack_sharing_enabled":true,"_links":{"self":[{"href":"https:\/\/elregionalvm.com.ar\/noticias-villa-maria\/wp-json\/wp\/v2\/posts\/112935","targetHints":{"allow":["GET"]}}],"collection":[{"href":"https:\/\/elregionalvm.com.ar\/noticias-villa-maria\/wp-json\/wp\/v2\/posts"}],"about":[{"href":"https:\/\/elregionalvm.com.ar\/noticias-villa-maria\/wp-json\/wp\/v2\/types\/post"}],"author":[{"embeddable":true,"href":"https:\/\/elregionalvm.com.ar\/noticias-villa-maria\/wp-json\/wp\/v2\/users\/4"}],"replies":[{"embeddable":true,"href":"https:\/\/elregionalvm.com.ar\/noticias-villa-maria\/wp-json\/wp\/v2\/comments?post=112935"}],"version-history":[{"count":1,"href":"https:\/\/elregionalvm.com.ar\/noticias-villa-maria\/wp-json\/wp\/v2\/posts\/112935\/revisions"}],"predecessor-version":[{"id":112937,"href":"https:\/\/elregionalvm.com.ar\/noticias-villa-maria\/wp-json\/wp\/v2\/posts\/112935\/revisions\/112937"}],"wp:featuredmedia":[{"embeddable":true,"href":"https:\/\/elregionalvm.com.ar\/noticias-villa-maria\/wp-json\/wp\/v2\/media\/112936"}],"wp:attachment":[{"href":"https:\/\/elregionalvm.com.ar\/noticias-villa-maria\/wp-json\/wp\/v2\/media?parent=112935"}],"wp:term":[{"taxonomy":"category","embeddable":true,"href":"https:\/\/elregionalvm.com.ar\/noticias-villa-maria\/wp-json\/wp\/v2\/categories?post=112935"},{"taxonomy":"post_tag","embeddable":true,"href":"https:\/\/elregionalvm.com.ar\/noticias-villa-maria\/wp-json\/wp\/v2\/tags?post=112935"}],"curies":[{"name":"wp","href":"https:\/\/api.w.org\/{rel}","templated":true}]}}