{"id":112945,"date":"2025-12-29T18:04:45","date_gmt":"2025-12-29T18:04:45","guid":{"rendered":"https:\/\/elregionalvm.com.ar\/noticias-villa-maria\/?p=112945"},"modified":"2025-12-29T18:05:00","modified_gmt":"2025-12-29T18:05:00","slug":"certificado-unico-de-salud-como-gestionarlo-de-manera-agil-con-apross","status":"publish","type":"post","link":"https:\/\/elregionalvm.com.ar\/noticias-villa-maria\/certificado-unico-de-salud-como-gestionarlo-de-manera-agil-con-apross\/","title":{"rendered":"Certificado \u00danico de Salud: C\u00f3mo gestionarlo de manera \u00e1gil con APROSS"},"content":{"rendered":"\n<p>Con el comienzo del ciclo escolar, la obra social APROSS implement\u00f3 un sistema \u00e1gil para que sus afiliados gestionen el Certificado \u00danico de Salud (CUS), requisito obligatorio para los estudiantes de nivel inicial, primario, secundario, superior y otras modalidades educativas, tanto en instituciones p\u00fablicas como privadas de C\u00f3rdoba.<\/p>\n\n\n\n<p>Para cumplir con este tr\u00e1mite, APROSS habilit\u00f3 el Anexo Centro del Hospital Ferreyra, donde los afiliados podr\u00e1n completar el formulario del C.U.S. mediante una consulta con un profesional pediatra o un circuito completo que incluye consulta pedi\u00e1trica, oftalmolog\u00eda y electrocardiograma.<\/p>\n\n\n\n<p>Los afiliados deben gestionar un turno de forma online a trav\u00e9s de<a href=\"https:\/\/turnos.hospitalraulferreyra.com.ar\/anexo\/turnosonlineweb\/\" target=\"_blank\" rel=\"noreferrer noopener\">&nbsp;la web oficial<\/a>, por tel\u00e9fono al 0351 4475799, o enviando un mensaje de WhatsApp al 351 812 1325.&nbsp;<\/p>\n\n\n\n<p>La atenci\u00f3n se realiza de lunes a viernes, de 08:00 a 20:00. A la hora de sacar el turno se recomienda mencionar Circuito C.U.S. para que el turno incluya todas las especialidades.&nbsp;<\/p>\n\n\n\n<p>Para facilitar la consulta, es necesario imprimir y completar previamente el formulario C.U.S. que se encuentra en formato PDF, el documento se puede descargar a trav\u00e9s de este&nbsp;<a href=\"https:\/\/www.apross.gov.ar\/wp-content\/uploads\/2024\/03\/CUS-Certificado-Unico-de-Salud_18_3-24.pdf\" target=\"_blank\" rel=\"noreferrer noopener\">link<\/a>.<\/p>\n\n\n\n<p>El d\u00eda de la cita, el afiliado deber\u00e1 presentarse en la recepci\u00f3n ubicada en Santa Rosa 770, con media hora de anticipaci\u00f3n.<\/p>\n\n\n\n<p>Los documentos requeridos para la consulta son:<\/p>\n\n\n\n<ul class=\"wp-block-list\">\n<li>Formulario C.U.S. impreso y completo.<\/li>\n\n\n\n<li>Carnet de vacunaci\u00f3n.<\/li>\n<\/ul>\n\n\n\n<p>Es importante destacar que si se opta solo por la consulta pedi\u00e1trica el coseguro es de $4000 y en caso de elegir el Circuito C.U.S., el coseguro total ser\u00e1 de $12.000.&nbsp;<\/p>\n\n\n\n<p>Durante la consulta, el profesional evaluar\u00e1 el estado general de salud del paciente, y en caso de ser necesario, se realizar\u00e1 un electrocardiograma. Una vez finalizado el examen, se entregar\u00e1 el certificado firmado.<\/p>\n\n\n\n<h4 class=\"wp-block-heading\"><strong>La importancia del C.U.S.<\/strong><\/h4>\n\n\n\n<p>El Certificado \u00danico de Salud es fundamental para garantizar el bienestar de ni\u00f1os, ni\u00f1as y adolescentes. Este documento permite a los profesionales realizar un chequeo integral de la salud, resolver inquietudes de las familias y planificar acciones en caso de detectar problemas.&nbsp;<\/p>\n\n\n\n<p>Adem\u00e1s, es un requisito obligatorio seg\u00fan la normativa 106\/13 del Ministerio de Salud de la Provincia.<\/p>\n\n\n\n<h4 class=\"wp-block-heading\"><strong>Cartilla de vacunaci\u00f3n<\/strong><\/h4>\n\n\n\n<p>Es importante aprovechar este control general de los menores escolarizados para poner al d\u00eda su cartilla de vacunaci\u00f3n.&nbsp;&nbsp;<\/p>\n\n\n\n<p>Toda la familia puede actualizar su cartilla de vacunas en el centro de vacunaci\u00f3n m\u00e1s cercano a su domicilio:&nbsp;&nbsp;<a href=\"https:\/\/ministeriodesalud.cba.gov.ar\/centros-de-vacunacion\/\" target=\"_blank\" rel=\"noreferrer noopener\">https:\/\/ministeriodesalud.cba.gov.ar\/centros-de-vacunacion\/<\/a><\/p>\n","protected":false},"excerpt":{"rendered":"<p>Con el comienzo del ciclo escolar, la obra social APROSS implement\u00f3 un sistema \u00e1gil para que sus afiliados gestionen el Certificado \u00danico de Salud (CUS), requisito obligatorio para los estudiantes de nivel inicial, primario, secundario, superior y otras modalidades educativas, tanto en instituciones p\u00fablicas como privadas de C\u00f3rdoba. Para cumplir con este tr\u00e1mite, APROSS habilit\u00f3 [&hellip;]<\/p>\n","protected":false},"author":4,"featured_media":112946,"comment_status":"open","ping_status":"open","sticky":false,"template":"","format":"standard","meta":{"site-sidebar-layout":"default","site-content-layout":"","ast-site-content-layout":"default","site-content-style":"default","site-sidebar-style":"default","ast-global-header-display":"","ast-banner-title-visibility":"","ast-main-header-display":"","ast-hfb-above-header-display":"","ast-hfb-below-header-display":"","ast-hfb-mobile-header-display":"","site-post-title":"","ast-breadcrumbs-content":"","ast-featured-img":"","footer-sml-layout":"","ast-disable-related-posts":"","theme-transparent-header-meta":"","adv-header-id-meta":"","stick-header-meta":"","header-above-stick-meta":"","header-main-stick-meta":"","header-below-stick-meta":"","astra-migrate-meta-layouts":"set","ast-page-background-enabled":"default","ast-page-background-meta":{"desktop":{"background-color":"","background-image":"","background-repeat":"repeat","background-position":"center center","background-size":"auto","background-attachment":"scroll","background-type":"","background-media":"","overlay-type":"","overlay-color":"","overlay-opacity":"","overlay-gradient":""},"tablet":{"background-color":"","background-image":"","background-repeat":"repeat","background-position":"center center","background-size":"auto","background-attachment":"scroll","background-type":"","background-media":"","overlay-type":"","overlay-color":"","overlay-opacity":"","overlay-gradient":""},"mobile":{"background-color":"","background-image":"","background-repeat":"repeat","background-position":"center center","background-size":"auto","background-attachment":"scroll","background-type":"","background-media":"","overlay-type":"","overlay-color":"","overlay-opacity":"","overlay-gradient":""}},"ast-content-background-meta":{"desktop":{"background-color":"var(--ast-global-color-5)","background-image":"","background-repeat":"repeat","background-position":"center center","background-size":"auto","background-attachment":"scroll","background-type":"","background-media":"","overlay-type":"","overlay-color":"","overlay-opacity":"","overlay-gradient":""},"tablet":{"background-color":"var(--ast-global-color-5)","background-image":"","background-repeat":"repeat","background-position":"center center","background-size":"auto","background-attachment":"scroll","background-type":"","background-media":"","overlay-type":"","overlay-color":"","overlay-opacity":"","overlay-gradient":""},"mobile":{"background-color":"var(--ast-global-color-5)","background-image":"","background-repeat":"repeat","background-position":"center center","background-size":"auto","background-attachment":"scroll","background-type":"","background-media":"","overlay-type":"","overlay-color":"","overlay-opacity":"","overlay-gradient":""}},"_jetpack_memberships_contains_paid_content":false,"_joinchat":[],"footnotes":""},"categories":[15302,16095,5],"tags":[],"class_list":["post-112945","post","type-post","status-publish","format-standard","has-post-thumbnail","hentry","category-destacado","category-provinciales","category-sociedad"],"yoast_head":"<!-- This site is optimized with the Yoast SEO plugin v26.8 - https:\/\/yoast.com\/product\/yoast-seo-wordpress\/ -->\n<title>Certificado \u00danico de Salud: C\u00f3mo gestionarlo de manera \u00e1gil con APROSS - El Regional<\/title>\n<meta name=\"robots\" content=\"index, follow, max-snippet:-1, max-image-preview:large, max-video-preview:-1\" \/>\n<link rel=\"canonical\" href=\"https:\/\/elregionalvm.com.ar\/noticias-villa-maria\/certificado-unico-de-salud-como-gestionarlo-de-manera-agil-con-apross\/\" \/>\n<meta property=\"og:locale\" content=\"es_ES\" \/>\n<meta property=\"og:type\" content=\"article\" \/>\n<meta property=\"og:title\" content=\"Certificado \u00danico de Salud: C\u00f3mo gestionarlo de manera \u00e1gil con APROSS - El Regional\" \/>\n<meta property=\"og:description\" content=\"Con el comienzo del ciclo escolar, la obra social APROSS implement\u00f3 un sistema \u00e1gil para que sus afiliados gestionen el Certificado \u00danico de Salud (CUS), requisito obligatorio para los estudiantes de nivel inicial, primario, secundario, superior y otras modalidades educativas, tanto en instituciones p\u00fablicas como privadas de C\u00f3rdoba. Para cumplir con este tr\u00e1mite, APROSS habilit\u00f3 [&hellip;]\" \/>\n<meta property=\"og:url\" content=\"https:\/\/elregionalvm.com.ar\/noticias-villa-maria\/certificado-unico-de-salud-como-gestionarlo-de-manera-agil-con-apross\/\" \/>\n<meta property=\"og:site_name\" content=\"El Regional\" \/>\n<meta property=\"article:publisher\" content=\"https:\/\/www.facebook.com\/elregionalvm\" \/>\n<meta property=\"article:published_time\" content=\"2025-12-29T18:04:45+00:00\" \/>\n<meta property=\"article:modified_time\" content=\"2025-12-29T18:05:00+00:00\" \/>\n<meta property=\"og:image\" content=\"https:\/\/elregionalvm.com.ar\/noticias-villa-maria\/wp-content\/uploads\/2025\/12\/Certificado-Unico-de-Salud-APROSS-2.jpeg\" \/>\n\t<meta property=\"og:image:width\" content=\"990\" \/>\n\t<meta property=\"og:image:height\" content=\"660\" \/>\n\t<meta property=\"og:image:type\" content=\"image\/jpeg\" \/>\n<meta name=\"author\" content=\"Contenidos El Regional\" \/>\n<meta name=\"twitter:card\" content=\"summary_large_image\" \/>\n<meta name=\"twitter:creator\" content=\"@elregionalvm1\" \/>\n<meta name=\"twitter:site\" content=\"@elregionalvm1\" \/>\n<meta name=\"twitter:label1\" content=\"Escrito por\" \/>\n\t<meta name=\"twitter:data1\" content=\"Contenidos El Regional\" \/>\n\t<meta name=\"twitter:label2\" content=\"Tiempo de lectura\" \/>\n\t<meta name=\"twitter:data2\" content=\"2 minutos\" \/>\n<script type=\"application\/ld+json\" class=\"yoast-schema-graph\">{\"@context\":\"https:\/\/schema.org\",\"@graph\":[{\"@type\":\"Article\",\"@id\":\"https:\/\/elregionalvm.com.ar\/noticias-villa-maria\/certificado-unico-de-salud-como-gestionarlo-de-manera-agil-con-apross\/#article\",\"isPartOf\":{\"@id\":\"https:\/\/elregionalvm.com.ar\/noticias-villa-maria\/certificado-unico-de-salud-como-gestionarlo-de-manera-agil-con-apross\/\"},\"author\":{\"name\":\"Contenidos El Regional\",\"@id\":\"http:\/\/elregionalvm.com.ar\/noticias-villa-maria\/#\/schema\/person\/a0fb9c422317faca23d50163151bc354\"},\"headline\":\"Certificado \u00danico de Salud: C\u00f3mo gestionarlo de manera \u00e1gil con APROSS\",\"datePublished\":\"2025-12-29T18:04:45+00:00\",\"dateModified\":\"2025-12-29T18:05:00+00:00\",\"mainEntityOfPage\":{\"@id\":\"https:\/\/elregionalvm.com.ar\/noticias-villa-maria\/certificado-unico-de-salud-como-gestionarlo-de-manera-agil-con-apross\/\"},\"wordCount\":435,\"commentCount\":0,\"image\":{\"@id\":\"https:\/\/elregionalvm.com.ar\/noticias-villa-maria\/certificado-unico-de-salud-como-gestionarlo-de-manera-agil-con-apross\/#primaryimage\"},\"thumbnailUrl\":\"https:\/\/i0.wp.com\/elregionalvm.com.ar\/noticias-villa-maria\/wp-content\/uploads\/2025\/12\/Certificado-Unico-de-Salud-APROSS-2.jpeg?fit=990%2C660&ssl=1\",\"articleSection\":[\"destacado\",\"Provinciales\",\"Sociedad\"],\"inLanguage\":\"es\",\"potentialAction\":[{\"@type\":\"CommentAction\",\"name\":\"Comment\",\"target\":[\"https:\/\/elregionalvm.com.ar\/noticias-villa-maria\/certificado-unico-de-salud-como-gestionarlo-de-manera-agil-con-apross\/#respond\"]}]},{\"@type\":\"WebPage\",\"@id\":\"https:\/\/elregionalvm.com.ar\/noticias-villa-maria\/certificado-unico-de-salud-como-gestionarlo-de-manera-agil-con-apross\/\",\"url\":\"https:\/\/elregionalvm.com.ar\/noticias-villa-maria\/certificado-unico-de-salud-como-gestionarlo-de-manera-agil-con-apross\/\",\"name\":\"Certificado \u00danico de Salud: C\u00f3mo gestionarlo de manera \u00e1gil con APROSS - El Regional\",\"isPartOf\":{\"@id\":\"http:\/\/elregionalvm.com.ar\/noticias-villa-maria\/#website\"},\"primaryImageOfPage\":{\"@id\":\"https:\/\/elregionalvm.com.ar\/noticias-villa-maria\/certificado-unico-de-salud-como-gestionarlo-de-manera-agil-con-apross\/#primaryimage\"},\"image\":{\"@id\":\"https:\/\/elregionalvm.com.ar\/noticias-villa-maria\/certificado-unico-de-salud-como-gestionarlo-de-manera-agil-con-apross\/#primaryimage\"},\"thumbnailUrl\":\"https:\/\/i0.wp.com\/elregionalvm.com.ar\/noticias-villa-maria\/wp-content\/uploads\/2025\/12\/Certificado-Unico-de-Salud-APROSS-2.jpeg?fit=990%2C660&ssl=1\",\"datePublished\":\"2025-12-29T18:04:45+00:00\",\"dateModified\":\"2025-12-29T18:05:00+00:00\",\"author\":{\"@id\":\"http:\/\/elregionalvm.com.ar\/noticias-villa-maria\/#\/schema\/person\/a0fb9c422317faca23d50163151bc354\"},\"breadcrumb\":{\"@id\":\"https:\/\/elregionalvm.com.ar\/noticias-villa-maria\/certificado-unico-de-salud-como-gestionarlo-de-manera-agil-con-apross\/#breadcrumb\"},\"inLanguage\":\"es\",\"potentialAction\":[{\"@type\":\"ReadAction\",\"target\":[\"https:\/\/elregionalvm.com.ar\/noticias-villa-maria\/certificado-unico-de-salud-como-gestionarlo-de-manera-agil-con-apross\/\"]}]},{\"@type\":\"ImageObject\",\"inLanguage\":\"es\",\"@id\":\"https:\/\/elregionalvm.com.ar\/noticias-villa-maria\/certificado-unico-de-salud-como-gestionarlo-de-manera-agil-con-apross\/#primaryimage\",\"url\":\"https:\/\/i0.wp.com\/elregionalvm.com.ar\/noticias-villa-maria\/wp-content\/uploads\/2025\/12\/Certificado-Unico-de-Salud-APROSS-2.jpeg?fit=990%2C660&ssl=1\",\"contentUrl\":\"https:\/\/i0.wp.com\/elregionalvm.com.ar\/noticias-villa-maria\/wp-content\/uploads\/2025\/12\/Certificado-Unico-de-Salud-APROSS-2.jpeg?fit=990%2C660&ssl=1\",\"width\":990,\"height\":660},{\"@type\":\"BreadcrumbList\",\"@id\":\"https:\/\/elregionalvm.com.ar\/noticias-villa-maria\/certificado-unico-de-salud-como-gestionarlo-de-manera-agil-con-apross\/#breadcrumb\",\"itemListElement\":[{\"@type\":\"ListItem\",\"position\":1,\"name\":\"Portada\",\"item\":\"https:\/\/elregionalvm.com.ar\/noticias-villa-maria\/\"},{\"@type\":\"ListItem\",\"position\":2,\"name\":\"Certificado \u00danico de Salud: C\u00f3mo gestionarlo de manera \u00e1gil con APROSS\"}]},{\"@type\":\"WebSite\",\"@id\":\"http:\/\/elregionalvm.com.ar\/noticias-villa-maria\/#website\",\"url\":\"http:\/\/elregionalvm.com.ar\/noticias-villa-maria\/\",\"name\":\"El Regional\",\"description\":\"Mucho m\u00e1s que informaci\u00f3n\",\"potentialAction\":[{\"@type\":\"SearchAction\",\"target\":{\"@type\":\"EntryPoint\",\"urlTemplate\":\"http:\/\/elregionalvm.com.ar\/noticias-villa-maria\/?s={search_term_string}\"},\"query-input\":{\"@type\":\"PropertyValueSpecification\",\"valueRequired\":true,\"valueName\":\"search_term_string\"}}],\"inLanguage\":\"es\"},{\"@type\":\"Person\",\"@id\":\"http:\/\/elregionalvm.com.ar\/noticias-villa-maria\/#\/schema\/person\/a0fb9c422317faca23d50163151bc354\",\"name\":\"Contenidos El Regional\",\"image\":{\"@type\":\"ImageObject\",\"inLanguage\":\"es\",\"@id\":\"http:\/\/elregionalvm.com.ar\/noticias-villa-maria\/#\/schema\/person\/image\/\",\"url\":\"https:\/\/secure.gravatar.com\/avatar\/265b27cb2209af7bb3a1318f03305787d7981a5cc6e6cd08fe5a4ecdf99d4b48?s=96&d=mm&r=g\",\"contentUrl\":\"https:\/\/secure.gravatar.com\/avatar\/265b27cb2209af7bb3a1318f03305787d7981a5cc6e6cd08fe5a4ecdf99d4b48?s=96&d=mm&r=g\",\"caption\":\"Contenidos El Regional\"},\"url\":\"https:\/\/elregionalvm.com.ar\/noticias-villa-maria\/author\/contenido\/\"}]}<\/script>\n<!-- \/ Yoast SEO plugin. -->","yoast_head_json":{"title":"Certificado \u00danico de Salud: C\u00f3mo gestionarlo de manera \u00e1gil con APROSS - El Regional","robots":{"index":"index","follow":"follow","max-snippet":"max-snippet:-1","max-image-preview":"max-image-preview:large","max-video-preview":"max-video-preview:-1"},"canonical":"https:\/\/elregionalvm.com.ar\/noticias-villa-maria\/certificado-unico-de-salud-como-gestionarlo-de-manera-agil-con-apross\/","og_locale":"es_ES","og_type":"article","og_title":"Certificado \u00danico de Salud: C\u00f3mo gestionarlo de manera \u00e1gil con APROSS - El Regional","og_description":"Con el comienzo del ciclo escolar, la obra social APROSS implement\u00f3 un sistema \u00e1gil para que sus afiliados gestionen el Certificado \u00danico de Salud (CUS), requisito obligatorio para los estudiantes de nivel inicial, primario, secundario, superior y otras modalidades educativas, tanto en instituciones p\u00fablicas como privadas de C\u00f3rdoba. Para cumplir con este tr\u00e1mite, APROSS habilit\u00f3 [&hellip;]","og_url":"https:\/\/elregionalvm.com.ar\/noticias-villa-maria\/certificado-unico-de-salud-como-gestionarlo-de-manera-agil-con-apross\/","og_site_name":"El Regional","article_publisher":"https:\/\/www.facebook.com\/elregionalvm","article_published_time":"2025-12-29T18:04:45+00:00","article_modified_time":"2025-12-29T18:05:00+00:00","og_image":[{"width":990,"height":660,"url":"https:\/\/elregionalvm.com.ar\/noticias-villa-maria\/wp-content\/uploads\/2025\/12\/Certificado-Unico-de-Salud-APROSS-2.jpeg","type":"image\/jpeg"}],"author":"Contenidos El Regional","twitter_card":"summary_large_image","twitter_creator":"@elregionalvm1","twitter_site":"@elregionalvm1","twitter_misc":{"Escrito por":"Contenidos El Regional","Tiempo de lectura":"2 minutos"},"schema":{"@context":"https:\/\/schema.org","@graph":[{"@type":"Article","@id":"https:\/\/elregionalvm.com.ar\/noticias-villa-maria\/certificado-unico-de-salud-como-gestionarlo-de-manera-agil-con-apross\/#article","isPartOf":{"@id":"https:\/\/elregionalvm.com.ar\/noticias-villa-maria\/certificado-unico-de-salud-como-gestionarlo-de-manera-agil-con-apross\/"},"author":{"name":"Contenidos El Regional","@id":"http:\/\/elregionalvm.com.ar\/noticias-villa-maria\/#\/schema\/person\/a0fb9c422317faca23d50163151bc354"},"headline":"Certificado \u00danico de Salud: C\u00f3mo gestionarlo de manera \u00e1gil con APROSS","datePublished":"2025-12-29T18:04:45+00:00","dateModified":"2025-12-29T18:05:00+00:00","mainEntityOfPage":{"@id":"https:\/\/elregionalvm.com.ar\/noticias-villa-maria\/certificado-unico-de-salud-como-gestionarlo-de-manera-agil-con-apross\/"},"wordCount":435,"commentCount":0,"image":{"@id":"https:\/\/elregionalvm.com.ar\/noticias-villa-maria\/certificado-unico-de-salud-como-gestionarlo-de-manera-agil-con-apross\/#primaryimage"},"thumbnailUrl":"https:\/\/i0.wp.com\/elregionalvm.com.ar\/noticias-villa-maria\/wp-content\/uploads\/2025\/12\/Certificado-Unico-de-Salud-APROSS-2.jpeg?fit=990%2C660&ssl=1","articleSection":["destacado","Provinciales","Sociedad"],"inLanguage":"es","potentialAction":[{"@type":"CommentAction","name":"Comment","target":["https:\/\/elregionalvm.com.ar\/noticias-villa-maria\/certificado-unico-de-salud-como-gestionarlo-de-manera-agil-con-apross\/#respond"]}]},{"@type":"WebPage","@id":"https:\/\/elregionalvm.com.ar\/noticias-villa-maria\/certificado-unico-de-salud-como-gestionarlo-de-manera-agil-con-apross\/","url":"https:\/\/elregionalvm.com.ar\/noticias-villa-maria\/certificado-unico-de-salud-como-gestionarlo-de-manera-agil-con-apross\/","name":"Certificado \u00danico de Salud: C\u00f3mo gestionarlo de manera \u00e1gil con APROSS - El Regional","isPartOf":{"@id":"http:\/\/elregionalvm.com.ar\/noticias-villa-maria\/#website"},"primaryImageOfPage":{"@id":"https:\/\/elregionalvm.com.ar\/noticias-villa-maria\/certificado-unico-de-salud-como-gestionarlo-de-manera-agil-con-apross\/#primaryimage"},"image":{"@id":"https:\/\/elregionalvm.com.ar\/noticias-villa-maria\/certificado-unico-de-salud-como-gestionarlo-de-manera-agil-con-apross\/#primaryimage"},"thumbnailUrl":"https:\/\/i0.wp.com\/elregionalvm.com.ar\/noticias-villa-maria\/wp-content\/uploads\/2025\/12\/Certificado-Unico-de-Salud-APROSS-2.jpeg?fit=990%2C660&ssl=1","datePublished":"2025-12-29T18:04:45+00:00","dateModified":"2025-12-29T18:05:00+00:00","author":{"@id":"http:\/\/elregionalvm.com.ar\/noticias-villa-maria\/#\/schema\/person\/a0fb9c422317faca23d50163151bc354"},"breadcrumb":{"@id":"https:\/\/elregionalvm.com.ar\/noticias-villa-maria\/certificado-unico-de-salud-como-gestionarlo-de-manera-agil-con-apross\/#breadcrumb"},"inLanguage":"es","potentialAction":[{"@type":"ReadAction","target":["https:\/\/elregionalvm.com.ar\/noticias-villa-maria\/certificado-unico-de-salud-como-gestionarlo-de-manera-agil-con-apross\/"]}]},{"@type":"ImageObject","inLanguage":"es","@id":"https:\/\/elregionalvm.com.ar\/noticias-villa-maria\/certificado-unico-de-salud-como-gestionarlo-de-manera-agil-con-apross\/#primaryimage","url":"https:\/\/i0.wp.com\/elregionalvm.com.ar\/noticias-villa-maria\/wp-content\/uploads\/2025\/12\/Certificado-Unico-de-Salud-APROSS-2.jpeg?fit=990%2C660&ssl=1","contentUrl":"https:\/\/i0.wp.com\/elregionalvm.com.ar\/noticias-villa-maria\/wp-content\/uploads\/2025\/12\/Certificado-Unico-de-Salud-APROSS-2.jpeg?fit=990%2C660&ssl=1","width":990,"height":660},{"@type":"BreadcrumbList","@id":"https:\/\/elregionalvm.com.ar\/noticias-villa-maria\/certificado-unico-de-salud-como-gestionarlo-de-manera-agil-con-apross\/#breadcrumb","itemListElement":[{"@type":"ListItem","position":1,"name":"Portada","item":"https:\/\/elregionalvm.com.ar\/noticias-villa-maria\/"},{"@type":"ListItem","position":2,"name":"Certificado \u00danico de Salud: C\u00f3mo gestionarlo de manera \u00e1gil con APROSS"}]},{"@type":"WebSite","@id":"http:\/\/elregionalvm.com.ar\/noticias-villa-maria\/#website","url":"http:\/\/elregionalvm.com.ar\/noticias-villa-maria\/","name":"El Regional","description":"Mucho m\u00e1s que informaci\u00f3n","potentialAction":[{"@type":"SearchAction","target":{"@type":"EntryPoint","urlTemplate":"http:\/\/elregionalvm.com.ar\/noticias-villa-maria\/?s={search_term_string}"},"query-input":{"@type":"PropertyValueSpecification","valueRequired":true,"valueName":"search_term_string"}}],"inLanguage":"es"},{"@type":"Person","@id":"http:\/\/elregionalvm.com.ar\/noticias-villa-maria\/#\/schema\/person\/a0fb9c422317faca23d50163151bc354","name":"Contenidos El Regional","image":{"@type":"ImageObject","inLanguage":"es","@id":"http:\/\/elregionalvm.com.ar\/noticias-villa-maria\/#\/schema\/person\/image\/","url":"https:\/\/secure.gravatar.com\/avatar\/265b27cb2209af7bb3a1318f03305787d7981a5cc6e6cd08fe5a4ecdf99d4b48?s=96&d=mm&r=g","contentUrl":"https:\/\/secure.gravatar.com\/avatar\/265b27cb2209af7bb3a1318f03305787d7981a5cc6e6cd08fe5a4ecdf99d4b48?s=96&d=mm&r=g","caption":"Contenidos El Regional"},"url":"https:\/\/elregionalvm.com.ar\/noticias-villa-maria\/author\/contenido\/"}]}},"jetpack_featured_media_url":"https:\/\/i0.wp.com\/elregionalvm.com.ar\/noticias-villa-maria\/wp-content\/uploads\/2025\/12\/Certificado-Unico-de-Salud-APROSS-2.jpeg?fit=990%2C660&ssl=1","jetpack_sharing_enabled":true,"_links":{"self":[{"href":"https:\/\/elregionalvm.com.ar\/noticias-villa-maria\/wp-json\/wp\/v2\/posts\/112945","targetHints":{"allow":["GET"]}}],"collection":[{"href":"https:\/\/elregionalvm.com.ar\/noticias-villa-maria\/wp-json\/wp\/v2\/posts"}],"about":[{"href":"https:\/\/elregionalvm.com.ar\/noticias-villa-maria\/wp-json\/wp\/v2\/types\/post"}],"author":[{"embeddable":true,"href":"https:\/\/elregionalvm.com.ar\/noticias-villa-maria\/wp-json\/wp\/v2\/users\/4"}],"replies":[{"embeddable":true,"href":"https:\/\/elregionalvm.com.ar\/noticias-villa-maria\/wp-json\/wp\/v2\/comments?post=112945"}],"version-history":[{"count":1,"href":"https:\/\/elregionalvm.com.ar\/noticias-villa-maria\/wp-json\/wp\/v2\/posts\/112945\/revisions"}],"predecessor-version":[{"id":112947,"href":"https:\/\/elregionalvm.com.ar\/noticias-villa-maria\/wp-json\/wp\/v2\/posts\/112945\/revisions\/112947"}],"wp:featuredmedia":[{"embeddable":true,"href":"https:\/\/elregionalvm.com.ar\/noticias-villa-maria\/wp-json\/wp\/v2\/media\/112946"}],"wp:attachment":[{"href":"https:\/\/elregionalvm.com.ar\/noticias-villa-maria\/wp-json\/wp\/v2\/media?parent=112945"}],"wp:term":[{"taxonomy":"category","embeddable":true,"href":"https:\/\/elregionalvm.com.ar\/noticias-villa-maria\/wp-json\/wp\/v2\/categories?post=112945"},{"taxonomy":"post_tag","embeddable":true,"href":"https:\/\/elregionalvm.com.ar\/noticias-villa-maria\/wp-json\/wp\/v2\/tags?post=112945"}],"curies":[{"name":"wp","href":"https:\/\/api.w.org\/{rel}","templated":true}]}}