{"id":112951,"date":"2025-12-29T18:30:18","date_gmt":"2025-12-29T18:30:18","guid":{"rendered":"https:\/\/elregionalvm.com.ar\/noticias-villa-maria\/?p=112951"},"modified":"2025-12-29T18:30:24","modified_gmt":"2025-12-29T18:30:24","slug":"solicitan-el-paradero-de-un-hombre-oriundo-de-arroyo-cabral-que-se-encuentra-desaparecido","status":"publish","type":"post","link":"https:\/\/elregionalvm.com.ar\/noticias-villa-maria\/solicitan-el-paradero-de-un-hombre-oriundo-de-arroyo-cabral-que-se-encuentra-desaparecido\/","title":{"rendered":"Solicitan el paradero de un hombre oriundo de Arroyo Cabral que se encuentra desaparecido"},"content":{"rendered":"\n<p>En relaci\u00f3n y de acuerdo a actuaciones iniciadas en la Comisar\u00eda Distrito Arroyo Cabral, se solicita la b\u00fasqueda de paradero de FRANCO RUBEN ACEVEDO, de 42 a\u00f1os de edad, domiciliado en esa localidad, el cual responde a las siguientes caracter\u00edsticas: siendo una persona de contextura f\u00edsica robusta, de aproximadamente 1,75mts. de estatura, calvo, de tez clara; que no posee se\u00f1as particulares que se puedan mencionar, aunque vale detallar que el mismo transitaba un cuadro depresivo. Se desconoce la vestimenta que podria llevar, ya que el mismo se retir\u00f3 de su domicilio el pasado 14 de Diciembre del corriente a\u00f1o con motivo supuesto de irse a trabajar a la localidad de Villa General Belgrano; sin embargo.en la actualidad sus familiares han intentado reiteradamente comunicarse con \u00e9l con resultado negativo, por lo que informaron su desaparici\u00f3n procurando dar con su paradero.<\/p>\n\n\n\n<p>Se solicita la difusi\u00f3n y en caso de informaci\u00f3n comunicarse a la Departamental Gral. San Mart\u00edn a los tel\u00e9fonos (0353) 4619120 &#8211; 4619106 \u2013 4619104 \u00f3 a la Dependencia Policial m\u00e1s cercana, o tambi\u00e9n al tel\u00e9fono de la Unidad Judicial (0353) 4618838. Todo con conocimiento e intervenci\u00f3n de la Fiscal\u00eda de Instrucci\u00f3n de Fuero M\u00faltiple N\u00ba 3 a cargo del Dr. Rene Bosio, Sec. Dr. Pedro Diana.<\/p>\n","protected":false},"excerpt":{"rendered":"<p>En relaci\u00f3n y de acuerdo a actuaciones iniciadas en la Comisar\u00eda Distrito Arroyo Cabral, se solicita la b\u00fasqueda de paradero de FRANCO RUBEN ACEVEDO, de 42 a\u00f1os de edad, domiciliado en esa localidad, el cual responde a las siguientes caracter\u00edsticas: siendo una persona de contextura f\u00edsica robusta, de aproximadamente 1,75mts. de estatura, calvo, de tez [&hellip;]<\/p>\n","protected":false},"author":4,"featured_media":112952,"comment_status":"open","ping_status":"open","sticky":false,"template":"","format":"standard","meta":{"site-sidebar-layout":"default","site-content-layout":"","ast-site-content-layout":"default","site-content-style":"default","site-sidebar-style":"default","ast-global-header-display":"","ast-banner-title-visibility":"","ast-main-header-display":"","ast-hfb-above-header-display":"","ast-hfb-below-header-display":"","ast-hfb-mobile-header-display":"","site-post-title":"","ast-breadcrumbs-content":"","ast-featured-img":"","footer-sml-layout":"","ast-disable-related-posts":"","theme-transparent-header-meta":"","adv-header-id-meta":"","stick-header-meta":"","header-above-stick-meta":"","header-main-stick-meta":"","header-below-stick-meta":"","astra-migrate-meta-layouts":"set","ast-page-background-enabled":"default","ast-page-background-meta":{"desktop":{"background-color":"","background-image":"","background-repeat":"repeat","background-position":"center center","background-size":"auto","background-attachment":"scroll","background-type":"","background-media":"","overlay-type":"","overlay-color":"","overlay-opacity":"","overlay-gradient":""},"tablet":{"background-color":"","background-image":"","background-repeat":"repeat","background-position":"center center","background-size":"auto","background-attachment":"scroll","background-type":"","background-media":"","overlay-type":"","overlay-color":"","overlay-opacity":"","overlay-gradient":""},"mobile":{"background-color":"","background-image":"","background-repeat":"repeat","background-position":"center center","background-size":"auto","background-attachment":"scroll","background-type":"","background-media":"","overlay-type":"","overlay-color":"","overlay-opacity":"","overlay-gradient":""}},"ast-content-background-meta":{"desktop":{"background-color":"var(--ast-global-color-5)","background-image":"","background-repeat":"repeat","background-position":"center center","background-size":"auto","background-attachment":"scroll","background-type":"","background-media":"","overlay-type":"","overlay-color":"","overlay-opacity":"","overlay-gradient":""},"tablet":{"background-color":"var(--ast-global-color-5)","background-image":"","background-repeat":"repeat","background-position":"center center","background-size":"auto","background-attachment":"scroll","background-type":"","background-media":"","overlay-type":"","overlay-color":"","overlay-opacity":"","overlay-gradient":""},"mobile":{"background-color":"var(--ast-global-color-5)","background-image":"","background-repeat":"repeat","background-position":"center center","background-size":"auto","background-attachment":"scroll","background-type":"","background-media":"","overlay-type":"","overlay-color":"","overlay-opacity":"","overlay-gradient":""}},"_jetpack_memberships_contains_paid_content":false,"_joinchat":[],"footnotes":""},"categories":[15302,2234,5],"tags":[],"class_list":["post-112951","post","type-post","status-publish","format-standard","has-post-thumbnail","hentry","category-destacado","category-policiales","category-sociedad"],"yoast_head":"<!-- This site is optimized with the Yoast SEO plugin v26.8 - https:\/\/yoast.com\/product\/yoast-seo-wordpress\/ -->\n<title>Solicitan el paradero de un hombre oriundo de Arroyo Cabral que se encuentra desaparecido - El Regional<\/title>\n<meta name=\"robots\" content=\"index, follow, max-snippet:-1, max-image-preview:large, max-video-preview:-1\" \/>\n<link rel=\"canonical\" href=\"https:\/\/elregionalvm.com.ar\/noticias-villa-maria\/solicitan-el-paradero-de-un-hombre-oriundo-de-arroyo-cabral-que-se-encuentra-desaparecido\/\" \/>\n<meta property=\"og:locale\" content=\"es_ES\" \/>\n<meta property=\"og:type\" content=\"article\" \/>\n<meta property=\"og:title\" content=\"Solicitan el paradero de un hombre oriundo de Arroyo Cabral que se encuentra desaparecido - El Regional\" \/>\n<meta property=\"og:description\" content=\"En relaci\u00f3n y de acuerdo a actuaciones iniciadas en la Comisar\u00eda Distrito Arroyo Cabral, se solicita la b\u00fasqueda de paradero de FRANCO RUBEN ACEVEDO, de 42 a\u00f1os de edad, domiciliado en esa localidad, el cual responde a las siguientes caracter\u00edsticas: siendo una persona de contextura f\u00edsica robusta, de aproximadamente 1,75mts. de estatura, calvo, de tez [&hellip;]\" \/>\n<meta property=\"og:url\" content=\"https:\/\/elregionalvm.com.ar\/noticias-villa-maria\/solicitan-el-paradero-de-un-hombre-oriundo-de-arroyo-cabral-que-se-encuentra-desaparecido\/\" \/>\n<meta property=\"og:site_name\" content=\"El Regional\" \/>\n<meta property=\"article:publisher\" content=\"https:\/\/www.facebook.com\/elregionalvm\" \/>\n<meta property=\"article:published_time\" content=\"2025-12-29T18:30:18+00:00\" \/>\n<meta property=\"article:modified_time\" content=\"2025-12-29T18:30:24+00:00\" \/>\n<meta property=\"og:image\" content=\"https:\/\/elregionalvm.com.ar\/noticias-villa-maria\/wp-content\/uploads\/2025\/12\/WhatsApp-Image-2025-12-28-at-19.02.15.jpeg\" \/>\n\t<meta property=\"og:image:width\" content=\"717\" \/>\n\t<meta property=\"og:image:height\" content=\"680\" \/>\n\t<meta property=\"og:image:type\" content=\"image\/jpeg\" \/>\n<meta name=\"author\" content=\"Contenidos El Regional\" \/>\n<meta name=\"twitter:card\" content=\"summary_large_image\" \/>\n<meta name=\"twitter:creator\" content=\"@elregionalvm1\" \/>\n<meta name=\"twitter:site\" content=\"@elregionalvm1\" \/>\n<meta name=\"twitter:label1\" content=\"Escrito por\" \/>\n\t<meta name=\"twitter:data1\" content=\"Contenidos El Regional\" \/>\n\t<meta name=\"twitter:label2\" content=\"Tiempo de lectura\" \/>\n\t<meta name=\"twitter:data2\" content=\"2 minutos\" \/>\n<script type=\"application\/ld+json\" class=\"yoast-schema-graph\">{\"@context\":\"https:\/\/schema.org\",\"@graph\":[{\"@type\":\"Article\",\"@id\":\"https:\/\/elregionalvm.com.ar\/noticias-villa-maria\/solicitan-el-paradero-de-un-hombre-oriundo-de-arroyo-cabral-que-se-encuentra-desaparecido\/#article\",\"isPartOf\":{\"@id\":\"https:\/\/elregionalvm.com.ar\/noticias-villa-maria\/solicitan-el-paradero-de-un-hombre-oriundo-de-arroyo-cabral-que-se-encuentra-desaparecido\/\"},\"author\":{\"name\":\"Contenidos El Regional\",\"@id\":\"http:\/\/elregionalvm.com.ar\/noticias-villa-maria\/#\/schema\/person\/a0fb9c422317faca23d50163151bc354\"},\"headline\":\"Solicitan el paradero de un hombre oriundo de Arroyo Cabral que se encuentra desaparecido\",\"datePublished\":\"2025-12-29T18:30:18+00:00\",\"dateModified\":\"2025-12-29T18:30:24+00:00\",\"mainEntityOfPage\":{\"@id\":\"https:\/\/elregionalvm.com.ar\/noticias-villa-maria\/solicitan-el-paradero-de-un-hombre-oriundo-de-arroyo-cabral-que-se-encuentra-desaparecido\/\"},\"wordCount\":230,\"commentCount\":0,\"image\":{\"@id\":\"https:\/\/elregionalvm.com.ar\/noticias-villa-maria\/solicitan-el-paradero-de-un-hombre-oriundo-de-arroyo-cabral-que-se-encuentra-desaparecido\/#primaryimage\"},\"thumbnailUrl\":\"https:\/\/i0.wp.com\/elregionalvm.com.ar\/noticias-villa-maria\/wp-content\/uploads\/2025\/12\/WhatsApp-Image-2025-12-28-at-19.02.15.jpeg?fit=717%2C680&ssl=1\",\"articleSection\":[\"destacado\",\"Policiales\",\"Sociedad\"],\"inLanguage\":\"es\",\"potentialAction\":[{\"@type\":\"CommentAction\",\"name\":\"Comment\",\"target\":[\"https:\/\/elregionalvm.com.ar\/noticias-villa-maria\/solicitan-el-paradero-de-un-hombre-oriundo-de-arroyo-cabral-que-se-encuentra-desaparecido\/#respond\"]}]},{\"@type\":\"WebPage\",\"@id\":\"https:\/\/elregionalvm.com.ar\/noticias-villa-maria\/solicitan-el-paradero-de-un-hombre-oriundo-de-arroyo-cabral-que-se-encuentra-desaparecido\/\",\"url\":\"https:\/\/elregionalvm.com.ar\/noticias-villa-maria\/solicitan-el-paradero-de-un-hombre-oriundo-de-arroyo-cabral-que-se-encuentra-desaparecido\/\",\"name\":\"Solicitan el paradero de un hombre oriundo de Arroyo Cabral que se encuentra desaparecido - El Regional\",\"isPartOf\":{\"@id\":\"http:\/\/elregionalvm.com.ar\/noticias-villa-maria\/#website\"},\"primaryImageOfPage\":{\"@id\":\"https:\/\/elregionalvm.com.ar\/noticias-villa-maria\/solicitan-el-paradero-de-un-hombre-oriundo-de-arroyo-cabral-que-se-encuentra-desaparecido\/#primaryimage\"},\"image\":{\"@id\":\"https:\/\/elregionalvm.com.ar\/noticias-villa-maria\/solicitan-el-paradero-de-un-hombre-oriundo-de-arroyo-cabral-que-se-encuentra-desaparecido\/#primaryimage\"},\"thumbnailUrl\":\"https:\/\/i0.wp.com\/elregionalvm.com.ar\/noticias-villa-maria\/wp-content\/uploads\/2025\/12\/WhatsApp-Image-2025-12-28-at-19.02.15.jpeg?fit=717%2C680&ssl=1\",\"datePublished\":\"2025-12-29T18:30:18+00:00\",\"dateModified\":\"2025-12-29T18:30:24+00:00\",\"author\":{\"@id\":\"http:\/\/elregionalvm.com.ar\/noticias-villa-maria\/#\/schema\/person\/a0fb9c422317faca23d50163151bc354\"},\"breadcrumb\":{\"@id\":\"https:\/\/elregionalvm.com.ar\/noticias-villa-maria\/solicitan-el-paradero-de-un-hombre-oriundo-de-arroyo-cabral-que-se-encuentra-desaparecido\/#breadcrumb\"},\"inLanguage\":\"es\",\"potentialAction\":[{\"@type\":\"ReadAction\",\"target\":[\"https:\/\/elregionalvm.com.ar\/noticias-villa-maria\/solicitan-el-paradero-de-un-hombre-oriundo-de-arroyo-cabral-que-se-encuentra-desaparecido\/\"]}]},{\"@type\":\"ImageObject\",\"inLanguage\":\"es\",\"@id\":\"https:\/\/elregionalvm.com.ar\/noticias-villa-maria\/solicitan-el-paradero-de-un-hombre-oriundo-de-arroyo-cabral-que-se-encuentra-desaparecido\/#primaryimage\",\"url\":\"https:\/\/i0.wp.com\/elregionalvm.com.ar\/noticias-villa-maria\/wp-content\/uploads\/2025\/12\/WhatsApp-Image-2025-12-28-at-19.02.15.jpeg?fit=717%2C680&ssl=1\",\"contentUrl\":\"https:\/\/i0.wp.com\/elregionalvm.com.ar\/noticias-villa-maria\/wp-content\/uploads\/2025\/12\/WhatsApp-Image-2025-12-28-at-19.02.15.jpeg?fit=717%2C680&ssl=1\",\"width\":717,\"height\":680},{\"@type\":\"BreadcrumbList\",\"@id\":\"https:\/\/elregionalvm.com.ar\/noticias-villa-maria\/solicitan-el-paradero-de-un-hombre-oriundo-de-arroyo-cabral-que-se-encuentra-desaparecido\/#breadcrumb\",\"itemListElement\":[{\"@type\":\"ListItem\",\"position\":1,\"name\":\"Portada\",\"item\":\"https:\/\/elregionalvm.com.ar\/noticias-villa-maria\/\"},{\"@type\":\"ListItem\",\"position\":2,\"name\":\"Solicitan el paradero de un hombre oriundo de Arroyo Cabral que se encuentra desaparecido\"}]},{\"@type\":\"WebSite\",\"@id\":\"http:\/\/elregionalvm.com.ar\/noticias-villa-maria\/#website\",\"url\":\"http:\/\/elregionalvm.com.ar\/noticias-villa-maria\/\",\"name\":\"El Regional\",\"description\":\"Mucho m\u00e1s que informaci\u00f3n\",\"potentialAction\":[{\"@type\":\"SearchAction\",\"target\":{\"@type\":\"EntryPoint\",\"urlTemplate\":\"http:\/\/elregionalvm.com.ar\/noticias-villa-maria\/?s={search_term_string}\"},\"query-input\":{\"@type\":\"PropertyValueSpecification\",\"valueRequired\":true,\"valueName\":\"search_term_string\"}}],\"inLanguage\":\"es\"},{\"@type\":\"Person\",\"@id\":\"http:\/\/elregionalvm.com.ar\/noticias-villa-maria\/#\/schema\/person\/a0fb9c422317faca23d50163151bc354\",\"name\":\"Contenidos El Regional\",\"image\":{\"@type\":\"ImageObject\",\"inLanguage\":\"es\",\"@id\":\"http:\/\/elregionalvm.com.ar\/noticias-villa-maria\/#\/schema\/person\/image\/\",\"url\":\"https:\/\/secure.gravatar.com\/avatar\/265b27cb2209af7bb3a1318f03305787d7981a5cc6e6cd08fe5a4ecdf99d4b48?s=96&d=mm&r=g\",\"contentUrl\":\"https:\/\/secure.gravatar.com\/avatar\/265b27cb2209af7bb3a1318f03305787d7981a5cc6e6cd08fe5a4ecdf99d4b48?s=96&d=mm&r=g\",\"caption\":\"Contenidos El Regional\"},\"url\":\"https:\/\/elregionalvm.com.ar\/noticias-villa-maria\/author\/contenido\/\"}]}<\/script>\n<!-- \/ Yoast SEO plugin. -->","yoast_head_json":{"title":"Solicitan el paradero de un hombre oriundo de Arroyo Cabral que se encuentra desaparecido - El Regional","robots":{"index":"index","follow":"follow","max-snippet":"max-snippet:-1","max-image-preview":"max-image-preview:large","max-video-preview":"max-video-preview:-1"},"canonical":"https:\/\/elregionalvm.com.ar\/noticias-villa-maria\/solicitan-el-paradero-de-un-hombre-oriundo-de-arroyo-cabral-que-se-encuentra-desaparecido\/","og_locale":"es_ES","og_type":"article","og_title":"Solicitan el paradero de un hombre oriundo de Arroyo Cabral que se encuentra desaparecido - El Regional","og_description":"En relaci\u00f3n y de acuerdo a actuaciones iniciadas en la Comisar\u00eda Distrito Arroyo Cabral, se solicita la b\u00fasqueda de paradero de FRANCO RUBEN ACEVEDO, de 42 a\u00f1os de edad, domiciliado en esa localidad, el cual responde a las siguientes caracter\u00edsticas: siendo una persona de contextura f\u00edsica robusta, de aproximadamente 1,75mts. de estatura, calvo, de tez [&hellip;]","og_url":"https:\/\/elregionalvm.com.ar\/noticias-villa-maria\/solicitan-el-paradero-de-un-hombre-oriundo-de-arroyo-cabral-que-se-encuentra-desaparecido\/","og_site_name":"El Regional","article_publisher":"https:\/\/www.facebook.com\/elregionalvm","article_published_time":"2025-12-29T18:30:18+00:00","article_modified_time":"2025-12-29T18:30:24+00:00","og_image":[{"width":717,"height":680,"url":"https:\/\/elregionalvm.com.ar\/noticias-villa-maria\/wp-content\/uploads\/2025\/12\/WhatsApp-Image-2025-12-28-at-19.02.15.jpeg","type":"image\/jpeg"}],"author":"Contenidos El Regional","twitter_card":"summary_large_image","twitter_creator":"@elregionalvm1","twitter_site":"@elregionalvm1","twitter_misc":{"Escrito por":"Contenidos El Regional","Tiempo de lectura":"2 minutos"},"schema":{"@context":"https:\/\/schema.org","@graph":[{"@type":"Article","@id":"https:\/\/elregionalvm.com.ar\/noticias-villa-maria\/solicitan-el-paradero-de-un-hombre-oriundo-de-arroyo-cabral-que-se-encuentra-desaparecido\/#article","isPartOf":{"@id":"https:\/\/elregionalvm.com.ar\/noticias-villa-maria\/solicitan-el-paradero-de-un-hombre-oriundo-de-arroyo-cabral-que-se-encuentra-desaparecido\/"},"author":{"name":"Contenidos El Regional","@id":"http:\/\/elregionalvm.com.ar\/noticias-villa-maria\/#\/schema\/person\/a0fb9c422317faca23d50163151bc354"},"headline":"Solicitan el paradero de un hombre oriundo de Arroyo Cabral que se encuentra desaparecido","datePublished":"2025-12-29T18:30:18+00:00","dateModified":"2025-12-29T18:30:24+00:00","mainEntityOfPage":{"@id":"https:\/\/elregionalvm.com.ar\/noticias-villa-maria\/solicitan-el-paradero-de-un-hombre-oriundo-de-arroyo-cabral-que-se-encuentra-desaparecido\/"},"wordCount":230,"commentCount":0,"image":{"@id":"https:\/\/elregionalvm.com.ar\/noticias-villa-maria\/solicitan-el-paradero-de-un-hombre-oriundo-de-arroyo-cabral-que-se-encuentra-desaparecido\/#primaryimage"},"thumbnailUrl":"https:\/\/i0.wp.com\/elregionalvm.com.ar\/noticias-villa-maria\/wp-content\/uploads\/2025\/12\/WhatsApp-Image-2025-12-28-at-19.02.15.jpeg?fit=717%2C680&ssl=1","articleSection":["destacado","Policiales","Sociedad"],"inLanguage":"es","potentialAction":[{"@type":"CommentAction","name":"Comment","target":["https:\/\/elregionalvm.com.ar\/noticias-villa-maria\/solicitan-el-paradero-de-un-hombre-oriundo-de-arroyo-cabral-que-se-encuentra-desaparecido\/#respond"]}]},{"@type":"WebPage","@id":"https:\/\/elregionalvm.com.ar\/noticias-villa-maria\/solicitan-el-paradero-de-un-hombre-oriundo-de-arroyo-cabral-que-se-encuentra-desaparecido\/","url":"https:\/\/elregionalvm.com.ar\/noticias-villa-maria\/solicitan-el-paradero-de-un-hombre-oriundo-de-arroyo-cabral-que-se-encuentra-desaparecido\/","name":"Solicitan el paradero de un hombre oriundo de Arroyo Cabral que se encuentra desaparecido - El Regional","isPartOf":{"@id":"http:\/\/elregionalvm.com.ar\/noticias-villa-maria\/#website"},"primaryImageOfPage":{"@id":"https:\/\/elregionalvm.com.ar\/noticias-villa-maria\/solicitan-el-paradero-de-un-hombre-oriundo-de-arroyo-cabral-que-se-encuentra-desaparecido\/#primaryimage"},"image":{"@id":"https:\/\/elregionalvm.com.ar\/noticias-villa-maria\/solicitan-el-paradero-de-un-hombre-oriundo-de-arroyo-cabral-que-se-encuentra-desaparecido\/#primaryimage"},"thumbnailUrl":"https:\/\/i0.wp.com\/elregionalvm.com.ar\/noticias-villa-maria\/wp-content\/uploads\/2025\/12\/WhatsApp-Image-2025-12-28-at-19.02.15.jpeg?fit=717%2C680&ssl=1","datePublished":"2025-12-29T18:30:18+00:00","dateModified":"2025-12-29T18:30:24+00:00","author":{"@id":"http:\/\/elregionalvm.com.ar\/noticias-villa-maria\/#\/schema\/person\/a0fb9c422317faca23d50163151bc354"},"breadcrumb":{"@id":"https:\/\/elregionalvm.com.ar\/noticias-villa-maria\/solicitan-el-paradero-de-un-hombre-oriundo-de-arroyo-cabral-que-se-encuentra-desaparecido\/#breadcrumb"},"inLanguage":"es","potentialAction":[{"@type":"ReadAction","target":["https:\/\/elregionalvm.com.ar\/noticias-villa-maria\/solicitan-el-paradero-de-un-hombre-oriundo-de-arroyo-cabral-que-se-encuentra-desaparecido\/"]}]},{"@type":"ImageObject","inLanguage":"es","@id":"https:\/\/elregionalvm.com.ar\/noticias-villa-maria\/solicitan-el-paradero-de-un-hombre-oriundo-de-arroyo-cabral-que-se-encuentra-desaparecido\/#primaryimage","url":"https:\/\/i0.wp.com\/elregionalvm.com.ar\/noticias-villa-maria\/wp-content\/uploads\/2025\/12\/WhatsApp-Image-2025-12-28-at-19.02.15.jpeg?fit=717%2C680&ssl=1","contentUrl":"https:\/\/i0.wp.com\/elregionalvm.com.ar\/noticias-villa-maria\/wp-content\/uploads\/2025\/12\/WhatsApp-Image-2025-12-28-at-19.02.15.jpeg?fit=717%2C680&ssl=1","width":717,"height":680},{"@type":"BreadcrumbList","@id":"https:\/\/elregionalvm.com.ar\/noticias-villa-maria\/solicitan-el-paradero-de-un-hombre-oriundo-de-arroyo-cabral-que-se-encuentra-desaparecido\/#breadcrumb","itemListElement":[{"@type":"ListItem","position":1,"name":"Portada","item":"https:\/\/elregionalvm.com.ar\/noticias-villa-maria\/"},{"@type":"ListItem","position":2,"name":"Solicitan el paradero de un hombre oriundo de Arroyo Cabral que se encuentra desaparecido"}]},{"@type":"WebSite","@id":"http:\/\/elregionalvm.com.ar\/noticias-villa-maria\/#website","url":"http:\/\/elregionalvm.com.ar\/noticias-villa-maria\/","name":"El Regional","description":"Mucho m\u00e1s que informaci\u00f3n","potentialAction":[{"@type":"SearchAction","target":{"@type":"EntryPoint","urlTemplate":"http:\/\/elregionalvm.com.ar\/noticias-villa-maria\/?s={search_term_string}"},"query-input":{"@type":"PropertyValueSpecification","valueRequired":true,"valueName":"search_term_string"}}],"inLanguage":"es"},{"@type":"Person","@id":"http:\/\/elregionalvm.com.ar\/noticias-villa-maria\/#\/schema\/person\/a0fb9c422317faca23d50163151bc354","name":"Contenidos El Regional","image":{"@type":"ImageObject","inLanguage":"es","@id":"http:\/\/elregionalvm.com.ar\/noticias-villa-maria\/#\/schema\/person\/image\/","url":"https:\/\/secure.gravatar.com\/avatar\/265b27cb2209af7bb3a1318f03305787d7981a5cc6e6cd08fe5a4ecdf99d4b48?s=96&d=mm&r=g","contentUrl":"https:\/\/secure.gravatar.com\/avatar\/265b27cb2209af7bb3a1318f03305787d7981a5cc6e6cd08fe5a4ecdf99d4b48?s=96&d=mm&r=g","caption":"Contenidos El Regional"},"url":"https:\/\/elregionalvm.com.ar\/noticias-villa-maria\/author\/contenido\/"}]}},"jetpack_featured_media_url":"https:\/\/i0.wp.com\/elregionalvm.com.ar\/noticias-villa-maria\/wp-content\/uploads\/2025\/12\/WhatsApp-Image-2025-12-28-at-19.02.15.jpeg?fit=717%2C680&ssl=1","jetpack_sharing_enabled":true,"_links":{"self":[{"href":"https:\/\/elregionalvm.com.ar\/noticias-villa-maria\/wp-json\/wp\/v2\/posts\/112951","targetHints":{"allow":["GET"]}}],"collection":[{"href":"https:\/\/elregionalvm.com.ar\/noticias-villa-maria\/wp-json\/wp\/v2\/posts"}],"about":[{"href":"https:\/\/elregionalvm.com.ar\/noticias-villa-maria\/wp-json\/wp\/v2\/types\/post"}],"author":[{"embeddable":true,"href":"https:\/\/elregionalvm.com.ar\/noticias-villa-maria\/wp-json\/wp\/v2\/users\/4"}],"replies":[{"embeddable":true,"href":"https:\/\/elregionalvm.com.ar\/noticias-villa-maria\/wp-json\/wp\/v2\/comments?post=112951"}],"version-history":[{"count":1,"href":"https:\/\/elregionalvm.com.ar\/noticias-villa-maria\/wp-json\/wp\/v2\/posts\/112951\/revisions"}],"predecessor-version":[{"id":112953,"href":"https:\/\/elregionalvm.com.ar\/noticias-villa-maria\/wp-json\/wp\/v2\/posts\/112951\/revisions\/112953"}],"wp:featuredmedia":[{"embeddable":true,"href":"https:\/\/elregionalvm.com.ar\/noticias-villa-maria\/wp-json\/wp\/v2\/media\/112952"}],"wp:attachment":[{"href":"https:\/\/elregionalvm.com.ar\/noticias-villa-maria\/wp-json\/wp\/v2\/media?parent=112951"}],"wp:term":[{"taxonomy":"category","embeddable":true,"href":"https:\/\/elregionalvm.com.ar\/noticias-villa-maria\/wp-json\/wp\/v2\/categories?post=112951"},{"taxonomy":"post_tag","embeddable":true,"href":"https:\/\/elregionalvm.com.ar\/noticias-villa-maria\/wp-json\/wp\/v2\/tags?post=112951"}],"curies":[{"name":"wp","href":"https:\/\/api.w.org\/{rel}","templated":true}]}}