{"id":112960,"date":"2025-12-29T19:21:14","date_gmt":"2025-12-29T19:21:14","guid":{"rendered":"https:\/\/elregionalvm.com.ar\/noticias-villa-maria\/?p=112960"},"modified":"2025-12-29T19:21:17","modified_gmt":"2025-12-29T19:21:17","slug":"accastello-remitira-un-proyecto-de-ordenanza-para-reducir-la-velocidad-maxima-en-calles-de-la-ciudad","status":"publish","type":"post","link":"https:\/\/elregionalvm.com.ar\/noticias-villa-maria\/accastello-remitira-un-proyecto-de-ordenanza-para-reducir-la-velocidad-maxima-en-calles-de-la-ciudad\/","title":{"rendered":"Accastello remitir\u00e1 un proyecto de ordenanza para reducir la velocidad m\u00e1xima en calles de la ciudad"},"content":{"rendered":"\n<p>La iniciativa tiene como objetivo principal mejorar la seguridad vial, disminuir la siniestralidad y proteger a peatones, ciclistas y usuarios de movilidad sustentable, promoviendo una convivencia m\u00e1s segura en el espacio p\u00fablico urbano.<\/p>\n\n\n\n<p>Zonas sensibles<\/p>\n\n\n\n<p>Asimismo, el proyecto contempla adecuaciones espec\u00edficas en sectores sensibles de la ciudad. En este sentido, se establece que en encrucijadas sin sem\u00e1foros, en la Costanera y en zonas pr\u00f3ximas a establecimientos educativos, deportivos o de gran concurrencia de personas, donde la legislaci\u00f3n vigente ya fijaba un l\u00edmite m\u00e1ximo de 30 km\/h, la velocidad permitida se reducir\u00e1 a 25 km\/h, reforzando las medidas de prevenci\u00f3n y priorizando la seguridad de quienes transitan y utilizan el espacio p\u00fablico.<\/p>\n\n\n\n<p>Avenidas y bulevares<\/p>\n\n\n\n<p>Cabe se\u00f1alar que la propuesta no alcanza a avenidas ni bulevares, donde se mantiene el l\u00edmite m\u00e1ximo de velocidad permitida de 50 kil\u00f3metros por hora.&nbsp;<\/p>\n\n\n\n<p>Asimismo, no se modificar\u00e1 el tope de 60 kil\u00f3metros por hora &nbsp;en rutas que atraviesan la zona urbana, conforme a la normativa vigente.<\/p>\n\n\n\n<p>La reducci\u00f3n de la velocidad en calles forma parte de una estrategia integral de ordenamiento del tr\u00e1nsito y se enmarca en recomendaciones internacionales que se\u00f1alan que circular a 30 km\/h en zonas urbanas reduce significativamente el riesgo de lesiones graves y fatales en caso de siniestros viales.<\/p>\n","protected":false},"excerpt":{"rendered":"<p>La iniciativa tiene como objetivo principal mejorar la seguridad vial, disminuir la siniestralidad y proteger a peatones, ciclistas y usuarios de movilidad sustentable, promoviendo una convivencia m\u00e1s segura en el espacio p\u00fablico urbano. Zonas sensibles Asimismo, el proyecto contempla adecuaciones espec\u00edficas en sectores sensibles de la ciudad. En este sentido, se establece que en encrucijadas [&hellip;]<\/p>\n","protected":false},"author":4,"featured_media":112961,"comment_status":"open","ping_status":"open","sticky":false,"template":"","format":"standard","meta":{"site-sidebar-layout":"default","site-content-layout":"","ast-site-content-layout":"default","site-content-style":"default","site-sidebar-style":"default","ast-global-header-display":"","ast-banner-title-visibility":"","ast-main-header-display":"","ast-hfb-above-header-display":"","ast-hfb-below-header-display":"","ast-hfb-mobile-header-display":"","site-post-title":"","ast-breadcrumbs-content":"","ast-featured-img":"","footer-sml-layout":"","ast-disable-related-posts":"","theme-transparent-header-meta":"","adv-header-id-meta":"","stick-header-meta":"","header-above-stick-meta":"","header-main-stick-meta":"","header-below-stick-meta":"","astra-migrate-meta-layouts":"set","ast-page-background-enabled":"default","ast-page-background-meta":{"desktop":{"background-color":"","background-image":"","background-repeat":"repeat","background-position":"center center","background-size":"auto","background-attachment":"scroll","background-type":"","background-media":"","overlay-type":"","overlay-color":"","overlay-opacity":"","overlay-gradient":""},"tablet":{"background-color":"","background-image":"","background-repeat":"repeat","background-position":"center center","background-size":"auto","background-attachment":"scroll","background-type":"","background-media":"","overlay-type":"","overlay-color":"","overlay-opacity":"","overlay-gradient":""},"mobile":{"background-color":"","background-image":"","background-repeat":"repeat","background-position":"center center","background-size":"auto","background-attachment":"scroll","background-type":"","background-media":"","overlay-type":"","overlay-color":"","overlay-opacity":"","overlay-gradient":""}},"ast-content-background-meta":{"desktop":{"background-color":"var(--ast-global-color-5)","background-image":"","background-repeat":"repeat","background-position":"center center","background-size":"auto","background-attachment":"scroll","background-type":"","background-media":"","overlay-type":"","overlay-color":"","overlay-opacity":"","overlay-gradient":""},"tablet":{"background-color":"var(--ast-global-color-5)","background-image":"","background-repeat":"repeat","background-position":"center center","background-size":"auto","background-attachment":"scroll","background-type":"","background-media":"","overlay-type":"","overlay-color":"","overlay-opacity":"","overlay-gradient":""},"mobile":{"background-color":"var(--ast-global-color-5)","background-image":"","background-repeat":"repeat","background-position":"center center","background-size":"auto","background-attachment":"scroll","background-type":"","background-media":"","overlay-type":"","overlay-color":"","overlay-opacity":"","overlay-gradient":""}},"_jetpack_memberships_contains_paid_content":false,"_joinchat":[],"footnotes":""},"categories":[15302,5,2],"tags":[],"class_list":["post-112960","post","type-post","status-publish","format-standard","has-post-thumbnail","hentry","category-destacado","category-sociedad","category-villa-maria"],"yoast_head":"<!-- This site is optimized with the Yoast SEO plugin v26.8 - https:\/\/yoast.com\/product\/yoast-seo-wordpress\/ -->\n<title>Accastello remitir\u00e1 un proyecto de ordenanza para reducir la velocidad m\u00e1xima en calles de la ciudad - El Regional<\/title>\n<meta name=\"robots\" content=\"index, follow, max-snippet:-1, max-image-preview:large, max-video-preview:-1\" \/>\n<link rel=\"canonical\" href=\"https:\/\/elregionalvm.com.ar\/noticias-villa-maria\/accastello-remitira-un-proyecto-de-ordenanza-para-reducir-la-velocidad-maxima-en-calles-de-la-ciudad\/\" \/>\n<meta property=\"og:locale\" content=\"es_ES\" \/>\n<meta property=\"og:type\" content=\"article\" \/>\n<meta property=\"og:title\" content=\"Accastello remitir\u00e1 un proyecto de ordenanza para reducir la velocidad m\u00e1xima en calles de la ciudad - El Regional\" \/>\n<meta property=\"og:description\" content=\"La iniciativa tiene como objetivo principal mejorar la seguridad vial, disminuir la siniestralidad y proteger a peatones, ciclistas y usuarios de movilidad sustentable, promoviendo una convivencia m\u00e1s segura en el espacio p\u00fablico urbano. Zonas sensibles Asimismo, el proyecto contempla adecuaciones espec\u00edficas en sectores sensibles de la ciudad. En este sentido, se establece que en encrucijadas [&hellip;]\" \/>\n<meta property=\"og:url\" content=\"https:\/\/elregionalvm.com.ar\/noticias-villa-maria\/accastello-remitira-un-proyecto-de-ordenanza-para-reducir-la-velocidad-maxima-en-calles-de-la-ciudad\/\" \/>\n<meta property=\"og:site_name\" content=\"El Regional\" \/>\n<meta property=\"article:publisher\" content=\"https:\/\/www.facebook.com\/elregionalvm\" \/>\n<meta property=\"article:published_time\" content=\"2025-12-29T19:21:14+00:00\" \/>\n<meta property=\"article:modified_time\" content=\"2025-12-29T19:21:17+00:00\" \/>\n<meta property=\"og:image\" content=\"https:\/\/elregionalvm.com.ar\/noticias-villa-maria\/wp-content\/uploads\/2025\/12\/717bb376f3704cd391677ec023dc9ffd.jpeg\" \/>\n\t<meta property=\"og:image:width\" content=\"800\" \/>\n\t<meta property=\"og:image:height\" content=\"600\" \/>\n\t<meta property=\"og:image:type\" content=\"image\/jpeg\" \/>\n<meta name=\"author\" content=\"Contenidos El Regional\" \/>\n<meta name=\"twitter:card\" content=\"summary_large_image\" \/>\n<meta name=\"twitter:creator\" content=\"@elregionalvm1\" \/>\n<meta name=\"twitter:site\" content=\"@elregionalvm1\" \/>\n<meta name=\"twitter:label1\" content=\"Escrito por\" \/>\n\t<meta name=\"twitter:data1\" content=\"Contenidos El Regional\" \/>\n\t<meta name=\"twitter:label2\" content=\"Tiempo de lectura\" \/>\n\t<meta name=\"twitter:data2\" content=\"2 minutos\" \/>\n<script type=\"application\/ld+json\" class=\"yoast-schema-graph\">{\"@context\":\"https:\/\/schema.org\",\"@graph\":[{\"@type\":\"Article\",\"@id\":\"https:\/\/elregionalvm.com.ar\/noticias-villa-maria\/accastello-remitira-un-proyecto-de-ordenanza-para-reducir-la-velocidad-maxima-en-calles-de-la-ciudad\/#article\",\"isPartOf\":{\"@id\":\"https:\/\/elregionalvm.com.ar\/noticias-villa-maria\/accastello-remitira-un-proyecto-de-ordenanza-para-reducir-la-velocidad-maxima-en-calles-de-la-ciudad\/\"},\"author\":{\"name\":\"Contenidos El Regional\",\"@id\":\"http:\/\/elregionalvm.com.ar\/noticias-villa-maria\/#\/schema\/person\/a0fb9c422317faca23d50163151bc354\"},\"headline\":\"Accastello remitir\u00e1 un proyecto de ordenanza para reducir la velocidad m\u00e1xima en calles de la ciudad\",\"datePublished\":\"2025-12-29T19:21:14+00:00\",\"dateModified\":\"2025-12-29T19:21:17+00:00\",\"mainEntityOfPage\":{\"@id\":\"https:\/\/elregionalvm.com.ar\/noticias-villa-maria\/accastello-remitira-un-proyecto-de-ordenanza-para-reducir-la-velocidad-maxima-en-calles-de-la-ciudad\/\"},\"wordCount\":244,\"commentCount\":0,\"image\":{\"@id\":\"https:\/\/elregionalvm.com.ar\/noticias-villa-maria\/accastello-remitira-un-proyecto-de-ordenanza-para-reducir-la-velocidad-maxima-en-calles-de-la-ciudad\/#primaryimage\"},\"thumbnailUrl\":\"https:\/\/i0.wp.com\/elregionalvm.com.ar\/noticias-villa-maria\/wp-content\/uploads\/2025\/12\/717bb376f3704cd391677ec023dc9ffd.jpeg?fit=800%2C600&ssl=1\",\"articleSection\":[\"destacado\",\"Sociedad\",\"Villa Mar\u00eda\"],\"inLanguage\":\"es\",\"potentialAction\":[{\"@type\":\"CommentAction\",\"name\":\"Comment\",\"target\":[\"https:\/\/elregionalvm.com.ar\/noticias-villa-maria\/accastello-remitira-un-proyecto-de-ordenanza-para-reducir-la-velocidad-maxima-en-calles-de-la-ciudad\/#respond\"]}]},{\"@type\":\"WebPage\",\"@id\":\"https:\/\/elregionalvm.com.ar\/noticias-villa-maria\/accastello-remitira-un-proyecto-de-ordenanza-para-reducir-la-velocidad-maxima-en-calles-de-la-ciudad\/\",\"url\":\"https:\/\/elregionalvm.com.ar\/noticias-villa-maria\/accastello-remitira-un-proyecto-de-ordenanza-para-reducir-la-velocidad-maxima-en-calles-de-la-ciudad\/\",\"name\":\"Accastello remitir\u00e1 un proyecto de ordenanza para reducir la velocidad m\u00e1xima en calles de la ciudad - El Regional\",\"isPartOf\":{\"@id\":\"http:\/\/elregionalvm.com.ar\/noticias-villa-maria\/#website\"},\"primaryImageOfPage\":{\"@id\":\"https:\/\/elregionalvm.com.ar\/noticias-villa-maria\/accastello-remitira-un-proyecto-de-ordenanza-para-reducir-la-velocidad-maxima-en-calles-de-la-ciudad\/#primaryimage\"},\"image\":{\"@id\":\"https:\/\/elregionalvm.com.ar\/noticias-villa-maria\/accastello-remitira-un-proyecto-de-ordenanza-para-reducir-la-velocidad-maxima-en-calles-de-la-ciudad\/#primaryimage\"},\"thumbnailUrl\":\"https:\/\/i0.wp.com\/elregionalvm.com.ar\/noticias-villa-maria\/wp-content\/uploads\/2025\/12\/717bb376f3704cd391677ec023dc9ffd.jpeg?fit=800%2C600&ssl=1\",\"datePublished\":\"2025-12-29T19:21:14+00:00\",\"dateModified\":\"2025-12-29T19:21:17+00:00\",\"author\":{\"@id\":\"http:\/\/elregionalvm.com.ar\/noticias-villa-maria\/#\/schema\/person\/a0fb9c422317faca23d50163151bc354\"},\"breadcrumb\":{\"@id\":\"https:\/\/elregionalvm.com.ar\/noticias-villa-maria\/accastello-remitira-un-proyecto-de-ordenanza-para-reducir-la-velocidad-maxima-en-calles-de-la-ciudad\/#breadcrumb\"},\"inLanguage\":\"es\",\"potentialAction\":[{\"@type\":\"ReadAction\",\"target\":[\"https:\/\/elregionalvm.com.ar\/noticias-villa-maria\/accastello-remitira-un-proyecto-de-ordenanza-para-reducir-la-velocidad-maxima-en-calles-de-la-ciudad\/\"]}]},{\"@type\":\"ImageObject\",\"inLanguage\":\"es\",\"@id\":\"https:\/\/elregionalvm.com.ar\/noticias-villa-maria\/accastello-remitira-un-proyecto-de-ordenanza-para-reducir-la-velocidad-maxima-en-calles-de-la-ciudad\/#primaryimage\",\"url\":\"https:\/\/i0.wp.com\/elregionalvm.com.ar\/noticias-villa-maria\/wp-content\/uploads\/2025\/12\/717bb376f3704cd391677ec023dc9ffd.jpeg?fit=800%2C600&ssl=1\",\"contentUrl\":\"https:\/\/i0.wp.com\/elregionalvm.com.ar\/noticias-villa-maria\/wp-content\/uploads\/2025\/12\/717bb376f3704cd391677ec023dc9ffd.jpeg?fit=800%2C600&ssl=1\",\"width\":800,\"height\":600},{\"@type\":\"BreadcrumbList\",\"@id\":\"https:\/\/elregionalvm.com.ar\/noticias-villa-maria\/accastello-remitira-un-proyecto-de-ordenanza-para-reducir-la-velocidad-maxima-en-calles-de-la-ciudad\/#breadcrumb\",\"itemListElement\":[{\"@type\":\"ListItem\",\"position\":1,\"name\":\"Portada\",\"item\":\"https:\/\/elregionalvm.com.ar\/noticias-villa-maria\/\"},{\"@type\":\"ListItem\",\"position\":2,\"name\":\"Accastello remitir\u00e1 un proyecto de ordenanza para reducir la velocidad m\u00e1xima en calles de la ciudad\"}]},{\"@type\":\"WebSite\",\"@id\":\"http:\/\/elregionalvm.com.ar\/noticias-villa-maria\/#website\",\"url\":\"http:\/\/elregionalvm.com.ar\/noticias-villa-maria\/\",\"name\":\"El Regional\",\"description\":\"Mucho m\u00e1s que informaci\u00f3n\",\"potentialAction\":[{\"@type\":\"SearchAction\",\"target\":{\"@type\":\"EntryPoint\",\"urlTemplate\":\"http:\/\/elregionalvm.com.ar\/noticias-villa-maria\/?s={search_term_string}\"},\"query-input\":{\"@type\":\"PropertyValueSpecification\",\"valueRequired\":true,\"valueName\":\"search_term_string\"}}],\"inLanguage\":\"es\"},{\"@type\":\"Person\",\"@id\":\"http:\/\/elregionalvm.com.ar\/noticias-villa-maria\/#\/schema\/person\/a0fb9c422317faca23d50163151bc354\",\"name\":\"Contenidos El Regional\",\"image\":{\"@type\":\"ImageObject\",\"inLanguage\":\"es\",\"@id\":\"http:\/\/elregionalvm.com.ar\/noticias-villa-maria\/#\/schema\/person\/image\/\",\"url\":\"https:\/\/secure.gravatar.com\/avatar\/265b27cb2209af7bb3a1318f03305787d7981a5cc6e6cd08fe5a4ecdf99d4b48?s=96&d=mm&r=g\",\"contentUrl\":\"https:\/\/secure.gravatar.com\/avatar\/265b27cb2209af7bb3a1318f03305787d7981a5cc6e6cd08fe5a4ecdf99d4b48?s=96&d=mm&r=g\",\"caption\":\"Contenidos El Regional\"},\"url\":\"https:\/\/elregionalvm.com.ar\/noticias-villa-maria\/author\/contenido\/\"}]}<\/script>\n<!-- \/ Yoast SEO plugin. -->","yoast_head_json":{"title":"Accastello remitir\u00e1 un proyecto de ordenanza para reducir la velocidad m\u00e1xima en calles de la ciudad - El Regional","robots":{"index":"index","follow":"follow","max-snippet":"max-snippet:-1","max-image-preview":"max-image-preview:large","max-video-preview":"max-video-preview:-1"},"canonical":"https:\/\/elregionalvm.com.ar\/noticias-villa-maria\/accastello-remitira-un-proyecto-de-ordenanza-para-reducir-la-velocidad-maxima-en-calles-de-la-ciudad\/","og_locale":"es_ES","og_type":"article","og_title":"Accastello remitir\u00e1 un proyecto de ordenanza para reducir la velocidad m\u00e1xima en calles de la ciudad - El Regional","og_description":"La iniciativa tiene como objetivo principal mejorar la seguridad vial, disminuir la siniestralidad y proteger a peatones, ciclistas y usuarios de movilidad sustentable, promoviendo una convivencia m\u00e1s segura en el espacio p\u00fablico urbano. Zonas sensibles Asimismo, el proyecto contempla adecuaciones espec\u00edficas en sectores sensibles de la ciudad. En este sentido, se establece que en encrucijadas [&hellip;]","og_url":"https:\/\/elregionalvm.com.ar\/noticias-villa-maria\/accastello-remitira-un-proyecto-de-ordenanza-para-reducir-la-velocidad-maxima-en-calles-de-la-ciudad\/","og_site_name":"El Regional","article_publisher":"https:\/\/www.facebook.com\/elregionalvm","article_published_time":"2025-12-29T19:21:14+00:00","article_modified_time":"2025-12-29T19:21:17+00:00","og_image":[{"width":800,"height":600,"url":"https:\/\/elregionalvm.com.ar\/noticias-villa-maria\/wp-content\/uploads\/2025\/12\/717bb376f3704cd391677ec023dc9ffd.jpeg","type":"image\/jpeg"}],"author":"Contenidos El Regional","twitter_card":"summary_large_image","twitter_creator":"@elregionalvm1","twitter_site":"@elregionalvm1","twitter_misc":{"Escrito por":"Contenidos El Regional","Tiempo de lectura":"2 minutos"},"schema":{"@context":"https:\/\/schema.org","@graph":[{"@type":"Article","@id":"https:\/\/elregionalvm.com.ar\/noticias-villa-maria\/accastello-remitira-un-proyecto-de-ordenanza-para-reducir-la-velocidad-maxima-en-calles-de-la-ciudad\/#article","isPartOf":{"@id":"https:\/\/elregionalvm.com.ar\/noticias-villa-maria\/accastello-remitira-un-proyecto-de-ordenanza-para-reducir-la-velocidad-maxima-en-calles-de-la-ciudad\/"},"author":{"name":"Contenidos El Regional","@id":"http:\/\/elregionalvm.com.ar\/noticias-villa-maria\/#\/schema\/person\/a0fb9c422317faca23d50163151bc354"},"headline":"Accastello remitir\u00e1 un proyecto de ordenanza para reducir la velocidad m\u00e1xima en calles de la ciudad","datePublished":"2025-12-29T19:21:14+00:00","dateModified":"2025-12-29T19:21:17+00:00","mainEntityOfPage":{"@id":"https:\/\/elregionalvm.com.ar\/noticias-villa-maria\/accastello-remitira-un-proyecto-de-ordenanza-para-reducir-la-velocidad-maxima-en-calles-de-la-ciudad\/"},"wordCount":244,"commentCount":0,"image":{"@id":"https:\/\/elregionalvm.com.ar\/noticias-villa-maria\/accastello-remitira-un-proyecto-de-ordenanza-para-reducir-la-velocidad-maxima-en-calles-de-la-ciudad\/#primaryimage"},"thumbnailUrl":"https:\/\/i0.wp.com\/elregionalvm.com.ar\/noticias-villa-maria\/wp-content\/uploads\/2025\/12\/717bb376f3704cd391677ec023dc9ffd.jpeg?fit=800%2C600&ssl=1","articleSection":["destacado","Sociedad","Villa Mar\u00eda"],"inLanguage":"es","potentialAction":[{"@type":"CommentAction","name":"Comment","target":["https:\/\/elregionalvm.com.ar\/noticias-villa-maria\/accastello-remitira-un-proyecto-de-ordenanza-para-reducir-la-velocidad-maxima-en-calles-de-la-ciudad\/#respond"]}]},{"@type":"WebPage","@id":"https:\/\/elregionalvm.com.ar\/noticias-villa-maria\/accastello-remitira-un-proyecto-de-ordenanza-para-reducir-la-velocidad-maxima-en-calles-de-la-ciudad\/","url":"https:\/\/elregionalvm.com.ar\/noticias-villa-maria\/accastello-remitira-un-proyecto-de-ordenanza-para-reducir-la-velocidad-maxima-en-calles-de-la-ciudad\/","name":"Accastello remitir\u00e1 un proyecto de ordenanza para reducir la velocidad m\u00e1xima en calles de la ciudad - El Regional","isPartOf":{"@id":"http:\/\/elregionalvm.com.ar\/noticias-villa-maria\/#website"},"primaryImageOfPage":{"@id":"https:\/\/elregionalvm.com.ar\/noticias-villa-maria\/accastello-remitira-un-proyecto-de-ordenanza-para-reducir-la-velocidad-maxima-en-calles-de-la-ciudad\/#primaryimage"},"image":{"@id":"https:\/\/elregionalvm.com.ar\/noticias-villa-maria\/accastello-remitira-un-proyecto-de-ordenanza-para-reducir-la-velocidad-maxima-en-calles-de-la-ciudad\/#primaryimage"},"thumbnailUrl":"https:\/\/i0.wp.com\/elregionalvm.com.ar\/noticias-villa-maria\/wp-content\/uploads\/2025\/12\/717bb376f3704cd391677ec023dc9ffd.jpeg?fit=800%2C600&ssl=1","datePublished":"2025-12-29T19:21:14+00:00","dateModified":"2025-12-29T19:21:17+00:00","author":{"@id":"http:\/\/elregionalvm.com.ar\/noticias-villa-maria\/#\/schema\/person\/a0fb9c422317faca23d50163151bc354"},"breadcrumb":{"@id":"https:\/\/elregionalvm.com.ar\/noticias-villa-maria\/accastello-remitira-un-proyecto-de-ordenanza-para-reducir-la-velocidad-maxima-en-calles-de-la-ciudad\/#breadcrumb"},"inLanguage":"es","potentialAction":[{"@type":"ReadAction","target":["https:\/\/elregionalvm.com.ar\/noticias-villa-maria\/accastello-remitira-un-proyecto-de-ordenanza-para-reducir-la-velocidad-maxima-en-calles-de-la-ciudad\/"]}]},{"@type":"ImageObject","inLanguage":"es","@id":"https:\/\/elregionalvm.com.ar\/noticias-villa-maria\/accastello-remitira-un-proyecto-de-ordenanza-para-reducir-la-velocidad-maxima-en-calles-de-la-ciudad\/#primaryimage","url":"https:\/\/i0.wp.com\/elregionalvm.com.ar\/noticias-villa-maria\/wp-content\/uploads\/2025\/12\/717bb376f3704cd391677ec023dc9ffd.jpeg?fit=800%2C600&ssl=1","contentUrl":"https:\/\/i0.wp.com\/elregionalvm.com.ar\/noticias-villa-maria\/wp-content\/uploads\/2025\/12\/717bb376f3704cd391677ec023dc9ffd.jpeg?fit=800%2C600&ssl=1","width":800,"height":600},{"@type":"BreadcrumbList","@id":"https:\/\/elregionalvm.com.ar\/noticias-villa-maria\/accastello-remitira-un-proyecto-de-ordenanza-para-reducir-la-velocidad-maxima-en-calles-de-la-ciudad\/#breadcrumb","itemListElement":[{"@type":"ListItem","position":1,"name":"Portada","item":"https:\/\/elregionalvm.com.ar\/noticias-villa-maria\/"},{"@type":"ListItem","position":2,"name":"Accastello remitir\u00e1 un proyecto de ordenanza para reducir la velocidad m\u00e1xima en calles de la ciudad"}]},{"@type":"WebSite","@id":"http:\/\/elregionalvm.com.ar\/noticias-villa-maria\/#website","url":"http:\/\/elregionalvm.com.ar\/noticias-villa-maria\/","name":"El Regional","description":"Mucho m\u00e1s que informaci\u00f3n","potentialAction":[{"@type":"SearchAction","target":{"@type":"EntryPoint","urlTemplate":"http:\/\/elregionalvm.com.ar\/noticias-villa-maria\/?s={search_term_string}"},"query-input":{"@type":"PropertyValueSpecification","valueRequired":true,"valueName":"search_term_string"}}],"inLanguage":"es"},{"@type":"Person","@id":"http:\/\/elregionalvm.com.ar\/noticias-villa-maria\/#\/schema\/person\/a0fb9c422317faca23d50163151bc354","name":"Contenidos El Regional","image":{"@type":"ImageObject","inLanguage":"es","@id":"http:\/\/elregionalvm.com.ar\/noticias-villa-maria\/#\/schema\/person\/image\/","url":"https:\/\/secure.gravatar.com\/avatar\/265b27cb2209af7bb3a1318f03305787d7981a5cc6e6cd08fe5a4ecdf99d4b48?s=96&d=mm&r=g","contentUrl":"https:\/\/secure.gravatar.com\/avatar\/265b27cb2209af7bb3a1318f03305787d7981a5cc6e6cd08fe5a4ecdf99d4b48?s=96&d=mm&r=g","caption":"Contenidos El Regional"},"url":"https:\/\/elregionalvm.com.ar\/noticias-villa-maria\/author\/contenido\/"}]}},"jetpack_featured_media_url":"https:\/\/i0.wp.com\/elregionalvm.com.ar\/noticias-villa-maria\/wp-content\/uploads\/2025\/12\/717bb376f3704cd391677ec023dc9ffd.jpeg?fit=800%2C600&ssl=1","jetpack_sharing_enabled":true,"_links":{"self":[{"href":"https:\/\/elregionalvm.com.ar\/noticias-villa-maria\/wp-json\/wp\/v2\/posts\/112960","targetHints":{"allow":["GET"]}}],"collection":[{"href":"https:\/\/elregionalvm.com.ar\/noticias-villa-maria\/wp-json\/wp\/v2\/posts"}],"about":[{"href":"https:\/\/elregionalvm.com.ar\/noticias-villa-maria\/wp-json\/wp\/v2\/types\/post"}],"author":[{"embeddable":true,"href":"https:\/\/elregionalvm.com.ar\/noticias-villa-maria\/wp-json\/wp\/v2\/users\/4"}],"replies":[{"embeddable":true,"href":"https:\/\/elregionalvm.com.ar\/noticias-villa-maria\/wp-json\/wp\/v2\/comments?post=112960"}],"version-history":[{"count":1,"href":"https:\/\/elregionalvm.com.ar\/noticias-villa-maria\/wp-json\/wp\/v2\/posts\/112960\/revisions"}],"predecessor-version":[{"id":112962,"href":"https:\/\/elregionalvm.com.ar\/noticias-villa-maria\/wp-json\/wp\/v2\/posts\/112960\/revisions\/112962"}],"wp:featuredmedia":[{"embeddable":true,"href":"https:\/\/elregionalvm.com.ar\/noticias-villa-maria\/wp-json\/wp\/v2\/media\/112961"}],"wp:attachment":[{"href":"https:\/\/elregionalvm.com.ar\/noticias-villa-maria\/wp-json\/wp\/v2\/media?parent=112960"}],"wp:term":[{"taxonomy":"category","embeddable":true,"href":"https:\/\/elregionalvm.com.ar\/noticias-villa-maria\/wp-json\/wp\/v2\/categories?post=112960"},{"taxonomy":"post_tag","embeddable":true,"href":"https:\/\/elregionalvm.com.ar\/noticias-villa-maria\/wp-json\/wp\/v2\/tags?post=112960"}],"curies":[{"name":"wp","href":"https:\/\/api.w.org\/{rel}","templated":true}]}}