{"id":113138,"date":"2026-01-07T03:04:39","date_gmt":"2026-01-07T03:04:39","guid":{"rendered":"https:\/\/elregionalvm.com.ar\/noticias-villa-maria\/?p=113138"},"modified":"2026-01-07T03:04:42","modified_gmt":"2026-01-07T03:04:42","slug":"se-esperan-tormentas-electricas-abundante-caida-fuertes-rafagas-de-viento-y-ocasional-caida-de-granizo-en-la-provincia","status":"publish","type":"post","link":"https:\/\/elregionalvm.com.ar\/noticias-villa-maria\/se-esperan-tormentas-electricas-abundante-caida-fuertes-rafagas-de-viento-y-ocasional-caida-de-granizo-en-la-provincia\/","title":{"rendered":"Se esperan tormentas el\u00e9ctricas, abundante ca\u00edda, fuertes r\u00e1fagas de viento y ocasional ca\u00edda de granizo en la provincia"},"content":{"rendered":"\n<p>La Secretar\u00eda de Gesti\u00f3n de Riesgo Clim\u00e1tico, Cat\u00e1strofes y Protecci\u00f3n Civil, dependiente del Ministerio de Seguridad, informa a la poblaci\u00f3n que se encuentra vigente una alerta amarilla emitida por el Servicio Meteorol\u00f3gico Nacional para distintos puntos de la provincia.<\/p>\n\n\n\n<p>Seg\u00fan el organismo oficial, se esperan tormentas acompa\u00f1adas por viento sur, con posibilidad de abundante ca\u00edda de agua en cortos per\u00edodos de tiempo en algunas localidades. El fen\u00f3meno podr\u00eda incluir adem\u00e1s tormentas el\u00e9ctricas, fuertes r\u00e1fagas de viento y ca\u00edda ocasional de granizo.<\/p>\n\n\n\n<p>Por tal motivo, se recomienda a la poblaci\u00f3n evitar realizar actividades al aire libre y no circular durante el desarrollo de las tormentas, a fin de prevenir situaciones de riesgo.<\/p>\n\n\n\n<p>Desde la Secretar\u00eda de Gesti\u00f3n de Riesgo se continuar\u00e1 monitoreando la evoluci\u00f3n de las condiciones clim\u00e1ticas y se mantendr\u00e1 informada a la comunidad a trav\u00e9s de los canales oficiales.<\/p>\n","protected":false},"excerpt":{"rendered":"<p>La Secretar\u00eda de Gesti\u00f3n de Riesgo Clim\u00e1tico, Cat\u00e1strofes y Protecci\u00f3n Civil, dependiente del Ministerio de Seguridad, informa a la poblaci\u00f3n que se encuentra vigente una alerta amarilla emitida por el Servicio Meteorol\u00f3gico Nacional para distintos puntos de la provincia. Seg\u00fan el organismo oficial, se esperan tormentas acompa\u00f1adas por viento sur, con posibilidad de abundante ca\u00edda [&hellip;]<\/p>\n","protected":false},"author":4,"featured_media":113139,"comment_status":"open","ping_status":"open","sticky":false,"template":"","format":"standard","meta":{"site-sidebar-layout":"default","site-content-layout":"","ast-site-content-layout":"default","site-content-style":"default","site-sidebar-style":"default","ast-global-header-display":"","ast-banner-title-visibility":"","ast-main-header-display":"","ast-hfb-above-header-display":"","ast-hfb-below-header-display":"","ast-hfb-mobile-header-display":"","site-post-title":"","ast-breadcrumbs-content":"","ast-featured-img":"","footer-sml-layout":"","ast-disable-related-posts":"","theme-transparent-header-meta":"","adv-header-id-meta":"","stick-header-meta":"","header-above-stick-meta":"","header-main-stick-meta":"","header-below-stick-meta":"","astra-migrate-meta-layouts":"set","ast-page-background-enabled":"default","ast-page-background-meta":{"desktop":{"background-color":"","background-image":"","background-repeat":"repeat","background-position":"center center","background-size":"auto","background-attachment":"scroll","background-type":"","background-media":"","overlay-type":"","overlay-color":"","overlay-opacity":"","overlay-gradient":""},"tablet":{"background-color":"","background-image":"","background-repeat":"repeat","background-position":"center center","background-size":"auto","background-attachment":"scroll","background-type":"","background-media":"","overlay-type":"","overlay-color":"","overlay-opacity":"","overlay-gradient":""},"mobile":{"background-color":"","background-image":"","background-repeat":"repeat","background-position":"center center","background-size":"auto","background-attachment":"scroll","background-type":"","background-media":"","overlay-type":"","overlay-color":"","overlay-opacity":"","overlay-gradient":""}},"ast-content-background-meta":{"desktop":{"background-color":"var(--ast-global-color-5)","background-image":"","background-repeat":"repeat","background-position":"center center","background-size":"auto","background-attachment":"scroll","background-type":"","background-media":"","overlay-type":"","overlay-color":"","overlay-opacity":"","overlay-gradient":""},"tablet":{"background-color":"var(--ast-global-color-5)","background-image":"","background-repeat":"repeat","background-position":"center center","background-size":"auto","background-attachment":"scroll","background-type":"","background-media":"","overlay-type":"","overlay-color":"","overlay-opacity":"","overlay-gradient":""},"mobile":{"background-color":"var(--ast-global-color-5)","background-image":"","background-repeat":"repeat","background-position":"center center","background-size":"auto","background-attachment":"scroll","background-type":"","background-media":"","overlay-type":"","overlay-color":"","overlay-opacity":"","overlay-gradient":""}},"_jetpack_memberships_contains_paid_content":false,"_joinchat":[],"footnotes":""},"categories":[15302,16095],"tags":[],"class_list":["post-113138","post","type-post","status-publish","format-standard","has-post-thumbnail","hentry","category-destacado","category-provinciales"],"yoast_head":"<!-- This site is optimized with the Yoast SEO plugin v26.8 - https:\/\/yoast.com\/product\/yoast-seo-wordpress\/ -->\n<title>Se esperan tormentas el\u00e9ctricas, abundante ca\u00edda, fuertes r\u00e1fagas de viento y ocasional ca\u00edda de granizo en la provincia - El Regional<\/title>\n<meta name=\"robots\" content=\"index, follow, max-snippet:-1, max-image-preview:large, max-video-preview:-1\" \/>\n<link rel=\"canonical\" href=\"https:\/\/elregionalvm.com.ar\/noticias-villa-maria\/se-esperan-tormentas-electricas-abundante-caida-fuertes-rafagas-de-viento-y-ocasional-caida-de-granizo-en-la-provincia\/\" \/>\n<meta property=\"og:locale\" content=\"es_ES\" \/>\n<meta property=\"og:type\" content=\"article\" \/>\n<meta property=\"og:title\" content=\"Se esperan tormentas el\u00e9ctricas, abundante ca\u00edda, fuertes r\u00e1fagas de viento y ocasional ca\u00edda de granizo en la provincia - El Regional\" \/>\n<meta property=\"og:description\" content=\"La Secretar\u00eda de Gesti\u00f3n de Riesgo Clim\u00e1tico, Cat\u00e1strofes y Protecci\u00f3n Civil, dependiente del Ministerio de Seguridad, informa a la poblaci\u00f3n que se encuentra vigente una alerta amarilla emitida por el Servicio Meteorol\u00f3gico Nacional para distintos puntos de la provincia. Seg\u00fan el organismo oficial, se esperan tormentas acompa\u00f1adas por viento sur, con posibilidad de abundante ca\u00edda [&hellip;]\" \/>\n<meta property=\"og:url\" content=\"https:\/\/elregionalvm.com.ar\/noticias-villa-maria\/se-esperan-tormentas-electricas-abundante-caida-fuertes-rafagas-de-viento-y-ocasional-caida-de-granizo-en-la-provincia\/\" \/>\n<meta property=\"og:site_name\" content=\"El Regional\" \/>\n<meta property=\"article:publisher\" content=\"https:\/\/www.facebook.com\/elregionalvm\" \/>\n<meta property=\"article:published_time\" content=\"2026-01-07T03:04:39+00:00\" \/>\n<meta property=\"article:modified_time\" content=\"2026-01-07T03:04:42+00:00\" \/>\n<meta property=\"og:image\" content=\"https:\/\/elregionalvm.com.ar\/noticias-villa-maria\/wp-content\/uploads\/2026\/01\/tormenta1746363769_o.jpg\" \/>\n\t<meta property=\"og:image:width\" content=\"624\" \/>\n\t<meta property=\"og:image:height\" content=\"414\" \/>\n\t<meta property=\"og:image:type\" content=\"image\/jpeg\" \/>\n<meta name=\"author\" content=\"Contenidos El Regional\" \/>\n<meta name=\"twitter:card\" content=\"summary_large_image\" \/>\n<meta name=\"twitter:creator\" content=\"@elregionalvm1\" \/>\n<meta name=\"twitter:site\" content=\"@elregionalvm1\" \/>\n<meta name=\"twitter:label1\" content=\"Escrito por\" \/>\n\t<meta name=\"twitter:data1\" content=\"Contenidos El Regional\" \/>\n\t<meta name=\"twitter:label2\" content=\"Tiempo de lectura\" \/>\n\t<meta name=\"twitter:data2\" content=\"1 minuto\" \/>\n<script type=\"application\/ld+json\" class=\"yoast-schema-graph\">{\"@context\":\"https:\/\/schema.org\",\"@graph\":[{\"@type\":\"Article\",\"@id\":\"https:\/\/elregionalvm.com.ar\/noticias-villa-maria\/se-esperan-tormentas-electricas-abundante-caida-fuertes-rafagas-de-viento-y-ocasional-caida-de-granizo-en-la-provincia\/#article\",\"isPartOf\":{\"@id\":\"https:\/\/elregionalvm.com.ar\/noticias-villa-maria\/se-esperan-tormentas-electricas-abundante-caida-fuertes-rafagas-de-viento-y-ocasional-caida-de-granizo-en-la-provincia\/\"},\"author\":{\"name\":\"Contenidos El Regional\",\"@id\":\"http:\/\/elregionalvm.com.ar\/noticias-villa-maria\/#\/schema\/person\/a0fb9c422317faca23d50163151bc354\"},\"headline\":\"Se esperan tormentas el\u00e9ctricas, abundante ca\u00edda, fuertes r\u00e1fagas de viento y ocasional ca\u00edda de granizo en la provincia\",\"datePublished\":\"2026-01-07T03:04:39+00:00\",\"dateModified\":\"2026-01-07T03:04:42+00:00\",\"mainEntityOfPage\":{\"@id\":\"https:\/\/elregionalvm.com.ar\/noticias-villa-maria\/se-esperan-tormentas-electricas-abundante-caida-fuertes-rafagas-de-viento-y-ocasional-caida-de-granizo-en-la-provincia\/\"},\"wordCount\":185,\"commentCount\":0,\"image\":{\"@id\":\"https:\/\/elregionalvm.com.ar\/noticias-villa-maria\/se-esperan-tormentas-electricas-abundante-caida-fuertes-rafagas-de-viento-y-ocasional-caida-de-granizo-en-la-provincia\/#primaryimage\"},\"thumbnailUrl\":\"https:\/\/i0.wp.com\/elregionalvm.com.ar\/noticias-villa-maria\/wp-content\/uploads\/2026\/01\/tormenta1746363769_o.jpg?fit=624%2C414&ssl=1\",\"articleSection\":[\"destacado\",\"Provinciales\"],\"inLanguage\":\"es\",\"potentialAction\":[{\"@type\":\"CommentAction\",\"name\":\"Comment\",\"target\":[\"https:\/\/elregionalvm.com.ar\/noticias-villa-maria\/se-esperan-tormentas-electricas-abundante-caida-fuertes-rafagas-de-viento-y-ocasional-caida-de-granizo-en-la-provincia\/#respond\"]}]},{\"@type\":\"WebPage\",\"@id\":\"https:\/\/elregionalvm.com.ar\/noticias-villa-maria\/se-esperan-tormentas-electricas-abundante-caida-fuertes-rafagas-de-viento-y-ocasional-caida-de-granizo-en-la-provincia\/\",\"url\":\"https:\/\/elregionalvm.com.ar\/noticias-villa-maria\/se-esperan-tormentas-electricas-abundante-caida-fuertes-rafagas-de-viento-y-ocasional-caida-de-granizo-en-la-provincia\/\",\"name\":\"Se esperan tormentas el\u00e9ctricas, abundante ca\u00edda, fuertes r\u00e1fagas de viento y ocasional ca\u00edda de granizo en la provincia - El Regional\",\"isPartOf\":{\"@id\":\"http:\/\/elregionalvm.com.ar\/noticias-villa-maria\/#website\"},\"primaryImageOfPage\":{\"@id\":\"https:\/\/elregionalvm.com.ar\/noticias-villa-maria\/se-esperan-tormentas-electricas-abundante-caida-fuertes-rafagas-de-viento-y-ocasional-caida-de-granizo-en-la-provincia\/#primaryimage\"},\"image\":{\"@id\":\"https:\/\/elregionalvm.com.ar\/noticias-villa-maria\/se-esperan-tormentas-electricas-abundante-caida-fuertes-rafagas-de-viento-y-ocasional-caida-de-granizo-en-la-provincia\/#primaryimage\"},\"thumbnailUrl\":\"https:\/\/i0.wp.com\/elregionalvm.com.ar\/noticias-villa-maria\/wp-content\/uploads\/2026\/01\/tormenta1746363769_o.jpg?fit=624%2C414&ssl=1\",\"datePublished\":\"2026-01-07T03:04:39+00:00\",\"dateModified\":\"2026-01-07T03:04:42+00:00\",\"author\":{\"@id\":\"http:\/\/elregionalvm.com.ar\/noticias-villa-maria\/#\/schema\/person\/a0fb9c422317faca23d50163151bc354\"},\"breadcrumb\":{\"@id\":\"https:\/\/elregionalvm.com.ar\/noticias-villa-maria\/se-esperan-tormentas-electricas-abundante-caida-fuertes-rafagas-de-viento-y-ocasional-caida-de-granizo-en-la-provincia\/#breadcrumb\"},\"inLanguage\":\"es\",\"potentialAction\":[{\"@type\":\"ReadAction\",\"target\":[\"https:\/\/elregionalvm.com.ar\/noticias-villa-maria\/se-esperan-tormentas-electricas-abundante-caida-fuertes-rafagas-de-viento-y-ocasional-caida-de-granizo-en-la-provincia\/\"]}]},{\"@type\":\"ImageObject\",\"inLanguage\":\"es\",\"@id\":\"https:\/\/elregionalvm.com.ar\/noticias-villa-maria\/se-esperan-tormentas-electricas-abundante-caida-fuertes-rafagas-de-viento-y-ocasional-caida-de-granizo-en-la-provincia\/#primaryimage\",\"url\":\"https:\/\/i0.wp.com\/elregionalvm.com.ar\/noticias-villa-maria\/wp-content\/uploads\/2026\/01\/tormenta1746363769_o.jpg?fit=624%2C414&ssl=1\",\"contentUrl\":\"https:\/\/i0.wp.com\/elregionalvm.com.ar\/noticias-villa-maria\/wp-content\/uploads\/2026\/01\/tormenta1746363769_o.jpg?fit=624%2C414&ssl=1\",\"width\":624,\"height\":414},{\"@type\":\"BreadcrumbList\",\"@id\":\"https:\/\/elregionalvm.com.ar\/noticias-villa-maria\/se-esperan-tormentas-electricas-abundante-caida-fuertes-rafagas-de-viento-y-ocasional-caida-de-granizo-en-la-provincia\/#breadcrumb\",\"itemListElement\":[{\"@type\":\"ListItem\",\"position\":1,\"name\":\"Portada\",\"item\":\"https:\/\/elregionalvm.com.ar\/noticias-villa-maria\/\"},{\"@type\":\"ListItem\",\"position\":2,\"name\":\"Se esperan tormentas el\u00e9ctricas, abundante ca\u00edda, fuertes r\u00e1fagas de viento y ocasional ca\u00edda de granizo en la provincia\"}]},{\"@type\":\"WebSite\",\"@id\":\"http:\/\/elregionalvm.com.ar\/noticias-villa-maria\/#website\",\"url\":\"http:\/\/elregionalvm.com.ar\/noticias-villa-maria\/\",\"name\":\"El Regional\",\"description\":\"Mucho m\u00e1s que informaci\u00f3n\",\"potentialAction\":[{\"@type\":\"SearchAction\",\"target\":{\"@type\":\"EntryPoint\",\"urlTemplate\":\"http:\/\/elregionalvm.com.ar\/noticias-villa-maria\/?s={search_term_string}\"},\"query-input\":{\"@type\":\"PropertyValueSpecification\",\"valueRequired\":true,\"valueName\":\"search_term_string\"}}],\"inLanguage\":\"es\"},{\"@type\":\"Person\",\"@id\":\"http:\/\/elregionalvm.com.ar\/noticias-villa-maria\/#\/schema\/person\/a0fb9c422317faca23d50163151bc354\",\"name\":\"Contenidos El Regional\",\"image\":{\"@type\":\"ImageObject\",\"inLanguage\":\"es\",\"@id\":\"http:\/\/elregionalvm.com.ar\/noticias-villa-maria\/#\/schema\/person\/image\/\",\"url\":\"https:\/\/secure.gravatar.com\/avatar\/265b27cb2209af7bb3a1318f03305787d7981a5cc6e6cd08fe5a4ecdf99d4b48?s=96&d=mm&r=g\",\"contentUrl\":\"https:\/\/secure.gravatar.com\/avatar\/265b27cb2209af7bb3a1318f03305787d7981a5cc6e6cd08fe5a4ecdf99d4b48?s=96&d=mm&r=g\",\"caption\":\"Contenidos El Regional\"},\"url\":\"https:\/\/elregionalvm.com.ar\/noticias-villa-maria\/author\/contenido\/\"}]}<\/script>\n<!-- \/ Yoast SEO plugin. -->","yoast_head_json":{"title":"Se esperan tormentas el\u00e9ctricas, abundante ca\u00edda, fuertes r\u00e1fagas de viento y ocasional ca\u00edda de granizo en la provincia - El Regional","robots":{"index":"index","follow":"follow","max-snippet":"max-snippet:-1","max-image-preview":"max-image-preview:large","max-video-preview":"max-video-preview:-1"},"canonical":"https:\/\/elregionalvm.com.ar\/noticias-villa-maria\/se-esperan-tormentas-electricas-abundante-caida-fuertes-rafagas-de-viento-y-ocasional-caida-de-granizo-en-la-provincia\/","og_locale":"es_ES","og_type":"article","og_title":"Se esperan tormentas el\u00e9ctricas, abundante ca\u00edda, fuertes r\u00e1fagas de viento y ocasional ca\u00edda de granizo en la provincia - El Regional","og_description":"La Secretar\u00eda de Gesti\u00f3n de Riesgo Clim\u00e1tico, Cat\u00e1strofes y Protecci\u00f3n Civil, dependiente del Ministerio de Seguridad, informa a la poblaci\u00f3n que se encuentra vigente una alerta amarilla emitida por el Servicio Meteorol\u00f3gico Nacional para distintos puntos de la provincia. Seg\u00fan el organismo oficial, se esperan tormentas acompa\u00f1adas por viento sur, con posibilidad de abundante ca\u00edda [&hellip;]","og_url":"https:\/\/elregionalvm.com.ar\/noticias-villa-maria\/se-esperan-tormentas-electricas-abundante-caida-fuertes-rafagas-de-viento-y-ocasional-caida-de-granizo-en-la-provincia\/","og_site_name":"El Regional","article_publisher":"https:\/\/www.facebook.com\/elregionalvm","article_published_time":"2026-01-07T03:04:39+00:00","article_modified_time":"2026-01-07T03:04:42+00:00","og_image":[{"width":624,"height":414,"url":"https:\/\/elregionalvm.com.ar\/noticias-villa-maria\/wp-content\/uploads\/2026\/01\/tormenta1746363769_o.jpg","type":"image\/jpeg"}],"author":"Contenidos El Regional","twitter_card":"summary_large_image","twitter_creator":"@elregionalvm1","twitter_site":"@elregionalvm1","twitter_misc":{"Escrito por":"Contenidos El Regional","Tiempo de lectura":"1 minuto"},"schema":{"@context":"https:\/\/schema.org","@graph":[{"@type":"Article","@id":"https:\/\/elregionalvm.com.ar\/noticias-villa-maria\/se-esperan-tormentas-electricas-abundante-caida-fuertes-rafagas-de-viento-y-ocasional-caida-de-granizo-en-la-provincia\/#article","isPartOf":{"@id":"https:\/\/elregionalvm.com.ar\/noticias-villa-maria\/se-esperan-tormentas-electricas-abundante-caida-fuertes-rafagas-de-viento-y-ocasional-caida-de-granizo-en-la-provincia\/"},"author":{"name":"Contenidos El Regional","@id":"http:\/\/elregionalvm.com.ar\/noticias-villa-maria\/#\/schema\/person\/a0fb9c422317faca23d50163151bc354"},"headline":"Se esperan tormentas el\u00e9ctricas, abundante ca\u00edda, fuertes r\u00e1fagas de viento y ocasional ca\u00edda de granizo en la provincia","datePublished":"2026-01-07T03:04:39+00:00","dateModified":"2026-01-07T03:04:42+00:00","mainEntityOfPage":{"@id":"https:\/\/elregionalvm.com.ar\/noticias-villa-maria\/se-esperan-tormentas-electricas-abundante-caida-fuertes-rafagas-de-viento-y-ocasional-caida-de-granizo-en-la-provincia\/"},"wordCount":185,"commentCount":0,"image":{"@id":"https:\/\/elregionalvm.com.ar\/noticias-villa-maria\/se-esperan-tormentas-electricas-abundante-caida-fuertes-rafagas-de-viento-y-ocasional-caida-de-granizo-en-la-provincia\/#primaryimage"},"thumbnailUrl":"https:\/\/i0.wp.com\/elregionalvm.com.ar\/noticias-villa-maria\/wp-content\/uploads\/2026\/01\/tormenta1746363769_o.jpg?fit=624%2C414&ssl=1","articleSection":["destacado","Provinciales"],"inLanguage":"es","potentialAction":[{"@type":"CommentAction","name":"Comment","target":["https:\/\/elregionalvm.com.ar\/noticias-villa-maria\/se-esperan-tormentas-electricas-abundante-caida-fuertes-rafagas-de-viento-y-ocasional-caida-de-granizo-en-la-provincia\/#respond"]}]},{"@type":"WebPage","@id":"https:\/\/elregionalvm.com.ar\/noticias-villa-maria\/se-esperan-tormentas-electricas-abundante-caida-fuertes-rafagas-de-viento-y-ocasional-caida-de-granizo-en-la-provincia\/","url":"https:\/\/elregionalvm.com.ar\/noticias-villa-maria\/se-esperan-tormentas-electricas-abundante-caida-fuertes-rafagas-de-viento-y-ocasional-caida-de-granizo-en-la-provincia\/","name":"Se esperan tormentas el\u00e9ctricas, abundante ca\u00edda, fuertes r\u00e1fagas de viento y ocasional ca\u00edda de granizo en la provincia - El Regional","isPartOf":{"@id":"http:\/\/elregionalvm.com.ar\/noticias-villa-maria\/#website"},"primaryImageOfPage":{"@id":"https:\/\/elregionalvm.com.ar\/noticias-villa-maria\/se-esperan-tormentas-electricas-abundante-caida-fuertes-rafagas-de-viento-y-ocasional-caida-de-granizo-en-la-provincia\/#primaryimage"},"image":{"@id":"https:\/\/elregionalvm.com.ar\/noticias-villa-maria\/se-esperan-tormentas-electricas-abundante-caida-fuertes-rafagas-de-viento-y-ocasional-caida-de-granizo-en-la-provincia\/#primaryimage"},"thumbnailUrl":"https:\/\/i0.wp.com\/elregionalvm.com.ar\/noticias-villa-maria\/wp-content\/uploads\/2026\/01\/tormenta1746363769_o.jpg?fit=624%2C414&ssl=1","datePublished":"2026-01-07T03:04:39+00:00","dateModified":"2026-01-07T03:04:42+00:00","author":{"@id":"http:\/\/elregionalvm.com.ar\/noticias-villa-maria\/#\/schema\/person\/a0fb9c422317faca23d50163151bc354"},"breadcrumb":{"@id":"https:\/\/elregionalvm.com.ar\/noticias-villa-maria\/se-esperan-tormentas-electricas-abundante-caida-fuertes-rafagas-de-viento-y-ocasional-caida-de-granizo-en-la-provincia\/#breadcrumb"},"inLanguage":"es","potentialAction":[{"@type":"ReadAction","target":["https:\/\/elregionalvm.com.ar\/noticias-villa-maria\/se-esperan-tormentas-electricas-abundante-caida-fuertes-rafagas-de-viento-y-ocasional-caida-de-granizo-en-la-provincia\/"]}]},{"@type":"ImageObject","inLanguage":"es","@id":"https:\/\/elregionalvm.com.ar\/noticias-villa-maria\/se-esperan-tormentas-electricas-abundante-caida-fuertes-rafagas-de-viento-y-ocasional-caida-de-granizo-en-la-provincia\/#primaryimage","url":"https:\/\/i0.wp.com\/elregionalvm.com.ar\/noticias-villa-maria\/wp-content\/uploads\/2026\/01\/tormenta1746363769_o.jpg?fit=624%2C414&ssl=1","contentUrl":"https:\/\/i0.wp.com\/elregionalvm.com.ar\/noticias-villa-maria\/wp-content\/uploads\/2026\/01\/tormenta1746363769_o.jpg?fit=624%2C414&ssl=1","width":624,"height":414},{"@type":"BreadcrumbList","@id":"https:\/\/elregionalvm.com.ar\/noticias-villa-maria\/se-esperan-tormentas-electricas-abundante-caida-fuertes-rafagas-de-viento-y-ocasional-caida-de-granizo-en-la-provincia\/#breadcrumb","itemListElement":[{"@type":"ListItem","position":1,"name":"Portada","item":"https:\/\/elregionalvm.com.ar\/noticias-villa-maria\/"},{"@type":"ListItem","position":2,"name":"Se esperan tormentas el\u00e9ctricas, abundante ca\u00edda, fuertes r\u00e1fagas de viento y ocasional ca\u00edda de granizo en la provincia"}]},{"@type":"WebSite","@id":"http:\/\/elregionalvm.com.ar\/noticias-villa-maria\/#website","url":"http:\/\/elregionalvm.com.ar\/noticias-villa-maria\/","name":"El Regional","description":"Mucho m\u00e1s que informaci\u00f3n","potentialAction":[{"@type":"SearchAction","target":{"@type":"EntryPoint","urlTemplate":"http:\/\/elregionalvm.com.ar\/noticias-villa-maria\/?s={search_term_string}"},"query-input":{"@type":"PropertyValueSpecification","valueRequired":true,"valueName":"search_term_string"}}],"inLanguage":"es"},{"@type":"Person","@id":"http:\/\/elregionalvm.com.ar\/noticias-villa-maria\/#\/schema\/person\/a0fb9c422317faca23d50163151bc354","name":"Contenidos El Regional","image":{"@type":"ImageObject","inLanguage":"es","@id":"http:\/\/elregionalvm.com.ar\/noticias-villa-maria\/#\/schema\/person\/image\/","url":"https:\/\/secure.gravatar.com\/avatar\/265b27cb2209af7bb3a1318f03305787d7981a5cc6e6cd08fe5a4ecdf99d4b48?s=96&d=mm&r=g","contentUrl":"https:\/\/secure.gravatar.com\/avatar\/265b27cb2209af7bb3a1318f03305787d7981a5cc6e6cd08fe5a4ecdf99d4b48?s=96&d=mm&r=g","caption":"Contenidos El Regional"},"url":"https:\/\/elregionalvm.com.ar\/noticias-villa-maria\/author\/contenido\/"}]}},"jetpack_featured_media_url":"https:\/\/i0.wp.com\/elregionalvm.com.ar\/noticias-villa-maria\/wp-content\/uploads\/2026\/01\/tormenta1746363769_o.jpg?fit=624%2C414&ssl=1","jetpack_sharing_enabled":true,"_links":{"self":[{"href":"https:\/\/elregionalvm.com.ar\/noticias-villa-maria\/wp-json\/wp\/v2\/posts\/113138","targetHints":{"allow":["GET"]}}],"collection":[{"href":"https:\/\/elregionalvm.com.ar\/noticias-villa-maria\/wp-json\/wp\/v2\/posts"}],"about":[{"href":"https:\/\/elregionalvm.com.ar\/noticias-villa-maria\/wp-json\/wp\/v2\/types\/post"}],"author":[{"embeddable":true,"href":"https:\/\/elregionalvm.com.ar\/noticias-villa-maria\/wp-json\/wp\/v2\/users\/4"}],"replies":[{"embeddable":true,"href":"https:\/\/elregionalvm.com.ar\/noticias-villa-maria\/wp-json\/wp\/v2\/comments?post=113138"}],"version-history":[{"count":1,"href":"https:\/\/elregionalvm.com.ar\/noticias-villa-maria\/wp-json\/wp\/v2\/posts\/113138\/revisions"}],"predecessor-version":[{"id":113140,"href":"https:\/\/elregionalvm.com.ar\/noticias-villa-maria\/wp-json\/wp\/v2\/posts\/113138\/revisions\/113140"}],"wp:featuredmedia":[{"embeddable":true,"href":"https:\/\/elregionalvm.com.ar\/noticias-villa-maria\/wp-json\/wp\/v2\/media\/113139"}],"wp:attachment":[{"href":"https:\/\/elregionalvm.com.ar\/noticias-villa-maria\/wp-json\/wp\/v2\/media?parent=113138"}],"wp:term":[{"taxonomy":"category","embeddable":true,"href":"https:\/\/elregionalvm.com.ar\/noticias-villa-maria\/wp-json\/wp\/v2\/categories?post=113138"},{"taxonomy":"post_tag","embeddable":true,"href":"https:\/\/elregionalvm.com.ar\/noticias-villa-maria\/wp-json\/wp\/v2\/tags?post=113138"}],"curies":[{"name":"wp","href":"https:\/\/api.w.org\/{rel}","templated":true}]}}