{"id":113147,"date":"2026-01-07T03:42:22","date_gmt":"2026-01-07T03:42:22","guid":{"rendered":"https:\/\/elregionalvm.com.ar\/noticias-villa-maria\/?p=113147"},"modified":"2026-01-07T03:42:24","modified_gmt":"2026-01-07T03:42:24","slug":"se-firmo-el-acta-de-inicio-de-la-obra-proteccion-margenes-del-rio-tercero-tramo-puente-velez-sarsfield-obra-de-defensa-costanera","status":"publish","type":"post","link":"https:\/\/elregionalvm.com.ar\/noticias-villa-maria\/se-firmo-el-acta-de-inicio-de-la-obra-proteccion-margenes-del-rio-tercero-tramo-puente-velez-sarsfield-obra-de-defensa-costanera\/","title":{"rendered":"Se firm\u00f3 el acta de inicio de la obra \u201cProtecci\u00f3n M\u00e1rgenes del R\u00edo Tercero \u2013 Tramo Puente V\u00e9lez Sarsfield \u2013 Obra de Defensa Costanera\u201d"},"content":{"rendered":"\n<p>El proyecto, tiene como objetivo dar respuesta a una problem\u00e1tica estructural mediante la recuperaci\u00f3n de la infraestructura del antiguo puente y la ejecuci\u00f3n de diversas obras h\u00eddricas sobre la margen del r\u00edo.<\/p>\n\n\n\n<p>Participaron de la firma el presidente del Concejo Deliberante a cargo de la coordinaci\u00f3n del poder Ejecutivo, Juan Pablo Inglese; el subsecretario de Infraestructura H\u00eddrica del Ministerio de Infraestructura y Servicios P\u00fablicos de la provincia, Juan Pablo Toneatto; el secretario de Infraestructura y Desarrollo Sostenible del Municipio, Rodrigo Fuyana y el titular la empresa adjudicataria \u201cConcamer\u201d, Oscar Cameranesi.&nbsp;<\/p>\n\n\n\n<p>La inversi\u00f3n ser\u00e1 realizada por el Gobierno provincial y contar\u00e1 con un presupuesto superior a los 2.200 millones de pesos.&nbsp;<\/p>\n\n\n\n<p>Al respecto, Juan Pablo Inglese, expres\u00f3:<em>&nbsp;\u201cSuscribimos el acta de inicio de obra de una gesti\u00f3n que llev\u00f3 adelante el intendente Accastello, una obra que va a traer muchos beneficios para nuestra ciudad y la vecina ciudad de Villa Nueva, que aportar\u00e1 seguridad y protecci\u00f3n en nuestra costanera, junto con la recuperaci\u00f3n patrimonial del puente que, transformado en miradores, va a embellecer nuestra costanera y a generar m\u00e1s atractivos tur\u00edsticos\u201d.<\/em><\/p>\n\n\n\n<p>Por su parte, el subsecretario Infraestructura H\u00eddrica, Juan Pablo Toneatto, detall\u00f3:&nbsp;<em>\u201cLa obra se divide en tres sectores: uno es el desmontaje del puente hist\u00f3rico V\u00e9lez Sarsfield, el cual se va a disponer en los sectores laterales. Otro sector es la protecci\u00f3n, a la altura del puente Per\u00f3n y por 250 metros aguas abajo, sobre la margen derecha, y el tercer frente de obra se va a desarrollar aguas arriba del Anfiteatro, sobre la margen izquierda, donde se va a construir un alteo que va a mejorar el funcionamiento del r\u00edo y va a generar un espacio para que los vecinos puedan utilizar y convivir con el r\u00edo\u201d. &nbsp;<\/em><\/p>\n\n\n\n<p><em>\u201cLa obra ya comenz\u00f3 con personal haciendo el relevamiento topogr\u00e1fico y una retroexcavadora para trabajar en el cauce. La intervenci\u00f3n tiene un plazo de 270 d\u00edas si el clima y las condiciones del r\u00edo as\u00ed lo permiten\u201d,<\/em>&nbsp;cerr\u00f3 el funcionario.&nbsp;<\/p>\n\n\n\n<p><strong>Acerca de las tareas&nbsp;<\/strong><\/p>\n\n\n\n<p>En este sentido, la obra permitir\u00e1 reducir significativamente el riesgo de desbordes. Para dar respuesta a esta situaci\u00f3n, se prev\u00e9 la construcci\u00f3n de un aliviador de canal sobre la margen izquierda y, del lado de Villa Nueva, la ejecuci\u00f3n de una protecci\u00f3n mediante gaviones, con el objetivo de frenar el avance de la erosi\u00f3n.<\/p>\n\n\n\n<p>La intervenci\u00f3n contempla la protecci\u00f3n longitudinal de aproximadamente 250 metros sobre la margen derecha del r\u00edo Ctalamochita, aguas abajo del puente Per\u00f3n, mediante la colocaci\u00f3n de elementos modulares tipo gavi\u00f3n caja y colchonetas de gaviones, adem\u00e1s de la limpieza del cauce en ese sector.<\/p>\n\n\n\n<p>Por otro lado, se proyecta una defensa contra inundaciones en la costanera de Villa Mar\u00eda, en el tramo comprendido entre las calles Los Glaciares\/Calafate y el Anfiteatro.&nbsp;<\/p>\n\n\n\n<p>En paralelo, el proyecto incluye la creaci\u00f3n de un nuevo paseo que conectar\u00e1 el barrio Vista Verde con la Costanera, permitiendo el recorrido peatonal sobre el albard\u00f3n.&nbsp;<\/p>\n\n\n\n<p>En cuanto al antiguo puente V\u00e9lez S\u00e1rsfield, su estructura ser\u00e1 retirada del cauce y reutilizada para la construcci\u00f3n de miradores, con el fin de poner en valor este patrimonio hist\u00f3rico de la ciudad.<\/p>\n\n\n\n<p>Estas acciones reflejan el compromiso del municipio con la prevenci\u00f3n de riesgos h\u00eddricos, la protecci\u00f3n de la infraestructura urbana y la puesta en valor del patrimonio hist\u00f3rico local.<\/p>\n\n\n\n<p>De la actividad tambi\u00e9n participaron el subsecretario de Unidad Intendencia, Mart\u00edn Ruiz y el ingeniero Marcelo Garc\u00eda, de la Facultad de Ciencias Exactas, F\u00edsicas y Naturales de la Universidad Nacional de C\u00f3rdoba, entre otras autoridades.<\/p>\n","protected":false},"excerpt":{"rendered":"<p>El proyecto, tiene como objetivo dar respuesta a una problem\u00e1tica estructural mediante la recuperaci\u00f3n de la infraestructura del antiguo puente y la ejecuci\u00f3n de diversas obras h\u00eddricas sobre la margen del r\u00edo. Participaron de la firma el presidente del Concejo Deliberante a cargo de la coordinaci\u00f3n del poder Ejecutivo, Juan Pablo Inglese; el subsecretario de [&hellip;]<\/p>\n","protected":false},"author":4,"featured_media":113148,"comment_status":"open","ping_status":"open","sticky":false,"template":"","format":"standard","meta":{"site-sidebar-layout":"default","site-content-layout":"","ast-site-content-layout":"default","site-content-style":"default","site-sidebar-style":"default","ast-global-header-display":"","ast-banner-title-visibility":"","ast-main-header-display":"","ast-hfb-above-header-display":"","ast-hfb-below-header-display":"","ast-hfb-mobile-header-display":"","site-post-title":"","ast-breadcrumbs-content":"","ast-featured-img":"","footer-sml-layout":"","ast-disable-related-posts":"","theme-transparent-header-meta":"","adv-header-id-meta":"","stick-header-meta":"","header-above-stick-meta":"","header-main-stick-meta":"","header-below-stick-meta":"","astra-migrate-meta-layouts":"set","ast-page-background-enabled":"default","ast-page-background-meta":{"desktop":{"background-color":"","background-image":"","background-repeat":"repeat","background-position":"center center","background-size":"auto","background-attachment":"scroll","background-type":"","background-media":"","overlay-type":"","overlay-color":"","overlay-opacity":"","overlay-gradient":""},"tablet":{"background-color":"","background-image":"","background-repeat":"repeat","background-position":"center center","background-size":"auto","background-attachment":"scroll","background-type":"","background-media":"","overlay-type":"","overlay-color":"","overlay-opacity":"","overlay-gradient":""},"mobile":{"background-color":"","background-image":"","background-repeat":"repeat","background-position":"center center","background-size":"auto","background-attachment":"scroll","background-type":"","background-media":"","overlay-type":"","overlay-color":"","overlay-opacity":"","overlay-gradient":""}},"ast-content-background-meta":{"desktop":{"background-color":"var(--ast-global-color-5)","background-image":"","background-repeat":"repeat","background-position":"center center","background-size":"auto","background-attachment":"scroll","background-type":"","background-media":"","overlay-type":"","overlay-color":"","overlay-opacity":"","overlay-gradient":""},"tablet":{"background-color":"var(--ast-global-color-5)","background-image":"","background-repeat":"repeat","background-position":"center center","background-size":"auto","background-attachment":"scroll","background-type":"","background-media":"","overlay-type":"","overlay-color":"","overlay-opacity":"","overlay-gradient":""},"mobile":{"background-color":"var(--ast-global-color-5)","background-image":"","background-repeat":"repeat","background-position":"center center","background-size":"auto","background-attachment":"scroll","background-type":"","background-media":"","overlay-type":"","overlay-color":"","overlay-opacity":"","overlay-gradient":""}},"_jetpack_memberships_contains_paid_content":false,"_joinchat":[],"footnotes":""},"categories":[15302,5,2],"tags":[],"class_list":["post-113147","post","type-post","status-publish","format-standard","has-post-thumbnail","hentry","category-destacado","category-sociedad","category-villa-maria"],"yoast_head":"<!-- This site is optimized with the Yoast SEO plugin v26.8 - https:\/\/yoast.com\/product\/yoast-seo-wordpress\/ -->\n<title>Se firm\u00f3 el acta de inicio de la obra \u201cProtecci\u00f3n M\u00e1rgenes del R\u00edo Tercero \u2013 Tramo Puente V\u00e9lez Sarsfield \u2013 Obra de Defensa Costanera\u201d - El Regional<\/title>\n<meta name=\"robots\" content=\"index, follow, max-snippet:-1, max-image-preview:large, max-video-preview:-1\" \/>\n<link rel=\"canonical\" href=\"https:\/\/elregionalvm.com.ar\/noticias-villa-maria\/se-firmo-el-acta-de-inicio-de-la-obra-proteccion-margenes-del-rio-tercero-tramo-puente-velez-sarsfield-obra-de-defensa-costanera\/\" \/>\n<meta property=\"og:locale\" content=\"es_ES\" \/>\n<meta property=\"og:type\" content=\"article\" \/>\n<meta property=\"og:title\" content=\"Se firm\u00f3 el acta de inicio de la obra \u201cProtecci\u00f3n M\u00e1rgenes del R\u00edo Tercero \u2013 Tramo Puente V\u00e9lez Sarsfield \u2013 Obra de Defensa Costanera\u201d - El Regional\" \/>\n<meta property=\"og:description\" content=\"El proyecto, tiene como objetivo dar respuesta a una problem\u00e1tica estructural mediante la recuperaci\u00f3n de la infraestructura del antiguo puente y la ejecuci\u00f3n de diversas obras h\u00eddricas sobre la margen del r\u00edo. Participaron de la firma el presidente del Concejo Deliberante a cargo de la coordinaci\u00f3n del poder Ejecutivo, Juan Pablo Inglese; el subsecretario de [&hellip;]\" \/>\n<meta property=\"og:url\" content=\"https:\/\/elregionalvm.com.ar\/noticias-villa-maria\/se-firmo-el-acta-de-inicio-de-la-obra-proteccion-margenes-del-rio-tercero-tramo-puente-velez-sarsfield-obra-de-defensa-costanera\/\" \/>\n<meta property=\"og:site_name\" content=\"El Regional\" \/>\n<meta property=\"article:publisher\" content=\"https:\/\/www.facebook.com\/elregionalvm\" \/>\n<meta property=\"article:published_time\" content=\"2026-01-07T03:42:22+00:00\" \/>\n<meta property=\"article:modified_time\" content=\"2026-01-07T03:42:24+00:00\" \/>\n<meta property=\"og:image\" content=\"https:\/\/elregionalvm.com.ar\/noticias-villa-maria\/wp-content\/uploads\/2026\/01\/c9394581e62c45a0902b2db9a30731f0.jpeg\" \/>\n\t<meta property=\"og:image:width\" content=\"800\" \/>\n\t<meta property=\"og:image:height\" content=\"600\" \/>\n\t<meta property=\"og:image:type\" content=\"image\/jpeg\" \/>\n<meta name=\"author\" content=\"Contenidos El Regional\" \/>\n<meta name=\"twitter:card\" content=\"summary_large_image\" \/>\n<meta name=\"twitter:creator\" content=\"@elregionalvm1\" \/>\n<meta name=\"twitter:site\" content=\"@elregionalvm1\" \/>\n<meta name=\"twitter:label1\" content=\"Escrito por\" \/>\n\t<meta name=\"twitter:data1\" content=\"Contenidos El Regional\" \/>\n\t<meta name=\"twitter:label2\" content=\"Tiempo de lectura\" \/>\n\t<meta name=\"twitter:data2\" content=\"3 minutos\" \/>\n<script type=\"application\/ld+json\" class=\"yoast-schema-graph\">{\"@context\":\"https:\/\/schema.org\",\"@graph\":[{\"@type\":\"Article\",\"@id\":\"https:\/\/elregionalvm.com.ar\/noticias-villa-maria\/se-firmo-el-acta-de-inicio-de-la-obra-proteccion-margenes-del-rio-tercero-tramo-puente-velez-sarsfield-obra-de-defensa-costanera\/#article\",\"isPartOf\":{\"@id\":\"https:\/\/elregionalvm.com.ar\/noticias-villa-maria\/se-firmo-el-acta-de-inicio-de-la-obra-proteccion-margenes-del-rio-tercero-tramo-puente-velez-sarsfield-obra-de-defensa-costanera\/\"},\"author\":{\"name\":\"Contenidos El Regional\",\"@id\":\"http:\/\/elregionalvm.com.ar\/noticias-villa-maria\/#\/schema\/person\/a0fb9c422317faca23d50163151bc354\"},\"headline\":\"Se firm\u00f3 el acta de inicio de la obra \u201cProtecci\u00f3n M\u00e1rgenes del R\u00edo Tercero \u2013 Tramo Puente V\u00e9lez Sarsfield \u2013 Obra de Defensa Costanera\u201d\",\"datePublished\":\"2026-01-07T03:42:22+00:00\",\"dateModified\":\"2026-01-07T03:42:24+00:00\",\"mainEntityOfPage\":{\"@id\":\"https:\/\/elregionalvm.com.ar\/noticias-villa-maria\/se-firmo-el-acta-de-inicio-de-la-obra-proteccion-margenes-del-rio-tercero-tramo-puente-velez-sarsfield-obra-de-defensa-costanera\/\"},\"wordCount\":666,\"commentCount\":0,\"image\":{\"@id\":\"https:\/\/elregionalvm.com.ar\/noticias-villa-maria\/se-firmo-el-acta-de-inicio-de-la-obra-proteccion-margenes-del-rio-tercero-tramo-puente-velez-sarsfield-obra-de-defensa-costanera\/#primaryimage\"},\"thumbnailUrl\":\"https:\/\/i0.wp.com\/elregionalvm.com.ar\/noticias-villa-maria\/wp-content\/uploads\/2026\/01\/c9394581e62c45a0902b2db9a30731f0.jpeg?fit=800%2C600&ssl=1\",\"articleSection\":[\"destacado\",\"Sociedad\",\"Villa Mar\u00eda\"],\"inLanguage\":\"es\",\"potentialAction\":[{\"@type\":\"CommentAction\",\"name\":\"Comment\",\"target\":[\"https:\/\/elregionalvm.com.ar\/noticias-villa-maria\/se-firmo-el-acta-de-inicio-de-la-obra-proteccion-margenes-del-rio-tercero-tramo-puente-velez-sarsfield-obra-de-defensa-costanera\/#respond\"]}]},{\"@type\":\"WebPage\",\"@id\":\"https:\/\/elregionalvm.com.ar\/noticias-villa-maria\/se-firmo-el-acta-de-inicio-de-la-obra-proteccion-margenes-del-rio-tercero-tramo-puente-velez-sarsfield-obra-de-defensa-costanera\/\",\"url\":\"https:\/\/elregionalvm.com.ar\/noticias-villa-maria\/se-firmo-el-acta-de-inicio-de-la-obra-proteccion-margenes-del-rio-tercero-tramo-puente-velez-sarsfield-obra-de-defensa-costanera\/\",\"name\":\"Se firm\u00f3 el acta de inicio de la obra \u201cProtecci\u00f3n M\u00e1rgenes del R\u00edo Tercero \u2013 Tramo Puente V\u00e9lez Sarsfield \u2013 Obra de Defensa Costanera\u201d - El Regional\",\"isPartOf\":{\"@id\":\"http:\/\/elregionalvm.com.ar\/noticias-villa-maria\/#website\"},\"primaryImageOfPage\":{\"@id\":\"https:\/\/elregionalvm.com.ar\/noticias-villa-maria\/se-firmo-el-acta-de-inicio-de-la-obra-proteccion-margenes-del-rio-tercero-tramo-puente-velez-sarsfield-obra-de-defensa-costanera\/#primaryimage\"},\"image\":{\"@id\":\"https:\/\/elregionalvm.com.ar\/noticias-villa-maria\/se-firmo-el-acta-de-inicio-de-la-obra-proteccion-margenes-del-rio-tercero-tramo-puente-velez-sarsfield-obra-de-defensa-costanera\/#primaryimage\"},\"thumbnailUrl\":\"https:\/\/i0.wp.com\/elregionalvm.com.ar\/noticias-villa-maria\/wp-content\/uploads\/2026\/01\/c9394581e62c45a0902b2db9a30731f0.jpeg?fit=800%2C600&ssl=1\",\"datePublished\":\"2026-01-07T03:42:22+00:00\",\"dateModified\":\"2026-01-07T03:42:24+00:00\",\"author\":{\"@id\":\"http:\/\/elregionalvm.com.ar\/noticias-villa-maria\/#\/schema\/person\/a0fb9c422317faca23d50163151bc354\"},\"breadcrumb\":{\"@id\":\"https:\/\/elregionalvm.com.ar\/noticias-villa-maria\/se-firmo-el-acta-de-inicio-de-la-obra-proteccion-margenes-del-rio-tercero-tramo-puente-velez-sarsfield-obra-de-defensa-costanera\/#breadcrumb\"},\"inLanguage\":\"es\",\"potentialAction\":[{\"@type\":\"ReadAction\",\"target\":[\"https:\/\/elregionalvm.com.ar\/noticias-villa-maria\/se-firmo-el-acta-de-inicio-de-la-obra-proteccion-margenes-del-rio-tercero-tramo-puente-velez-sarsfield-obra-de-defensa-costanera\/\"]}]},{\"@type\":\"ImageObject\",\"inLanguage\":\"es\",\"@id\":\"https:\/\/elregionalvm.com.ar\/noticias-villa-maria\/se-firmo-el-acta-de-inicio-de-la-obra-proteccion-margenes-del-rio-tercero-tramo-puente-velez-sarsfield-obra-de-defensa-costanera\/#primaryimage\",\"url\":\"https:\/\/i0.wp.com\/elregionalvm.com.ar\/noticias-villa-maria\/wp-content\/uploads\/2026\/01\/c9394581e62c45a0902b2db9a30731f0.jpeg?fit=800%2C600&ssl=1\",\"contentUrl\":\"https:\/\/i0.wp.com\/elregionalvm.com.ar\/noticias-villa-maria\/wp-content\/uploads\/2026\/01\/c9394581e62c45a0902b2db9a30731f0.jpeg?fit=800%2C600&ssl=1\",\"width\":800,\"height\":600},{\"@type\":\"BreadcrumbList\",\"@id\":\"https:\/\/elregionalvm.com.ar\/noticias-villa-maria\/se-firmo-el-acta-de-inicio-de-la-obra-proteccion-margenes-del-rio-tercero-tramo-puente-velez-sarsfield-obra-de-defensa-costanera\/#breadcrumb\",\"itemListElement\":[{\"@type\":\"ListItem\",\"position\":1,\"name\":\"Portada\",\"item\":\"https:\/\/elregionalvm.com.ar\/noticias-villa-maria\/\"},{\"@type\":\"ListItem\",\"position\":2,\"name\":\"Se firm\u00f3 el acta de inicio de la obra \u201cProtecci\u00f3n M\u00e1rgenes del R\u00edo Tercero \u2013 Tramo Puente V\u00e9lez Sarsfield \u2013 Obra de Defensa Costanera\u201d\"}]},{\"@type\":\"WebSite\",\"@id\":\"http:\/\/elregionalvm.com.ar\/noticias-villa-maria\/#website\",\"url\":\"http:\/\/elregionalvm.com.ar\/noticias-villa-maria\/\",\"name\":\"El Regional\",\"description\":\"Mucho m\u00e1s que informaci\u00f3n\",\"potentialAction\":[{\"@type\":\"SearchAction\",\"target\":{\"@type\":\"EntryPoint\",\"urlTemplate\":\"http:\/\/elregionalvm.com.ar\/noticias-villa-maria\/?s={search_term_string}\"},\"query-input\":{\"@type\":\"PropertyValueSpecification\",\"valueRequired\":true,\"valueName\":\"search_term_string\"}}],\"inLanguage\":\"es\"},{\"@type\":\"Person\",\"@id\":\"http:\/\/elregionalvm.com.ar\/noticias-villa-maria\/#\/schema\/person\/a0fb9c422317faca23d50163151bc354\",\"name\":\"Contenidos El Regional\",\"image\":{\"@type\":\"ImageObject\",\"inLanguage\":\"es\",\"@id\":\"http:\/\/elregionalvm.com.ar\/noticias-villa-maria\/#\/schema\/person\/image\/\",\"url\":\"https:\/\/secure.gravatar.com\/avatar\/265b27cb2209af7bb3a1318f03305787d7981a5cc6e6cd08fe5a4ecdf99d4b48?s=96&d=mm&r=g\",\"contentUrl\":\"https:\/\/secure.gravatar.com\/avatar\/265b27cb2209af7bb3a1318f03305787d7981a5cc6e6cd08fe5a4ecdf99d4b48?s=96&d=mm&r=g\",\"caption\":\"Contenidos El Regional\"},\"url\":\"https:\/\/elregionalvm.com.ar\/noticias-villa-maria\/author\/contenido\/\"}]}<\/script>\n<!-- \/ Yoast SEO plugin. -->","yoast_head_json":{"title":"Se firm\u00f3 el acta de inicio de la obra \u201cProtecci\u00f3n M\u00e1rgenes del R\u00edo Tercero \u2013 Tramo Puente V\u00e9lez Sarsfield \u2013 Obra de Defensa Costanera\u201d - El Regional","robots":{"index":"index","follow":"follow","max-snippet":"max-snippet:-1","max-image-preview":"max-image-preview:large","max-video-preview":"max-video-preview:-1"},"canonical":"https:\/\/elregionalvm.com.ar\/noticias-villa-maria\/se-firmo-el-acta-de-inicio-de-la-obra-proteccion-margenes-del-rio-tercero-tramo-puente-velez-sarsfield-obra-de-defensa-costanera\/","og_locale":"es_ES","og_type":"article","og_title":"Se firm\u00f3 el acta de inicio de la obra \u201cProtecci\u00f3n M\u00e1rgenes del R\u00edo Tercero \u2013 Tramo Puente V\u00e9lez Sarsfield \u2013 Obra de Defensa Costanera\u201d - El Regional","og_description":"El proyecto, tiene como objetivo dar respuesta a una problem\u00e1tica estructural mediante la recuperaci\u00f3n de la infraestructura del antiguo puente y la ejecuci\u00f3n de diversas obras h\u00eddricas sobre la margen del r\u00edo. Participaron de la firma el presidente del Concejo Deliberante a cargo de la coordinaci\u00f3n del poder Ejecutivo, Juan Pablo Inglese; el subsecretario de [&hellip;]","og_url":"https:\/\/elregionalvm.com.ar\/noticias-villa-maria\/se-firmo-el-acta-de-inicio-de-la-obra-proteccion-margenes-del-rio-tercero-tramo-puente-velez-sarsfield-obra-de-defensa-costanera\/","og_site_name":"El Regional","article_publisher":"https:\/\/www.facebook.com\/elregionalvm","article_published_time":"2026-01-07T03:42:22+00:00","article_modified_time":"2026-01-07T03:42:24+00:00","og_image":[{"width":800,"height":600,"url":"https:\/\/elregionalvm.com.ar\/noticias-villa-maria\/wp-content\/uploads\/2026\/01\/c9394581e62c45a0902b2db9a30731f0.jpeg","type":"image\/jpeg"}],"author":"Contenidos El Regional","twitter_card":"summary_large_image","twitter_creator":"@elregionalvm1","twitter_site":"@elregionalvm1","twitter_misc":{"Escrito por":"Contenidos El Regional","Tiempo de lectura":"3 minutos"},"schema":{"@context":"https:\/\/schema.org","@graph":[{"@type":"Article","@id":"https:\/\/elregionalvm.com.ar\/noticias-villa-maria\/se-firmo-el-acta-de-inicio-de-la-obra-proteccion-margenes-del-rio-tercero-tramo-puente-velez-sarsfield-obra-de-defensa-costanera\/#article","isPartOf":{"@id":"https:\/\/elregionalvm.com.ar\/noticias-villa-maria\/se-firmo-el-acta-de-inicio-de-la-obra-proteccion-margenes-del-rio-tercero-tramo-puente-velez-sarsfield-obra-de-defensa-costanera\/"},"author":{"name":"Contenidos El Regional","@id":"http:\/\/elregionalvm.com.ar\/noticias-villa-maria\/#\/schema\/person\/a0fb9c422317faca23d50163151bc354"},"headline":"Se firm\u00f3 el acta de inicio de la obra \u201cProtecci\u00f3n M\u00e1rgenes del R\u00edo Tercero \u2013 Tramo Puente V\u00e9lez Sarsfield \u2013 Obra de Defensa Costanera\u201d","datePublished":"2026-01-07T03:42:22+00:00","dateModified":"2026-01-07T03:42:24+00:00","mainEntityOfPage":{"@id":"https:\/\/elregionalvm.com.ar\/noticias-villa-maria\/se-firmo-el-acta-de-inicio-de-la-obra-proteccion-margenes-del-rio-tercero-tramo-puente-velez-sarsfield-obra-de-defensa-costanera\/"},"wordCount":666,"commentCount":0,"image":{"@id":"https:\/\/elregionalvm.com.ar\/noticias-villa-maria\/se-firmo-el-acta-de-inicio-de-la-obra-proteccion-margenes-del-rio-tercero-tramo-puente-velez-sarsfield-obra-de-defensa-costanera\/#primaryimage"},"thumbnailUrl":"https:\/\/i0.wp.com\/elregionalvm.com.ar\/noticias-villa-maria\/wp-content\/uploads\/2026\/01\/c9394581e62c45a0902b2db9a30731f0.jpeg?fit=800%2C600&ssl=1","articleSection":["destacado","Sociedad","Villa Mar\u00eda"],"inLanguage":"es","potentialAction":[{"@type":"CommentAction","name":"Comment","target":["https:\/\/elregionalvm.com.ar\/noticias-villa-maria\/se-firmo-el-acta-de-inicio-de-la-obra-proteccion-margenes-del-rio-tercero-tramo-puente-velez-sarsfield-obra-de-defensa-costanera\/#respond"]}]},{"@type":"WebPage","@id":"https:\/\/elregionalvm.com.ar\/noticias-villa-maria\/se-firmo-el-acta-de-inicio-de-la-obra-proteccion-margenes-del-rio-tercero-tramo-puente-velez-sarsfield-obra-de-defensa-costanera\/","url":"https:\/\/elregionalvm.com.ar\/noticias-villa-maria\/se-firmo-el-acta-de-inicio-de-la-obra-proteccion-margenes-del-rio-tercero-tramo-puente-velez-sarsfield-obra-de-defensa-costanera\/","name":"Se firm\u00f3 el acta de inicio de la obra \u201cProtecci\u00f3n M\u00e1rgenes del R\u00edo Tercero \u2013 Tramo Puente V\u00e9lez Sarsfield \u2013 Obra de Defensa Costanera\u201d - El Regional","isPartOf":{"@id":"http:\/\/elregionalvm.com.ar\/noticias-villa-maria\/#website"},"primaryImageOfPage":{"@id":"https:\/\/elregionalvm.com.ar\/noticias-villa-maria\/se-firmo-el-acta-de-inicio-de-la-obra-proteccion-margenes-del-rio-tercero-tramo-puente-velez-sarsfield-obra-de-defensa-costanera\/#primaryimage"},"image":{"@id":"https:\/\/elregionalvm.com.ar\/noticias-villa-maria\/se-firmo-el-acta-de-inicio-de-la-obra-proteccion-margenes-del-rio-tercero-tramo-puente-velez-sarsfield-obra-de-defensa-costanera\/#primaryimage"},"thumbnailUrl":"https:\/\/i0.wp.com\/elregionalvm.com.ar\/noticias-villa-maria\/wp-content\/uploads\/2026\/01\/c9394581e62c45a0902b2db9a30731f0.jpeg?fit=800%2C600&ssl=1","datePublished":"2026-01-07T03:42:22+00:00","dateModified":"2026-01-07T03:42:24+00:00","author":{"@id":"http:\/\/elregionalvm.com.ar\/noticias-villa-maria\/#\/schema\/person\/a0fb9c422317faca23d50163151bc354"},"breadcrumb":{"@id":"https:\/\/elregionalvm.com.ar\/noticias-villa-maria\/se-firmo-el-acta-de-inicio-de-la-obra-proteccion-margenes-del-rio-tercero-tramo-puente-velez-sarsfield-obra-de-defensa-costanera\/#breadcrumb"},"inLanguage":"es","potentialAction":[{"@type":"ReadAction","target":["https:\/\/elregionalvm.com.ar\/noticias-villa-maria\/se-firmo-el-acta-de-inicio-de-la-obra-proteccion-margenes-del-rio-tercero-tramo-puente-velez-sarsfield-obra-de-defensa-costanera\/"]}]},{"@type":"ImageObject","inLanguage":"es","@id":"https:\/\/elregionalvm.com.ar\/noticias-villa-maria\/se-firmo-el-acta-de-inicio-de-la-obra-proteccion-margenes-del-rio-tercero-tramo-puente-velez-sarsfield-obra-de-defensa-costanera\/#primaryimage","url":"https:\/\/i0.wp.com\/elregionalvm.com.ar\/noticias-villa-maria\/wp-content\/uploads\/2026\/01\/c9394581e62c45a0902b2db9a30731f0.jpeg?fit=800%2C600&ssl=1","contentUrl":"https:\/\/i0.wp.com\/elregionalvm.com.ar\/noticias-villa-maria\/wp-content\/uploads\/2026\/01\/c9394581e62c45a0902b2db9a30731f0.jpeg?fit=800%2C600&ssl=1","width":800,"height":600},{"@type":"BreadcrumbList","@id":"https:\/\/elregionalvm.com.ar\/noticias-villa-maria\/se-firmo-el-acta-de-inicio-de-la-obra-proteccion-margenes-del-rio-tercero-tramo-puente-velez-sarsfield-obra-de-defensa-costanera\/#breadcrumb","itemListElement":[{"@type":"ListItem","position":1,"name":"Portada","item":"https:\/\/elregionalvm.com.ar\/noticias-villa-maria\/"},{"@type":"ListItem","position":2,"name":"Se firm\u00f3 el acta de inicio de la obra \u201cProtecci\u00f3n M\u00e1rgenes del R\u00edo Tercero \u2013 Tramo Puente V\u00e9lez Sarsfield \u2013 Obra de Defensa Costanera\u201d"}]},{"@type":"WebSite","@id":"http:\/\/elregionalvm.com.ar\/noticias-villa-maria\/#website","url":"http:\/\/elregionalvm.com.ar\/noticias-villa-maria\/","name":"El Regional","description":"Mucho m\u00e1s que informaci\u00f3n","potentialAction":[{"@type":"SearchAction","target":{"@type":"EntryPoint","urlTemplate":"http:\/\/elregionalvm.com.ar\/noticias-villa-maria\/?s={search_term_string}"},"query-input":{"@type":"PropertyValueSpecification","valueRequired":true,"valueName":"search_term_string"}}],"inLanguage":"es"},{"@type":"Person","@id":"http:\/\/elregionalvm.com.ar\/noticias-villa-maria\/#\/schema\/person\/a0fb9c422317faca23d50163151bc354","name":"Contenidos El Regional","image":{"@type":"ImageObject","inLanguage":"es","@id":"http:\/\/elregionalvm.com.ar\/noticias-villa-maria\/#\/schema\/person\/image\/","url":"https:\/\/secure.gravatar.com\/avatar\/265b27cb2209af7bb3a1318f03305787d7981a5cc6e6cd08fe5a4ecdf99d4b48?s=96&d=mm&r=g","contentUrl":"https:\/\/secure.gravatar.com\/avatar\/265b27cb2209af7bb3a1318f03305787d7981a5cc6e6cd08fe5a4ecdf99d4b48?s=96&d=mm&r=g","caption":"Contenidos El Regional"},"url":"https:\/\/elregionalvm.com.ar\/noticias-villa-maria\/author\/contenido\/"}]}},"jetpack_featured_media_url":"https:\/\/i0.wp.com\/elregionalvm.com.ar\/noticias-villa-maria\/wp-content\/uploads\/2026\/01\/c9394581e62c45a0902b2db9a30731f0.jpeg?fit=800%2C600&ssl=1","jetpack_sharing_enabled":true,"_links":{"self":[{"href":"https:\/\/elregionalvm.com.ar\/noticias-villa-maria\/wp-json\/wp\/v2\/posts\/113147","targetHints":{"allow":["GET"]}}],"collection":[{"href":"https:\/\/elregionalvm.com.ar\/noticias-villa-maria\/wp-json\/wp\/v2\/posts"}],"about":[{"href":"https:\/\/elregionalvm.com.ar\/noticias-villa-maria\/wp-json\/wp\/v2\/types\/post"}],"author":[{"embeddable":true,"href":"https:\/\/elregionalvm.com.ar\/noticias-villa-maria\/wp-json\/wp\/v2\/users\/4"}],"replies":[{"embeddable":true,"href":"https:\/\/elregionalvm.com.ar\/noticias-villa-maria\/wp-json\/wp\/v2\/comments?post=113147"}],"version-history":[{"count":1,"href":"https:\/\/elregionalvm.com.ar\/noticias-villa-maria\/wp-json\/wp\/v2\/posts\/113147\/revisions"}],"predecessor-version":[{"id":113149,"href":"https:\/\/elregionalvm.com.ar\/noticias-villa-maria\/wp-json\/wp\/v2\/posts\/113147\/revisions\/113149"}],"wp:featuredmedia":[{"embeddable":true,"href":"https:\/\/elregionalvm.com.ar\/noticias-villa-maria\/wp-json\/wp\/v2\/media\/113148"}],"wp:attachment":[{"href":"https:\/\/elregionalvm.com.ar\/noticias-villa-maria\/wp-json\/wp\/v2\/media?parent=113147"}],"wp:term":[{"taxonomy":"category","embeddable":true,"href":"https:\/\/elregionalvm.com.ar\/noticias-villa-maria\/wp-json\/wp\/v2\/categories?post=113147"},{"taxonomy":"post_tag","embeddable":true,"href":"https:\/\/elregionalvm.com.ar\/noticias-villa-maria\/wp-json\/wp\/v2\/tags?post=113147"}],"curies":[{"name":"wp","href":"https:\/\/api.w.org\/{rel}","templated":true}]}}