{"id":113150,"date":"2026-01-07T03:57:58","date_gmt":"2026-01-07T03:57:58","guid":{"rendered":"https:\/\/elregionalvm.com.ar\/noticias-villa-maria\/?p=113150"},"modified":"2026-01-07T03:58:01","modified_gmt":"2026-01-07T03:58:01","slug":"aerca-consolido-su-rol-como-articuladora-del-entramado-productivo","status":"publish","type":"post","link":"https:\/\/elregionalvm.com.ar\/noticias-villa-maria\/aerca-consolido-su-rol-como-articuladora-del-entramado-productivo\/","title":{"rendered":"AERCA consolid\u00f3 su rol como articuladora del entramado productivo"},"content":{"rendered":"\n<p>El&nbsp;<strong>2025<\/strong>&nbsp;fue un a\u00f1o de&nbsp;<strong>alta actividad institucional<\/strong>&nbsp;para la&nbsp;<strong>AERCA<\/strong>, marcado por acciones gremiales, capacitaciones y propuestas concretas orientadas a&nbsp;<strong>responder a las demandas del entramado productivo<\/strong>&nbsp;local y regional.<\/p>\n\n\n\n<p>Durante el a\u00f1o, las distintas&nbsp;<strong>c\u00e1maras y comisiones de trabajo<\/strong>&nbsp;lograron generar&nbsp;<strong>propuestas de valor<\/strong>, fortaleciendo la representaci\u00f3n sectorial y el acompa\u00f1amiento a las&nbsp;<strong>empresas asociadas<\/strong>.<\/p>\n\n\n\n<h3 class=\"wp-block-heading\">Hitos institucionales y expansi\u00f3n territorial<\/h3>\n\n\n\n<p>Entre los principales logros del a\u00f1o se destac\u00f3 la&nbsp;<strong>conmemoraci\u00f3n del 95\u00ba aniversario de AERCA<\/strong>, celebrada el&nbsp;<strong>4 de septiembre<\/strong>, como un hito clave en la historia de la instituci\u00f3n.<\/p>\n\n\n\n<p>A esto se sum\u00f3 la&nbsp;<strong>adquisici\u00f3n de la propiedad colindante<\/strong>&nbsp;a la sede, con el objetivo de seguir ampliando la infraestructura y proyectar el crecimiento institucional a futuro. Adem\u00e1s, se concret\u00f3 la&nbsp;<strong>creaci\u00f3n de la primera C\u00e1mara Territorial Ballesteros<\/strong>, ampliando el alcance de la actividad gremial en la regi\u00f3n.<\/p>\n\n\n\n<h3 class=\"wp-block-heading\">Comercio exterior: r\u00e9cord de rondas de negocios y proyecci\u00f3n internacional<\/h3>\n\n\n\n<p>La&nbsp;<strong>C\u00e1mara de Comercio Exterior<\/strong>&nbsp;tuvo uno de los desempe\u00f1os m\u00e1s destacados del a\u00f1o. La&nbsp;<strong>21\u00ba edici\u00f3n de Villa Mar\u00eda Exporta<\/strong>&nbsp;alcanz\u00f3 un&nbsp;<strong>r\u00e9cord de 475 reuniones B2B<\/strong>, con la participaci\u00f3n de&nbsp;<strong>16 importadores de 9 pa\u00edses<\/strong>.<\/p>\n\n\n\n<p>En paralelo, se realizaron&nbsp;<strong>m\u00e1s de 80 visitas a empresas<\/strong>&nbsp;junto al Front Office de la&nbsp;<strong>Agencia ProC\u00f3rdoba<\/strong>, y se particip\u00f3 en ferias y misiones comerciales, como&nbsp;<strong>APAS SHOW en Brasil<\/strong>, difundiendo el potencial productivo y la&nbsp;<strong>oferta exportable regional<\/strong>.<\/p>\n\n\n\n<p>Adem\u00e1s, AERCA tuvo una&nbsp;<strong>activa participaci\u00f3n gremial<\/strong>&nbsp;en el Directorio de la Agencia ProC\u00f3rdoba y en espacios de articulaci\u00f3n como el&nbsp;<strong>Centro de Relaciones Internacionales Subnacionales (CERIS)<\/strong>.<\/p>\n\n\n\n<p>En materia de reconocimientos, se acompa\u00f1\u00f3 a empresas socias en los&nbsp;<strong>Premios C\u00f3rdoba en el Mundo<\/strong>, donde&nbsp;<strong>ACA Bio Cooperativa Limitada<\/strong>&nbsp;fue distinguida en&nbsp;<strong>Agronegocios<\/strong>&nbsp;y&nbsp;<strong>Grupo Elcor<\/strong>&nbsp;recibi\u00f3 el&nbsp;<strong>Premio Fulvio Pagani a la Trayectoria Exportadora<\/strong>.<\/p>\n\n\n\n<h3 class=\"wp-block-heading\">Comercio, servicios y turismo: impulso al consumo local<\/h3>\n\n\n\n<p>La&nbsp;<strong>C\u00e1mara de Comercio, Servicios y Turismo<\/strong>&nbsp;llev\u00f3 adelante la&nbsp;<strong>tercera y cuarta edici\u00f3n de Villa Mar\u00eda Sale<\/strong>, la feria de promociones orientada a&nbsp;<strong>dinamizar las ventas<\/strong>&nbsp;tanto presenciales como digitales. La \u00faltima edici\u00f3n cont\u00f3 con la participaci\u00f3n de&nbsp;<strong>m\u00e1s de 150 comercios<\/strong>.<\/p>\n\n\n\n<p>Tambi\u00e9n se desarrollaron campa\u00f1as comerciales como&nbsp;<strong>\u201cEso lo dir\u00eda mi pap\u00e1\u201d<\/strong>&nbsp;por el D\u00eda del Padre y la segunda edici\u00f3n de&nbsp;<strong>Villa Mar\u00eda Brilla en Navidad<\/strong>, con propuestas como&nbsp;<strong>Happy Hour Navide\u00f1o<\/strong>, shows art\u00edsticos, sorteos y promociones gastron\u00f3micas en el centro de la ciudad.<\/p>\n\n\n\n<p>En el plano institucional, se destac\u00f3 la&nbsp;<strong>aprobaci\u00f3n por unanimidad<\/strong>&nbsp;en el Concejo Deliberante de la&nbsp;<strong>Ordenanza que regula los alojamientos temporarios<\/strong>, un proyecto impulsado a partir de&nbsp;<strong>reuniones sectoriales<\/strong>&nbsp;coordinadas por AERCA.<\/p>\n\n\n\n<h3 class=\"wp-block-heading\">Industria, innovaci\u00f3n y formaci\u00f3n empresaria<\/h3>\n\n\n\n<p>La&nbsp;<strong>C\u00e1mara de Industria<\/strong>&nbsp;tuvo un rol activo en&nbsp;<strong>jornadas y capacitaciones<\/strong>&nbsp;orientadas a mejorar la&nbsp;<strong>competitividad<\/strong>&nbsp;y el an\u00e1lisis de&nbsp;<strong>costos empresariales<\/strong>. Uno de los hitos fue la ejecuci\u00f3n del&nbsp;<strong>Programa HACK IA<\/strong>, eligiendo a&nbsp;<strong>Villa Mar\u00eda y AERCA<\/strong>&nbsp;como sede para su implementaci\u00f3n.<\/p>\n\n\n\n<p>Junto a la&nbsp;<strong>Universidad Nacional de Villa Mar\u00eda (UNVM)<\/strong>, se desarroll\u00f3 el ciclo&nbsp;<strong>\u201cDesaf\u00edos y oportunidades en el contexto macroecon\u00f3mico\u201d<\/strong>, en el marco de los&nbsp;<strong>30 a\u00f1os<\/strong>&nbsp;de la casa de estudios, y una jornada de presentaci\u00f3n de la&nbsp;<strong>Ley de Promoci\u00f3n Industrial<\/strong>, con la participaci\u00f3n de funcionarios provinciales.<\/p>\n\n\n\n<p>Adem\u00e1s, se realizaron&nbsp;<strong>desayunos de trabajo<\/strong>&nbsp;durante todo el a\u00f1o, promoviendo el intercambio entre empresas industriales sobre temas estrat\u00e9gicos del sector.<\/p>\n\n\n\n<h3 class=\"wp-block-heading\">AERCA Joven, Mujeres y emprendedurismo<\/h3>\n\n\n\n<p><strong>AERCA Joven<\/strong>&nbsp;trabaj\u00f3 fuertemente en la&nbsp;<strong>vinculaci\u00f3n de j\u00f3venes empresarios<\/strong>, con iniciativas como&nbsp;<strong>Conecta &amp; Impulsa<\/strong>, que reuni\u00f3 a m\u00e1s de&nbsp;<strong>40 participantes<\/strong>&nbsp;en mesas tem\u00e1ticas con especialistas, y el programa&nbsp;<strong>Visitas en Expansi\u00f3n<\/strong>.<\/p>\n\n\n\n<p>El cierre del a\u00f1o estuvo marcado por el&nbsp;<strong>J8 Cordob\u00e9s<\/strong>, realizado en Villa Mar\u00eda, con la participaci\u00f3n de&nbsp;<strong>m\u00e1s de 150 j\u00f3venes empresarios y emprendedores<\/strong>&nbsp;de toda la provincia.<\/p>\n\n\n\n<p>Por su parte, la&nbsp;<strong>Comisi\u00f3n de Mujeres<\/strong>&nbsp;desarroll\u00f3 acciones vinculadas a la&nbsp;<strong>inclusi\u00f3n laboral<\/strong>, la&nbsp;<strong>salud<\/strong>&nbsp;y la&nbsp;<strong>concientizaci\u00f3n social<\/strong>, con iniciativas junto a&nbsp;<strong>LALCEC<\/strong>, charlas sobre consumo de sustancias en el \u00e1mbito laboral y la organizaci\u00f3n de la&nbsp;<strong>Distinci\u00f3n Mujer Empresaria Cordobesa 2026<\/strong>, cuya candidata institucional fue&nbsp;<strong>Yanina Tumini<\/strong>, cofundadora de PowerBio.<\/p>\n\n\n\n<h3 class=\"wp-block-heading\">Formaci\u00f3n, educaci\u00f3n y mirada a futuro<\/h3>\n\n\n\n<p>Durante&nbsp;<strong>2025<\/strong>, AERCA impuls\u00f3&nbsp;<strong>25 jornadas de capacitaci\u00f3n<\/strong>, con la participaci\u00f3n de&nbsp;<strong>m\u00e1s de 690 asistentes<\/strong>, adem\u00e1s de cursos de&nbsp;<strong>ingl\u00e9s y portugu\u00e9s para los negocios<\/strong>&nbsp;y una&nbsp;<strong>jornada de networking sobre Econom\u00eda Circular<\/strong>, enfocada en alianzas para empleos verdes.<\/p>\n\n\n\n<p>Entre las propuestas destacadas se encontr\u00f3 la&nbsp;<strong>conferencia internacional<\/strong>&nbsp;de&nbsp;<strong>Rebeca Hwang<\/strong>, titulada&nbsp;<strong>\u201cTecnolog\u00eda que impulsa: Inteligencia Artificial para la competitividad de las PyMEs\u201d<\/strong>, que convoc\u00f3 a empresarios de toda la regi\u00f3n.<\/p>\n\n\n\n<p>De cara a&nbsp;<strong>2026<\/strong>, la instituci\u00f3n definir\u00e1 una nueva&nbsp;<strong>agenda de trabajo<\/strong>, con eje en la&nbsp;<strong>representaci\u00f3n gremial<\/strong>, la&nbsp;<strong>vinculaci\u00f3n institucional<\/strong>&nbsp;y el&nbsp;<strong>acompa\u00f1amiento permanente<\/strong>&nbsp;a las empresas en los desaf\u00edos propios de cada sector productivo.<\/p>\n\n\n\n<p>Gentileza: Mundo Empresa<\/p>\n","protected":false},"excerpt":{"rendered":"<p>El&nbsp;2025&nbsp;fue un a\u00f1o de&nbsp;alta actividad institucional&nbsp;para la&nbsp;AERCA, marcado por acciones gremiales, capacitaciones y propuestas concretas orientadas a&nbsp;responder a las demandas del entramado productivo&nbsp;local y regional. Durante el a\u00f1o, las distintas&nbsp;c\u00e1maras y comisiones de trabajo&nbsp;lograron generar&nbsp;propuestas de valor, fortaleciendo la representaci\u00f3n sectorial y el acompa\u00f1amiento a las&nbsp;empresas asociadas. Hitos institucionales y expansi\u00f3n territorial Entre los principales [&hellip;]<\/p>\n","protected":false},"author":4,"featured_media":113151,"comment_status":"open","ping_status":"open","sticky":false,"template":"","format":"standard","meta":{"site-sidebar-layout":"default","site-content-layout":"","ast-site-content-layout":"default","site-content-style":"default","site-sidebar-style":"default","ast-global-header-display":"","ast-banner-title-visibility":"","ast-main-header-display":"","ast-hfb-above-header-display":"","ast-hfb-below-header-display":"","ast-hfb-mobile-header-display":"","site-post-title":"","ast-breadcrumbs-content":"","ast-featured-img":"","footer-sml-layout":"","ast-disable-related-posts":"","theme-transparent-header-meta":"","adv-header-id-meta":"","stick-header-meta":"","header-above-stick-meta":"","header-main-stick-meta":"","header-below-stick-meta":"","astra-migrate-meta-layouts":"set","ast-page-background-enabled":"default","ast-page-background-meta":{"desktop":{"background-color":"","background-image":"","background-repeat":"repeat","background-position":"center center","background-size":"auto","background-attachment":"scroll","background-type":"","background-media":"","overlay-type":"","overlay-color":"","overlay-opacity":"","overlay-gradient":""},"tablet":{"background-color":"","background-image":"","background-repeat":"repeat","background-position":"center center","background-size":"auto","background-attachment":"scroll","background-type":"","background-media":"","overlay-type":"","overlay-color":"","overlay-opacity":"","overlay-gradient":""},"mobile":{"background-color":"","background-image":"","background-repeat":"repeat","background-position":"center center","background-size":"auto","background-attachment":"scroll","background-type":"","background-media":"","overlay-type":"","overlay-color":"","overlay-opacity":"","overlay-gradient":""}},"ast-content-background-meta":{"desktop":{"background-color":"var(--ast-global-color-5)","background-image":"","background-repeat":"repeat","background-position":"center center","background-size":"auto","background-attachment":"scroll","background-type":"","background-media":"","overlay-type":"","overlay-color":"","overlay-opacity":"","overlay-gradient":""},"tablet":{"background-color":"var(--ast-global-color-5)","background-image":"","background-repeat":"repeat","background-position":"center center","background-size":"auto","background-attachment":"scroll","background-type":"","background-media":"","overlay-type":"","overlay-color":"","overlay-opacity":"","overlay-gradient":""},"mobile":{"background-color":"var(--ast-global-color-5)","background-image":"","background-repeat":"repeat","background-position":"center center","background-size":"auto","background-attachment":"scroll","background-type":"","background-media":"","overlay-type":"","overlay-color":"","overlay-opacity":"","overlay-gradient":""}},"_jetpack_memberships_contains_paid_content":false,"_joinchat":[],"footnotes":""},"categories":[15302,5,2],"tags":[],"class_list":["post-113150","post","type-post","status-publish","format-standard","has-post-thumbnail","hentry","category-destacado","category-sociedad","category-villa-maria"],"yoast_head":"<!-- This site is optimized with the Yoast SEO plugin v26.8 - https:\/\/yoast.com\/product\/yoast-seo-wordpress\/ -->\n<title>AERCA consolid\u00f3 su rol como articuladora del entramado productivo - El Regional<\/title>\n<meta name=\"robots\" content=\"index, follow, max-snippet:-1, max-image-preview:large, max-video-preview:-1\" \/>\n<link rel=\"canonical\" href=\"https:\/\/elregionalvm.com.ar\/noticias-villa-maria\/aerca-consolido-su-rol-como-articuladora-del-entramado-productivo\/\" \/>\n<meta property=\"og:locale\" content=\"es_ES\" \/>\n<meta property=\"og:type\" content=\"article\" \/>\n<meta property=\"og:title\" content=\"AERCA consolid\u00f3 su rol como articuladora del entramado productivo - El Regional\" \/>\n<meta property=\"og:description\" content=\"El&nbsp;2025&nbsp;fue un a\u00f1o de&nbsp;alta actividad institucional&nbsp;para la&nbsp;AERCA, marcado por acciones gremiales, capacitaciones y propuestas concretas orientadas a&nbsp;responder a las demandas del entramado productivo&nbsp;local y regional. Durante el a\u00f1o, las distintas&nbsp;c\u00e1maras y comisiones de trabajo&nbsp;lograron generar&nbsp;propuestas de valor, fortaleciendo la representaci\u00f3n sectorial y el acompa\u00f1amiento a las&nbsp;empresas asociadas. Hitos institucionales y expansi\u00f3n territorial Entre los principales [&hellip;]\" \/>\n<meta property=\"og:url\" content=\"https:\/\/elregionalvm.com.ar\/noticias-villa-maria\/aerca-consolido-su-rol-como-articuladora-del-entramado-productivo\/\" \/>\n<meta property=\"og:site_name\" content=\"El Regional\" \/>\n<meta property=\"article:publisher\" content=\"https:\/\/www.facebook.com\/elregionalvm\" \/>\n<meta property=\"article:published_time\" content=\"2026-01-07T03:57:58+00:00\" \/>\n<meta property=\"article:modified_time\" content=\"2026-01-07T03:58:01+00:00\" \/>\n<meta property=\"og:image\" content=\"https:\/\/elregionalvm.com.ar\/noticias-villa-maria\/wp-content\/uploads\/2026\/01\/aerca_2025.webp\" \/>\n\t<meta property=\"og:image:width\" content=\"900\" \/>\n\t<meta property=\"og:image:height\" content=\"490\" \/>\n\t<meta property=\"og:image:type\" content=\"image\/webp\" \/>\n<meta name=\"author\" content=\"Contenidos El Regional\" \/>\n<meta name=\"twitter:card\" content=\"summary_large_image\" \/>\n<meta name=\"twitter:creator\" content=\"@elregionalvm1\" \/>\n<meta name=\"twitter:site\" content=\"@elregionalvm1\" \/>\n<meta name=\"twitter:label1\" content=\"Escrito por\" \/>\n\t<meta name=\"twitter:data1\" content=\"Contenidos El Regional\" \/>\n\t<meta name=\"twitter:label2\" content=\"Tiempo de lectura\" \/>\n\t<meta name=\"twitter:data2\" content=\"4 minutos\" \/>\n<script type=\"application\/ld+json\" class=\"yoast-schema-graph\">{\"@context\":\"https:\/\/schema.org\",\"@graph\":[{\"@type\":\"Article\",\"@id\":\"https:\/\/elregionalvm.com.ar\/noticias-villa-maria\/aerca-consolido-su-rol-como-articuladora-del-entramado-productivo\/#article\",\"isPartOf\":{\"@id\":\"https:\/\/elregionalvm.com.ar\/noticias-villa-maria\/aerca-consolido-su-rol-como-articuladora-del-entramado-productivo\/\"},\"author\":{\"name\":\"Contenidos El Regional\",\"@id\":\"http:\/\/elregionalvm.com.ar\/noticias-villa-maria\/#\/schema\/person\/a0fb9c422317faca23d50163151bc354\"},\"headline\":\"AERCA consolid\u00f3 su rol como articuladora del entramado productivo\",\"datePublished\":\"2026-01-07T03:57:58+00:00\",\"dateModified\":\"2026-01-07T03:58:01+00:00\",\"mainEntityOfPage\":{\"@id\":\"https:\/\/elregionalvm.com.ar\/noticias-villa-maria\/aerca-consolido-su-rol-como-articuladora-del-entramado-productivo\/\"},\"wordCount\":974,\"commentCount\":0,\"image\":{\"@id\":\"https:\/\/elregionalvm.com.ar\/noticias-villa-maria\/aerca-consolido-su-rol-como-articuladora-del-entramado-productivo\/#primaryimage\"},\"thumbnailUrl\":\"https:\/\/i0.wp.com\/elregionalvm.com.ar\/noticias-villa-maria\/wp-content\/uploads\/2026\/01\/aerca_2025.webp?fit=900%2C490&ssl=1\",\"articleSection\":[\"destacado\",\"Sociedad\",\"Villa Mar\u00eda\"],\"inLanguage\":\"es\",\"potentialAction\":[{\"@type\":\"CommentAction\",\"name\":\"Comment\",\"target\":[\"https:\/\/elregionalvm.com.ar\/noticias-villa-maria\/aerca-consolido-su-rol-como-articuladora-del-entramado-productivo\/#respond\"]}]},{\"@type\":\"WebPage\",\"@id\":\"https:\/\/elregionalvm.com.ar\/noticias-villa-maria\/aerca-consolido-su-rol-como-articuladora-del-entramado-productivo\/\",\"url\":\"https:\/\/elregionalvm.com.ar\/noticias-villa-maria\/aerca-consolido-su-rol-como-articuladora-del-entramado-productivo\/\",\"name\":\"AERCA consolid\u00f3 su rol como articuladora del entramado productivo - El Regional\",\"isPartOf\":{\"@id\":\"http:\/\/elregionalvm.com.ar\/noticias-villa-maria\/#website\"},\"primaryImageOfPage\":{\"@id\":\"https:\/\/elregionalvm.com.ar\/noticias-villa-maria\/aerca-consolido-su-rol-como-articuladora-del-entramado-productivo\/#primaryimage\"},\"image\":{\"@id\":\"https:\/\/elregionalvm.com.ar\/noticias-villa-maria\/aerca-consolido-su-rol-como-articuladora-del-entramado-productivo\/#primaryimage\"},\"thumbnailUrl\":\"https:\/\/i0.wp.com\/elregionalvm.com.ar\/noticias-villa-maria\/wp-content\/uploads\/2026\/01\/aerca_2025.webp?fit=900%2C490&ssl=1\",\"datePublished\":\"2026-01-07T03:57:58+00:00\",\"dateModified\":\"2026-01-07T03:58:01+00:00\",\"author\":{\"@id\":\"http:\/\/elregionalvm.com.ar\/noticias-villa-maria\/#\/schema\/person\/a0fb9c422317faca23d50163151bc354\"},\"breadcrumb\":{\"@id\":\"https:\/\/elregionalvm.com.ar\/noticias-villa-maria\/aerca-consolido-su-rol-como-articuladora-del-entramado-productivo\/#breadcrumb\"},\"inLanguage\":\"es\",\"potentialAction\":[{\"@type\":\"ReadAction\",\"target\":[\"https:\/\/elregionalvm.com.ar\/noticias-villa-maria\/aerca-consolido-su-rol-como-articuladora-del-entramado-productivo\/\"]}]},{\"@type\":\"ImageObject\",\"inLanguage\":\"es\",\"@id\":\"https:\/\/elregionalvm.com.ar\/noticias-villa-maria\/aerca-consolido-su-rol-como-articuladora-del-entramado-productivo\/#primaryimage\",\"url\":\"https:\/\/i0.wp.com\/elregionalvm.com.ar\/noticias-villa-maria\/wp-content\/uploads\/2026\/01\/aerca_2025.webp?fit=900%2C490&ssl=1\",\"contentUrl\":\"https:\/\/i0.wp.com\/elregionalvm.com.ar\/noticias-villa-maria\/wp-content\/uploads\/2026\/01\/aerca_2025.webp?fit=900%2C490&ssl=1\",\"width\":900,\"height\":490},{\"@type\":\"BreadcrumbList\",\"@id\":\"https:\/\/elregionalvm.com.ar\/noticias-villa-maria\/aerca-consolido-su-rol-como-articuladora-del-entramado-productivo\/#breadcrumb\",\"itemListElement\":[{\"@type\":\"ListItem\",\"position\":1,\"name\":\"Portada\",\"item\":\"https:\/\/elregionalvm.com.ar\/noticias-villa-maria\/\"},{\"@type\":\"ListItem\",\"position\":2,\"name\":\"AERCA consolid\u00f3 su rol como articuladora del entramado productivo\"}]},{\"@type\":\"WebSite\",\"@id\":\"http:\/\/elregionalvm.com.ar\/noticias-villa-maria\/#website\",\"url\":\"http:\/\/elregionalvm.com.ar\/noticias-villa-maria\/\",\"name\":\"El Regional\",\"description\":\"Mucho m\u00e1s que informaci\u00f3n\",\"potentialAction\":[{\"@type\":\"SearchAction\",\"target\":{\"@type\":\"EntryPoint\",\"urlTemplate\":\"http:\/\/elregionalvm.com.ar\/noticias-villa-maria\/?s={search_term_string}\"},\"query-input\":{\"@type\":\"PropertyValueSpecification\",\"valueRequired\":true,\"valueName\":\"search_term_string\"}}],\"inLanguage\":\"es\"},{\"@type\":\"Person\",\"@id\":\"http:\/\/elregionalvm.com.ar\/noticias-villa-maria\/#\/schema\/person\/a0fb9c422317faca23d50163151bc354\",\"name\":\"Contenidos El Regional\",\"image\":{\"@type\":\"ImageObject\",\"inLanguage\":\"es\",\"@id\":\"http:\/\/elregionalvm.com.ar\/noticias-villa-maria\/#\/schema\/person\/image\/\",\"url\":\"https:\/\/secure.gravatar.com\/avatar\/265b27cb2209af7bb3a1318f03305787d7981a5cc6e6cd08fe5a4ecdf99d4b48?s=96&d=mm&r=g\",\"contentUrl\":\"https:\/\/secure.gravatar.com\/avatar\/265b27cb2209af7bb3a1318f03305787d7981a5cc6e6cd08fe5a4ecdf99d4b48?s=96&d=mm&r=g\",\"caption\":\"Contenidos El Regional\"},\"url\":\"https:\/\/elregionalvm.com.ar\/noticias-villa-maria\/author\/contenido\/\"}]}<\/script>\n<!-- \/ Yoast SEO plugin. -->","yoast_head_json":{"title":"AERCA consolid\u00f3 su rol como articuladora del entramado productivo - El Regional","robots":{"index":"index","follow":"follow","max-snippet":"max-snippet:-1","max-image-preview":"max-image-preview:large","max-video-preview":"max-video-preview:-1"},"canonical":"https:\/\/elregionalvm.com.ar\/noticias-villa-maria\/aerca-consolido-su-rol-como-articuladora-del-entramado-productivo\/","og_locale":"es_ES","og_type":"article","og_title":"AERCA consolid\u00f3 su rol como articuladora del entramado productivo - El Regional","og_description":"El&nbsp;2025&nbsp;fue un a\u00f1o de&nbsp;alta actividad institucional&nbsp;para la&nbsp;AERCA, marcado por acciones gremiales, capacitaciones y propuestas concretas orientadas a&nbsp;responder a las demandas del entramado productivo&nbsp;local y regional. Durante el a\u00f1o, las distintas&nbsp;c\u00e1maras y comisiones de trabajo&nbsp;lograron generar&nbsp;propuestas de valor, fortaleciendo la representaci\u00f3n sectorial y el acompa\u00f1amiento a las&nbsp;empresas asociadas. Hitos institucionales y expansi\u00f3n territorial Entre los principales [&hellip;]","og_url":"https:\/\/elregionalvm.com.ar\/noticias-villa-maria\/aerca-consolido-su-rol-como-articuladora-del-entramado-productivo\/","og_site_name":"El Regional","article_publisher":"https:\/\/www.facebook.com\/elregionalvm","article_published_time":"2026-01-07T03:57:58+00:00","article_modified_time":"2026-01-07T03:58:01+00:00","og_image":[{"width":900,"height":490,"url":"https:\/\/elregionalvm.com.ar\/noticias-villa-maria\/wp-content\/uploads\/2026\/01\/aerca_2025.webp","type":"image\/webp"}],"author":"Contenidos El Regional","twitter_card":"summary_large_image","twitter_creator":"@elregionalvm1","twitter_site":"@elregionalvm1","twitter_misc":{"Escrito por":"Contenidos El Regional","Tiempo de lectura":"4 minutos"},"schema":{"@context":"https:\/\/schema.org","@graph":[{"@type":"Article","@id":"https:\/\/elregionalvm.com.ar\/noticias-villa-maria\/aerca-consolido-su-rol-como-articuladora-del-entramado-productivo\/#article","isPartOf":{"@id":"https:\/\/elregionalvm.com.ar\/noticias-villa-maria\/aerca-consolido-su-rol-como-articuladora-del-entramado-productivo\/"},"author":{"name":"Contenidos El Regional","@id":"http:\/\/elregionalvm.com.ar\/noticias-villa-maria\/#\/schema\/person\/a0fb9c422317faca23d50163151bc354"},"headline":"AERCA consolid\u00f3 su rol como articuladora del entramado productivo","datePublished":"2026-01-07T03:57:58+00:00","dateModified":"2026-01-07T03:58:01+00:00","mainEntityOfPage":{"@id":"https:\/\/elregionalvm.com.ar\/noticias-villa-maria\/aerca-consolido-su-rol-como-articuladora-del-entramado-productivo\/"},"wordCount":974,"commentCount":0,"image":{"@id":"https:\/\/elregionalvm.com.ar\/noticias-villa-maria\/aerca-consolido-su-rol-como-articuladora-del-entramado-productivo\/#primaryimage"},"thumbnailUrl":"https:\/\/i0.wp.com\/elregionalvm.com.ar\/noticias-villa-maria\/wp-content\/uploads\/2026\/01\/aerca_2025.webp?fit=900%2C490&ssl=1","articleSection":["destacado","Sociedad","Villa Mar\u00eda"],"inLanguage":"es","potentialAction":[{"@type":"CommentAction","name":"Comment","target":["https:\/\/elregionalvm.com.ar\/noticias-villa-maria\/aerca-consolido-su-rol-como-articuladora-del-entramado-productivo\/#respond"]}]},{"@type":"WebPage","@id":"https:\/\/elregionalvm.com.ar\/noticias-villa-maria\/aerca-consolido-su-rol-como-articuladora-del-entramado-productivo\/","url":"https:\/\/elregionalvm.com.ar\/noticias-villa-maria\/aerca-consolido-su-rol-como-articuladora-del-entramado-productivo\/","name":"AERCA consolid\u00f3 su rol como articuladora del entramado productivo - El Regional","isPartOf":{"@id":"http:\/\/elregionalvm.com.ar\/noticias-villa-maria\/#website"},"primaryImageOfPage":{"@id":"https:\/\/elregionalvm.com.ar\/noticias-villa-maria\/aerca-consolido-su-rol-como-articuladora-del-entramado-productivo\/#primaryimage"},"image":{"@id":"https:\/\/elregionalvm.com.ar\/noticias-villa-maria\/aerca-consolido-su-rol-como-articuladora-del-entramado-productivo\/#primaryimage"},"thumbnailUrl":"https:\/\/i0.wp.com\/elregionalvm.com.ar\/noticias-villa-maria\/wp-content\/uploads\/2026\/01\/aerca_2025.webp?fit=900%2C490&ssl=1","datePublished":"2026-01-07T03:57:58+00:00","dateModified":"2026-01-07T03:58:01+00:00","author":{"@id":"http:\/\/elregionalvm.com.ar\/noticias-villa-maria\/#\/schema\/person\/a0fb9c422317faca23d50163151bc354"},"breadcrumb":{"@id":"https:\/\/elregionalvm.com.ar\/noticias-villa-maria\/aerca-consolido-su-rol-como-articuladora-del-entramado-productivo\/#breadcrumb"},"inLanguage":"es","potentialAction":[{"@type":"ReadAction","target":["https:\/\/elregionalvm.com.ar\/noticias-villa-maria\/aerca-consolido-su-rol-como-articuladora-del-entramado-productivo\/"]}]},{"@type":"ImageObject","inLanguage":"es","@id":"https:\/\/elregionalvm.com.ar\/noticias-villa-maria\/aerca-consolido-su-rol-como-articuladora-del-entramado-productivo\/#primaryimage","url":"https:\/\/i0.wp.com\/elregionalvm.com.ar\/noticias-villa-maria\/wp-content\/uploads\/2026\/01\/aerca_2025.webp?fit=900%2C490&ssl=1","contentUrl":"https:\/\/i0.wp.com\/elregionalvm.com.ar\/noticias-villa-maria\/wp-content\/uploads\/2026\/01\/aerca_2025.webp?fit=900%2C490&ssl=1","width":900,"height":490},{"@type":"BreadcrumbList","@id":"https:\/\/elregionalvm.com.ar\/noticias-villa-maria\/aerca-consolido-su-rol-como-articuladora-del-entramado-productivo\/#breadcrumb","itemListElement":[{"@type":"ListItem","position":1,"name":"Portada","item":"https:\/\/elregionalvm.com.ar\/noticias-villa-maria\/"},{"@type":"ListItem","position":2,"name":"AERCA consolid\u00f3 su rol como articuladora del entramado productivo"}]},{"@type":"WebSite","@id":"http:\/\/elregionalvm.com.ar\/noticias-villa-maria\/#website","url":"http:\/\/elregionalvm.com.ar\/noticias-villa-maria\/","name":"El Regional","description":"Mucho m\u00e1s que informaci\u00f3n","potentialAction":[{"@type":"SearchAction","target":{"@type":"EntryPoint","urlTemplate":"http:\/\/elregionalvm.com.ar\/noticias-villa-maria\/?s={search_term_string}"},"query-input":{"@type":"PropertyValueSpecification","valueRequired":true,"valueName":"search_term_string"}}],"inLanguage":"es"},{"@type":"Person","@id":"http:\/\/elregionalvm.com.ar\/noticias-villa-maria\/#\/schema\/person\/a0fb9c422317faca23d50163151bc354","name":"Contenidos El Regional","image":{"@type":"ImageObject","inLanguage":"es","@id":"http:\/\/elregionalvm.com.ar\/noticias-villa-maria\/#\/schema\/person\/image\/","url":"https:\/\/secure.gravatar.com\/avatar\/265b27cb2209af7bb3a1318f03305787d7981a5cc6e6cd08fe5a4ecdf99d4b48?s=96&d=mm&r=g","contentUrl":"https:\/\/secure.gravatar.com\/avatar\/265b27cb2209af7bb3a1318f03305787d7981a5cc6e6cd08fe5a4ecdf99d4b48?s=96&d=mm&r=g","caption":"Contenidos El Regional"},"url":"https:\/\/elregionalvm.com.ar\/noticias-villa-maria\/author\/contenido\/"}]}},"jetpack_featured_media_url":"https:\/\/i0.wp.com\/elregionalvm.com.ar\/noticias-villa-maria\/wp-content\/uploads\/2026\/01\/aerca_2025.webp?fit=900%2C490&ssl=1","jetpack_sharing_enabled":true,"_links":{"self":[{"href":"https:\/\/elregionalvm.com.ar\/noticias-villa-maria\/wp-json\/wp\/v2\/posts\/113150","targetHints":{"allow":["GET"]}}],"collection":[{"href":"https:\/\/elregionalvm.com.ar\/noticias-villa-maria\/wp-json\/wp\/v2\/posts"}],"about":[{"href":"https:\/\/elregionalvm.com.ar\/noticias-villa-maria\/wp-json\/wp\/v2\/types\/post"}],"author":[{"embeddable":true,"href":"https:\/\/elregionalvm.com.ar\/noticias-villa-maria\/wp-json\/wp\/v2\/users\/4"}],"replies":[{"embeddable":true,"href":"https:\/\/elregionalvm.com.ar\/noticias-villa-maria\/wp-json\/wp\/v2\/comments?post=113150"}],"version-history":[{"count":1,"href":"https:\/\/elregionalvm.com.ar\/noticias-villa-maria\/wp-json\/wp\/v2\/posts\/113150\/revisions"}],"predecessor-version":[{"id":113152,"href":"https:\/\/elregionalvm.com.ar\/noticias-villa-maria\/wp-json\/wp\/v2\/posts\/113150\/revisions\/113152"}],"wp:featuredmedia":[{"embeddable":true,"href":"https:\/\/elregionalvm.com.ar\/noticias-villa-maria\/wp-json\/wp\/v2\/media\/113151"}],"wp:attachment":[{"href":"https:\/\/elregionalvm.com.ar\/noticias-villa-maria\/wp-json\/wp\/v2\/media?parent=113150"}],"wp:term":[{"taxonomy":"category","embeddable":true,"href":"https:\/\/elregionalvm.com.ar\/noticias-villa-maria\/wp-json\/wp\/v2\/categories?post=113150"},{"taxonomy":"post_tag","embeddable":true,"href":"https:\/\/elregionalvm.com.ar\/noticias-villa-maria\/wp-json\/wp\/v2\/tags?post=113150"}],"curies":[{"name":"wp","href":"https:\/\/api.w.org\/{rel}","templated":true}]}}