{"id":113156,"date":"2026-01-08T02:37:23","date_gmt":"2026-01-08T02:37:23","guid":{"rendered":"https:\/\/elregionalvm.com.ar\/noticias-villa-maria\/?p=113156"},"modified":"2026-01-08T18:21:07","modified_gmt":"2026-01-08T18:21:07","slug":"se-llevo-a-cabo-una-reunion-de-trabajo-de-la-direccion-de-turismo-junto-a-referentes-del-sector-hotelero","status":"publish","type":"post","link":"https:\/\/elregionalvm.com.ar\/noticias-villa-maria\/se-llevo-a-cabo-una-reunion-de-trabajo-de-la-direccion-de-turismo-junto-a-referentes-del-sector-hotelero\/","title":{"rendered":"Se llev\u00f3 a cabo una reuni\u00f3n de trabajo de la Direcci\u00f3n de Turismo  junto a referentes del sector hotelero"},"content":{"rendered":"\n<p>Se llev\u00f3 a cabo una reuni\u00f3n de trabajo junto a referentes del sector hotelero de la ciudad. El encuentro tuvo lugar en el Sal\u00f3n Hexagonal del Anfiteatro Municipal y cont\u00f3 con la participaci\u00f3n del secretario de Gobierno, Cultura y Relaciones Institucionales, Marcos Bovo; el presidente del Ente Deporte y Turismo, Alejandro Mana; y el director de Turismo, Dino Gagliese.<\/p>\n\n\n\n<p>En representaci\u00f3n del sector hotelero, estuvieron presentes responsables de los establecimientos Amerian, Le Parc, Rep\u00fablica, Alc\u00e1zar, Victoria, San Mart\u00edn, Babel y San Remo.<\/p>\n\n\n\n<p>Durante la reuni\u00f3n, se realiz\u00f3 un balance de la situaci\u00f3n actual del sector y se proyectaron las metas para la temporada estival. En este sentido, se destac\u00f3 que el nivel de reservas para la semana del festival de Pe\u00f1as, alcanza en promedio el 70%.&nbsp;<\/p>\n\n\n\n<p>Al respecto, Alejandro Mana dijo:&nbsp;<em>\u201ccompartimos una agenda con la variedad de propuesta que tiene la ciudad en el marco de la temporada estival, como circuitos tur\u00edsticos, eventos culturales, recreativos y deportivos\u201d.&nbsp;<\/em><\/p>\n\n\n\n<p>Mientras que Marcos Bovo agreg\u00f3:&nbsp;<em>\u201cintercambiamos opiniones sobre el desarrollo de la temporada y el impacto que tiene el festival en el nivel de reservas. Tambi\u00e9n repasamos los eventos realizados el a\u00f1o anterior y su impacto en materia tur\u00edstica y en la econom\u00eda naranja, poniendo en valor, fundamentalmente, los eventos deportivos, culturares y formativos acad\u00e9micos, con impactos en los sectores de la industria del turismo\u201d.<\/em><\/p>\n\n\n\n<p><em>\u201cEs un norte que como gesti\u00f3n de gobierno se viene trabajando para seguir consolidando y posicionando a Villa Mar\u00eda como sede de turismo de eventos\u201d<\/em>, cerr\u00f3 el funcionario. &nbsp;<\/p>\n\n\n\n<p>A su turno, Daniela Carballo del hotel Amerian, destac\u00f3:&nbsp;<em>\u201cen cuanto a los niveles de alojamientos venimos muy bien y con mayor celeridad en reservas que a\u00f1os anteriores, lo que consolida a Villa Mar\u00eda muy atractiva para los visitantes\u201d.&nbsp;<\/em><\/p>\n\n\n\n<p>Por \u00faltimo, Dami\u00e1n Grasso, del hotel rep\u00fablica, agreg\u00f3:&nbsp;<em>\u201cnos venimos preparando muy bien para la temporada y estamos con muchas expectativas que se ve reflejada en las reservas\u201d.&nbsp;<\/em><\/p>\n\n\n\n<p>Cabe se\u00f1alar que Dino Gagliese realiz\u00f3 una presentaci\u00f3n de la agenda de actividades que se promueven desde el Estado Municipal y manifest\u00f3:&nbsp;<em>\u201cla variada agenda invita a vivir el verano plenamente en la ciudad con propuestas de lunes a lunes en materia cultural, en circuitos tur\u00edsticos y en el disfrute de productos gastron\u00f3micos\u201d.<\/em><\/p>\n","protected":false},"excerpt":{"rendered":"<p>Se llev\u00f3 a cabo una reuni\u00f3n de trabajo junto a referentes del sector hotelero de la ciudad. El encuentro tuvo lugar en el Sal\u00f3n Hexagonal del Anfiteatro Municipal y cont\u00f3 con la participaci\u00f3n del secretario de Gobierno, Cultura y Relaciones Institucionales, Marcos Bovo; el presidente del Ente Deporte y Turismo, Alejandro Mana; y el director [&hellip;]<\/p>\n","protected":false},"author":4,"featured_media":113157,"comment_status":"open","ping_status":"open","sticky":false,"template":"","format":"standard","meta":{"site-sidebar-layout":"default","site-content-layout":"","ast-site-content-layout":"default","site-content-style":"default","site-sidebar-style":"default","ast-global-header-display":"","ast-banner-title-visibility":"","ast-main-header-display":"","ast-hfb-above-header-display":"","ast-hfb-below-header-display":"","ast-hfb-mobile-header-display":"","site-post-title":"","ast-breadcrumbs-content":"","ast-featured-img":"","footer-sml-layout":"","ast-disable-related-posts":"","theme-transparent-header-meta":"","adv-header-id-meta":"","stick-header-meta":"","header-above-stick-meta":"","header-main-stick-meta":"","header-below-stick-meta":"","astra-migrate-meta-layouts":"set","ast-page-background-enabled":"default","ast-page-background-meta":{"desktop":{"background-color":"","background-image":"","background-repeat":"repeat","background-position":"center center","background-size":"auto","background-attachment":"scroll","background-type":"","background-media":"","overlay-type":"","overlay-color":"","overlay-opacity":"","overlay-gradient":""},"tablet":{"background-color":"","background-image":"","background-repeat":"repeat","background-position":"center center","background-size":"auto","background-attachment":"scroll","background-type":"","background-media":"","overlay-type":"","overlay-color":"","overlay-opacity":"","overlay-gradient":""},"mobile":{"background-color":"","background-image":"","background-repeat":"repeat","background-position":"center center","background-size":"auto","background-attachment":"scroll","background-type":"","background-media":"","overlay-type":"","overlay-color":"","overlay-opacity":"","overlay-gradient":""}},"ast-content-background-meta":{"desktop":{"background-color":"var(--ast-global-color-5)","background-image":"","background-repeat":"repeat","background-position":"center center","background-size":"auto","background-attachment":"scroll","background-type":"","background-media":"","overlay-type":"","overlay-color":"","overlay-opacity":"","overlay-gradient":""},"tablet":{"background-color":"var(--ast-global-color-5)","background-image":"","background-repeat":"repeat","background-position":"center center","background-size":"auto","background-attachment":"scroll","background-type":"","background-media":"","overlay-type":"","overlay-color":"","overlay-opacity":"","overlay-gradient":""},"mobile":{"background-color":"var(--ast-global-color-5)","background-image":"","background-repeat":"repeat","background-position":"center center","background-size":"auto","background-attachment":"scroll","background-type":"","background-media":"","overlay-type":"","overlay-color":"","overlay-opacity":"","overlay-gradient":""}},"_jetpack_memberships_contains_paid_content":false,"_joinchat":[],"footnotes":""},"categories":[15302,5,2],"tags":[],"class_list":["post-113156","post","type-post","status-publish","format-standard","has-post-thumbnail","hentry","category-destacado","category-sociedad","category-villa-maria"],"yoast_head":"<!-- This site is optimized with the Yoast SEO plugin v26.8 - https:\/\/yoast.com\/product\/yoast-seo-wordpress\/ -->\n<title>Se llev\u00f3 a cabo una reuni\u00f3n de trabajo de la Direcci\u00f3n de Turismo junto a referentes del sector hotelero - El Regional<\/title>\n<meta name=\"robots\" content=\"index, follow, max-snippet:-1, max-image-preview:large, max-video-preview:-1\" \/>\n<link rel=\"canonical\" href=\"https:\/\/elregionalvm.com.ar\/noticias-villa-maria\/se-llevo-a-cabo-una-reunion-de-trabajo-de-la-direccion-de-turismo-junto-a-referentes-del-sector-hotelero\/\" \/>\n<meta property=\"og:locale\" content=\"es_ES\" \/>\n<meta property=\"og:type\" content=\"article\" \/>\n<meta property=\"og:title\" content=\"Se llev\u00f3 a cabo una reuni\u00f3n de trabajo de la Direcci\u00f3n de Turismo junto a referentes del sector hotelero - El Regional\" \/>\n<meta property=\"og:description\" content=\"Se llev\u00f3 a cabo una reuni\u00f3n de trabajo junto a referentes del sector hotelero de la ciudad. El encuentro tuvo lugar en el Sal\u00f3n Hexagonal del Anfiteatro Municipal y cont\u00f3 con la participaci\u00f3n del secretario de Gobierno, Cultura y Relaciones Institucionales, Marcos Bovo; el presidente del Ente Deporte y Turismo, Alejandro Mana; y el director [&hellip;]\" \/>\n<meta property=\"og:url\" content=\"https:\/\/elregionalvm.com.ar\/noticias-villa-maria\/se-llevo-a-cabo-una-reunion-de-trabajo-de-la-direccion-de-turismo-junto-a-referentes-del-sector-hotelero\/\" \/>\n<meta property=\"og:site_name\" content=\"El Regional\" \/>\n<meta property=\"article:publisher\" content=\"https:\/\/www.facebook.com\/elregionalvm\" \/>\n<meta property=\"article:published_time\" content=\"2026-01-08T02:37:23+00:00\" \/>\n<meta property=\"article:modified_time\" content=\"2026-01-08T18:21:07+00:00\" \/>\n<meta property=\"og:image\" content=\"https:\/\/elregionalvm.com.ar\/noticias-villa-maria\/wp-content\/uploads\/2026\/01\/3f3f0f26b6d84ca8b17786038387d5ac.jpeg\" \/>\n\t<meta property=\"og:image:width\" content=\"800\" \/>\n\t<meta property=\"og:image:height\" content=\"600\" \/>\n\t<meta property=\"og:image:type\" content=\"image\/jpeg\" \/>\n<meta name=\"author\" content=\"Contenidos El Regional\" \/>\n<meta name=\"twitter:card\" content=\"summary_large_image\" \/>\n<meta name=\"twitter:creator\" content=\"@elregionalvm1\" \/>\n<meta name=\"twitter:site\" content=\"@elregionalvm1\" \/>\n<meta name=\"twitter:label1\" content=\"Escrito por\" \/>\n\t<meta name=\"twitter:data1\" content=\"Contenidos El Regional\" \/>\n\t<meta name=\"twitter:label2\" content=\"Tiempo de lectura\" \/>\n\t<meta name=\"twitter:data2\" content=\"2 minutos\" \/>\n<script type=\"application\/ld+json\" class=\"yoast-schema-graph\">{\"@context\":\"https:\/\/schema.org\",\"@graph\":[{\"@type\":\"Article\",\"@id\":\"https:\/\/elregionalvm.com.ar\/noticias-villa-maria\/se-llevo-a-cabo-una-reunion-de-trabajo-de-la-direccion-de-turismo-junto-a-referentes-del-sector-hotelero\/#article\",\"isPartOf\":{\"@id\":\"https:\/\/elregionalvm.com.ar\/noticias-villa-maria\/se-llevo-a-cabo-una-reunion-de-trabajo-de-la-direccion-de-turismo-junto-a-referentes-del-sector-hotelero\/\"},\"author\":{\"name\":\"Contenidos El Regional\",\"@id\":\"http:\/\/elregionalvm.com.ar\/noticias-villa-maria\/#\/schema\/person\/a0fb9c422317faca23d50163151bc354\"},\"headline\":\"Se llev\u00f3 a cabo una reuni\u00f3n de trabajo de la Direcci\u00f3n de Turismo junto a referentes del sector hotelero\",\"datePublished\":\"2026-01-08T02:37:23+00:00\",\"dateModified\":\"2026-01-08T18:21:07+00:00\",\"mainEntityOfPage\":{\"@id\":\"https:\/\/elregionalvm.com.ar\/noticias-villa-maria\/se-llevo-a-cabo-una-reunion-de-trabajo-de-la-direccion-de-turismo-junto-a-referentes-del-sector-hotelero\/\"},\"wordCount\":427,\"commentCount\":0,\"image\":{\"@id\":\"https:\/\/elregionalvm.com.ar\/noticias-villa-maria\/se-llevo-a-cabo-una-reunion-de-trabajo-de-la-direccion-de-turismo-junto-a-referentes-del-sector-hotelero\/#primaryimage\"},\"thumbnailUrl\":\"https:\/\/i0.wp.com\/elregionalvm.com.ar\/noticias-villa-maria\/wp-content\/uploads\/2026\/01\/3f3f0f26b6d84ca8b17786038387d5ac.jpeg?fit=800%2C600&ssl=1\",\"articleSection\":[\"destacado\",\"Sociedad\",\"Villa Mar\u00eda\"],\"inLanguage\":\"es\",\"potentialAction\":[{\"@type\":\"CommentAction\",\"name\":\"Comment\",\"target\":[\"https:\/\/elregionalvm.com.ar\/noticias-villa-maria\/se-llevo-a-cabo-una-reunion-de-trabajo-de-la-direccion-de-turismo-junto-a-referentes-del-sector-hotelero\/#respond\"]}]},{\"@type\":\"WebPage\",\"@id\":\"https:\/\/elregionalvm.com.ar\/noticias-villa-maria\/se-llevo-a-cabo-una-reunion-de-trabajo-de-la-direccion-de-turismo-junto-a-referentes-del-sector-hotelero\/\",\"url\":\"https:\/\/elregionalvm.com.ar\/noticias-villa-maria\/se-llevo-a-cabo-una-reunion-de-trabajo-de-la-direccion-de-turismo-junto-a-referentes-del-sector-hotelero\/\",\"name\":\"Se llev\u00f3 a cabo una reuni\u00f3n de trabajo de la Direcci\u00f3n de Turismo junto a referentes del sector hotelero - El Regional\",\"isPartOf\":{\"@id\":\"http:\/\/elregionalvm.com.ar\/noticias-villa-maria\/#website\"},\"primaryImageOfPage\":{\"@id\":\"https:\/\/elregionalvm.com.ar\/noticias-villa-maria\/se-llevo-a-cabo-una-reunion-de-trabajo-de-la-direccion-de-turismo-junto-a-referentes-del-sector-hotelero\/#primaryimage\"},\"image\":{\"@id\":\"https:\/\/elregionalvm.com.ar\/noticias-villa-maria\/se-llevo-a-cabo-una-reunion-de-trabajo-de-la-direccion-de-turismo-junto-a-referentes-del-sector-hotelero\/#primaryimage\"},\"thumbnailUrl\":\"https:\/\/i0.wp.com\/elregionalvm.com.ar\/noticias-villa-maria\/wp-content\/uploads\/2026\/01\/3f3f0f26b6d84ca8b17786038387d5ac.jpeg?fit=800%2C600&ssl=1\",\"datePublished\":\"2026-01-08T02:37:23+00:00\",\"dateModified\":\"2026-01-08T18:21:07+00:00\",\"author\":{\"@id\":\"http:\/\/elregionalvm.com.ar\/noticias-villa-maria\/#\/schema\/person\/a0fb9c422317faca23d50163151bc354\"},\"breadcrumb\":{\"@id\":\"https:\/\/elregionalvm.com.ar\/noticias-villa-maria\/se-llevo-a-cabo-una-reunion-de-trabajo-de-la-direccion-de-turismo-junto-a-referentes-del-sector-hotelero\/#breadcrumb\"},\"inLanguage\":\"es\",\"potentialAction\":[{\"@type\":\"ReadAction\",\"target\":[\"https:\/\/elregionalvm.com.ar\/noticias-villa-maria\/se-llevo-a-cabo-una-reunion-de-trabajo-de-la-direccion-de-turismo-junto-a-referentes-del-sector-hotelero\/\"]}]},{\"@type\":\"ImageObject\",\"inLanguage\":\"es\",\"@id\":\"https:\/\/elregionalvm.com.ar\/noticias-villa-maria\/se-llevo-a-cabo-una-reunion-de-trabajo-de-la-direccion-de-turismo-junto-a-referentes-del-sector-hotelero\/#primaryimage\",\"url\":\"https:\/\/i0.wp.com\/elregionalvm.com.ar\/noticias-villa-maria\/wp-content\/uploads\/2026\/01\/3f3f0f26b6d84ca8b17786038387d5ac.jpeg?fit=800%2C600&ssl=1\",\"contentUrl\":\"https:\/\/i0.wp.com\/elregionalvm.com.ar\/noticias-villa-maria\/wp-content\/uploads\/2026\/01\/3f3f0f26b6d84ca8b17786038387d5ac.jpeg?fit=800%2C600&ssl=1\",\"width\":800,\"height\":600},{\"@type\":\"BreadcrumbList\",\"@id\":\"https:\/\/elregionalvm.com.ar\/noticias-villa-maria\/se-llevo-a-cabo-una-reunion-de-trabajo-de-la-direccion-de-turismo-junto-a-referentes-del-sector-hotelero\/#breadcrumb\",\"itemListElement\":[{\"@type\":\"ListItem\",\"position\":1,\"name\":\"Portada\",\"item\":\"https:\/\/elregionalvm.com.ar\/noticias-villa-maria\/\"},{\"@type\":\"ListItem\",\"position\":2,\"name\":\"Se llev\u00f3 a cabo una reuni\u00f3n de trabajo de la Direcci\u00f3n de Turismo junto a referentes del sector hotelero\"}]},{\"@type\":\"WebSite\",\"@id\":\"http:\/\/elregionalvm.com.ar\/noticias-villa-maria\/#website\",\"url\":\"http:\/\/elregionalvm.com.ar\/noticias-villa-maria\/\",\"name\":\"El Regional\",\"description\":\"Mucho m\u00e1s que informaci\u00f3n\",\"potentialAction\":[{\"@type\":\"SearchAction\",\"target\":{\"@type\":\"EntryPoint\",\"urlTemplate\":\"http:\/\/elregionalvm.com.ar\/noticias-villa-maria\/?s={search_term_string}\"},\"query-input\":{\"@type\":\"PropertyValueSpecification\",\"valueRequired\":true,\"valueName\":\"search_term_string\"}}],\"inLanguage\":\"es\"},{\"@type\":\"Person\",\"@id\":\"http:\/\/elregionalvm.com.ar\/noticias-villa-maria\/#\/schema\/person\/a0fb9c422317faca23d50163151bc354\",\"name\":\"Contenidos El Regional\",\"image\":{\"@type\":\"ImageObject\",\"inLanguage\":\"es\",\"@id\":\"http:\/\/elregionalvm.com.ar\/noticias-villa-maria\/#\/schema\/person\/image\/\",\"url\":\"https:\/\/secure.gravatar.com\/avatar\/265b27cb2209af7bb3a1318f03305787d7981a5cc6e6cd08fe5a4ecdf99d4b48?s=96&d=mm&r=g\",\"contentUrl\":\"https:\/\/secure.gravatar.com\/avatar\/265b27cb2209af7bb3a1318f03305787d7981a5cc6e6cd08fe5a4ecdf99d4b48?s=96&d=mm&r=g\",\"caption\":\"Contenidos El Regional\"},\"url\":\"https:\/\/elregionalvm.com.ar\/noticias-villa-maria\/author\/contenido\/\"}]}<\/script>\n<!-- \/ Yoast SEO plugin. -->","yoast_head_json":{"title":"Se llev\u00f3 a cabo una reuni\u00f3n de trabajo de la Direcci\u00f3n de Turismo junto a referentes del sector hotelero - El Regional","robots":{"index":"index","follow":"follow","max-snippet":"max-snippet:-1","max-image-preview":"max-image-preview:large","max-video-preview":"max-video-preview:-1"},"canonical":"https:\/\/elregionalvm.com.ar\/noticias-villa-maria\/se-llevo-a-cabo-una-reunion-de-trabajo-de-la-direccion-de-turismo-junto-a-referentes-del-sector-hotelero\/","og_locale":"es_ES","og_type":"article","og_title":"Se llev\u00f3 a cabo una reuni\u00f3n de trabajo de la Direcci\u00f3n de Turismo junto a referentes del sector hotelero - El Regional","og_description":"Se llev\u00f3 a cabo una reuni\u00f3n de trabajo junto a referentes del sector hotelero de la ciudad. El encuentro tuvo lugar en el Sal\u00f3n Hexagonal del Anfiteatro Municipal y cont\u00f3 con la participaci\u00f3n del secretario de Gobierno, Cultura y Relaciones Institucionales, Marcos Bovo; el presidente del Ente Deporte y Turismo, Alejandro Mana; y el director [&hellip;]","og_url":"https:\/\/elregionalvm.com.ar\/noticias-villa-maria\/se-llevo-a-cabo-una-reunion-de-trabajo-de-la-direccion-de-turismo-junto-a-referentes-del-sector-hotelero\/","og_site_name":"El Regional","article_publisher":"https:\/\/www.facebook.com\/elregionalvm","article_published_time":"2026-01-08T02:37:23+00:00","article_modified_time":"2026-01-08T18:21:07+00:00","og_image":[{"width":800,"height":600,"url":"https:\/\/elregionalvm.com.ar\/noticias-villa-maria\/wp-content\/uploads\/2026\/01\/3f3f0f26b6d84ca8b17786038387d5ac.jpeg","type":"image\/jpeg"}],"author":"Contenidos El Regional","twitter_card":"summary_large_image","twitter_creator":"@elregionalvm1","twitter_site":"@elregionalvm1","twitter_misc":{"Escrito por":"Contenidos El Regional","Tiempo de lectura":"2 minutos"},"schema":{"@context":"https:\/\/schema.org","@graph":[{"@type":"Article","@id":"https:\/\/elregionalvm.com.ar\/noticias-villa-maria\/se-llevo-a-cabo-una-reunion-de-trabajo-de-la-direccion-de-turismo-junto-a-referentes-del-sector-hotelero\/#article","isPartOf":{"@id":"https:\/\/elregionalvm.com.ar\/noticias-villa-maria\/se-llevo-a-cabo-una-reunion-de-trabajo-de-la-direccion-de-turismo-junto-a-referentes-del-sector-hotelero\/"},"author":{"name":"Contenidos El Regional","@id":"http:\/\/elregionalvm.com.ar\/noticias-villa-maria\/#\/schema\/person\/a0fb9c422317faca23d50163151bc354"},"headline":"Se llev\u00f3 a cabo una reuni\u00f3n de trabajo de la Direcci\u00f3n de Turismo junto a referentes del sector hotelero","datePublished":"2026-01-08T02:37:23+00:00","dateModified":"2026-01-08T18:21:07+00:00","mainEntityOfPage":{"@id":"https:\/\/elregionalvm.com.ar\/noticias-villa-maria\/se-llevo-a-cabo-una-reunion-de-trabajo-de-la-direccion-de-turismo-junto-a-referentes-del-sector-hotelero\/"},"wordCount":427,"commentCount":0,"image":{"@id":"https:\/\/elregionalvm.com.ar\/noticias-villa-maria\/se-llevo-a-cabo-una-reunion-de-trabajo-de-la-direccion-de-turismo-junto-a-referentes-del-sector-hotelero\/#primaryimage"},"thumbnailUrl":"https:\/\/i0.wp.com\/elregionalvm.com.ar\/noticias-villa-maria\/wp-content\/uploads\/2026\/01\/3f3f0f26b6d84ca8b17786038387d5ac.jpeg?fit=800%2C600&ssl=1","articleSection":["destacado","Sociedad","Villa Mar\u00eda"],"inLanguage":"es","potentialAction":[{"@type":"CommentAction","name":"Comment","target":["https:\/\/elregionalvm.com.ar\/noticias-villa-maria\/se-llevo-a-cabo-una-reunion-de-trabajo-de-la-direccion-de-turismo-junto-a-referentes-del-sector-hotelero\/#respond"]}]},{"@type":"WebPage","@id":"https:\/\/elregionalvm.com.ar\/noticias-villa-maria\/se-llevo-a-cabo-una-reunion-de-trabajo-de-la-direccion-de-turismo-junto-a-referentes-del-sector-hotelero\/","url":"https:\/\/elregionalvm.com.ar\/noticias-villa-maria\/se-llevo-a-cabo-una-reunion-de-trabajo-de-la-direccion-de-turismo-junto-a-referentes-del-sector-hotelero\/","name":"Se llev\u00f3 a cabo una reuni\u00f3n de trabajo de la Direcci\u00f3n de Turismo junto a referentes del sector hotelero - El Regional","isPartOf":{"@id":"http:\/\/elregionalvm.com.ar\/noticias-villa-maria\/#website"},"primaryImageOfPage":{"@id":"https:\/\/elregionalvm.com.ar\/noticias-villa-maria\/se-llevo-a-cabo-una-reunion-de-trabajo-de-la-direccion-de-turismo-junto-a-referentes-del-sector-hotelero\/#primaryimage"},"image":{"@id":"https:\/\/elregionalvm.com.ar\/noticias-villa-maria\/se-llevo-a-cabo-una-reunion-de-trabajo-de-la-direccion-de-turismo-junto-a-referentes-del-sector-hotelero\/#primaryimage"},"thumbnailUrl":"https:\/\/i0.wp.com\/elregionalvm.com.ar\/noticias-villa-maria\/wp-content\/uploads\/2026\/01\/3f3f0f26b6d84ca8b17786038387d5ac.jpeg?fit=800%2C600&ssl=1","datePublished":"2026-01-08T02:37:23+00:00","dateModified":"2026-01-08T18:21:07+00:00","author":{"@id":"http:\/\/elregionalvm.com.ar\/noticias-villa-maria\/#\/schema\/person\/a0fb9c422317faca23d50163151bc354"},"breadcrumb":{"@id":"https:\/\/elregionalvm.com.ar\/noticias-villa-maria\/se-llevo-a-cabo-una-reunion-de-trabajo-de-la-direccion-de-turismo-junto-a-referentes-del-sector-hotelero\/#breadcrumb"},"inLanguage":"es","potentialAction":[{"@type":"ReadAction","target":["https:\/\/elregionalvm.com.ar\/noticias-villa-maria\/se-llevo-a-cabo-una-reunion-de-trabajo-de-la-direccion-de-turismo-junto-a-referentes-del-sector-hotelero\/"]}]},{"@type":"ImageObject","inLanguage":"es","@id":"https:\/\/elregionalvm.com.ar\/noticias-villa-maria\/se-llevo-a-cabo-una-reunion-de-trabajo-de-la-direccion-de-turismo-junto-a-referentes-del-sector-hotelero\/#primaryimage","url":"https:\/\/i0.wp.com\/elregionalvm.com.ar\/noticias-villa-maria\/wp-content\/uploads\/2026\/01\/3f3f0f26b6d84ca8b17786038387d5ac.jpeg?fit=800%2C600&ssl=1","contentUrl":"https:\/\/i0.wp.com\/elregionalvm.com.ar\/noticias-villa-maria\/wp-content\/uploads\/2026\/01\/3f3f0f26b6d84ca8b17786038387d5ac.jpeg?fit=800%2C600&ssl=1","width":800,"height":600},{"@type":"BreadcrumbList","@id":"https:\/\/elregionalvm.com.ar\/noticias-villa-maria\/se-llevo-a-cabo-una-reunion-de-trabajo-de-la-direccion-de-turismo-junto-a-referentes-del-sector-hotelero\/#breadcrumb","itemListElement":[{"@type":"ListItem","position":1,"name":"Portada","item":"https:\/\/elregionalvm.com.ar\/noticias-villa-maria\/"},{"@type":"ListItem","position":2,"name":"Se llev\u00f3 a cabo una reuni\u00f3n de trabajo de la Direcci\u00f3n de Turismo junto a referentes del sector hotelero"}]},{"@type":"WebSite","@id":"http:\/\/elregionalvm.com.ar\/noticias-villa-maria\/#website","url":"http:\/\/elregionalvm.com.ar\/noticias-villa-maria\/","name":"El Regional","description":"Mucho m\u00e1s que informaci\u00f3n","potentialAction":[{"@type":"SearchAction","target":{"@type":"EntryPoint","urlTemplate":"http:\/\/elregionalvm.com.ar\/noticias-villa-maria\/?s={search_term_string}"},"query-input":{"@type":"PropertyValueSpecification","valueRequired":true,"valueName":"search_term_string"}}],"inLanguage":"es"},{"@type":"Person","@id":"http:\/\/elregionalvm.com.ar\/noticias-villa-maria\/#\/schema\/person\/a0fb9c422317faca23d50163151bc354","name":"Contenidos El Regional","image":{"@type":"ImageObject","inLanguage":"es","@id":"http:\/\/elregionalvm.com.ar\/noticias-villa-maria\/#\/schema\/person\/image\/","url":"https:\/\/secure.gravatar.com\/avatar\/265b27cb2209af7bb3a1318f03305787d7981a5cc6e6cd08fe5a4ecdf99d4b48?s=96&d=mm&r=g","contentUrl":"https:\/\/secure.gravatar.com\/avatar\/265b27cb2209af7bb3a1318f03305787d7981a5cc6e6cd08fe5a4ecdf99d4b48?s=96&d=mm&r=g","caption":"Contenidos El Regional"},"url":"https:\/\/elregionalvm.com.ar\/noticias-villa-maria\/author\/contenido\/"}]}},"jetpack_featured_media_url":"https:\/\/i0.wp.com\/elregionalvm.com.ar\/noticias-villa-maria\/wp-content\/uploads\/2026\/01\/3f3f0f26b6d84ca8b17786038387d5ac.jpeg?fit=800%2C600&ssl=1","jetpack_sharing_enabled":true,"_links":{"self":[{"href":"https:\/\/elregionalvm.com.ar\/noticias-villa-maria\/wp-json\/wp\/v2\/posts\/113156","targetHints":{"allow":["GET"]}}],"collection":[{"href":"https:\/\/elregionalvm.com.ar\/noticias-villa-maria\/wp-json\/wp\/v2\/posts"}],"about":[{"href":"https:\/\/elregionalvm.com.ar\/noticias-villa-maria\/wp-json\/wp\/v2\/types\/post"}],"author":[{"embeddable":true,"href":"https:\/\/elregionalvm.com.ar\/noticias-villa-maria\/wp-json\/wp\/v2\/users\/4"}],"replies":[{"embeddable":true,"href":"https:\/\/elregionalvm.com.ar\/noticias-villa-maria\/wp-json\/wp\/v2\/comments?post=113156"}],"version-history":[{"count":2,"href":"https:\/\/elregionalvm.com.ar\/noticias-villa-maria\/wp-json\/wp\/v2\/posts\/113156\/revisions"}],"predecessor-version":[{"id":113172,"href":"https:\/\/elregionalvm.com.ar\/noticias-villa-maria\/wp-json\/wp\/v2\/posts\/113156\/revisions\/113172"}],"wp:featuredmedia":[{"embeddable":true,"href":"https:\/\/elregionalvm.com.ar\/noticias-villa-maria\/wp-json\/wp\/v2\/media\/113157"}],"wp:attachment":[{"href":"https:\/\/elregionalvm.com.ar\/noticias-villa-maria\/wp-json\/wp\/v2\/media?parent=113156"}],"wp:term":[{"taxonomy":"category","embeddable":true,"href":"https:\/\/elregionalvm.com.ar\/noticias-villa-maria\/wp-json\/wp\/v2\/categories?post=113156"},{"taxonomy":"post_tag","embeddable":true,"href":"https:\/\/elregionalvm.com.ar\/noticias-villa-maria\/wp-json\/wp\/v2\/tags?post=113156"}],"curies":[{"name":"wp","href":"https:\/\/api.w.org\/{rel}","templated":true}]}}