{"id":113162,"date":"2026-01-08T03:12:59","date_gmt":"2026-01-08T03:12:59","guid":{"rendered":"https:\/\/elregionalvm.com.ar\/noticias-villa-maria\/?p=113162"},"modified":"2026-01-08T03:13:02","modified_gmt":"2026-01-08T03:13:02","slug":"se-realizo-un-taller-de-concientizacion-con-ninos-que-asisten-a-la-pileta-comunitaria-con-respecto-a-la-prevencion-del-dengue","status":"publish","type":"post","link":"https:\/\/elregionalvm.com.ar\/noticias-villa-maria\/se-realizo-un-taller-de-concientizacion-con-ninos-que-asisten-a-la-pileta-comunitaria-con-respecto-a-la-prevencion-del-dengue\/","title":{"rendered":"Se realiz\u00f3 un taller de concientizaci\u00f3n con ni\u00f1os que asisten a la Pileta Comunitaria con respecto a la Prevenci\u00f3n del Dengue"},"content":{"rendered":"\n<p>A trav\u00e9s de la Secretar\u00eda de Salud y la fundaci\u00f3n Mundo Sano, que tiene por finalidad ense\u00f1ar a los m\u00e1s peque\u00f1os sobre el Dengue La Municipalidad de Villa Mar\u00eda informa que se llev\u00f3 a cabo el taller \u00abMosquito a Raya\u00bb con los ni\u00f1os y ni\u00f1as que asisten a la Escuela Municipal de Verano en la Pileta Comunitaria.<\/p>\n\n\n\n<p>Esta propuesta, coordinada por la Secretar\u00eda de Salud en conjunto con la fundaci\u00f3n Mundo Sano, tiene por objetivo concientizar a los m\u00e1s peque\u00f1os sobre la problem\u00e1tica del Dengue.&nbsp;<\/p>\n\n\n\n<p>De este modo, agentes sanitarios de los Centros de Atenci\u00f3n Primaria de la Salud (CAPS) realizan charlas y juegos enfocados en la edad de los peque\u00f1os, con el fin de formar agentes de difusi\u00f3n comunitaria.&nbsp;<\/p>\n\n\n\n<p>En el lugar, el presidente del Concejo Deliberante a cargo de la coordinaci\u00f3n del poder Ejecutivo, Juan Pablo Inglese, expres\u00f3:&nbsp;<em>\u201cJunto al equipo de Salud, estamos llevando adelante un taller de prevenci\u00f3n del Dengue a trav\u00e9s del juego y otras actividades l\u00fadicas, para darles la informaci\u00f3n y educaci\u00f3n que necesitan nuestras infancias. Esta es una manera de cuidarlos y es la definici\u00f3n de nuestro Intendente cuando hablamos de una Villa Mar\u00eda m\u00e1s humana y con m\u00e1s salud para todos\u201d.<\/em><\/p>\n\n\n\n<p>Por su parte, la coordinadora de los CAPS, Emilia Martinetti, a\u00f1adi\u00f3:&nbsp;<em>\u201cEn el marco del programa de Mundo Sano \u2018Mosquito a Raya\u2019, estamos llevando a cabo, junto con los equipos de salud de la Secretar\u00eda, una actividad de promoci\u00f3n y prevenci\u00f3n en relaci\u00f3n a la problem\u00e1tica del Dengue. Este taller se viene llevando adelante desde el mes de agosto en diferentes instituciones educativas de la ciudad, y en esta oportunidad compartimos junto a los ni\u00f1os que asisten a la Pileta Comunitaria\u201d.&nbsp;<\/em><\/p>\n\n\n\n<p>Asimismo, la agente sanitaria del CAPS de barrio San Mart\u00edn, Eliana Tissera, dijo que a trav\u00e9s de juegos se busca ense\u00f1ar a los chicos para que ellos comprendan mejor la problem\u00e1tica del Dengue y puedan compartir esa informaci\u00f3n sobre prevenci\u00f3n con sus familias. Esta propuesta se basa en actividades recreativas seg\u00fan la edad de los ni\u00f1os, en este caso fue un juego de la oca y un cuento interactivo sobre la tem\u00e1tica.&nbsp;<\/p>\n\n\n\n<p>Luego del taller, Francesca Ram\u00edrez, de barrio San Juan Bautista, y Olivia Garc\u00eda, del Parque Norte, quienes asisten a la Escuela de Verano, expresaron que el taller les gust\u00f3, y aprendieron a diferenciar mosquitos, sobre sintomatolog\u00eda y la importancia de no acumular agua en sus hogares, entre otros temas.&nbsp;<\/p>\n\n\n\n<p>Participaron adem\u00e1s integrantes de la Secretar\u00eda de Salud y del Ente Deporte y Turismo.<\/p>\n","protected":false},"excerpt":{"rendered":"<p>A trav\u00e9s de la Secretar\u00eda de Salud y la fundaci\u00f3n Mundo Sano, que tiene por finalidad ense\u00f1ar a los m\u00e1s peque\u00f1os sobre el Dengue La Municipalidad de Villa Mar\u00eda informa que se llev\u00f3 a cabo el taller \u00abMosquito a Raya\u00bb con los ni\u00f1os y ni\u00f1as que asisten a la Escuela Municipal de Verano en la [&hellip;]<\/p>\n","protected":false},"author":4,"featured_media":113163,"comment_status":"open","ping_status":"open","sticky":false,"template":"","format":"standard","meta":{"site-sidebar-layout":"default","site-content-layout":"","ast-site-content-layout":"default","site-content-style":"default","site-sidebar-style":"default","ast-global-header-display":"","ast-banner-title-visibility":"","ast-main-header-display":"","ast-hfb-above-header-display":"","ast-hfb-below-header-display":"","ast-hfb-mobile-header-display":"","site-post-title":"","ast-breadcrumbs-content":"","ast-featured-img":"","footer-sml-layout":"","ast-disable-related-posts":"","theme-transparent-header-meta":"","adv-header-id-meta":"","stick-header-meta":"","header-above-stick-meta":"","header-main-stick-meta":"","header-below-stick-meta":"","astra-migrate-meta-layouts":"set","ast-page-background-enabled":"default","ast-page-background-meta":{"desktop":{"background-color":"","background-image":"","background-repeat":"repeat","background-position":"center center","background-size":"auto","background-attachment":"scroll","background-type":"","background-media":"","overlay-type":"","overlay-color":"","overlay-opacity":"","overlay-gradient":""},"tablet":{"background-color":"","background-image":"","background-repeat":"repeat","background-position":"center center","background-size":"auto","background-attachment":"scroll","background-type":"","background-media":"","overlay-type":"","overlay-color":"","overlay-opacity":"","overlay-gradient":""},"mobile":{"background-color":"","background-image":"","background-repeat":"repeat","background-position":"center center","background-size":"auto","background-attachment":"scroll","background-type":"","background-media":"","overlay-type":"","overlay-color":"","overlay-opacity":"","overlay-gradient":""}},"ast-content-background-meta":{"desktop":{"background-color":"var(--ast-global-color-5)","background-image":"","background-repeat":"repeat","background-position":"center center","background-size":"auto","background-attachment":"scroll","background-type":"","background-media":"","overlay-type":"","overlay-color":"","overlay-opacity":"","overlay-gradient":""},"tablet":{"background-color":"var(--ast-global-color-5)","background-image":"","background-repeat":"repeat","background-position":"center center","background-size":"auto","background-attachment":"scroll","background-type":"","background-media":"","overlay-type":"","overlay-color":"","overlay-opacity":"","overlay-gradient":""},"mobile":{"background-color":"var(--ast-global-color-5)","background-image":"","background-repeat":"repeat","background-position":"center center","background-size":"auto","background-attachment":"scroll","background-type":"","background-media":"","overlay-type":"","overlay-color":"","overlay-opacity":"","overlay-gradient":""}},"_jetpack_memberships_contains_paid_content":false,"_joinchat":[],"footnotes":""},"categories":[15302,5,2],"tags":[],"class_list":["post-113162","post","type-post","status-publish","format-standard","has-post-thumbnail","hentry","category-destacado","category-sociedad","category-villa-maria"],"yoast_head":"<!-- This site is optimized with the Yoast SEO plugin v26.8 - https:\/\/yoast.com\/product\/yoast-seo-wordpress\/ -->\n<title>Se realiz\u00f3 un taller de concientizaci\u00f3n con ni\u00f1os que asisten a la Pileta Comunitaria con respecto a la Prevenci\u00f3n del Dengue - El Regional<\/title>\n<meta name=\"robots\" content=\"index, follow, max-snippet:-1, max-image-preview:large, max-video-preview:-1\" \/>\n<link rel=\"canonical\" href=\"https:\/\/elregionalvm.com.ar\/noticias-villa-maria\/se-realizo-un-taller-de-concientizacion-con-ninos-que-asisten-a-la-pileta-comunitaria-con-respecto-a-la-prevencion-del-dengue\/\" \/>\n<meta property=\"og:locale\" content=\"es_ES\" \/>\n<meta property=\"og:type\" content=\"article\" \/>\n<meta property=\"og:title\" content=\"Se realiz\u00f3 un taller de concientizaci\u00f3n con ni\u00f1os que asisten a la Pileta Comunitaria con respecto a la Prevenci\u00f3n del Dengue - El Regional\" \/>\n<meta property=\"og:description\" content=\"A trav\u00e9s de la Secretar\u00eda de Salud y la fundaci\u00f3n Mundo Sano, que tiene por finalidad ense\u00f1ar a los m\u00e1s peque\u00f1os sobre el Dengue La Municipalidad de Villa Mar\u00eda informa que se llev\u00f3 a cabo el taller \u00abMosquito a Raya\u00bb con los ni\u00f1os y ni\u00f1as que asisten a la Escuela Municipal de Verano en la [&hellip;]\" \/>\n<meta property=\"og:url\" content=\"https:\/\/elregionalvm.com.ar\/noticias-villa-maria\/se-realizo-un-taller-de-concientizacion-con-ninos-que-asisten-a-la-pileta-comunitaria-con-respecto-a-la-prevencion-del-dengue\/\" \/>\n<meta property=\"og:site_name\" content=\"El Regional\" \/>\n<meta property=\"article:publisher\" content=\"https:\/\/www.facebook.com\/elregionalvm\" \/>\n<meta property=\"article:published_time\" content=\"2026-01-08T03:12:59+00:00\" \/>\n<meta property=\"article:modified_time\" content=\"2026-01-08T03:13:02+00:00\" \/>\n<meta property=\"og:image\" content=\"https:\/\/elregionalvm.com.ar\/noticias-villa-maria\/wp-content\/uploads\/2026\/01\/7ac7ef0de6b048cab54d474f1f250f9b.jpeg\" \/>\n\t<meta property=\"og:image:width\" content=\"800\" \/>\n\t<meta property=\"og:image:height\" content=\"600\" \/>\n\t<meta property=\"og:image:type\" content=\"image\/jpeg\" \/>\n<meta name=\"author\" content=\"Contenidos El Regional\" \/>\n<meta name=\"twitter:card\" content=\"summary_large_image\" \/>\n<meta name=\"twitter:creator\" content=\"@elregionalvm1\" \/>\n<meta name=\"twitter:site\" content=\"@elregionalvm1\" \/>\n<meta name=\"twitter:label1\" content=\"Escrito por\" \/>\n\t<meta name=\"twitter:data1\" content=\"Contenidos El Regional\" \/>\n\t<meta name=\"twitter:label2\" content=\"Tiempo de lectura\" \/>\n\t<meta name=\"twitter:data2\" content=\"3 minutos\" \/>\n<script type=\"application\/ld+json\" class=\"yoast-schema-graph\">{\"@context\":\"https:\/\/schema.org\",\"@graph\":[{\"@type\":\"Article\",\"@id\":\"https:\/\/elregionalvm.com.ar\/noticias-villa-maria\/se-realizo-un-taller-de-concientizacion-con-ninos-que-asisten-a-la-pileta-comunitaria-con-respecto-a-la-prevencion-del-dengue\/#article\",\"isPartOf\":{\"@id\":\"https:\/\/elregionalvm.com.ar\/noticias-villa-maria\/se-realizo-un-taller-de-concientizacion-con-ninos-que-asisten-a-la-pileta-comunitaria-con-respecto-a-la-prevencion-del-dengue\/\"},\"author\":{\"name\":\"Contenidos El Regional\",\"@id\":\"http:\/\/elregionalvm.com.ar\/noticias-villa-maria\/#\/schema\/person\/a0fb9c422317faca23d50163151bc354\"},\"headline\":\"Se realiz\u00f3 un taller de concientizaci\u00f3n con ni\u00f1os que asisten a la Pileta Comunitaria con respecto a la Prevenci\u00f3n del Dengue\",\"datePublished\":\"2026-01-08T03:12:59+00:00\",\"dateModified\":\"2026-01-08T03:13:02+00:00\",\"mainEntityOfPage\":{\"@id\":\"https:\/\/elregionalvm.com.ar\/noticias-villa-maria\/se-realizo-un-taller-de-concientizacion-con-ninos-que-asisten-a-la-pileta-comunitaria-con-respecto-a-la-prevencion-del-dengue\/\"},\"wordCount\":494,\"commentCount\":0,\"image\":{\"@id\":\"https:\/\/elregionalvm.com.ar\/noticias-villa-maria\/se-realizo-un-taller-de-concientizacion-con-ninos-que-asisten-a-la-pileta-comunitaria-con-respecto-a-la-prevencion-del-dengue\/#primaryimage\"},\"thumbnailUrl\":\"https:\/\/i0.wp.com\/elregionalvm.com.ar\/noticias-villa-maria\/wp-content\/uploads\/2026\/01\/7ac7ef0de6b048cab54d474f1f250f9b.jpeg?fit=800%2C600&ssl=1\",\"articleSection\":[\"destacado\",\"Sociedad\",\"Villa Mar\u00eda\"],\"inLanguage\":\"es\",\"potentialAction\":[{\"@type\":\"CommentAction\",\"name\":\"Comment\",\"target\":[\"https:\/\/elregionalvm.com.ar\/noticias-villa-maria\/se-realizo-un-taller-de-concientizacion-con-ninos-que-asisten-a-la-pileta-comunitaria-con-respecto-a-la-prevencion-del-dengue\/#respond\"]}]},{\"@type\":\"WebPage\",\"@id\":\"https:\/\/elregionalvm.com.ar\/noticias-villa-maria\/se-realizo-un-taller-de-concientizacion-con-ninos-que-asisten-a-la-pileta-comunitaria-con-respecto-a-la-prevencion-del-dengue\/\",\"url\":\"https:\/\/elregionalvm.com.ar\/noticias-villa-maria\/se-realizo-un-taller-de-concientizacion-con-ninos-que-asisten-a-la-pileta-comunitaria-con-respecto-a-la-prevencion-del-dengue\/\",\"name\":\"Se realiz\u00f3 un taller de concientizaci\u00f3n con ni\u00f1os que asisten a la Pileta Comunitaria con respecto a la Prevenci\u00f3n del Dengue - El Regional\",\"isPartOf\":{\"@id\":\"http:\/\/elregionalvm.com.ar\/noticias-villa-maria\/#website\"},\"primaryImageOfPage\":{\"@id\":\"https:\/\/elregionalvm.com.ar\/noticias-villa-maria\/se-realizo-un-taller-de-concientizacion-con-ninos-que-asisten-a-la-pileta-comunitaria-con-respecto-a-la-prevencion-del-dengue\/#primaryimage\"},\"image\":{\"@id\":\"https:\/\/elregionalvm.com.ar\/noticias-villa-maria\/se-realizo-un-taller-de-concientizacion-con-ninos-que-asisten-a-la-pileta-comunitaria-con-respecto-a-la-prevencion-del-dengue\/#primaryimage\"},\"thumbnailUrl\":\"https:\/\/i0.wp.com\/elregionalvm.com.ar\/noticias-villa-maria\/wp-content\/uploads\/2026\/01\/7ac7ef0de6b048cab54d474f1f250f9b.jpeg?fit=800%2C600&ssl=1\",\"datePublished\":\"2026-01-08T03:12:59+00:00\",\"dateModified\":\"2026-01-08T03:13:02+00:00\",\"author\":{\"@id\":\"http:\/\/elregionalvm.com.ar\/noticias-villa-maria\/#\/schema\/person\/a0fb9c422317faca23d50163151bc354\"},\"breadcrumb\":{\"@id\":\"https:\/\/elregionalvm.com.ar\/noticias-villa-maria\/se-realizo-un-taller-de-concientizacion-con-ninos-que-asisten-a-la-pileta-comunitaria-con-respecto-a-la-prevencion-del-dengue\/#breadcrumb\"},\"inLanguage\":\"es\",\"potentialAction\":[{\"@type\":\"ReadAction\",\"target\":[\"https:\/\/elregionalvm.com.ar\/noticias-villa-maria\/se-realizo-un-taller-de-concientizacion-con-ninos-que-asisten-a-la-pileta-comunitaria-con-respecto-a-la-prevencion-del-dengue\/\"]}]},{\"@type\":\"ImageObject\",\"inLanguage\":\"es\",\"@id\":\"https:\/\/elregionalvm.com.ar\/noticias-villa-maria\/se-realizo-un-taller-de-concientizacion-con-ninos-que-asisten-a-la-pileta-comunitaria-con-respecto-a-la-prevencion-del-dengue\/#primaryimage\",\"url\":\"https:\/\/i0.wp.com\/elregionalvm.com.ar\/noticias-villa-maria\/wp-content\/uploads\/2026\/01\/7ac7ef0de6b048cab54d474f1f250f9b.jpeg?fit=800%2C600&ssl=1\",\"contentUrl\":\"https:\/\/i0.wp.com\/elregionalvm.com.ar\/noticias-villa-maria\/wp-content\/uploads\/2026\/01\/7ac7ef0de6b048cab54d474f1f250f9b.jpeg?fit=800%2C600&ssl=1\",\"width\":800,\"height\":600},{\"@type\":\"BreadcrumbList\",\"@id\":\"https:\/\/elregionalvm.com.ar\/noticias-villa-maria\/se-realizo-un-taller-de-concientizacion-con-ninos-que-asisten-a-la-pileta-comunitaria-con-respecto-a-la-prevencion-del-dengue\/#breadcrumb\",\"itemListElement\":[{\"@type\":\"ListItem\",\"position\":1,\"name\":\"Portada\",\"item\":\"https:\/\/elregionalvm.com.ar\/noticias-villa-maria\/\"},{\"@type\":\"ListItem\",\"position\":2,\"name\":\"Se realiz\u00f3 un taller de concientizaci\u00f3n con ni\u00f1os que asisten a la Pileta Comunitaria con respecto a la Prevenci\u00f3n del Dengue\"}]},{\"@type\":\"WebSite\",\"@id\":\"http:\/\/elregionalvm.com.ar\/noticias-villa-maria\/#website\",\"url\":\"http:\/\/elregionalvm.com.ar\/noticias-villa-maria\/\",\"name\":\"El Regional\",\"description\":\"Mucho m\u00e1s que informaci\u00f3n\",\"potentialAction\":[{\"@type\":\"SearchAction\",\"target\":{\"@type\":\"EntryPoint\",\"urlTemplate\":\"http:\/\/elregionalvm.com.ar\/noticias-villa-maria\/?s={search_term_string}\"},\"query-input\":{\"@type\":\"PropertyValueSpecification\",\"valueRequired\":true,\"valueName\":\"search_term_string\"}}],\"inLanguage\":\"es\"},{\"@type\":\"Person\",\"@id\":\"http:\/\/elregionalvm.com.ar\/noticias-villa-maria\/#\/schema\/person\/a0fb9c422317faca23d50163151bc354\",\"name\":\"Contenidos El Regional\",\"image\":{\"@type\":\"ImageObject\",\"inLanguage\":\"es\",\"@id\":\"http:\/\/elregionalvm.com.ar\/noticias-villa-maria\/#\/schema\/person\/image\/\",\"url\":\"https:\/\/secure.gravatar.com\/avatar\/265b27cb2209af7bb3a1318f03305787d7981a5cc6e6cd08fe5a4ecdf99d4b48?s=96&d=mm&r=g\",\"contentUrl\":\"https:\/\/secure.gravatar.com\/avatar\/265b27cb2209af7bb3a1318f03305787d7981a5cc6e6cd08fe5a4ecdf99d4b48?s=96&d=mm&r=g\",\"caption\":\"Contenidos El Regional\"},\"url\":\"https:\/\/elregionalvm.com.ar\/noticias-villa-maria\/author\/contenido\/\"}]}<\/script>\n<!-- \/ Yoast SEO plugin. -->","yoast_head_json":{"title":"Se realiz\u00f3 un taller de concientizaci\u00f3n con ni\u00f1os que asisten a la Pileta Comunitaria con respecto a la Prevenci\u00f3n del Dengue - El Regional","robots":{"index":"index","follow":"follow","max-snippet":"max-snippet:-1","max-image-preview":"max-image-preview:large","max-video-preview":"max-video-preview:-1"},"canonical":"https:\/\/elregionalvm.com.ar\/noticias-villa-maria\/se-realizo-un-taller-de-concientizacion-con-ninos-que-asisten-a-la-pileta-comunitaria-con-respecto-a-la-prevencion-del-dengue\/","og_locale":"es_ES","og_type":"article","og_title":"Se realiz\u00f3 un taller de concientizaci\u00f3n con ni\u00f1os que asisten a la Pileta Comunitaria con respecto a la Prevenci\u00f3n del Dengue - El Regional","og_description":"A trav\u00e9s de la Secretar\u00eda de Salud y la fundaci\u00f3n Mundo Sano, que tiene por finalidad ense\u00f1ar a los m\u00e1s peque\u00f1os sobre el Dengue La Municipalidad de Villa Mar\u00eda informa que se llev\u00f3 a cabo el taller \u00abMosquito a Raya\u00bb con los ni\u00f1os y ni\u00f1as que asisten a la Escuela Municipal de Verano en la [&hellip;]","og_url":"https:\/\/elregionalvm.com.ar\/noticias-villa-maria\/se-realizo-un-taller-de-concientizacion-con-ninos-que-asisten-a-la-pileta-comunitaria-con-respecto-a-la-prevencion-del-dengue\/","og_site_name":"El Regional","article_publisher":"https:\/\/www.facebook.com\/elregionalvm","article_published_time":"2026-01-08T03:12:59+00:00","article_modified_time":"2026-01-08T03:13:02+00:00","og_image":[{"width":800,"height":600,"url":"https:\/\/elregionalvm.com.ar\/noticias-villa-maria\/wp-content\/uploads\/2026\/01\/7ac7ef0de6b048cab54d474f1f250f9b.jpeg","type":"image\/jpeg"}],"author":"Contenidos El Regional","twitter_card":"summary_large_image","twitter_creator":"@elregionalvm1","twitter_site":"@elregionalvm1","twitter_misc":{"Escrito por":"Contenidos El Regional","Tiempo de lectura":"3 minutos"},"schema":{"@context":"https:\/\/schema.org","@graph":[{"@type":"Article","@id":"https:\/\/elregionalvm.com.ar\/noticias-villa-maria\/se-realizo-un-taller-de-concientizacion-con-ninos-que-asisten-a-la-pileta-comunitaria-con-respecto-a-la-prevencion-del-dengue\/#article","isPartOf":{"@id":"https:\/\/elregionalvm.com.ar\/noticias-villa-maria\/se-realizo-un-taller-de-concientizacion-con-ninos-que-asisten-a-la-pileta-comunitaria-con-respecto-a-la-prevencion-del-dengue\/"},"author":{"name":"Contenidos El Regional","@id":"http:\/\/elregionalvm.com.ar\/noticias-villa-maria\/#\/schema\/person\/a0fb9c422317faca23d50163151bc354"},"headline":"Se realiz\u00f3 un taller de concientizaci\u00f3n con ni\u00f1os que asisten a la Pileta Comunitaria con respecto a la Prevenci\u00f3n del Dengue","datePublished":"2026-01-08T03:12:59+00:00","dateModified":"2026-01-08T03:13:02+00:00","mainEntityOfPage":{"@id":"https:\/\/elregionalvm.com.ar\/noticias-villa-maria\/se-realizo-un-taller-de-concientizacion-con-ninos-que-asisten-a-la-pileta-comunitaria-con-respecto-a-la-prevencion-del-dengue\/"},"wordCount":494,"commentCount":0,"image":{"@id":"https:\/\/elregionalvm.com.ar\/noticias-villa-maria\/se-realizo-un-taller-de-concientizacion-con-ninos-que-asisten-a-la-pileta-comunitaria-con-respecto-a-la-prevencion-del-dengue\/#primaryimage"},"thumbnailUrl":"https:\/\/i0.wp.com\/elregionalvm.com.ar\/noticias-villa-maria\/wp-content\/uploads\/2026\/01\/7ac7ef0de6b048cab54d474f1f250f9b.jpeg?fit=800%2C600&ssl=1","articleSection":["destacado","Sociedad","Villa Mar\u00eda"],"inLanguage":"es","potentialAction":[{"@type":"CommentAction","name":"Comment","target":["https:\/\/elregionalvm.com.ar\/noticias-villa-maria\/se-realizo-un-taller-de-concientizacion-con-ninos-que-asisten-a-la-pileta-comunitaria-con-respecto-a-la-prevencion-del-dengue\/#respond"]}]},{"@type":"WebPage","@id":"https:\/\/elregionalvm.com.ar\/noticias-villa-maria\/se-realizo-un-taller-de-concientizacion-con-ninos-que-asisten-a-la-pileta-comunitaria-con-respecto-a-la-prevencion-del-dengue\/","url":"https:\/\/elregionalvm.com.ar\/noticias-villa-maria\/se-realizo-un-taller-de-concientizacion-con-ninos-que-asisten-a-la-pileta-comunitaria-con-respecto-a-la-prevencion-del-dengue\/","name":"Se realiz\u00f3 un taller de concientizaci\u00f3n con ni\u00f1os que asisten a la Pileta Comunitaria con respecto a la Prevenci\u00f3n del Dengue - El Regional","isPartOf":{"@id":"http:\/\/elregionalvm.com.ar\/noticias-villa-maria\/#website"},"primaryImageOfPage":{"@id":"https:\/\/elregionalvm.com.ar\/noticias-villa-maria\/se-realizo-un-taller-de-concientizacion-con-ninos-que-asisten-a-la-pileta-comunitaria-con-respecto-a-la-prevencion-del-dengue\/#primaryimage"},"image":{"@id":"https:\/\/elregionalvm.com.ar\/noticias-villa-maria\/se-realizo-un-taller-de-concientizacion-con-ninos-que-asisten-a-la-pileta-comunitaria-con-respecto-a-la-prevencion-del-dengue\/#primaryimage"},"thumbnailUrl":"https:\/\/i0.wp.com\/elregionalvm.com.ar\/noticias-villa-maria\/wp-content\/uploads\/2026\/01\/7ac7ef0de6b048cab54d474f1f250f9b.jpeg?fit=800%2C600&ssl=1","datePublished":"2026-01-08T03:12:59+00:00","dateModified":"2026-01-08T03:13:02+00:00","author":{"@id":"http:\/\/elregionalvm.com.ar\/noticias-villa-maria\/#\/schema\/person\/a0fb9c422317faca23d50163151bc354"},"breadcrumb":{"@id":"https:\/\/elregionalvm.com.ar\/noticias-villa-maria\/se-realizo-un-taller-de-concientizacion-con-ninos-que-asisten-a-la-pileta-comunitaria-con-respecto-a-la-prevencion-del-dengue\/#breadcrumb"},"inLanguage":"es","potentialAction":[{"@type":"ReadAction","target":["https:\/\/elregionalvm.com.ar\/noticias-villa-maria\/se-realizo-un-taller-de-concientizacion-con-ninos-que-asisten-a-la-pileta-comunitaria-con-respecto-a-la-prevencion-del-dengue\/"]}]},{"@type":"ImageObject","inLanguage":"es","@id":"https:\/\/elregionalvm.com.ar\/noticias-villa-maria\/se-realizo-un-taller-de-concientizacion-con-ninos-que-asisten-a-la-pileta-comunitaria-con-respecto-a-la-prevencion-del-dengue\/#primaryimage","url":"https:\/\/i0.wp.com\/elregionalvm.com.ar\/noticias-villa-maria\/wp-content\/uploads\/2026\/01\/7ac7ef0de6b048cab54d474f1f250f9b.jpeg?fit=800%2C600&ssl=1","contentUrl":"https:\/\/i0.wp.com\/elregionalvm.com.ar\/noticias-villa-maria\/wp-content\/uploads\/2026\/01\/7ac7ef0de6b048cab54d474f1f250f9b.jpeg?fit=800%2C600&ssl=1","width":800,"height":600},{"@type":"BreadcrumbList","@id":"https:\/\/elregionalvm.com.ar\/noticias-villa-maria\/se-realizo-un-taller-de-concientizacion-con-ninos-que-asisten-a-la-pileta-comunitaria-con-respecto-a-la-prevencion-del-dengue\/#breadcrumb","itemListElement":[{"@type":"ListItem","position":1,"name":"Portada","item":"https:\/\/elregionalvm.com.ar\/noticias-villa-maria\/"},{"@type":"ListItem","position":2,"name":"Se realiz\u00f3 un taller de concientizaci\u00f3n con ni\u00f1os que asisten a la Pileta Comunitaria con respecto a la Prevenci\u00f3n del Dengue"}]},{"@type":"WebSite","@id":"http:\/\/elregionalvm.com.ar\/noticias-villa-maria\/#website","url":"http:\/\/elregionalvm.com.ar\/noticias-villa-maria\/","name":"El Regional","description":"Mucho m\u00e1s que informaci\u00f3n","potentialAction":[{"@type":"SearchAction","target":{"@type":"EntryPoint","urlTemplate":"http:\/\/elregionalvm.com.ar\/noticias-villa-maria\/?s={search_term_string}"},"query-input":{"@type":"PropertyValueSpecification","valueRequired":true,"valueName":"search_term_string"}}],"inLanguage":"es"},{"@type":"Person","@id":"http:\/\/elregionalvm.com.ar\/noticias-villa-maria\/#\/schema\/person\/a0fb9c422317faca23d50163151bc354","name":"Contenidos El Regional","image":{"@type":"ImageObject","inLanguage":"es","@id":"http:\/\/elregionalvm.com.ar\/noticias-villa-maria\/#\/schema\/person\/image\/","url":"https:\/\/secure.gravatar.com\/avatar\/265b27cb2209af7bb3a1318f03305787d7981a5cc6e6cd08fe5a4ecdf99d4b48?s=96&d=mm&r=g","contentUrl":"https:\/\/secure.gravatar.com\/avatar\/265b27cb2209af7bb3a1318f03305787d7981a5cc6e6cd08fe5a4ecdf99d4b48?s=96&d=mm&r=g","caption":"Contenidos El Regional"},"url":"https:\/\/elregionalvm.com.ar\/noticias-villa-maria\/author\/contenido\/"}]}},"jetpack_featured_media_url":"https:\/\/i0.wp.com\/elregionalvm.com.ar\/noticias-villa-maria\/wp-content\/uploads\/2026\/01\/7ac7ef0de6b048cab54d474f1f250f9b.jpeg?fit=800%2C600&ssl=1","jetpack_sharing_enabled":true,"_links":{"self":[{"href":"https:\/\/elregionalvm.com.ar\/noticias-villa-maria\/wp-json\/wp\/v2\/posts\/113162","targetHints":{"allow":["GET"]}}],"collection":[{"href":"https:\/\/elregionalvm.com.ar\/noticias-villa-maria\/wp-json\/wp\/v2\/posts"}],"about":[{"href":"https:\/\/elregionalvm.com.ar\/noticias-villa-maria\/wp-json\/wp\/v2\/types\/post"}],"author":[{"embeddable":true,"href":"https:\/\/elregionalvm.com.ar\/noticias-villa-maria\/wp-json\/wp\/v2\/users\/4"}],"replies":[{"embeddable":true,"href":"https:\/\/elregionalvm.com.ar\/noticias-villa-maria\/wp-json\/wp\/v2\/comments?post=113162"}],"version-history":[{"count":1,"href":"https:\/\/elregionalvm.com.ar\/noticias-villa-maria\/wp-json\/wp\/v2\/posts\/113162\/revisions"}],"predecessor-version":[{"id":113164,"href":"https:\/\/elregionalvm.com.ar\/noticias-villa-maria\/wp-json\/wp\/v2\/posts\/113162\/revisions\/113164"}],"wp:featuredmedia":[{"embeddable":true,"href":"https:\/\/elregionalvm.com.ar\/noticias-villa-maria\/wp-json\/wp\/v2\/media\/113163"}],"wp:attachment":[{"href":"https:\/\/elregionalvm.com.ar\/noticias-villa-maria\/wp-json\/wp\/v2\/media?parent=113162"}],"wp:term":[{"taxonomy":"category","embeddable":true,"href":"https:\/\/elregionalvm.com.ar\/noticias-villa-maria\/wp-json\/wp\/v2\/categories?post=113162"},{"taxonomy":"post_tag","embeddable":true,"href":"https:\/\/elregionalvm.com.ar\/noticias-villa-maria\/wp-json\/wp\/v2\/tags?post=113162"}],"curies":[{"name":"wp","href":"https:\/\/api.w.org\/{rel}","templated":true}]}}