{"id":113165,"date":"2026-01-08T03:36:48","date_gmt":"2026-01-08T03:36:48","guid":{"rendered":"https:\/\/elregionalvm.com.ar\/noticias-villa-maria\/?p=113165"},"modified":"2026-01-08T03:36:51","modified_gmt":"2026-01-08T03:36:51","slug":"en-el-pilt-montaran-un-deposito-fiscal-refrigerado","status":"publish","type":"post","link":"https:\/\/elregionalvm.com.ar\/noticias-villa-maria\/en-el-pilt-montaran-un-deposito-fiscal-refrigerado\/","title":{"rendered":"En el PILT montar\u00e1n un dep\u00f3sito fiscal refrigerado"},"content":{"rendered":"\n<p>La empresa Pedrolga, que opera la C\u00e1mara de Maduraci\u00f3n de Quesos del Cl\u00faster Quesero Villa Mar\u00eda, fue habilitada para avanzar con un proyecto que potenciar\u00e1 el comercio exterior de la regi\u00f3n.<br>Un hecho de gran relevancia para la ciudad y la regi\u00f3n fue anunciado recientemente y tiene como protagonista a la C\u00e1mara de Maduraci\u00f3n de Quesos emplazada en el Parque Industrial, Log\u00edstico y Tecnol\u00f3gico Villa Mar\u00eda (PILT). La empresa de log\u00edstica Pedrolga, responsable de la operaci\u00f3n de ese espacio, recibi\u00f3 la prefactibilidad por parte de la Agencia de Recaudaci\u00f3n y Control Aduanero (ARCA) para instalar all\u00ed un Dep\u00f3sito Fiscal Refrigerado, que ser\u00e1 el primero de estas caracter\u00edsticas en la provincia de C\u00f3rdoba.<br>El nuevo dep\u00f3sito permitir\u00e1 que empresas que importen o exporten productos que requieran cadena de fr\u00edo puedan recibir o despachar mercader\u00eda directamente desde el PILT. Esto implicar\u00e1, por un lado, una significativa reducci\u00f3n de los costos log\u00edsticos para firmas radicadas en Villa Mar\u00eda y localidades de la regi\u00f3n, y por otro, la posibilidad de que peque\u00f1as y medianas empresas consoliden cargas, compartiendo contenedores con otras compa\u00f1\u00edas.<br>Desde Pedrolga se\u00f1alaron que la c\u00e1mara se encuentra actualmente dividida en dos sectores, uno de los cuales ser\u00e1 destinado al funcionamiento del Dep\u00f3sito Fiscal. El espacio contar\u00e1 con 500 posiciones y deber\u00e1 atravesar una serie de adecuaciones para obtener la habilitaci\u00f3n definitiva, entre ellas la construcci\u00f3n de un cerco perimetral, la implementaci\u00f3n de un nuevo sistema de videovigilancia monitoreado en forma directa por Aduana, la adquisici\u00f3n de un scanner y la construcci\u00f3n de oficinas para el personal del organismo nacional.<br>De acuerdo a lo informado por la empresa, estiman que el Dep\u00f3sito Fiscal Refrigerado podr\u00eda estar operativo en un plazo de entre 90 y 120 d\u00edas.<\/p>\n","protected":false},"excerpt":{"rendered":"<p>La empresa Pedrolga, que opera la C\u00e1mara de Maduraci\u00f3n de Quesos del Cl\u00faster Quesero Villa Mar\u00eda, fue habilitada para avanzar con un proyecto que potenciar\u00e1 el comercio exterior de la regi\u00f3n.Un hecho de gran relevancia para la ciudad y la regi\u00f3n fue anunciado recientemente y tiene como protagonista a la C\u00e1mara de Maduraci\u00f3n de Quesos [&hellip;]<\/p>\n","protected":false},"author":4,"featured_media":113166,"comment_status":"open","ping_status":"open","sticky":false,"template":"","format":"standard","meta":{"site-sidebar-layout":"default","site-content-layout":"","ast-site-content-layout":"default","site-content-style":"default","site-sidebar-style":"default","ast-global-header-display":"","ast-banner-title-visibility":"","ast-main-header-display":"","ast-hfb-above-header-display":"","ast-hfb-below-header-display":"","ast-hfb-mobile-header-display":"","site-post-title":"","ast-breadcrumbs-content":"","ast-featured-img":"","footer-sml-layout":"","ast-disable-related-posts":"","theme-transparent-header-meta":"","adv-header-id-meta":"","stick-header-meta":"","header-above-stick-meta":"","header-main-stick-meta":"","header-below-stick-meta":"","astra-migrate-meta-layouts":"set","ast-page-background-enabled":"default","ast-page-background-meta":{"desktop":{"background-color":"","background-image":"","background-repeat":"repeat","background-position":"center center","background-size":"auto","background-attachment":"scroll","background-type":"","background-media":"","overlay-type":"","overlay-color":"","overlay-opacity":"","overlay-gradient":""},"tablet":{"background-color":"","background-image":"","background-repeat":"repeat","background-position":"center center","background-size":"auto","background-attachment":"scroll","background-type":"","background-media":"","overlay-type":"","overlay-color":"","overlay-opacity":"","overlay-gradient":""},"mobile":{"background-color":"","background-image":"","background-repeat":"repeat","background-position":"center center","background-size":"auto","background-attachment":"scroll","background-type":"","background-media":"","overlay-type":"","overlay-color":"","overlay-opacity":"","overlay-gradient":""}},"ast-content-background-meta":{"desktop":{"background-color":"var(--ast-global-color-5)","background-image":"","background-repeat":"repeat","background-position":"center center","background-size":"auto","background-attachment":"scroll","background-type":"","background-media":"","overlay-type":"","overlay-color":"","overlay-opacity":"","overlay-gradient":""},"tablet":{"background-color":"var(--ast-global-color-5)","background-image":"","background-repeat":"repeat","background-position":"center center","background-size":"auto","background-attachment":"scroll","background-type":"","background-media":"","overlay-type":"","overlay-color":"","overlay-opacity":"","overlay-gradient":""},"mobile":{"background-color":"var(--ast-global-color-5)","background-image":"","background-repeat":"repeat","background-position":"center center","background-size":"auto","background-attachment":"scroll","background-type":"","background-media":"","overlay-type":"","overlay-color":"","overlay-opacity":"","overlay-gradient":""}},"_jetpack_memberships_contains_paid_content":false,"_joinchat":[],"footnotes":""},"categories":[15302,5,2],"tags":[],"class_list":["post-113165","post","type-post","status-publish","format-standard","has-post-thumbnail","hentry","category-destacado","category-sociedad","category-villa-maria"],"yoast_head":"<!-- This site is optimized with the Yoast SEO plugin v26.8 - https:\/\/yoast.com\/product\/yoast-seo-wordpress\/ -->\n<title>En el PILT montar\u00e1n un dep\u00f3sito fiscal refrigerado - El Regional<\/title>\n<meta name=\"robots\" content=\"index, follow, max-snippet:-1, max-image-preview:large, max-video-preview:-1\" \/>\n<link rel=\"canonical\" href=\"https:\/\/elregionalvm.com.ar\/noticias-villa-maria\/en-el-pilt-montaran-un-deposito-fiscal-refrigerado\/\" \/>\n<meta property=\"og:locale\" content=\"es_ES\" \/>\n<meta property=\"og:type\" content=\"article\" \/>\n<meta property=\"og:title\" content=\"En el PILT montar\u00e1n un dep\u00f3sito fiscal refrigerado - El Regional\" \/>\n<meta property=\"og:description\" content=\"La empresa Pedrolga, que opera la C\u00e1mara de Maduraci\u00f3n de Quesos del Cl\u00faster Quesero Villa Mar\u00eda, fue habilitada para avanzar con un proyecto que potenciar\u00e1 el comercio exterior de la regi\u00f3n.Un hecho de gran relevancia para la ciudad y la regi\u00f3n fue anunciado recientemente y tiene como protagonista a la C\u00e1mara de Maduraci\u00f3n de Quesos [&hellip;]\" \/>\n<meta property=\"og:url\" content=\"https:\/\/elregionalvm.com.ar\/noticias-villa-maria\/en-el-pilt-montaran-un-deposito-fiscal-refrigerado\/\" \/>\n<meta property=\"og:site_name\" content=\"El Regional\" \/>\n<meta property=\"article:publisher\" content=\"https:\/\/www.facebook.com\/elregionalvm\" \/>\n<meta property=\"article:published_time\" content=\"2026-01-08T03:36:48+00:00\" \/>\n<meta property=\"article:modified_time\" content=\"2026-01-08T03:36:51+00:00\" \/>\n<meta property=\"og:image\" content=\"https:\/\/elregionalvm.com.ar\/noticias-villa-maria\/wp-content\/uploads\/2026\/01\/WhatsApp-Image-2026-01-02-at-16.16.43.jpeg\" \/>\n\t<meta property=\"og:image:width\" content=\"1363\" \/>\n\t<meta property=\"og:image:height\" content=\"850\" \/>\n\t<meta property=\"og:image:type\" content=\"image\/jpeg\" \/>\n<meta name=\"author\" content=\"Contenidos El Regional\" \/>\n<meta name=\"twitter:card\" content=\"summary_large_image\" \/>\n<meta name=\"twitter:creator\" content=\"@elregionalvm1\" \/>\n<meta name=\"twitter:site\" content=\"@elregionalvm1\" \/>\n<meta name=\"twitter:label1\" content=\"Escrito por\" \/>\n\t<meta name=\"twitter:data1\" content=\"Contenidos El Regional\" \/>\n\t<meta name=\"twitter:label2\" content=\"Tiempo de lectura\" \/>\n\t<meta name=\"twitter:data2\" content=\"2 minutos\" \/>\n<script type=\"application\/ld+json\" class=\"yoast-schema-graph\">{\"@context\":\"https:\/\/schema.org\",\"@graph\":[{\"@type\":\"Article\",\"@id\":\"https:\/\/elregionalvm.com.ar\/noticias-villa-maria\/en-el-pilt-montaran-un-deposito-fiscal-refrigerado\/#article\",\"isPartOf\":{\"@id\":\"https:\/\/elregionalvm.com.ar\/noticias-villa-maria\/en-el-pilt-montaran-un-deposito-fiscal-refrigerado\/\"},\"author\":{\"name\":\"Contenidos El Regional\",\"@id\":\"http:\/\/elregionalvm.com.ar\/noticias-villa-maria\/#\/schema\/person\/a0fb9c422317faca23d50163151bc354\"},\"headline\":\"En el PILT montar\u00e1n un dep\u00f3sito fiscal refrigerado\",\"datePublished\":\"2026-01-08T03:36:48+00:00\",\"dateModified\":\"2026-01-08T03:36:51+00:00\",\"mainEntityOfPage\":{\"@id\":\"https:\/\/elregionalvm.com.ar\/noticias-villa-maria\/en-el-pilt-montaran-un-deposito-fiscal-refrigerado\/\"},\"wordCount\":328,\"commentCount\":0,\"image\":{\"@id\":\"https:\/\/elregionalvm.com.ar\/noticias-villa-maria\/en-el-pilt-montaran-un-deposito-fiscal-refrigerado\/#primaryimage\"},\"thumbnailUrl\":\"https:\/\/i0.wp.com\/elregionalvm.com.ar\/noticias-villa-maria\/wp-content\/uploads\/2026\/01\/WhatsApp-Image-2026-01-02-at-16.16.43.jpeg?fit=1363%2C850&ssl=1\",\"articleSection\":[\"destacado\",\"Sociedad\",\"Villa Mar\u00eda\"],\"inLanguage\":\"es\",\"potentialAction\":[{\"@type\":\"CommentAction\",\"name\":\"Comment\",\"target\":[\"https:\/\/elregionalvm.com.ar\/noticias-villa-maria\/en-el-pilt-montaran-un-deposito-fiscal-refrigerado\/#respond\"]}]},{\"@type\":\"WebPage\",\"@id\":\"https:\/\/elregionalvm.com.ar\/noticias-villa-maria\/en-el-pilt-montaran-un-deposito-fiscal-refrigerado\/\",\"url\":\"https:\/\/elregionalvm.com.ar\/noticias-villa-maria\/en-el-pilt-montaran-un-deposito-fiscal-refrigerado\/\",\"name\":\"En el PILT montar\u00e1n un dep\u00f3sito fiscal refrigerado - El Regional\",\"isPartOf\":{\"@id\":\"http:\/\/elregionalvm.com.ar\/noticias-villa-maria\/#website\"},\"primaryImageOfPage\":{\"@id\":\"https:\/\/elregionalvm.com.ar\/noticias-villa-maria\/en-el-pilt-montaran-un-deposito-fiscal-refrigerado\/#primaryimage\"},\"image\":{\"@id\":\"https:\/\/elregionalvm.com.ar\/noticias-villa-maria\/en-el-pilt-montaran-un-deposito-fiscal-refrigerado\/#primaryimage\"},\"thumbnailUrl\":\"https:\/\/i0.wp.com\/elregionalvm.com.ar\/noticias-villa-maria\/wp-content\/uploads\/2026\/01\/WhatsApp-Image-2026-01-02-at-16.16.43.jpeg?fit=1363%2C850&ssl=1\",\"datePublished\":\"2026-01-08T03:36:48+00:00\",\"dateModified\":\"2026-01-08T03:36:51+00:00\",\"author\":{\"@id\":\"http:\/\/elregionalvm.com.ar\/noticias-villa-maria\/#\/schema\/person\/a0fb9c422317faca23d50163151bc354\"},\"breadcrumb\":{\"@id\":\"https:\/\/elregionalvm.com.ar\/noticias-villa-maria\/en-el-pilt-montaran-un-deposito-fiscal-refrigerado\/#breadcrumb\"},\"inLanguage\":\"es\",\"potentialAction\":[{\"@type\":\"ReadAction\",\"target\":[\"https:\/\/elregionalvm.com.ar\/noticias-villa-maria\/en-el-pilt-montaran-un-deposito-fiscal-refrigerado\/\"]}]},{\"@type\":\"ImageObject\",\"inLanguage\":\"es\",\"@id\":\"https:\/\/elregionalvm.com.ar\/noticias-villa-maria\/en-el-pilt-montaran-un-deposito-fiscal-refrigerado\/#primaryimage\",\"url\":\"https:\/\/i0.wp.com\/elregionalvm.com.ar\/noticias-villa-maria\/wp-content\/uploads\/2026\/01\/WhatsApp-Image-2026-01-02-at-16.16.43.jpeg?fit=1363%2C850&ssl=1\",\"contentUrl\":\"https:\/\/i0.wp.com\/elregionalvm.com.ar\/noticias-villa-maria\/wp-content\/uploads\/2026\/01\/WhatsApp-Image-2026-01-02-at-16.16.43.jpeg?fit=1363%2C850&ssl=1\",\"width\":1363,\"height\":850},{\"@type\":\"BreadcrumbList\",\"@id\":\"https:\/\/elregionalvm.com.ar\/noticias-villa-maria\/en-el-pilt-montaran-un-deposito-fiscal-refrigerado\/#breadcrumb\",\"itemListElement\":[{\"@type\":\"ListItem\",\"position\":1,\"name\":\"Portada\",\"item\":\"https:\/\/elregionalvm.com.ar\/noticias-villa-maria\/\"},{\"@type\":\"ListItem\",\"position\":2,\"name\":\"En el PILT montar\u00e1n un dep\u00f3sito fiscal refrigerado\"}]},{\"@type\":\"WebSite\",\"@id\":\"http:\/\/elregionalvm.com.ar\/noticias-villa-maria\/#website\",\"url\":\"http:\/\/elregionalvm.com.ar\/noticias-villa-maria\/\",\"name\":\"El Regional\",\"description\":\"Mucho m\u00e1s que informaci\u00f3n\",\"potentialAction\":[{\"@type\":\"SearchAction\",\"target\":{\"@type\":\"EntryPoint\",\"urlTemplate\":\"http:\/\/elregionalvm.com.ar\/noticias-villa-maria\/?s={search_term_string}\"},\"query-input\":{\"@type\":\"PropertyValueSpecification\",\"valueRequired\":true,\"valueName\":\"search_term_string\"}}],\"inLanguage\":\"es\"},{\"@type\":\"Person\",\"@id\":\"http:\/\/elregionalvm.com.ar\/noticias-villa-maria\/#\/schema\/person\/a0fb9c422317faca23d50163151bc354\",\"name\":\"Contenidos El Regional\",\"image\":{\"@type\":\"ImageObject\",\"inLanguage\":\"es\",\"@id\":\"http:\/\/elregionalvm.com.ar\/noticias-villa-maria\/#\/schema\/person\/image\/\",\"url\":\"https:\/\/secure.gravatar.com\/avatar\/265b27cb2209af7bb3a1318f03305787d7981a5cc6e6cd08fe5a4ecdf99d4b48?s=96&d=mm&r=g\",\"contentUrl\":\"https:\/\/secure.gravatar.com\/avatar\/265b27cb2209af7bb3a1318f03305787d7981a5cc6e6cd08fe5a4ecdf99d4b48?s=96&d=mm&r=g\",\"caption\":\"Contenidos El Regional\"},\"url\":\"https:\/\/elregionalvm.com.ar\/noticias-villa-maria\/author\/contenido\/\"}]}<\/script>\n<!-- \/ Yoast SEO plugin. -->","yoast_head_json":{"title":"En el PILT montar\u00e1n un dep\u00f3sito fiscal refrigerado - El Regional","robots":{"index":"index","follow":"follow","max-snippet":"max-snippet:-1","max-image-preview":"max-image-preview:large","max-video-preview":"max-video-preview:-1"},"canonical":"https:\/\/elregionalvm.com.ar\/noticias-villa-maria\/en-el-pilt-montaran-un-deposito-fiscal-refrigerado\/","og_locale":"es_ES","og_type":"article","og_title":"En el PILT montar\u00e1n un dep\u00f3sito fiscal refrigerado - El Regional","og_description":"La empresa Pedrolga, que opera la C\u00e1mara de Maduraci\u00f3n de Quesos del Cl\u00faster Quesero Villa Mar\u00eda, fue habilitada para avanzar con un proyecto que potenciar\u00e1 el comercio exterior de la regi\u00f3n.Un hecho de gran relevancia para la ciudad y la regi\u00f3n fue anunciado recientemente y tiene como protagonista a la C\u00e1mara de Maduraci\u00f3n de Quesos [&hellip;]","og_url":"https:\/\/elregionalvm.com.ar\/noticias-villa-maria\/en-el-pilt-montaran-un-deposito-fiscal-refrigerado\/","og_site_name":"El Regional","article_publisher":"https:\/\/www.facebook.com\/elregionalvm","article_published_time":"2026-01-08T03:36:48+00:00","article_modified_time":"2026-01-08T03:36:51+00:00","og_image":[{"width":1363,"height":850,"url":"https:\/\/elregionalvm.com.ar\/noticias-villa-maria\/wp-content\/uploads\/2026\/01\/WhatsApp-Image-2026-01-02-at-16.16.43.jpeg","type":"image\/jpeg"}],"author":"Contenidos El Regional","twitter_card":"summary_large_image","twitter_creator":"@elregionalvm1","twitter_site":"@elregionalvm1","twitter_misc":{"Escrito por":"Contenidos El Regional","Tiempo de lectura":"2 minutos"},"schema":{"@context":"https:\/\/schema.org","@graph":[{"@type":"Article","@id":"https:\/\/elregionalvm.com.ar\/noticias-villa-maria\/en-el-pilt-montaran-un-deposito-fiscal-refrigerado\/#article","isPartOf":{"@id":"https:\/\/elregionalvm.com.ar\/noticias-villa-maria\/en-el-pilt-montaran-un-deposito-fiscal-refrigerado\/"},"author":{"name":"Contenidos El Regional","@id":"http:\/\/elregionalvm.com.ar\/noticias-villa-maria\/#\/schema\/person\/a0fb9c422317faca23d50163151bc354"},"headline":"En el PILT montar\u00e1n un dep\u00f3sito fiscal refrigerado","datePublished":"2026-01-08T03:36:48+00:00","dateModified":"2026-01-08T03:36:51+00:00","mainEntityOfPage":{"@id":"https:\/\/elregionalvm.com.ar\/noticias-villa-maria\/en-el-pilt-montaran-un-deposito-fiscal-refrigerado\/"},"wordCount":328,"commentCount":0,"image":{"@id":"https:\/\/elregionalvm.com.ar\/noticias-villa-maria\/en-el-pilt-montaran-un-deposito-fiscal-refrigerado\/#primaryimage"},"thumbnailUrl":"https:\/\/i0.wp.com\/elregionalvm.com.ar\/noticias-villa-maria\/wp-content\/uploads\/2026\/01\/WhatsApp-Image-2026-01-02-at-16.16.43.jpeg?fit=1363%2C850&ssl=1","articleSection":["destacado","Sociedad","Villa Mar\u00eda"],"inLanguage":"es","potentialAction":[{"@type":"CommentAction","name":"Comment","target":["https:\/\/elregionalvm.com.ar\/noticias-villa-maria\/en-el-pilt-montaran-un-deposito-fiscal-refrigerado\/#respond"]}]},{"@type":"WebPage","@id":"https:\/\/elregionalvm.com.ar\/noticias-villa-maria\/en-el-pilt-montaran-un-deposito-fiscal-refrigerado\/","url":"https:\/\/elregionalvm.com.ar\/noticias-villa-maria\/en-el-pilt-montaran-un-deposito-fiscal-refrigerado\/","name":"En el PILT montar\u00e1n un dep\u00f3sito fiscal refrigerado - El Regional","isPartOf":{"@id":"http:\/\/elregionalvm.com.ar\/noticias-villa-maria\/#website"},"primaryImageOfPage":{"@id":"https:\/\/elregionalvm.com.ar\/noticias-villa-maria\/en-el-pilt-montaran-un-deposito-fiscal-refrigerado\/#primaryimage"},"image":{"@id":"https:\/\/elregionalvm.com.ar\/noticias-villa-maria\/en-el-pilt-montaran-un-deposito-fiscal-refrigerado\/#primaryimage"},"thumbnailUrl":"https:\/\/i0.wp.com\/elregionalvm.com.ar\/noticias-villa-maria\/wp-content\/uploads\/2026\/01\/WhatsApp-Image-2026-01-02-at-16.16.43.jpeg?fit=1363%2C850&ssl=1","datePublished":"2026-01-08T03:36:48+00:00","dateModified":"2026-01-08T03:36:51+00:00","author":{"@id":"http:\/\/elregionalvm.com.ar\/noticias-villa-maria\/#\/schema\/person\/a0fb9c422317faca23d50163151bc354"},"breadcrumb":{"@id":"https:\/\/elregionalvm.com.ar\/noticias-villa-maria\/en-el-pilt-montaran-un-deposito-fiscal-refrigerado\/#breadcrumb"},"inLanguage":"es","potentialAction":[{"@type":"ReadAction","target":["https:\/\/elregionalvm.com.ar\/noticias-villa-maria\/en-el-pilt-montaran-un-deposito-fiscal-refrigerado\/"]}]},{"@type":"ImageObject","inLanguage":"es","@id":"https:\/\/elregionalvm.com.ar\/noticias-villa-maria\/en-el-pilt-montaran-un-deposito-fiscal-refrigerado\/#primaryimage","url":"https:\/\/i0.wp.com\/elregionalvm.com.ar\/noticias-villa-maria\/wp-content\/uploads\/2026\/01\/WhatsApp-Image-2026-01-02-at-16.16.43.jpeg?fit=1363%2C850&ssl=1","contentUrl":"https:\/\/i0.wp.com\/elregionalvm.com.ar\/noticias-villa-maria\/wp-content\/uploads\/2026\/01\/WhatsApp-Image-2026-01-02-at-16.16.43.jpeg?fit=1363%2C850&ssl=1","width":1363,"height":850},{"@type":"BreadcrumbList","@id":"https:\/\/elregionalvm.com.ar\/noticias-villa-maria\/en-el-pilt-montaran-un-deposito-fiscal-refrigerado\/#breadcrumb","itemListElement":[{"@type":"ListItem","position":1,"name":"Portada","item":"https:\/\/elregionalvm.com.ar\/noticias-villa-maria\/"},{"@type":"ListItem","position":2,"name":"En el PILT montar\u00e1n un dep\u00f3sito fiscal refrigerado"}]},{"@type":"WebSite","@id":"http:\/\/elregionalvm.com.ar\/noticias-villa-maria\/#website","url":"http:\/\/elregionalvm.com.ar\/noticias-villa-maria\/","name":"El Regional","description":"Mucho m\u00e1s que informaci\u00f3n","potentialAction":[{"@type":"SearchAction","target":{"@type":"EntryPoint","urlTemplate":"http:\/\/elregionalvm.com.ar\/noticias-villa-maria\/?s={search_term_string}"},"query-input":{"@type":"PropertyValueSpecification","valueRequired":true,"valueName":"search_term_string"}}],"inLanguage":"es"},{"@type":"Person","@id":"http:\/\/elregionalvm.com.ar\/noticias-villa-maria\/#\/schema\/person\/a0fb9c422317faca23d50163151bc354","name":"Contenidos El Regional","image":{"@type":"ImageObject","inLanguage":"es","@id":"http:\/\/elregionalvm.com.ar\/noticias-villa-maria\/#\/schema\/person\/image\/","url":"https:\/\/secure.gravatar.com\/avatar\/265b27cb2209af7bb3a1318f03305787d7981a5cc6e6cd08fe5a4ecdf99d4b48?s=96&d=mm&r=g","contentUrl":"https:\/\/secure.gravatar.com\/avatar\/265b27cb2209af7bb3a1318f03305787d7981a5cc6e6cd08fe5a4ecdf99d4b48?s=96&d=mm&r=g","caption":"Contenidos El Regional"},"url":"https:\/\/elregionalvm.com.ar\/noticias-villa-maria\/author\/contenido\/"}]}},"jetpack_featured_media_url":"https:\/\/i0.wp.com\/elregionalvm.com.ar\/noticias-villa-maria\/wp-content\/uploads\/2026\/01\/WhatsApp-Image-2026-01-02-at-16.16.43.jpeg?fit=1363%2C850&ssl=1","jetpack_sharing_enabled":true,"_links":{"self":[{"href":"https:\/\/elregionalvm.com.ar\/noticias-villa-maria\/wp-json\/wp\/v2\/posts\/113165","targetHints":{"allow":["GET"]}}],"collection":[{"href":"https:\/\/elregionalvm.com.ar\/noticias-villa-maria\/wp-json\/wp\/v2\/posts"}],"about":[{"href":"https:\/\/elregionalvm.com.ar\/noticias-villa-maria\/wp-json\/wp\/v2\/types\/post"}],"author":[{"embeddable":true,"href":"https:\/\/elregionalvm.com.ar\/noticias-villa-maria\/wp-json\/wp\/v2\/users\/4"}],"replies":[{"embeddable":true,"href":"https:\/\/elregionalvm.com.ar\/noticias-villa-maria\/wp-json\/wp\/v2\/comments?post=113165"}],"version-history":[{"count":1,"href":"https:\/\/elregionalvm.com.ar\/noticias-villa-maria\/wp-json\/wp\/v2\/posts\/113165\/revisions"}],"predecessor-version":[{"id":113167,"href":"https:\/\/elregionalvm.com.ar\/noticias-villa-maria\/wp-json\/wp\/v2\/posts\/113165\/revisions\/113167"}],"wp:featuredmedia":[{"embeddable":true,"href":"https:\/\/elregionalvm.com.ar\/noticias-villa-maria\/wp-json\/wp\/v2\/media\/113166"}],"wp:attachment":[{"href":"https:\/\/elregionalvm.com.ar\/noticias-villa-maria\/wp-json\/wp\/v2\/media?parent=113165"}],"wp:term":[{"taxonomy":"category","embeddable":true,"href":"https:\/\/elregionalvm.com.ar\/noticias-villa-maria\/wp-json\/wp\/v2\/categories?post=113165"},{"taxonomy":"post_tag","embeddable":true,"href":"https:\/\/elregionalvm.com.ar\/noticias-villa-maria\/wp-json\/wp\/v2\/tags?post=113165"}],"curies":[{"name":"wp","href":"https:\/\/api.w.org\/{rel}","templated":true}]}}