{"id":113205,"date":"2026-01-09T03:23:46","date_gmt":"2026-01-09T03:23:46","guid":{"rendered":"https:\/\/elregionalvm.com.ar\/noticias-villa-maria\/?p=113205"},"modified":"2026-01-09T03:23:53","modified_gmt":"2026-01-09T03:23:53","slug":"ya-se-esta-llevando-a-cabo-la-maraton-de-fichas-medicas-o-certificados-unicos-de-salud-cus-de-verano","status":"publish","type":"post","link":"https:\/\/elregionalvm.com.ar\/noticias-villa-maria\/ya-se-esta-llevando-a-cabo-la-maraton-de-fichas-medicas-o-certificados-unicos-de-salud-cus-de-verano\/","title":{"rendered":"Ya se est\u00e1 llevando a cabo la \u201cMarat\u00f3n de Fichas M\u00e9dicas\u201d o Certificados \u00danicos de Salud (CUS) de verano"},"content":{"rendered":"\n<p>La propuesta, que tiene por objetivo ofrecer m\u00e1s oportunidades para que la poblaci\u00f3n escolar cuente con este certificado, se desarrolla en la Asistencia P\u00fablica y los CAPS barriales<\/p>\n\n\n\n<p>La Municipalidad de Villa Mar\u00eda informa que ya se est\u00e1 llevando a cabo la \u201cMarat\u00f3n de Fichas M\u00e9dicas\u201d o Certificados \u00danicos de Salud (CUS) de verano.&nbsp;<\/p>\n\n\n\n<p>De este modo, desde la Secretar\u00eda de Salud se busca ofrecer mayores oportunidades para que toda la poblaci\u00f3n escolar de ni\u00f1os y adolescentes comience el ciclo lectivo 2026 con esta documentaci\u00f3n indispensable de forma completa.&nbsp;<\/p>\n\n\n\n<p>Es importante resaltar que este circuito de verano apunta a que las familias puedan realizar las fichas m\u00e9dicas con la mayor antelaci\u00f3n posible, a fin de facilitar la organizaci\u00f3n y garantizar el acceso al servicio.&nbsp;<\/p>\n\n\n\n<p>Tres postas de salud<\/p>\n\n\n\n<p>El circuito cuenta con tres postas para una valoraci\u00f3n integral:<\/p>\n\n\n\n<p>1. Valoraci\u00f3n por parte de enfermer\u00eda: all\u00ed se controla peso, talla, tensi\u00f3n arterial y agudeza visual<\/p>\n\n\n\n<p>2. Vacunatorio: en esta segunda etapa se eval\u00faa si el carnet de vacunaci\u00f3n se encuentra completo para la edad del ni\u00f1o o ni\u00f1a, por lo que es importante asistir con el mismo<\/p>\n\n\n\n<p>3. Consulta m\u00e9dica: el circuito cierra con una valoraci\u00f3n m\u00e9dica o pedi\u00e1trica integral &nbsp;<\/p>\n\n\n\n<p>D\u00f3nde se realiza y c\u00f3mo acceder<\/p>\n\n\n\n<p>* En la Asistencia P\u00fablica, se realiza los d\u00edas mi\u00e9rcoles y viernes, con turno previo. Para solicitarlo, pueden acercarse a la mesa de entrada o comunicarse por WhatsApp (3534 191835)<\/p>\n\n\n\n<p>* CAPS B\u00b0 Carlos Pellegrini, los mi\u00e9rcoles de 7 a 12 horas. Es necesario sacar un turno en mesa de entrada con el DNI del ni\u00f1o o ni\u00f1a.&nbsp;<\/p>\n\n\n\n<p>* CAPS B\u00b0 Bello Horizonte, de lunes a jueves, de 7 a 12 horas. Es necesario sacar un turno en mesa de entrada con el DNI del ni\u00f1o o ni\u00f1a.&nbsp;<\/p>\n\n\n\n<p>* CAPS B\u00b0 Las Acacias, los mi\u00e9rcoles de 8 a 14 horas, por orden de llegada. Los viernes, de 8 a 9, las fichas m\u00e9dicas se realizan a trav\u00e9s del sistema de telemedicina.&nbsp;<\/p>\n\n\n\n<p>* CAPS B\u00b0 Los Olmos, los d\u00edas mi\u00e9rcoles (de 9 a 12 horas) y los jueves (de 8 a 12 horas) con turno programado a trav\u00e9s de mesa de entrada. Los d\u00edas martes y jueves, de 15 a 17 horas, a trav\u00e9s del sistema de telemedicina. &nbsp;<\/p>\n\n\n\n<p>* CAPS B\u00b0 Las Playas, de lunes a viernes, a partir de las 7 horas, por orden de llegada. Los d\u00edas 23 y 30 de enero se llevar\u00e1 a cabo una jornada especial de Fichas M\u00e9dicas.&nbsp;<\/p>\n\n\n\n<p>* CAPS B\u00b0 San Mart\u00edn y San Justo, los martes de 8 a 10 horas a trav\u00e9s del sistema de telemedicina, y los jueves, de 10 a 14 horas con turnos programados a trav\u00e9s de mesa de entrada.&nbsp;<\/p>\n\n\n\n<p>* CAPS CIC, los martes, mi\u00e9rcoles y jueves de 13 a 17 horas a trav\u00e9s del sistema de telemedicina. De lunes a viernes, de 7 a 12 horas con turnos programados para ni\u00f1os a partir de los 11 a\u00f1os<\/p>\n\n\n\n<p>* CAPS B\u00b0 Roque S\u00e1enz Pe\u00f1a, los martes de 8 a 13 horas con turnos programados, y los viernes de 9 a 10 horas a trav\u00e9s del sistema de telemedicina.&nbsp;<\/p>\n\n\n\n<p>* CAPS B\u00b0 San Nicol\u00e1s, los martes, mi\u00e9rcoles y viernes de 8 a 12 con turnos programados.&nbsp;<\/p>\n\n\n\n<p>* CAPS B\u00b0 La Calera, los lunes y jueves de 8 a 10 horas a trav\u00e9s del sistema de telemedicina.&nbsp;<\/p>\n\n\n\n<p>* CAPS B\u00b0 Belgrano, los lunes, martes y viernes, de 8 a 13 horas, con turnos programados.&nbsp;<\/p>\n\n\n\n<p>* CAPS B\u00b0 Rivadavia, los jueves de 8 a 13 horas, con turnos programados<\/p>\n","protected":false},"excerpt":{"rendered":"<p>La propuesta, que tiene por objetivo ofrecer m\u00e1s oportunidades para que la poblaci\u00f3n escolar cuente con este certificado, se desarrolla en la Asistencia P\u00fablica y los CAPS barriales La Municipalidad de Villa Mar\u00eda informa que ya se est\u00e1 llevando a cabo la \u201cMarat\u00f3n de Fichas M\u00e9dicas\u201d o Certificados \u00danicos de Salud (CUS) de verano.&nbsp; De [&hellip;]<\/p>\n","protected":false},"author":4,"featured_media":113207,"comment_status":"open","ping_status":"open","sticky":false,"template":"","format":"standard","meta":{"site-sidebar-layout":"default","site-content-layout":"","ast-site-content-layout":"default","site-content-style":"default","site-sidebar-style":"default","ast-global-header-display":"","ast-banner-title-visibility":"","ast-main-header-display":"","ast-hfb-above-header-display":"","ast-hfb-below-header-display":"","ast-hfb-mobile-header-display":"","site-post-title":"","ast-breadcrumbs-content":"","ast-featured-img":"","footer-sml-layout":"","ast-disable-related-posts":"","theme-transparent-header-meta":"","adv-header-id-meta":"","stick-header-meta":"","header-above-stick-meta":"","header-main-stick-meta":"","header-below-stick-meta":"","astra-migrate-meta-layouts":"set","ast-page-background-enabled":"default","ast-page-background-meta":{"desktop":{"background-color":"","background-image":"","background-repeat":"repeat","background-position":"center center","background-size":"auto","background-attachment":"scroll","background-type":"","background-media":"","overlay-type":"","overlay-color":"","overlay-opacity":"","overlay-gradient":""},"tablet":{"background-color":"","background-image":"","background-repeat":"repeat","background-position":"center center","background-size":"auto","background-attachment":"scroll","background-type":"","background-media":"","overlay-type":"","overlay-color":"","overlay-opacity":"","overlay-gradient":""},"mobile":{"background-color":"","background-image":"","background-repeat":"repeat","background-position":"center center","background-size":"auto","background-attachment":"scroll","background-type":"","background-media":"","overlay-type":"","overlay-color":"","overlay-opacity":"","overlay-gradient":""}},"ast-content-background-meta":{"desktop":{"background-color":"var(--ast-global-color-5)","background-image":"","background-repeat":"repeat","background-position":"center center","background-size":"auto","background-attachment":"scroll","background-type":"","background-media":"","overlay-type":"","overlay-color":"","overlay-opacity":"","overlay-gradient":""},"tablet":{"background-color":"var(--ast-global-color-5)","background-image":"","background-repeat":"repeat","background-position":"center center","background-size":"auto","background-attachment":"scroll","background-type":"","background-media":"","overlay-type":"","overlay-color":"","overlay-opacity":"","overlay-gradient":""},"mobile":{"background-color":"var(--ast-global-color-5)","background-image":"","background-repeat":"repeat","background-position":"center center","background-size":"auto","background-attachment":"scroll","background-type":"","background-media":"","overlay-type":"","overlay-color":"","overlay-opacity":"","overlay-gradient":""}},"_jetpack_memberships_contains_paid_content":false,"_joinchat":[],"footnotes":""},"categories":[15302,5,2],"tags":[],"class_list":["post-113205","post","type-post","status-publish","format-standard","has-post-thumbnail","hentry","category-destacado","category-sociedad","category-villa-maria"],"yoast_head":"<!-- This site is optimized with the Yoast SEO plugin v26.8 - https:\/\/yoast.com\/product\/yoast-seo-wordpress\/ -->\n<title>Ya se est\u00e1 llevando a cabo la \u201cMarat\u00f3n de Fichas M\u00e9dicas\u201d o Certificados \u00danicos de Salud (CUS) de verano - El Regional<\/title>\n<meta name=\"robots\" content=\"index, follow, max-snippet:-1, max-image-preview:large, max-video-preview:-1\" \/>\n<link rel=\"canonical\" href=\"https:\/\/elregionalvm.com.ar\/noticias-villa-maria\/ya-se-esta-llevando-a-cabo-la-maraton-de-fichas-medicas-o-certificados-unicos-de-salud-cus-de-verano\/\" \/>\n<meta property=\"og:locale\" content=\"es_ES\" \/>\n<meta property=\"og:type\" content=\"article\" \/>\n<meta property=\"og:title\" content=\"Ya se est\u00e1 llevando a cabo la \u201cMarat\u00f3n de Fichas M\u00e9dicas\u201d o Certificados \u00danicos de Salud (CUS) de verano - El Regional\" \/>\n<meta property=\"og:description\" content=\"La propuesta, que tiene por objetivo ofrecer m\u00e1s oportunidades para que la poblaci\u00f3n escolar cuente con este certificado, se desarrolla en la Asistencia P\u00fablica y los CAPS barriales La Municipalidad de Villa Mar\u00eda informa que ya se est\u00e1 llevando a cabo la \u201cMarat\u00f3n de Fichas M\u00e9dicas\u201d o Certificados \u00danicos de Salud (CUS) de verano.&nbsp; De [&hellip;]\" \/>\n<meta property=\"og:url\" content=\"https:\/\/elregionalvm.com.ar\/noticias-villa-maria\/ya-se-esta-llevando-a-cabo-la-maraton-de-fichas-medicas-o-certificados-unicos-de-salud-cus-de-verano\/\" \/>\n<meta property=\"og:site_name\" content=\"El Regional\" \/>\n<meta property=\"article:publisher\" content=\"https:\/\/www.facebook.com\/elregionalvm\" \/>\n<meta property=\"article:published_time\" content=\"2026-01-09T03:23:46+00:00\" \/>\n<meta property=\"article:modified_time\" content=\"2026-01-09T03:23:53+00:00\" \/>\n<meta property=\"og:image\" content=\"https:\/\/elregionalvm.com.ar\/noticias-villa-maria\/wp-content\/uploads\/2026\/01\/42ac8063798a43d28dc6ee01ed63eaaa.jpeg\" \/>\n\t<meta property=\"og:image:width\" content=\"800\" \/>\n\t<meta property=\"og:image:height\" content=\"600\" \/>\n\t<meta property=\"og:image:type\" content=\"image\/jpeg\" \/>\n<meta name=\"author\" content=\"Contenidos El Regional\" \/>\n<meta name=\"twitter:card\" content=\"summary_large_image\" \/>\n<meta name=\"twitter:creator\" content=\"@elregionalvm1\" \/>\n<meta name=\"twitter:site\" content=\"@elregionalvm1\" \/>\n<meta name=\"twitter:label1\" content=\"Escrito por\" \/>\n\t<meta name=\"twitter:data1\" content=\"Contenidos El Regional\" \/>\n\t<meta name=\"twitter:label2\" content=\"Tiempo de lectura\" \/>\n\t<meta name=\"twitter:data2\" content=\"3 minutos\" \/>\n<script type=\"application\/ld+json\" class=\"yoast-schema-graph\">{\"@context\":\"https:\/\/schema.org\",\"@graph\":[{\"@type\":\"Article\",\"@id\":\"https:\/\/elregionalvm.com.ar\/noticias-villa-maria\/ya-se-esta-llevando-a-cabo-la-maraton-de-fichas-medicas-o-certificados-unicos-de-salud-cus-de-verano\/#article\",\"isPartOf\":{\"@id\":\"https:\/\/elregionalvm.com.ar\/noticias-villa-maria\/ya-se-esta-llevando-a-cabo-la-maraton-de-fichas-medicas-o-certificados-unicos-de-salud-cus-de-verano\/\"},\"author\":{\"name\":\"Contenidos El Regional\",\"@id\":\"http:\/\/elregionalvm.com.ar\/noticias-villa-maria\/#\/schema\/person\/a0fb9c422317faca23d50163151bc354\"},\"headline\":\"Ya se est\u00e1 llevando a cabo la \u201cMarat\u00f3n de Fichas M\u00e9dicas\u201d o Certificados \u00danicos de Salud (CUS) de verano\",\"datePublished\":\"2026-01-09T03:23:46+00:00\",\"dateModified\":\"2026-01-09T03:23:53+00:00\",\"mainEntityOfPage\":{\"@id\":\"https:\/\/elregionalvm.com.ar\/noticias-villa-maria\/ya-se-esta-llevando-a-cabo-la-maraton-de-fichas-medicas-o-certificados-unicos-de-salud-cus-de-verano\/\"},\"wordCount\":619,\"commentCount\":0,\"image\":{\"@id\":\"https:\/\/elregionalvm.com.ar\/noticias-villa-maria\/ya-se-esta-llevando-a-cabo-la-maraton-de-fichas-medicas-o-certificados-unicos-de-salud-cus-de-verano\/#primaryimage\"},\"thumbnailUrl\":\"https:\/\/i0.wp.com\/elregionalvm.com.ar\/noticias-villa-maria\/wp-content\/uploads\/2026\/01\/42ac8063798a43d28dc6ee01ed63eaaa.jpeg?fit=800%2C600&ssl=1\",\"articleSection\":[\"destacado\",\"Sociedad\",\"Villa Mar\u00eda\"],\"inLanguage\":\"es\",\"potentialAction\":[{\"@type\":\"CommentAction\",\"name\":\"Comment\",\"target\":[\"https:\/\/elregionalvm.com.ar\/noticias-villa-maria\/ya-se-esta-llevando-a-cabo-la-maraton-de-fichas-medicas-o-certificados-unicos-de-salud-cus-de-verano\/#respond\"]}]},{\"@type\":\"WebPage\",\"@id\":\"https:\/\/elregionalvm.com.ar\/noticias-villa-maria\/ya-se-esta-llevando-a-cabo-la-maraton-de-fichas-medicas-o-certificados-unicos-de-salud-cus-de-verano\/\",\"url\":\"https:\/\/elregionalvm.com.ar\/noticias-villa-maria\/ya-se-esta-llevando-a-cabo-la-maraton-de-fichas-medicas-o-certificados-unicos-de-salud-cus-de-verano\/\",\"name\":\"Ya se est\u00e1 llevando a cabo la \u201cMarat\u00f3n de Fichas M\u00e9dicas\u201d o Certificados \u00danicos de Salud (CUS) de verano - El Regional\",\"isPartOf\":{\"@id\":\"http:\/\/elregionalvm.com.ar\/noticias-villa-maria\/#website\"},\"primaryImageOfPage\":{\"@id\":\"https:\/\/elregionalvm.com.ar\/noticias-villa-maria\/ya-se-esta-llevando-a-cabo-la-maraton-de-fichas-medicas-o-certificados-unicos-de-salud-cus-de-verano\/#primaryimage\"},\"image\":{\"@id\":\"https:\/\/elregionalvm.com.ar\/noticias-villa-maria\/ya-se-esta-llevando-a-cabo-la-maraton-de-fichas-medicas-o-certificados-unicos-de-salud-cus-de-verano\/#primaryimage\"},\"thumbnailUrl\":\"https:\/\/i0.wp.com\/elregionalvm.com.ar\/noticias-villa-maria\/wp-content\/uploads\/2026\/01\/42ac8063798a43d28dc6ee01ed63eaaa.jpeg?fit=800%2C600&ssl=1\",\"datePublished\":\"2026-01-09T03:23:46+00:00\",\"dateModified\":\"2026-01-09T03:23:53+00:00\",\"author\":{\"@id\":\"http:\/\/elregionalvm.com.ar\/noticias-villa-maria\/#\/schema\/person\/a0fb9c422317faca23d50163151bc354\"},\"breadcrumb\":{\"@id\":\"https:\/\/elregionalvm.com.ar\/noticias-villa-maria\/ya-se-esta-llevando-a-cabo-la-maraton-de-fichas-medicas-o-certificados-unicos-de-salud-cus-de-verano\/#breadcrumb\"},\"inLanguage\":\"es\",\"potentialAction\":[{\"@type\":\"ReadAction\",\"target\":[\"https:\/\/elregionalvm.com.ar\/noticias-villa-maria\/ya-se-esta-llevando-a-cabo-la-maraton-de-fichas-medicas-o-certificados-unicos-de-salud-cus-de-verano\/\"]}]},{\"@type\":\"ImageObject\",\"inLanguage\":\"es\",\"@id\":\"https:\/\/elregionalvm.com.ar\/noticias-villa-maria\/ya-se-esta-llevando-a-cabo-la-maraton-de-fichas-medicas-o-certificados-unicos-de-salud-cus-de-verano\/#primaryimage\",\"url\":\"https:\/\/i0.wp.com\/elregionalvm.com.ar\/noticias-villa-maria\/wp-content\/uploads\/2026\/01\/42ac8063798a43d28dc6ee01ed63eaaa.jpeg?fit=800%2C600&ssl=1\",\"contentUrl\":\"https:\/\/i0.wp.com\/elregionalvm.com.ar\/noticias-villa-maria\/wp-content\/uploads\/2026\/01\/42ac8063798a43d28dc6ee01ed63eaaa.jpeg?fit=800%2C600&ssl=1\",\"width\":800,\"height\":600},{\"@type\":\"BreadcrumbList\",\"@id\":\"https:\/\/elregionalvm.com.ar\/noticias-villa-maria\/ya-se-esta-llevando-a-cabo-la-maraton-de-fichas-medicas-o-certificados-unicos-de-salud-cus-de-verano\/#breadcrumb\",\"itemListElement\":[{\"@type\":\"ListItem\",\"position\":1,\"name\":\"Portada\",\"item\":\"https:\/\/elregionalvm.com.ar\/noticias-villa-maria\/\"},{\"@type\":\"ListItem\",\"position\":2,\"name\":\"Ya se est\u00e1 llevando a cabo la \u201cMarat\u00f3n de Fichas M\u00e9dicas\u201d o Certificados \u00danicos de Salud (CUS) de verano\"}]},{\"@type\":\"WebSite\",\"@id\":\"http:\/\/elregionalvm.com.ar\/noticias-villa-maria\/#website\",\"url\":\"http:\/\/elregionalvm.com.ar\/noticias-villa-maria\/\",\"name\":\"El Regional\",\"description\":\"Mucho m\u00e1s que informaci\u00f3n\",\"potentialAction\":[{\"@type\":\"SearchAction\",\"target\":{\"@type\":\"EntryPoint\",\"urlTemplate\":\"http:\/\/elregionalvm.com.ar\/noticias-villa-maria\/?s={search_term_string}\"},\"query-input\":{\"@type\":\"PropertyValueSpecification\",\"valueRequired\":true,\"valueName\":\"search_term_string\"}}],\"inLanguage\":\"es\"},{\"@type\":\"Person\",\"@id\":\"http:\/\/elregionalvm.com.ar\/noticias-villa-maria\/#\/schema\/person\/a0fb9c422317faca23d50163151bc354\",\"name\":\"Contenidos El Regional\",\"image\":{\"@type\":\"ImageObject\",\"inLanguage\":\"es\",\"@id\":\"http:\/\/elregionalvm.com.ar\/noticias-villa-maria\/#\/schema\/person\/image\/\",\"url\":\"https:\/\/secure.gravatar.com\/avatar\/265b27cb2209af7bb3a1318f03305787d7981a5cc6e6cd08fe5a4ecdf99d4b48?s=96&d=mm&r=g\",\"contentUrl\":\"https:\/\/secure.gravatar.com\/avatar\/265b27cb2209af7bb3a1318f03305787d7981a5cc6e6cd08fe5a4ecdf99d4b48?s=96&d=mm&r=g\",\"caption\":\"Contenidos El Regional\"},\"url\":\"https:\/\/elregionalvm.com.ar\/noticias-villa-maria\/author\/contenido\/\"}]}<\/script>\n<!-- \/ Yoast SEO plugin. -->","yoast_head_json":{"title":"Ya se est\u00e1 llevando a cabo la \u201cMarat\u00f3n de Fichas M\u00e9dicas\u201d o Certificados \u00danicos de Salud (CUS) de verano - El Regional","robots":{"index":"index","follow":"follow","max-snippet":"max-snippet:-1","max-image-preview":"max-image-preview:large","max-video-preview":"max-video-preview:-1"},"canonical":"https:\/\/elregionalvm.com.ar\/noticias-villa-maria\/ya-se-esta-llevando-a-cabo-la-maraton-de-fichas-medicas-o-certificados-unicos-de-salud-cus-de-verano\/","og_locale":"es_ES","og_type":"article","og_title":"Ya se est\u00e1 llevando a cabo la \u201cMarat\u00f3n de Fichas M\u00e9dicas\u201d o Certificados \u00danicos de Salud (CUS) de verano - El Regional","og_description":"La propuesta, que tiene por objetivo ofrecer m\u00e1s oportunidades para que la poblaci\u00f3n escolar cuente con este certificado, se desarrolla en la Asistencia P\u00fablica y los CAPS barriales La Municipalidad de Villa Mar\u00eda informa que ya se est\u00e1 llevando a cabo la \u201cMarat\u00f3n de Fichas M\u00e9dicas\u201d o Certificados \u00danicos de Salud (CUS) de verano.&nbsp; De [&hellip;]","og_url":"https:\/\/elregionalvm.com.ar\/noticias-villa-maria\/ya-se-esta-llevando-a-cabo-la-maraton-de-fichas-medicas-o-certificados-unicos-de-salud-cus-de-verano\/","og_site_name":"El Regional","article_publisher":"https:\/\/www.facebook.com\/elregionalvm","article_published_time":"2026-01-09T03:23:46+00:00","article_modified_time":"2026-01-09T03:23:53+00:00","og_image":[{"width":800,"height":600,"url":"https:\/\/elregionalvm.com.ar\/noticias-villa-maria\/wp-content\/uploads\/2026\/01\/42ac8063798a43d28dc6ee01ed63eaaa.jpeg","type":"image\/jpeg"}],"author":"Contenidos El Regional","twitter_card":"summary_large_image","twitter_creator":"@elregionalvm1","twitter_site":"@elregionalvm1","twitter_misc":{"Escrito por":"Contenidos El Regional","Tiempo de lectura":"3 minutos"},"schema":{"@context":"https:\/\/schema.org","@graph":[{"@type":"Article","@id":"https:\/\/elregionalvm.com.ar\/noticias-villa-maria\/ya-se-esta-llevando-a-cabo-la-maraton-de-fichas-medicas-o-certificados-unicos-de-salud-cus-de-verano\/#article","isPartOf":{"@id":"https:\/\/elregionalvm.com.ar\/noticias-villa-maria\/ya-se-esta-llevando-a-cabo-la-maraton-de-fichas-medicas-o-certificados-unicos-de-salud-cus-de-verano\/"},"author":{"name":"Contenidos El Regional","@id":"http:\/\/elregionalvm.com.ar\/noticias-villa-maria\/#\/schema\/person\/a0fb9c422317faca23d50163151bc354"},"headline":"Ya se est\u00e1 llevando a cabo la \u201cMarat\u00f3n de Fichas M\u00e9dicas\u201d o Certificados \u00danicos de Salud (CUS) de verano","datePublished":"2026-01-09T03:23:46+00:00","dateModified":"2026-01-09T03:23:53+00:00","mainEntityOfPage":{"@id":"https:\/\/elregionalvm.com.ar\/noticias-villa-maria\/ya-se-esta-llevando-a-cabo-la-maraton-de-fichas-medicas-o-certificados-unicos-de-salud-cus-de-verano\/"},"wordCount":619,"commentCount":0,"image":{"@id":"https:\/\/elregionalvm.com.ar\/noticias-villa-maria\/ya-se-esta-llevando-a-cabo-la-maraton-de-fichas-medicas-o-certificados-unicos-de-salud-cus-de-verano\/#primaryimage"},"thumbnailUrl":"https:\/\/i0.wp.com\/elregionalvm.com.ar\/noticias-villa-maria\/wp-content\/uploads\/2026\/01\/42ac8063798a43d28dc6ee01ed63eaaa.jpeg?fit=800%2C600&ssl=1","articleSection":["destacado","Sociedad","Villa Mar\u00eda"],"inLanguage":"es","potentialAction":[{"@type":"CommentAction","name":"Comment","target":["https:\/\/elregionalvm.com.ar\/noticias-villa-maria\/ya-se-esta-llevando-a-cabo-la-maraton-de-fichas-medicas-o-certificados-unicos-de-salud-cus-de-verano\/#respond"]}]},{"@type":"WebPage","@id":"https:\/\/elregionalvm.com.ar\/noticias-villa-maria\/ya-se-esta-llevando-a-cabo-la-maraton-de-fichas-medicas-o-certificados-unicos-de-salud-cus-de-verano\/","url":"https:\/\/elregionalvm.com.ar\/noticias-villa-maria\/ya-se-esta-llevando-a-cabo-la-maraton-de-fichas-medicas-o-certificados-unicos-de-salud-cus-de-verano\/","name":"Ya se est\u00e1 llevando a cabo la \u201cMarat\u00f3n de Fichas M\u00e9dicas\u201d o Certificados \u00danicos de Salud (CUS) de verano - El Regional","isPartOf":{"@id":"http:\/\/elregionalvm.com.ar\/noticias-villa-maria\/#website"},"primaryImageOfPage":{"@id":"https:\/\/elregionalvm.com.ar\/noticias-villa-maria\/ya-se-esta-llevando-a-cabo-la-maraton-de-fichas-medicas-o-certificados-unicos-de-salud-cus-de-verano\/#primaryimage"},"image":{"@id":"https:\/\/elregionalvm.com.ar\/noticias-villa-maria\/ya-se-esta-llevando-a-cabo-la-maraton-de-fichas-medicas-o-certificados-unicos-de-salud-cus-de-verano\/#primaryimage"},"thumbnailUrl":"https:\/\/i0.wp.com\/elregionalvm.com.ar\/noticias-villa-maria\/wp-content\/uploads\/2026\/01\/42ac8063798a43d28dc6ee01ed63eaaa.jpeg?fit=800%2C600&ssl=1","datePublished":"2026-01-09T03:23:46+00:00","dateModified":"2026-01-09T03:23:53+00:00","author":{"@id":"http:\/\/elregionalvm.com.ar\/noticias-villa-maria\/#\/schema\/person\/a0fb9c422317faca23d50163151bc354"},"breadcrumb":{"@id":"https:\/\/elregionalvm.com.ar\/noticias-villa-maria\/ya-se-esta-llevando-a-cabo-la-maraton-de-fichas-medicas-o-certificados-unicos-de-salud-cus-de-verano\/#breadcrumb"},"inLanguage":"es","potentialAction":[{"@type":"ReadAction","target":["https:\/\/elregionalvm.com.ar\/noticias-villa-maria\/ya-se-esta-llevando-a-cabo-la-maraton-de-fichas-medicas-o-certificados-unicos-de-salud-cus-de-verano\/"]}]},{"@type":"ImageObject","inLanguage":"es","@id":"https:\/\/elregionalvm.com.ar\/noticias-villa-maria\/ya-se-esta-llevando-a-cabo-la-maraton-de-fichas-medicas-o-certificados-unicos-de-salud-cus-de-verano\/#primaryimage","url":"https:\/\/i0.wp.com\/elregionalvm.com.ar\/noticias-villa-maria\/wp-content\/uploads\/2026\/01\/42ac8063798a43d28dc6ee01ed63eaaa.jpeg?fit=800%2C600&ssl=1","contentUrl":"https:\/\/i0.wp.com\/elregionalvm.com.ar\/noticias-villa-maria\/wp-content\/uploads\/2026\/01\/42ac8063798a43d28dc6ee01ed63eaaa.jpeg?fit=800%2C600&ssl=1","width":800,"height":600},{"@type":"BreadcrumbList","@id":"https:\/\/elregionalvm.com.ar\/noticias-villa-maria\/ya-se-esta-llevando-a-cabo-la-maraton-de-fichas-medicas-o-certificados-unicos-de-salud-cus-de-verano\/#breadcrumb","itemListElement":[{"@type":"ListItem","position":1,"name":"Portada","item":"https:\/\/elregionalvm.com.ar\/noticias-villa-maria\/"},{"@type":"ListItem","position":2,"name":"Ya se est\u00e1 llevando a cabo la \u201cMarat\u00f3n de Fichas M\u00e9dicas\u201d o Certificados \u00danicos de Salud (CUS) de verano"}]},{"@type":"WebSite","@id":"http:\/\/elregionalvm.com.ar\/noticias-villa-maria\/#website","url":"http:\/\/elregionalvm.com.ar\/noticias-villa-maria\/","name":"El Regional","description":"Mucho m\u00e1s que informaci\u00f3n","potentialAction":[{"@type":"SearchAction","target":{"@type":"EntryPoint","urlTemplate":"http:\/\/elregionalvm.com.ar\/noticias-villa-maria\/?s={search_term_string}"},"query-input":{"@type":"PropertyValueSpecification","valueRequired":true,"valueName":"search_term_string"}}],"inLanguage":"es"},{"@type":"Person","@id":"http:\/\/elregionalvm.com.ar\/noticias-villa-maria\/#\/schema\/person\/a0fb9c422317faca23d50163151bc354","name":"Contenidos El Regional","image":{"@type":"ImageObject","inLanguage":"es","@id":"http:\/\/elregionalvm.com.ar\/noticias-villa-maria\/#\/schema\/person\/image\/","url":"https:\/\/secure.gravatar.com\/avatar\/265b27cb2209af7bb3a1318f03305787d7981a5cc6e6cd08fe5a4ecdf99d4b48?s=96&d=mm&r=g","contentUrl":"https:\/\/secure.gravatar.com\/avatar\/265b27cb2209af7bb3a1318f03305787d7981a5cc6e6cd08fe5a4ecdf99d4b48?s=96&d=mm&r=g","caption":"Contenidos El Regional"},"url":"https:\/\/elregionalvm.com.ar\/noticias-villa-maria\/author\/contenido\/"}]}},"jetpack_featured_media_url":"https:\/\/i0.wp.com\/elregionalvm.com.ar\/noticias-villa-maria\/wp-content\/uploads\/2026\/01\/42ac8063798a43d28dc6ee01ed63eaaa.jpeg?fit=800%2C600&ssl=1","jetpack_sharing_enabled":true,"_links":{"self":[{"href":"https:\/\/elregionalvm.com.ar\/noticias-villa-maria\/wp-json\/wp\/v2\/posts\/113205","targetHints":{"allow":["GET"]}}],"collection":[{"href":"https:\/\/elregionalvm.com.ar\/noticias-villa-maria\/wp-json\/wp\/v2\/posts"}],"about":[{"href":"https:\/\/elregionalvm.com.ar\/noticias-villa-maria\/wp-json\/wp\/v2\/types\/post"}],"author":[{"embeddable":true,"href":"https:\/\/elregionalvm.com.ar\/noticias-villa-maria\/wp-json\/wp\/v2\/users\/4"}],"replies":[{"embeddable":true,"href":"https:\/\/elregionalvm.com.ar\/noticias-villa-maria\/wp-json\/wp\/v2\/comments?post=113205"}],"version-history":[{"count":1,"href":"https:\/\/elregionalvm.com.ar\/noticias-villa-maria\/wp-json\/wp\/v2\/posts\/113205\/revisions"}],"predecessor-version":[{"id":113208,"href":"https:\/\/elregionalvm.com.ar\/noticias-villa-maria\/wp-json\/wp\/v2\/posts\/113205\/revisions\/113208"}],"wp:featuredmedia":[{"embeddable":true,"href":"https:\/\/elregionalvm.com.ar\/noticias-villa-maria\/wp-json\/wp\/v2\/media\/113207"}],"wp:attachment":[{"href":"https:\/\/elregionalvm.com.ar\/noticias-villa-maria\/wp-json\/wp\/v2\/media?parent=113205"}],"wp:term":[{"taxonomy":"category","embeddable":true,"href":"https:\/\/elregionalvm.com.ar\/noticias-villa-maria\/wp-json\/wp\/v2\/categories?post=113205"},{"taxonomy":"post_tag","embeddable":true,"href":"https:\/\/elregionalvm.com.ar\/noticias-villa-maria\/wp-json\/wp\/v2\/tags?post=113205"}],"curies":[{"name":"wp","href":"https:\/\/api.w.org\/{rel}","templated":true}]}}