{"id":113216,"date":"2026-01-09T03:35:27","date_gmt":"2026-01-09T03:35:27","guid":{"rendered":"https:\/\/elregionalvm.com.ar\/noticias-villa-maria\/?p=113216"},"modified":"2026-01-09T03:37:20","modified_gmt":"2026-01-09T03:37:20","slug":"se-concreto-una-reunion-con-referentes-de-patios-gastronomicos-que-estaran-presentes-durante-las-trece-noches-del-recorrido-penero","status":"publish","type":"post","link":"https:\/\/elregionalvm.com.ar\/noticias-villa-maria\/se-concreto-una-reunion-con-referentes-de-patios-gastronomicos-que-estaran-presentes-durante-las-trece-noches-del-recorrido-penero\/","title":{"rendered":"Se concret\u00f3 una reuni\u00f3n con referentes de Patios Gastron\u00f3micos que estar\u00e1n presentes durante las trece noches del Recorrido Pe\u00f1ero"},"content":{"rendered":"\n<p>Se llev\u00f3 adelante una reuni\u00f3n con referentes de Patios Gastron\u00f3micos que estar\u00e1n presentes durante las trece noches del Recorrido Pe\u00f1ero 2026 con ofertas gastron\u00f3micas y musicales.<\/p>\n\n\n\n<p>En este sentido, el encuentro se realiz\u00f3 en el Sal\u00f3n Blanco del Municipio y estuvo encabezado por el presidente del Concejo Deliberante a cargo de la coordinaci\u00f3n del poder Ejecutivo, Juan Pablo Inglese; el secretario de Econom\u00eda, Transformaci\u00f3n Digital y Desarrollo Productivo, Guillermo Pieckenstainer; el subsecretario de Desarrollo Productivo, Germ\u00e1n Tenedini y miembros de su equipo.<\/p>\n\n\n\n<p>Del encuentro participaron integrantes y referentes de los espacios: Punto 33; La Salsera; Los So\u00f1adores; La Cantina; Jockey Club Villa Mar\u00eda; Locos por el Fuego (Bomberos); Agrupaci\u00f3n Folkl\u00f3rica Villa Mar\u00eda; El Rito; La Pe\u00f1a Moderna; Biermania; Bialystok, por la Pe\u00f1a Gastron\u00f3mica Villa Mar\u00eda y el Patio de Comida del Rotary Club.<\/p>\n\n\n\n<p>La reuni\u00f3n tuvo como objetivo ultimar detalles del evento que se desarrollar\u00e1 desde el jueves 29 de enero hasta el martes 10 de febrero a lo largo de la Costanera, y ofrecer\u00e1 patios de comida, food trucks, emprendedores y actividades culturales para toda la familia.<\/p>\n\n\n\n<p>Al respecto, Juan Pablo inglese dijo:&nbsp;<em>\u201cEl Recorrido Pe\u00f1ero, una propuesta que combina identidad cultural y comunitaria con un fuerte impacto productivo para nuestra ciudad y que forma parte de una pol\u00edtica clara de desarrollo que impulsa el intendente Eduardo Accastello y que posiciona a Villa Mar\u00eda como una ciudad de eventos, capaz de movilizar la econom\u00eda local y generar trabajo a partir del esfuerzo conjunto de emprendedores, pymes y el sector gastron\u00f3mico\u201d.<\/em><\/p>\n\n\n\n<p><em>\u201cFue una reuni\u00f3n muy positiva que refleja el enorme potencial que tenemos como ciudad y el camino que elegimos transitar: m\u00e1s producci\u00f3n, m\u00e1s empleo y m\u00e1s oportunidades para los villamarienses\u201d<\/em>, destac\u00f3 el funcionario<\/p>\n\n\n\n<p>A su tiempo, Guillermo Pieckenstainer valor\u00f3 el trabajo articulado con el sector privado y Germ\u00e1n Tenedini anunci\u00f3 que habr\u00e1 sorpresas durante todas las noches para todos los asistentes.<\/p>\n\n\n\n<p>Mientras que, Juan Carlos Salas, de la \u201cPe\u00f1a Los So\u00f1adores\u201d expres\u00f3:&nbsp;<em>\u201cestamos cumpliendo 20 a\u00f1os con nuestra pe\u00f1a y como cada a\u00f1o, realizaremos el Certamen de cantantes que permite al ganador actuar en el Festival de Pe\u00f1as\u201d.&nbsp;<\/em><\/p>\n\n\n\n<p>Por \u00faltimo, Roberto Zabala, de la \u00abAgrupaci\u00f3n Folkl\u00f3rica Villa Mar\u00eda\u201d agreg\u00f3:&nbsp;<em>\u201cpresentaremos una propuesta renovada en materia gastron\u00f3mica para que la familia pueda compartir y la tradicional reuni\u00f3n de bailarines y m\u00fasicos que ya es un cl\u00e1sico\u201d.<\/em><\/p>\n\n\n\n<p>Cabe remarcar que las distintas zonas estar\u00e1n debidamente identificadas donde tambi\u00e9n habr\u00e1 espacios para ferias privadas, espacios para concesionarias de veh\u00edculos, de emprendedores y entretenimiento.<\/p>\n","protected":false},"excerpt":{"rendered":"<p>Se llev\u00f3 adelante una reuni\u00f3n con referentes de Patios Gastron\u00f3micos que estar\u00e1n presentes durante las trece noches del Recorrido Pe\u00f1ero 2026 con ofertas gastron\u00f3micas y musicales. En este sentido, el encuentro se realiz\u00f3 en el Sal\u00f3n Blanco del Municipio y estuvo encabezado por el presidente del Concejo Deliberante a cargo de la coordinaci\u00f3n del poder [&hellip;]<\/p>\n","protected":false},"author":4,"featured_media":113217,"comment_status":"open","ping_status":"open","sticky":false,"template":"","format":"standard","meta":{"site-sidebar-layout":"default","site-content-layout":"","ast-site-content-layout":"default","site-content-style":"default","site-sidebar-style":"default","ast-global-header-display":"","ast-banner-title-visibility":"","ast-main-header-display":"","ast-hfb-above-header-display":"","ast-hfb-below-header-display":"","ast-hfb-mobile-header-display":"","site-post-title":"","ast-breadcrumbs-content":"","ast-featured-img":"","footer-sml-layout":"","ast-disable-related-posts":"","theme-transparent-header-meta":"","adv-header-id-meta":"","stick-header-meta":"","header-above-stick-meta":"","header-main-stick-meta":"","header-below-stick-meta":"","astra-migrate-meta-layouts":"set","ast-page-background-enabled":"default","ast-page-background-meta":{"desktop":{"background-color":"","background-image":"","background-repeat":"repeat","background-position":"center center","background-size":"auto","background-attachment":"scroll","background-type":"","background-media":"","overlay-type":"","overlay-color":"","overlay-opacity":"","overlay-gradient":""},"tablet":{"background-color":"","background-image":"","background-repeat":"repeat","background-position":"center center","background-size":"auto","background-attachment":"scroll","background-type":"","background-media":"","overlay-type":"","overlay-color":"","overlay-opacity":"","overlay-gradient":""},"mobile":{"background-color":"","background-image":"","background-repeat":"repeat","background-position":"center center","background-size":"auto","background-attachment":"scroll","background-type":"","background-media":"","overlay-type":"","overlay-color":"","overlay-opacity":"","overlay-gradient":""}},"ast-content-background-meta":{"desktop":{"background-color":"var(--ast-global-color-5)","background-image":"","background-repeat":"repeat","background-position":"center center","background-size":"auto","background-attachment":"scroll","background-type":"","background-media":"","overlay-type":"","overlay-color":"","overlay-opacity":"","overlay-gradient":""},"tablet":{"background-color":"var(--ast-global-color-5)","background-image":"","background-repeat":"repeat","background-position":"center center","background-size":"auto","background-attachment":"scroll","background-type":"","background-media":"","overlay-type":"","overlay-color":"","overlay-opacity":"","overlay-gradient":""},"mobile":{"background-color":"var(--ast-global-color-5)","background-image":"","background-repeat":"repeat","background-position":"center center","background-size":"auto","background-attachment":"scroll","background-type":"","background-media":"","overlay-type":"","overlay-color":"","overlay-opacity":"","overlay-gradient":""}},"_jetpack_memberships_contains_paid_content":false,"_joinchat":[],"footnotes":""},"categories":[15302,13130,5,2],"tags":[],"class_list":["post-113216","post","type-post","status-publish","format-standard","has-post-thumbnail","hentry","category-destacado","category-festival","category-sociedad","category-villa-maria"],"yoast_head":"<!-- This site is optimized with the Yoast SEO plugin v26.8 - https:\/\/yoast.com\/product\/yoast-seo-wordpress\/ -->\n<title>Se concret\u00f3 una reuni\u00f3n con referentes de Patios Gastron\u00f3micos que estar\u00e1n presentes durante las trece noches del Recorrido Pe\u00f1ero - El Regional<\/title>\n<meta name=\"robots\" content=\"index, follow, max-snippet:-1, max-image-preview:large, max-video-preview:-1\" \/>\n<link rel=\"canonical\" href=\"https:\/\/elregionalvm.com.ar\/noticias-villa-maria\/se-concreto-una-reunion-con-referentes-de-patios-gastronomicos-que-estaran-presentes-durante-las-trece-noches-del-recorrido-penero\/\" \/>\n<meta property=\"og:locale\" content=\"es_ES\" \/>\n<meta property=\"og:type\" content=\"article\" \/>\n<meta property=\"og:title\" content=\"Se concret\u00f3 una reuni\u00f3n con referentes de Patios Gastron\u00f3micos que estar\u00e1n presentes durante las trece noches del Recorrido Pe\u00f1ero - El Regional\" \/>\n<meta property=\"og:description\" content=\"Se llev\u00f3 adelante una reuni\u00f3n con referentes de Patios Gastron\u00f3micos que estar\u00e1n presentes durante las trece noches del Recorrido Pe\u00f1ero 2026 con ofertas gastron\u00f3micas y musicales. En este sentido, el encuentro se realiz\u00f3 en el Sal\u00f3n Blanco del Municipio y estuvo encabezado por el presidente del Concejo Deliberante a cargo de la coordinaci\u00f3n del poder [&hellip;]\" \/>\n<meta property=\"og:url\" content=\"https:\/\/elregionalvm.com.ar\/noticias-villa-maria\/se-concreto-una-reunion-con-referentes-de-patios-gastronomicos-que-estaran-presentes-durante-las-trece-noches-del-recorrido-penero\/\" \/>\n<meta property=\"og:site_name\" content=\"El Regional\" \/>\n<meta property=\"article:publisher\" content=\"https:\/\/www.facebook.com\/elregionalvm\" \/>\n<meta property=\"article:published_time\" content=\"2026-01-09T03:35:27+00:00\" \/>\n<meta property=\"article:modified_time\" content=\"2026-01-09T03:37:20+00:00\" \/>\n<meta property=\"og:image\" content=\"https:\/\/elregionalvm.com.ar\/noticias-villa-maria\/wp-content\/uploads\/2026\/01\/03279c30c4bd44d6baf08c32f1ed69d8.jpeg\" \/>\n\t<meta property=\"og:image:width\" content=\"800\" \/>\n\t<meta property=\"og:image:height\" content=\"600\" \/>\n\t<meta property=\"og:image:type\" content=\"image\/jpeg\" \/>\n<meta name=\"author\" content=\"Contenidos El Regional\" \/>\n<meta name=\"twitter:card\" content=\"summary_large_image\" \/>\n<meta name=\"twitter:creator\" content=\"@elregionalvm1\" \/>\n<meta name=\"twitter:site\" content=\"@elregionalvm1\" \/>\n<meta name=\"twitter:label1\" content=\"Escrito por\" \/>\n\t<meta name=\"twitter:data1\" content=\"Contenidos El Regional\" \/>\n\t<meta name=\"twitter:label2\" content=\"Tiempo de lectura\" \/>\n\t<meta name=\"twitter:data2\" content=\"3 minutos\" \/>\n<script type=\"application\/ld+json\" class=\"yoast-schema-graph\">{\"@context\":\"https:\/\/schema.org\",\"@graph\":[{\"@type\":\"Article\",\"@id\":\"https:\/\/elregionalvm.com.ar\/noticias-villa-maria\/se-concreto-una-reunion-con-referentes-de-patios-gastronomicos-que-estaran-presentes-durante-las-trece-noches-del-recorrido-penero\/#article\",\"isPartOf\":{\"@id\":\"https:\/\/elregionalvm.com.ar\/noticias-villa-maria\/se-concreto-una-reunion-con-referentes-de-patios-gastronomicos-que-estaran-presentes-durante-las-trece-noches-del-recorrido-penero\/\"},\"author\":{\"name\":\"Contenidos El Regional\",\"@id\":\"http:\/\/elregionalvm.com.ar\/noticias-villa-maria\/#\/schema\/person\/a0fb9c422317faca23d50163151bc354\"},\"headline\":\"Se concret\u00f3 una reuni\u00f3n con referentes de Patios Gastron\u00f3micos que estar\u00e1n presentes durante las trece noches del Recorrido Pe\u00f1ero\",\"datePublished\":\"2026-01-09T03:35:27+00:00\",\"dateModified\":\"2026-01-09T03:37:20+00:00\",\"mainEntityOfPage\":{\"@id\":\"https:\/\/elregionalvm.com.ar\/noticias-villa-maria\/se-concreto-una-reunion-con-referentes-de-patios-gastronomicos-que-estaran-presentes-durante-las-trece-noches-del-recorrido-penero\/\"},\"wordCount\":480,\"commentCount\":0,\"image\":{\"@id\":\"https:\/\/elregionalvm.com.ar\/noticias-villa-maria\/se-concreto-una-reunion-con-referentes-de-patios-gastronomicos-que-estaran-presentes-durante-las-trece-noches-del-recorrido-penero\/#primaryimage\"},\"thumbnailUrl\":\"https:\/\/i0.wp.com\/elregionalvm.com.ar\/noticias-villa-maria\/wp-content\/uploads\/2026\/01\/03279c30c4bd44d6baf08c32f1ed69d8.jpeg?fit=800%2C600&ssl=1\",\"articleSection\":[\"destacado\",\"Festival de Pe\u00f1as\",\"Sociedad\",\"Villa Mar\u00eda\"],\"inLanguage\":\"es\",\"potentialAction\":[{\"@type\":\"CommentAction\",\"name\":\"Comment\",\"target\":[\"https:\/\/elregionalvm.com.ar\/noticias-villa-maria\/se-concreto-una-reunion-con-referentes-de-patios-gastronomicos-que-estaran-presentes-durante-las-trece-noches-del-recorrido-penero\/#respond\"]}]},{\"@type\":\"WebPage\",\"@id\":\"https:\/\/elregionalvm.com.ar\/noticias-villa-maria\/se-concreto-una-reunion-con-referentes-de-patios-gastronomicos-que-estaran-presentes-durante-las-trece-noches-del-recorrido-penero\/\",\"url\":\"https:\/\/elregionalvm.com.ar\/noticias-villa-maria\/se-concreto-una-reunion-con-referentes-de-patios-gastronomicos-que-estaran-presentes-durante-las-trece-noches-del-recorrido-penero\/\",\"name\":\"Se concret\u00f3 una reuni\u00f3n con referentes de Patios Gastron\u00f3micos que estar\u00e1n presentes durante las trece noches del Recorrido Pe\u00f1ero - El Regional\",\"isPartOf\":{\"@id\":\"http:\/\/elregionalvm.com.ar\/noticias-villa-maria\/#website\"},\"primaryImageOfPage\":{\"@id\":\"https:\/\/elregionalvm.com.ar\/noticias-villa-maria\/se-concreto-una-reunion-con-referentes-de-patios-gastronomicos-que-estaran-presentes-durante-las-trece-noches-del-recorrido-penero\/#primaryimage\"},\"image\":{\"@id\":\"https:\/\/elregionalvm.com.ar\/noticias-villa-maria\/se-concreto-una-reunion-con-referentes-de-patios-gastronomicos-que-estaran-presentes-durante-las-trece-noches-del-recorrido-penero\/#primaryimage\"},\"thumbnailUrl\":\"https:\/\/i0.wp.com\/elregionalvm.com.ar\/noticias-villa-maria\/wp-content\/uploads\/2026\/01\/03279c30c4bd44d6baf08c32f1ed69d8.jpeg?fit=800%2C600&ssl=1\",\"datePublished\":\"2026-01-09T03:35:27+00:00\",\"dateModified\":\"2026-01-09T03:37:20+00:00\",\"author\":{\"@id\":\"http:\/\/elregionalvm.com.ar\/noticias-villa-maria\/#\/schema\/person\/a0fb9c422317faca23d50163151bc354\"},\"breadcrumb\":{\"@id\":\"https:\/\/elregionalvm.com.ar\/noticias-villa-maria\/se-concreto-una-reunion-con-referentes-de-patios-gastronomicos-que-estaran-presentes-durante-las-trece-noches-del-recorrido-penero\/#breadcrumb\"},\"inLanguage\":\"es\",\"potentialAction\":[{\"@type\":\"ReadAction\",\"target\":[\"https:\/\/elregionalvm.com.ar\/noticias-villa-maria\/se-concreto-una-reunion-con-referentes-de-patios-gastronomicos-que-estaran-presentes-durante-las-trece-noches-del-recorrido-penero\/\"]}]},{\"@type\":\"ImageObject\",\"inLanguage\":\"es\",\"@id\":\"https:\/\/elregionalvm.com.ar\/noticias-villa-maria\/se-concreto-una-reunion-con-referentes-de-patios-gastronomicos-que-estaran-presentes-durante-las-trece-noches-del-recorrido-penero\/#primaryimage\",\"url\":\"https:\/\/i0.wp.com\/elregionalvm.com.ar\/noticias-villa-maria\/wp-content\/uploads\/2026\/01\/03279c30c4bd44d6baf08c32f1ed69d8.jpeg?fit=800%2C600&ssl=1\",\"contentUrl\":\"https:\/\/i0.wp.com\/elregionalvm.com.ar\/noticias-villa-maria\/wp-content\/uploads\/2026\/01\/03279c30c4bd44d6baf08c32f1ed69d8.jpeg?fit=800%2C600&ssl=1\",\"width\":800,\"height\":600},{\"@type\":\"BreadcrumbList\",\"@id\":\"https:\/\/elregionalvm.com.ar\/noticias-villa-maria\/se-concreto-una-reunion-con-referentes-de-patios-gastronomicos-que-estaran-presentes-durante-las-trece-noches-del-recorrido-penero\/#breadcrumb\",\"itemListElement\":[{\"@type\":\"ListItem\",\"position\":1,\"name\":\"Portada\",\"item\":\"https:\/\/elregionalvm.com.ar\/noticias-villa-maria\/\"},{\"@type\":\"ListItem\",\"position\":2,\"name\":\"Se concret\u00f3 una reuni\u00f3n con referentes de Patios Gastron\u00f3micos que estar\u00e1n presentes durante las trece noches del Recorrido Pe\u00f1ero\"}]},{\"@type\":\"WebSite\",\"@id\":\"http:\/\/elregionalvm.com.ar\/noticias-villa-maria\/#website\",\"url\":\"http:\/\/elregionalvm.com.ar\/noticias-villa-maria\/\",\"name\":\"El Regional\",\"description\":\"Mucho m\u00e1s que informaci\u00f3n\",\"potentialAction\":[{\"@type\":\"SearchAction\",\"target\":{\"@type\":\"EntryPoint\",\"urlTemplate\":\"http:\/\/elregionalvm.com.ar\/noticias-villa-maria\/?s={search_term_string}\"},\"query-input\":{\"@type\":\"PropertyValueSpecification\",\"valueRequired\":true,\"valueName\":\"search_term_string\"}}],\"inLanguage\":\"es\"},{\"@type\":\"Person\",\"@id\":\"http:\/\/elregionalvm.com.ar\/noticias-villa-maria\/#\/schema\/person\/a0fb9c422317faca23d50163151bc354\",\"name\":\"Contenidos El Regional\",\"image\":{\"@type\":\"ImageObject\",\"inLanguage\":\"es\",\"@id\":\"http:\/\/elregionalvm.com.ar\/noticias-villa-maria\/#\/schema\/person\/image\/\",\"url\":\"https:\/\/secure.gravatar.com\/avatar\/265b27cb2209af7bb3a1318f03305787d7981a5cc6e6cd08fe5a4ecdf99d4b48?s=96&d=mm&r=g\",\"contentUrl\":\"https:\/\/secure.gravatar.com\/avatar\/265b27cb2209af7bb3a1318f03305787d7981a5cc6e6cd08fe5a4ecdf99d4b48?s=96&d=mm&r=g\",\"caption\":\"Contenidos El Regional\"},\"url\":\"https:\/\/elregionalvm.com.ar\/noticias-villa-maria\/author\/contenido\/\"}]}<\/script>\n<!-- \/ Yoast SEO plugin. -->","yoast_head_json":{"title":"Se concret\u00f3 una reuni\u00f3n con referentes de Patios Gastron\u00f3micos que estar\u00e1n presentes durante las trece noches del Recorrido Pe\u00f1ero - El Regional","robots":{"index":"index","follow":"follow","max-snippet":"max-snippet:-1","max-image-preview":"max-image-preview:large","max-video-preview":"max-video-preview:-1"},"canonical":"https:\/\/elregionalvm.com.ar\/noticias-villa-maria\/se-concreto-una-reunion-con-referentes-de-patios-gastronomicos-que-estaran-presentes-durante-las-trece-noches-del-recorrido-penero\/","og_locale":"es_ES","og_type":"article","og_title":"Se concret\u00f3 una reuni\u00f3n con referentes de Patios Gastron\u00f3micos que estar\u00e1n presentes durante las trece noches del Recorrido Pe\u00f1ero - El Regional","og_description":"Se llev\u00f3 adelante una reuni\u00f3n con referentes de Patios Gastron\u00f3micos que estar\u00e1n presentes durante las trece noches del Recorrido Pe\u00f1ero 2026 con ofertas gastron\u00f3micas y musicales. En este sentido, el encuentro se realiz\u00f3 en el Sal\u00f3n Blanco del Municipio y estuvo encabezado por el presidente del Concejo Deliberante a cargo de la coordinaci\u00f3n del poder [&hellip;]","og_url":"https:\/\/elregionalvm.com.ar\/noticias-villa-maria\/se-concreto-una-reunion-con-referentes-de-patios-gastronomicos-que-estaran-presentes-durante-las-trece-noches-del-recorrido-penero\/","og_site_name":"El Regional","article_publisher":"https:\/\/www.facebook.com\/elregionalvm","article_published_time":"2026-01-09T03:35:27+00:00","article_modified_time":"2026-01-09T03:37:20+00:00","og_image":[{"width":800,"height":600,"url":"https:\/\/elregionalvm.com.ar\/noticias-villa-maria\/wp-content\/uploads\/2026\/01\/03279c30c4bd44d6baf08c32f1ed69d8.jpeg","type":"image\/jpeg"}],"author":"Contenidos El Regional","twitter_card":"summary_large_image","twitter_creator":"@elregionalvm1","twitter_site":"@elregionalvm1","twitter_misc":{"Escrito por":"Contenidos El Regional","Tiempo de lectura":"3 minutos"},"schema":{"@context":"https:\/\/schema.org","@graph":[{"@type":"Article","@id":"https:\/\/elregionalvm.com.ar\/noticias-villa-maria\/se-concreto-una-reunion-con-referentes-de-patios-gastronomicos-que-estaran-presentes-durante-las-trece-noches-del-recorrido-penero\/#article","isPartOf":{"@id":"https:\/\/elregionalvm.com.ar\/noticias-villa-maria\/se-concreto-una-reunion-con-referentes-de-patios-gastronomicos-que-estaran-presentes-durante-las-trece-noches-del-recorrido-penero\/"},"author":{"name":"Contenidos El Regional","@id":"http:\/\/elregionalvm.com.ar\/noticias-villa-maria\/#\/schema\/person\/a0fb9c422317faca23d50163151bc354"},"headline":"Se concret\u00f3 una reuni\u00f3n con referentes de Patios Gastron\u00f3micos que estar\u00e1n presentes durante las trece noches del Recorrido Pe\u00f1ero","datePublished":"2026-01-09T03:35:27+00:00","dateModified":"2026-01-09T03:37:20+00:00","mainEntityOfPage":{"@id":"https:\/\/elregionalvm.com.ar\/noticias-villa-maria\/se-concreto-una-reunion-con-referentes-de-patios-gastronomicos-que-estaran-presentes-durante-las-trece-noches-del-recorrido-penero\/"},"wordCount":480,"commentCount":0,"image":{"@id":"https:\/\/elregionalvm.com.ar\/noticias-villa-maria\/se-concreto-una-reunion-con-referentes-de-patios-gastronomicos-que-estaran-presentes-durante-las-trece-noches-del-recorrido-penero\/#primaryimage"},"thumbnailUrl":"https:\/\/i0.wp.com\/elregionalvm.com.ar\/noticias-villa-maria\/wp-content\/uploads\/2026\/01\/03279c30c4bd44d6baf08c32f1ed69d8.jpeg?fit=800%2C600&ssl=1","articleSection":["destacado","Festival de Pe\u00f1as","Sociedad","Villa Mar\u00eda"],"inLanguage":"es","potentialAction":[{"@type":"CommentAction","name":"Comment","target":["https:\/\/elregionalvm.com.ar\/noticias-villa-maria\/se-concreto-una-reunion-con-referentes-de-patios-gastronomicos-que-estaran-presentes-durante-las-trece-noches-del-recorrido-penero\/#respond"]}]},{"@type":"WebPage","@id":"https:\/\/elregionalvm.com.ar\/noticias-villa-maria\/se-concreto-una-reunion-con-referentes-de-patios-gastronomicos-que-estaran-presentes-durante-las-trece-noches-del-recorrido-penero\/","url":"https:\/\/elregionalvm.com.ar\/noticias-villa-maria\/se-concreto-una-reunion-con-referentes-de-patios-gastronomicos-que-estaran-presentes-durante-las-trece-noches-del-recorrido-penero\/","name":"Se concret\u00f3 una reuni\u00f3n con referentes de Patios Gastron\u00f3micos que estar\u00e1n presentes durante las trece noches del Recorrido Pe\u00f1ero - El Regional","isPartOf":{"@id":"http:\/\/elregionalvm.com.ar\/noticias-villa-maria\/#website"},"primaryImageOfPage":{"@id":"https:\/\/elregionalvm.com.ar\/noticias-villa-maria\/se-concreto-una-reunion-con-referentes-de-patios-gastronomicos-que-estaran-presentes-durante-las-trece-noches-del-recorrido-penero\/#primaryimage"},"image":{"@id":"https:\/\/elregionalvm.com.ar\/noticias-villa-maria\/se-concreto-una-reunion-con-referentes-de-patios-gastronomicos-que-estaran-presentes-durante-las-trece-noches-del-recorrido-penero\/#primaryimage"},"thumbnailUrl":"https:\/\/i0.wp.com\/elregionalvm.com.ar\/noticias-villa-maria\/wp-content\/uploads\/2026\/01\/03279c30c4bd44d6baf08c32f1ed69d8.jpeg?fit=800%2C600&ssl=1","datePublished":"2026-01-09T03:35:27+00:00","dateModified":"2026-01-09T03:37:20+00:00","author":{"@id":"http:\/\/elregionalvm.com.ar\/noticias-villa-maria\/#\/schema\/person\/a0fb9c422317faca23d50163151bc354"},"breadcrumb":{"@id":"https:\/\/elregionalvm.com.ar\/noticias-villa-maria\/se-concreto-una-reunion-con-referentes-de-patios-gastronomicos-que-estaran-presentes-durante-las-trece-noches-del-recorrido-penero\/#breadcrumb"},"inLanguage":"es","potentialAction":[{"@type":"ReadAction","target":["https:\/\/elregionalvm.com.ar\/noticias-villa-maria\/se-concreto-una-reunion-con-referentes-de-patios-gastronomicos-que-estaran-presentes-durante-las-trece-noches-del-recorrido-penero\/"]}]},{"@type":"ImageObject","inLanguage":"es","@id":"https:\/\/elregionalvm.com.ar\/noticias-villa-maria\/se-concreto-una-reunion-con-referentes-de-patios-gastronomicos-que-estaran-presentes-durante-las-trece-noches-del-recorrido-penero\/#primaryimage","url":"https:\/\/i0.wp.com\/elregionalvm.com.ar\/noticias-villa-maria\/wp-content\/uploads\/2026\/01\/03279c30c4bd44d6baf08c32f1ed69d8.jpeg?fit=800%2C600&ssl=1","contentUrl":"https:\/\/i0.wp.com\/elregionalvm.com.ar\/noticias-villa-maria\/wp-content\/uploads\/2026\/01\/03279c30c4bd44d6baf08c32f1ed69d8.jpeg?fit=800%2C600&ssl=1","width":800,"height":600},{"@type":"BreadcrumbList","@id":"https:\/\/elregionalvm.com.ar\/noticias-villa-maria\/se-concreto-una-reunion-con-referentes-de-patios-gastronomicos-que-estaran-presentes-durante-las-trece-noches-del-recorrido-penero\/#breadcrumb","itemListElement":[{"@type":"ListItem","position":1,"name":"Portada","item":"https:\/\/elregionalvm.com.ar\/noticias-villa-maria\/"},{"@type":"ListItem","position":2,"name":"Se concret\u00f3 una reuni\u00f3n con referentes de Patios Gastron\u00f3micos que estar\u00e1n presentes durante las trece noches del Recorrido Pe\u00f1ero"}]},{"@type":"WebSite","@id":"http:\/\/elregionalvm.com.ar\/noticias-villa-maria\/#website","url":"http:\/\/elregionalvm.com.ar\/noticias-villa-maria\/","name":"El Regional","description":"Mucho m\u00e1s que informaci\u00f3n","potentialAction":[{"@type":"SearchAction","target":{"@type":"EntryPoint","urlTemplate":"http:\/\/elregionalvm.com.ar\/noticias-villa-maria\/?s={search_term_string}"},"query-input":{"@type":"PropertyValueSpecification","valueRequired":true,"valueName":"search_term_string"}}],"inLanguage":"es"},{"@type":"Person","@id":"http:\/\/elregionalvm.com.ar\/noticias-villa-maria\/#\/schema\/person\/a0fb9c422317faca23d50163151bc354","name":"Contenidos El Regional","image":{"@type":"ImageObject","inLanguage":"es","@id":"http:\/\/elregionalvm.com.ar\/noticias-villa-maria\/#\/schema\/person\/image\/","url":"https:\/\/secure.gravatar.com\/avatar\/265b27cb2209af7bb3a1318f03305787d7981a5cc6e6cd08fe5a4ecdf99d4b48?s=96&d=mm&r=g","contentUrl":"https:\/\/secure.gravatar.com\/avatar\/265b27cb2209af7bb3a1318f03305787d7981a5cc6e6cd08fe5a4ecdf99d4b48?s=96&d=mm&r=g","caption":"Contenidos El Regional"},"url":"https:\/\/elregionalvm.com.ar\/noticias-villa-maria\/author\/contenido\/"}]}},"jetpack_featured_media_url":"https:\/\/i0.wp.com\/elregionalvm.com.ar\/noticias-villa-maria\/wp-content\/uploads\/2026\/01\/03279c30c4bd44d6baf08c32f1ed69d8.jpeg?fit=800%2C600&ssl=1","jetpack_sharing_enabled":true,"_links":{"self":[{"href":"https:\/\/elregionalvm.com.ar\/noticias-villa-maria\/wp-json\/wp\/v2\/posts\/113216","targetHints":{"allow":["GET"]}}],"collection":[{"href":"https:\/\/elregionalvm.com.ar\/noticias-villa-maria\/wp-json\/wp\/v2\/posts"}],"about":[{"href":"https:\/\/elregionalvm.com.ar\/noticias-villa-maria\/wp-json\/wp\/v2\/types\/post"}],"author":[{"embeddable":true,"href":"https:\/\/elregionalvm.com.ar\/noticias-villa-maria\/wp-json\/wp\/v2\/users\/4"}],"replies":[{"embeddable":true,"href":"https:\/\/elregionalvm.com.ar\/noticias-villa-maria\/wp-json\/wp\/v2\/comments?post=113216"}],"version-history":[{"count":2,"href":"https:\/\/elregionalvm.com.ar\/noticias-villa-maria\/wp-json\/wp\/v2\/posts\/113216\/revisions"}],"predecessor-version":[{"id":113219,"href":"https:\/\/elregionalvm.com.ar\/noticias-villa-maria\/wp-json\/wp\/v2\/posts\/113216\/revisions\/113219"}],"wp:featuredmedia":[{"embeddable":true,"href":"https:\/\/elregionalvm.com.ar\/noticias-villa-maria\/wp-json\/wp\/v2\/media\/113217"}],"wp:attachment":[{"href":"https:\/\/elregionalvm.com.ar\/noticias-villa-maria\/wp-json\/wp\/v2\/media?parent=113216"}],"wp:term":[{"taxonomy":"category","embeddable":true,"href":"https:\/\/elregionalvm.com.ar\/noticias-villa-maria\/wp-json\/wp\/v2\/categories?post=113216"},{"taxonomy":"post_tag","embeddable":true,"href":"https:\/\/elregionalvm.com.ar\/noticias-villa-maria\/wp-json\/wp\/v2\/tags?post=113216"}],"curies":[{"name":"wp","href":"https:\/\/api.w.org\/{rel}","templated":true}]}}