{"id":113319,"date":"2026-01-14T03:50:24","date_gmt":"2026-01-14T03:50:24","guid":{"rendered":"https:\/\/elregionalvm.com.ar\/noticias-villa-maria\/?p=113319"},"modified":"2026-01-14T16:03:12","modified_gmt":"2026-01-14T16:03:12","slug":"acordaron-medidas-para-jovenes-deportistas-puedan-continuar-sus-estudios-sin-abandonar-la-escuela-en-cordoba","status":"publish","type":"post","link":"https:\/\/elregionalvm.com.ar\/noticias-villa-maria\/acordaron-medidas-para-jovenes-deportistas-puedan-continuar-sus-estudios-sin-abandonar-la-escuela-en-cordoba\/","title":{"rendered":"Acordaron medidas para j\u00f3venes deportistas para que puedan continuar sus estudios"},"content":{"rendered":"\n<h2 class=\"wp-block-heading\">El Ministerio de Educaci\u00f3n de la Provincia de C\u00f3rdoba, en articulaci\u00f3n con la Agencia C\u00f3rdoba Deportes, puso en marcha una iniciativa destinada a acompa\u00f1ar las trayectorias escolares de estudiantes que practican deportes federados o de alto rendimiento. El objetivo es garantizar el derecho a una educaci\u00f3n de calidad sin que deban resignar su desarrollo deportivo.<\/h2>\n\n\n\n<p><\/p>\n\n\n\n<p>La medida establece que las y los estudiantes que acrediten su condici\u00f3n de deportistas federados o de alto rendimiento podr\u00e1n continuar cursando el nivel secundario con un acompa\u00f1amiento especial por parte de las instituciones educativas, manteniendo su condici\u00f3n de alumnos regulares. Las inasistencias ocasionadas por entrenamientos, concentraciones o competencias oficiales ser\u00e1n consideradas justificadas, siempre que cuenten con la certificaci\u00f3n correspondiente.<\/p>\n\n\n\n<p>Adem\u00e1s, las escuelas podr\u00e1n implementar horarios adaptados, propuestas de ense\u00f1anza apoyadas en tecnolog\u00edas y modalidades de evaluaci\u00f3n acordes a la situaci\u00f3n de cada estudiante, de modo que puedan sostener sus aprendizajes y avanzar en su trayectoria escolar.<\/p>\n\n\n\n<p>En los casos en que sea necesario, tambi\u00e9n se prev\u00e9 la posibilidad de continuar los estudios en otras ofertas del sistema educativo provincial, siempre con acuerdo entre la escuela, la familia y la entidad deportiva.<\/p>\n\n\n\n<p>El ministro de Educaci\u00f3n de la Provincia, Horacio Ferreyra, destac\u00f3 que \u201c<em>esta decisi\u00f3n expresa una convicci\u00f3n profunda del Gobierno de C\u00f3rdoba: ning\u00fan joven debe elegir entre estudiar y desarrollarse en el deporte. Acompa\u00f1ar las trayectorias educativas de nuestros estudiantes deportistas es cuidar derechos, reconocer esfuerzos y garantizar que la escuela est\u00e9 presente en todas las realidades<\/em>\u201d.<\/p>\n\n\n\n<p>Por su parte, el presidente de la Agencia C\u00f3rdoba Deportes, Agust\u00edn Calleri, se\u00f1al\u00f3: \u201c<em>Desde el deporte sabemos lo que implica entrenar, competir y representar a la provincia. Este trabajo conjunto con el Ministerio de Educaci\u00f3n permite que nuestros j\u00f3venes puedan proyectar su futuro deportivo sin perder el v\u00ednculo con la escuela, algo fundamental para su desarrollo integral<\/em>\u201d.<\/p>\n\n\n\n<p>La propuesta incluye tambi\u00e9n la creaci\u00f3n de un registro provincial de estudiantes deportistas y un trabajo coordinado con clubes, federaciones y familias, para asegurar un seguimiento permanente de cada caso. De esta manera, el Estado provincial refuerza su compromiso con una educaci\u00f3n inclusiva, que acompa\u00f1a los distintos proyectos de vida de las y los j\u00f3venes cordobeses.<\/p>\n","protected":false},"excerpt":{"rendered":"<p>El Ministerio de Educaci\u00f3n de la Provincia de C\u00f3rdoba, en articulaci\u00f3n con la Agencia C\u00f3rdoba Deportes, puso en marcha una iniciativa destinada a acompa\u00f1ar las trayectorias escolares de estudiantes que practican deportes federados o de alto rendimiento. El objetivo es garantizar el derecho a una educaci\u00f3n de calidad sin que deban resignar su desarrollo deportivo. [&hellip;]<\/p>\n","protected":false},"author":4,"featured_media":113320,"comment_status":"open","ping_status":"open","sticky":false,"template":"","format":"standard","meta":{"site-sidebar-layout":"default","site-content-layout":"","ast-site-content-layout":"default","site-content-style":"default","site-sidebar-style":"default","ast-global-header-display":"","ast-banner-title-visibility":"","ast-main-header-display":"","ast-hfb-above-header-display":"","ast-hfb-below-header-display":"","ast-hfb-mobile-header-display":"","site-post-title":"","ast-breadcrumbs-content":"","ast-featured-img":"","footer-sml-layout":"","ast-disable-related-posts":"","theme-transparent-header-meta":"","adv-header-id-meta":"","stick-header-meta":"","header-above-stick-meta":"","header-main-stick-meta":"","header-below-stick-meta":"","astra-migrate-meta-layouts":"set","ast-page-background-enabled":"default","ast-page-background-meta":{"desktop":{"background-color":"","background-image":"","background-repeat":"repeat","background-position":"center center","background-size":"auto","background-attachment":"scroll","background-type":"","background-media":"","overlay-type":"","overlay-color":"","overlay-opacity":"","overlay-gradient":""},"tablet":{"background-color":"","background-image":"","background-repeat":"repeat","background-position":"center center","background-size":"auto","background-attachment":"scroll","background-type":"","background-media":"","overlay-type":"","overlay-color":"","overlay-opacity":"","overlay-gradient":""},"mobile":{"background-color":"","background-image":"","background-repeat":"repeat","background-position":"center center","background-size":"auto","background-attachment":"scroll","background-type":"","background-media":"","overlay-type":"","overlay-color":"","overlay-opacity":"","overlay-gradient":""}},"ast-content-background-meta":{"desktop":{"background-color":"var(--ast-global-color-5)","background-image":"","background-repeat":"repeat","background-position":"center center","background-size":"auto","background-attachment":"scroll","background-type":"","background-media":"","overlay-type":"","overlay-color":"","overlay-opacity":"","overlay-gradient":""},"tablet":{"background-color":"var(--ast-global-color-5)","background-image":"","background-repeat":"repeat","background-position":"center center","background-size":"auto","background-attachment":"scroll","background-type":"","background-media":"","overlay-type":"","overlay-color":"","overlay-opacity":"","overlay-gradient":""},"mobile":{"background-color":"var(--ast-global-color-5)","background-image":"","background-repeat":"repeat","background-position":"center center","background-size":"auto","background-attachment":"scroll","background-type":"","background-media":"","overlay-type":"","overlay-color":"","overlay-opacity":"","overlay-gradient":""}},"_jetpack_memberships_contains_paid_content":false,"_joinchat":[],"footnotes":""},"categories":[15302,16095,5],"tags":[],"class_list":["post-113319","post","type-post","status-publish","format-standard","has-post-thumbnail","hentry","category-destacado","category-provinciales","category-sociedad"],"yoast_head":"<!-- This site is optimized with the Yoast SEO plugin v26.8 - https:\/\/yoast.com\/product\/yoast-seo-wordpress\/ -->\n<title>Acordaron medidas para j\u00f3venes deportistas para que puedan continuar sus estudios - El Regional<\/title>\n<meta name=\"robots\" content=\"index, follow, max-snippet:-1, max-image-preview:large, max-video-preview:-1\" \/>\n<link rel=\"canonical\" href=\"https:\/\/elregionalvm.com.ar\/noticias-villa-maria\/acordaron-medidas-para-jovenes-deportistas-puedan-continuar-sus-estudios-sin-abandonar-la-escuela-en-cordoba\/\" \/>\n<meta property=\"og:locale\" content=\"es_ES\" \/>\n<meta property=\"og:type\" content=\"article\" \/>\n<meta property=\"og:title\" content=\"Acordaron medidas para j\u00f3venes deportistas para que puedan continuar sus estudios - El Regional\" \/>\n<meta property=\"og:description\" content=\"El Ministerio de Educaci\u00f3n de la Provincia de C\u00f3rdoba, en articulaci\u00f3n con la Agencia C\u00f3rdoba Deportes, puso en marcha una iniciativa destinada a acompa\u00f1ar las trayectorias escolares de estudiantes que practican deportes federados o de alto rendimiento. El objetivo es garantizar el derecho a una educaci\u00f3n de calidad sin que deban resignar su desarrollo deportivo. [&hellip;]\" \/>\n<meta property=\"og:url\" content=\"https:\/\/elregionalvm.com.ar\/noticias-villa-maria\/acordaron-medidas-para-jovenes-deportistas-puedan-continuar-sus-estudios-sin-abandonar-la-escuela-en-cordoba\/\" \/>\n<meta property=\"og:site_name\" content=\"El Regional\" \/>\n<meta property=\"article:publisher\" content=\"https:\/\/www.facebook.com\/elregionalvm\" \/>\n<meta property=\"article:published_time\" content=\"2026-01-14T03:50:24+00:00\" \/>\n<meta property=\"article:modified_time\" content=\"2026-01-14T16:03:12+00:00\" \/>\n<meta property=\"og:image\" content=\"https:\/\/elregionalvm.com.ar\/noticias-villa-maria\/wp-content\/uploads\/2026\/01\/deporte-federado-3-1024x682-1.jpeg\" \/>\n\t<meta property=\"og:image:width\" content=\"1024\" \/>\n\t<meta property=\"og:image:height\" content=\"682\" \/>\n\t<meta property=\"og:image:type\" content=\"image\/jpeg\" \/>\n<meta name=\"author\" content=\"Contenidos El Regional\" \/>\n<meta name=\"twitter:card\" content=\"summary_large_image\" \/>\n<meta name=\"twitter:creator\" content=\"@elregionalvm1\" \/>\n<meta name=\"twitter:site\" content=\"@elregionalvm1\" \/>\n<meta name=\"twitter:label1\" content=\"Escrito por\" \/>\n\t<meta name=\"twitter:data1\" content=\"Contenidos El Regional\" \/>\n\t<meta name=\"twitter:label2\" content=\"Tiempo de lectura\" \/>\n\t<meta name=\"twitter:data2\" content=\"2 minutos\" \/>\n<script type=\"application\/ld+json\" class=\"yoast-schema-graph\">{\"@context\":\"https:\/\/schema.org\",\"@graph\":[{\"@type\":\"Article\",\"@id\":\"https:\/\/elregionalvm.com.ar\/noticias-villa-maria\/acordaron-medidas-para-jovenes-deportistas-puedan-continuar-sus-estudios-sin-abandonar-la-escuela-en-cordoba\/#article\",\"isPartOf\":{\"@id\":\"https:\/\/elregionalvm.com.ar\/noticias-villa-maria\/acordaron-medidas-para-jovenes-deportistas-puedan-continuar-sus-estudios-sin-abandonar-la-escuela-en-cordoba\/\"},\"author\":{\"name\":\"Contenidos El Regional\",\"@id\":\"http:\/\/elregionalvm.com.ar\/noticias-villa-maria\/#\/schema\/person\/a0fb9c422317faca23d50163151bc354\"},\"headline\":\"Acordaron medidas para j\u00f3venes deportistas para que puedan continuar sus estudios\",\"datePublished\":\"2026-01-14T03:50:24+00:00\",\"dateModified\":\"2026-01-14T16:03:12+00:00\",\"mainEntityOfPage\":{\"@id\":\"https:\/\/elregionalvm.com.ar\/noticias-villa-maria\/acordaron-medidas-para-jovenes-deportistas-puedan-continuar-sus-estudios-sin-abandonar-la-escuela-en-cordoba\/\"},\"wordCount\":404,\"commentCount\":0,\"image\":{\"@id\":\"https:\/\/elregionalvm.com.ar\/noticias-villa-maria\/acordaron-medidas-para-jovenes-deportistas-puedan-continuar-sus-estudios-sin-abandonar-la-escuela-en-cordoba\/#primaryimage\"},\"thumbnailUrl\":\"https:\/\/i0.wp.com\/elregionalvm.com.ar\/noticias-villa-maria\/wp-content\/uploads\/2026\/01\/deporte-federado-3-1024x682-1.jpeg?fit=1024%2C682&ssl=1\",\"articleSection\":[\"destacado\",\"Provinciales\",\"Sociedad\"],\"inLanguage\":\"es\",\"potentialAction\":[{\"@type\":\"CommentAction\",\"name\":\"Comment\",\"target\":[\"https:\/\/elregionalvm.com.ar\/noticias-villa-maria\/acordaron-medidas-para-jovenes-deportistas-puedan-continuar-sus-estudios-sin-abandonar-la-escuela-en-cordoba\/#respond\"]}]},{\"@type\":\"WebPage\",\"@id\":\"https:\/\/elregionalvm.com.ar\/noticias-villa-maria\/acordaron-medidas-para-jovenes-deportistas-puedan-continuar-sus-estudios-sin-abandonar-la-escuela-en-cordoba\/\",\"url\":\"https:\/\/elregionalvm.com.ar\/noticias-villa-maria\/acordaron-medidas-para-jovenes-deportistas-puedan-continuar-sus-estudios-sin-abandonar-la-escuela-en-cordoba\/\",\"name\":\"Acordaron medidas para j\u00f3venes deportistas para que puedan continuar sus estudios - El Regional\",\"isPartOf\":{\"@id\":\"http:\/\/elregionalvm.com.ar\/noticias-villa-maria\/#website\"},\"primaryImageOfPage\":{\"@id\":\"https:\/\/elregionalvm.com.ar\/noticias-villa-maria\/acordaron-medidas-para-jovenes-deportistas-puedan-continuar-sus-estudios-sin-abandonar-la-escuela-en-cordoba\/#primaryimage\"},\"image\":{\"@id\":\"https:\/\/elregionalvm.com.ar\/noticias-villa-maria\/acordaron-medidas-para-jovenes-deportistas-puedan-continuar-sus-estudios-sin-abandonar-la-escuela-en-cordoba\/#primaryimage\"},\"thumbnailUrl\":\"https:\/\/i0.wp.com\/elregionalvm.com.ar\/noticias-villa-maria\/wp-content\/uploads\/2026\/01\/deporte-federado-3-1024x682-1.jpeg?fit=1024%2C682&ssl=1\",\"datePublished\":\"2026-01-14T03:50:24+00:00\",\"dateModified\":\"2026-01-14T16:03:12+00:00\",\"author\":{\"@id\":\"http:\/\/elregionalvm.com.ar\/noticias-villa-maria\/#\/schema\/person\/a0fb9c422317faca23d50163151bc354\"},\"breadcrumb\":{\"@id\":\"https:\/\/elregionalvm.com.ar\/noticias-villa-maria\/acordaron-medidas-para-jovenes-deportistas-puedan-continuar-sus-estudios-sin-abandonar-la-escuela-en-cordoba\/#breadcrumb\"},\"inLanguage\":\"es\",\"potentialAction\":[{\"@type\":\"ReadAction\",\"target\":[\"https:\/\/elregionalvm.com.ar\/noticias-villa-maria\/acordaron-medidas-para-jovenes-deportistas-puedan-continuar-sus-estudios-sin-abandonar-la-escuela-en-cordoba\/\"]}]},{\"@type\":\"ImageObject\",\"inLanguage\":\"es\",\"@id\":\"https:\/\/elregionalvm.com.ar\/noticias-villa-maria\/acordaron-medidas-para-jovenes-deportistas-puedan-continuar-sus-estudios-sin-abandonar-la-escuela-en-cordoba\/#primaryimage\",\"url\":\"https:\/\/i0.wp.com\/elregionalvm.com.ar\/noticias-villa-maria\/wp-content\/uploads\/2026\/01\/deporte-federado-3-1024x682-1.jpeg?fit=1024%2C682&ssl=1\",\"contentUrl\":\"https:\/\/i0.wp.com\/elregionalvm.com.ar\/noticias-villa-maria\/wp-content\/uploads\/2026\/01\/deporte-federado-3-1024x682-1.jpeg?fit=1024%2C682&ssl=1\",\"width\":1024,\"height\":682},{\"@type\":\"BreadcrumbList\",\"@id\":\"https:\/\/elregionalvm.com.ar\/noticias-villa-maria\/acordaron-medidas-para-jovenes-deportistas-puedan-continuar-sus-estudios-sin-abandonar-la-escuela-en-cordoba\/#breadcrumb\",\"itemListElement\":[{\"@type\":\"ListItem\",\"position\":1,\"name\":\"Portada\",\"item\":\"https:\/\/elregionalvm.com.ar\/noticias-villa-maria\/\"},{\"@type\":\"ListItem\",\"position\":2,\"name\":\"Acordaron medidas para j\u00f3venes deportistas para que puedan continuar sus estudios\"}]},{\"@type\":\"WebSite\",\"@id\":\"http:\/\/elregionalvm.com.ar\/noticias-villa-maria\/#website\",\"url\":\"http:\/\/elregionalvm.com.ar\/noticias-villa-maria\/\",\"name\":\"El Regional\",\"description\":\"Mucho m\u00e1s que informaci\u00f3n\",\"potentialAction\":[{\"@type\":\"SearchAction\",\"target\":{\"@type\":\"EntryPoint\",\"urlTemplate\":\"http:\/\/elregionalvm.com.ar\/noticias-villa-maria\/?s={search_term_string}\"},\"query-input\":{\"@type\":\"PropertyValueSpecification\",\"valueRequired\":true,\"valueName\":\"search_term_string\"}}],\"inLanguage\":\"es\"},{\"@type\":\"Person\",\"@id\":\"http:\/\/elregionalvm.com.ar\/noticias-villa-maria\/#\/schema\/person\/a0fb9c422317faca23d50163151bc354\",\"name\":\"Contenidos El Regional\",\"image\":{\"@type\":\"ImageObject\",\"inLanguage\":\"es\",\"@id\":\"http:\/\/elregionalvm.com.ar\/noticias-villa-maria\/#\/schema\/person\/image\/\",\"url\":\"https:\/\/secure.gravatar.com\/avatar\/265b27cb2209af7bb3a1318f03305787d7981a5cc6e6cd08fe5a4ecdf99d4b48?s=96&d=mm&r=g\",\"contentUrl\":\"https:\/\/secure.gravatar.com\/avatar\/265b27cb2209af7bb3a1318f03305787d7981a5cc6e6cd08fe5a4ecdf99d4b48?s=96&d=mm&r=g\",\"caption\":\"Contenidos El Regional\"},\"url\":\"https:\/\/elregionalvm.com.ar\/noticias-villa-maria\/author\/contenido\/\"}]}<\/script>\n<!-- \/ Yoast SEO plugin. -->","yoast_head_json":{"title":"Acordaron medidas para j\u00f3venes deportistas para que puedan continuar sus estudios - El Regional","robots":{"index":"index","follow":"follow","max-snippet":"max-snippet:-1","max-image-preview":"max-image-preview:large","max-video-preview":"max-video-preview:-1"},"canonical":"https:\/\/elregionalvm.com.ar\/noticias-villa-maria\/acordaron-medidas-para-jovenes-deportistas-puedan-continuar-sus-estudios-sin-abandonar-la-escuela-en-cordoba\/","og_locale":"es_ES","og_type":"article","og_title":"Acordaron medidas para j\u00f3venes deportistas para que puedan continuar sus estudios - El Regional","og_description":"El Ministerio de Educaci\u00f3n de la Provincia de C\u00f3rdoba, en articulaci\u00f3n con la Agencia C\u00f3rdoba Deportes, puso en marcha una iniciativa destinada a acompa\u00f1ar las trayectorias escolares de estudiantes que practican deportes federados o de alto rendimiento. El objetivo es garantizar el derecho a una educaci\u00f3n de calidad sin que deban resignar su desarrollo deportivo. [&hellip;]","og_url":"https:\/\/elregionalvm.com.ar\/noticias-villa-maria\/acordaron-medidas-para-jovenes-deportistas-puedan-continuar-sus-estudios-sin-abandonar-la-escuela-en-cordoba\/","og_site_name":"El Regional","article_publisher":"https:\/\/www.facebook.com\/elregionalvm","article_published_time":"2026-01-14T03:50:24+00:00","article_modified_time":"2026-01-14T16:03:12+00:00","og_image":[{"width":1024,"height":682,"url":"https:\/\/elregionalvm.com.ar\/noticias-villa-maria\/wp-content\/uploads\/2026\/01\/deporte-federado-3-1024x682-1.jpeg","type":"image\/jpeg"}],"author":"Contenidos El Regional","twitter_card":"summary_large_image","twitter_creator":"@elregionalvm1","twitter_site":"@elregionalvm1","twitter_misc":{"Escrito por":"Contenidos El Regional","Tiempo de lectura":"2 minutos"},"schema":{"@context":"https:\/\/schema.org","@graph":[{"@type":"Article","@id":"https:\/\/elregionalvm.com.ar\/noticias-villa-maria\/acordaron-medidas-para-jovenes-deportistas-puedan-continuar-sus-estudios-sin-abandonar-la-escuela-en-cordoba\/#article","isPartOf":{"@id":"https:\/\/elregionalvm.com.ar\/noticias-villa-maria\/acordaron-medidas-para-jovenes-deportistas-puedan-continuar-sus-estudios-sin-abandonar-la-escuela-en-cordoba\/"},"author":{"name":"Contenidos El Regional","@id":"http:\/\/elregionalvm.com.ar\/noticias-villa-maria\/#\/schema\/person\/a0fb9c422317faca23d50163151bc354"},"headline":"Acordaron medidas para j\u00f3venes deportistas para que puedan continuar sus estudios","datePublished":"2026-01-14T03:50:24+00:00","dateModified":"2026-01-14T16:03:12+00:00","mainEntityOfPage":{"@id":"https:\/\/elregionalvm.com.ar\/noticias-villa-maria\/acordaron-medidas-para-jovenes-deportistas-puedan-continuar-sus-estudios-sin-abandonar-la-escuela-en-cordoba\/"},"wordCount":404,"commentCount":0,"image":{"@id":"https:\/\/elregionalvm.com.ar\/noticias-villa-maria\/acordaron-medidas-para-jovenes-deportistas-puedan-continuar-sus-estudios-sin-abandonar-la-escuela-en-cordoba\/#primaryimage"},"thumbnailUrl":"https:\/\/i0.wp.com\/elregionalvm.com.ar\/noticias-villa-maria\/wp-content\/uploads\/2026\/01\/deporte-federado-3-1024x682-1.jpeg?fit=1024%2C682&ssl=1","articleSection":["destacado","Provinciales","Sociedad"],"inLanguage":"es","potentialAction":[{"@type":"CommentAction","name":"Comment","target":["https:\/\/elregionalvm.com.ar\/noticias-villa-maria\/acordaron-medidas-para-jovenes-deportistas-puedan-continuar-sus-estudios-sin-abandonar-la-escuela-en-cordoba\/#respond"]}]},{"@type":"WebPage","@id":"https:\/\/elregionalvm.com.ar\/noticias-villa-maria\/acordaron-medidas-para-jovenes-deportistas-puedan-continuar-sus-estudios-sin-abandonar-la-escuela-en-cordoba\/","url":"https:\/\/elregionalvm.com.ar\/noticias-villa-maria\/acordaron-medidas-para-jovenes-deportistas-puedan-continuar-sus-estudios-sin-abandonar-la-escuela-en-cordoba\/","name":"Acordaron medidas para j\u00f3venes deportistas para que puedan continuar sus estudios - El Regional","isPartOf":{"@id":"http:\/\/elregionalvm.com.ar\/noticias-villa-maria\/#website"},"primaryImageOfPage":{"@id":"https:\/\/elregionalvm.com.ar\/noticias-villa-maria\/acordaron-medidas-para-jovenes-deportistas-puedan-continuar-sus-estudios-sin-abandonar-la-escuela-en-cordoba\/#primaryimage"},"image":{"@id":"https:\/\/elregionalvm.com.ar\/noticias-villa-maria\/acordaron-medidas-para-jovenes-deportistas-puedan-continuar-sus-estudios-sin-abandonar-la-escuela-en-cordoba\/#primaryimage"},"thumbnailUrl":"https:\/\/i0.wp.com\/elregionalvm.com.ar\/noticias-villa-maria\/wp-content\/uploads\/2026\/01\/deporte-federado-3-1024x682-1.jpeg?fit=1024%2C682&ssl=1","datePublished":"2026-01-14T03:50:24+00:00","dateModified":"2026-01-14T16:03:12+00:00","author":{"@id":"http:\/\/elregionalvm.com.ar\/noticias-villa-maria\/#\/schema\/person\/a0fb9c422317faca23d50163151bc354"},"breadcrumb":{"@id":"https:\/\/elregionalvm.com.ar\/noticias-villa-maria\/acordaron-medidas-para-jovenes-deportistas-puedan-continuar-sus-estudios-sin-abandonar-la-escuela-en-cordoba\/#breadcrumb"},"inLanguage":"es","potentialAction":[{"@type":"ReadAction","target":["https:\/\/elregionalvm.com.ar\/noticias-villa-maria\/acordaron-medidas-para-jovenes-deportistas-puedan-continuar-sus-estudios-sin-abandonar-la-escuela-en-cordoba\/"]}]},{"@type":"ImageObject","inLanguage":"es","@id":"https:\/\/elregionalvm.com.ar\/noticias-villa-maria\/acordaron-medidas-para-jovenes-deportistas-puedan-continuar-sus-estudios-sin-abandonar-la-escuela-en-cordoba\/#primaryimage","url":"https:\/\/i0.wp.com\/elregionalvm.com.ar\/noticias-villa-maria\/wp-content\/uploads\/2026\/01\/deporte-federado-3-1024x682-1.jpeg?fit=1024%2C682&ssl=1","contentUrl":"https:\/\/i0.wp.com\/elregionalvm.com.ar\/noticias-villa-maria\/wp-content\/uploads\/2026\/01\/deporte-federado-3-1024x682-1.jpeg?fit=1024%2C682&ssl=1","width":1024,"height":682},{"@type":"BreadcrumbList","@id":"https:\/\/elregionalvm.com.ar\/noticias-villa-maria\/acordaron-medidas-para-jovenes-deportistas-puedan-continuar-sus-estudios-sin-abandonar-la-escuela-en-cordoba\/#breadcrumb","itemListElement":[{"@type":"ListItem","position":1,"name":"Portada","item":"https:\/\/elregionalvm.com.ar\/noticias-villa-maria\/"},{"@type":"ListItem","position":2,"name":"Acordaron medidas para j\u00f3venes deportistas para que puedan continuar sus estudios"}]},{"@type":"WebSite","@id":"http:\/\/elregionalvm.com.ar\/noticias-villa-maria\/#website","url":"http:\/\/elregionalvm.com.ar\/noticias-villa-maria\/","name":"El Regional","description":"Mucho m\u00e1s que informaci\u00f3n","potentialAction":[{"@type":"SearchAction","target":{"@type":"EntryPoint","urlTemplate":"http:\/\/elregionalvm.com.ar\/noticias-villa-maria\/?s={search_term_string}"},"query-input":{"@type":"PropertyValueSpecification","valueRequired":true,"valueName":"search_term_string"}}],"inLanguage":"es"},{"@type":"Person","@id":"http:\/\/elregionalvm.com.ar\/noticias-villa-maria\/#\/schema\/person\/a0fb9c422317faca23d50163151bc354","name":"Contenidos El Regional","image":{"@type":"ImageObject","inLanguage":"es","@id":"http:\/\/elregionalvm.com.ar\/noticias-villa-maria\/#\/schema\/person\/image\/","url":"https:\/\/secure.gravatar.com\/avatar\/265b27cb2209af7bb3a1318f03305787d7981a5cc6e6cd08fe5a4ecdf99d4b48?s=96&d=mm&r=g","contentUrl":"https:\/\/secure.gravatar.com\/avatar\/265b27cb2209af7bb3a1318f03305787d7981a5cc6e6cd08fe5a4ecdf99d4b48?s=96&d=mm&r=g","caption":"Contenidos El Regional"},"url":"https:\/\/elregionalvm.com.ar\/noticias-villa-maria\/author\/contenido\/"}]}},"jetpack_featured_media_url":"https:\/\/i0.wp.com\/elregionalvm.com.ar\/noticias-villa-maria\/wp-content\/uploads\/2026\/01\/deporte-federado-3-1024x682-1.jpeg?fit=1024%2C682&ssl=1","jetpack_sharing_enabled":true,"_links":{"self":[{"href":"https:\/\/elregionalvm.com.ar\/noticias-villa-maria\/wp-json\/wp\/v2\/posts\/113319","targetHints":{"allow":["GET"]}}],"collection":[{"href":"https:\/\/elregionalvm.com.ar\/noticias-villa-maria\/wp-json\/wp\/v2\/posts"}],"about":[{"href":"https:\/\/elregionalvm.com.ar\/noticias-villa-maria\/wp-json\/wp\/v2\/types\/post"}],"author":[{"embeddable":true,"href":"https:\/\/elregionalvm.com.ar\/noticias-villa-maria\/wp-json\/wp\/v2\/users\/4"}],"replies":[{"embeddable":true,"href":"https:\/\/elregionalvm.com.ar\/noticias-villa-maria\/wp-json\/wp\/v2\/comments?post=113319"}],"version-history":[{"count":2,"href":"https:\/\/elregionalvm.com.ar\/noticias-villa-maria\/wp-json\/wp\/v2\/posts\/113319\/revisions"}],"predecessor-version":[{"id":113328,"href":"https:\/\/elregionalvm.com.ar\/noticias-villa-maria\/wp-json\/wp\/v2\/posts\/113319\/revisions\/113328"}],"wp:featuredmedia":[{"embeddable":true,"href":"https:\/\/elregionalvm.com.ar\/noticias-villa-maria\/wp-json\/wp\/v2\/media\/113320"}],"wp:attachment":[{"href":"https:\/\/elregionalvm.com.ar\/noticias-villa-maria\/wp-json\/wp\/v2\/media?parent=113319"}],"wp:term":[{"taxonomy":"category","embeddable":true,"href":"https:\/\/elregionalvm.com.ar\/noticias-villa-maria\/wp-json\/wp\/v2\/categories?post=113319"},{"taxonomy":"post_tag","embeddable":true,"href":"https:\/\/elregionalvm.com.ar\/noticias-villa-maria\/wp-json\/wp\/v2\/tags?post=113319"}],"curies":[{"name":"wp","href":"https:\/\/api.w.org\/{rel}","templated":true}]}}