{"id":113413,"date":"2026-01-17T00:47:40","date_gmt":"2026-01-17T00:47:40","guid":{"rendered":"https:\/\/elregionalvm.com.ar\/noticias-villa-maria\/?p=113413"},"modified":"2026-01-17T00:47:43","modified_gmt":"2026-01-17T00:47:43","slug":"se-realizo-un-operativo-de-relevamiento-urbano-sobre-el-estado-y-situacion-general-de-los-terrenos-baldios-en-barrio-padre-mugica","status":"publish","type":"post","link":"https:\/\/elregionalvm.com.ar\/noticias-villa-maria\/se-realizo-un-operativo-de-relevamiento-urbano-sobre-el-estado-y-situacion-general-de-los-terrenos-baldios-en-barrio-padre-mugica\/","title":{"rendered":"Se realiz\u00f3 un operativo de relevamiento urbano sobre el estado y situaci\u00f3n general de los terrenos bald\u00edos en barrio Padre Mugica"},"content":{"rendered":"\n<p>se llev\u00f3 a cabo un operativo de relevamiento urbano sobre el estado y situaci\u00f3n general de los terrenos bald\u00edos en barrio Padre Mugica.<\/p>\n\n\n\n<p>En tal sentido, personal del servicio \u201cAsistencia Ciudadana 147\u201d constat\u00f3 que 27 terrenos no se encontraban en condiciones, tal como lo establece la ordenanza vigente, y procedieron a labrar las correspondientes actas de infracci\u00f3n.&nbsp;<\/p>\n\n\n\n<p>Al respecto, la Secretar\u00eda de Prevenci\u00f3n, Seguridad y Convivencia Urbana, Guadalupe V\u00e1zquez, dijo:&nbsp;<em>\u201cEsos lotes, si no se realiza la limpieza correspondiente, ser\u00e1n infraccionados y quedar\u00e1n sujetos a expropiaci\u00f3n por parte del Concejo Deliberante\u201d.<\/em><\/p>\n\n\n\n<p>Estas acciones forman parte de una pol\u00edtica integral de prevenci\u00f3n sanitaria y ordenamiento de la ciudad, orientada a reducir los focos de proliferaci\u00f3n del mosquito transmisor del dengue y a promover la responsabilidad de los propietarios en el cuidado de los espacios privados.<\/p>\n","protected":false},"excerpt":{"rendered":"<p>se llev\u00f3 a cabo un operativo de relevamiento urbano sobre el estado y situaci\u00f3n general de los terrenos bald\u00edos en barrio Padre Mugica. En tal sentido, personal del servicio \u201cAsistencia Ciudadana 147\u201d constat\u00f3 que 27 terrenos no se encontraban en condiciones, tal como lo establece la ordenanza vigente, y procedieron a labrar las correspondientes actas [&hellip;]<\/p>\n","protected":false},"author":4,"featured_media":113414,"comment_status":"open","ping_status":"open","sticky":false,"template":"","format":"standard","meta":{"site-sidebar-layout":"default","site-content-layout":"","ast-site-content-layout":"default","site-content-style":"default","site-sidebar-style":"default","ast-global-header-display":"","ast-banner-title-visibility":"","ast-main-header-display":"","ast-hfb-above-header-display":"","ast-hfb-below-header-display":"","ast-hfb-mobile-header-display":"","site-post-title":"","ast-breadcrumbs-content":"","ast-featured-img":"","footer-sml-layout":"","ast-disable-related-posts":"","theme-transparent-header-meta":"","adv-header-id-meta":"","stick-header-meta":"","header-above-stick-meta":"","header-main-stick-meta":"","header-below-stick-meta":"","astra-migrate-meta-layouts":"set","ast-page-background-enabled":"default","ast-page-background-meta":{"desktop":{"background-color":"","background-image":"","background-repeat":"repeat","background-position":"center center","background-size":"auto","background-attachment":"scroll","background-type":"","background-media":"","overlay-type":"","overlay-color":"","overlay-opacity":"","overlay-gradient":""},"tablet":{"background-color":"","background-image":"","background-repeat":"repeat","background-position":"center center","background-size":"auto","background-attachment":"scroll","background-type":"","background-media":"","overlay-type":"","overlay-color":"","overlay-opacity":"","overlay-gradient":""},"mobile":{"background-color":"","background-image":"","background-repeat":"repeat","background-position":"center center","background-size":"auto","background-attachment":"scroll","background-type":"","background-media":"","overlay-type":"","overlay-color":"","overlay-opacity":"","overlay-gradient":""}},"ast-content-background-meta":{"desktop":{"background-color":"var(--ast-global-color-5)","background-image":"","background-repeat":"repeat","background-position":"center center","background-size":"auto","background-attachment":"scroll","background-type":"","background-media":"","overlay-type":"","overlay-color":"","overlay-opacity":"","overlay-gradient":""},"tablet":{"background-color":"var(--ast-global-color-5)","background-image":"","background-repeat":"repeat","background-position":"center center","background-size":"auto","background-attachment":"scroll","background-type":"","background-media":"","overlay-type":"","overlay-color":"","overlay-opacity":"","overlay-gradient":""},"mobile":{"background-color":"var(--ast-global-color-5)","background-image":"","background-repeat":"repeat","background-position":"center center","background-size":"auto","background-attachment":"scroll","background-type":"","background-media":"","overlay-type":"","overlay-color":"","overlay-opacity":"","overlay-gradient":""}},"_jetpack_memberships_contains_paid_content":false,"_joinchat":[],"footnotes":""},"categories":[15302,5],"tags":[],"class_list":["post-113413","post","type-post","status-publish","format-standard","has-post-thumbnail","hentry","category-destacado","category-sociedad"],"yoast_head":"<!-- This site is optimized with the Yoast SEO plugin v26.8 - https:\/\/yoast.com\/product\/yoast-seo-wordpress\/ -->\n<title>Se realiz\u00f3 un operativo de relevamiento urbano sobre el estado y situaci\u00f3n general de los terrenos bald\u00edos en barrio Padre Mugica - El Regional<\/title>\n<meta name=\"robots\" content=\"index, follow, max-snippet:-1, max-image-preview:large, max-video-preview:-1\" \/>\n<link rel=\"canonical\" href=\"https:\/\/elregionalvm.com.ar\/noticias-villa-maria\/se-realizo-un-operativo-de-relevamiento-urbano-sobre-el-estado-y-situacion-general-de-los-terrenos-baldios-en-barrio-padre-mugica\/\" \/>\n<meta property=\"og:locale\" content=\"es_ES\" \/>\n<meta property=\"og:type\" content=\"article\" \/>\n<meta property=\"og:title\" content=\"Se realiz\u00f3 un operativo de relevamiento urbano sobre el estado y situaci\u00f3n general de los terrenos bald\u00edos en barrio Padre Mugica - El Regional\" \/>\n<meta property=\"og:description\" content=\"se llev\u00f3 a cabo un operativo de relevamiento urbano sobre el estado y situaci\u00f3n general de los terrenos bald\u00edos en barrio Padre Mugica. En tal sentido, personal del servicio \u201cAsistencia Ciudadana 147\u201d constat\u00f3 que 27 terrenos no se encontraban en condiciones, tal como lo establece la ordenanza vigente, y procedieron a labrar las correspondientes actas [&hellip;]\" \/>\n<meta property=\"og:url\" content=\"https:\/\/elregionalvm.com.ar\/noticias-villa-maria\/se-realizo-un-operativo-de-relevamiento-urbano-sobre-el-estado-y-situacion-general-de-los-terrenos-baldios-en-barrio-padre-mugica\/\" \/>\n<meta property=\"og:site_name\" content=\"El Regional\" \/>\n<meta property=\"article:publisher\" content=\"https:\/\/www.facebook.com\/elregionalvm\" \/>\n<meta property=\"article:published_time\" content=\"2026-01-17T00:47:40+00:00\" \/>\n<meta property=\"article:modified_time\" content=\"2026-01-17T00:47:43+00:00\" \/>\n<meta property=\"og:image\" content=\"https:\/\/elregionalvm.com.ar\/noticias-villa-maria\/wp-content\/uploads\/2026\/01\/3aee29f580ac493082dd28ba9d7f76a3.jpeg\" \/>\n\t<meta property=\"og:image:width\" content=\"800\" \/>\n\t<meta property=\"og:image:height\" content=\"600\" \/>\n\t<meta property=\"og:image:type\" content=\"image\/jpeg\" \/>\n<meta name=\"author\" content=\"Contenidos El Regional\" \/>\n<meta name=\"twitter:card\" content=\"summary_large_image\" \/>\n<meta name=\"twitter:creator\" content=\"@elregionalvm1\" \/>\n<meta name=\"twitter:site\" content=\"@elregionalvm1\" \/>\n<meta name=\"twitter:label1\" content=\"Escrito por\" \/>\n\t<meta name=\"twitter:data1\" content=\"Contenidos El Regional\" \/>\n\t<meta name=\"twitter:label2\" content=\"Tiempo de lectura\" \/>\n\t<meta name=\"twitter:data2\" content=\"1 minuto\" \/>\n<script type=\"application\/ld+json\" class=\"yoast-schema-graph\">{\"@context\":\"https:\/\/schema.org\",\"@graph\":[{\"@type\":\"Article\",\"@id\":\"https:\/\/elregionalvm.com.ar\/noticias-villa-maria\/se-realizo-un-operativo-de-relevamiento-urbano-sobre-el-estado-y-situacion-general-de-los-terrenos-baldios-en-barrio-padre-mugica\/#article\",\"isPartOf\":{\"@id\":\"https:\/\/elregionalvm.com.ar\/noticias-villa-maria\/se-realizo-un-operativo-de-relevamiento-urbano-sobre-el-estado-y-situacion-general-de-los-terrenos-baldios-en-barrio-padre-mugica\/\"},\"author\":{\"name\":\"Contenidos El Regional\",\"@id\":\"http:\/\/elregionalvm.com.ar\/noticias-villa-maria\/#\/schema\/person\/a0fb9c422317faca23d50163151bc354\"},\"headline\":\"Se realiz\u00f3 un operativo de relevamiento urbano sobre el estado y situaci\u00f3n general de los terrenos bald\u00edos en barrio Padre Mugica\",\"datePublished\":\"2026-01-17T00:47:40+00:00\",\"dateModified\":\"2026-01-17T00:47:43+00:00\",\"mainEntityOfPage\":{\"@id\":\"https:\/\/elregionalvm.com.ar\/noticias-villa-maria\/se-realizo-un-operativo-de-relevamiento-urbano-sobre-el-estado-y-situacion-general-de-los-terrenos-baldios-en-barrio-padre-mugica\/\"},\"wordCount\":169,\"commentCount\":0,\"image\":{\"@id\":\"https:\/\/elregionalvm.com.ar\/noticias-villa-maria\/se-realizo-un-operativo-de-relevamiento-urbano-sobre-el-estado-y-situacion-general-de-los-terrenos-baldios-en-barrio-padre-mugica\/#primaryimage\"},\"thumbnailUrl\":\"https:\/\/i0.wp.com\/elregionalvm.com.ar\/noticias-villa-maria\/wp-content\/uploads\/2026\/01\/3aee29f580ac493082dd28ba9d7f76a3.jpeg?fit=800%2C600&ssl=1\",\"articleSection\":[\"destacado\",\"Sociedad\"],\"inLanguage\":\"es\",\"potentialAction\":[{\"@type\":\"CommentAction\",\"name\":\"Comment\",\"target\":[\"https:\/\/elregionalvm.com.ar\/noticias-villa-maria\/se-realizo-un-operativo-de-relevamiento-urbano-sobre-el-estado-y-situacion-general-de-los-terrenos-baldios-en-barrio-padre-mugica\/#respond\"]}]},{\"@type\":\"WebPage\",\"@id\":\"https:\/\/elregionalvm.com.ar\/noticias-villa-maria\/se-realizo-un-operativo-de-relevamiento-urbano-sobre-el-estado-y-situacion-general-de-los-terrenos-baldios-en-barrio-padre-mugica\/\",\"url\":\"https:\/\/elregionalvm.com.ar\/noticias-villa-maria\/se-realizo-un-operativo-de-relevamiento-urbano-sobre-el-estado-y-situacion-general-de-los-terrenos-baldios-en-barrio-padre-mugica\/\",\"name\":\"Se realiz\u00f3 un operativo de relevamiento urbano sobre el estado y situaci\u00f3n general de los terrenos bald\u00edos en barrio Padre Mugica - El Regional\",\"isPartOf\":{\"@id\":\"http:\/\/elregionalvm.com.ar\/noticias-villa-maria\/#website\"},\"primaryImageOfPage\":{\"@id\":\"https:\/\/elregionalvm.com.ar\/noticias-villa-maria\/se-realizo-un-operativo-de-relevamiento-urbano-sobre-el-estado-y-situacion-general-de-los-terrenos-baldios-en-barrio-padre-mugica\/#primaryimage\"},\"image\":{\"@id\":\"https:\/\/elregionalvm.com.ar\/noticias-villa-maria\/se-realizo-un-operativo-de-relevamiento-urbano-sobre-el-estado-y-situacion-general-de-los-terrenos-baldios-en-barrio-padre-mugica\/#primaryimage\"},\"thumbnailUrl\":\"https:\/\/i0.wp.com\/elregionalvm.com.ar\/noticias-villa-maria\/wp-content\/uploads\/2026\/01\/3aee29f580ac493082dd28ba9d7f76a3.jpeg?fit=800%2C600&ssl=1\",\"datePublished\":\"2026-01-17T00:47:40+00:00\",\"dateModified\":\"2026-01-17T00:47:43+00:00\",\"author\":{\"@id\":\"http:\/\/elregionalvm.com.ar\/noticias-villa-maria\/#\/schema\/person\/a0fb9c422317faca23d50163151bc354\"},\"breadcrumb\":{\"@id\":\"https:\/\/elregionalvm.com.ar\/noticias-villa-maria\/se-realizo-un-operativo-de-relevamiento-urbano-sobre-el-estado-y-situacion-general-de-los-terrenos-baldios-en-barrio-padre-mugica\/#breadcrumb\"},\"inLanguage\":\"es\",\"potentialAction\":[{\"@type\":\"ReadAction\",\"target\":[\"https:\/\/elregionalvm.com.ar\/noticias-villa-maria\/se-realizo-un-operativo-de-relevamiento-urbano-sobre-el-estado-y-situacion-general-de-los-terrenos-baldios-en-barrio-padre-mugica\/\"]}]},{\"@type\":\"ImageObject\",\"inLanguage\":\"es\",\"@id\":\"https:\/\/elregionalvm.com.ar\/noticias-villa-maria\/se-realizo-un-operativo-de-relevamiento-urbano-sobre-el-estado-y-situacion-general-de-los-terrenos-baldios-en-barrio-padre-mugica\/#primaryimage\",\"url\":\"https:\/\/i0.wp.com\/elregionalvm.com.ar\/noticias-villa-maria\/wp-content\/uploads\/2026\/01\/3aee29f580ac493082dd28ba9d7f76a3.jpeg?fit=800%2C600&ssl=1\",\"contentUrl\":\"https:\/\/i0.wp.com\/elregionalvm.com.ar\/noticias-villa-maria\/wp-content\/uploads\/2026\/01\/3aee29f580ac493082dd28ba9d7f76a3.jpeg?fit=800%2C600&ssl=1\",\"width\":800,\"height\":600},{\"@type\":\"BreadcrumbList\",\"@id\":\"https:\/\/elregionalvm.com.ar\/noticias-villa-maria\/se-realizo-un-operativo-de-relevamiento-urbano-sobre-el-estado-y-situacion-general-de-los-terrenos-baldios-en-barrio-padre-mugica\/#breadcrumb\",\"itemListElement\":[{\"@type\":\"ListItem\",\"position\":1,\"name\":\"Portada\",\"item\":\"https:\/\/elregionalvm.com.ar\/noticias-villa-maria\/\"},{\"@type\":\"ListItem\",\"position\":2,\"name\":\"Se realiz\u00f3 un operativo de relevamiento urbano sobre el estado y situaci\u00f3n general de los terrenos bald\u00edos en barrio Padre Mugica\"}]},{\"@type\":\"WebSite\",\"@id\":\"http:\/\/elregionalvm.com.ar\/noticias-villa-maria\/#website\",\"url\":\"http:\/\/elregionalvm.com.ar\/noticias-villa-maria\/\",\"name\":\"El Regional\",\"description\":\"Mucho m\u00e1s que informaci\u00f3n\",\"potentialAction\":[{\"@type\":\"SearchAction\",\"target\":{\"@type\":\"EntryPoint\",\"urlTemplate\":\"http:\/\/elregionalvm.com.ar\/noticias-villa-maria\/?s={search_term_string}\"},\"query-input\":{\"@type\":\"PropertyValueSpecification\",\"valueRequired\":true,\"valueName\":\"search_term_string\"}}],\"inLanguage\":\"es\"},{\"@type\":\"Person\",\"@id\":\"http:\/\/elregionalvm.com.ar\/noticias-villa-maria\/#\/schema\/person\/a0fb9c422317faca23d50163151bc354\",\"name\":\"Contenidos El Regional\",\"image\":{\"@type\":\"ImageObject\",\"inLanguage\":\"es\",\"@id\":\"http:\/\/elregionalvm.com.ar\/noticias-villa-maria\/#\/schema\/person\/image\/\",\"url\":\"https:\/\/secure.gravatar.com\/avatar\/265b27cb2209af7bb3a1318f03305787d7981a5cc6e6cd08fe5a4ecdf99d4b48?s=96&d=mm&r=g\",\"contentUrl\":\"https:\/\/secure.gravatar.com\/avatar\/265b27cb2209af7bb3a1318f03305787d7981a5cc6e6cd08fe5a4ecdf99d4b48?s=96&d=mm&r=g\",\"caption\":\"Contenidos El Regional\"},\"url\":\"https:\/\/elregionalvm.com.ar\/noticias-villa-maria\/author\/contenido\/\"}]}<\/script>\n<!-- \/ Yoast SEO plugin. -->","yoast_head_json":{"title":"Se realiz\u00f3 un operativo de relevamiento urbano sobre el estado y situaci\u00f3n general de los terrenos bald\u00edos en barrio Padre Mugica - El Regional","robots":{"index":"index","follow":"follow","max-snippet":"max-snippet:-1","max-image-preview":"max-image-preview:large","max-video-preview":"max-video-preview:-1"},"canonical":"https:\/\/elregionalvm.com.ar\/noticias-villa-maria\/se-realizo-un-operativo-de-relevamiento-urbano-sobre-el-estado-y-situacion-general-de-los-terrenos-baldios-en-barrio-padre-mugica\/","og_locale":"es_ES","og_type":"article","og_title":"Se realiz\u00f3 un operativo de relevamiento urbano sobre el estado y situaci\u00f3n general de los terrenos bald\u00edos en barrio Padre Mugica - El Regional","og_description":"se llev\u00f3 a cabo un operativo de relevamiento urbano sobre el estado y situaci\u00f3n general de los terrenos bald\u00edos en barrio Padre Mugica. En tal sentido, personal del servicio \u201cAsistencia Ciudadana 147\u201d constat\u00f3 que 27 terrenos no se encontraban en condiciones, tal como lo establece la ordenanza vigente, y procedieron a labrar las correspondientes actas [&hellip;]","og_url":"https:\/\/elregionalvm.com.ar\/noticias-villa-maria\/se-realizo-un-operativo-de-relevamiento-urbano-sobre-el-estado-y-situacion-general-de-los-terrenos-baldios-en-barrio-padre-mugica\/","og_site_name":"El Regional","article_publisher":"https:\/\/www.facebook.com\/elregionalvm","article_published_time":"2026-01-17T00:47:40+00:00","article_modified_time":"2026-01-17T00:47:43+00:00","og_image":[{"width":800,"height":600,"url":"https:\/\/elregionalvm.com.ar\/noticias-villa-maria\/wp-content\/uploads\/2026\/01\/3aee29f580ac493082dd28ba9d7f76a3.jpeg","type":"image\/jpeg"}],"author":"Contenidos El Regional","twitter_card":"summary_large_image","twitter_creator":"@elregionalvm1","twitter_site":"@elregionalvm1","twitter_misc":{"Escrito por":"Contenidos El Regional","Tiempo de lectura":"1 minuto"},"schema":{"@context":"https:\/\/schema.org","@graph":[{"@type":"Article","@id":"https:\/\/elregionalvm.com.ar\/noticias-villa-maria\/se-realizo-un-operativo-de-relevamiento-urbano-sobre-el-estado-y-situacion-general-de-los-terrenos-baldios-en-barrio-padre-mugica\/#article","isPartOf":{"@id":"https:\/\/elregionalvm.com.ar\/noticias-villa-maria\/se-realizo-un-operativo-de-relevamiento-urbano-sobre-el-estado-y-situacion-general-de-los-terrenos-baldios-en-barrio-padre-mugica\/"},"author":{"name":"Contenidos El Regional","@id":"http:\/\/elregionalvm.com.ar\/noticias-villa-maria\/#\/schema\/person\/a0fb9c422317faca23d50163151bc354"},"headline":"Se realiz\u00f3 un operativo de relevamiento urbano sobre el estado y situaci\u00f3n general de los terrenos bald\u00edos en barrio Padre Mugica","datePublished":"2026-01-17T00:47:40+00:00","dateModified":"2026-01-17T00:47:43+00:00","mainEntityOfPage":{"@id":"https:\/\/elregionalvm.com.ar\/noticias-villa-maria\/se-realizo-un-operativo-de-relevamiento-urbano-sobre-el-estado-y-situacion-general-de-los-terrenos-baldios-en-barrio-padre-mugica\/"},"wordCount":169,"commentCount":0,"image":{"@id":"https:\/\/elregionalvm.com.ar\/noticias-villa-maria\/se-realizo-un-operativo-de-relevamiento-urbano-sobre-el-estado-y-situacion-general-de-los-terrenos-baldios-en-barrio-padre-mugica\/#primaryimage"},"thumbnailUrl":"https:\/\/i0.wp.com\/elregionalvm.com.ar\/noticias-villa-maria\/wp-content\/uploads\/2026\/01\/3aee29f580ac493082dd28ba9d7f76a3.jpeg?fit=800%2C600&ssl=1","articleSection":["destacado","Sociedad"],"inLanguage":"es","potentialAction":[{"@type":"CommentAction","name":"Comment","target":["https:\/\/elregionalvm.com.ar\/noticias-villa-maria\/se-realizo-un-operativo-de-relevamiento-urbano-sobre-el-estado-y-situacion-general-de-los-terrenos-baldios-en-barrio-padre-mugica\/#respond"]}]},{"@type":"WebPage","@id":"https:\/\/elregionalvm.com.ar\/noticias-villa-maria\/se-realizo-un-operativo-de-relevamiento-urbano-sobre-el-estado-y-situacion-general-de-los-terrenos-baldios-en-barrio-padre-mugica\/","url":"https:\/\/elregionalvm.com.ar\/noticias-villa-maria\/se-realizo-un-operativo-de-relevamiento-urbano-sobre-el-estado-y-situacion-general-de-los-terrenos-baldios-en-barrio-padre-mugica\/","name":"Se realiz\u00f3 un operativo de relevamiento urbano sobre el estado y situaci\u00f3n general de los terrenos bald\u00edos en barrio Padre Mugica - El Regional","isPartOf":{"@id":"http:\/\/elregionalvm.com.ar\/noticias-villa-maria\/#website"},"primaryImageOfPage":{"@id":"https:\/\/elregionalvm.com.ar\/noticias-villa-maria\/se-realizo-un-operativo-de-relevamiento-urbano-sobre-el-estado-y-situacion-general-de-los-terrenos-baldios-en-barrio-padre-mugica\/#primaryimage"},"image":{"@id":"https:\/\/elregionalvm.com.ar\/noticias-villa-maria\/se-realizo-un-operativo-de-relevamiento-urbano-sobre-el-estado-y-situacion-general-de-los-terrenos-baldios-en-barrio-padre-mugica\/#primaryimage"},"thumbnailUrl":"https:\/\/i0.wp.com\/elregionalvm.com.ar\/noticias-villa-maria\/wp-content\/uploads\/2026\/01\/3aee29f580ac493082dd28ba9d7f76a3.jpeg?fit=800%2C600&ssl=1","datePublished":"2026-01-17T00:47:40+00:00","dateModified":"2026-01-17T00:47:43+00:00","author":{"@id":"http:\/\/elregionalvm.com.ar\/noticias-villa-maria\/#\/schema\/person\/a0fb9c422317faca23d50163151bc354"},"breadcrumb":{"@id":"https:\/\/elregionalvm.com.ar\/noticias-villa-maria\/se-realizo-un-operativo-de-relevamiento-urbano-sobre-el-estado-y-situacion-general-de-los-terrenos-baldios-en-barrio-padre-mugica\/#breadcrumb"},"inLanguage":"es","potentialAction":[{"@type":"ReadAction","target":["https:\/\/elregionalvm.com.ar\/noticias-villa-maria\/se-realizo-un-operativo-de-relevamiento-urbano-sobre-el-estado-y-situacion-general-de-los-terrenos-baldios-en-barrio-padre-mugica\/"]}]},{"@type":"ImageObject","inLanguage":"es","@id":"https:\/\/elregionalvm.com.ar\/noticias-villa-maria\/se-realizo-un-operativo-de-relevamiento-urbano-sobre-el-estado-y-situacion-general-de-los-terrenos-baldios-en-barrio-padre-mugica\/#primaryimage","url":"https:\/\/i0.wp.com\/elregionalvm.com.ar\/noticias-villa-maria\/wp-content\/uploads\/2026\/01\/3aee29f580ac493082dd28ba9d7f76a3.jpeg?fit=800%2C600&ssl=1","contentUrl":"https:\/\/i0.wp.com\/elregionalvm.com.ar\/noticias-villa-maria\/wp-content\/uploads\/2026\/01\/3aee29f580ac493082dd28ba9d7f76a3.jpeg?fit=800%2C600&ssl=1","width":800,"height":600},{"@type":"BreadcrumbList","@id":"https:\/\/elregionalvm.com.ar\/noticias-villa-maria\/se-realizo-un-operativo-de-relevamiento-urbano-sobre-el-estado-y-situacion-general-de-los-terrenos-baldios-en-barrio-padre-mugica\/#breadcrumb","itemListElement":[{"@type":"ListItem","position":1,"name":"Portada","item":"https:\/\/elregionalvm.com.ar\/noticias-villa-maria\/"},{"@type":"ListItem","position":2,"name":"Se realiz\u00f3 un operativo de relevamiento urbano sobre el estado y situaci\u00f3n general de los terrenos bald\u00edos en barrio Padre Mugica"}]},{"@type":"WebSite","@id":"http:\/\/elregionalvm.com.ar\/noticias-villa-maria\/#website","url":"http:\/\/elregionalvm.com.ar\/noticias-villa-maria\/","name":"El Regional","description":"Mucho m\u00e1s que informaci\u00f3n","potentialAction":[{"@type":"SearchAction","target":{"@type":"EntryPoint","urlTemplate":"http:\/\/elregionalvm.com.ar\/noticias-villa-maria\/?s={search_term_string}"},"query-input":{"@type":"PropertyValueSpecification","valueRequired":true,"valueName":"search_term_string"}}],"inLanguage":"es"},{"@type":"Person","@id":"http:\/\/elregionalvm.com.ar\/noticias-villa-maria\/#\/schema\/person\/a0fb9c422317faca23d50163151bc354","name":"Contenidos El Regional","image":{"@type":"ImageObject","inLanguage":"es","@id":"http:\/\/elregionalvm.com.ar\/noticias-villa-maria\/#\/schema\/person\/image\/","url":"https:\/\/secure.gravatar.com\/avatar\/265b27cb2209af7bb3a1318f03305787d7981a5cc6e6cd08fe5a4ecdf99d4b48?s=96&d=mm&r=g","contentUrl":"https:\/\/secure.gravatar.com\/avatar\/265b27cb2209af7bb3a1318f03305787d7981a5cc6e6cd08fe5a4ecdf99d4b48?s=96&d=mm&r=g","caption":"Contenidos El Regional"},"url":"https:\/\/elregionalvm.com.ar\/noticias-villa-maria\/author\/contenido\/"}]}},"jetpack_featured_media_url":"https:\/\/i0.wp.com\/elregionalvm.com.ar\/noticias-villa-maria\/wp-content\/uploads\/2026\/01\/3aee29f580ac493082dd28ba9d7f76a3.jpeg?fit=800%2C600&ssl=1","jetpack_sharing_enabled":true,"_links":{"self":[{"href":"https:\/\/elregionalvm.com.ar\/noticias-villa-maria\/wp-json\/wp\/v2\/posts\/113413","targetHints":{"allow":["GET"]}}],"collection":[{"href":"https:\/\/elregionalvm.com.ar\/noticias-villa-maria\/wp-json\/wp\/v2\/posts"}],"about":[{"href":"https:\/\/elregionalvm.com.ar\/noticias-villa-maria\/wp-json\/wp\/v2\/types\/post"}],"author":[{"embeddable":true,"href":"https:\/\/elregionalvm.com.ar\/noticias-villa-maria\/wp-json\/wp\/v2\/users\/4"}],"replies":[{"embeddable":true,"href":"https:\/\/elregionalvm.com.ar\/noticias-villa-maria\/wp-json\/wp\/v2\/comments?post=113413"}],"version-history":[{"count":1,"href":"https:\/\/elregionalvm.com.ar\/noticias-villa-maria\/wp-json\/wp\/v2\/posts\/113413\/revisions"}],"predecessor-version":[{"id":113415,"href":"https:\/\/elregionalvm.com.ar\/noticias-villa-maria\/wp-json\/wp\/v2\/posts\/113413\/revisions\/113415"}],"wp:featuredmedia":[{"embeddable":true,"href":"https:\/\/elregionalvm.com.ar\/noticias-villa-maria\/wp-json\/wp\/v2\/media\/113414"}],"wp:attachment":[{"href":"https:\/\/elregionalvm.com.ar\/noticias-villa-maria\/wp-json\/wp\/v2\/media?parent=113413"}],"wp:term":[{"taxonomy":"category","embeddable":true,"href":"https:\/\/elregionalvm.com.ar\/noticias-villa-maria\/wp-json\/wp\/v2\/categories?post=113413"},{"taxonomy":"post_tag","embeddable":true,"href":"https:\/\/elregionalvm.com.ar\/noticias-villa-maria\/wp-json\/wp\/v2\/tags?post=113413"}],"curies":[{"name":"wp","href":"https:\/\/api.w.org\/{rel}","templated":true}]}}