{"id":113416,"date":"2026-01-17T00:58:28","date_gmt":"2026-01-17T00:58:28","guid":{"rendered":"https:\/\/elregionalvm.com.ar\/noticias-villa-maria\/?p=113416"},"modified":"2026-01-17T00:58:30","modified_gmt":"2026-01-17T00:58:30","slug":"solicitan-el-paradero-de-una-chica-de-15-oriunda-de-rio-tercero","status":"publish","type":"post","link":"https:\/\/elregionalvm.com.ar\/noticias-villa-maria\/solicitan-el-paradero-de-una-chica-de-15-oriunda-de-rio-tercero\/","title":{"rendered":"Solicitan el paradero de una chica de 15 oriunda de R\u00edo Tercero"},"content":{"rendered":"\n<p>La Fiscal\u00eda de Feria del Primer Turno de la ciudad de C\u00f3rdoba pide colaboraci\u00f3n para dar con el paradero de Constanza Baravalle, de 15 a\u00f1os. Posee 1,55 mts estatura, contextura robusta, pelo lacio de color negro, tez blanca, sin casta\u00f1o, ojos color marr\u00f3n. Llevaba pantal\u00f3n y remera color negra.<\/p>\n\n\n\n<p>Toda informaci\u00f3n puede ser aportada en Tribunales II (calle Fructuoso Rivera n\u00b0 720, barrio Observatorio). Tel\u00e9fonos de la Unidad Judicial I: (0351) 4332647\/48.<\/p>\n","protected":false},"excerpt":{"rendered":"<p>La Fiscal\u00eda de Feria del Primer Turno de la ciudad de C\u00f3rdoba pide colaboraci\u00f3n para dar con el paradero de Constanza Baravalle, de 15 a\u00f1os. Posee 1,55 mts estatura, contextura robusta, pelo lacio de color negro, tez blanca, sin casta\u00f1o, ojos color marr\u00f3n. Llevaba pantal\u00f3n y remera color negra. Toda informaci\u00f3n puede ser aportada en [&hellip;]<\/p>\n","protected":false},"author":4,"featured_media":113417,"comment_status":"open","ping_status":"open","sticky":false,"template":"","format":"standard","meta":{"site-sidebar-layout":"default","site-content-layout":"","ast-site-content-layout":"default","site-content-style":"default","site-sidebar-style":"default","ast-global-header-display":"","ast-banner-title-visibility":"","ast-main-header-display":"","ast-hfb-above-header-display":"","ast-hfb-below-header-display":"","ast-hfb-mobile-header-display":"","site-post-title":"","ast-breadcrumbs-content":"","ast-featured-img":"","footer-sml-layout":"","ast-disable-related-posts":"","theme-transparent-header-meta":"","adv-header-id-meta":"","stick-header-meta":"","header-above-stick-meta":"","header-main-stick-meta":"","header-below-stick-meta":"","astra-migrate-meta-layouts":"set","ast-page-background-enabled":"default","ast-page-background-meta":{"desktop":{"background-color":"","background-image":"","background-repeat":"repeat","background-position":"center center","background-size":"auto","background-attachment":"scroll","background-type":"","background-media":"","overlay-type":"","overlay-color":"","overlay-opacity":"","overlay-gradient":""},"tablet":{"background-color":"","background-image":"","background-repeat":"repeat","background-position":"center center","background-size":"auto","background-attachment":"scroll","background-type":"","background-media":"","overlay-type":"","overlay-color":"","overlay-opacity":"","overlay-gradient":""},"mobile":{"background-color":"","background-image":"","background-repeat":"repeat","background-position":"center center","background-size":"auto","background-attachment":"scroll","background-type":"","background-media":"","overlay-type":"","overlay-color":"","overlay-opacity":"","overlay-gradient":""}},"ast-content-background-meta":{"desktop":{"background-color":"var(--ast-global-color-5)","background-image":"","background-repeat":"repeat","background-position":"center center","background-size":"auto","background-attachment":"scroll","background-type":"","background-media":"","overlay-type":"","overlay-color":"","overlay-opacity":"","overlay-gradient":""},"tablet":{"background-color":"var(--ast-global-color-5)","background-image":"","background-repeat":"repeat","background-position":"center center","background-size":"auto","background-attachment":"scroll","background-type":"","background-media":"","overlay-type":"","overlay-color":"","overlay-opacity":"","overlay-gradient":""},"mobile":{"background-color":"var(--ast-global-color-5)","background-image":"","background-repeat":"repeat","background-position":"center center","background-size":"auto","background-attachment":"scroll","background-type":"","background-media":"","overlay-type":"","overlay-color":"","overlay-opacity":"","overlay-gradient":""}},"_jetpack_memberships_contains_paid_content":false,"_joinchat":[],"footnotes":""},"categories":[15302,2234,2091],"tags":[],"class_list":["post-113416","post","type-post","status-publish","format-standard","has-post-thumbnail","hentry","category-destacado","category-policiales","category-region"],"yoast_head":"<!-- This site is optimized with the Yoast SEO plugin v26.8 - https:\/\/yoast.com\/product\/yoast-seo-wordpress\/ -->\n<title>Solicitan el paradero de una chica de 15 oriunda de R\u00edo Tercero - El Regional<\/title>\n<meta name=\"robots\" content=\"index, follow, max-snippet:-1, max-image-preview:large, max-video-preview:-1\" \/>\n<link rel=\"canonical\" href=\"https:\/\/elregionalvm.com.ar\/noticias-villa-maria\/solicitan-el-paradero-de-una-chica-de-15-oriunda-de-rio-tercero\/\" \/>\n<meta property=\"og:locale\" content=\"es_ES\" \/>\n<meta property=\"og:type\" content=\"article\" \/>\n<meta property=\"og:title\" content=\"Solicitan el paradero de una chica de 15 oriunda de R\u00edo Tercero - El Regional\" \/>\n<meta property=\"og:description\" content=\"La Fiscal\u00eda de Feria del Primer Turno de la ciudad de C\u00f3rdoba pide colaboraci\u00f3n para dar con el paradero de Constanza Baravalle, de 15 a\u00f1os. Posee 1,55 mts estatura, contextura robusta, pelo lacio de color negro, tez blanca, sin casta\u00f1o, ojos color marr\u00f3n. Llevaba pantal\u00f3n y remera color negra. Toda informaci\u00f3n puede ser aportada en [&hellip;]\" \/>\n<meta property=\"og:url\" content=\"https:\/\/elregionalvm.com.ar\/noticias-villa-maria\/solicitan-el-paradero-de-una-chica-de-15-oriunda-de-rio-tercero\/\" \/>\n<meta property=\"og:site_name\" content=\"El Regional\" \/>\n<meta property=\"article:publisher\" content=\"https:\/\/www.facebook.com\/elregionalvm\" \/>\n<meta property=\"article:published_time\" content=\"2026-01-17T00:58:28+00:00\" \/>\n<meta property=\"article:modified_time\" content=\"2026-01-17T00:58:30+00:00\" \/>\n<meta property=\"og:image\" content=\"https:\/\/elregionalvm.com.ar\/noticias-villa-maria\/wp-content\/uploads\/2026\/01\/WhatsApp-Image-2026-01-12-at-9.02.30-PM-614x940-1.jpeg\" \/>\n\t<meta property=\"og:image:width\" content=\"614\" \/>\n\t<meta property=\"og:image:height\" content=\"940\" \/>\n\t<meta property=\"og:image:type\" content=\"image\/jpeg\" \/>\n<meta name=\"author\" content=\"Contenidos El Regional\" \/>\n<meta name=\"twitter:card\" content=\"summary_large_image\" \/>\n<meta name=\"twitter:creator\" content=\"@elregionalvm1\" \/>\n<meta name=\"twitter:site\" content=\"@elregionalvm1\" \/>\n<meta name=\"twitter:label1\" content=\"Escrito por\" \/>\n\t<meta name=\"twitter:data1\" content=\"Contenidos El Regional\" \/>\n\t<meta name=\"twitter:label2\" content=\"Tiempo de lectura\" \/>\n\t<meta name=\"twitter:data2\" content=\"1 minuto\" \/>\n<script type=\"application\/ld+json\" class=\"yoast-schema-graph\">{\"@context\":\"https:\/\/schema.org\",\"@graph\":[{\"@type\":\"Article\",\"@id\":\"https:\/\/elregionalvm.com.ar\/noticias-villa-maria\/solicitan-el-paradero-de-una-chica-de-15-oriunda-de-rio-tercero\/#article\",\"isPartOf\":{\"@id\":\"https:\/\/elregionalvm.com.ar\/noticias-villa-maria\/solicitan-el-paradero-de-una-chica-de-15-oriunda-de-rio-tercero\/\"},\"author\":{\"name\":\"Contenidos El Regional\",\"@id\":\"http:\/\/elregionalvm.com.ar\/noticias-villa-maria\/#\/schema\/person\/a0fb9c422317faca23d50163151bc354\"},\"headline\":\"Solicitan el paradero de una chica de 15 oriunda de R\u00edo Tercero\",\"datePublished\":\"2026-01-17T00:58:28+00:00\",\"dateModified\":\"2026-01-17T00:58:30+00:00\",\"mainEntityOfPage\":{\"@id\":\"https:\/\/elregionalvm.com.ar\/noticias-villa-maria\/solicitan-el-paradero-de-una-chica-de-15-oriunda-de-rio-tercero\/\"},\"wordCount\":88,\"commentCount\":0,\"image\":{\"@id\":\"https:\/\/elregionalvm.com.ar\/noticias-villa-maria\/solicitan-el-paradero-de-una-chica-de-15-oriunda-de-rio-tercero\/#primaryimage\"},\"thumbnailUrl\":\"https:\/\/i0.wp.com\/elregionalvm.com.ar\/noticias-villa-maria\/wp-content\/uploads\/2026\/01\/WhatsApp-Image-2026-01-12-at-9.02.30-PM-614x940-1.jpeg?fit=614%2C940&ssl=1\",\"articleSection\":[\"destacado\",\"Policiales\",\"Regi\u00f3n\"],\"inLanguage\":\"es\",\"potentialAction\":[{\"@type\":\"CommentAction\",\"name\":\"Comment\",\"target\":[\"https:\/\/elregionalvm.com.ar\/noticias-villa-maria\/solicitan-el-paradero-de-una-chica-de-15-oriunda-de-rio-tercero\/#respond\"]}]},{\"@type\":\"WebPage\",\"@id\":\"https:\/\/elregionalvm.com.ar\/noticias-villa-maria\/solicitan-el-paradero-de-una-chica-de-15-oriunda-de-rio-tercero\/\",\"url\":\"https:\/\/elregionalvm.com.ar\/noticias-villa-maria\/solicitan-el-paradero-de-una-chica-de-15-oriunda-de-rio-tercero\/\",\"name\":\"Solicitan el paradero de una chica de 15 oriunda de R\u00edo Tercero - El Regional\",\"isPartOf\":{\"@id\":\"http:\/\/elregionalvm.com.ar\/noticias-villa-maria\/#website\"},\"primaryImageOfPage\":{\"@id\":\"https:\/\/elregionalvm.com.ar\/noticias-villa-maria\/solicitan-el-paradero-de-una-chica-de-15-oriunda-de-rio-tercero\/#primaryimage\"},\"image\":{\"@id\":\"https:\/\/elregionalvm.com.ar\/noticias-villa-maria\/solicitan-el-paradero-de-una-chica-de-15-oriunda-de-rio-tercero\/#primaryimage\"},\"thumbnailUrl\":\"https:\/\/i0.wp.com\/elregionalvm.com.ar\/noticias-villa-maria\/wp-content\/uploads\/2026\/01\/WhatsApp-Image-2026-01-12-at-9.02.30-PM-614x940-1.jpeg?fit=614%2C940&ssl=1\",\"datePublished\":\"2026-01-17T00:58:28+00:00\",\"dateModified\":\"2026-01-17T00:58:30+00:00\",\"author\":{\"@id\":\"http:\/\/elregionalvm.com.ar\/noticias-villa-maria\/#\/schema\/person\/a0fb9c422317faca23d50163151bc354\"},\"breadcrumb\":{\"@id\":\"https:\/\/elregionalvm.com.ar\/noticias-villa-maria\/solicitan-el-paradero-de-una-chica-de-15-oriunda-de-rio-tercero\/#breadcrumb\"},\"inLanguage\":\"es\",\"potentialAction\":[{\"@type\":\"ReadAction\",\"target\":[\"https:\/\/elregionalvm.com.ar\/noticias-villa-maria\/solicitan-el-paradero-de-una-chica-de-15-oriunda-de-rio-tercero\/\"]}]},{\"@type\":\"ImageObject\",\"inLanguage\":\"es\",\"@id\":\"https:\/\/elregionalvm.com.ar\/noticias-villa-maria\/solicitan-el-paradero-de-una-chica-de-15-oriunda-de-rio-tercero\/#primaryimage\",\"url\":\"https:\/\/i0.wp.com\/elregionalvm.com.ar\/noticias-villa-maria\/wp-content\/uploads\/2026\/01\/WhatsApp-Image-2026-01-12-at-9.02.30-PM-614x940-1.jpeg?fit=614%2C940&ssl=1\",\"contentUrl\":\"https:\/\/i0.wp.com\/elregionalvm.com.ar\/noticias-villa-maria\/wp-content\/uploads\/2026\/01\/WhatsApp-Image-2026-01-12-at-9.02.30-PM-614x940-1.jpeg?fit=614%2C940&ssl=1\",\"width\":614,\"height\":940},{\"@type\":\"BreadcrumbList\",\"@id\":\"https:\/\/elregionalvm.com.ar\/noticias-villa-maria\/solicitan-el-paradero-de-una-chica-de-15-oriunda-de-rio-tercero\/#breadcrumb\",\"itemListElement\":[{\"@type\":\"ListItem\",\"position\":1,\"name\":\"Portada\",\"item\":\"https:\/\/elregionalvm.com.ar\/noticias-villa-maria\/\"},{\"@type\":\"ListItem\",\"position\":2,\"name\":\"Solicitan el paradero de una chica de 15 oriunda de R\u00edo Tercero\"}]},{\"@type\":\"WebSite\",\"@id\":\"http:\/\/elregionalvm.com.ar\/noticias-villa-maria\/#website\",\"url\":\"http:\/\/elregionalvm.com.ar\/noticias-villa-maria\/\",\"name\":\"El Regional\",\"description\":\"Mucho m\u00e1s que informaci\u00f3n\",\"potentialAction\":[{\"@type\":\"SearchAction\",\"target\":{\"@type\":\"EntryPoint\",\"urlTemplate\":\"http:\/\/elregionalvm.com.ar\/noticias-villa-maria\/?s={search_term_string}\"},\"query-input\":{\"@type\":\"PropertyValueSpecification\",\"valueRequired\":true,\"valueName\":\"search_term_string\"}}],\"inLanguage\":\"es\"},{\"@type\":\"Person\",\"@id\":\"http:\/\/elregionalvm.com.ar\/noticias-villa-maria\/#\/schema\/person\/a0fb9c422317faca23d50163151bc354\",\"name\":\"Contenidos El Regional\",\"image\":{\"@type\":\"ImageObject\",\"inLanguage\":\"es\",\"@id\":\"http:\/\/elregionalvm.com.ar\/noticias-villa-maria\/#\/schema\/person\/image\/\",\"url\":\"https:\/\/secure.gravatar.com\/avatar\/265b27cb2209af7bb3a1318f03305787d7981a5cc6e6cd08fe5a4ecdf99d4b48?s=96&d=mm&r=g\",\"contentUrl\":\"https:\/\/secure.gravatar.com\/avatar\/265b27cb2209af7bb3a1318f03305787d7981a5cc6e6cd08fe5a4ecdf99d4b48?s=96&d=mm&r=g\",\"caption\":\"Contenidos El Regional\"},\"url\":\"https:\/\/elregionalvm.com.ar\/noticias-villa-maria\/author\/contenido\/\"}]}<\/script>\n<!-- \/ Yoast SEO plugin. -->","yoast_head_json":{"title":"Solicitan el paradero de una chica de 15 oriunda de R\u00edo Tercero - El Regional","robots":{"index":"index","follow":"follow","max-snippet":"max-snippet:-1","max-image-preview":"max-image-preview:large","max-video-preview":"max-video-preview:-1"},"canonical":"https:\/\/elregionalvm.com.ar\/noticias-villa-maria\/solicitan-el-paradero-de-una-chica-de-15-oriunda-de-rio-tercero\/","og_locale":"es_ES","og_type":"article","og_title":"Solicitan el paradero de una chica de 15 oriunda de R\u00edo Tercero - El Regional","og_description":"La Fiscal\u00eda de Feria del Primer Turno de la ciudad de C\u00f3rdoba pide colaboraci\u00f3n para dar con el paradero de Constanza Baravalle, de 15 a\u00f1os. Posee 1,55 mts estatura, contextura robusta, pelo lacio de color negro, tez blanca, sin casta\u00f1o, ojos color marr\u00f3n. Llevaba pantal\u00f3n y remera color negra. Toda informaci\u00f3n puede ser aportada en [&hellip;]","og_url":"https:\/\/elregionalvm.com.ar\/noticias-villa-maria\/solicitan-el-paradero-de-una-chica-de-15-oriunda-de-rio-tercero\/","og_site_name":"El Regional","article_publisher":"https:\/\/www.facebook.com\/elregionalvm","article_published_time":"2026-01-17T00:58:28+00:00","article_modified_time":"2026-01-17T00:58:30+00:00","og_image":[{"width":614,"height":940,"url":"https:\/\/elregionalvm.com.ar\/noticias-villa-maria\/wp-content\/uploads\/2026\/01\/WhatsApp-Image-2026-01-12-at-9.02.30-PM-614x940-1.jpeg","type":"image\/jpeg"}],"author":"Contenidos El Regional","twitter_card":"summary_large_image","twitter_creator":"@elregionalvm1","twitter_site":"@elregionalvm1","twitter_misc":{"Escrito por":"Contenidos El Regional","Tiempo de lectura":"1 minuto"},"schema":{"@context":"https:\/\/schema.org","@graph":[{"@type":"Article","@id":"https:\/\/elregionalvm.com.ar\/noticias-villa-maria\/solicitan-el-paradero-de-una-chica-de-15-oriunda-de-rio-tercero\/#article","isPartOf":{"@id":"https:\/\/elregionalvm.com.ar\/noticias-villa-maria\/solicitan-el-paradero-de-una-chica-de-15-oriunda-de-rio-tercero\/"},"author":{"name":"Contenidos El Regional","@id":"http:\/\/elregionalvm.com.ar\/noticias-villa-maria\/#\/schema\/person\/a0fb9c422317faca23d50163151bc354"},"headline":"Solicitan el paradero de una chica de 15 oriunda de R\u00edo Tercero","datePublished":"2026-01-17T00:58:28+00:00","dateModified":"2026-01-17T00:58:30+00:00","mainEntityOfPage":{"@id":"https:\/\/elregionalvm.com.ar\/noticias-villa-maria\/solicitan-el-paradero-de-una-chica-de-15-oriunda-de-rio-tercero\/"},"wordCount":88,"commentCount":0,"image":{"@id":"https:\/\/elregionalvm.com.ar\/noticias-villa-maria\/solicitan-el-paradero-de-una-chica-de-15-oriunda-de-rio-tercero\/#primaryimage"},"thumbnailUrl":"https:\/\/i0.wp.com\/elregionalvm.com.ar\/noticias-villa-maria\/wp-content\/uploads\/2026\/01\/WhatsApp-Image-2026-01-12-at-9.02.30-PM-614x940-1.jpeg?fit=614%2C940&ssl=1","articleSection":["destacado","Policiales","Regi\u00f3n"],"inLanguage":"es","potentialAction":[{"@type":"CommentAction","name":"Comment","target":["https:\/\/elregionalvm.com.ar\/noticias-villa-maria\/solicitan-el-paradero-de-una-chica-de-15-oriunda-de-rio-tercero\/#respond"]}]},{"@type":"WebPage","@id":"https:\/\/elregionalvm.com.ar\/noticias-villa-maria\/solicitan-el-paradero-de-una-chica-de-15-oriunda-de-rio-tercero\/","url":"https:\/\/elregionalvm.com.ar\/noticias-villa-maria\/solicitan-el-paradero-de-una-chica-de-15-oriunda-de-rio-tercero\/","name":"Solicitan el paradero de una chica de 15 oriunda de R\u00edo Tercero - El Regional","isPartOf":{"@id":"http:\/\/elregionalvm.com.ar\/noticias-villa-maria\/#website"},"primaryImageOfPage":{"@id":"https:\/\/elregionalvm.com.ar\/noticias-villa-maria\/solicitan-el-paradero-de-una-chica-de-15-oriunda-de-rio-tercero\/#primaryimage"},"image":{"@id":"https:\/\/elregionalvm.com.ar\/noticias-villa-maria\/solicitan-el-paradero-de-una-chica-de-15-oriunda-de-rio-tercero\/#primaryimage"},"thumbnailUrl":"https:\/\/i0.wp.com\/elregionalvm.com.ar\/noticias-villa-maria\/wp-content\/uploads\/2026\/01\/WhatsApp-Image-2026-01-12-at-9.02.30-PM-614x940-1.jpeg?fit=614%2C940&ssl=1","datePublished":"2026-01-17T00:58:28+00:00","dateModified":"2026-01-17T00:58:30+00:00","author":{"@id":"http:\/\/elregionalvm.com.ar\/noticias-villa-maria\/#\/schema\/person\/a0fb9c422317faca23d50163151bc354"},"breadcrumb":{"@id":"https:\/\/elregionalvm.com.ar\/noticias-villa-maria\/solicitan-el-paradero-de-una-chica-de-15-oriunda-de-rio-tercero\/#breadcrumb"},"inLanguage":"es","potentialAction":[{"@type":"ReadAction","target":["https:\/\/elregionalvm.com.ar\/noticias-villa-maria\/solicitan-el-paradero-de-una-chica-de-15-oriunda-de-rio-tercero\/"]}]},{"@type":"ImageObject","inLanguage":"es","@id":"https:\/\/elregionalvm.com.ar\/noticias-villa-maria\/solicitan-el-paradero-de-una-chica-de-15-oriunda-de-rio-tercero\/#primaryimage","url":"https:\/\/i0.wp.com\/elregionalvm.com.ar\/noticias-villa-maria\/wp-content\/uploads\/2026\/01\/WhatsApp-Image-2026-01-12-at-9.02.30-PM-614x940-1.jpeg?fit=614%2C940&ssl=1","contentUrl":"https:\/\/i0.wp.com\/elregionalvm.com.ar\/noticias-villa-maria\/wp-content\/uploads\/2026\/01\/WhatsApp-Image-2026-01-12-at-9.02.30-PM-614x940-1.jpeg?fit=614%2C940&ssl=1","width":614,"height":940},{"@type":"BreadcrumbList","@id":"https:\/\/elregionalvm.com.ar\/noticias-villa-maria\/solicitan-el-paradero-de-una-chica-de-15-oriunda-de-rio-tercero\/#breadcrumb","itemListElement":[{"@type":"ListItem","position":1,"name":"Portada","item":"https:\/\/elregionalvm.com.ar\/noticias-villa-maria\/"},{"@type":"ListItem","position":2,"name":"Solicitan el paradero de una chica de 15 oriunda de R\u00edo Tercero"}]},{"@type":"WebSite","@id":"http:\/\/elregionalvm.com.ar\/noticias-villa-maria\/#website","url":"http:\/\/elregionalvm.com.ar\/noticias-villa-maria\/","name":"El Regional","description":"Mucho m\u00e1s que informaci\u00f3n","potentialAction":[{"@type":"SearchAction","target":{"@type":"EntryPoint","urlTemplate":"http:\/\/elregionalvm.com.ar\/noticias-villa-maria\/?s={search_term_string}"},"query-input":{"@type":"PropertyValueSpecification","valueRequired":true,"valueName":"search_term_string"}}],"inLanguage":"es"},{"@type":"Person","@id":"http:\/\/elregionalvm.com.ar\/noticias-villa-maria\/#\/schema\/person\/a0fb9c422317faca23d50163151bc354","name":"Contenidos El Regional","image":{"@type":"ImageObject","inLanguage":"es","@id":"http:\/\/elregionalvm.com.ar\/noticias-villa-maria\/#\/schema\/person\/image\/","url":"https:\/\/secure.gravatar.com\/avatar\/265b27cb2209af7bb3a1318f03305787d7981a5cc6e6cd08fe5a4ecdf99d4b48?s=96&d=mm&r=g","contentUrl":"https:\/\/secure.gravatar.com\/avatar\/265b27cb2209af7bb3a1318f03305787d7981a5cc6e6cd08fe5a4ecdf99d4b48?s=96&d=mm&r=g","caption":"Contenidos El Regional"},"url":"https:\/\/elregionalvm.com.ar\/noticias-villa-maria\/author\/contenido\/"}]}},"jetpack_featured_media_url":"https:\/\/i0.wp.com\/elregionalvm.com.ar\/noticias-villa-maria\/wp-content\/uploads\/2026\/01\/WhatsApp-Image-2026-01-12-at-9.02.30-PM-614x940-1.jpeg?fit=614%2C940&ssl=1","jetpack_sharing_enabled":true,"_links":{"self":[{"href":"https:\/\/elregionalvm.com.ar\/noticias-villa-maria\/wp-json\/wp\/v2\/posts\/113416","targetHints":{"allow":["GET"]}}],"collection":[{"href":"https:\/\/elregionalvm.com.ar\/noticias-villa-maria\/wp-json\/wp\/v2\/posts"}],"about":[{"href":"https:\/\/elregionalvm.com.ar\/noticias-villa-maria\/wp-json\/wp\/v2\/types\/post"}],"author":[{"embeddable":true,"href":"https:\/\/elregionalvm.com.ar\/noticias-villa-maria\/wp-json\/wp\/v2\/users\/4"}],"replies":[{"embeddable":true,"href":"https:\/\/elregionalvm.com.ar\/noticias-villa-maria\/wp-json\/wp\/v2\/comments?post=113416"}],"version-history":[{"count":1,"href":"https:\/\/elregionalvm.com.ar\/noticias-villa-maria\/wp-json\/wp\/v2\/posts\/113416\/revisions"}],"predecessor-version":[{"id":113418,"href":"https:\/\/elregionalvm.com.ar\/noticias-villa-maria\/wp-json\/wp\/v2\/posts\/113416\/revisions\/113418"}],"wp:featuredmedia":[{"embeddable":true,"href":"https:\/\/elregionalvm.com.ar\/noticias-villa-maria\/wp-json\/wp\/v2\/media\/113417"}],"wp:attachment":[{"href":"https:\/\/elregionalvm.com.ar\/noticias-villa-maria\/wp-json\/wp\/v2\/media?parent=113416"}],"wp:term":[{"taxonomy":"category","embeddable":true,"href":"https:\/\/elregionalvm.com.ar\/noticias-villa-maria\/wp-json\/wp\/v2\/categories?post=113416"},{"taxonomy":"post_tag","embeddable":true,"href":"https:\/\/elregionalvm.com.ar\/noticias-villa-maria\/wp-json\/wp\/v2\/tags?post=113416"}],"curies":[{"name":"wp","href":"https:\/\/api.w.org\/{rel}","templated":true}]}}