{"id":113419,"date":"2026-01-17T01:05:21","date_gmt":"2026-01-17T01:05:21","guid":{"rendered":"https:\/\/elregionalvm.com.ar\/noticias-villa-maria\/?p=113419"},"modified":"2026-01-17T01:05:24","modified_gmt":"2026-01-17T01:05:24","slug":"se-llevo-a-cabo-una-reunion-de-trabajo-con-mas-de-200-emprendedores-para-ultimar-detalles-a-dias-de-comenzar-el-recorrido-penero-2026","status":"publish","type":"post","link":"https:\/\/elregionalvm.com.ar\/noticias-villa-maria\/se-llevo-a-cabo-una-reunion-de-trabajo-con-mas-de-200-emprendedores-para-ultimar-detalles-a-dias-de-comenzar-el-recorrido-penero-2026\/","title":{"rendered":"Se llev\u00f3 a cabo una reuni\u00f3n de trabajo con m\u00e1s de 200 emprendedores, para ultimar detalles a d\u00edas de comenzar el Recorrido Pe\u00f1ero 2026,"},"content":{"rendered":"\n<p>Se llev\u00f3 a cabo una reuni\u00f3n de trabajo e informativa con m\u00e1s de 200 emprendedores, con el objetivo de ultimar detalles a d\u00edas de comenzar el Recorrido Pe\u00f1ero 2026, que se desarrollar\u00e1 desde el jueves 29 de enero hasta el martes 10 de febrero.<\/p>\n\n\n\n<p>Cabe mencionar que d\u00edas atr\u00e1s se realizaron encuentros con patios gastron\u00f3micos, food trucks y concesionarias, y ahora se suman los emprendedores y artesanos, por lo que ya finalizaron las reuniones con quienes estar\u00e1n presentes durante las trece noches en la Costanera.<\/p>\n\n\n\n<p>En este sentido, el presidente del Concejo Deliberante a cargo de la coordinaci\u00f3n del Ejecutivo, Juan Pablo Inglese, se dirigi\u00f3 a los presentes y expres\u00f3: \u201c<em>Entendemos que el Recorrido Pe\u00f1ero es algo que nos traspasa a nosotros y representa a una comunidad, que es lo que est\u00e1 en juego, es Villa Mar\u00eda quien va a estar durante esas 13 noches dando lo mejor que tiene. Gracias por apostar, por querer participar, por ser ustedes quienes lleven adelante esa identidad y exterioricen lo que queremos representar como ciudad a todos aquellos que van a venir a visitarnos\u201d.&nbsp;<\/em><\/p>\n\n\n\n<p>Por su parte, el secretario de Econom\u00eda, Transformaci\u00f3n Digital y Desarrollo Productivo, Guillermo Pieckenstainer, a\u00f1adi\u00f3:&nbsp;<em>\u201cEscuchamos a la gente, los escuchamos a ustedes y, este a\u00f1o, en principio se agranda el espacio de emprendedores, lo que es una sorpresa. Ustedes han logrado imponer una forma de mostrarnos hacia afuera, as\u00ed que redoblamos la apuesta y apostamos para que ustedes sigan desarrollando sus actividades\u201d.&nbsp;<\/em><\/p>\n\n\n\n<p>Asimismo, el subsecretario de Desarrollo Productivo, Germ\u00e1n Tenedini, dijo que es una gran oportunidad para trabajar en conjunto, representando a una ciudad que trabaja en armon\u00eda.&nbsp;<\/p>\n\n\n\n<p>Cabe destacar que, en total, el n\u00famero de emprendedores asciende a m\u00e1s de 300 y, a diferencia de ediciones anteriores, se concentrar\u00e1n en el mismo punto de la Costanera, que estar\u00e1 debidamente identificado.&nbsp;<\/p>\n\n\n\n<p><strong>Recorrido por el sector&nbsp;<\/strong><\/p>\n\n\n\n<p>Por otra parte, miembros de todas las secretar\u00edas que intervienen en la realizaci\u00f3n de este Recorrido Pe\u00f1ero, visitaron las m\u00e1s de 10 cuadras de la Costanera que conformar\u00e1n la edici\u00f3n 2026, para definir detalles operativos.&nbsp;<\/p>\n\n\n\n<p>Estuvieron presentes el presidente del Concejo Deliberante a cargo del Ejecutivo, Juan Pablo Inglese; el secretario de Econom\u00eda, Transformaci\u00f3n Digital y Desarrollo Productivo, Guillermo Pieckenstainer; su par de Prevenci\u00f3n, Seguridad y Convivencia Urbana, Guadalupe V\u00e1zquez; el secretario de Salud, Juli\u00e1n L\u00f3pez; su hom\u00f3logo de Servicios Urbanos, \u00c1ngel Quaglia; de Desarrollo Humano y Territorio, Agust\u00edn Turletti Mino; el director de Juventudes, Lucas Accastello; el subsecretario de Desarrollo Productivo, Germ\u00e1n Tenedini e integrantes del \u00e1rea; el subdirector de la Unidad Departamental Regional General San Mart\u00edn, Javier Hugo Miatello; entre otros funcionarios.<\/p>\n","protected":false},"excerpt":{"rendered":"<p>Se llev\u00f3 a cabo una reuni\u00f3n de trabajo e informativa con m\u00e1s de 200 emprendedores, con el objetivo de ultimar detalles a d\u00edas de comenzar el Recorrido Pe\u00f1ero 2026, que se desarrollar\u00e1 desde el jueves 29 de enero hasta el martes 10 de febrero. Cabe mencionar que d\u00edas atr\u00e1s se realizaron encuentros con patios gastron\u00f3micos, [&hellip;]<\/p>\n","protected":false},"author":4,"featured_media":113420,"comment_status":"open","ping_status":"open","sticky":false,"template":"","format":"standard","meta":{"site-sidebar-layout":"default","site-content-layout":"","ast-site-content-layout":"default","site-content-style":"default","site-sidebar-style":"default","ast-global-header-display":"","ast-banner-title-visibility":"","ast-main-header-display":"","ast-hfb-above-header-display":"","ast-hfb-below-header-display":"","ast-hfb-mobile-header-display":"","site-post-title":"","ast-breadcrumbs-content":"","ast-featured-img":"","footer-sml-layout":"","ast-disable-related-posts":"","theme-transparent-header-meta":"","adv-header-id-meta":"","stick-header-meta":"","header-above-stick-meta":"","header-main-stick-meta":"","header-below-stick-meta":"","astra-migrate-meta-layouts":"set","ast-page-background-enabled":"default","ast-page-background-meta":{"desktop":{"background-color":"","background-image":"","background-repeat":"repeat","background-position":"center center","background-size":"auto","background-attachment":"scroll","background-type":"","background-media":"","overlay-type":"","overlay-color":"","overlay-opacity":"","overlay-gradient":""},"tablet":{"background-color":"","background-image":"","background-repeat":"repeat","background-position":"center center","background-size":"auto","background-attachment":"scroll","background-type":"","background-media":"","overlay-type":"","overlay-color":"","overlay-opacity":"","overlay-gradient":""},"mobile":{"background-color":"","background-image":"","background-repeat":"repeat","background-position":"center center","background-size":"auto","background-attachment":"scroll","background-type":"","background-media":"","overlay-type":"","overlay-color":"","overlay-opacity":"","overlay-gradient":""}},"ast-content-background-meta":{"desktop":{"background-color":"var(--ast-global-color-5)","background-image":"","background-repeat":"repeat","background-position":"center center","background-size":"auto","background-attachment":"scroll","background-type":"","background-media":"","overlay-type":"","overlay-color":"","overlay-opacity":"","overlay-gradient":""},"tablet":{"background-color":"var(--ast-global-color-5)","background-image":"","background-repeat":"repeat","background-position":"center center","background-size":"auto","background-attachment":"scroll","background-type":"","background-media":"","overlay-type":"","overlay-color":"","overlay-opacity":"","overlay-gradient":""},"mobile":{"background-color":"var(--ast-global-color-5)","background-image":"","background-repeat":"repeat","background-position":"center center","background-size":"auto","background-attachment":"scroll","background-type":"","background-media":"","overlay-type":"","overlay-color":"","overlay-opacity":"","overlay-gradient":""}},"_jetpack_memberships_contains_paid_content":false,"_joinchat":[],"footnotes":""},"categories":[15302,5,2],"tags":[],"class_list":["post-113419","post","type-post","status-publish","format-standard","has-post-thumbnail","hentry","category-destacado","category-sociedad","category-villa-maria"],"yoast_head":"<!-- This site is optimized with the Yoast SEO plugin v26.8 - https:\/\/yoast.com\/product\/yoast-seo-wordpress\/ -->\n<title>Se llev\u00f3 a cabo una reuni\u00f3n de trabajo con m\u00e1s de 200 emprendedores, para ultimar detalles a d\u00edas de comenzar el Recorrido Pe\u00f1ero 2026, - El Regional<\/title>\n<meta name=\"robots\" content=\"index, follow, max-snippet:-1, max-image-preview:large, max-video-preview:-1\" \/>\n<link rel=\"canonical\" href=\"https:\/\/elregionalvm.com.ar\/noticias-villa-maria\/se-llevo-a-cabo-una-reunion-de-trabajo-con-mas-de-200-emprendedores-para-ultimar-detalles-a-dias-de-comenzar-el-recorrido-penero-2026\/\" \/>\n<meta property=\"og:locale\" content=\"es_ES\" \/>\n<meta property=\"og:type\" content=\"article\" \/>\n<meta property=\"og:title\" content=\"Se llev\u00f3 a cabo una reuni\u00f3n de trabajo con m\u00e1s de 200 emprendedores, para ultimar detalles a d\u00edas de comenzar el Recorrido Pe\u00f1ero 2026, - El Regional\" \/>\n<meta property=\"og:description\" content=\"Se llev\u00f3 a cabo una reuni\u00f3n de trabajo e informativa con m\u00e1s de 200 emprendedores, con el objetivo de ultimar detalles a d\u00edas de comenzar el Recorrido Pe\u00f1ero 2026, que se desarrollar\u00e1 desde el jueves 29 de enero hasta el martes 10 de febrero. Cabe mencionar que d\u00edas atr\u00e1s se realizaron encuentros con patios gastron\u00f3micos, [&hellip;]\" \/>\n<meta property=\"og:url\" content=\"https:\/\/elregionalvm.com.ar\/noticias-villa-maria\/se-llevo-a-cabo-una-reunion-de-trabajo-con-mas-de-200-emprendedores-para-ultimar-detalles-a-dias-de-comenzar-el-recorrido-penero-2026\/\" \/>\n<meta property=\"og:site_name\" content=\"El Regional\" \/>\n<meta property=\"article:publisher\" content=\"https:\/\/www.facebook.com\/elregionalvm\" \/>\n<meta property=\"article:published_time\" content=\"2026-01-17T01:05:21+00:00\" \/>\n<meta property=\"article:modified_time\" content=\"2026-01-17T01:05:24+00:00\" \/>\n<meta property=\"og:image\" content=\"https:\/\/elregionalvm.com.ar\/noticias-villa-maria\/wp-content\/uploads\/2026\/01\/53e2d9d850ec4c8c9a5a10c156fa294c.jpeg\" \/>\n\t<meta property=\"og:image:width\" content=\"800\" \/>\n\t<meta property=\"og:image:height\" content=\"600\" \/>\n\t<meta property=\"og:image:type\" content=\"image\/jpeg\" \/>\n<meta name=\"author\" content=\"Contenidos El Regional\" \/>\n<meta name=\"twitter:card\" content=\"summary_large_image\" \/>\n<meta name=\"twitter:creator\" content=\"@elregionalvm1\" \/>\n<meta name=\"twitter:site\" content=\"@elregionalvm1\" \/>\n<meta name=\"twitter:label1\" content=\"Escrito por\" \/>\n\t<meta name=\"twitter:data1\" content=\"Contenidos El Regional\" \/>\n\t<meta name=\"twitter:label2\" content=\"Tiempo de lectura\" \/>\n\t<meta name=\"twitter:data2\" content=\"3 minutos\" \/>\n<script type=\"application\/ld+json\" class=\"yoast-schema-graph\">{\"@context\":\"https:\/\/schema.org\",\"@graph\":[{\"@type\":\"Article\",\"@id\":\"https:\/\/elregionalvm.com.ar\/noticias-villa-maria\/se-llevo-a-cabo-una-reunion-de-trabajo-con-mas-de-200-emprendedores-para-ultimar-detalles-a-dias-de-comenzar-el-recorrido-penero-2026\/#article\",\"isPartOf\":{\"@id\":\"https:\/\/elregionalvm.com.ar\/noticias-villa-maria\/se-llevo-a-cabo-una-reunion-de-trabajo-con-mas-de-200-emprendedores-para-ultimar-detalles-a-dias-de-comenzar-el-recorrido-penero-2026\/\"},\"author\":{\"name\":\"Contenidos El Regional\",\"@id\":\"http:\/\/elregionalvm.com.ar\/noticias-villa-maria\/#\/schema\/person\/a0fb9c422317faca23d50163151bc354\"},\"headline\":\"Se llev\u00f3 a cabo una reuni\u00f3n de trabajo con m\u00e1s de 200 emprendedores, para ultimar detalles a d\u00edas de comenzar el Recorrido Pe\u00f1ero 2026,\",\"datePublished\":\"2026-01-17T01:05:21+00:00\",\"dateModified\":\"2026-01-17T01:05:24+00:00\",\"mainEntityOfPage\":{\"@id\":\"https:\/\/elregionalvm.com.ar\/noticias-villa-maria\/se-llevo-a-cabo-una-reunion-de-trabajo-con-mas-de-200-emprendedores-para-ultimar-detalles-a-dias-de-comenzar-el-recorrido-penero-2026\/\"},\"wordCount\":492,\"commentCount\":0,\"image\":{\"@id\":\"https:\/\/elregionalvm.com.ar\/noticias-villa-maria\/se-llevo-a-cabo-una-reunion-de-trabajo-con-mas-de-200-emprendedores-para-ultimar-detalles-a-dias-de-comenzar-el-recorrido-penero-2026\/#primaryimage\"},\"thumbnailUrl\":\"https:\/\/i0.wp.com\/elregionalvm.com.ar\/noticias-villa-maria\/wp-content\/uploads\/2026\/01\/53e2d9d850ec4c8c9a5a10c156fa294c.jpeg?fit=800%2C600&ssl=1\",\"articleSection\":[\"destacado\",\"Sociedad\",\"Villa Mar\u00eda\"],\"inLanguage\":\"es\",\"potentialAction\":[{\"@type\":\"CommentAction\",\"name\":\"Comment\",\"target\":[\"https:\/\/elregionalvm.com.ar\/noticias-villa-maria\/se-llevo-a-cabo-una-reunion-de-trabajo-con-mas-de-200-emprendedores-para-ultimar-detalles-a-dias-de-comenzar-el-recorrido-penero-2026\/#respond\"]}]},{\"@type\":\"WebPage\",\"@id\":\"https:\/\/elregionalvm.com.ar\/noticias-villa-maria\/se-llevo-a-cabo-una-reunion-de-trabajo-con-mas-de-200-emprendedores-para-ultimar-detalles-a-dias-de-comenzar-el-recorrido-penero-2026\/\",\"url\":\"https:\/\/elregionalvm.com.ar\/noticias-villa-maria\/se-llevo-a-cabo-una-reunion-de-trabajo-con-mas-de-200-emprendedores-para-ultimar-detalles-a-dias-de-comenzar-el-recorrido-penero-2026\/\",\"name\":\"Se llev\u00f3 a cabo una reuni\u00f3n de trabajo con m\u00e1s de 200 emprendedores, para ultimar detalles a d\u00edas de comenzar el Recorrido Pe\u00f1ero 2026, - El Regional\",\"isPartOf\":{\"@id\":\"http:\/\/elregionalvm.com.ar\/noticias-villa-maria\/#website\"},\"primaryImageOfPage\":{\"@id\":\"https:\/\/elregionalvm.com.ar\/noticias-villa-maria\/se-llevo-a-cabo-una-reunion-de-trabajo-con-mas-de-200-emprendedores-para-ultimar-detalles-a-dias-de-comenzar-el-recorrido-penero-2026\/#primaryimage\"},\"image\":{\"@id\":\"https:\/\/elregionalvm.com.ar\/noticias-villa-maria\/se-llevo-a-cabo-una-reunion-de-trabajo-con-mas-de-200-emprendedores-para-ultimar-detalles-a-dias-de-comenzar-el-recorrido-penero-2026\/#primaryimage\"},\"thumbnailUrl\":\"https:\/\/i0.wp.com\/elregionalvm.com.ar\/noticias-villa-maria\/wp-content\/uploads\/2026\/01\/53e2d9d850ec4c8c9a5a10c156fa294c.jpeg?fit=800%2C600&ssl=1\",\"datePublished\":\"2026-01-17T01:05:21+00:00\",\"dateModified\":\"2026-01-17T01:05:24+00:00\",\"author\":{\"@id\":\"http:\/\/elregionalvm.com.ar\/noticias-villa-maria\/#\/schema\/person\/a0fb9c422317faca23d50163151bc354\"},\"breadcrumb\":{\"@id\":\"https:\/\/elregionalvm.com.ar\/noticias-villa-maria\/se-llevo-a-cabo-una-reunion-de-trabajo-con-mas-de-200-emprendedores-para-ultimar-detalles-a-dias-de-comenzar-el-recorrido-penero-2026\/#breadcrumb\"},\"inLanguage\":\"es\",\"potentialAction\":[{\"@type\":\"ReadAction\",\"target\":[\"https:\/\/elregionalvm.com.ar\/noticias-villa-maria\/se-llevo-a-cabo-una-reunion-de-trabajo-con-mas-de-200-emprendedores-para-ultimar-detalles-a-dias-de-comenzar-el-recorrido-penero-2026\/\"]}]},{\"@type\":\"ImageObject\",\"inLanguage\":\"es\",\"@id\":\"https:\/\/elregionalvm.com.ar\/noticias-villa-maria\/se-llevo-a-cabo-una-reunion-de-trabajo-con-mas-de-200-emprendedores-para-ultimar-detalles-a-dias-de-comenzar-el-recorrido-penero-2026\/#primaryimage\",\"url\":\"https:\/\/i0.wp.com\/elregionalvm.com.ar\/noticias-villa-maria\/wp-content\/uploads\/2026\/01\/53e2d9d850ec4c8c9a5a10c156fa294c.jpeg?fit=800%2C600&ssl=1\",\"contentUrl\":\"https:\/\/i0.wp.com\/elregionalvm.com.ar\/noticias-villa-maria\/wp-content\/uploads\/2026\/01\/53e2d9d850ec4c8c9a5a10c156fa294c.jpeg?fit=800%2C600&ssl=1\",\"width\":800,\"height\":600},{\"@type\":\"BreadcrumbList\",\"@id\":\"https:\/\/elregionalvm.com.ar\/noticias-villa-maria\/se-llevo-a-cabo-una-reunion-de-trabajo-con-mas-de-200-emprendedores-para-ultimar-detalles-a-dias-de-comenzar-el-recorrido-penero-2026\/#breadcrumb\",\"itemListElement\":[{\"@type\":\"ListItem\",\"position\":1,\"name\":\"Portada\",\"item\":\"https:\/\/elregionalvm.com.ar\/noticias-villa-maria\/\"},{\"@type\":\"ListItem\",\"position\":2,\"name\":\"Se llev\u00f3 a cabo una reuni\u00f3n de trabajo con m\u00e1s de 200 emprendedores, para ultimar detalles a d\u00edas de comenzar el Recorrido Pe\u00f1ero 2026,\"}]},{\"@type\":\"WebSite\",\"@id\":\"http:\/\/elregionalvm.com.ar\/noticias-villa-maria\/#website\",\"url\":\"http:\/\/elregionalvm.com.ar\/noticias-villa-maria\/\",\"name\":\"El Regional\",\"description\":\"Mucho m\u00e1s que informaci\u00f3n\",\"potentialAction\":[{\"@type\":\"SearchAction\",\"target\":{\"@type\":\"EntryPoint\",\"urlTemplate\":\"http:\/\/elregionalvm.com.ar\/noticias-villa-maria\/?s={search_term_string}\"},\"query-input\":{\"@type\":\"PropertyValueSpecification\",\"valueRequired\":true,\"valueName\":\"search_term_string\"}}],\"inLanguage\":\"es\"},{\"@type\":\"Person\",\"@id\":\"http:\/\/elregionalvm.com.ar\/noticias-villa-maria\/#\/schema\/person\/a0fb9c422317faca23d50163151bc354\",\"name\":\"Contenidos El Regional\",\"image\":{\"@type\":\"ImageObject\",\"inLanguage\":\"es\",\"@id\":\"http:\/\/elregionalvm.com.ar\/noticias-villa-maria\/#\/schema\/person\/image\/\",\"url\":\"https:\/\/secure.gravatar.com\/avatar\/265b27cb2209af7bb3a1318f03305787d7981a5cc6e6cd08fe5a4ecdf99d4b48?s=96&d=mm&r=g\",\"contentUrl\":\"https:\/\/secure.gravatar.com\/avatar\/265b27cb2209af7bb3a1318f03305787d7981a5cc6e6cd08fe5a4ecdf99d4b48?s=96&d=mm&r=g\",\"caption\":\"Contenidos El Regional\"},\"url\":\"https:\/\/elregionalvm.com.ar\/noticias-villa-maria\/author\/contenido\/\"}]}<\/script>\n<!-- \/ Yoast SEO plugin. -->","yoast_head_json":{"title":"Se llev\u00f3 a cabo una reuni\u00f3n de trabajo con m\u00e1s de 200 emprendedores, para ultimar detalles a d\u00edas de comenzar el Recorrido Pe\u00f1ero 2026, - El Regional","robots":{"index":"index","follow":"follow","max-snippet":"max-snippet:-1","max-image-preview":"max-image-preview:large","max-video-preview":"max-video-preview:-1"},"canonical":"https:\/\/elregionalvm.com.ar\/noticias-villa-maria\/se-llevo-a-cabo-una-reunion-de-trabajo-con-mas-de-200-emprendedores-para-ultimar-detalles-a-dias-de-comenzar-el-recorrido-penero-2026\/","og_locale":"es_ES","og_type":"article","og_title":"Se llev\u00f3 a cabo una reuni\u00f3n de trabajo con m\u00e1s de 200 emprendedores, para ultimar detalles a d\u00edas de comenzar el Recorrido Pe\u00f1ero 2026, - El Regional","og_description":"Se llev\u00f3 a cabo una reuni\u00f3n de trabajo e informativa con m\u00e1s de 200 emprendedores, con el objetivo de ultimar detalles a d\u00edas de comenzar el Recorrido Pe\u00f1ero 2026, que se desarrollar\u00e1 desde el jueves 29 de enero hasta el martes 10 de febrero. Cabe mencionar que d\u00edas atr\u00e1s se realizaron encuentros con patios gastron\u00f3micos, [&hellip;]","og_url":"https:\/\/elregionalvm.com.ar\/noticias-villa-maria\/se-llevo-a-cabo-una-reunion-de-trabajo-con-mas-de-200-emprendedores-para-ultimar-detalles-a-dias-de-comenzar-el-recorrido-penero-2026\/","og_site_name":"El Regional","article_publisher":"https:\/\/www.facebook.com\/elregionalvm","article_published_time":"2026-01-17T01:05:21+00:00","article_modified_time":"2026-01-17T01:05:24+00:00","og_image":[{"width":800,"height":600,"url":"https:\/\/elregionalvm.com.ar\/noticias-villa-maria\/wp-content\/uploads\/2026\/01\/53e2d9d850ec4c8c9a5a10c156fa294c.jpeg","type":"image\/jpeg"}],"author":"Contenidos El Regional","twitter_card":"summary_large_image","twitter_creator":"@elregionalvm1","twitter_site":"@elregionalvm1","twitter_misc":{"Escrito por":"Contenidos El Regional","Tiempo de lectura":"3 minutos"},"schema":{"@context":"https:\/\/schema.org","@graph":[{"@type":"Article","@id":"https:\/\/elregionalvm.com.ar\/noticias-villa-maria\/se-llevo-a-cabo-una-reunion-de-trabajo-con-mas-de-200-emprendedores-para-ultimar-detalles-a-dias-de-comenzar-el-recorrido-penero-2026\/#article","isPartOf":{"@id":"https:\/\/elregionalvm.com.ar\/noticias-villa-maria\/se-llevo-a-cabo-una-reunion-de-trabajo-con-mas-de-200-emprendedores-para-ultimar-detalles-a-dias-de-comenzar-el-recorrido-penero-2026\/"},"author":{"name":"Contenidos El Regional","@id":"http:\/\/elregionalvm.com.ar\/noticias-villa-maria\/#\/schema\/person\/a0fb9c422317faca23d50163151bc354"},"headline":"Se llev\u00f3 a cabo una reuni\u00f3n de trabajo con m\u00e1s de 200 emprendedores, para ultimar detalles a d\u00edas de comenzar el Recorrido Pe\u00f1ero 2026,","datePublished":"2026-01-17T01:05:21+00:00","dateModified":"2026-01-17T01:05:24+00:00","mainEntityOfPage":{"@id":"https:\/\/elregionalvm.com.ar\/noticias-villa-maria\/se-llevo-a-cabo-una-reunion-de-trabajo-con-mas-de-200-emprendedores-para-ultimar-detalles-a-dias-de-comenzar-el-recorrido-penero-2026\/"},"wordCount":492,"commentCount":0,"image":{"@id":"https:\/\/elregionalvm.com.ar\/noticias-villa-maria\/se-llevo-a-cabo-una-reunion-de-trabajo-con-mas-de-200-emprendedores-para-ultimar-detalles-a-dias-de-comenzar-el-recorrido-penero-2026\/#primaryimage"},"thumbnailUrl":"https:\/\/i0.wp.com\/elregionalvm.com.ar\/noticias-villa-maria\/wp-content\/uploads\/2026\/01\/53e2d9d850ec4c8c9a5a10c156fa294c.jpeg?fit=800%2C600&ssl=1","articleSection":["destacado","Sociedad","Villa Mar\u00eda"],"inLanguage":"es","potentialAction":[{"@type":"CommentAction","name":"Comment","target":["https:\/\/elregionalvm.com.ar\/noticias-villa-maria\/se-llevo-a-cabo-una-reunion-de-trabajo-con-mas-de-200-emprendedores-para-ultimar-detalles-a-dias-de-comenzar-el-recorrido-penero-2026\/#respond"]}]},{"@type":"WebPage","@id":"https:\/\/elregionalvm.com.ar\/noticias-villa-maria\/se-llevo-a-cabo-una-reunion-de-trabajo-con-mas-de-200-emprendedores-para-ultimar-detalles-a-dias-de-comenzar-el-recorrido-penero-2026\/","url":"https:\/\/elregionalvm.com.ar\/noticias-villa-maria\/se-llevo-a-cabo-una-reunion-de-trabajo-con-mas-de-200-emprendedores-para-ultimar-detalles-a-dias-de-comenzar-el-recorrido-penero-2026\/","name":"Se llev\u00f3 a cabo una reuni\u00f3n de trabajo con m\u00e1s de 200 emprendedores, para ultimar detalles a d\u00edas de comenzar el Recorrido Pe\u00f1ero 2026, - El Regional","isPartOf":{"@id":"http:\/\/elregionalvm.com.ar\/noticias-villa-maria\/#website"},"primaryImageOfPage":{"@id":"https:\/\/elregionalvm.com.ar\/noticias-villa-maria\/se-llevo-a-cabo-una-reunion-de-trabajo-con-mas-de-200-emprendedores-para-ultimar-detalles-a-dias-de-comenzar-el-recorrido-penero-2026\/#primaryimage"},"image":{"@id":"https:\/\/elregionalvm.com.ar\/noticias-villa-maria\/se-llevo-a-cabo-una-reunion-de-trabajo-con-mas-de-200-emprendedores-para-ultimar-detalles-a-dias-de-comenzar-el-recorrido-penero-2026\/#primaryimage"},"thumbnailUrl":"https:\/\/i0.wp.com\/elregionalvm.com.ar\/noticias-villa-maria\/wp-content\/uploads\/2026\/01\/53e2d9d850ec4c8c9a5a10c156fa294c.jpeg?fit=800%2C600&ssl=1","datePublished":"2026-01-17T01:05:21+00:00","dateModified":"2026-01-17T01:05:24+00:00","author":{"@id":"http:\/\/elregionalvm.com.ar\/noticias-villa-maria\/#\/schema\/person\/a0fb9c422317faca23d50163151bc354"},"breadcrumb":{"@id":"https:\/\/elregionalvm.com.ar\/noticias-villa-maria\/se-llevo-a-cabo-una-reunion-de-trabajo-con-mas-de-200-emprendedores-para-ultimar-detalles-a-dias-de-comenzar-el-recorrido-penero-2026\/#breadcrumb"},"inLanguage":"es","potentialAction":[{"@type":"ReadAction","target":["https:\/\/elregionalvm.com.ar\/noticias-villa-maria\/se-llevo-a-cabo-una-reunion-de-trabajo-con-mas-de-200-emprendedores-para-ultimar-detalles-a-dias-de-comenzar-el-recorrido-penero-2026\/"]}]},{"@type":"ImageObject","inLanguage":"es","@id":"https:\/\/elregionalvm.com.ar\/noticias-villa-maria\/se-llevo-a-cabo-una-reunion-de-trabajo-con-mas-de-200-emprendedores-para-ultimar-detalles-a-dias-de-comenzar-el-recorrido-penero-2026\/#primaryimage","url":"https:\/\/i0.wp.com\/elregionalvm.com.ar\/noticias-villa-maria\/wp-content\/uploads\/2026\/01\/53e2d9d850ec4c8c9a5a10c156fa294c.jpeg?fit=800%2C600&ssl=1","contentUrl":"https:\/\/i0.wp.com\/elregionalvm.com.ar\/noticias-villa-maria\/wp-content\/uploads\/2026\/01\/53e2d9d850ec4c8c9a5a10c156fa294c.jpeg?fit=800%2C600&ssl=1","width":800,"height":600},{"@type":"BreadcrumbList","@id":"https:\/\/elregionalvm.com.ar\/noticias-villa-maria\/se-llevo-a-cabo-una-reunion-de-trabajo-con-mas-de-200-emprendedores-para-ultimar-detalles-a-dias-de-comenzar-el-recorrido-penero-2026\/#breadcrumb","itemListElement":[{"@type":"ListItem","position":1,"name":"Portada","item":"https:\/\/elregionalvm.com.ar\/noticias-villa-maria\/"},{"@type":"ListItem","position":2,"name":"Se llev\u00f3 a cabo una reuni\u00f3n de trabajo con m\u00e1s de 200 emprendedores, para ultimar detalles a d\u00edas de comenzar el Recorrido Pe\u00f1ero 2026,"}]},{"@type":"WebSite","@id":"http:\/\/elregionalvm.com.ar\/noticias-villa-maria\/#website","url":"http:\/\/elregionalvm.com.ar\/noticias-villa-maria\/","name":"El Regional","description":"Mucho m\u00e1s que informaci\u00f3n","potentialAction":[{"@type":"SearchAction","target":{"@type":"EntryPoint","urlTemplate":"http:\/\/elregionalvm.com.ar\/noticias-villa-maria\/?s={search_term_string}"},"query-input":{"@type":"PropertyValueSpecification","valueRequired":true,"valueName":"search_term_string"}}],"inLanguage":"es"},{"@type":"Person","@id":"http:\/\/elregionalvm.com.ar\/noticias-villa-maria\/#\/schema\/person\/a0fb9c422317faca23d50163151bc354","name":"Contenidos El Regional","image":{"@type":"ImageObject","inLanguage":"es","@id":"http:\/\/elregionalvm.com.ar\/noticias-villa-maria\/#\/schema\/person\/image\/","url":"https:\/\/secure.gravatar.com\/avatar\/265b27cb2209af7bb3a1318f03305787d7981a5cc6e6cd08fe5a4ecdf99d4b48?s=96&d=mm&r=g","contentUrl":"https:\/\/secure.gravatar.com\/avatar\/265b27cb2209af7bb3a1318f03305787d7981a5cc6e6cd08fe5a4ecdf99d4b48?s=96&d=mm&r=g","caption":"Contenidos El Regional"},"url":"https:\/\/elregionalvm.com.ar\/noticias-villa-maria\/author\/contenido\/"}]}},"jetpack_featured_media_url":"https:\/\/i0.wp.com\/elregionalvm.com.ar\/noticias-villa-maria\/wp-content\/uploads\/2026\/01\/53e2d9d850ec4c8c9a5a10c156fa294c.jpeg?fit=800%2C600&ssl=1","jetpack_sharing_enabled":true,"_links":{"self":[{"href":"https:\/\/elregionalvm.com.ar\/noticias-villa-maria\/wp-json\/wp\/v2\/posts\/113419","targetHints":{"allow":["GET"]}}],"collection":[{"href":"https:\/\/elregionalvm.com.ar\/noticias-villa-maria\/wp-json\/wp\/v2\/posts"}],"about":[{"href":"https:\/\/elregionalvm.com.ar\/noticias-villa-maria\/wp-json\/wp\/v2\/types\/post"}],"author":[{"embeddable":true,"href":"https:\/\/elregionalvm.com.ar\/noticias-villa-maria\/wp-json\/wp\/v2\/users\/4"}],"replies":[{"embeddable":true,"href":"https:\/\/elregionalvm.com.ar\/noticias-villa-maria\/wp-json\/wp\/v2\/comments?post=113419"}],"version-history":[{"count":1,"href":"https:\/\/elregionalvm.com.ar\/noticias-villa-maria\/wp-json\/wp\/v2\/posts\/113419\/revisions"}],"predecessor-version":[{"id":113421,"href":"https:\/\/elregionalvm.com.ar\/noticias-villa-maria\/wp-json\/wp\/v2\/posts\/113419\/revisions\/113421"}],"wp:featuredmedia":[{"embeddable":true,"href":"https:\/\/elregionalvm.com.ar\/noticias-villa-maria\/wp-json\/wp\/v2\/media\/113420"}],"wp:attachment":[{"href":"https:\/\/elregionalvm.com.ar\/noticias-villa-maria\/wp-json\/wp\/v2\/media?parent=113419"}],"wp:term":[{"taxonomy":"category","embeddable":true,"href":"https:\/\/elregionalvm.com.ar\/noticias-villa-maria\/wp-json\/wp\/v2\/categories?post=113419"},{"taxonomy":"post_tag","embeddable":true,"href":"https:\/\/elregionalvm.com.ar\/noticias-villa-maria\/wp-json\/wp\/v2\/tags?post=113419"}],"curies":[{"name":"wp","href":"https:\/\/api.w.org\/{rel}","templated":true}]}}