{"id":113425,"date":"2026-01-17T01:33:12","date_gmt":"2026-01-17T01:33:12","guid":{"rendered":"https:\/\/elregionalvm.com.ar\/noticias-villa-maria\/?p=113425"},"modified":"2026-01-17T01:33:14","modified_gmt":"2026-01-17T01:33:14","slug":"en-un-operativo-interfuerzas-retuvieron-18-motos-2-camiones-y-auto-en-diversos-barrios-de-la-ciudad","status":"publish","type":"post","link":"https:\/\/elregionalvm.com.ar\/noticias-villa-maria\/en-un-operativo-interfuerzas-retuvieron-18-motos-2-camiones-y-auto-en-diversos-barrios-de-la-ciudad\/","title":{"rendered":"En un Operativo Interfuerzas retuvieron 18 motos, 2 camiones y auto en diversos barrios de la ciudad"},"content":{"rendered":"\n<p>A trav\u00e9s de la Secretar\u00eda de Prevenci\u00f3n, Seguridad y Convivencia Urbana, informa que se concret\u00f3 un nuevo operativo interfuerzas, impulsado por el Consejo de Seguridad Local, con el prop\u00f3sito de reforzar la prevenci\u00f3n del delito y fortalecer la presencia institucional en distintos sectores urbanos.<\/p>\n\n\n\n<p>El operativo incluy\u00f3 controles vehiculares, patrullajes preventivos e identificaci\u00f3n de personas, en una acci\u00f3n conjunta entre la Polic\u00eda de C\u00f3rdoba, la Guardia de Infanter\u00eda, el Servicio Especial de Operaciones Motorizadas (SEOM), adem\u00e1s de la participaci\u00f3n de la Guardia Local.<\/p>\n\n\n\n<p>La labor conjunta que tuvo lugar en la costanera y los barrios Almirante Brown y Evita, arroj\u00f3 resultados positivos, con la retenci\u00f3n de 18 motocicletas, 2 camiones y 1 autom\u00f3vil.&nbsp;<\/p>\n\n\n\n<p>Sobre el mismo, la secretaria de Prevenci\u00f3n, Seguridad y Convivencia Urbana, Guadalupe V\u00e1zquez, dijo: \u201cEstos procedimientos, llevados a cabo por las fuerzas de seguridad y municipales en conjunto, tienen como objetivo principal prevenir y reducir accidentes de tr\u00e1nsito, as\u00ed como detectar infracciones y delitos vinculados al uso de veh\u00edculos\u201d.<\/p>\n\n\n\n<p>Estos dispositivos continuar\u00e1n desarroll\u00e1ndose de manera sostenida en distintos sectores de Villa Mar\u00eda, con el objetivo de garantizar mayor seguridad, presencia del Estado y tranquilidad para la comunidad.<\/p>\n","protected":false},"excerpt":{"rendered":"<p>A trav\u00e9s de la Secretar\u00eda de Prevenci\u00f3n, Seguridad y Convivencia Urbana, informa que se concret\u00f3 un nuevo operativo interfuerzas, impulsado por el Consejo de Seguridad Local, con el prop\u00f3sito de reforzar la prevenci\u00f3n del delito y fortalecer la presencia institucional en distintos sectores urbanos. El operativo incluy\u00f3 controles vehiculares, patrullajes preventivos e identificaci\u00f3n de personas, [&hellip;]<\/p>\n","protected":false},"author":4,"featured_media":113426,"comment_status":"open","ping_status":"open","sticky":false,"template":"","format":"standard","meta":{"site-sidebar-layout":"default","site-content-layout":"","ast-site-content-layout":"default","site-content-style":"default","site-sidebar-style":"default","ast-global-header-display":"","ast-banner-title-visibility":"","ast-main-header-display":"","ast-hfb-above-header-display":"","ast-hfb-below-header-display":"","ast-hfb-mobile-header-display":"","site-post-title":"","ast-breadcrumbs-content":"","ast-featured-img":"","footer-sml-layout":"","ast-disable-related-posts":"","theme-transparent-header-meta":"","adv-header-id-meta":"","stick-header-meta":"","header-above-stick-meta":"","header-main-stick-meta":"","header-below-stick-meta":"","astra-migrate-meta-layouts":"set","ast-page-background-enabled":"default","ast-page-background-meta":{"desktop":{"background-color":"","background-image":"","background-repeat":"repeat","background-position":"center center","background-size":"auto","background-attachment":"scroll","background-type":"","background-media":"","overlay-type":"","overlay-color":"","overlay-opacity":"","overlay-gradient":""},"tablet":{"background-color":"","background-image":"","background-repeat":"repeat","background-position":"center center","background-size":"auto","background-attachment":"scroll","background-type":"","background-media":"","overlay-type":"","overlay-color":"","overlay-opacity":"","overlay-gradient":""},"mobile":{"background-color":"","background-image":"","background-repeat":"repeat","background-position":"center center","background-size":"auto","background-attachment":"scroll","background-type":"","background-media":"","overlay-type":"","overlay-color":"","overlay-opacity":"","overlay-gradient":""}},"ast-content-background-meta":{"desktop":{"background-color":"var(--ast-global-color-5)","background-image":"","background-repeat":"repeat","background-position":"center center","background-size":"auto","background-attachment":"scroll","background-type":"","background-media":"","overlay-type":"","overlay-color":"","overlay-opacity":"","overlay-gradient":""},"tablet":{"background-color":"var(--ast-global-color-5)","background-image":"","background-repeat":"repeat","background-position":"center center","background-size":"auto","background-attachment":"scroll","background-type":"","background-media":"","overlay-type":"","overlay-color":"","overlay-opacity":"","overlay-gradient":""},"mobile":{"background-color":"var(--ast-global-color-5)","background-image":"","background-repeat":"repeat","background-position":"center center","background-size":"auto","background-attachment":"scroll","background-type":"","background-media":"","overlay-type":"","overlay-color":"","overlay-opacity":"","overlay-gradient":""}},"_jetpack_memberships_contains_paid_content":false,"_joinchat":[],"footnotes":""},"categories":[15302,2234,5],"tags":[],"class_list":["post-113425","post","type-post","status-publish","format-standard","has-post-thumbnail","hentry","category-destacado","category-policiales","category-sociedad"],"yoast_head":"<!-- This site is optimized with the Yoast SEO plugin v26.8 - https:\/\/yoast.com\/product\/yoast-seo-wordpress\/ -->\n<title>En un Operativo Interfuerzas retuvieron 18 motos, 2 camiones y auto en diversos barrios de la ciudad - El Regional<\/title>\n<meta name=\"robots\" content=\"index, follow, max-snippet:-1, max-image-preview:large, max-video-preview:-1\" \/>\n<link rel=\"canonical\" href=\"https:\/\/elregionalvm.com.ar\/noticias-villa-maria\/en-un-operativo-interfuerzas-retuvieron-18-motos-2-camiones-y-auto-en-diversos-barrios-de-la-ciudad\/\" \/>\n<meta property=\"og:locale\" content=\"es_ES\" \/>\n<meta property=\"og:type\" content=\"article\" \/>\n<meta property=\"og:title\" content=\"En un Operativo Interfuerzas retuvieron 18 motos, 2 camiones y auto en diversos barrios de la ciudad - El Regional\" \/>\n<meta property=\"og:description\" content=\"A trav\u00e9s de la Secretar\u00eda de Prevenci\u00f3n, Seguridad y Convivencia Urbana, informa que se concret\u00f3 un nuevo operativo interfuerzas, impulsado por el Consejo de Seguridad Local, con el prop\u00f3sito de reforzar la prevenci\u00f3n del delito y fortalecer la presencia institucional en distintos sectores urbanos. El operativo incluy\u00f3 controles vehiculares, patrullajes preventivos e identificaci\u00f3n de personas, [&hellip;]\" \/>\n<meta property=\"og:url\" content=\"https:\/\/elregionalvm.com.ar\/noticias-villa-maria\/en-un-operativo-interfuerzas-retuvieron-18-motos-2-camiones-y-auto-en-diversos-barrios-de-la-ciudad\/\" \/>\n<meta property=\"og:site_name\" content=\"El Regional\" \/>\n<meta property=\"article:publisher\" content=\"https:\/\/www.facebook.com\/elregionalvm\" \/>\n<meta property=\"article:published_time\" content=\"2026-01-17T01:33:12+00:00\" \/>\n<meta property=\"article:modified_time\" content=\"2026-01-17T01:33:14+00:00\" \/>\n<meta property=\"og:image\" content=\"https:\/\/elregionalvm.com.ar\/noticias-villa-maria\/wp-content\/uploads\/2026\/01\/6e335b0f34db4b6fb2704d228fc58656.jpeg\" \/>\n\t<meta property=\"og:image:width\" content=\"800\" \/>\n\t<meta property=\"og:image:height\" content=\"600\" \/>\n\t<meta property=\"og:image:type\" content=\"image\/jpeg\" \/>\n<meta name=\"author\" content=\"Contenidos El Regional\" \/>\n<meta name=\"twitter:card\" content=\"summary_large_image\" \/>\n<meta name=\"twitter:creator\" content=\"@elregionalvm1\" \/>\n<meta name=\"twitter:site\" content=\"@elregionalvm1\" \/>\n<meta name=\"twitter:label1\" content=\"Escrito por\" \/>\n\t<meta name=\"twitter:data1\" content=\"Contenidos El Regional\" \/>\n\t<meta name=\"twitter:label2\" content=\"Tiempo de lectura\" \/>\n\t<meta name=\"twitter:data2\" content=\"2 minutos\" \/>\n<script type=\"application\/ld+json\" class=\"yoast-schema-graph\">{\"@context\":\"https:\/\/schema.org\",\"@graph\":[{\"@type\":\"Article\",\"@id\":\"https:\/\/elregionalvm.com.ar\/noticias-villa-maria\/en-un-operativo-interfuerzas-retuvieron-18-motos-2-camiones-y-auto-en-diversos-barrios-de-la-ciudad\/#article\",\"isPartOf\":{\"@id\":\"https:\/\/elregionalvm.com.ar\/noticias-villa-maria\/en-un-operativo-interfuerzas-retuvieron-18-motos-2-camiones-y-auto-en-diversos-barrios-de-la-ciudad\/\"},\"author\":{\"name\":\"Contenidos El Regional\",\"@id\":\"http:\/\/elregionalvm.com.ar\/noticias-villa-maria\/#\/schema\/person\/a0fb9c422317faca23d50163151bc354\"},\"headline\":\"En un Operativo Interfuerzas retuvieron 18 motos, 2 camiones y auto en diversos barrios de la ciudad\",\"datePublished\":\"2026-01-17T01:33:12+00:00\",\"dateModified\":\"2026-01-17T01:33:14+00:00\",\"mainEntityOfPage\":{\"@id\":\"https:\/\/elregionalvm.com.ar\/noticias-villa-maria\/en-un-operativo-interfuerzas-retuvieron-18-motos-2-camiones-y-auto-en-diversos-barrios-de-la-ciudad\/\"},\"wordCount\":224,\"commentCount\":0,\"image\":{\"@id\":\"https:\/\/elregionalvm.com.ar\/noticias-villa-maria\/en-un-operativo-interfuerzas-retuvieron-18-motos-2-camiones-y-auto-en-diversos-barrios-de-la-ciudad\/#primaryimage\"},\"thumbnailUrl\":\"https:\/\/i0.wp.com\/elregionalvm.com.ar\/noticias-villa-maria\/wp-content\/uploads\/2026\/01\/6e335b0f34db4b6fb2704d228fc58656.jpeg?fit=800%2C600&ssl=1\",\"articleSection\":[\"destacado\",\"Policiales\",\"Sociedad\"],\"inLanguage\":\"es\",\"potentialAction\":[{\"@type\":\"CommentAction\",\"name\":\"Comment\",\"target\":[\"https:\/\/elregionalvm.com.ar\/noticias-villa-maria\/en-un-operativo-interfuerzas-retuvieron-18-motos-2-camiones-y-auto-en-diversos-barrios-de-la-ciudad\/#respond\"]}]},{\"@type\":\"WebPage\",\"@id\":\"https:\/\/elregionalvm.com.ar\/noticias-villa-maria\/en-un-operativo-interfuerzas-retuvieron-18-motos-2-camiones-y-auto-en-diversos-barrios-de-la-ciudad\/\",\"url\":\"https:\/\/elregionalvm.com.ar\/noticias-villa-maria\/en-un-operativo-interfuerzas-retuvieron-18-motos-2-camiones-y-auto-en-diversos-barrios-de-la-ciudad\/\",\"name\":\"En un Operativo Interfuerzas retuvieron 18 motos, 2 camiones y auto en diversos barrios de la ciudad - El Regional\",\"isPartOf\":{\"@id\":\"http:\/\/elregionalvm.com.ar\/noticias-villa-maria\/#website\"},\"primaryImageOfPage\":{\"@id\":\"https:\/\/elregionalvm.com.ar\/noticias-villa-maria\/en-un-operativo-interfuerzas-retuvieron-18-motos-2-camiones-y-auto-en-diversos-barrios-de-la-ciudad\/#primaryimage\"},\"image\":{\"@id\":\"https:\/\/elregionalvm.com.ar\/noticias-villa-maria\/en-un-operativo-interfuerzas-retuvieron-18-motos-2-camiones-y-auto-en-diversos-barrios-de-la-ciudad\/#primaryimage\"},\"thumbnailUrl\":\"https:\/\/i0.wp.com\/elregionalvm.com.ar\/noticias-villa-maria\/wp-content\/uploads\/2026\/01\/6e335b0f34db4b6fb2704d228fc58656.jpeg?fit=800%2C600&ssl=1\",\"datePublished\":\"2026-01-17T01:33:12+00:00\",\"dateModified\":\"2026-01-17T01:33:14+00:00\",\"author\":{\"@id\":\"http:\/\/elregionalvm.com.ar\/noticias-villa-maria\/#\/schema\/person\/a0fb9c422317faca23d50163151bc354\"},\"breadcrumb\":{\"@id\":\"https:\/\/elregionalvm.com.ar\/noticias-villa-maria\/en-un-operativo-interfuerzas-retuvieron-18-motos-2-camiones-y-auto-en-diversos-barrios-de-la-ciudad\/#breadcrumb\"},\"inLanguage\":\"es\",\"potentialAction\":[{\"@type\":\"ReadAction\",\"target\":[\"https:\/\/elregionalvm.com.ar\/noticias-villa-maria\/en-un-operativo-interfuerzas-retuvieron-18-motos-2-camiones-y-auto-en-diversos-barrios-de-la-ciudad\/\"]}]},{\"@type\":\"ImageObject\",\"inLanguage\":\"es\",\"@id\":\"https:\/\/elregionalvm.com.ar\/noticias-villa-maria\/en-un-operativo-interfuerzas-retuvieron-18-motos-2-camiones-y-auto-en-diversos-barrios-de-la-ciudad\/#primaryimage\",\"url\":\"https:\/\/i0.wp.com\/elregionalvm.com.ar\/noticias-villa-maria\/wp-content\/uploads\/2026\/01\/6e335b0f34db4b6fb2704d228fc58656.jpeg?fit=800%2C600&ssl=1\",\"contentUrl\":\"https:\/\/i0.wp.com\/elregionalvm.com.ar\/noticias-villa-maria\/wp-content\/uploads\/2026\/01\/6e335b0f34db4b6fb2704d228fc58656.jpeg?fit=800%2C600&ssl=1\",\"width\":800,\"height\":600},{\"@type\":\"BreadcrumbList\",\"@id\":\"https:\/\/elregionalvm.com.ar\/noticias-villa-maria\/en-un-operativo-interfuerzas-retuvieron-18-motos-2-camiones-y-auto-en-diversos-barrios-de-la-ciudad\/#breadcrumb\",\"itemListElement\":[{\"@type\":\"ListItem\",\"position\":1,\"name\":\"Portada\",\"item\":\"https:\/\/elregionalvm.com.ar\/noticias-villa-maria\/\"},{\"@type\":\"ListItem\",\"position\":2,\"name\":\"En un Operativo Interfuerzas retuvieron 18 motos, 2 camiones y auto en diversos barrios de la ciudad\"}]},{\"@type\":\"WebSite\",\"@id\":\"http:\/\/elregionalvm.com.ar\/noticias-villa-maria\/#website\",\"url\":\"http:\/\/elregionalvm.com.ar\/noticias-villa-maria\/\",\"name\":\"El Regional\",\"description\":\"Mucho m\u00e1s que informaci\u00f3n\",\"potentialAction\":[{\"@type\":\"SearchAction\",\"target\":{\"@type\":\"EntryPoint\",\"urlTemplate\":\"http:\/\/elregionalvm.com.ar\/noticias-villa-maria\/?s={search_term_string}\"},\"query-input\":{\"@type\":\"PropertyValueSpecification\",\"valueRequired\":true,\"valueName\":\"search_term_string\"}}],\"inLanguage\":\"es\"},{\"@type\":\"Person\",\"@id\":\"http:\/\/elregionalvm.com.ar\/noticias-villa-maria\/#\/schema\/person\/a0fb9c422317faca23d50163151bc354\",\"name\":\"Contenidos El Regional\",\"image\":{\"@type\":\"ImageObject\",\"inLanguage\":\"es\",\"@id\":\"http:\/\/elregionalvm.com.ar\/noticias-villa-maria\/#\/schema\/person\/image\/\",\"url\":\"https:\/\/secure.gravatar.com\/avatar\/265b27cb2209af7bb3a1318f03305787d7981a5cc6e6cd08fe5a4ecdf99d4b48?s=96&d=mm&r=g\",\"contentUrl\":\"https:\/\/secure.gravatar.com\/avatar\/265b27cb2209af7bb3a1318f03305787d7981a5cc6e6cd08fe5a4ecdf99d4b48?s=96&d=mm&r=g\",\"caption\":\"Contenidos El Regional\"},\"url\":\"https:\/\/elregionalvm.com.ar\/noticias-villa-maria\/author\/contenido\/\"}]}<\/script>\n<!-- \/ Yoast SEO plugin. -->","yoast_head_json":{"title":"En un Operativo Interfuerzas retuvieron 18 motos, 2 camiones y auto en diversos barrios de la ciudad - El Regional","robots":{"index":"index","follow":"follow","max-snippet":"max-snippet:-1","max-image-preview":"max-image-preview:large","max-video-preview":"max-video-preview:-1"},"canonical":"https:\/\/elregionalvm.com.ar\/noticias-villa-maria\/en-un-operativo-interfuerzas-retuvieron-18-motos-2-camiones-y-auto-en-diversos-barrios-de-la-ciudad\/","og_locale":"es_ES","og_type":"article","og_title":"En un Operativo Interfuerzas retuvieron 18 motos, 2 camiones y auto en diversos barrios de la ciudad - El Regional","og_description":"A trav\u00e9s de la Secretar\u00eda de Prevenci\u00f3n, Seguridad y Convivencia Urbana, informa que se concret\u00f3 un nuevo operativo interfuerzas, impulsado por el Consejo de Seguridad Local, con el prop\u00f3sito de reforzar la prevenci\u00f3n del delito y fortalecer la presencia institucional en distintos sectores urbanos. El operativo incluy\u00f3 controles vehiculares, patrullajes preventivos e identificaci\u00f3n de personas, [&hellip;]","og_url":"https:\/\/elregionalvm.com.ar\/noticias-villa-maria\/en-un-operativo-interfuerzas-retuvieron-18-motos-2-camiones-y-auto-en-diversos-barrios-de-la-ciudad\/","og_site_name":"El Regional","article_publisher":"https:\/\/www.facebook.com\/elregionalvm","article_published_time":"2026-01-17T01:33:12+00:00","article_modified_time":"2026-01-17T01:33:14+00:00","og_image":[{"width":800,"height":600,"url":"https:\/\/elregionalvm.com.ar\/noticias-villa-maria\/wp-content\/uploads\/2026\/01\/6e335b0f34db4b6fb2704d228fc58656.jpeg","type":"image\/jpeg"}],"author":"Contenidos El Regional","twitter_card":"summary_large_image","twitter_creator":"@elregionalvm1","twitter_site":"@elregionalvm1","twitter_misc":{"Escrito por":"Contenidos El Regional","Tiempo de lectura":"2 minutos"},"schema":{"@context":"https:\/\/schema.org","@graph":[{"@type":"Article","@id":"https:\/\/elregionalvm.com.ar\/noticias-villa-maria\/en-un-operativo-interfuerzas-retuvieron-18-motos-2-camiones-y-auto-en-diversos-barrios-de-la-ciudad\/#article","isPartOf":{"@id":"https:\/\/elregionalvm.com.ar\/noticias-villa-maria\/en-un-operativo-interfuerzas-retuvieron-18-motos-2-camiones-y-auto-en-diversos-barrios-de-la-ciudad\/"},"author":{"name":"Contenidos El Regional","@id":"http:\/\/elregionalvm.com.ar\/noticias-villa-maria\/#\/schema\/person\/a0fb9c422317faca23d50163151bc354"},"headline":"En un Operativo Interfuerzas retuvieron 18 motos, 2 camiones y auto en diversos barrios de la ciudad","datePublished":"2026-01-17T01:33:12+00:00","dateModified":"2026-01-17T01:33:14+00:00","mainEntityOfPage":{"@id":"https:\/\/elregionalvm.com.ar\/noticias-villa-maria\/en-un-operativo-interfuerzas-retuvieron-18-motos-2-camiones-y-auto-en-diversos-barrios-de-la-ciudad\/"},"wordCount":224,"commentCount":0,"image":{"@id":"https:\/\/elregionalvm.com.ar\/noticias-villa-maria\/en-un-operativo-interfuerzas-retuvieron-18-motos-2-camiones-y-auto-en-diversos-barrios-de-la-ciudad\/#primaryimage"},"thumbnailUrl":"https:\/\/i0.wp.com\/elregionalvm.com.ar\/noticias-villa-maria\/wp-content\/uploads\/2026\/01\/6e335b0f34db4b6fb2704d228fc58656.jpeg?fit=800%2C600&ssl=1","articleSection":["destacado","Policiales","Sociedad"],"inLanguage":"es","potentialAction":[{"@type":"CommentAction","name":"Comment","target":["https:\/\/elregionalvm.com.ar\/noticias-villa-maria\/en-un-operativo-interfuerzas-retuvieron-18-motos-2-camiones-y-auto-en-diversos-barrios-de-la-ciudad\/#respond"]}]},{"@type":"WebPage","@id":"https:\/\/elregionalvm.com.ar\/noticias-villa-maria\/en-un-operativo-interfuerzas-retuvieron-18-motos-2-camiones-y-auto-en-diversos-barrios-de-la-ciudad\/","url":"https:\/\/elregionalvm.com.ar\/noticias-villa-maria\/en-un-operativo-interfuerzas-retuvieron-18-motos-2-camiones-y-auto-en-diversos-barrios-de-la-ciudad\/","name":"En un Operativo Interfuerzas retuvieron 18 motos, 2 camiones y auto en diversos barrios de la ciudad - El Regional","isPartOf":{"@id":"http:\/\/elregionalvm.com.ar\/noticias-villa-maria\/#website"},"primaryImageOfPage":{"@id":"https:\/\/elregionalvm.com.ar\/noticias-villa-maria\/en-un-operativo-interfuerzas-retuvieron-18-motos-2-camiones-y-auto-en-diversos-barrios-de-la-ciudad\/#primaryimage"},"image":{"@id":"https:\/\/elregionalvm.com.ar\/noticias-villa-maria\/en-un-operativo-interfuerzas-retuvieron-18-motos-2-camiones-y-auto-en-diversos-barrios-de-la-ciudad\/#primaryimage"},"thumbnailUrl":"https:\/\/i0.wp.com\/elregionalvm.com.ar\/noticias-villa-maria\/wp-content\/uploads\/2026\/01\/6e335b0f34db4b6fb2704d228fc58656.jpeg?fit=800%2C600&ssl=1","datePublished":"2026-01-17T01:33:12+00:00","dateModified":"2026-01-17T01:33:14+00:00","author":{"@id":"http:\/\/elregionalvm.com.ar\/noticias-villa-maria\/#\/schema\/person\/a0fb9c422317faca23d50163151bc354"},"breadcrumb":{"@id":"https:\/\/elregionalvm.com.ar\/noticias-villa-maria\/en-un-operativo-interfuerzas-retuvieron-18-motos-2-camiones-y-auto-en-diversos-barrios-de-la-ciudad\/#breadcrumb"},"inLanguage":"es","potentialAction":[{"@type":"ReadAction","target":["https:\/\/elregionalvm.com.ar\/noticias-villa-maria\/en-un-operativo-interfuerzas-retuvieron-18-motos-2-camiones-y-auto-en-diversos-barrios-de-la-ciudad\/"]}]},{"@type":"ImageObject","inLanguage":"es","@id":"https:\/\/elregionalvm.com.ar\/noticias-villa-maria\/en-un-operativo-interfuerzas-retuvieron-18-motos-2-camiones-y-auto-en-diversos-barrios-de-la-ciudad\/#primaryimage","url":"https:\/\/i0.wp.com\/elregionalvm.com.ar\/noticias-villa-maria\/wp-content\/uploads\/2026\/01\/6e335b0f34db4b6fb2704d228fc58656.jpeg?fit=800%2C600&ssl=1","contentUrl":"https:\/\/i0.wp.com\/elregionalvm.com.ar\/noticias-villa-maria\/wp-content\/uploads\/2026\/01\/6e335b0f34db4b6fb2704d228fc58656.jpeg?fit=800%2C600&ssl=1","width":800,"height":600},{"@type":"BreadcrumbList","@id":"https:\/\/elregionalvm.com.ar\/noticias-villa-maria\/en-un-operativo-interfuerzas-retuvieron-18-motos-2-camiones-y-auto-en-diversos-barrios-de-la-ciudad\/#breadcrumb","itemListElement":[{"@type":"ListItem","position":1,"name":"Portada","item":"https:\/\/elregionalvm.com.ar\/noticias-villa-maria\/"},{"@type":"ListItem","position":2,"name":"En un Operativo Interfuerzas retuvieron 18 motos, 2 camiones y auto en diversos barrios de la ciudad"}]},{"@type":"WebSite","@id":"http:\/\/elregionalvm.com.ar\/noticias-villa-maria\/#website","url":"http:\/\/elregionalvm.com.ar\/noticias-villa-maria\/","name":"El Regional","description":"Mucho m\u00e1s que informaci\u00f3n","potentialAction":[{"@type":"SearchAction","target":{"@type":"EntryPoint","urlTemplate":"http:\/\/elregionalvm.com.ar\/noticias-villa-maria\/?s={search_term_string}"},"query-input":{"@type":"PropertyValueSpecification","valueRequired":true,"valueName":"search_term_string"}}],"inLanguage":"es"},{"@type":"Person","@id":"http:\/\/elregionalvm.com.ar\/noticias-villa-maria\/#\/schema\/person\/a0fb9c422317faca23d50163151bc354","name":"Contenidos El Regional","image":{"@type":"ImageObject","inLanguage":"es","@id":"http:\/\/elregionalvm.com.ar\/noticias-villa-maria\/#\/schema\/person\/image\/","url":"https:\/\/secure.gravatar.com\/avatar\/265b27cb2209af7bb3a1318f03305787d7981a5cc6e6cd08fe5a4ecdf99d4b48?s=96&d=mm&r=g","contentUrl":"https:\/\/secure.gravatar.com\/avatar\/265b27cb2209af7bb3a1318f03305787d7981a5cc6e6cd08fe5a4ecdf99d4b48?s=96&d=mm&r=g","caption":"Contenidos El Regional"},"url":"https:\/\/elregionalvm.com.ar\/noticias-villa-maria\/author\/contenido\/"}]}},"jetpack_featured_media_url":"https:\/\/i0.wp.com\/elregionalvm.com.ar\/noticias-villa-maria\/wp-content\/uploads\/2026\/01\/6e335b0f34db4b6fb2704d228fc58656.jpeg?fit=800%2C600&ssl=1","jetpack_sharing_enabled":true,"_links":{"self":[{"href":"https:\/\/elregionalvm.com.ar\/noticias-villa-maria\/wp-json\/wp\/v2\/posts\/113425","targetHints":{"allow":["GET"]}}],"collection":[{"href":"https:\/\/elregionalvm.com.ar\/noticias-villa-maria\/wp-json\/wp\/v2\/posts"}],"about":[{"href":"https:\/\/elregionalvm.com.ar\/noticias-villa-maria\/wp-json\/wp\/v2\/types\/post"}],"author":[{"embeddable":true,"href":"https:\/\/elregionalvm.com.ar\/noticias-villa-maria\/wp-json\/wp\/v2\/users\/4"}],"replies":[{"embeddable":true,"href":"https:\/\/elregionalvm.com.ar\/noticias-villa-maria\/wp-json\/wp\/v2\/comments?post=113425"}],"version-history":[{"count":1,"href":"https:\/\/elregionalvm.com.ar\/noticias-villa-maria\/wp-json\/wp\/v2\/posts\/113425\/revisions"}],"predecessor-version":[{"id":113427,"href":"https:\/\/elregionalvm.com.ar\/noticias-villa-maria\/wp-json\/wp\/v2\/posts\/113425\/revisions\/113427"}],"wp:featuredmedia":[{"embeddable":true,"href":"https:\/\/elregionalvm.com.ar\/noticias-villa-maria\/wp-json\/wp\/v2\/media\/113426"}],"wp:attachment":[{"href":"https:\/\/elregionalvm.com.ar\/noticias-villa-maria\/wp-json\/wp\/v2\/media?parent=113425"}],"wp:term":[{"taxonomy":"category","embeddable":true,"href":"https:\/\/elregionalvm.com.ar\/noticias-villa-maria\/wp-json\/wp\/v2\/categories?post=113425"},{"taxonomy":"post_tag","embeddable":true,"href":"https:\/\/elregionalvm.com.ar\/noticias-villa-maria\/wp-json\/wp\/v2\/tags?post=113425"}],"curies":[{"name":"wp","href":"https:\/\/api.w.org\/{rel}","templated":true}]}}