{"id":113428,"date":"2026-01-17T01:49:29","date_gmt":"2026-01-17T01:49:29","guid":{"rendered":"https:\/\/elregionalvm.com.ar\/noticias-villa-maria\/?p=113428"},"modified":"2026-01-17T01:49:31","modified_gmt":"2026-01-17T01:49:31","slug":"mas-de-personas-mayores-asisten-a-la-pileta-comunitaria-de-barrio-san-juan-bautista","status":"publish","type":"post","link":"https:\/\/elregionalvm.com.ar\/noticias-villa-maria\/mas-de-personas-mayores-asisten-a-la-pileta-comunitaria-de-barrio-san-juan-bautista\/","title":{"rendered":"M\u00e1s de personas mayores asisten a la Pileta Comunitaria de barrio San Juan Bautista"},"content":{"rendered":"\n<p>Son especificamente 110 personas mayores que asisten a la Pileta Comunitaria de barrio San Juan Bautista. En ese marco, el presidente del Concejo Deliberante a cargo de la coordinaci\u00f3n del Ejecutivo, Juan Pablo Inglese; el secretario de Desarrollo Humano y Territorio, Agust\u00edn Turletti Mino y la concejala Yaslil Oses, recorrieron el predio y dialogaron con los asistentes a este espacio recreativo.<\/p>\n\n\n\n<p>En la oportunidad, presenciaron la clase de Tai Chi que se dicta cuatro veces por semana, en el marco del programa de actividades deportivas, recreativas y de esparcimiento.<\/p>\n\n\n\n<p>Sobre la propuesta, Juan Pablo Inglese dijo:&nbsp;<em>\u201cLa Pileta Comunitaria es un espacio de encuentro y familia, resultado de la decisi\u00f3n de nuestro intendente, Eduardo Accastello, de invertir y apostar por estos lugares tan utilizados y valorados por los villamarienses\u201d.<\/em><\/p>\n\n\n\n<p>Mientras que Sebasti\u00e1n Picatto, instructor de Tai Chi, agreg\u00f3:&nbsp;<em>\u201cEs un arte marcial chino tradicional que combina movimientos lentos y fluidos con meditaci\u00f3n y respiraci\u00f3n controlada, conocido como \u00abmeditaci\u00f3n en movimiento\u00bb, para mejorar la circulaci\u00f3n y reducen el estr\u00e9s\u201d.&nbsp;<\/em><\/p>\n\n\n\n<p>Por \u00faltimo, Mariana Monje y Griselda Giachero, asistentes a la propuesta, destacaron:<em>&nbsp;\u201cCompartimos experiencias de vida mediante actividades pensadas para acompa\u00f1ar y complementar nuestros tratamientos m\u00e9dicos, a trav\u00e9s de programas que nos ayudan a cuidar nuestra salud de manera integral\u201d.<\/em><\/p>\n\n\n\n<p>Cabe destacar que a la Pileta Comunitaria asisten m\u00e1s de 500 ni\u00f1os de entre 4 y 12 a\u00f1os, personas con discapacidad y adultos mayores que disfrutan de la temporada de verano<\/p>\n\n\n\n<p>La Escuela Municipal de Verano es una propuesta impulsada por el municipio que brinda actividades deportivas, recreativas y formativas, garantizando el acceso al deporte y al esparcimiento en espacios seguros y acompa\u00f1ados por profesionales.<\/p>\n","protected":false},"excerpt":{"rendered":"<p>Son especificamente 110 personas mayores que asisten a la Pileta Comunitaria de barrio San Juan Bautista. En ese marco, el presidente del Concejo Deliberante a cargo de la coordinaci\u00f3n del Ejecutivo, Juan Pablo Inglese; el secretario de Desarrollo Humano y Territorio, Agust\u00edn Turletti Mino y la concejala Yaslil Oses, recorrieron el predio y dialogaron con [&hellip;]<\/p>\n","protected":false},"author":4,"featured_media":113429,"comment_status":"open","ping_status":"open","sticky":false,"template":"","format":"standard","meta":{"site-sidebar-layout":"default","site-content-layout":"","ast-site-content-layout":"default","site-content-style":"default","site-sidebar-style":"default","ast-global-header-display":"","ast-banner-title-visibility":"","ast-main-header-display":"","ast-hfb-above-header-display":"","ast-hfb-below-header-display":"","ast-hfb-mobile-header-display":"","site-post-title":"","ast-breadcrumbs-content":"","ast-featured-img":"","footer-sml-layout":"","ast-disable-related-posts":"","theme-transparent-header-meta":"","adv-header-id-meta":"","stick-header-meta":"","header-above-stick-meta":"","header-main-stick-meta":"","header-below-stick-meta":"","astra-migrate-meta-layouts":"set","ast-page-background-enabled":"default","ast-page-background-meta":{"desktop":{"background-color":"","background-image":"","background-repeat":"repeat","background-position":"center center","background-size":"auto","background-attachment":"scroll","background-type":"","background-media":"","overlay-type":"","overlay-color":"","overlay-opacity":"","overlay-gradient":""},"tablet":{"background-color":"","background-image":"","background-repeat":"repeat","background-position":"center center","background-size":"auto","background-attachment":"scroll","background-type":"","background-media":"","overlay-type":"","overlay-color":"","overlay-opacity":"","overlay-gradient":""},"mobile":{"background-color":"","background-image":"","background-repeat":"repeat","background-position":"center center","background-size":"auto","background-attachment":"scroll","background-type":"","background-media":"","overlay-type":"","overlay-color":"","overlay-opacity":"","overlay-gradient":""}},"ast-content-background-meta":{"desktop":{"background-color":"var(--ast-global-color-5)","background-image":"","background-repeat":"repeat","background-position":"center center","background-size":"auto","background-attachment":"scroll","background-type":"","background-media":"","overlay-type":"","overlay-color":"","overlay-opacity":"","overlay-gradient":""},"tablet":{"background-color":"var(--ast-global-color-5)","background-image":"","background-repeat":"repeat","background-position":"center center","background-size":"auto","background-attachment":"scroll","background-type":"","background-media":"","overlay-type":"","overlay-color":"","overlay-opacity":"","overlay-gradient":""},"mobile":{"background-color":"var(--ast-global-color-5)","background-image":"","background-repeat":"repeat","background-position":"center center","background-size":"auto","background-attachment":"scroll","background-type":"","background-media":"","overlay-type":"","overlay-color":"","overlay-opacity":"","overlay-gradient":""}},"_jetpack_memberships_contains_paid_content":false,"_joinchat":[],"footnotes":""},"categories":[15302,5,2],"tags":[],"class_list":["post-113428","post","type-post","status-publish","format-standard","has-post-thumbnail","hentry","category-destacado","category-sociedad","category-villa-maria"],"yoast_head":"<!-- This site is optimized with the Yoast SEO plugin v26.8 - https:\/\/yoast.com\/product\/yoast-seo-wordpress\/ -->\n<title>M\u00e1s de personas mayores asisten a la Pileta Comunitaria de barrio San Juan Bautista - El Regional<\/title>\n<meta name=\"robots\" content=\"index, follow, max-snippet:-1, max-image-preview:large, max-video-preview:-1\" \/>\n<link rel=\"canonical\" href=\"https:\/\/elregionalvm.com.ar\/noticias-villa-maria\/mas-de-personas-mayores-asisten-a-la-pileta-comunitaria-de-barrio-san-juan-bautista\/\" \/>\n<meta property=\"og:locale\" content=\"es_ES\" \/>\n<meta property=\"og:type\" content=\"article\" \/>\n<meta property=\"og:title\" content=\"M\u00e1s de personas mayores asisten a la Pileta Comunitaria de barrio San Juan Bautista - El Regional\" \/>\n<meta property=\"og:description\" content=\"Son especificamente 110 personas mayores que asisten a la Pileta Comunitaria de barrio San Juan Bautista. En ese marco, el presidente del Concejo Deliberante a cargo de la coordinaci\u00f3n del Ejecutivo, Juan Pablo Inglese; el secretario de Desarrollo Humano y Territorio, Agust\u00edn Turletti Mino y la concejala Yaslil Oses, recorrieron el predio y dialogaron con [&hellip;]\" \/>\n<meta property=\"og:url\" content=\"https:\/\/elregionalvm.com.ar\/noticias-villa-maria\/mas-de-personas-mayores-asisten-a-la-pileta-comunitaria-de-barrio-san-juan-bautista\/\" \/>\n<meta property=\"og:site_name\" content=\"El Regional\" \/>\n<meta property=\"article:publisher\" content=\"https:\/\/www.facebook.com\/elregionalvm\" \/>\n<meta property=\"article:published_time\" content=\"2026-01-17T01:49:29+00:00\" \/>\n<meta property=\"article:modified_time\" content=\"2026-01-17T01:49:31+00:00\" \/>\n<meta property=\"og:image\" content=\"https:\/\/elregionalvm.com.ar\/noticias-villa-maria\/wp-content\/uploads\/2026\/01\/764ee6baa67a41e69de4f61623f738cb.jpeg\" \/>\n\t<meta property=\"og:image:width\" content=\"800\" \/>\n\t<meta property=\"og:image:height\" content=\"600\" \/>\n\t<meta property=\"og:image:type\" content=\"image\/jpeg\" \/>\n<meta name=\"author\" content=\"Contenidos El Regional\" \/>\n<meta name=\"twitter:card\" content=\"summary_large_image\" \/>\n<meta name=\"twitter:creator\" content=\"@elregionalvm1\" \/>\n<meta name=\"twitter:site\" content=\"@elregionalvm1\" \/>\n<meta name=\"twitter:label1\" content=\"Escrito por\" \/>\n\t<meta name=\"twitter:data1\" content=\"Contenidos El Regional\" \/>\n\t<meta name=\"twitter:label2\" content=\"Tiempo de lectura\" \/>\n\t<meta name=\"twitter:data2\" content=\"2 minutos\" \/>\n<script type=\"application\/ld+json\" class=\"yoast-schema-graph\">{\"@context\":\"https:\/\/schema.org\",\"@graph\":[{\"@type\":\"Article\",\"@id\":\"https:\/\/elregionalvm.com.ar\/noticias-villa-maria\/mas-de-personas-mayores-asisten-a-la-pileta-comunitaria-de-barrio-san-juan-bautista\/#article\",\"isPartOf\":{\"@id\":\"https:\/\/elregionalvm.com.ar\/noticias-villa-maria\/mas-de-personas-mayores-asisten-a-la-pileta-comunitaria-de-barrio-san-juan-bautista\/\"},\"author\":{\"name\":\"Contenidos El Regional\",\"@id\":\"http:\/\/elregionalvm.com.ar\/noticias-villa-maria\/#\/schema\/person\/a0fb9c422317faca23d50163151bc354\"},\"headline\":\"M\u00e1s de personas mayores asisten a la Pileta Comunitaria de barrio San Juan Bautista\",\"datePublished\":\"2026-01-17T01:49:29+00:00\",\"dateModified\":\"2026-01-17T01:49:31+00:00\",\"mainEntityOfPage\":{\"@id\":\"https:\/\/elregionalvm.com.ar\/noticias-villa-maria\/mas-de-personas-mayores-asisten-a-la-pileta-comunitaria-de-barrio-san-juan-bautista\/\"},\"wordCount\":304,\"commentCount\":0,\"image\":{\"@id\":\"https:\/\/elregionalvm.com.ar\/noticias-villa-maria\/mas-de-personas-mayores-asisten-a-la-pileta-comunitaria-de-barrio-san-juan-bautista\/#primaryimage\"},\"thumbnailUrl\":\"https:\/\/i0.wp.com\/elregionalvm.com.ar\/noticias-villa-maria\/wp-content\/uploads\/2026\/01\/764ee6baa67a41e69de4f61623f738cb.jpeg?fit=800%2C600&ssl=1\",\"articleSection\":[\"destacado\",\"Sociedad\",\"Villa Mar\u00eda\"],\"inLanguage\":\"es\",\"potentialAction\":[{\"@type\":\"CommentAction\",\"name\":\"Comment\",\"target\":[\"https:\/\/elregionalvm.com.ar\/noticias-villa-maria\/mas-de-personas-mayores-asisten-a-la-pileta-comunitaria-de-barrio-san-juan-bautista\/#respond\"]}]},{\"@type\":\"WebPage\",\"@id\":\"https:\/\/elregionalvm.com.ar\/noticias-villa-maria\/mas-de-personas-mayores-asisten-a-la-pileta-comunitaria-de-barrio-san-juan-bautista\/\",\"url\":\"https:\/\/elregionalvm.com.ar\/noticias-villa-maria\/mas-de-personas-mayores-asisten-a-la-pileta-comunitaria-de-barrio-san-juan-bautista\/\",\"name\":\"M\u00e1s de personas mayores asisten a la Pileta Comunitaria de barrio San Juan Bautista - El Regional\",\"isPartOf\":{\"@id\":\"http:\/\/elregionalvm.com.ar\/noticias-villa-maria\/#website\"},\"primaryImageOfPage\":{\"@id\":\"https:\/\/elregionalvm.com.ar\/noticias-villa-maria\/mas-de-personas-mayores-asisten-a-la-pileta-comunitaria-de-barrio-san-juan-bautista\/#primaryimage\"},\"image\":{\"@id\":\"https:\/\/elregionalvm.com.ar\/noticias-villa-maria\/mas-de-personas-mayores-asisten-a-la-pileta-comunitaria-de-barrio-san-juan-bautista\/#primaryimage\"},\"thumbnailUrl\":\"https:\/\/i0.wp.com\/elregionalvm.com.ar\/noticias-villa-maria\/wp-content\/uploads\/2026\/01\/764ee6baa67a41e69de4f61623f738cb.jpeg?fit=800%2C600&ssl=1\",\"datePublished\":\"2026-01-17T01:49:29+00:00\",\"dateModified\":\"2026-01-17T01:49:31+00:00\",\"author\":{\"@id\":\"http:\/\/elregionalvm.com.ar\/noticias-villa-maria\/#\/schema\/person\/a0fb9c422317faca23d50163151bc354\"},\"breadcrumb\":{\"@id\":\"https:\/\/elregionalvm.com.ar\/noticias-villa-maria\/mas-de-personas-mayores-asisten-a-la-pileta-comunitaria-de-barrio-san-juan-bautista\/#breadcrumb\"},\"inLanguage\":\"es\",\"potentialAction\":[{\"@type\":\"ReadAction\",\"target\":[\"https:\/\/elregionalvm.com.ar\/noticias-villa-maria\/mas-de-personas-mayores-asisten-a-la-pileta-comunitaria-de-barrio-san-juan-bautista\/\"]}]},{\"@type\":\"ImageObject\",\"inLanguage\":\"es\",\"@id\":\"https:\/\/elregionalvm.com.ar\/noticias-villa-maria\/mas-de-personas-mayores-asisten-a-la-pileta-comunitaria-de-barrio-san-juan-bautista\/#primaryimage\",\"url\":\"https:\/\/i0.wp.com\/elregionalvm.com.ar\/noticias-villa-maria\/wp-content\/uploads\/2026\/01\/764ee6baa67a41e69de4f61623f738cb.jpeg?fit=800%2C600&ssl=1\",\"contentUrl\":\"https:\/\/i0.wp.com\/elregionalvm.com.ar\/noticias-villa-maria\/wp-content\/uploads\/2026\/01\/764ee6baa67a41e69de4f61623f738cb.jpeg?fit=800%2C600&ssl=1\",\"width\":800,\"height\":600},{\"@type\":\"BreadcrumbList\",\"@id\":\"https:\/\/elregionalvm.com.ar\/noticias-villa-maria\/mas-de-personas-mayores-asisten-a-la-pileta-comunitaria-de-barrio-san-juan-bautista\/#breadcrumb\",\"itemListElement\":[{\"@type\":\"ListItem\",\"position\":1,\"name\":\"Portada\",\"item\":\"https:\/\/elregionalvm.com.ar\/noticias-villa-maria\/\"},{\"@type\":\"ListItem\",\"position\":2,\"name\":\"M\u00e1s de personas mayores asisten a la Pileta Comunitaria de barrio San Juan Bautista\"}]},{\"@type\":\"WebSite\",\"@id\":\"http:\/\/elregionalvm.com.ar\/noticias-villa-maria\/#website\",\"url\":\"http:\/\/elregionalvm.com.ar\/noticias-villa-maria\/\",\"name\":\"El Regional\",\"description\":\"Mucho m\u00e1s que informaci\u00f3n\",\"potentialAction\":[{\"@type\":\"SearchAction\",\"target\":{\"@type\":\"EntryPoint\",\"urlTemplate\":\"http:\/\/elregionalvm.com.ar\/noticias-villa-maria\/?s={search_term_string}\"},\"query-input\":{\"@type\":\"PropertyValueSpecification\",\"valueRequired\":true,\"valueName\":\"search_term_string\"}}],\"inLanguage\":\"es\"},{\"@type\":\"Person\",\"@id\":\"http:\/\/elregionalvm.com.ar\/noticias-villa-maria\/#\/schema\/person\/a0fb9c422317faca23d50163151bc354\",\"name\":\"Contenidos El Regional\",\"image\":{\"@type\":\"ImageObject\",\"inLanguage\":\"es\",\"@id\":\"http:\/\/elregionalvm.com.ar\/noticias-villa-maria\/#\/schema\/person\/image\/\",\"url\":\"https:\/\/secure.gravatar.com\/avatar\/265b27cb2209af7bb3a1318f03305787d7981a5cc6e6cd08fe5a4ecdf99d4b48?s=96&d=mm&r=g\",\"contentUrl\":\"https:\/\/secure.gravatar.com\/avatar\/265b27cb2209af7bb3a1318f03305787d7981a5cc6e6cd08fe5a4ecdf99d4b48?s=96&d=mm&r=g\",\"caption\":\"Contenidos El Regional\"},\"url\":\"https:\/\/elregionalvm.com.ar\/noticias-villa-maria\/author\/contenido\/\"}]}<\/script>\n<!-- \/ Yoast SEO plugin. -->","yoast_head_json":{"title":"M\u00e1s de personas mayores asisten a la Pileta Comunitaria de barrio San Juan Bautista - El Regional","robots":{"index":"index","follow":"follow","max-snippet":"max-snippet:-1","max-image-preview":"max-image-preview:large","max-video-preview":"max-video-preview:-1"},"canonical":"https:\/\/elregionalvm.com.ar\/noticias-villa-maria\/mas-de-personas-mayores-asisten-a-la-pileta-comunitaria-de-barrio-san-juan-bautista\/","og_locale":"es_ES","og_type":"article","og_title":"M\u00e1s de personas mayores asisten a la Pileta Comunitaria de barrio San Juan Bautista - El Regional","og_description":"Son especificamente 110 personas mayores que asisten a la Pileta Comunitaria de barrio San Juan Bautista. En ese marco, el presidente del Concejo Deliberante a cargo de la coordinaci\u00f3n del Ejecutivo, Juan Pablo Inglese; el secretario de Desarrollo Humano y Territorio, Agust\u00edn Turletti Mino y la concejala Yaslil Oses, recorrieron el predio y dialogaron con [&hellip;]","og_url":"https:\/\/elregionalvm.com.ar\/noticias-villa-maria\/mas-de-personas-mayores-asisten-a-la-pileta-comunitaria-de-barrio-san-juan-bautista\/","og_site_name":"El Regional","article_publisher":"https:\/\/www.facebook.com\/elregionalvm","article_published_time":"2026-01-17T01:49:29+00:00","article_modified_time":"2026-01-17T01:49:31+00:00","og_image":[{"width":800,"height":600,"url":"https:\/\/elregionalvm.com.ar\/noticias-villa-maria\/wp-content\/uploads\/2026\/01\/764ee6baa67a41e69de4f61623f738cb.jpeg","type":"image\/jpeg"}],"author":"Contenidos El Regional","twitter_card":"summary_large_image","twitter_creator":"@elregionalvm1","twitter_site":"@elregionalvm1","twitter_misc":{"Escrito por":"Contenidos El Regional","Tiempo de lectura":"2 minutos"},"schema":{"@context":"https:\/\/schema.org","@graph":[{"@type":"Article","@id":"https:\/\/elregionalvm.com.ar\/noticias-villa-maria\/mas-de-personas-mayores-asisten-a-la-pileta-comunitaria-de-barrio-san-juan-bautista\/#article","isPartOf":{"@id":"https:\/\/elregionalvm.com.ar\/noticias-villa-maria\/mas-de-personas-mayores-asisten-a-la-pileta-comunitaria-de-barrio-san-juan-bautista\/"},"author":{"name":"Contenidos El Regional","@id":"http:\/\/elregionalvm.com.ar\/noticias-villa-maria\/#\/schema\/person\/a0fb9c422317faca23d50163151bc354"},"headline":"M\u00e1s de personas mayores asisten a la Pileta Comunitaria de barrio San Juan Bautista","datePublished":"2026-01-17T01:49:29+00:00","dateModified":"2026-01-17T01:49:31+00:00","mainEntityOfPage":{"@id":"https:\/\/elregionalvm.com.ar\/noticias-villa-maria\/mas-de-personas-mayores-asisten-a-la-pileta-comunitaria-de-barrio-san-juan-bautista\/"},"wordCount":304,"commentCount":0,"image":{"@id":"https:\/\/elregionalvm.com.ar\/noticias-villa-maria\/mas-de-personas-mayores-asisten-a-la-pileta-comunitaria-de-barrio-san-juan-bautista\/#primaryimage"},"thumbnailUrl":"https:\/\/i0.wp.com\/elregionalvm.com.ar\/noticias-villa-maria\/wp-content\/uploads\/2026\/01\/764ee6baa67a41e69de4f61623f738cb.jpeg?fit=800%2C600&ssl=1","articleSection":["destacado","Sociedad","Villa Mar\u00eda"],"inLanguage":"es","potentialAction":[{"@type":"CommentAction","name":"Comment","target":["https:\/\/elregionalvm.com.ar\/noticias-villa-maria\/mas-de-personas-mayores-asisten-a-la-pileta-comunitaria-de-barrio-san-juan-bautista\/#respond"]}]},{"@type":"WebPage","@id":"https:\/\/elregionalvm.com.ar\/noticias-villa-maria\/mas-de-personas-mayores-asisten-a-la-pileta-comunitaria-de-barrio-san-juan-bautista\/","url":"https:\/\/elregionalvm.com.ar\/noticias-villa-maria\/mas-de-personas-mayores-asisten-a-la-pileta-comunitaria-de-barrio-san-juan-bautista\/","name":"M\u00e1s de personas mayores asisten a la Pileta Comunitaria de barrio San Juan Bautista - El Regional","isPartOf":{"@id":"http:\/\/elregionalvm.com.ar\/noticias-villa-maria\/#website"},"primaryImageOfPage":{"@id":"https:\/\/elregionalvm.com.ar\/noticias-villa-maria\/mas-de-personas-mayores-asisten-a-la-pileta-comunitaria-de-barrio-san-juan-bautista\/#primaryimage"},"image":{"@id":"https:\/\/elregionalvm.com.ar\/noticias-villa-maria\/mas-de-personas-mayores-asisten-a-la-pileta-comunitaria-de-barrio-san-juan-bautista\/#primaryimage"},"thumbnailUrl":"https:\/\/i0.wp.com\/elregionalvm.com.ar\/noticias-villa-maria\/wp-content\/uploads\/2026\/01\/764ee6baa67a41e69de4f61623f738cb.jpeg?fit=800%2C600&ssl=1","datePublished":"2026-01-17T01:49:29+00:00","dateModified":"2026-01-17T01:49:31+00:00","author":{"@id":"http:\/\/elregionalvm.com.ar\/noticias-villa-maria\/#\/schema\/person\/a0fb9c422317faca23d50163151bc354"},"breadcrumb":{"@id":"https:\/\/elregionalvm.com.ar\/noticias-villa-maria\/mas-de-personas-mayores-asisten-a-la-pileta-comunitaria-de-barrio-san-juan-bautista\/#breadcrumb"},"inLanguage":"es","potentialAction":[{"@type":"ReadAction","target":["https:\/\/elregionalvm.com.ar\/noticias-villa-maria\/mas-de-personas-mayores-asisten-a-la-pileta-comunitaria-de-barrio-san-juan-bautista\/"]}]},{"@type":"ImageObject","inLanguage":"es","@id":"https:\/\/elregionalvm.com.ar\/noticias-villa-maria\/mas-de-personas-mayores-asisten-a-la-pileta-comunitaria-de-barrio-san-juan-bautista\/#primaryimage","url":"https:\/\/i0.wp.com\/elregionalvm.com.ar\/noticias-villa-maria\/wp-content\/uploads\/2026\/01\/764ee6baa67a41e69de4f61623f738cb.jpeg?fit=800%2C600&ssl=1","contentUrl":"https:\/\/i0.wp.com\/elregionalvm.com.ar\/noticias-villa-maria\/wp-content\/uploads\/2026\/01\/764ee6baa67a41e69de4f61623f738cb.jpeg?fit=800%2C600&ssl=1","width":800,"height":600},{"@type":"BreadcrumbList","@id":"https:\/\/elregionalvm.com.ar\/noticias-villa-maria\/mas-de-personas-mayores-asisten-a-la-pileta-comunitaria-de-barrio-san-juan-bautista\/#breadcrumb","itemListElement":[{"@type":"ListItem","position":1,"name":"Portada","item":"https:\/\/elregionalvm.com.ar\/noticias-villa-maria\/"},{"@type":"ListItem","position":2,"name":"M\u00e1s de personas mayores asisten a la Pileta Comunitaria de barrio San Juan Bautista"}]},{"@type":"WebSite","@id":"http:\/\/elregionalvm.com.ar\/noticias-villa-maria\/#website","url":"http:\/\/elregionalvm.com.ar\/noticias-villa-maria\/","name":"El Regional","description":"Mucho m\u00e1s que informaci\u00f3n","potentialAction":[{"@type":"SearchAction","target":{"@type":"EntryPoint","urlTemplate":"http:\/\/elregionalvm.com.ar\/noticias-villa-maria\/?s={search_term_string}"},"query-input":{"@type":"PropertyValueSpecification","valueRequired":true,"valueName":"search_term_string"}}],"inLanguage":"es"},{"@type":"Person","@id":"http:\/\/elregionalvm.com.ar\/noticias-villa-maria\/#\/schema\/person\/a0fb9c422317faca23d50163151bc354","name":"Contenidos El Regional","image":{"@type":"ImageObject","inLanguage":"es","@id":"http:\/\/elregionalvm.com.ar\/noticias-villa-maria\/#\/schema\/person\/image\/","url":"https:\/\/secure.gravatar.com\/avatar\/265b27cb2209af7bb3a1318f03305787d7981a5cc6e6cd08fe5a4ecdf99d4b48?s=96&d=mm&r=g","contentUrl":"https:\/\/secure.gravatar.com\/avatar\/265b27cb2209af7bb3a1318f03305787d7981a5cc6e6cd08fe5a4ecdf99d4b48?s=96&d=mm&r=g","caption":"Contenidos El Regional"},"url":"https:\/\/elregionalvm.com.ar\/noticias-villa-maria\/author\/contenido\/"}]}},"jetpack_featured_media_url":"https:\/\/i0.wp.com\/elregionalvm.com.ar\/noticias-villa-maria\/wp-content\/uploads\/2026\/01\/764ee6baa67a41e69de4f61623f738cb.jpeg?fit=800%2C600&ssl=1","jetpack_sharing_enabled":true,"_links":{"self":[{"href":"https:\/\/elregionalvm.com.ar\/noticias-villa-maria\/wp-json\/wp\/v2\/posts\/113428","targetHints":{"allow":["GET"]}}],"collection":[{"href":"https:\/\/elregionalvm.com.ar\/noticias-villa-maria\/wp-json\/wp\/v2\/posts"}],"about":[{"href":"https:\/\/elregionalvm.com.ar\/noticias-villa-maria\/wp-json\/wp\/v2\/types\/post"}],"author":[{"embeddable":true,"href":"https:\/\/elregionalvm.com.ar\/noticias-villa-maria\/wp-json\/wp\/v2\/users\/4"}],"replies":[{"embeddable":true,"href":"https:\/\/elregionalvm.com.ar\/noticias-villa-maria\/wp-json\/wp\/v2\/comments?post=113428"}],"version-history":[{"count":1,"href":"https:\/\/elregionalvm.com.ar\/noticias-villa-maria\/wp-json\/wp\/v2\/posts\/113428\/revisions"}],"predecessor-version":[{"id":113430,"href":"https:\/\/elregionalvm.com.ar\/noticias-villa-maria\/wp-json\/wp\/v2\/posts\/113428\/revisions\/113430"}],"wp:featuredmedia":[{"embeddable":true,"href":"https:\/\/elregionalvm.com.ar\/noticias-villa-maria\/wp-json\/wp\/v2\/media\/113429"}],"wp:attachment":[{"href":"https:\/\/elregionalvm.com.ar\/noticias-villa-maria\/wp-json\/wp\/v2\/media?parent=113428"}],"wp:term":[{"taxonomy":"category","embeddable":true,"href":"https:\/\/elregionalvm.com.ar\/noticias-villa-maria\/wp-json\/wp\/v2\/categories?post=113428"},{"taxonomy":"post_tag","embeddable":true,"href":"https:\/\/elregionalvm.com.ar\/noticias-villa-maria\/wp-json\/wp\/v2\/tags?post=113428"}],"curies":[{"name":"wp","href":"https:\/\/api.w.org\/{rel}","templated":true}]}}