{"id":113606,"date":"2026-01-27T03:36:21","date_gmt":"2026-01-27T03:36:21","guid":{"rendered":"https:\/\/elregionalvm.com.ar\/noticias-villa-maria\/?p=113606"},"modified":"2026-01-27T03:36:24","modified_gmt":"2026-01-27T03:36:24","slug":"continua-el-operativo-de-escrituracion-de-viviendas-en-dos-barrios-de-la-ciudad","status":"publish","type":"post","link":"https:\/\/elregionalvm.com.ar\/noticias-villa-maria\/continua-el-operativo-de-escrituracion-de-viviendas-en-dos-barrios-de-la-ciudad\/","title":{"rendered":"Contin\u00faa el operativo de escrituraci\u00f3n de viviendas en dos barrios de la ciudad"},"content":{"rendered":"\n<p>Se llev\u00f3 a cabo un nuevo operativo de relevamiento habitacional que tiene por objetivo avanzar en la regularizaci\u00f3n dominial de viviendas emplazadas en distintos puntos de la ciudad.<\/p>\n\n\n\n<p>En esta oportunidad, desde el Instituto Municipal de la Vivienda e Infraestructura (IMVI) en articulaci\u00f3n con el equipo t\u00e9cnico de la Direcci\u00f3n General de Vivienda del Gobierno de la Provincia, se intervino en los barrios Bello Horizonte e Industrial.<\/p>\n\n\n\n<p>All\u00ed, la acci\u00f3n permiti\u00f3 avanzar en la regularizaci\u00f3n de 43 viviendas entre ambos sectores. Cabe destacar que en el barrio Industrial, ya se encuentran aprobadas la mensura y la subdivisi\u00f3n de los lotes.<\/p>\n\n\n\n<p>Al respecto, el presidente del IMVI, \u00c1ngel Quaglia, dijo:&nbsp;<em>\u00abLos vecinos se acercan con alegr\u00eda y gratitud a realizar los tr\u00e1mites que les permitir\u00e1n hacerse de la escritura de sus hogares\u00bb.<\/em><\/p>\n\n\n\n<p>Asimismo, adelant\u00f3 que se trabaja para llevar este operativo a otros sectores de la ciudad y llegar con este beneficio a m\u00e1s villamarienses.<\/p>\n\n\n\n<p>En este marco, el relevamiento habitacional tiene como finalidad verificar la titularidad de los adjudicatarios y continuar con el proceso administrativo necesario para que m\u00e1s familias puedan acceder a la escritura de su vivienda, garantizando mayor seguridad jur\u00eddica.<\/p>\n\n\n\n<p>Por su parte, Walter Peralta, vecino de barrio Industrial, agradeci\u00f3 al Gobierno local por llevar a cabo estos operativos, y dijo:&nbsp;<em>\u201cNo pensaba que iba a llegar el d\u00eda en que podr\u00eda escriturar, asi que estoy realmente muy agradecido\u201d.<\/em><\/p>\n\n\n\n<p>De esta manera, el Municipio contin\u00faa fortaleciendo las pol\u00edticas p\u00fablicas orientadas a la regularizaci\u00f3n dominial, promoviendo el acceso a derechos y el ordenamiento urbano en distintos sectores de la ciudad.<\/p>\n","protected":false},"excerpt":{"rendered":"<p>Se llev\u00f3 a cabo un nuevo operativo de relevamiento habitacional que tiene por objetivo avanzar en la regularizaci\u00f3n dominial de viviendas emplazadas en distintos puntos de la ciudad. En esta oportunidad, desde el Instituto Municipal de la Vivienda e Infraestructura (IMVI) en articulaci\u00f3n con el equipo t\u00e9cnico de la Direcci\u00f3n General de Vivienda del Gobierno [&hellip;]<\/p>\n","protected":false},"author":4,"featured_media":113607,"comment_status":"open","ping_status":"open","sticky":false,"template":"","format":"standard","meta":{"site-sidebar-layout":"default","site-content-layout":"","ast-site-content-layout":"default","site-content-style":"default","site-sidebar-style":"default","ast-global-header-display":"","ast-banner-title-visibility":"","ast-main-header-display":"","ast-hfb-above-header-display":"","ast-hfb-below-header-display":"","ast-hfb-mobile-header-display":"","site-post-title":"","ast-breadcrumbs-content":"","ast-featured-img":"","footer-sml-layout":"","ast-disable-related-posts":"","theme-transparent-header-meta":"","adv-header-id-meta":"","stick-header-meta":"","header-above-stick-meta":"","header-main-stick-meta":"","header-below-stick-meta":"","astra-migrate-meta-layouts":"set","ast-page-background-enabled":"default","ast-page-background-meta":{"desktop":{"background-color":"","background-image":"","background-repeat":"repeat","background-position":"center center","background-size":"auto","background-attachment":"scroll","background-type":"","background-media":"","overlay-type":"","overlay-color":"","overlay-opacity":"","overlay-gradient":""},"tablet":{"background-color":"","background-image":"","background-repeat":"repeat","background-position":"center center","background-size":"auto","background-attachment":"scroll","background-type":"","background-media":"","overlay-type":"","overlay-color":"","overlay-opacity":"","overlay-gradient":""},"mobile":{"background-color":"","background-image":"","background-repeat":"repeat","background-position":"center center","background-size":"auto","background-attachment":"scroll","background-type":"","background-media":"","overlay-type":"","overlay-color":"","overlay-opacity":"","overlay-gradient":""}},"ast-content-background-meta":{"desktop":{"background-color":"var(--ast-global-color-5)","background-image":"","background-repeat":"repeat","background-position":"center center","background-size":"auto","background-attachment":"scroll","background-type":"","background-media":"","overlay-type":"","overlay-color":"","overlay-opacity":"","overlay-gradient":""},"tablet":{"background-color":"var(--ast-global-color-5)","background-image":"","background-repeat":"repeat","background-position":"center center","background-size":"auto","background-attachment":"scroll","background-type":"","background-media":"","overlay-type":"","overlay-color":"","overlay-opacity":"","overlay-gradient":""},"mobile":{"background-color":"var(--ast-global-color-5)","background-image":"","background-repeat":"repeat","background-position":"center center","background-size":"auto","background-attachment":"scroll","background-type":"","background-media":"","overlay-type":"","overlay-color":"","overlay-opacity":"","overlay-gradient":""}},"_jetpack_memberships_contains_paid_content":false,"_joinchat":[],"footnotes":""},"categories":[15302,5,2],"tags":[],"class_list":["post-113606","post","type-post","status-publish","format-standard","has-post-thumbnail","hentry","category-destacado","category-sociedad","category-villa-maria"],"yoast_head":"<!-- This site is optimized with the Yoast SEO plugin v26.8 - https:\/\/yoast.com\/product\/yoast-seo-wordpress\/ -->\n<title>Contin\u00faa el operativo de escrituraci\u00f3n de viviendas en dos barrios de la ciudad - El Regional<\/title>\n<meta name=\"robots\" content=\"index, follow, max-snippet:-1, max-image-preview:large, max-video-preview:-1\" \/>\n<link rel=\"canonical\" href=\"https:\/\/elregionalvm.com.ar\/noticias-villa-maria\/continua-el-operativo-de-escrituracion-de-viviendas-en-dos-barrios-de-la-ciudad\/\" \/>\n<meta property=\"og:locale\" content=\"es_ES\" \/>\n<meta property=\"og:type\" content=\"article\" \/>\n<meta property=\"og:title\" content=\"Contin\u00faa el operativo de escrituraci\u00f3n de viviendas en dos barrios de la ciudad - El Regional\" \/>\n<meta property=\"og:description\" content=\"Se llev\u00f3 a cabo un nuevo operativo de relevamiento habitacional que tiene por objetivo avanzar en la regularizaci\u00f3n dominial de viviendas emplazadas en distintos puntos de la ciudad. En esta oportunidad, desde el Instituto Municipal de la Vivienda e Infraestructura (IMVI) en articulaci\u00f3n con el equipo t\u00e9cnico de la Direcci\u00f3n General de Vivienda del Gobierno [&hellip;]\" \/>\n<meta property=\"og:url\" content=\"https:\/\/elregionalvm.com.ar\/noticias-villa-maria\/continua-el-operativo-de-escrituracion-de-viviendas-en-dos-barrios-de-la-ciudad\/\" \/>\n<meta property=\"og:site_name\" content=\"El Regional\" \/>\n<meta property=\"article:publisher\" content=\"https:\/\/www.facebook.com\/elregionalvm\" \/>\n<meta property=\"article:published_time\" content=\"2026-01-27T03:36:21+00:00\" \/>\n<meta property=\"article:modified_time\" content=\"2026-01-27T03:36:24+00:00\" \/>\n<meta property=\"og:image\" content=\"https:\/\/elregionalvm.com.ar\/noticias-villa-maria\/wp-content\/uploads\/2026\/01\/7443434cf22a427e8943ac4c29db23f3.jpeg\" \/>\n\t<meta property=\"og:image:width\" content=\"800\" \/>\n\t<meta property=\"og:image:height\" content=\"600\" \/>\n\t<meta property=\"og:image:type\" content=\"image\/jpeg\" \/>\n<meta name=\"author\" content=\"Contenidos El Regional\" \/>\n<meta name=\"twitter:card\" content=\"summary_large_image\" \/>\n<meta name=\"twitter:creator\" content=\"@elregionalvm1\" \/>\n<meta name=\"twitter:site\" content=\"@elregionalvm1\" \/>\n<meta name=\"twitter:label1\" content=\"Escrito por\" \/>\n\t<meta name=\"twitter:data1\" content=\"Contenidos El Regional\" \/>\n\t<meta name=\"twitter:label2\" content=\"Tiempo de lectura\" \/>\n\t<meta name=\"twitter:data2\" content=\"2 minutos\" \/>\n<script type=\"application\/ld+json\" class=\"yoast-schema-graph\">{\"@context\":\"https:\/\/schema.org\",\"@graph\":[{\"@type\":\"Article\",\"@id\":\"https:\/\/elregionalvm.com.ar\/noticias-villa-maria\/continua-el-operativo-de-escrituracion-de-viviendas-en-dos-barrios-de-la-ciudad\/#article\",\"isPartOf\":{\"@id\":\"https:\/\/elregionalvm.com.ar\/noticias-villa-maria\/continua-el-operativo-de-escrituracion-de-viviendas-en-dos-barrios-de-la-ciudad\/\"},\"author\":{\"name\":\"Contenidos El Regional\",\"@id\":\"http:\/\/elregionalvm.com.ar\/noticias-villa-maria\/#\/schema\/person\/a0fb9c422317faca23d50163151bc354\"},\"headline\":\"Contin\u00faa el operativo de escrituraci\u00f3n de viviendas en dos barrios de la ciudad\",\"datePublished\":\"2026-01-27T03:36:21+00:00\",\"dateModified\":\"2026-01-27T03:36:24+00:00\",\"mainEntityOfPage\":{\"@id\":\"https:\/\/elregionalvm.com.ar\/noticias-villa-maria\/continua-el-operativo-de-escrituracion-de-viviendas-en-dos-barrios-de-la-ciudad\/\"},\"wordCount\":296,\"commentCount\":0,\"image\":{\"@id\":\"https:\/\/elregionalvm.com.ar\/noticias-villa-maria\/continua-el-operativo-de-escrituracion-de-viviendas-en-dos-barrios-de-la-ciudad\/#primaryimage\"},\"thumbnailUrl\":\"https:\/\/i0.wp.com\/elregionalvm.com.ar\/noticias-villa-maria\/wp-content\/uploads\/2026\/01\/7443434cf22a427e8943ac4c29db23f3.jpeg?fit=800%2C600&ssl=1\",\"articleSection\":[\"destacado\",\"Sociedad\",\"Villa Mar\u00eda\"],\"inLanguage\":\"es\",\"potentialAction\":[{\"@type\":\"CommentAction\",\"name\":\"Comment\",\"target\":[\"https:\/\/elregionalvm.com.ar\/noticias-villa-maria\/continua-el-operativo-de-escrituracion-de-viviendas-en-dos-barrios-de-la-ciudad\/#respond\"]}]},{\"@type\":\"WebPage\",\"@id\":\"https:\/\/elregionalvm.com.ar\/noticias-villa-maria\/continua-el-operativo-de-escrituracion-de-viviendas-en-dos-barrios-de-la-ciudad\/\",\"url\":\"https:\/\/elregionalvm.com.ar\/noticias-villa-maria\/continua-el-operativo-de-escrituracion-de-viviendas-en-dos-barrios-de-la-ciudad\/\",\"name\":\"Contin\u00faa el operativo de escrituraci\u00f3n de viviendas en dos barrios de la ciudad - El Regional\",\"isPartOf\":{\"@id\":\"http:\/\/elregionalvm.com.ar\/noticias-villa-maria\/#website\"},\"primaryImageOfPage\":{\"@id\":\"https:\/\/elregionalvm.com.ar\/noticias-villa-maria\/continua-el-operativo-de-escrituracion-de-viviendas-en-dos-barrios-de-la-ciudad\/#primaryimage\"},\"image\":{\"@id\":\"https:\/\/elregionalvm.com.ar\/noticias-villa-maria\/continua-el-operativo-de-escrituracion-de-viviendas-en-dos-barrios-de-la-ciudad\/#primaryimage\"},\"thumbnailUrl\":\"https:\/\/i0.wp.com\/elregionalvm.com.ar\/noticias-villa-maria\/wp-content\/uploads\/2026\/01\/7443434cf22a427e8943ac4c29db23f3.jpeg?fit=800%2C600&ssl=1\",\"datePublished\":\"2026-01-27T03:36:21+00:00\",\"dateModified\":\"2026-01-27T03:36:24+00:00\",\"author\":{\"@id\":\"http:\/\/elregionalvm.com.ar\/noticias-villa-maria\/#\/schema\/person\/a0fb9c422317faca23d50163151bc354\"},\"breadcrumb\":{\"@id\":\"https:\/\/elregionalvm.com.ar\/noticias-villa-maria\/continua-el-operativo-de-escrituracion-de-viviendas-en-dos-barrios-de-la-ciudad\/#breadcrumb\"},\"inLanguage\":\"es\",\"potentialAction\":[{\"@type\":\"ReadAction\",\"target\":[\"https:\/\/elregionalvm.com.ar\/noticias-villa-maria\/continua-el-operativo-de-escrituracion-de-viviendas-en-dos-barrios-de-la-ciudad\/\"]}]},{\"@type\":\"ImageObject\",\"inLanguage\":\"es\",\"@id\":\"https:\/\/elregionalvm.com.ar\/noticias-villa-maria\/continua-el-operativo-de-escrituracion-de-viviendas-en-dos-barrios-de-la-ciudad\/#primaryimage\",\"url\":\"https:\/\/i0.wp.com\/elregionalvm.com.ar\/noticias-villa-maria\/wp-content\/uploads\/2026\/01\/7443434cf22a427e8943ac4c29db23f3.jpeg?fit=800%2C600&ssl=1\",\"contentUrl\":\"https:\/\/i0.wp.com\/elregionalvm.com.ar\/noticias-villa-maria\/wp-content\/uploads\/2026\/01\/7443434cf22a427e8943ac4c29db23f3.jpeg?fit=800%2C600&ssl=1\",\"width\":800,\"height\":600},{\"@type\":\"BreadcrumbList\",\"@id\":\"https:\/\/elregionalvm.com.ar\/noticias-villa-maria\/continua-el-operativo-de-escrituracion-de-viviendas-en-dos-barrios-de-la-ciudad\/#breadcrumb\",\"itemListElement\":[{\"@type\":\"ListItem\",\"position\":1,\"name\":\"Portada\",\"item\":\"https:\/\/elregionalvm.com.ar\/noticias-villa-maria\/\"},{\"@type\":\"ListItem\",\"position\":2,\"name\":\"Contin\u00faa el operativo de escrituraci\u00f3n de viviendas en dos barrios de la ciudad\"}]},{\"@type\":\"WebSite\",\"@id\":\"http:\/\/elregionalvm.com.ar\/noticias-villa-maria\/#website\",\"url\":\"http:\/\/elregionalvm.com.ar\/noticias-villa-maria\/\",\"name\":\"El Regional\",\"description\":\"Mucho m\u00e1s que informaci\u00f3n\",\"potentialAction\":[{\"@type\":\"SearchAction\",\"target\":{\"@type\":\"EntryPoint\",\"urlTemplate\":\"http:\/\/elregionalvm.com.ar\/noticias-villa-maria\/?s={search_term_string}\"},\"query-input\":{\"@type\":\"PropertyValueSpecification\",\"valueRequired\":true,\"valueName\":\"search_term_string\"}}],\"inLanguage\":\"es\"},{\"@type\":\"Person\",\"@id\":\"http:\/\/elregionalvm.com.ar\/noticias-villa-maria\/#\/schema\/person\/a0fb9c422317faca23d50163151bc354\",\"name\":\"Contenidos El Regional\",\"image\":{\"@type\":\"ImageObject\",\"inLanguage\":\"es\",\"@id\":\"http:\/\/elregionalvm.com.ar\/noticias-villa-maria\/#\/schema\/person\/image\/\",\"url\":\"https:\/\/secure.gravatar.com\/avatar\/265b27cb2209af7bb3a1318f03305787d7981a5cc6e6cd08fe5a4ecdf99d4b48?s=96&d=mm&r=g\",\"contentUrl\":\"https:\/\/secure.gravatar.com\/avatar\/265b27cb2209af7bb3a1318f03305787d7981a5cc6e6cd08fe5a4ecdf99d4b48?s=96&d=mm&r=g\",\"caption\":\"Contenidos El Regional\"},\"url\":\"https:\/\/elregionalvm.com.ar\/noticias-villa-maria\/author\/contenido\/\"}]}<\/script>\n<!-- \/ Yoast SEO plugin. -->","yoast_head_json":{"title":"Contin\u00faa el operativo de escrituraci\u00f3n de viviendas en dos barrios de la ciudad - El Regional","robots":{"index":"index","follow":"follow","max-snippet":"max-snippet:-1","max-image-preview":"max-image-preview:large","max-video-preview":"max-video-preview:-1"},"canonical":"https:\/\/elregionalvm.com.ar\/noticias-villa-maria\/continua-el-operativo-de-escrituracion-de-viviendas-en-dos-barrios-de-la-ciudad\/","og_locale":"es_ES","og_type":"article","og_title":"Contin\u00faa el operativo de escrituraci\u00f3n de viviendas en dos barrios de la ciudad - El Regional","og_description":"Se llev\u00f3 a cabo un nuevo operativo de relevamiento habitacional que tiene por objetivo avanzar en la regularizaci\u00f3n dominial de viviendas emplazadas en distintos puntos de la ciudad. En esta oportunidad, desde el Instituto Municipal de la Vivienda e Infraestructura (IMVI) en articulaci\u00f3n con el equipo t\u00e9cnico de la Direcci\u00f3n General de Vivienda del Gobierno [&hellip;]","og_url":"https:\/\/elregionalvm.com.ar\/noticias-villa-maria\/continua-el-operativo-de-escrituracion-de-viviendas-en-dos-barrios-de-la-ciudad\/","og_site_name":"El Regional","article_publisher":"https:\/\/www.facebook.com\/elregionalvm","article_published_time":"2026-01-27T03:36:21+00:00","article_modified_time":"2026-01-27T03:36:24+00:00","og_image":[{"width":800,"height":600,"url":"https:\/\/elregionalvm.com.ar\/noticias-villa-maria\/wp-content\/uploads\/2026\/01\/7443434cf22a427e8943ac4c29db23f3.jpeg","type":"image\/jpeg"}],"author":"Contenidos El Regional","twitter_card":"summary_large_image","twitter_creator":"@elregionalvm1","twitter_site":"@elregionalvm1","twitter_misc":{"Escrito por":"Contenidos El Regional","Tiempo de lectura":"2 minutos"},"schema":{"@context":"https:\/\/schema.org","@graph":[{"@type":"Article","@id":"https:\/\/elregionalvm.com.ar\/noticias-villa-maria\/continua-el-operativo-de-escrituracion-de-viviendas-en-dos-barrios-de-la-ciudad\/#article","isPartOf":{"@id":"https:\/\/elregionalvm.com.ar\/noticias-villa-maria\/continua-el-operativo-de-escrituracion-de-viviendas-en-dos-barrios-de-la-ciudad\/"},"author":{"name":"Contenidos El Regional","@id":"http:\/\/elregionalvm.com.ar\/noticias-villa-maria\/#\/schema\/person\/a0fb9c422317faca23d50163151bc354"},"headline":"Contin\u00faa el operativo de escrituraci\u00f3n de viviendas en dos barrios de la ciudad","datePublished":"2026-01-27T03:36:21+00:00","dateModified":"2026-01-27T03:36:24+00:00","mainEntityOfPage":{"@id":"https:\/\/elregionalvm.com.ar\/noticias-villa-maria\/continua-el-operativo-de-escrituracion-de-viviendas-en-dos-barrios-de-la-ciudad\/"},"wordCount":296,"commentCount":0,"image":{"@id":"https:\/\/elregionalvm.com.ar\/noticias-villa-maria\/continua-el-operativo-de-escrituracion-de-viviendas-en-dos-barrios-de-la-ciudad\/#primaryimage"},"thumbnailUrl":"https:\/\/i0.wp.com\/elregionalvm.com.ar\/noticias-villa-maria\/wp-content\/uploads\/2026\/01\/7443434cf22a427e8943ac4c29db23f3.jpeg?fit=800%2C600&ssl=1","articleSection":["destacado","Sociedad","Villa Mar\u00eda"],"inLanguage":"es","potentialAction":[{"@type":"CommentAction","name":"Comment","target":["https:\/\/elregionalvm.com.ar\/noticias-villa-maria\/continua-el-operativo-de-escrituracion-de-viviendas-en-dos-barrios-de-la-ciudad\/#respond"]}]},{"@type":"WebPage","@id":"https:\/\/elregionalvm.com.ar\/noticias-villa-maria\/continua-el-operativo-de-escrituracion-de-viviendas-en-dos-barrios-de-la-ciudad\/","url":"https:\/\/elregionalvm.com.ar\/noticias-villa-maria\/continua-el-operativo-de-escrituracion-de-viviendas-en-dos-barrios-de-la-ciudad\/","name":"Contin\u00faa el operativo de escrituraci\u00f3n de viviendas en dos barrios de la ciudad - El Regional","isPartOf":{"@id":"http:\/\/elregionalvm.com.ar\/noticias-villa-maria\/#website"},"primaryImageOfPage":{"@id":"https:\/\/elregionalvm.com.ar\/noticias-villa-maria\/continua-el-operativo-de-escrituracion-de-viviendas-en-dos-barrios-de-la-ciudad\/#primaryimage"},"image":{"@id":"https:\/\/elregionalvm.com.ar\/noticias-villa-maria\/continua-el-operativo-de-escrituracion-de-viviendas-en-dos-barrios-de-la-ciudad\/#primaryimage"},"thumbnailUrl":"https:\/\/i0.wp.com\/elregionalvm.com.ar\/noticias-villa-maria\/wp-content\/uploads\/2026\/01\/7443434cf22a427e8943ac4c29db23f3.jpeg?fit=800%2C600&ssl=1","datePublished":"2026-01-27T03:36:21+00:00","dateModified":"2026-01-27T03:36:24+00:00","author":{"@id":"http:\/\/elregionalvm.com.ar\/noticias-villa-maria\/#\/schema\/person\/a0fb9c422317faca23d50163151bc354"},"breadcrumb":{"@id":"https:\/\/elregionalvm.com.ar\/noticias-villa-maria\/continua-el-operativo-de-escrituracion-de-viviendas-en-dos-barrios-de-la-ciudad\/#breadcrumb"},"inLanguage":"es","potentialAction":[{"@type":"ReadAction","target":["https:\/\/elregionalvm.com.ar\/noticias-villa-maria\/continua-el-operativo-de-escrituracion-de-viviendas-en-dos-barrios-de-la-ciudad\/"]}]},{"@type":"ImageObject","inLanguage":"es","@id":"https:\/\/elregionalvm.com.ar\/noticias-villa-maria\/continua-el-operativo-de-escrituracion-de-viviendas-en-dos-barrios-de-la-ciudad\/#primaryimage","url":"https:\/\/i0.wp.com\/elregionalvm.com.ar\/noticias-villa-maria\/wp-content\/uploads\/2026\/01\/7443434cf22a427e8943ac4c29db23f3.jpeg?fit=800%2C600&ssl=1","contentUrl":"https:\/\/i0.wp.com\/elregionalvm.com.ar\/noticias-villa-maria\/wp-content\/uploads\/2026\/01\/7443434cf22a427e8943ac4c29db23f3.jpeg?fit=800%2C600&ssl=1","width":800,"height":600},{"@type":"BreadcrumbList","@id":"https:\/\/elregionalvm.com.ar\/noticias-villa-maria\/continua-el-operativo-de-escrituracion-de-viviendas-en-dos-barrios-de-la-ciudad\/#breadcrumb","itemListElement":[{"@type":"ListItem","position":1,"name":"Portada","item":"https:\/\/elregionalvm.com.ar\/noticias-villa-maria\/"},{"@type":"ListItem","position":2,"name":"Contin\u00faa el operativo de escrituraci\u00f3n de viviendas en dos barrios de la ciudad"}]},{"@type":"WebSite","@id":"http:\/\/elregionalvm.com.ar\/noticias-villa-maria\/#website","url":"http:\/\/elregionalvm.com.ar\/noticias-villa-maria\/","name":"El Regional","description":"Mucho m\u00e1s que informaci\u00f3n","potentialAction":[{"@type":"SearchAction","target":{"@type":"EntryPoint","urlTemplate":"http:\/\/elregionalvm.com.ar\/noticias-villa-maria\/?s={search_term_string}"},"query-input":{"@type":"PropertyValueSpecification","valueRequired":true,"valueName":"search_term_string"}}],"inLanguage":"es"},{"@type":"Person","@id":"http:\/\/elregionalvm.com.ar\/noticias-villa-maria\/#\/schema\/person\/a0fb9c422317faca23d50163151bc354","name":"Contenidos El Regional","image":{"@type":"ImageObject","inLanguage":"es","@id":"http:\/\/elregionalvm.com.ar\/noticias-villa-maria\/#\/schema\/person\/image\/","url":"https:\/\/secure.gravatar.com\/avatar\/265b27cb2209af7bb3a1318f03305787d7981a5cc6e6cd08fe5a4ecdf99d4b48?s=96&d=mm&r=g","contentUrl":"https:\/\/secure.gravatar.com\/avatar\/265b27cb2209af7bb3a1318f03305787d7981a5cc6e6cd08fe5a4ecdf99d4b48?s=96&d=mm&r=g","caption":"Contenidos El Regional"},"url":"https:\/\/elregionalvm.com.ar\/noticias-villa-maria\/author\/contenido\/"}]}},"jetpack_featured_media_url":"https:\/\/i0.wp.com\/elregionalvm.com.ar\/noticias-villa-maria\/wp-content\/uploads\/2026\/01\/7443434cf22a427e8943ac4c29db23f3.jpeg?fit=800%2C600&ssl=1","jetpack_sharing_enabled":true,"_links":{"self":[{"href":"https:\/\/elregionalvm.com.ar\/noticias-villa-maria\/wp-json\/wp\/v2\/posts\/113606","targetHints":{"allow":["GET"]}}],"collection":[{"href":"https:\/\/elregionalvm.com.ar\/noticias-villa-maria\/wp-json\/wp\/v2\/posts"}],"about":[{"href":"https:\/\/elregionalvm.com.ar\/noticias-villa-maria\/wp-json\/wp\/v2\/types\/post"}],"author":[{"embeddable":true,"href":"https:\/\/elregionalvm.com.ar\/noticias-villa-maria\/wp-json\/wp\/v2\/users\/4"}],"replies":[{"embeddable":true,"href":"https:\/\/elregionalvm.com.ar\/noticias-villa-maria\/wp-json\/wp\/v2\/comments?post=113606"}],"version-history":[{"count":1,"href":"https:\/\/elregionalvm.com.ar\/noticias-villa-maria\/wp-json\/wp\/v2\/posts\/113606\/revisions"}],"predecessor-version":[{"id":113608,"href":"https:\/\/elregionalvm.com.ar\/noticias-villa-maria\/wp-json\/wp\/v2\/posts\/113606\/revisions\/113608"}],"wp:featuredmedia":[{"embeddable":true,"href":"https:\/\/elregionalvm.com.ar\/noticias-villa-maria\/wp-json\/wp\/v2\/media\/113607"}],"wp:attachment":[{"href":"https:\/\/elregionalvm.com.ar\/noticias-villa-maria\/wp-json\/wp\/v2\/media?parent=113606"}],"wp:term":[{"taxonomy":"category","embeddable":true,"href":"https:\/\/elregionalvm.com.ar\/noticias-villa-maria\/wp-json\/wp\/v2\/categories?post=113606"},{"taxonomy":"post_tag","embeddable":true,"href":"https:\/\/elregionalvm.com.ar\/noticias-villa-maria\/wp-json\/wp\/v2\/tags?post=113606"}],"curies":[{"name":"wp","href":"https:\/\/api.w.org\/{rel}","templated":true}]}}