{"id":113618,"date":"2026-01-27T04:11:04","date_gmt":"2026-01-27T04:11:04","guid":{"rendered":"https:\/\/elregionalvm.com.ar\/noticias-villa-maria\/?p=113618"},"modified":"2026-01-27T04:11:07","modified_gmt":"2026-01-27T04:11:07","slug":"villa-maria-se-consolido-como-la-primera-ciudad-con-el-100-de-aulas-climatizadas","status":"publish","type":"post","link":"https:\/\/elregionalvm.com.ar\/noticias-villa-maria\/villa-maria-se-consolido-como-la-primera-ciudad-con-el-100-de-aulas-climatizadas\/","title":{"rendered":"Villa Mar\u00eda se consolid\u00f3 como la primera ciudad con el 100% de aulas climatizadas"},"content":{"rendered":"\n<p>El intendente Eduardo Accastello, acompa\u00f1ado por la legisladora provincial Ver\u00f3nica Navarro Alegre e integrantes del Departamento Ejecutivo, encabez\u00f3 la entrega de 130 equipos de aire acondicionado fr\u00edo-calor, de 5.000 frigor\u00edas y tecnolog\u00eda inverter, a 17 instituciones educativas p\u00fablicas de la ciudad, en el marco del programa FODEMEEP y en conjunto con el Ministerio de Educaci\u00f3n de la Provincia de C\u00f3rdoba.<\/p>\n\n\n\n<p>El acto de entrega se desarroll\u00f3 en la Escuela Especial Clotilde Sabattini y cont\u00f3 con la presencia del Subdirector de Pogramas Descentralizados de Infraestructura Escolar del Ministerio de Educaci\u00f3n de C\u00f3rdoba, Arq. Guillermo As\u00eds Luciano. Adem\u00e1s participaron directivos escolares y representantes de la comunidad educativa.<\/p>\n\n\n\n<p>Durante el encuentro, Accastello expres\u00f3:&nbsp;<em><strong>\u201cEstamos viviendo un momento hist\u00f3rico, somos la primera ciudad de C\u00f3rdoba y de la Argentina en lograr que todas las aulas de las escuelas p\u00fablicas, ya sea jardines, primarias, secundarias, de modalidad especial y terciarios, cuenten con calefacci\u00f3n y aire acondicionado.\u00bb&nbsp;<\/strong><\/em><\/p>\n\n\n\n<p><em><strong>\u201cC\u00f3rdoba tiene el programa FODEMEEP y el Municipio de Villa Mar\u00eda la decisi\u00f3n de que la educaci\u00f3n sea una prioridad y eso es por que somos humanistas por definici\u00f3n. &nbsp;En estos dos a\u00f1os escuchamos a toda la comunidad educativa y fuimos dando respuestas concretas. Adem\u00e1s, estamos arreglando las plazas de los barrios, trabajamos para ganar espacios centrales en la vida comunitaria, porque mientras tengamos en las mejores condiciones a cada plaza, cada escuela, junto a la familia, el club y la iglesia, tenemos comunidad. Y si tenemos comunidad, estamos felices\u201d<\/strong><\/em><\/p>\n\n\n\n<p><em><strong>\u00abHoy entregamos 130 aires acondicionados que son distribuidos en 17 escuelas. A partir de ahora comenzamos con la colocaci\u00f3n: habr\u00e1 cuatro equipos municipales trabajando de manera simult\u00e1nea para completar la instalaci\u00f3n en todas las instituciones antes de finalizar febrero\u00bb<\/strong><\/em><\/p>\n\n\n\n<p><em><strong>\u201cPretendemos vivir en paz social, reducir las brechas, las desigualdades, porque si lo logramos, damos m\u00e1s oportunidades. Todos trabajamos para que el otro viva mejor, porque ese es nuestro objetivo. En Villa Mar\u00eda, que somos una ciudad cada vez mas universitaria y mas humana, no nos resignamos, nos unimos para estar mejor, nuestra vocaci\u00f3n es de servicio. La educaci\u00f3n es el motor del desarrollo, y trabajamos para fortalecerla, por eso estamos mejorando la infraestructura y pintando, nuestro objetivo es acompa\u00f1ar a los docentes y darle prioridad absoluta a nuestros chicos y chicas, para que se formen de la mejor manera y con todas las oportunidades\u201d .<\/strong><\/em><\/p>\n\n\n\n<p>Por su parte, la Secretaria de Educaci\u00f3n, Adela Guirardelli, expres\u00f3:&nbsp;<em>\u00abEsta pol\u00edtica educativa es una decisi\u00f3n &nbsp;del intendente Accastello de poner a la educaci\u00f3n en el centro de la vida comunitaria. No hablamos solo de infraestructura, sino de una mirada que entiende que aprender y ense\u00f1ar en espacios cuidados, seguros y confortables es un derecho. Hay continuidad, planificaci\u00f3n y un compromiso permanente de seguir invirtiendo para optimizar las condiciones en todos los niveles educativos.\u00bb<\/em><\/p>\n\n\n\n<p><strong>100% de aulas climatizadas<\/strong><\/p>\n\n\n\n<p>Con esta incorporaci\u00f3n, la ciudad alcanza el 100% de las aulas climatizadas en establecimientos p\u00fablicos de nivel inicial, primario, secundario, terciario y especial, convirti\u00e9ndose en la primera de las grandes ciudades en lograr este objetivo.<\/p>\n\n\n\n<p>Cabe destacar que, al inicio de la actual gesti\u00f3n (diciembre 2023), s\u00f3lo 170 de las 390 aulas contaban con equipos de calefacci\u00f3n.<\/p>\n\n\n\n<p>En este marco, la coordinadora de la escuela Juana Manso, Gabriela Telche, manifest\u00f3:&nbsp;<em>\u00abEl Municipio nos acompa\u00f1a los 365 d\u00edas del a\u00f1o, ayudando con todo lo que hemos necesitado. Era un anhelo muy grande poder tener la calefacci\u00f3n adecuada en las aulas y gracias a esta gesti\u00f3n se logr\u00f3. Quiero remarcar que con esta gesti\u00f3n ha sido m\u00e1s f\u00e1cil poder trabajar y les ha importado m\u00e1s la educaci\u00f3n y las escuelas, eso es muy valorable.\u00bb<\/em><\/p>\n\n\n\n<p>Por su parte, la representante de la Escuela Superior de Bellas Artes \u00abEmiliano G\u00f3mez Clara\u00bb, Vanesa S\u00e1nchez, dijo: \u00abRealmente en &nbsp;2025 hemos trabajado fuertemente junto a la municipalidad y a todos los integrantes de la Coordinaci\u00f3n Local de Educaci\u00f3n. Gracias por estar cerca y por ver como, con el tiempo, se van realizando los arreglos y mejoras solicitadas. Cuando estamos en un ambiente agradable podemos aprender y constru\u00edr mucho mas y mejor\u00bb<\/p>\n\n\n\n<p><strong>Instituciones beneficiadas&nbsp;<\/strong><\/p>\n\n\n\n<p>Entre las escuelas y jardines que recibieron equipos de aire acondicionado, se encuentran: IPET 56 &#8211; Abraham Ju\u00e1rez (4 unidades); IPEM 49 \u2013 Escuela del Trabajo (34 unidades); escuela Jos\u00e9 M\u00e1rmol (6 unidades); IESCER (5 unidades); IPEM 99 \u2013 Rosario Vera Pe\u00f1aloza (13 unidades); Conservatorio de M\u00fasica Felipe Bohero (5 unidades); &nbsp;IPEM 275 \u2013 Escuela Nacional (18 unidades); Escuela de Bellas Artes Emiliano G\u00f3mez Clara (7 unidades); escuela primaria Bernardino Rivadavia (6 unidades); escuela Domingo F. Sarmiento (3 unidades); escuela especial Clotilde Sabattini (9 unidades); jard\u00edn \u00c1ngel A. Veronese (1 unidad); escuela Julio A. Roca (1 unidad); escuela Nicol\u00e1s Avellaneda (7 unidades); escuela Padre Hugo Salvato (2 unidades); escuela Juana Manzo (6 unidades); y escuela Primero de Mayo (3 unidades)<\/p>\n\n\n\n<p><strong>Tareas integrales de instalaci\u00f3n<\/strong><\/p>\n\n\n\n<p>Los equipos entregados ser\u00e1n instalados a lo largo del mes de febrero, junto con obras de refuerzo el\u00e9ctrico y la colocaci\u00f3n de canastos de seguridad.&nbsp;<\/p>\n\n\n\n<p>Adem\u00e1s, se ejecutaron obras de instalaci\u00f3n de ca\u00f1er\u00edas de gas natural y la colocaci\u00f3n de m\u00e1s de 50 calefactores en 12 escuelas de la ciudad, reforzando el confort t\u00e9rmico en los espacios educativos.<\/p>\n","protected":false},"excerpt":{"rendered":"<p>El intendente Eduardo Accastello, acompa\u00f1ado por la legisladora provincial Ver\u00f3nica Navarro Alegre e integrantes del Departamento Ejecutivo, encabez\u00f3 la entrega de 130 equipos de aire acondicionado fr\u00edo-calor, de 5.000 frigor\u00edas y tecnolog\u00eda inverter, a 17 instituciones educativas p\u00fablicas de la ciudad, en el marco del programa FODEMEEP y en conjunto con el Ministerio de Educaci\u00f3n [&hellip;]<\/p>\n","protected":false},"author":4,"featured_media":113619,"comment_status":"open","ping_status":"open","sticky":false,"template":"","format":"standard","meta":{"site-sidebar-layout":"default","site-content-layout":"","ast-site-content-layout":"default","site-content-style":"default","site-sidebar-style":"default","ast-global-header-display":"","ast-banner-title-visibility":"","ast-main-header-display":"","ast-hfb-above-header-display":"","ast-hfb-below-header-display":"","ast-hfb-mobile-header-display":"","site-post-title":"","ast-breadcrumbs-content":"","ast-featured-img":"","footer-sml-layout":"","ast-disable-related-posts":"","theme-transparent-header-meta":"","adv-header-id-meta":"","stick-header-meta":"","header-above-stick-meta":"","header-main-stick-meta":"","header-below-stick-meta":"","astra-migrate-meta-layouts":"set","ast-page-background-enabled":"default","ast-page-background-meta":{"desktop":{"background-color":"","background-image":"","background-repeat":"repeat","background-position":"center center","background-size":"auto","background-attachment":"scroll","background-type":"","background-media":"","overlay-type":"","overlay-color":"","overlay-opacity":"","overlay-gradient":""},"tablet":{"background-color":"","background-image":"","background-repeat":"repeat","background-position":"center center","background-size":"auto","background-attachment":"scroll","background-type":"","background-media":"","overlay-type":"","overlay-color":"","overlay-opacity":"","overlay-gradient":""},"mobile":{"background-color":"","background-image":"","background-repeat":"repeat","background-position":"center center","background-size":"auto","background-attachment":"scroll","background-type":"","background-media":"","overlay-type":"","overlay-color":"","overlay-opacity":"","overlay-gradient":""}},"ast-content-background-meta":{"desktop":{"background-color":"var(--ast-global-color-5)","background-image":"","background-repeat":"repeat","background-position":"center center","background-size":"auto","background-attachment":"scroll","background-type":"","background-media":"","overlay-type":"","overlay-color":"","overlay-opacity":"","overlay-gradient":""},"tablet":{"background-color":"var(--ast-global-color-5)","background-image":"","background-repeat":"repeat","background-position":"center center","background-size":"auto","background-attachment":"scroll","background-type":"","background-media":"","overlay-type":"","overlay-color":"","overlay-opacity":"","overlay-gradient":""},"mobile":{"background-color":"var(--ast-global-color-5)","background-image":"","background-repeat":"repeat","background-position":"center center","background-size":"auto","background-attachment":"scroll","background-type":"","background-media":"","overlay-type":"","overlay-color":"","overlay-opacity":"","overlay-gradient":""}},"_jetpack_memberships_contains_paid_content":false,"_joinchat":[],"footnotes":""},"categories":[15302,5,2],"tags":[],"class_list":["post-113618","post","type-post","status-publish","format-standard","has-post-thumbnail","hentry","category-destacado","category-sociedad","category-villa-maria"],"yoast_head":"<!-- This site is optimized with the Yoast SEO plugin v26.8 - https:\/\/yoast.com\/product\/yoast-seo-wordpress\/ -->\n<title>Villa Mar\u00eda se consolid\u00f3 como la primera ciudad con el 100% de aulas climatizadas - El Regional<\/title>\n<meta name=\"robots\" content=\"index, follow, max-snippet:-1, max-image-preview:large, max-video-preview:-1\" \/>\n<link rel=\"canonical\" href=\"https:\/\/elregionalvm.com.ar\/noticias-villa-maria\/villa-maria-se-consolido-como-la-primera-ciudad-con-el-100-de-aulas-climatizadas\/\" \/>\n<meta property=\"og:locale\" content=\"es_ES\" \/>\n<meta property=\"og:type\" content=\"article\" \/>\n<meta property=\"og:title\" content=\"Villa Mar\u00eda se consolid\u00f3 como la primera ciudad con el 100% de aulas climatizadas - El Regional\" \/>\n<meta property=\"og:description\" content=\"El intendente Eduardo Accastello, acompa\u00f1ado por la legisladora provincial Ver\u00f3nica Navarro Alegre e integrantes del Departamento Ejecutivo, encabez\u00f3 la entrega de 130 equipos de aire acondicionado fr\u00edo-calor, de 5.000 frigor\u00edas y tecnolog\u00eda inverter, a 17 instituciones educativas p\u00fablicas de la ciudad, en el marco del programa FODEMEEP y en conjunto con el Ministerio de Educaci\u00f3n [&hellip;]\" \/>\n<meta property=\"og:url\" content=\"https:\/\/elregionalvm.com.ar\/noticias-villa-maria\/villa-maria-se-consolido-como-la-primera-ciudad-con-el-100-de-aulas-climatizadas\/\" \/>\n<meta property=\"og:site_name\" content=\"El Regional\" \/>\n<meta property=\"article:publisher\" content=\"https:\/\/www.facebook.com\/elregionalvm\" \/>\n<meta property=\"article:published_time\" content=\"2026-01-27T04:11:04+00:00\" \/>\n<meta property=\"article:modified_time\" content=\"2026-01-27T04:11:07+00:00\" \/>\n<meta property=\"og:image\" content=\"https:\/\/elregionalvm.com.ar\/noticias-villa-maria\/wp-content\/uploads\/2026\/01\/f41ffeffb78e4cc39f64d93741944bea.jpeg\" \/>\n\t<meta property=\"og:image:width\" content=\"800\" \/>\n\t<meta property=\"og:image:height\" content=\"600\" \/>\n\t<meta property=\"og:image:type\" content=\"image\/jpeg\" \/>\n<meta name=\"author\" content=\"Contenidos El Regional\" \/>\n<meta name=\"twitter:card\" content=\"summary_large_image\" \/>\n<meta name=\"twitter:creator\" content=\"@elregionalvm1\" \/>\n<meta name=\"twitter:site\" content=\"@elregionalvm1\" \/>\n<meta name=\"twitter:label1\" content=\"Escrito por\" \/>\n\t<meta name=\"twitter:data1\" content=\"Contenidos El Regional\" \/>\n\t<meta name=\"twitter:label2\" content=\"Tiempo de lectura\" \/>\n\t<meta name=\"twitter:data2\" content=\"5 minutos\" \/>\n<script type=\"application\/ld+json\" class=\"yoast-schema-graph\">{\"@context\":\"https:\/\/schema.org\",\"@graph\":[{\"@type\":\"Article\",\"@id\":\"https:\/\/elregionalvm.com.ar\/noticias-villa-maria\/villa-maria-se-consolido-como-la-primera-ciudad-con-el-100-de-aulas-climatizadas\/#article\",\"isPartOf\":{\"@id\":\"https:\/\/elregionalvm.com.ar\/noticias-villa-maria\/villa-maria-se-consolido-como-la-primera-ciudad-con-el-100-de-aulas-climatizadas\/\"},\"author\":{\"name\":\"Contenidos El Regional\",\"@id\":\"http:\/\/elregionalvm.com.ar\/noticias-villa-maria\/#\/schema\/person\/a0fb9c422317faca23d50163151bc354\"},\"headline\":\"Villa Mar\u00eda se consolid\u00f3 como la primera ciudad con el 100% de aulas climatizadas\",\"datePublished\":\"2026-01-27T04:11:04+00:00\",\"dateModified\":\"2026-01-27T04:11:07+00:00\",\"mainEntityOfPage\":{\"@id\":\"https:\/\/elregionalvm.com.ar\/noticias-villa-maria\/villa-maria-se-consolido-como-la-primera-ciudad-con-el-100-de-aulas-climatizadas\/\"},\"wordCount\":913,\"commentCount\":0,\"image\":{\"@id\":\"https:\/\/elregionalvm.com.ar\/noticias-villa-maria\/villa-maria-se-consolido-como-la-primera-ciudad-con-el-100-de-aulas-climatizadas\/#primaryimage\"},\"thumbnailUrl\":\"https:\/\/i0.wp.com\/elregionalvm.com.ar\/noticias-villa-maria\/wp-content\/uploads\/2026\/01\/f41ffeffb78e4cc39f64d93741944bea.jpeg?fit=800%2C600&ssl=1\",\"articleSection\":[\"destacado\",\"Sociedad\",\"Villa Mar\u00eda\"],\"inLanguage\":\"es\",\"potentialAction\":[{\"@type\":\"CommentAction\",\"name\":\"Comment\",\"target\":[\"https:\/\/elregionalvm.com.ar\/noticias-villa-maria\/villa-maria-se-consolido-como-la-primera-ciudad-con-el-100-de-aulas-climatizadas\/#respond\"]}]},{\"@type\":\"WebPage\",\"@id\":\"https:\/\/elregionalvm.com.ar\/noticias-villa-maria\/villa-maria-se-consolido-como-la-primera-ciudad-con-el-100-de-aulas-climatizadas\/\",\"url\":\"https:\/\/elregionalvm.com.ar\/noticias-villa-maria\/villa-maria-se-consolido-como-la-primera-ciudad-con-el-100-de-aulas-climatizadas\/\",\"name\":\"Villa Mar\u00eda se consolid\u00f3 como la primera ciudad con el 100% de aulas climatizadas - El Regional\",\"isPartOf\":{\"@id\":\"http:\/\/elregionalvm.com.ar\/noticias-villa-maria\/#website\"},\"primaryImageOfPage\":{\"@id\":\"https:\/\/elregionalvm.com.ar\/noticias-villa-maria\/villa-maria-se-consolido-como-la-primera-ciudad-con-el-100-de-aulas-climatizadas\/#primaryimage\"},\"image\":{\"@id\":\"https:\/\/elregionalvm.com.ar\/noticias-villa-maria\/villa-maria-se-consolido-como-la-primera-ciudad-con-el-100-de-aulas-climatizadas\/#primaryimage\"},\"thumbnailUrl\":\"https:\/\/i0.wp.com\/elregionalvm.com.ar\/noticias-villa-maria\/wp-content\/uploads\/2026\/01\/f41ffeffb78e4cc39f64d93741944bea.jpeg?fit=800%2C600&ssl=1\",\"datePublished\":\"2026-01-27T04:11:04+00:00\",\"dateModified\":\"2026-01-27T04:11:07+00:00\",\"author\":{\"@id\":\"http:\/\/elregionalvm.com.ar\/noticias-villa-maria\/#\/schema\/person\/a0fb9c422317faca23d50163151bc354\"},\"breadcrumb\":{\"@id\":\"https:\/\/elregionalvm.com.ar\/noticias-villa-maria\/villa-maria-se-consolido-como-la-primera-ciudad-con-el-100-de-aulas-climatizadas\/#breadcrumb\"},\"inLanguage\":\"es\",\"potentialAction\":[{\"@type\":\"ReadAction\",\"target\":[\"https:\/\/elregionalvm.com.ar\/noticias-villa-maria\/villa-maria-se-consolido-como-la-primera-ciudad-con-el-100-de-aulas-climatizadas\/\"]}]},{\"@type\":\"ImageObject\",\"inLanguage\":\"es\",\"@id\":\"https:\/\/elregionalvm.com.ar\/noticias-villa-maria\/villa-maria-se-consolido-como-la-primera-ciudad-con-el-100-de-aulas-climatizadas\/#primaryimage\",\"url\":\"https:\/\/i0.wp.com\/elregionalvm.com.ar\/noticias-villa-maria\/wp-content\/uploads\/2026\/01\/f41ffeffb78e4cc39f64d93741944bea.jpeg?fit=800%2C600&ssl=1\",\"contentUrl\":\"https:\/\/i0.wp.com\/elregionalvm.com.ar\/noticias-villa-maria\/wp-content\/uploads\/2026\/01\/f41ffeffb78e4cc39f64d93741944bea.jpeg?fit=800%2C600&ssl=1\",\"width\":800,\"height\":600},{\"@type\":\"BreadcrumbList\",\"@id\":\"https:\/\/elregionalvm.com.ar\/noticias-villa-maria\/villa-maria-se-consolido-como-la-primera-ciudad-con-el-100-de-aulas-climatizadas\/#breadcrumb\",\"itemListElement\":[{\"@type\":\"ListItem\",\"position\":1,\"name\":\"Portada\",\"item\":\"https:\/\/elregionalvm.com.ar\/noticias-villa-maria\/\"},{\"@type\":\"ListItem\",\"position\":2,\"name\":\"Villa Mar\u00eda se consolid\u00f3 como la primera ciudad con el 100% de aulas climatizadas\"}]},{\"@type\":\"WebSite\",\"@id\":\"http:\/\/elregionalvm.com.ar\/noticias-villa-maria\/#website\",\"url\":\"http:\/\/elregionalvm.com.ar\/noticias-villa-maria\/\",\"name\":\"El Regional\",\"description\":\"Mucho m\u00e1s que informaci\u00f3n\",\"potentialAction\":[{\"@type\":\"SearchAction\",\"target\":{\"@type\":\"EntryPoint\",\"urlTemplate\":\"http:\/\/elregionalvm.com.ar\/noticias-villa-maria\/?s={search_term_string}\"},\"query-input\":{\"@type\":\"PropertyValueSpecification\",\"valueRequired\":true,\"valueName\":\"search_term_string\"}}],\"inLanguage\":\"es\"},{\"@type\":\"Person\",\"@id\":\"http:\/\/elregionalvm.com.ar\/noticias-villa-maria\/#\/schema\/person\/a0fb9c422317faca23d50163151bc354\",\"name\":\"Contenidos El Regional\",\"image\":{\"@type\":\"ImageObject\",\"inLanguage\":\"es\",\"@id\":\"http:\/\/elregionalvm.com.ar\/noticias-villa-maria\/#\/schema\/person\/image\/\",\"url\":\"https:\/\/secure.gravatar.com\/avatar\/265b27cb2209af7bb3a1318f03305787d7981a5cc6e6cd08fe5a4ecdf99d4b48?s=96&d=mm&r=g\",\"contentUrl\":\"https:\/\/secure.gravatar.com\/avatar\/265b27cb2209af7bb3a1318f03305787d7981a5cc6e6cd08fe5a4ecdf99d4b48?s=96&d=mm&r=g\",\"caption\":\"Contenidos El Regional\"},\"url\":\"https:\/\/elregionalvm.com.ar\/noticias-villa-maria\/author\/contenido\/\"}]}<\/script>\n<!-- \/ Yoast SEO plugin. -->","yoast_head_json":{"title":"Villa Mar\u00eda se consolid\u00f3 como la primera ciudad con el 100% de aulas climatizadas - El Regional","robots":{"index":"index","follow":"follow","max-snippet":"max-snippet:-1","max-image-preview":"max-image-preview:large","max-video-preview":"max-video-preview:-1"},"canonical":"https:\/\/elregionalvm.com.ar\/noticias-villa-maria\/villa-maria-se-consolido-como-la-primera-ciudad-con-el-100-de-aulas-climatizadas\/","og_locale":"es_ES","og_type":"article","og_title":"Villa Mar\u00eda se consolid\u00f3 como la primera ciudad con el 100% de aulas climatizadas - El Regional","og_description":"El intendente Eduardo Accastello, acompa\u00f1ado por la legisladora provincial Ver\u00f3nica Navarro Alegre e integrantes del Departamento Ejecutivo, encabez\u00f3 la entrega de 130 equipos de aire acondicionado fr\u00edo-calor, de 5.000 frigor\u00edas y tecnolog\u00eda inverter, a 17 instituciones educativas p\u00fablicas de la ciudad, en el marco del programa FODEMEEP y en conjunto con el Ministerio de Educaci\u00f3n [&hellip;]","og_url":"https:\/\/elregionalvm.com.ar\/noticias-villa-maria\/villa-maria-se-consolido-como-la-primera-ciudad-con-el-100-de-aulas-climatizadas\/","og_site_name":"El Regional","article_publisher":"https:\/\/www.facebook.com\/elregionalvm","article_published_time":"2026-01-27T04:11:04+00:00","article_modified_time":"2026-01-27T04:11:07+00:00","og_image":[{"width":800,"height":600,"url":"https:\/\/elregionalvm.com.ar\/noticias-villa-maria\/wp-content\/uploads\/2026\/01\/f41ffeffb78e4cc39f64d93741944bea.jpeg","type":"image\/jpeg"}],"author":"Contenidos El Regional","twitter_card":"summary_large_image","twitter_creator":"@elregionalvm1","twitter_site":"@elregionalvm1","twitter_misc":{"Escrito por":"Contenidos El Regional","Tiempo de lectura":"5 minutos"},"schema":{"@context":"https:\/\/schema.org","@graph":[{"@type":"Article","@id":"https:\/\/elregionalvm.com.ar\/noticias-villa-maria\/villa-maria-se-consolido-como-la-primera-ciudad-con-el-100-de-aulas-climatizadas\/#article","isPartOf":{"@id":"https:\/\/elregionalvm.com.ar\/noticias-villa-maria\/villa-maria-se-consolido-como-la-primera-ciudad-con-el-100-de-aulas-climatizadas\/"},"author":{"name":"Contenidos El Regional","@id":"http:\/\/elregionalvm.com.ar\/noticias-villa-maria\/#\/schema\/person\/a0fb9c422317faca23d50163151bc354"},"headline":"Villa Mar\u00eda se consolid\u00f3 como la primera ciudad con el 100% de aulas climatizadas","datePublished":"2026-01-27T04:11:04+00:00","dateModified":"2026-01-27T04:11:07+00:00","mainEntityOfPage":{"@id":"https:\/\/elregionalvm.com.ar\/noticias-villa-maria\/villa-maria-se-consolido-como-la-primera-ciudad-con-el-100-de-aulas-climatizadas\/"},"wordCount":913,"commentCount":0,"image":{"@id":"https:\/\/elregionalvm.com.ar\/noticias-villa-maria\/villa-maria-se-consolido-como-la-primera-ciudad-con-el-100-de-aulas-climatizadas\/#primaryimage"},"thumbnailUrl":"https:\/\/i0.wp.com\/elregionalvm.com.ar\/noticias-villa-maria\/wp-content\/uploads\/2026\/01\/f41ffeffb78e4cc39f64d93741944bea.jpeg?fit=800%2C600&ssl=1","articleSection":["destacado","Sociedad","Villa Mar\u00eda"],"inLanguage":"es","potentialAction":[{"@type":"CommentAction","name":"Comment","target":["https:\/\/elregionalvm.com.ar\/noticias-villa-maria\/villa-maria-se-consolido-como-la-primera-ciudad-con-el-100-de-aulas-climatizadas\/#respond"]}]},{"@type":"WebPage","@id":"https:\/\/elregionalvm.com.ar\/noticias-villa-maria\/villa-maria-se-consolido-como-la-primera-ciudad-con-el-100-de-aulas-climatizadas\/","url":"https:\/\/elregionalvm.com.ar\/noticias-villa-maria\/villa-maria-se-consolido-como-la-primera-ciudad-con-el-100-de-aulas-climatizadas\/","name":"Villa Mar\u00eda se consolid\u00f3 como la primera ciudad con el 100% de aulas climatizadas - El Regional","isPartOf":{"@id":"http:\/\/elregionalvm.com.ar\/noticias-villa-maria\/#website"},"primaryImageOfPage":{"@id":"https:\/\/elregionalvm.com.ar\/noticias-villa-maria\/villa-maria-se-consolido-como-la-primera-ciudad-con-el-100-de-aulas-climatizadas\/#primaryimage"},"image":{"@id":"https:\/\/elregionalvm.com.ar\/noticias-villa-maria\/villa-maria-se-consolido-como-la-primera-ciudad-con-el-100-de-aulas-climatizadas\/#primaryimage"},"thumbnailUrl":"https:\/\/i0.wp.com\/elregionalvm.com.ar\/noticias-villa-maria\/wp-content\/uploads\/2026\/01\/f41ffeffb78e4cc39f64d93741944bea.jpeg?fit=800%2C600&ssl=1","datePublished":"2026-01-27T04:11:04+00:00","dateModified":"2026-01-27T04:11:07+00:00","author":{"@id":"http:\/\/elregionalvm.com.ar\/noticias-villa-maria\/#\/schema\/person\/a0fb9c422317faca23d50163151bc354"},"breadcrumb":{"@id":"https:\/\/elregionalvm.com.ar\/noticias-villa-maria\/villa-maria-se-consolido-como-la-primera-ciudad-con-el-100-de-aulas-climatizadas\/#breadcrumb"},"inLanguage":"es","potentialAction":[{"@type":"ReadAction","target":["https:\/\/elregionalvm.com.ar\/noticias-villa-maria\/villa-maria-se-consolido-como-la-primera-ciudad-con-el-100-de-aulas-climatizadas\/"]}]},{"@type":"ImageObject","inLanguage":"es","@id":"https:\/\/elregionalvm.com.ar\/noticias-villa-maria\/villa-maria-se-consolido-como-la-primera-ciudad-con-el-100-de-aulas-climatizadas\/#primaryimage","url":"https:\/\/i0.wp.com\/elregionalvm.com.ar\/noticias-villa-maria\/wp-content\/uploads\/2026\/01\/f41ffeffb78e4cc39f64d93741944bea.jpeg?fit=800%2C600&ssl=1","contentUrl":"https:\/\/i0.wp.com\/elregionalvm.com.ar\/noticias-villa-maria\/wp-content\/uploads\/2026\/01\/f41ffeffb78e4cc39f64d93741944bea.jpeg?fit=800%2C600&ssl=1","width":800,"height":600},{"@type":"BreadcrumbList","@id":"https:\/\/elregionalvm.com.ar\/noticias-villa-maria\/villa-maria-se-consolido-como-la-primera-ciudad-con-el-100-de-aulas-climatizadas\/#breadcrumb","itemListElement":[{"@type":"ListItem","position":1,"name":"Portada","item":"https:\/\/elregionalvm.com.ar\/noticias-villa-maria\/"},{"@type":"ListItem","position":2,"name":"Villa Mar\u00eda se consolid\u00f3 como la primera ciudad con el 100% de aulas climatizadas"}]},{"@type":"WebSite","@id":"http:\/\/elregionalvm.com.ar\/noticias-villa-maria\/#website","url":"http:\/\/elregionalvm.com.ar\/noticias-villa-maria\/","name":"El Regional","description":"Mucho m\u00e1s que informaci\u00f3n","potentialAction":[{"@type":"SearchAction","target":{"@type":"EntryPoint","urlTemplate":"http:\/\/elregionalvm.com.ar\/noticias-villa-maria\/?s={search_term_string}"},"query-input":{"@type":"PropertyValueSpecification","valueRequired":true,"valueName":"search_term_string"}}],"inLanguage":"es"},{"@type":"Person","@id":"http:\/\/elregionalvm.com.ar\/noticias-villa-maria\/#\/schema\/person\/a0fb9c422317faca23d50163151bc354","name":"Contenidos El Regional","image":{"@type":"ImageObject","inLanguage":"es","@id":"http:\/\/elregionalvm.com.ar\/noticias-villa-maria\/#\/schema\/person\/image\/","url":"https:\/\/secure.gravatar.com\/avatar\/265b27cb2209af7bb3a1318f03305787d7981a5cc6e6cd08fe5a4ecdf99d4b48?s=96&d=mm&r=g","contentUrl":"https:\/\/secure.gravatar.com\/avatar\/265b27cb2209af7bb3a1318f03305787d7981a5cc6e6cd08fe5a4ecdf99d4b48?s=96&d=mm&r=g","caption":"Contenidos El Regional"},"url":"https:\/\/elregionalvm.com.ar\/noticias-villa-maria\/author\/contenido\/"}]}},"jetpack_featured_media_url":"https:\/\/i0.wp.com\/elregionalvm.com.ar\/noticias-villa-maria\/wp-content\/uploads\/2026\/01\/f41ffeffb78e4cc39f64d93741944bea.jpeg?fit=800%2C600&ssl=1","jetpack_sharing_enabled":true,"_links":{"self":[{"href":"https:\/\/elregionalvm.com.ar\/noticias-villa-maria\/wp-json\/wp\/v2\/posts\/113618","targetHints":{"allow":["GET"]}}],"collection":[{"href":"https:\/\/elregionalvm.com.ar\/noticias-villa-maria\/wp-json\/wp\/v2\/posts"}],"about":[{"href":"https:\/\/elregionalvm.com.ar\/noticias-villa-maria\/wp-json\/wp\/v2\/types\/post"}],"author":[{"embeddable":true,"href":"https:\/\/elregionalvm.com.ar\/noticias-villa-maria\/wp-json\/wp\/v2\/users\/4"}],"replies":[{"embeddable":true,"href":"https:\/\/elregionalvm.com.ar\/noticias-villa-maria\/wp-json\/wp\/v2\/comments?post=113618"}],"version-history":[{"count":1,"href":"https:\/\/elregionalvm.com.ar\/noticias-villa-maria\/wp-json\/wp\/v2\/posts\/113618\/revisions"}],"predecessor-version":[{"id":113620,"href":"https:\/\/elregionalvm.com.ar\/noticias-villa-maria\/wp-json\/wp\/v2\/posts\/113618\/revisions\/113620"}],"wp:featuredmedia":[{"embeddable":true,"href":"https:\/\/elregionalvm.com.ar\/noticias-villa-maria\/wp-json\/wp\/v2\/media\/113619"}],"wp:attachment":[{"href":"https:\/\/elregionalvm.com.ar\/noticias-villa-maria\/wp-json\/wp\/v2\/media?parent=113618"}],"wp:term":[{"taxonomy":"category","embeddable":true,"href":"https:\/\/elregionalvm.com.ar\/noticias-villa-maria\/wp-json\/wp\/v2\/categories?post=113618"},{"taxonomy":"post_tag","embeddable":true,"href":"https:\/\/elregionalvm.com.ar\/noticias-villa-maria\/wp-json\/wp\/v2\/tags?post=113618"}],"curies":[{"name":"wp","href":"https:\/\/api.w.org\/{rel}","templated":true}]}}