{"id":113719,"date":"2026-01-31T04:03:20","date_gmt":"2026-01-31T04:03:20","guid":{"rendered":"https:\/\/elregionalvm.com.ar\/noticias-villa-maria\/?p=113719"},"modified":"2026-02-02T11:49:23","modified_gmt":"2026-02-02T11:49:23","slug":"el-pilt-firmo-un-convenios-de-cooperacion-para-beneficios-de-empresas-de-la-ciudad","status":"publish","type":"post","link":"https:\/\/elregionalvm.com.ar\/noticias-villa-maria\/el-pilt-firmo-un-convenios-de-cooperacion-para-beneficios-de-empresas-de-la-ciudad\/","title":{"rendered":"El PILT firm\u00f3 un convenios de cooperaci\u00f3n para beneficios de empresas de la ciudad"},"content":{"rendered":"\n<h2 class=\"wp-block-heading\">Los acuerdos alcanzados con firmas especializadas en energ\u00eda, desarrollo organizacional y gesti\u00f3n de cobranzas fortalecen la competitividad y el crecimiento de las empresas radicadas en el Parque.<\/h2>\n\n\n\n<p><\/p>\n\n\n\n<p>El Parque Industrial, Log\u00edstico y Tecnol\u00f3gico Villa Mar\u00eda (PILT) firm\u00f3 en las \u00faltimas semanas una serie de convenios de cooperaci\u00f3n con distintas empresas, con el objetivo de generar nuevos beneficios y herramientas para las firmas asociadas.<\/p>\n\n\n\n<p>Uno de los acuerdos fue suscripto con JS Proyectos Industriales, una empresa orientada a fomentar y acompa\u00f1ar el desarrollo energ\u00e9tico del sector industrial, promoviendo la eficiencia, la capacitaci\u00f3n t\u00e9cnica y el uso de energ\u00edas renovables. A trav\u00e9s de este convenio, las empresas del Parque podr\u00e1n acceder a estudios de dimensionamiento de proyectos fotovoltaicos, opciones de financiamiento bancario para la adquisici\u00f3n de sistemas solares y descuentos exclusivos. Estas soluciones energ\u00e9ticas permiten optimizar costos, mejorar la competitividad y crear un entorno favorable para la inversi\u00f3n y la modernizaci\u00f3n productiva.<\/p>\n\n\n\n<p>En paralelo, se concret\u00f3 un acuerdo con IEE \u2013 Inteligencia Emocional Instituto, mediante el cual se brindar\u00e1 capacitaci\u00f3n en habilidades sociales de alto impacto y bienestar organizacional. La propuesta incluye coaching de equipos, mentoring, talleres y workshops vinculados a liderazgo, coaching ejecutivo, creatividad y pensamiento cr\u00edtico, inteligencia emocional y conciencia corporal, entre otros ejes. En el marco del convenio, todas las actividades destinadas a empresas del PILT contar\u00e1n con un 20% de descuento, adem\u00e1s de ser dise\u00f1adas de manera personalizada seg\u00fan las necesidades de desarrollo profesional previamente relevadas en cada organizaci\u00f3n.<\/p>\n\n\n\n<p>Por \u00faltimo, el PILT firm\u00f3 un convenio con Sistema Integral de Cobranzas (SIC), organizaci\u00f3n con m\u00e1s de 20 a\u00f1os de trayectoria en servicios de an\u00e1lisis de morosidad, organizaci\u00f3n de cuentas y gesti\u00f3n de cobro. Gracias a este acuerdo, las empresas asociadas acceder\u00e1n a un 10% de descuento en el costo de la primera etapa del plan de recuperaci\u00f3n de deuda.<\/p>\n","protected":false},"excerpt":{"rendered":"<p>Los acuerdos alcanzados con firmas especializadas en energ\u00eda, desarrollo organizacional y gesti\u00f3n de cobranzas fortalecen la competitividad y el crecimiento de las empresas radicadas en el Parque. El Parque Industrial, Log\u00edstico y Tecnol\u00f3gico Villa Mar\u00eda (PILT) firm\u00f3 en las \u00faltimas semanas una serie de convenios de cooperaci\u00f3n con distintas empresas, con el objetivo de generar [&hellip;]<\/p>\n","protected":false},"author":4,"featured_media":113720,"comment_status":"open","ping_status":"open","sticky":false,"template":"","format":"standard","meta":{"site-sidebar-layout":"default","site-content-layout":"","ast-site-content-layout":"default","site-content-style":"default","site-sidebar-style":"default","ast-global-header-display":"","ast-banner-title-visibility":"","ast-main-header-display":"","ast-hfb-above-header-display":"","ast-hfb-below-header-display":"","ast-hfb-mobile-header-display":"","site-post-title":"","ast-breadcrumbs-content":"","ast-featured-img":"","footer-sml-layout":"","ast-disable-related-posts":"","theme-transparent-header-meta":"","adv-header-id-meta":"","stick-header-meta":"","header-above-stick-meta":"","header-main-stick-meta":"","header-below-stick-meta":"","astra-migrate-meta-layouts":"set","ast-page-background-enabled":"default","ast-page-background-meta":{"desktop":{"background-color":"","background-image":"","background-repeat":"repeat","background-position":"center center","background-size":"auto","background-attachment":"scroll","background-type":"","background-media":"","overlay-type":"","overlay-color":"","overlay-opacity":"","overlay-gradient":""},"tablet":{"background-color":"","background-image":"","background-repeat":"repeat","background-position":"center center","background-size":"auto","background-attachment":"scroll","background-type":"","background-media":"","overlay-type":"","overlay-color":"","overlay-opacity":"","overlay-gradient":""},"mobile":{"background-color":"","background-image":"","background-repeat":"repeat","background-position":"center center","background-size":"auto","background-attachment":"scroll","background-type":"","background-media":"","overlay-type":"","overlay-color":"","overlay-opacity":"","overlay-gradient":""}},"ast-content-background-meta":{"desktop":{"background-color":"var(--ast-global-color-5)","background-image":"","background-repeat":"repeat","background-position":"center center","background-size":"auto","background-attachment":"scroll","background-type":"","background-media":"","overlay-type":"","overlay-color":"","overlay-opacity":"","overlay-gradient":""},"tablet":{"background-color":"var(--ast-global-color-5)","background-image":"","background-repeat":"repeat","background-position":"center center","background-size":"auto","background-attachment":"scroll","background-type":"","background-media":"","overlay-type":"","overlay-color":"","overlay-opacity":"","overlay-gradient":""},"mobile":{"background-color":"var(--ast-global-color-5)","background-image":"","background-repeat":"repeat","background-position":"center center","background-size":"auto","background-attachment":"scroll","background-type":"","background-media":"","overlay-type":"","overlay-color":"","overlay-opacity":"","overlay-gradient":""}},"_jetpack_memberships_contains_paid_content":false,"_joinchat":[],"footnotes":""},"categories":[15302,5,2],"tags":[],"class_list":["post-113719","post","type-post","status-publish","format-standard","has-post-thumbnail","hentry","category-destacado","category-sociedad","category-villa-maria"],"yoast_head":"<!-- This site is optimized with the Yoast SEO plugin v26.8 - https:\/\/yoast.com\/product\/yoast-seo-wordpress\/ -->\n<title>El PILT firm\u00f3 un convenios de cooperaci\u00f3n para beneficios de empresas de la ciudad - El Regional<\/title>\n<meta name=\"robots\" content=\"index, follow, max-snippet:-1, max-image-preview:large, max-video-preview:-1\" \/>\n<link rel=\"canonical\" href=\"https:\/\/elregionalvm.com.ar\/noticias-villa-maria\/el-pilt-firmo-un-convenios-de-cooperacion-para-beneficios-de-empresas-de-la-ciudad\/\" \/>\n<meta property=\"og:locale\" content=\"es_ES\" \/>\n<meta property=\"og:type\" content=\"article\" \/>\n<meta property=\"og:title\" content=\"El PILT firm\u00f3 un convenios de cooperaci\u00f3n para beneficios de empresas de la ciudad - El Regional\" \/>\n<meta property=\"og:description\" content=\"Los acuerdos alcanzados con firmas especializadas en energ\u00eda, desarrollo organizacional y gesti\u00f3n de cobranzas fortalecen la competitividad y el crecimiento de las empresas radicadas en el Parque. El Parque Industrial, Log\u00edstico y Tecnol\u00f3gico Villa Mar\u00eda (PILT) firm\u00f3 en las \u00faltimas semanas una serie de convenios de cooperaci\u00f3n con distintas empresas, con el objetivo de generar [&hellip;]\" \/>\n<meta property=\"og:url\" content=\"https:\/\/elregionalvm.com.ar\/noticias-villa-maria\/el-pilt-firmo-un-convenios-de-cooperacion-para-beneficios-de-empresas-de-la-ciudad\/\" \/>\n<meta property=\"og:site_name\" content=\"El Regional\" \/>\n<meta property=\"article:publisher\" content=\"https:\/\/www.facebook.com\/elregionalvm\" \/>\n<meta property=\"article:published_time\" content=\"2026-01-31T04:03:20+00:00\" \/>\n<meta property=\"article:modified_time\" content=\"2026-02-02T11:49:23+00:00\" \/>\n<meta property=\"og:image\" content=\"https:\/\/elregionalvm.com.ar\/noticias-villa-maria\/wp-content\/uploads\/2026\/01\/WhatsApp-Image-2026-01-30-at-15.43.55.jpeg\" \/>\n\t<meta property=\"og:image:width\" content=\"996\" \/>\n\t<meta property=\"og:image:height\" content=\"797\" \/>\n\t<meta property=\"og:image:type\" content=\"image\/jpeg\" \/>\n<meta name=\"author\" content=\"Contenidos El Regional\" \/>\n<meta name=\"twitter:card\" content=\"summary_large_image\" \/>\n<meta name=\"twitter:creator\" content=\"@elregionalvm1\" \/>\n<meta name=\"twitter:site\" content=\"@elregionalvm1\" \/>\n<meta name=\"twitter:label1\" content=\"Escrito por\" \/>\n\t<meta name=\"twitter:data1\" content=\"Contenidos El Regional\" \/>\n\t<meta name=\"twitter:label2\" content=\"Tiempo de lectura\" \/>\n\t<meta name=\"twitter:data2\" content=\"2 minutos\" \/>\n<script type=\"application\/ld+json\" class=\"yoast-schema-graph\">{\"@context\":\"https:\/\/schema.org\",\"@graph\":[{\"@type\":\"Article\",\"@id\":\"https:\/\/elregionalvm.com.ar\/noticias-villa-maria\/el-pilt-firmo-un-convenios-de-cooperacion-para-beneficios-de-empresas-de-la-ciudad\/#article\",\"isPartOf\":{\"@id\":\"https:\/\/elregionalvm.com.ar\/noticias-villa-maria\/el-pilt-firmo-un-convenios-de-cooperacion-para-beneficios-de-empresas-de-la-ciudad\/\"},\"author\":{\"name\":\"Contenidos El Regional\",\"@id\":\"http:\/\/elregionalvm.com.ar\/noticias-villa-maria\/#\/schema\/person\/a0fb9c422317faca23d50163151bc354\"},\"headline\":\"El PILT firm\u00f3 un convenios de cooperaci\u00f3n para beneficios de empresas de la ciudad\",\"datePublished\":\"2026-01-31T04:03:20+00:00\",\"dateModified\":\"2026-02-02T11:49:23+00:00\",\"mainEntityOfPage\":{\"@id\":\"https:\/\/elregionalvm.com.ar\/noticias-villa-maria\/el-pilt-firmo-un-convenios-de-cooperacion-para-beneficios-de-empresas-de-la-ciudad\/\"},\"wordCount\":344,\"commentCount\":0,\"image\":{\"@id\":\"https:\/\/elregionalvm.com.ar\/noticias-villa-maria\/el-pilt-firmo-un-convenios-de-cooperacion-para-beneficios-de-empresas-de-la-ciudad\/#primaryimage\"},\"thumbnailUrl\":\"https:\/\/i0.wp.com\/elregionalvm.com.ar\/noticias-villa-maria\/wp-content\/uploads\/2026\/01\/WhatsApp-Image-2026-01-30-at-15.43.55.jpeg?fit=996%2C797&ssl=1\",\"articleSection\":[\"destacado\",\"Sociedad\",\"Villa Mar\u00eda\"],\"inLanguage\":\"es\",\"potentialAction\":[{\"@type\":\"CommentAction\",\"name\":\"Comment\",\"target\":[\"https:\/\/elregionalvm.com.ar\/noticias-villa-maria\/el-pilt-firmo-un-convenios-de-cooperacion-para-beneficios-de-empresas-de-la-ciudad\/#respond\"]}]},{\"@type\":\"WebPage\",\"@id\":\"https:\/\/elregionalvm.com.ar\/noticias-villa-maria\/el-pilt-firmo-un-convenios-de-cooperacion-para-beneficios-de-empresas-de-la-ciudad\/\",\"url\":\"https:\/\/elregionalvm.com.ar\/noticias-villa-maria\/el-pilt-firmo-un-convenios-de-cooperacion-para-beneficios-de-empresas-de-la-ciudad\/\",\"name\":\"El PILT firm\u00f3 un convenios de cooperaci\u00f3n para beneficios de empresas de la ciudad - El Regional\",\"isPartOf\":{\"@id\":\"http:\/\/elregionalvm.com.ar\/noticias-villa-maria\/#website\"},\"primaryImageOfPage\":{\"@id\":\"https:\/\/elregionalvm.com.ar\/noticias-villa-maria\/el-pilt-firmo-un-convenios-de-cooperacion-para-beneficios-de-empresas-de-la-ciudad\/#primaryimage\"},\"image\":{\"@id\":\"https:\/\/elregionalvm.com.ar\/noticias-villa-maria\/el-pilt-firmo-un-convenios-de-cooperacion-para-beneficios-de-empresas-de-la-ciudad\/#primaryimage\"},\"thumbnailUrl\":\"https:\/\/i0.wp.com\/elregionalvm.com.ar\/noticias-villa-maria\/wp-content\/uploads\/2026\/01\/WhatsApp-Image-2026-01-30-at-15.43.55.jpeg?fit=996%2C797&ssl=1\",\"datePublished\":\"2026-01-31T04:03:20+00:00\",\"dateModified\":\"2026-02-02T11:49:23+00:00\",\"author\":{\"@id\":\"http:\/\/elregionalvm.com.ar\/noticias-villa-maria\/#\/schema\/person\/a0fb9c422317faca23d50163151bc354\"},\"breadcrumb\":{\"@id\":\"https:\/\/elregionalvm.com.ar\/noticias-villa-maria\/el-pilt-firmo-un-convenios-de-cooperacion-para-beneficios-de-empresas-de-la-ciudad\/#breadcrumb\"},\"inLanguage\":\"es\",\"potentialAction\":[{\"@type\":\"ReadAction\",\"target\":[\"https:\/\/elregionalvm.com.ar\/noticias-villa-maria\/el-pilt-firmo-un-convenios-de-cooperacion-para-beneficios-de-empresas-de-la-ciudad\/\"]}]},{\"@type\":\"ImageObject\",\"inLanguage\":\"es\",\"@id\":\"https:\/\/elregionalvm.com.ar\/noticias-villa-maria\/el-pilt-firmo-un-convenios-de-cooperacion-para-beneficios-de-empresas-de-la-ciudad\/#primaryimage\",\"url\":\"https:\/\/i0.wp.com\/elregionalvm.com.ar\/noticias-villa-maria\/wp-content\/uploads\/2026\/01\/WhatsApp-Image-2026-01-30-at-15.43.55.jpeg?fit=996%2C797&ssl=1\",\"contentUrl\":\"https:\/\/i0.wp.com\/elregionalvm.com.ar\/noticias-villa-maria\/wp-content\/uploads\/2026\/01\/WhatsApp-Image-2026-01-30-at-15.43.55.jpeg?fit=996%2C797&ssl=1\",\"width\":996,\"height\":797},{\"@type\":\"BreadcrumbList\",\"@id\":\"https:\/\/elregionalvm.com.ar\/noticias-villa-maria\/el-pilt-firmo-un-convenios-de-cooperacion-para-beneficios-de-empresas-de-la-ciudad\/#breadcrumb\",\"itemListElement\":[{\"@type\":\"ListItem\",\"position\":1,\"name\":\"Portada\",\"item\":\"https:\/\/elregionalvm.com.ar\/noticias-villa-maria\/\"},{\"@type\":\"ListItem\",\"position\":2,\"name\":\"El PILT firm\u00f3 un convenios de cooperaci\u00f3n para beneficios de empresas de la ciudad\"}]},{\"@type\":\"WebSite\",\"@id\":\"http:\/\/elregionalvm.com.ar\/noticias-villa-maria\/#website\",\"url\":\"http:\/\/elregionalvm.com.ar\/noticias-villa-maria\/\",\"name\":\"El Regional\",\"description\":\"Mucho m\u00e1s que informaci\u00f3n\",\"potentialAction\":[{\"@type\":\"SearchAction\",\"target\":{\"@type\":\"EntryPoint\",\"urlTemplate\":\"http:\/\/elregionalvm.com.ar\/noticias-villa-maria\/?s={search_term_string}\"},\"query-input\":{\"@type\":\"PropertyValueSpecification\",\"valueRequired\":true,\"valueName\":\"search_term_string\"}}],\"inLanguage\":\"es\"},{\"@type\":\"Person\",\"@id\":\"http:\/\/elregionalvm.com.ar\/noticias-villa-maria\/#\/schema\/person\/a0fb9c422317faca23d50163151bc354\",\"name\":\"Contenidos El Regional\",\"image\":{\"@type\":\"ImageObject\",\"inLanguage\":\"es\",\"@id\":\"http:\/\/elregionalvm.com.ar\/noticias-villa-maria\/#\/schema\/person\/image\/\",\"url\":\"https:\/\/secure.gravatar.com\/avatar\/265b27cb2209af7bb3a1318f03305787d7981a5cc6e6cd08fe5a4ecdf99d4b48?s=96&d=mm&r=g\",\"contentUrl\":\"https:\/\/secure.gravatar.com\/avatar\/265b27cb2209af7bb3a1318f03305787d7981a5cc6e6cd08fe5a4ecdf99d4b48?s=96&d=mm&r=g\",\"caption\":\"Contenidos El Regional\"},\"url\":\"https:\/\/elregionalvm.com.ar\/noticias-villa-maria\/author\/contenido\/\"}]}<\/script>\n<!-- \/ Yoast SEO plugin. -->","yoast_head_json":{"title":"El PILT firm\u00f3 un convenios de cooperaci\u00f3n para beneficios de empresas de la ciudad - El Regional","robots":{"index":"index","follow":"follow","max-snippet":"max-snippet:-1","max-image-preview":"max-image-preview:large","max-video-preview":"max-video-preview:-1"},"canonical":"https:\/\/elregionalvm.com.ar\/noticias-villa-maria\/el-pilt-firmo-un-convenios-de-cooperacion-para-beneficios-de-empresas-de-la-ciudad\/","og_locale":"es_ES","og_type":"article","og_title":"El PILT firm\u00f3 un convenios de cooperaci\u00f3n para beneficios de empresas de la ciudad - El Regional","og_description":"Los acuerdos alcanzados con firmas especializadas en energ\u00eda, desarrollo organizacional y gesti\u00f3n de cobranzas fortalecen la competitividad y el crecimiento de las empresas radicadas en el Parque. El Parque Industrial, Log\u00edstico y Tecnol\u00f3gico Villa Mar\u00eda (PILT) firm\u00f3 en las \u00faltimas semanas una serie de convenios de cooperaci\u00f3n con distintas empresas, con el objetivo de generar [&hellip;]","og_url":"https:\/\/elregionalvm.com.ar\/noticias-villa-maria\/el-pilt-firmo-un-convenios-de-cooperacion-para-beneficios-de-empresas-de-la-ciudad\/","og_site_name":"El Regional","article_publisher":"https:\/\/www.facebook.com\/elregionalvm","article_published_time":"2026-01-31T04:03:20+00:00","article_modified_time":"2026-02-02T11:49:23+00:00","og_image":[{"width":996,"height":797,"url":"https:\/\/elregionalvm.com.ar\/noticias-villa-maria\/wp-content\/uploads\/2026\/01\/WhatsApp-Image-2026-01-30-at-15.43.55.jpeg","type":"image\/jpeg"}],"author":"Contenidos El Regional","twitter_card":"summary_large_image","twitter_creator":"@elregionalvm1","twitter_site":"@elregionalvm1","twitter_misc":{"Escrito por":"Contenidos El Regional","Tiempo de lectura":"2 minutos"},"schema":{"@context":"https:\/\/schema.org","@graph":[{"@type":"Article","@id":"https:\/\/elregionalvm.com.ar\/noticias-villa-maria\/el-pilt-firmo-un-convenios-de-cooperacion-para-beneficios-de-empresas-de-la-ciudad\/#article","isPartOf":{"@id":"https:\/\/elregionalvm.com.ar\/noticias-villa-maria\/el-pilt-firmo-un-convenios-de-cooperacion-para-beneficios-de-empresas-de-la-ciudad\/"},"author":{"name":"Contenidos El Regional","@id":"http:\/\/elregionalvm.com.ar\/noticias-villa-maria\/#\/schema\/person\/a0fb9c422317faca23d50163151bc354"},"headline":"El PILT firm\u00f3 un convenios de cooperaci\u00f3n para beneficios de empresas de la ciudad","datePublished":"2026-01-31T04:03:20+00:00","dateModified":"2026-02-02T11:49:23+00:00","mainEntityOfPage":{"@id":"https:\/\/elregionalvm.com.ar\/noticias-villa-maria\/el-pilt-firmo-un-convenios-de-cooperacion-para-beneficios-de-empresas-de-la-ciudad\/"},"wordCount":344,"commentCount":0,"image":{"@id":"https:\/\/elregionalvm.com.ar\/noticias-villa-maria\/el-pilt-firmo-un-convenios-de-cooperacion-para-beneficios-de-empresas-de-la-ciudad\/#primaryimage"},"thumbnailUrl":"https:\/\/i0.wp.com\/elregionalvm.com.ar\/noticias-villa-maria\/wp-content\/uploads\/2026\/01\/WhatsApp-Image-2026-01-30-at-15.43.55.jpeg?fit=996%2C797&ssl=1","articleSection":["destacado","Sociedad","Villa Mar\u00eda"],"inLanguage":"es","potentialAction":[{"@type":"CommentAction","name":"Comment","target":["https:\/\/elregionalvm.com.ar\/noticias-villa-maria\/el-pilt-firmo-un-convenios-de-cooperacion-para-beneficios-de-empresas-de-la-ciudad\/#respond"]}]},{"@type":"WebPage","@id":"https:\/\/elregionalvm.com.ar\/noticias-villa-maria\/el-pilt-firmo-un-convenios-de-cooperacion-para-beneficios-de-empresas-de-la-ciudad\/","url":"https:\/\/elregionalvm.com.ar\/noticias-villa-maria\/el-pilt-firmo-un-convenios-de-cooperacion-para-beneficios-de-empresas-de-la-ciudad\/","name":"El PILT firm\u00f3 un convenios de cooperaci\u00f3n para beneficios de empresas de la ciudad - El Regional","isPartOf":{"@id":"http:\/\/elregionalvm.com.ar\/noticias-villa-maria\/#website"},"primaryImageOfPage":{"@id":"https:\/\/elregionalvm.com.ar\/noticias-villa-maria\/el-pilt-firmo-un-convenios-de-cooperacion-para-beneficios-de-empresas-de-la-ciudad\/#primaryimage"},"image":{"@id":"https:\/\/elregionalvm.com.ar\/noticias-villa-maria\/el-pilt-firmo-un-convenios-de-cooperacion-para-beneficios-de-empresas-de-la-ciudad\/#primaryimage"},"thumbnailUrl":"https:\/\/i0.wp.com\/elregionalvm.com.ar\/noticias-villa-maria\/wp-content\/uploads\/2026\/01\/WhatsApp-Image-2026-01-30-at-15.43.55.jpeg?fit=996%2C797&ssl=1","datePublished":"2026-01-31T04:03:20+00:00","dateModified":"2026-02-02T11:49:23+00:00","author":{"@id":"http:\/\/elregionalvm.com.ar\/noticias-villa-maria\/#\/schema\/person\/a0fb9c422317faca23d50163151bc354"},"breadcrumb":{"@id":"https:\/\/elregionalvm.com.ar\/noticias-villa-maria\/el-pilt-firmo-un-convenios-de-cooperacion-para-beneficios-de-empresas-de-la-ciudad\/#breadcrumb"},"inLanguage":"es","potentialAction":[{"@type":"ReadAction","target":["https:\/\/elregionalvm.com.ar\/noticias-villa-maria\/el-pilt-firmo-un-convenios-de-cooperacion-para-beneficios-de-empresas-de-la-ciudad\/"]}]},{"@type":"ImageObject","inLanguage":"es","@id":"https:\/\/elregionalvm.com.ar\/noticias-villa-maria\/el-pilt-firmo-un-convenios-de-cooperacion-para-beneficios-de-empresas-de-la-ciudad\/#primaryimage","url":"https:\/\/i0.wp.com\/elregionalvm.com.ar\/noticias-villa-maria\/wp-content\/uploads\/2026\/01\/WhatsApp-Image-2026-01-30-at-15.43.55.jpeg?fit=996%2C797&ssl=1","contentUrl":"https:\/\/i0.wp.com\/elregionalvm.com.ar\/noticias-villa-maria\/wp-content\/uploads\/2026\/01\/WhatsApp-Image-2026-01-30-at-15.43.55.jpeg?fit=996%2C797&ssl=1","width":996,"height":797},{"@type":"BreadcrumbList","@id":"https:\/\/elregionalvm.com.ar\/noticias-villa-maria\/el-pilt-firmo-un-convenios-de-cooperacion-para-beneficios-de-empresas-de-la-ciudad\/#breadcrumb","itemListElement":[{"@type":"ListItem","position":1,"name":"Portada","item":"https:\/\/elregionalvm.com.ar\/noticias-villa-maria\/"},{"@type":"ListItem","position":2,"name":"El PILT firm\u00f3 un convenios de cooperaci\u00f3n para beneficios de empresas de la ciudad"}]},{"@type":"WebSite","@id":"http:\/\/elregionalvm.com.ar\/noticias-villa-maria\/#website","url":"http:\/\/elregionalvm.com.ar\/noticias-villa-maria\/","name":"El Regional","description":"Mucho m\u00e1s que informaci\u00f3n","potentialAction":[{"@type":"SearchAction","target":{"@type":"EntryPoint","urlTemplate":"http:\/\/elregionalvm.com.ar\/noticias-villa-maria\/?s={search_term_string}"},"query-input":{"@type":"PropertyValueSpecification","valueRequired":true,"valueName":"search_term_string"}}],"inLanguage":"es"},{"@type":"Person","@id":"http:\/\/elregionalvm.com.ar\/noticias-villa-maria\/#\/schema\/person\/a0fb9c422317faca23d50163151bc354","name":"Contenidos El Regional","image":{"@type":"ImageObject","inLanguage":"es","@id":"http:\/\/elregionalvm.com.ar\/noticias-villa-maria\/#\/schema\/person\/image\/","url":"https:\/\/secure.gravatar.com\/avatar\/265b27cb2209af7bb3a1318f03305787d7981a5cc6e6cd08fe5a4ecdf99d4b48?s=96&d=mm&r=g","contentUrl":"https:\/\/secure.gravatar.com\/avatar\/265b27cb2209af7bb3a1318f03305787d7981a5cc6e6cd08fe5a4ecdf99d4b48?s=96&d=mm&r=g","caption":"Contenidos El Regional"},"url":"https:\/\/elregionalvm.com.ar\/noticias-villa-maria\/author\/contenido\/"}]}},"jetpack_featured_media_url":"https:\/\/i0.wp.com\/elregionalvm.com.ar\/noticias-villa-maria\/wp-content\/uploads\/2026\/01\/WhatsApp-Image-2026-01-30-at-15.43.55.jpeg?fit=996%2C797&ssl=1","jetpack_sharing_enabled":true,"_links":{"self":[{"href":"https:\/\/elregionalvm.com.ar\/noticias-villa-maria\/wp-json\/wp\/v2\/posts\/113719","targetHints":{"allow":["GET"]}}],"collection":[{"href":"https:\/\/elregionalvm.com.ar\/noticias-villa-maria\/wp-json\/wp\/v2\/posts"}],"about":[{"href":"https:\/\/elregionalvm.com.ar\/noticias-villa-maria\/wp-json\/wp\/v2\/types\/post"}],"author":[{"embeddable":true,"href":"https:\/\/elregionalvm.com.ar\/noticias-villa-maria\/wp-json\/wp\/v2\/users\/4"}],"replies":[{"embeddable":true,"href":"https:\/\/elregionalvm.com.ar\/noticias-villa-maria\/wp-json\/wp\/v2\/comments?post=113719"}],"version-history":[{"count":3,"href":"https:\/\/elregionalvm.com.ar\/noticias-villa-maria\/wp-json\/wp\/v2\/posts\/113719\/revisions"}],"predecessor-version":[{"id":113723,"href":"https:\/\/elregionalvm.com.ar\/noticias-villa-maria\/wp-json\/wp\/v2\/posts\/113719\/revisions\/113723"}],"wp:featuredmedia":[{"embeddable":true,"href":"https:\/\/elregionalvm.com.ar\/noticias-villa-maria\/wp-json\/wp\/v2\/media\/113720"}],"wp:attachment":[{"href":"https:\/\/elregionalvm.com.ar\/noticias-villa-maria\/wp-json\/wp\/v2\/media?parent=113719"}],"wp:term":[{"taxonomy":"category","embeddable":true,"href":"https:\/\/elregionalvm.com.ar\/noticias-villa-maria\/wp-json\/wp\/v2\/categories?post=113719"},{"taxonomy":"post_tag","embeddable":true,"href":"https:\/\/elregionalvm.com.ar\/noticias-villa-maria\/wp-json\/wp\/v2\/tags?post=113719"}],"curies":[{"name":"wp","href":"https:\/\/api.w.org\/{rel}","templated":true}]}}