{"id":113730,"date":"2026-02-03T12:01:45","date_gmt":"2026-02-03T12:01:45","guid":{"rendered":"https:\/\/elregionalvm.com.ar\/noticias-villa-maria\/?p=113730"},"modified":"2026-02-03T12:01:46","modified_gmt":"2026-02-03T12:01:46","slug":"accastello-recibio-al-viceintendente-de-alta-gracia-en-el-marco-de-la-presentacion-de-la-37a-edicion-del-encuentro-anual-de-colectividades","status":"publish","type":"post","link":"https:\/\/elregionalvm.com.ar\/noticias-villa-maria\/accastello-recibio-al-viceintendente-de-alta-gracia-en-el-marco-de-la-presentacion-de-la-37a-edicion-del-encuentro-anual-de-colectividades\/","title":{"rendered":"Accastello recibi\u00f3 al viceintendente de Alta Gracia,  en el marco de la presentaci\u00f3n de la 37\u00aa edici\u00f3n del Encuentro Anual de Colectividades"},"content":{"rendered":"\n<p>El intendente Eduardo Accastello recibi\u00f3 al viceintendente de Alta Gracia, Jorge De Napoli, en el marco de la presentaci\u00f3n de la 37\u00aa edici\u00f3n del Encuentro Anual de Colectividades, que se desarrollar\u00e1 del 4 al 8 de febrero en la ciudad del Tajamar.<\/p>\n\n\n\n<p>Durante el encuentro, tambi\u00e9n se anunciaron los artistas de ambas ciudades que formar\u00e1n parte tanto de la Fiesta de las Colectividades como del Festival Internacional de Pe\u00f1as, a partir de un convenio de intercambio cultural orientado a fortalecer el turismo y promover la circulaci\u00f3n de artistas entre ambos eventos.<\/p>\n\n\n\n<p>Participaron de la presentaci\u00f3n el secretario de Gobierno, Cultura y Relaciones Institucionales, Marcos Bovo; el secretario de Turismo, Deporte y Cultura de Alta Gracia, Mauro Proto; el director de Turismo del Ente Villa Mar\u00eda Deporte y Turismo, Dino Gagliese; el vicepresidente de la Comisi\u00f3n Organizadora del 37\u00b0 Encuentro Anual de Colectividades, Adri\u00e1n Depetris; adem\u00e1s de integrantes de las bandas participantes y de la Casa Balear.<\/p>\n\n\n\n<p>En este contexto, el intendente Accastello expres\u00f3:&nbsp;<strong><em>\u201cAmbas fiestas, la de las Colectividades y el Festival de Pe\u00f1as, junto con el Recorrido, son fiestas hermanas. No s\u00f3lo que para el Festival se vendieron entradas en todas las provincias, sino que, cuando caminas el Recorrido, te das cuenta de que viene gente de todo el pa\u00eds, y esto mismo pasa en la Fiesta de las Colectividades\u201d.<\/em><\/strong><\/p>\n\n\n\n<p><strong><em>\u201cA la gente le gusta compartir las ra\u00edces de su \u00e1rbol familiar, y la virtuosidad de C\u00f3rdoba es la fusi\u00f3n de culturas que, a diferencia de lo que sucede en el mundo, genera la evoluci\u00f3n de la comunidad. Entonces, no nos cuesta fusionar nuestro arte con el de Alta Gracia, porque entendemos que la cultura es el eje central de nuestra identidad como pueblo y como comunidad\u201d&nbsp;<\/em><\/strong>, cerr\u00f3 Accastello.<\/p>\n\n\n\n<p>En el marco de este intercambio, el grupo villamariense Kallpa Folk se presentar\u00e1 en Alta Gracia, mientras que la banda Sur Kamikaze participar\u00e1 del Festival de Pe\u00f1as, actuando sobre el escenario Hern\u00e1n Figueroa Reyes el domingo 8 de febrero. Asimismo, integrantes de la Casa Balear Villa Mar\u00eda formar\u00e1n parte de la Fiesta de las Colectividades.<\/p>\n\n\n\n<p>Por su parte, el viceintendente de Alta Gracia, Jorge De Napoli, se\u00f1al\u00f3: \u201c<em>Alta Gracia es una ciudad con m\u00e1s de 374 a\u00f1os que tiene como eslogan \u2019Cultura Viva\u2019 y, en esto de generar trabajo a trav\u00e9s de la cultura, de la industria naranja, llegamos y compartimos con Villa Mar\u00eda este Festival que es realmente importante. Nuestra fiesta madre es un poco m\u00e1s j\u00f3ven, pero nos permite que la cultura sea la expresi\u00f3n real de nuestro pueblo\u201d .<\/em><\/p>\n\n\n\n<p>Luego, agreg\u00f3:&nbsp;<em>\u201cEste acuerdo que se firm\u00f3 entre los intendentes Marcos Torres y Eduardo Accastello permite que las ra\u00edces y la cultura crezcan. As\u00ed que los invitamos a llegarse por la ciudad del Tajamar, el mi\u00e9rcoles tendremos nuestro desfile de todas las colectividades, y de ah\u00ed en m\u00e1s empezamos a vivir la cultura de cada uno de los pueblos y las culturas que nos conforman\u201d .<\/em><\/p>\n\n\n\n<p>Cabe destacar que el convenio fortalece la identidad tur\u00edstica de ambas ciudades cordobesas, brindando a vecinos y visitantes una variada agenda cultural durante febrero de 2026.<\/p>\n\n\n\n<p>A su turno, el secretario de Gobierno, Cultura y Relaciones Institucionales, Marcos Bovo, coment\u00f3:&nbsp;<em>\u201cHace algunas semanas tuvimos la posibilidad de ir a presentar nuestra fiesta pe\u00f1era y hoy queremos devolverles esa reciprocidad con la que tan generosamente nos recibieron. El convenio suscrito nos brinda la posibilidad de generar un intercambio art\u00edstico entre ambas propuestas, para que nuestros artistas locales puedan darse a conocer en escenarios de magnitud\u201d.<\/em><\/p>\n\n\n\n<p><strong>Encuentro de Colectividades de Alta Gracia<\/strong><\/p>\n\n\n\n<p>Se trata de un evento emblem\u00e1tico con el objetivo de reunir a comunidades de distintos or\u00edgenes culturales y \u00e9tnicos, celebrando la diversidad y fomentando el intercambio cultural.<\/p>\n\n\n\n<p>Al respecto, el vicepresidente de la Comisi\u00f3n Organizadora, Adri\u00e1n Depetris, explic\u00f3:&nbsp;<em>\u201cEs una fiesta que a\u00f1o a a\u00f1o se va haciendo m\u00e1s grande, esta edici\u00f3n tendr\u00e1 30 colectividades presentes, desplegando su gastronom\u00eda, su cultura, sus bailes, sus atuendos t\u00edpicos. El predio va a estar muy lindo, con un escenario principal, con una grilla de artistas para todos los gustos, en un lugar seguro donde puedan pasear con tranquilidad. La entrada tiene un costo de seis mil pesos, e incluye una consumici\u00f3n, los menores de 10 y los mayores de 65 a\u00f1os tienen el acceso gratuito\u201d.<\/em><\/p>\n\n\n\n<p>La 37\u00aa edici\u00f3n se llevar\u00e1 a cabo del 4 al 8 de febrero, desde las 20 horas, en el Predio Colectividades, con entrada libre y gratuita. Adem\u00e1s, el evento ser\u00e1 transmitido por Canal 10 y a trav\u00e9s de plataformas digitales.<\/p>\n\n\n\n<p>Finalmente, Ram\u00f3n Cuevas (Kallpa Folk), Yanina Tomas (Casa Balear) y Facundo Pertino (Sur Kamikaze) agradecieron la posibilidad de participar en encuentros que promueven la cultura, destacando que el trabajo es cultura y que la cultura tambi\u00e9n es trabajo, y valoraron la oportunidad de compartir su arte y su forma de vida con nuevos p\u00fablicos<\/p>\n","protected":false},"excerpt":{"rendered":"<p>El intendente Eduardo Accastello recibi\u00f3 al viceintendente de Alta Gracia, Jorge De Napoli, en el marco de la presentaci\u00f3n de la 37\u00aa edici\u00f3n del Encuentro Anual de Colectividades, que se desarrollar\u00e1 del 4 al 8 de febrero en la ciudad del Tajamar. Durante el encuentro, tambi\u00e9n se anunciaron los artistas de ambas ciudades que formar\u00e1n [&hellip;]<\/p>\n","protected":false},"author":4,"featured_media":113731,"comment_status":"open","ping_status":"open","sticky":false,"template":"","format":"standard","meta":{"site-sidebar-layout":"default","site-content-layout":"","ast-site-content-layout":"default","site-content-style":"default","site-sidebar-style":"default","ast-global-header-display":"","ast-banner-title-visibility":"","ast-main-header-display":"","ast-hfb-above-header-display":"","ast-hfb-below-header-display":"","ast-hfb-mobile-header-display":"","site-post-title":"","ast-breadcrumbs-content":"","ast-featured-img":"","footer-sml-layout":"","ast-disable-related-posts":"","theme-transparent-header-meta":"","adv-header-id-meta":"","stick-header-meta":"","header-above-stick-meta":"","header-main-stick-meta":"","header-below-stick-meta":"","astra-migrate-meta-layouts":"set","ast-page-background-enabled":"default","ast-page-background-meta":{"desktop":{"background-color":"","background-image":"","background-repeat":"repeat","background-position":"center center","background-size":"auto","background-attachment":"scroll","background-type":"","background-media":"","overlay-type":"","overlay-color":"","overlay-opacity":"","overlay-gradient":""},"tablet":{"background-color":"","background-image":"","background-repeat":"repeat","background-position":"center center","background-size":"auto","background-attachment":"scroll","background-type":"","background-media":"","overlay-type":"","overlay-color":"","overlay-opacity":"","overlay-gradient":""},"mobile":{"background-color":"","background-image":"","background-repeat":"repeat","background-position":"center center","background-size":"auto","background-attachment":"scroll","background-type":"","background-media":"","overlay-type":"","overlay-color":"","overlay-opacity":"","overlay-gradient":""}},"ast-content-background-meta":{"desktop":{"background-color":"var(--ast-global-color-5)","background-image":"","background-repeat":"repeat","background-position":"center center","background-size":"auto","background-attachment":"scroll","background-type":"","background-media":"","overlay-type":"","overlay-color":"","overlay-opacity":"","overlay-gradient":""},"tablet":{"background-color":"var(--ast-global-color-5)","background-image":"","background-repeat":"repeat","background-position":"center center","background-size":"auto","background-attachment":"scroll","background-type":"","background-media":"","overlay-type":"","overlay-color":"","overlay-opacity":"","overlay-gradient":""},"mobile":{"background-color":"var(--ast-global-color-5)","background-image":"","background-repeat":"repeat","background-position":"center center","background-size":"auto","background-attachment":"scroll","background-type":"","background-media":"","overlay-type":"","overlay-color":"","overlay-opacity":"","overlay-gradient":""}},"_jetpack_memberships_contains_paid_content":false,"_joinchat":[],"footnotes":""},"categories":[15302,5,2],"tags":[],"class_list":["post-113730","post","type-post","status-publish","format-standard","has-post-thumbnail","hentry","category-destacado","category-sociedad","category-villa-maria"],"yoast_head":"<!-- This site is optimized with the Yoast SEO plugin v26.8 - https:\/\/yoast.com\/product\/yoast-seo-wordpress\/ -->\n<title>Accastello recibi\u00f3 al viceintendente de Alta Gracia, en el marco de la presentaci\u00f3n de la 37\u00aa edici\u00f3n del Encuentro Anual de Colectividades - El Regional<\/title>\n<meta name=\"robots\" content=\"index, follow, max-snippet:-1, max-image-preview:large, max-video-preview:-1\" \/>\n<link rel=\"canonical\" href=\"https:\/\/elregionalvm.com.ar\/noticias-villa-maria\/accastello-recibio-al-viceintendente-de-alta-gracia-en-el-marco-de-la-presentacion-de-la-37a-edicion-del-encuentro-anual-de-colectividades\/\" \/>\n<meta property=\"og:locale\" content=\"es_ES\" \/>\n<meta property=\"og:type\" content=\"article\" \/>\n<meta property=\"og:title\" content=\"Accastello recibi\u00f3 al viceintendente de Alta Gracia, en el marco de la presentaci\u00f3n de la 37\u00aa edici\u00f3n del Encuentro Anual de Colectividades - El Regional\" \/>\n<meta property=\"og:description\" content=\"El intendente Eduardo Accastello recibi\u00f3 al viceintendente de Alta Gracia, Jorge De Napoli, en el marco de la presentaci\u00f3n de la 37\u00aa edici\u00f3n del Encuentro Anual de Colectividades, que se desarrollar\u00e1 del 4 al 8 de febrero en la ciudad del Tajamar. Durante el encuentro, tambi\u00e9n se anunciaron los artistas de ambas ciudades que formar\u00e1n [&hellip;]\" \/>\n<meta property=\"og:url\" content=\"https:\/\/elregionalvm.com.ar\/noticias-villa-maria\/accastello-recibio-al-viceintendente-de-alta-gracia-en-el-marco-de-la-presentacion-de-la-37a-edicion-del-encuentro-anual-de-colectividades\/\" \/>\n<meta property=\"og:site_name\" content=\"El Regional\" \/>\n<meta property=\"article:publisher\" content=\"https:\/\/www.facebook.com\/elregionalvm\" \/>\n<meta property=\"article:published_time\" content=\"2026-02-03T12:01:45+00:00\" \/>\n<meta property=\"article:modified_time\" content=\"2026-02-03T12:01:46+00:00\" \/>\n<meta property=\"og:image\" content=\"https:\/\/elregionalvm.com.ar\/noticias-villa-maria\/wp-content\/uploads\/2026\/02\/b291b28fef7b466f9e99eeca7a593527.jpeg\" \/>\n\t<meta property=\"og:image:width\" content=\"800\" \/>\n\t<meta property=\"og:image:height\" content=\"600\" \/>\n\t<meta property=\"og:image:type\" content=\"image\/jpeg\" \/>\n<meta name=\"author\" content=\"Contenidos El Regional\" \/>\n<meta name=\"twitter:card\" content=\"summary_large_image\" \/>\n<meta name=\"twitter:creator\" content=\"@elregionalvm1\" \/>\n<meta name=\"twitter:site\" content=\"@elregionalvm1\" \/>\n<meta name=\"twitter:label1\" content=\"Escrito por\" \/>\n\t<meta name=\"twitter:data1\" content=\"Contenidos El Regional\" \/>\n\t<meta name=\"twitter:label2\" content=\"Tiempo de lectura\" \/>\n\t<meta name=\"twitter:data2\" content=\"4 minutos\" \/>\n<script type=\"application\/ld+json\" class=\"yoast-schema-graph\">{\"@context\":\"https:\/\/schema.org\",\"@graph\":[{\"@type\":\"Article\",\"@id\":\"https:\/\/elregionalvm.com.ar\/noticias-villa-maria\/accastello-recibio-al-viceintendente-de-alta-gracia-en-el-marco-de-la-presentacion-de-la-37a-edicion-del-encuentro-anual-de-colectividades\/#article\",\"isPartOf\":{\"@id\":\"https:\/\/elregionalvm.com.ar\/noticias-villa-maria\/accastello-recibio-al-viceintendente-de-alta-gracia-en-el-marco-de-la-presentacion-de-la-37a-edicion-del-encuentro-anual-de-colectividades\/\"},\"author\":{\"name\":\"Contenidos El Regional\",\"@id\":\"http:\/\/elregionalvm.com.ar\/noticias-villa-maria\/#\/schema\/person\/a0fb9c422317faca23d50163151bc354\"},\"headline\":\"Accastello recibi\u00f3 al viceintendente de Alta Gracia, en el marco de la presentaci\u00f3n de la 37\u00aa edici\u00f3n del Encuentro Anual de Colectividades\",\"datePublished\":\"2026-02-03T12:01:45+00:00\",\"dateModified\":\"2026-02-03T12:01:46+00:00\",\"mainEntityOfPage\":{\"@id\":\"https:\/\/elregionalvm.com.ar\/noticias-villa-maria\/accastello-recibio-al-viceintendente-de-alta-gracia-en-el-marco-de-la-presentacion-de-la-37a-edicion-del-encuentro-anual-de-colectividades\/\"},\"wordCount\":869,\"commentCount\":0,\"image\":{\"@id\":\"https:\/\/elregionalvm.com.ar\/noticias-villa-maria\/accastello-recibio-al-viceintendente-de-alta-gracia-en-el-marco-de-la-presentacion-de-la-37a-edicion-del-encuentro-anual-de-colectividades\/#primaryimage\"},\"thumbnailUrl\":\"https:\/\/i0.wp.com\/elregionalvm.com.ar\/noticias-villa-maria\/wp-content\/uploads\/2026\/02\/b291b28fef7b466f9e99eeca7a593527.jpeg?fit=800%2C600&ssl=1\",\"articleSection\":[\"destacado\",\"Sociedad\",\"Villa Mar\u00eda\"],\"inLanguage\":\"es\",\"potentialAction\":[{\"@type\":\"CommentAction\",\"name\":\"Comment\",\"target\":[\"https:\/\/elregionalvm.com.ar\/noticias-villa-maria\/accastello-recibio-al-viceintendente-de-alta-gracia-en-el-marco-de-la-presentacion-de-la-37a-edicion-del-encuentro-anual-de-colectividades\/#respond\"]}]},{\"@type\":\"WebPage\",\"@id\":\"https:\/\/elregionalvm.com.ar\/noticias-villa-maria\/accastello-recibio-al-viceintendente-de-alta-gracia-en-el-marco-de-la-presentacion-de-la-37a-edicion-del-encuentro-anual-de-colectividades\/\",\"url\":\"https:\/\/elregionalvm.com.ar\/noticias-villa-maria\/accastello-recibio-al-viceintendente-de-alta-gracia-en-el-marco-de-la-presentacion-de-la-37a-edicion-del-encuentro-anual-de-colectividades\/\",\"name\":\"Accastello recibi\u00f3 al viceintendente de Alta Gracia, en el marco de la presentaci\u00f3n de la 37\u00aa edici\u00f3n del Encuentro Anual de Colectividades - El Regional\",\"isPartOf\":{\"@id\":\"http:\/\/elregionalvm.com.ar\/noticias-villa-maria\/#website\"},\"primaryImageOfPage\":{\"@id\":\"https:\/\/elregionalvm.com.ar\/noticias-villa-maria\/accastello-recibio-al-viceintendente-de-alta-gracia-en-el-marco-de-la-presentacion-de-la-37a-edicion-del-encuentro-anual-de-colectividades\/#primaryimage\"},\"image\":{\"@id\":\"https:\/\/elregionalvm.com.ar\/noticias-villa-maria\/accastello-recibio-al-viceintendente-de-alta-gracia-en-el-marco-de-la-presentacion-de-la-37a-edicion-del-encuentro-anual-de-colectividades\/#primaryimage\"},\"thumbnailUrl\":\"https:\/\/i0.wp.com\/elregionalvm.com.ar\/noticias-villa-maria\/wp-content\/uploads\/2026\/02\/b291b28fef7b466f9e99eeca7a593527.jpeg?fit=800%2C600&ssl=1\",\"datePublished\":\"2026-02-03T12:01:45+00:00\",\"dateModified\":\"2026-02-03T12:01:46+00:00\",\"author\":{\"@id\":\"http:\/\/elregionalvm.com.ar\/noticias-villa-maria\/#\/schema\/person\/a0fb9c422317faca23d50163151bc354\"},\"breadcrumb\":{\"@id\":\"https:\/\/elregionalvm.com.ar\/noticias-villa-maria\/accastello-recibio-al-viceintendente-de-alta-gracia-en-el-marco-de-la-presentacion-de-la-37a-edicion-del-encuentro-anual-de-colectividades\/#breadcrumb\"},\"inLanguage\":\"es\",\"potentialAction\":[{\"@type\":\"ReadAction\",\"target\":[\"https:\/\/elregionalvm.com.ar\/noticias-villa-maria\/accastello-recibio-al-viceintendente-de-alta-gracia-en-el-marco-de-la-presentacion-de-la-37a-edicion-del-encuentro-anual-de-colectividades\/\"]}]},{\"@type\":\"ImageObject\",\"inLanguage\":\"es\",\"@id\":\"https:\/\/elregionalvm.com.ar\/noticias-villa-maria\/accastello-recibio-al-viceintendente-de-alta-gracia-en-el-marco-de-la-presentacion-de-la-37a-edicion-del-encuentro-anual-de-colectividades\/#primaryimage\",\"url\":\"https:\/\/i0.wp.com\/elregionalvm.com.ar\/noticias-villa-maria\/wp-content\/uploads\/2026\/02\/b291b28fef7b466f9e99eeca7a593527.jpeg?fit=800%2C600&ssl=1\",\"contentUrl\":\"https:\/\/i0.wp.com\/elregionalvm.com.ar\/noticias-villa-maria\/wp-content\/uploads\/2026\/02\/b291b28fef7b466f9e99eeca7a593527.jpeg?fit=800%2C600&ssl=1\",\"width\":800,\"height\":600},{\"@type\":\"BreadcrumbList\",\"@id\":\"https:\/\/elregionalvm.com.ar\/noticias-villa-maria\/accastello-recibio-al-viceintendente-de-alta-gracia-en-el-marco-de-la-presentacion-de-la-37a-edicion-del-encuentro-anual-de-colectividades\/#breadcrumb\",\"itemListElement\":[{\"@type\":\"ListItem\",\"position\":1,\"name\":\"Portada\",\"item\":\"https:\/\/elregionalvm.com.ar\/noticias-villa-maria\/\"},{\"@type\":\"ListItem\",\"position\":2,\"name\":\"Accastello recibi\u00f3 al viceintendente de Alta Gracia, en el marco de la presentaci\u00f3n de la 37\u00aa edici\u00f3n del Encuentro Anual de Colectividades\"}]},{\"@type\":\"WebSite\",\"@id\":\"http:\/\/elregionalvm.com.ar\/noticias-villa-maria\/#website\",\"url\":\"http:\/\/elregionalvm.com.ar\/noticias-villa-maria\/\",\"name\":\"El Regional\",\"description\":\"Mucho m\u00e1s que informaci\u00f3n\",\"potentialAction\":[{\"@type\":\"SearchAction\",\"target\":{\"@type\":\"EntryPoint\",\"urlTemplate\":\"http:\/\/elregionalvm.com.ar\/noticias-villa-maria\/?s={search_term_string}\"},\"query-input\":{\"@type\":\"PropertyValueSpecification\",\"valueRequired\":true,\"valueName\":\"search_term_string\"}}],\"inLanguage\":\"es\"},{\"@type\":\"Person\",\"@id\":\"http:\/\/elregionalvm.com.ar\/noticias-villa-maria\/#\/schema\/person\/a0fb9c422317faca23d50163151bc354\",\"name\":\"Contenidos El Regional\",\"image\":{\"@type\":\"ImageObject\",\"inLanguage\":\"es\",\"@id\":\"http:\/\/elregionalvm.com.ar\/noticias-villa-maria\/#\/schema\/person\/image\/\",\"url\":\"https:\/\/secure.gravatar.com\/avatar\/265b27cb2209af7bb3a1318f03305787d7981a5cc6e6cd08fe5a4ecdf99d4b48?s=96&d=mm&r=g\",\"contentUrl\":\"https:\/\/secure.gravatar.com\/avatar\/265b27cb2209af7bb3a1318f03305787d7981a5cc6e6cd08fe5a4ecdf99d4b48?s=96&d=mm&r=g\",\"caption\":\"Contenidos El Regional\"},\"url\":\"https:\/\/elregionalvm.com.ar\/noticias-villa-maria\/author\/contenido\/\"}]}<\/script>\n<!-- \/ Yoast SEO plugin. -->","yoast_head_json":{"title":"Accastello recibi\u00f3 al viceintendente de Alta Gracia, en el marco de la presentaci\u00f3n de la 37\u00aa edici\u00f3n del Encuentro Anual de Colectividades - El Regional","robots":{"index":"index","follow":"follow","max-snippet":"max-snippet:-1","max-image-preview":"max-image-preview:large","max-video-preview":"max-video-preview:-1"},"canonical":"https:\/\/elregionalvm.com.ar\/noticias-villa-maria\/accastello-recibio-al-viceintendente-de-alta-gracia-en-el-marco-de-la-presentacion-de-la-37a-edicion-del-encuentro-anual-de-colectividades\/","og_locale":"es_ES","og_type":"article","og_title":"Accastello recibi\u00f3 al viceintendente de Alta Gracia, en el marco de la presentaci\u00f3n de la 37\u00aa edici\u00f3n del Encuentro Anual de Colectividades - El Regional","og_description":"El intendente Eduardo Accastello recibi\u00f3 al viceintendente de Alta Gracia, Jorge De Napoli, en el marco de la presentaci\u00f3n de la 37\u00aa edici\u00f3n del Encuentro Anual de Colectividades, que se desarrollar\u00e1 del 4 al 8 de febrero en la ciudad del Tajamar. Durante el encuentro, tambi\u00e9n se anunciaron los artistas de ambas ciudades que formar\u00e1n [&hellip;]","og_url":"https:\/\/elregionalvm.com.ar\/noticias-villa-maria\/accastello-recibio-al-viceintendente-de-alta-gracia-en-el-marco-de-la-presentacion-de-la-37a-edicion-del-encuentro-anual-de-colectividades\/","og_site_name":"El Regional","article_publisher":"https:\/\/www.facebook.com\/elregionalvm","article_published_time":"2026-02-03T12:01:45+00:00","article_modified_time":"2026-02-03T12:01:46+00:00","og_image":[{"width":800,"height":600,"url":"https:\/\/elregionalvm.com.ar\/noticias-villa-maria\/wp-content\/uploads\/2026\/02\/b291b28fef7b466f9e99eeca7a593527.jpeg","type":"image\/jpeg"}],"author":"Contenidos El Regional","twitter_card":"summary_large_image","twitter_creator":"@elregionalvm1","twitter_site":"@elregionalvm1","twitter_misc":{"Escrito por":"Contenidos El Regional","Tiempo de lectura":"4 minutos"},"schema":{"@context":"https:\/\/schema.org","@graph":[{"@type":"Article","@id":"https:\/\/elregionalvm.com.ar\/noticias-villa-maria\/accastello-recibio-al-viceintendente-de-alta-gracia-en-el-marco-de-la-presentacion-de-la-37a-edicion-del-encuentro-anual-de-colectividades\/#article","isPartOf":{"@id":"https:\/\/elregionalvm.com.ar\/noticias-villa-maria\/accastello-recibio-al-viceintendente-de-alta-gracia-en-el-marco-de-la-presentacion-de-la-37a-edicion-del-encuentro-anual-de-colectividades\/"},"author":{"name":"Contenidos El Regional","@id":"http:\/\/elregionalvm.com.ar\/noticias-villa-maria\/#\/schema\/person\/a0fb9c422317faca23d50163151bc354"},"headline":"Accastello recibi\u00f3 al viceintendente de Alta Gracia, en el marco de la presentaci\u00f3n de la 37\u00aa edici\u00f3n del Encuentro Anual de Colectividades","datePublished":"2026-02-03T12:01:45+00:00","dateModified":"2026-02-03T12:01:46+00:00","mainEntityOfPage":{"@id":"https:\/\/elregionalvm.com.ar\/noticias-villa-maria\/accastello-recibio-al-viceintendente-de-alta-gracia-en-el-marco-de-la-presentacion-de-la-37a-edicion-del-encuentro-anual-de-colectividades\/"},"wordCount":869,"commentCount":0,"image":{"@id":"https:\/\/elregionalvm.com.ar\/noticias-villa-maria\/accastello-recibio-al-viceintendente-de-alta-gracia-en-el-marco-de-la-presentacion-de-la-37a-edicion-del-encuentro-anual-de-colectividades\/#primaryimage"},"thumbnailUrl":"https:\/\/i0.wp.com\/elregionalvm.com.ar\/noticias-villa-maria\/wp-content\/uploads\/2026\/02\/b291b28fef7b466f9e99eeca7a593527.jpeg?fit=800%2C600&ssl=1","articleSection":["destacado","Sociedad","Villa Mar\u00eda"],"inLanguage":"es","potentialAction":[{"@type":"CommentAction","name":"Comment","target":["https:\/\/elregionalvm.com.ar\/noticias-villa-maria\/accastello-recibio-al-viceintendente-de-alta-gracia-en-el-marco-de-la-presentacion-de-la-37a-edicion-del-encuentro-anual-de-colectividades\/#respond"]}]},{"@type":"WebPage","@id":"https:\/\/elregionalvm.com.ar\/noticias-villa-maria\/accastello-recibio-al-viceintendente-de-alta-gracia-en-el-marco-de-la-presentacion-de-la-37a-edicion-del-encuentro-anual-de-colectividades\/","url":"https:\/\/elregionalvm.com.ar\/noticias-villa-maria\/accastello-recibio-al-viceintendente-de-alta-gracia-en-el-marco-de-la-presentacion-de-la-37a-edicion-del-encuentro-anual-de-colectividades\/","name":"Accastello recibi\u00f3 al viceintendente de Alta Gracia, en el marco de la presentaci\u00f3n de la 37\u00aa edici\u00f3n del Encuentro Anual de Colectividades - El Regional","isPartOf":{"@id":"http:\/\/elregionalvm.com.ar\/noticias-villa-maria\/#website"},"primaryImageOfPage":{"@id":"https:\/\/elregionalvm.com.ar\/noticias-villa-maria\/accastello-recibio-al-viceintendente-de-alta-gracia-en-el-marco-de-la-presentacion-de-la-37a-edicion-del-encuentro-anual-de-colectividades\/#primaryimage"},"image":{"@id":"https:\/\/elregionalvm.com.ar\/noticias-villa-maria\/accastello-recibio-al-viceintendente-de-alta-gracia-en-el-marco-de-la-presentacion-de-la-37a-edicion-del-encuentro-anual-de-colectividades\/#primaryimage"},"thumbnailUrl":"https:\/\/i0.wp.com\/elregionalvm.com.ar\/noticias-villa-maria\/wp-content\/uploads\/2026\/02\/b291b28fef7b466f9e99eeca7a593527.jpeg?fit=800%2C600&ssl=1","datePublished":"2026-02-03T12:01:45+00:00","dateModified":"2026-02-03T12:01:46+00:00","author":{"@id":"http:\/\/elregionalvm.com.ar\/noticias-villa-maria\/#\/schema\/person\/a0fb9c422317faca23d50163151bc354"},"breadcrumb":{"@id":"https:\/\/elregionalvm.com.ar\/noticias-villa-maria\/accastello-recibio-al-viceintendente-de-alta-gracia-en-el-marco-de-la-presentacion-de-la-37a-edicion-del-encuentro-anual-de-colectividades\/#breadcrumb"},"inLanguage":"es","potentialAction":[{"@type":"ReadAction","target":["https:\/\/elregionalvm.com.ar\/noticias-villa-maria\/accastello-recibio-al-viceintendente-de-alta-gracia-en-el-marco-de-la-presentacion-de-la-37a-edicion-del-encuentro-anual-de-colectividades\/"]}]},{"@type":"ImageObject","inLanguage":"es","@id":"https:\/\/elregionalvm.com.ar\/noticias-villa-maria\/accastello-recibio-al-viceintendente-de-alta-gracia-en-el-marco-de-la-presentacion-de-la-37a-edicion-del-encuentro-anual-de-colectividades\/#primaryimage","url":"https:\/\/i0.wp.com\/elregionalvm.com.ar\/noticias-villa-maria\/wp-content\/uploads\/2026\/02\/b291b28fef7b466f9e99eeca7a593527.jpeg?fit=800%2C600&ssl=1","contentUrl":"https:\/\/i0.wp.com\/elregionalvm.com.ar\/noticias-villa-maria\/wp-content\/uploads\/2026\/02\/b291b28fef7b466f9e99eeca7a593527.jpeg?fit=800%2C600&ssl=1","width":800,"height":600},{"@type":"BreadcrumbList","@id":"https:\/\/elregionalvm.com.ar\/noticias-villa-maria\/accastello-recibio-al-viceintendente-de-alta-gracia-en-el-marco-de-la-presentacion-de-la-37a-edicion-del-encuentro-anual-de-colectividades\/#breadcrumb","itemListElement":[{"@type":"ListItem","position":1,"name":"Portada","item":"https:\/\/elregionalvm.com.ar\/noticias-villa-maria\/"},{"@type":"ListItem","position":2,"name":"Accastello recibi\u00f3 al viceintendente de Alta Gracia, en el marco de la presentaci\u00f3n de la 37\u00aa edici\u00f3n del Encuentro Anual de Colectividades"}]},{"@type":"WebSite","@id":"http:\/\/elregionalvm.com.ar\/noticias-villa-maria\/#website","url":"http:\/\/elregionalvm.com.ar\/noticias-villa-maria\/","name":"El Regional","description":"Mucho m\u00e1s que informaci\u00f3n","potentialAction":[{"@type":"SearchAction","target":{"@type":"EntryPoint","urlTemplate":"http:\/\/elregionalvm.com.ar\/noticias-villa-maria\/?s={search_term_string}"},"query-input":{"@type":"PropertyValueSpecification","valueRequired":true,"valueName":"search_term_string"}}],"inLanguage":"es"},{"@type":"Person","@id":"http:\/\/elregionalvm.com.ar\/noticias-villa-maria\/#\/schema\/person\/a0fb9c422317faca23d50163151bc354","name":"Contenidos El Regional","image":{"@type":"ImageObject","inLanguage":"es","@id":"http:\/\/elregionalvm.com.ar\/noticias-villa-maria\/#\/schema\/person\/image\/","url":"https:\/\/secure.gravatar.com\/avatar\/265b27cb2209af7bb3a1318f03305787d7981a5cc6e6cd08fe5a4ecdf99d4b48?s=96&d=mm&r=g","contentUrl":"https:\/\/secure.gravatar.com\/avatar\/265b27cb2209af7bb3a1318f03305787d7981a5cc6e6cd08fe5a4ecdf99d4b48?s=96&d=mm&r=g","caption":"Contenidos El Regional"},"url":"https:\/\/elregionalvm.com.ar\/noticias-villa-maria\/author\/contenido\/"}]}},"jetpack_featured_media_url":"https:\/\/i0.wp.com\/elregionalvm.com.ar\/noticias-villa-maria\/wp-content\/uploads\/2026\/02\/b291b28fef7b466f9e99eeca7a593527.jpeg?fit=800%2C600&ssl=1","jetpack_sharing_enabled":true,"_links":{"self":[{"href":"https:\/\/elregionalvm.com.ar\/noticias-villa-maria\/wp-json\/wp\/v2\/posts\/113730","targetHints":{"allow":["GET"]}}],"collection":[{"href":"https:\/\/elregionalvm.com.ar\/noticias-villa-maria\/wp-json\/wp\/v2\/posts"}],"about":[{"href":"https:\/\/elregionalvm.com.ar\/noticias-villa-maria\/wp-json\/wp\/v2\/types\/post"}],"author":[{"embeddable":true,"href":"https:\/\/elregionalvm.com.ar\/noticias-villa-maria\/wp-json\/wp\/v2\/users\/4"}],"replies":[{"embeddable":true,"href":"https:\/\/elregionalvm.com.ar\/noticias-villa-maria\/wp-json\/wp\/v2\/comments?post=113730"}],"version-history":[{"count":1,"href":"https:\/\/elregionalvm.com.ar\/noticias-villa-maria\/wp-json\/wp\/v2\/posts\/113730\/revisions"}],"predecessor-version":[{"id":113732,"href":"https:\/\/elregionalvm.com.ar\/noticias-villa-maria\/wp-json\/wp\/v2\/posts\/113730\/revisions\/113732"}],"wp:featuredmedia":[{"embeddable":true,"href":"https:\/\/elregionalvm.com.ar\/noticias-villa-maria\/wp-json\/wp\/v2\/media\/113731"}],"wp:attachment":[{"href":"https:\/\/elregionalvm.com.ar\/noticias-villa-maria\/wp-json\/wp\/v2\/media?parent=113730"}],"wp:term":[{"taxonomy":"category","embeddable":true,"href":"https:\/\/elregionalvm.com.ar\/noticias-villa-maria\/wp-json\/wp\/v2\/categories?post=113730"},{"taxonomy":"post_tag","embeddable":true,"href":"https:\/\/elregionalvm.com.ar\/noticias-villa-maria\/wp-json\/wp\/v2\/tags?post=113730"}],"curies":[{"name":"wp","href":"https:\/\/api.w.org\/{rel}","templated":true}]}}