{"id":113740,"date":"2026-02-03T12:10:50","date_gmt":"2026-02-03T12:10:50","guid":{"rendered":"https:\/\/elregionalvm.com.ar\/noticias-villa-maria\/?p=113740"},"modified":"2026-02-03T12:26:27","modified_gmt":"2026-02-03T12:26:27","slug":"mas-de-180-efectivos-se-encuentran-abocados-diariamente-a-tareas-preventivas-en-todos-los-barrios-y-en-la-zona-costera","status":"publish","type":"post","link":"https:\/\/elregionalvm.com.ar\/noticias-villa-maria\/mas-de-180-efectivos-se-encuentran-abocados-diariamente-a-tareas-preventivas-en-todos-los-barrios-y-en-la-zona-costera\/","title":{"rendered":"M\u00e1s de 180 efectivos se encuentran abocados a tareas preventivas en todos los barrios y la zona costera\u00a0"},"content":{"rendered":"\n<p>A trav\u00e9s de la Secretar\u00eda de Prevenci\u00f3n, Seguridad y Convivencia Urbana, que con el objetivo de continuar trabajando por una ciudad m\u00e1s segura, distintas fuerzas locales, provinciales y nacionales coordinan acciones conjuntas orientadas a la prevenci\u00f3n y al cuidado de vecinos y turistas.<\/p>\n\n\n\n<p>En este marco, mas de 180 efectivos se encuentran abocados diariamente a tareas preventivas en todos los barrios y en la zona costera con el prop\u00f3sito de garantizar que la comunidad y quienes visitan la ciudad, cuenten con un entorno seguro.&nbsp;<\/p>\n\n\n\n<p>Los operativos son coordinados conjuntamente por las fuerzas que integran el Consejo Municipal de Seguridad.&nbsp;<\/p>\n\n\n\n<p>Adem\u00e1s, Gendarmer\u00eda Nacional lleva adelante operativos espec\u00edficos en los distintos ingresos a Villa Mar\u00eda y en localidades vecinas, fortaleciendo los controles y la presencia territorial para prevenir delitos y garantizar mayor seguridad en toda la regi\u00f3n.<\/p>\n\n\n\n<p>Participan de los distintos operativos la Guardia Local, la Polic\u00eda de la Provincia de C\u00f3rdoba, Polic\u00eda Federal, Infanter\u00eda, Agencia Nacional de Seguridad Vial, Gendarmer\u00eda Nacional, el grupo especializado SEOM, la Polic\u00eda Antinarc\u00f3ticos, entre otras fuerzas de seguridad.<\/p>\n\n\n\n<p>Al respecto, la secretaria de Prevenci\u00f3n, Seguridad y Convivencia Urbana, Guadalupe V\u00e1zquez, expres\u00f3:<br><em>\u201cPor primera vez contamos con la presencia permanente de un destacamento m\u00f3vil de Gendarmer\u00eda Nacional en nuestra ciudad, que se suma con m\u00e1s de 40 efectivos para reforzar los operativos en los barrios y durante todo el desarrollo del evento costero. Este trabajo articulado entre fuerzas locales, provinciales y nacionales nos permite ampliar la capacidad de prevenci\u00f3n y brindar mayor tranquilidad tanto a los vecinos como a quienes nos visitan\u201d.<\/em><\/p>\n","protected":false},"excerpt":{"rendered":"<p>A trav\u00e9s de la Secretar\u00eda de Prevenci\u00f3n, Seguridad y Convivencia Urbana, que con el objetivo de continuar trabajando por una ciudad m\u00e1s segura, distintas fuerzas locales, provinciales y nacionales coordinan acciones conjuntas orientadas a la prevenci\u00f3n y al cuidado de vecinos y turistas. En este marco, mas de 180 efectivos se encuentran abocados diariamente a [&hellip;]<\/p>\n","protected":false},"author":4,"featured_media":113741,"comment_status":"open","ping_status":"open","sticky":false,"template":"","format":"standard","meta":{"site-sidebar-layout":"default","site-content-layout":"","ast-site-content-layout":"default","site-content-style":"default","site-sidebar-style":"default","ast-global-header-display":"","ast-banner-title-visibility":"","ast-main-header-display":"","ast-hfb-above-header-display":"","ast-hfb-below-header-display":"","ast-hfb-mobile-header-display":"","site-post-title":"","ast-breadcrumbs-content":"","ast-featured-img":"","footer-sml-layout":"","ast-disable-related-posts":"","theme-transparent-header-meta":"","adv-header-id-meta":"","stick-header-meta":"","header-above-stick-meta":"","header-main-stick-meta":"","header-below-stick-meta":"","astra-migrate-meta-layouts":"set","ast-page-background-enabled":"default","ast-page-background-meta":{"desktop":{"background-color":"","background-image":"","background-repeat":"repeat","background-position":"center center","background-size":"auto","background-attachment":"scroll","background-type":"","background-media":"","overlay-type":"","overlay-color":"","overlay-opacity":"","overlay-gradient":""},"tablet":{"background-color":"","background-image":"","background-repeat":"repeat","background-position":"center center","background-size":"auto","background-attachment":"scroll","background-type":"","background-media":"","overlay-type":"","overlay-color":"","overlay-opacity":"","overlay-gradient":""},"mobile":{"background-color":"","background-image":"","background-repeat":"repeat","background-position":"center center","background-size":"auto","background-attachment":"scroll","background-type":"","background-media":"","overlay-type":"","overlay-color":"","overlay-opacity":"","overlay-gradient":""}},"ast-content-background-meta":{"desktop":{"background-color":"var(--ast-global-color-5)","background-image":"","background-repeat":"repeat","background-position":"center center","background-size":"auto","background-attachment":"scroll","background-type":"","background-media":"","overlay-type":"","overlay-color":"","overlay-opacity":"","overlay-gradient":""},"tablet":{"background-color":"var(--ast-global-color-5)","background-image":"","background-repeat":"repeat","background-position":"center center","background-size":"auto","background-attachment":"scroll","background-type":"","background-media":"","overlay-type":"","overlay-color":"","overlay-opacity":"","overlay-gradient":""},"mobile":{"background-color":"var(--ast-global-color-5)","background-image":"","background-repeat":"repeat","background-position":"center center","background-size":"auto","background-attachment":"scroll","background-type":"","background-media":"","overlay-type":"","overlay-color":"","overlay-opacity":"","overlay-gradient":""}},"_jetpack_memberships_contains_paid_content":false,"_joinchat":[],"footnotes":""},"categories":[15302,2234,5,2],"tags":[],"class_list":["post-113740","post","type-post","status-publish","format-standard","has-post-thumbnail","hentry","category-destacado","category-policiales","category-sociedad","category-villa-maria"],"yoast_head":"<!-- This site is optimized with the Yoast SEO plugin v26.8 - https:\/\/yoast.com\/product\/yoast-seo-wordpress\/ -->\n<title>M\u00e1s de 180 efectivos se encuentran abocados a tareas preventivas en todos los barrios y la zona costera\u00a0 - El Regional<\/title>\n<meta name=\"robots\" content=\"index, follow, max-snippet:-1, max-image-preview:large, max-video-preview:-1\" \/>\n<link rel=\"canonical\" href=\"https:\/\/elregionalvm.com.ar\/noticias-villa-maria\/mas-de-180-efectivos-se-encuentran-abocados-diariamente-a-tareas-preventivas-en-todos-los-barrios-y-en-la-zona-costera\/\" \/>\n<meta property=\"og:locale\" content=\"es_ES\" \/>\n<meta property=\"og:type\" content=\"article\" \/>\n<meta property=\"og:title\" content=\"M\u00e1s de 180 efectivos se encuentran abocados a tareas preventivas en todos los barrios y la zona costera\u00a0 - El Regional\" \/>\n<meta property=\"og:description\" content=\"A trav\u00e9s de la Secretar\u00eda de Prevenci\u00f3n, Seguridad y Convivencia Urbana, que con el objetivo de continuar trabajando por una ciudad m\u00e1s segura, distintas fuerzas locales, provinciales y nacionales coordinan acciones conjuntas orientadas a la prevenci\u00f3n y al cuidado de vecinos y turistas. En este marco, mas de 180 efectivos se encuentran abocados diariamente a [&hellip;]\" \/>\n<meta property=\"og:url\" content=\"https:\/\/elregionalvm.com.ar\/noticias-villa-maria\/mas-de-180-efectivos-se-encuentran-abocados-diariamente-a-tareas-preventivas-en-todos-los-barrios-y-en-la-zona-costera\/\" \/>\n<meta property=\"og:site_name\" content=\"El Regional\" \/>\n<meta property=\"article:publisher\" content=\"https:\/\/www.facebook.com\/elregionalvm\" \/>\n<meta property=\"article:published_time\" content=\"2026-02-03T12:10:50+00:00\" \/>\n<meta property=\"article:modified_time\" content=\"2026-02-03T12:26:27+00:00\" \/>\n<meta property=\"og:image\" content=\"https:\/\/elregionalvm.com.ar\/noticias-villa-maria\/wp-content\/uploads\/2026\/02\/61ba7253fc4342808079a0607b085374.jpeg\" \/>\n\t<meta property=\"og:image:width\" content=\"800\" \/>\n\t<meta property=\"og:image:height\" content=\"600\" \/>\n\t<meta property=\"og:image:type\" content=\"image\/jpeg\" \/>\n<meta name=\"author\" content=\"Contenidos El Regional\" \/>\n<meta name=\"twitter:card\" content=\"summary_large_image\" \/>\n<meta name=\"twitter:creator\" content=\"@elregionalvm1\" \/>\n<meta name=\"twitter:site\" content=\"@elregionalvm1\" \/>\n<meta name=\"twitter:label1\" content=\"Escrito por\" \/>\n\t<meta name=\"twitter:data1\" content=\"Contenidos El Regional\" \/>\n\t<meta name=\"twitter:label2\" content=\"Tiempo de lectura\" \/>\n\t<meta name=\"twitter:data2\" content=\"2 minutos\" \/>\n<script type=\"application\/ld+json\" class=\"yoast-schema-graph\">{\"@context\":\"https:\/\/schema.org\",\"@graph\":[{\"@type\":\"Article\",\"@id\":\"https:\/\/elregionalvm.com.ar\/noticias-villa-maria\/mas-de-180-efectivos-se-encuentran-abocados-diariamente-a-tareas-preventivas-en-todos-los-barrios-y-en-la-zona-costera\/#article\",\"isPartOf\":{\"@id\":\"https:\/\/elregionalvm.com.ar\/noticias-villa-maria\/mas-de-180-efectivos-se-encuentran-abocados-diariamente-a-tareas-preventivas-en-todos-los-barrios-y-en-la-zona-costera\/\"},\"author\":{\"name\":\"Contenidos El Regional\",\"@id\":\"http:\/\/elregionalvm.com.ar\/noticias-villa-maria\/#\/schema\/person\/a0fb9c422317faca23d50163151bc354\"},\"headline\":\"M\u00e1s de 180 efectivos se encuentran abocados a tareas preventivas en todos los barrios y la zona costera\u00a0\",\"datePublished\":\"2026-02-03T12:10:50+00:00\",\"dateModified\":\"2026-02-03T12:26:27+00:00\",\"mainEntityOfPage\":{\"@id\":\"https:\/\/elregionalvm.com.ar\/noticias-villa-maria\/mas-de-180-efectivos-se-encuentran-abocados-diariamente-a-tareas-preventivas-en-todos-los-barrios-y-en-la-zona-costera\/\"},\"wordCount\":297,\"commentCount\":0,\"image\":{\"@id\":\"https:\/\/elregionalvm.com.ar\/noticias-villa-maria\/mas-de-180-efectivos-se-encuentran-abocados-diariamente-a-tareas-preventivas-en-todos-los-barrios-y-en-la-zona-costera\/#primaryimage\"},\"thumbnailUrl\":\"https:\/\/i0.wp.com\/elregionalvm.com.ar\/noticias-villa-maria\/wp-content\/uploads\/2026\/02\/61ba7253fc4342808079a0607b085374.jpeg?fit=800%2C600&ssl=1\",\"articleSection\":[\"destacado\",\"Policiales\",\"Sociedad\",\"Villa Mar\u00eda\"],\"inLanguage\":\"es\",\"potentialAction\":[{\"@type\":\"CommentAction\",\"name\":\"Comment\",\"target\":[\"https:\/\/elregionalvm.com.ar\/noticias-villa-maria\/mas-de-180-efectivos-se-encuentran-abocados-diariamente-a-tareas-preventivas-en-todos-los-barrios-y-en-la-zona-costera\/#respond\"]}]},{\"@type\":\"WebPage\",\"@id\":\"https:\/\/elregionalvm.com.ar\/noticias-villa-maria\/mas-de-180-efectivos-se-encuentran-abocados-diariamente-a-tareas-preventivas-en-todos-los-barrios-y-en-la-zona-costera\/\",\"url\":\"https:\/\/elregionalvm.com.ar\/noticias-villa-maria\/mas-de-180-efectivos-se-encuentran-abocados-diariamente-a-tareas-preventivas-en-todos-los-barrios-y-en-la-zona-costera\/\",\"name\":\"M\u00e1s de 180 efectivos se encuentran abocados a tareas preventivas en todos los barrios y la zona costera\u00a0 - El Regional\",\"isPartOf\":{\"@id\":\"http:\/\/elregionalvm.com.ar\/noticias-villa-maria\/#website\"},\"primaryImageOfPage\":{\"@id\":\"https:\/\/elregionalvm.com.ar\/noticias-villa-maria\/mas-de-180-efectivos-se-encuentran-abocados-diariamente-a-tareas-preventivas-en-todos-los-barrios-y-en-la-zona-costera\/#primaryimage\"},\"image\":{\"@id\":\"https:\/\/elregionalvm.com.ar\/noticias-villa-maria\/mas-de-180-efectivos-se-encuentran-abocados-diariamente-a-tareas-preventivas-en-todos-los-barrios-y-en-la-zona-costera\/#primaryimage\"},\"thumbnailUrl\":\"https:\/\/i0.wp.com\/elregionalvm.com.ar\/noticias-villa-maria\/wp-content\/uploads\/2026\/02\/61ba7253fc4342808079a0607b085374.jpeg?fit=800%2C600&ssl=1\",\"datePublished\":\"2026-02-03T12:10:50+00:00\",\"dateModified\":\"2026-02-03T12:26:27+00:00\",\"author\":{\"@id\":\"http:\/\/elregionalvm.com.ar\/noticias-villa-maria\/#\/schema\/person\/a0fb9c422317faca23d50163151bc354\"},\"breadcrumb\":{\"@id\":\"https:\/\/elregionalvm.com.ar\/noticias-villa-maria\/mas-de-180-efectivos-se-encuentran-abocados-diariamente-a-tareas-preventivas-en-todos-los-barrios-y-en-la-zona-costera\/#breadcrumb\"},\"inLanguage\":\"es\",\"potentialAction\":[{\"@type\":\"ReadAction\",\"target\":[\"https:\/\/elregionalvm.com.ar\/noticias-villa-maria\/mas-de-180-efectivos-se-encuentran-abocados-diariamente-a-tareas-preventivas-en-todos-los-barrios-y-en-la-zona-costera\/\"]}]},{\"@type\":\"ImageObject\",\"inLanguage\":\"es\",\"@id\":\"https:\/\/elregionalvm.com.ar\/noticias-villa-maria\/mas-de-180-efectivos-se-encuentran-abocados-diariamente-a-tareas-preventivas-en-todos-los-barrios-y-en-la-zona-costera\/#primaryimage\",\"url\":\"https:\/\/i0.wp.com\/elregionalvm.com.ar\/noticias-villa-maria\/wp-content\/uploads\/2026\/02\/61ba7253fc4342808079a0607b085374.jpeg?fit=800%2C600&ssl=1\",\"contentUrl\":\"https:\/\/i0.wp.com\/elregionalvm.com.ar\/noticias-villa-maria\/wp-content\/uploads\/2026\/02\/61ba7253fc4342808079a0607b085374.jpeg?fit=800%2C600&ssl=1\",\"width\":800,\"height\":600},{\"@type\":\"BreadcrumbList\",\"@id\":\"https:\/\/elregionalvm.com.ar\/noticias-villa-maria\/mas-de-180-efectivos-se-encuentran-abocados-diariamente-a-tareas-preventivas-en-todos-los-barrios-y-en-la-zona-costera\/#breadcrumb\",\"itemListElement\":[{\"@type\":\"ListItem\",\"position\":1,\"name\":\"Portada\",\"item\":\"https:\/\/elregionalvm.com.ar\/noticias-villa-maria\/\"},{\"@type\":\"ListItem\",\"position\":2,\"name\":\"M\u00e1s de 180 efectivos se encuentran abocados a tareas preventivas en todos los barrios y la zona costera\u00a0\"}]},{\"@type\":\"WebSite\",\"@id\":\"http:\/\/elregionalvm.com.ar\/noticias-villa-maria\/#website\",\"url\":\"http:\/\/elregionalvm.com.ar\/noticias-villa-maria\/\",\"name\":\"El Regional\",\"description\":\"Mucho m\u00e1s que informaci\u00f3n\",\"potentialAction\":[{\"@type\":\"SearchAction\",\"target\":{\"@type\":\"EntryPoint\",\"urlTemplate\":\"http:\/\/elregionalvm.com.ar\/noticias-villa-maria\/?s={search_term_string}\"},\"query-input\":{\"@type\":\"PropertyValueSpecification\",\"valueRequired\":true,\"valueName\":\"search_term_string\"}}],\"inLanguage\":\"es\"},{\"@type\":\"Person\",\"@id\":\"http:\/\/elregionalvm.com.ar\/noticias-villa-maria\/#\/schema\/person\/a0fb9c422317faca23d50163151bc354\",\"name\":\"Contenidos El Regional\",\"image\":{\"@type\":\"ImageObject\",\"inLanguage\":\"es\",\"@id\":\"http:\/\/elregionalvm.com.ar\/noticias-villa-maria\/#\/schema\/person\/image\/\",\"url\":\"https:\/\/secure.gravatar.com\/avatar\/265b27cb2209af7bb3a1318f03305787d7981a5cc6e6cd08fe5a4ecdf99d4b48?s=96&d=mm&r=g\",\"contentUrl\":\"https:\/\/secure.gravatar.com\/avatar\/265b27cb2209af7bb3a1318f03305787d7981a5cc6e6cd08fe5a4ecdf99d4b48?s=96&d=mm&r=g\",\"caption\":\"Contenidos El Regional\"},\"url\":\"https:\/\/elregionalvm.com.ar\/noticias-villa-maria\/author\/contenido\/\"}]}<\/script>\n<!-- \/ Yoast SEO plugin. -->","yoast_head_json":{"title":"M\u00e1s de 180 efectivos se encuentran abocados a tareas preventivas en todos los barrios y la zona costera\u00a0 - El Regional","robots":{"index":"index","follow":"follow","max-snippet":"max-snippet:-1","max-image-preview":"max-image-preview:large","max-video-preview":"max-video-preview:-1"},"canonical":"https:\/\/elregionalvm.com.ar\/noticias-villa-maria\/mas-de-180-efectivos-se-encuentran-abocados-diariamente-a-tareas-preventivas-en-todos-los-barrios-y-en-la-zona-costera\/","og_locale":"es_ES","og_type":"article","og_title":"M\u00e1s de 180 efectivos se encuentran abocados a tareas preventivas en todos los barrios y la zona costera\u00a0 - El Regional","og_description":"A trav\u00e9s de la Secretar\u00eda de Prevenci\u00f3n, Seguridad y Convivencia Urbana, que con el objetivo de continuar trabajando por una ciudad m\u00e1s segura, distintas fuerzas locales, provinciales y nacionales coordinan acciones conjuntas orientadas a la prevenci\u00f3n y al cuidado de vecinos y turistas. En este marco, mas de 180 efectivos se encuentran abocados diariamente a [&hellip;]","og_url":"https:\/\/elregionalvm.com.ar\/noticias-villa-maria\/mas-de-180-efectivos-se-encuentran-abocados-diariamente-a-tareas-preventivas-en-todos-los-barrios-y-en-la-zona-costera\/","og_site_name":"El Regional","article_publisher":"https:\/\/www.facebook.com\/elregionalvm","article_published_time":"2026-02-03T12:10:50+00:00","article_modified_time":"2026-02-03T12:26:27+00:00","og_image":[{"width":800,"height":600,"url":"https:\/\/elregionalvm.com.ar\/noticias-villa-maria\/wp-content\/uploads\/2026\/02\/61ba7253fc4342808079a0607b085374.jpeg","type":"image\/jpeg"}],"author":"Contenidos El Regional","twitter_card":"summary_large_image","twitter_creator":"@elregionalvm1","twitter_site":"@elregionalvm1","twitter_misc":{"Escrito por":"Contenidos El Regional","Tiempo de lectura":"2 minutos"},"schema":{"@context":"https:\/\/schema.org","@graph":[{"@type":"Article","@id":"https:\/\/elregionalvm.com.ar\/noticias-villa-maria\/mas-de-180-efectivos-se-encuentran-abocados-diariamente-a-tareas-preventivas-en-todos-los-barrios-y-en-la-zona-costera\/#article","isPartOf":{"@id":"https:\/\/elregionalvm.com.ar\/noticias-villa-maria\/mas-de-180-efectivos-se-encuentran-abocados-diariamente-a-tareas-preventivas-en-todos-los-barrios-y-en-la-zona-costera\/"},"author":{"name":"Contenidos El Regional","@id":"http:\/\/elregionalvm.com.ar\/noticias-villa-maria\/#\/schema\/person\/a0fb9c422317faca23d50163151bc354"},"headline":"M\u00e1s de 180 efectivos se encuentran abocados a tareas preventivas en todos los barrios y la zona costera\u00a0","datePublished":"2026-02-03T12:10:50+00:00","dateModified":"2026-02-03T12:26:27+00:00","mainEntityOfPage":{"@id":"https:\/\/elregionalvm.com.ar\/noticias-villa-maria\/mas-de-180-efectivos-se-encuentran-abocados-diariamente-a-tareas-preventivas-en-todos-los-barrios-y-en-la-zona-costera\/"},"wordCount":297,"commentCount":0,"image":{"@id":"https:\/\/elregionalvm.com.ar\/noticias-villa-maria\/mas-de-180-efectivos-se-encuentran-abocados-diariamente-a-tareas-preventivas-en-todos-los-barrios-y-en-la-zona-costera\/#primaryimage"},"thumbnailUrl":"https:\/\/i0.wp.com\/elregionalvm.com.ar\/noticias-villa-maria\/wp-content\/uploads\/2026\/02\/61ba7253fc4342808079a0607b085374.jpeg?fit=800%2C600&ssl=1","articleSection":["destacado","Policiales","Sociedad","Villa Mar\u00eda"],"inLanguage":"es","potentialAction":[{"@type":"CommentAction","name":"Comment","target":["https:\/\/elregionalvm.com.ar\/noticias-villa-maria\/mas-de-180-efectivos-se-encuentran-abocados-diariamente-a-tareas-preventivas-en-todos-los-barrios-y-en-la-zona-costera\/#respond"]}]},{"@type":"WebPage","@id":"https:\/\/elregionalvm.com.ar\/noticias-villa-maria\/mas-de-180-efectivos-se-encuentran-abocados-diariamente-a-tareas-preventivas-en-todos-los-barrios-y-en-la-zona-costera\/","url":"https:\/\/elregionalvm.com.ar\/noticias-villa-maria\/mas-de-180-efectivos-se-encuentran-abocados-diariamente-a-tareas-preventivas-en-todos-los-barrios-y-en-la-zona-costera\/","name":"M\u00e1s de 180 efectivos se encuentran abocados a tareas preventivas en todos los barrios y la zona costera\u00a0 - El Regional","isPartOf":{"@id":"http:\/\/elregionalvm.com.ar\/noticias-villa-maria\/#website"},"primaryImageOfPage":{"@id":"https:\/\/elregionalvm.com.ar\/noticias-villa-maria\/mas-de-180-efectivos-se-encuentran-abocados-diariamente-a-tareas-preventivas-en-todos-los-barrios-y-en-la-zona-costera\/#primaryimage"},"image":{"@id":"https:\/\/elregionalvm.com.ar\/noticias-villa-maria\/mas-de-180-efectivos-se-encuentran-abocados-diariamente-a-tareas-preventivas-en-todos-los-barrios-y-en-la-zona-costera\/#primaryimage"},"thumbnailUrl":"https:\/\/i0.wp.com\/elregionalvm.com.ar\/noticias-villa-maria\/wp-content\/uploads\/2026\/02\/61ba7253fc4342808079a0607b085374.jpeg?fit=800%2C600&ssl=1","datePublished":"2026-02-03T12:10:50+00:00","dateModified":"2026-02-03T12:26:27+00:00","author":{"@id":"http:\/\/elregionalvm.com.ar\/noticias-villa-maria\/#\/schema\/person\/a0fb9c422317faca23d50163151bc354"},"breadcrumb":{"@id":"https:\/\/elregionalvm.com.ar\/noticias-villa-maria\/mas-de-180-efectivos-se-encuentran-abocados-diariamente-a-tareas-preventivas-en-todos-los-barrios-y-en-la-zona-costera\/#breadcrumb"},"inLanguage":"es","potentialAction":[{"@type":"ReadAction","target":["https:\/\/elregionalvm.com.ar\/noticias-villa-maria\/mas-de-180-efectivos-se-encuentran-abocados-diariamente-a-tareas-preventivas-en-todos-los-barrios-y-en-la-zona-costera\/"]}]},{"@type":"ImageObject","inLanguage":"es","@id":"https:\/\/elregionalvm.com.ar\/noticias-villa-maria\/mas-de-180-efectivos-se-encuentran-abocados-diariamente-a-tareas-preventivas-en-todos-los-barrios-y-en-la-zona-costera\/#primaryimage","url":"https:\/\/i0.wp.com\/elregionalvm.com.ar\/noticias-villa-maria\/wp-content\/uploads\/2026\/02\/61ba7253fc4342808079a0607b085374.jpeg?fit=800%2C600&ssl=1","contentUrl":"https:\/\/i0.wp.com\/elregionalvm.com.ar\/noticias-villa-maria\/wp-content\/uploads\/2026\/02\/61ba7253fc4342808079a0607b085374.jpeg?fit=800%2C600&ssl=1","width":800,"height":600},{"@type":"BreadcrumbList","@id":"https:\/\/elregionalvm.com.ar\/noticias-villa-maria\/mas-de-180-efectivos-se-encuentran-abocados-diariamente-a-tareas-preventivas-en-todos-los-barrios-y-en-la-zona-costera\/#breadcrumb","itemListElement":[{"@type":"ListItem","position":1,"name":"Portada","item":"https:\/\/elregionalvm.com.ar\/noticias-villa-maria\/"},{"@type":"ListItem","position":2,"name":"M\u00e1s de 180 efectivos se encuentran abocados a tareas preventivas en todos los barrios y la zona costera\u00a0"}]},{"@type":"WebSite","@id":"http:\/\/elregionalvm.com.ar\/noticias-villa-maria\/#website","url":"http:\/\/elregionalvm.com.ar\/noticias-villa-maria\/","name":"El Regional","description":"Mucho m\u00e1s que informaci\u00f3n","potentialAction":[{"@type":"SearchAction","target":{"@type":"EntryPoint","urlTemplate":"http:\/\/elregionalvm.com.ar\/noticias-villa-maria\/?s={search_term_string}"},"query-input":{"@type":"PropertyValueSpecification","valueRequired":true,"valueName":"search_term_string"}}],"inLanguage":"es"},{"@type":"Person","@id":"http:\/\/elregionalvm.com.ar\/noticias-villa-maria\/#\/schema\/person\/a0fb9c422317faca23d50163151bc354","name":"Contenidos El Regional","image":{"@type":"ImageObject","inLanguage":"es","@id":"http:\/\/elregionalvm.com.ar\/noticias-villa-maria\/#\/schema\/person\/image\/","url":"https:\/\/secure.gravatar.com\/avatar\/265b27cb2209af7bb3a1318f03305787d7981a5cc6e6cd08fe5a4ecdf99d4b48?s=96&d=mm&r=g","contentUrl":"https:\/\/secure.gravatar.com\/avatar\/265b27cb2209af7bb3a1318f03305787d7981a5cc6e6cd08fe5a4ecdf99d4b48?s=96&d=mm&r=g","caption":"Contenidos El Regional"},"url":"https:\/\/elregionalvm.com.ar\/noticias-villa-maria\/author\/contenido\/"}]}},"jetpack_featured_media_url":"https:\/\/i0.wp.com\/elregionalvm.com.ar\/noticias-villa-maria\/wp-content\/uploads\/2026\/02\/61ba7253fc4342808079a0607b085374.jpeg?fit=800%2C600&ssl=1","jetpack_sharing_enabled":true,"_links":{"self":[{"href":"https:\/\/elregionalvm.com.ar\/noticias-villa-maria\/wp-json\/wp\/v2\/posts\/113740","targetHints":{"allow":["GET"]}}],"collection":[{"href":"https:\/\/elregionalvm.com.ar\/noticias-villa-maria\/wp-json\/wp\/v2\/posts"}],"about":[{"href":"https:\/\/elregionalvm.com.ar\/noticias-villa-maria\/wp-json\/wp\/v2\/types\/post"}],"author":[{"embeddable":true,"href":"https:\/\/elregionalvm.com.ar\/noticias-villa-maria\/wp-json\/wp\/v2\/users\/4"}],"replies":[{"embeddable":true,"href":"https:\/\/elregionalvm.com.ar\/noticias-villa-maria\/wp-json\/wp\/v2\/comments?post=113740"}],"version-history":[{"count":3,"href":"https:\/\/elregionalvm.com.ar\/noticias-villa-maria\/wp-json\/wp\/v2\/posts\/113740\/revisions"}],"predecessor-version":[{"id":113757,"href":"https:\/\/elregionalvm.com.ar\/noticias-villa-maria\/wp-json\/wp\/v2\/posts\/113740\/revisions\/113757"}],"wp:featuredmedia":[{"embeddable":true,"href":"https:\/\/elregionalvm.com.ar\/noticias-villa-maria\/wp-json\/wp\/v2\/media\/113741"}],"wp:attachment":[{"href":"https:\/\/elregionalvm.com.ar\/noticias-villa-maria\/wp-json\/wp\/v2\/media?parent=113740"}],"wp:term":[{"taxonomy":"category","embeddable":true,"href":"https:\/\/elregionalvm.com.ar\/noticias-villa-maria\/wp-json\/wp\/v2\/categories?post=113740"},{"taxonomy":"post_tag","embeddable":true,"href":"https:\/\/elregionalvm.com.ar\/noticias-villa-maria\/wp-json\/wp\/v2\/tags?post=113740"}],"curies":[{"name":"wp","href":"https:\/\/api.w.org\/{rel}","templated":true}]}}