{"id":113847,"date":"2026-02-05T12:32:37","date_gmt":"2026-02-05T12:32:37","guid":{"rendered":"https:\/\/elregionalvm.com.ar\/noticias-villa-maria\/?p=113847"},"modified":"2026-02-05T12:32:39","modified_gmt":"2026-02-05T12:32:39","slug":"accastello-participo-de-la-firma-de-un-convenio-entre-el-municipio-el-mercado-de-abasto-y-los-frentistas-para-la-pavimentacion-de-calle-congreso","status":"publish","type":"post","link":"https:\/\/elregionalvm.com.ar\/noticias-villa-maria\/accastello-participo-de-la-firma-de-un-convenio-entre-el-municipio-el-mercado-de-abasto-y-los-frentistas-para-la-pavimentacion-de-calle-congreso\/","title":{"rendered":"Accastello particip\u00f3 de la firma de un convenio entre el Municipio, el Mercado de Abasto y los frentistas para la pavimentaci\u00f3n de calle Congreso"},"content":{"rendered":"\n<p>\u00a0El intendente Eduardo Accastello particip\u00f3 de la firma de un convenio entre el Municipio, el Mercado de Abasto y los frentistas para la pavimentaci\u00f3n de calle Congreso, en barrio Las Playas, una arteria estrat\u00e9gica de alto tr\u00e1nsito vinculada al movimiento log\u00edstico y comercial del sector. \u200c<\/p>\n\n\n\n<p>La obra contempla la pavimentaci\u00f3n de aproximadamente 240 metros lineales, con un ancho de 6,40 metros, y se enmarca en un esquema de articulaci\u00f3n p\u00fablico-privada que permitir\u00e1 mejorar la infraestructura urbana y la circulaci\u00f3n vial en una zona clave para el ingreso y egreso del transporte pesado.<br>\u200c<br>El acuerdo establece que el financiamiento de la obra se distribuir\u00e1 de manera equitativa: el Municipio aportar\u00e1 el 33 % del costo total, el Mercado de Abasto otro 33%, y el 33% restante estar\u00e1 a cargo de los frentistas beneficiados.<br>\u200c<br>Al respecto, el secretario de Infraestructura y Desarrollo Sostenible se\u00f1al\u00f3:&nbsp;<em>\u201cEste es un nuevo ejemplo de trabajo articulado entre el sector p\u00fablico y el privado. En este caso, el Municipio, el Mercado de Abasto y los frentistas decidimos avanzar juntos en la pavimentaci\u00f3n de una calle con alto tr\u00e1nsito, fundamental para la circulaci\u00f3n y la seguridad vial.\u201d<\/em><br>\u200c<br>Asimismo, destac\u00f3 la importancia estrat\u00e9gica de la intervenci\u00f3n:&nbsp;<em>\u201cSe trata de una obra que se vincula directamente con las nuevas intervenciones sobre la prolongaci\u00f3n del bulevar Alvear, facilitando el ingreso y egreso de los camiones del Mercado. Forma parte de un plan integral de desarrollo urbano que busca ordenar la circulaci\u00f3n, hacerla m\u00e1s segura y mejorar la conectividad interna de la ciudad.\u201d<\/em><br>\u200c<br>En ese sentido, el funcionario remarc\u00f3 que la pavimentaci\u00f3n de calle Congreso se complementa con otras obras viales en ejecuci\u00f3n:&nbsp;<em>\u201cEsta intervenci\u00f3n se integra con la finalizaci\u00f3n de la extensi\u00f3n del bulevar Alvear, que conecta con la ruta nacional 9, y con la obra de la avenida Savio, actualmente en marcha, generando corredores adecuados para el tr\u00e1nsito pesado y mejorando sustancialmente la log\u00edstica del sector.\u201d<\/em><br>\u200c<br>Por su parte, el presidente del Mercado de Abasto, Hugo Garrido, valor\u00f3 la presencia y el acompa\u00f1amiento del Estado:&nbsp;<em>\u201cCuando el Estado est\u00e1 presente, no solo aportando econ\u00f3micamente sino tambi\u00e9n participando activamente, se generan posibilidades reales de crecimiento.\u201d<\/em><br>\u200c<br>Adem\u00e1s, Garrido destac\u00f3 el impacto que tendr\u00e1 la obra en el funcionamiento diario del mercado:&nbsp;<em>\u201cPara quienes transitamos todos los d\u00edas por calle Congreso, esta obra es un antes y un despu\u00e9s. Por all\u00ed circula transporte pesado de seis y ocho ejes, camionetas y autos, y cuando llov\u00eda era pr\u00e1cticamente imposible circular. Con esta pavimentaci\u00f3n, aprovechando adem\u00e1s la prolongaci\u00f3n del bulevar Alvear, el acceso al Mercado va a mejorar notablemente en t\u00e9rminos de seguridad y operatividad.\u201d<\/em><\/p>\n\n\n\n<p>Finalmente, el vecino del barrio Las Playas, Juan Carlos Eandi, expres\u00f3 su satisfacci\u00f3n por la concreci\u00f3n de la obra:&nbsp;<em>\u201cHace 43 a\u00f1os que vivo en el barrio y ten\u00edamos una calle muy complicada para transitar, principalmente cuando llov\u00eda. Directamente no se pod\u00eda circular. Hoy estamos todos muy contentos porque esta obra mejora much\u00edsimo la vida cotidiana de quienes vivimos ac\u00e1.\u201d<\/em><br>\u200c<br>La pavimentaci\u00f3n de calle Congreso permitir\u00e1 optimizar la circulaci\u00f3n vehicular, mejorar la seguridad vial y fortalecer la infraestructura urbana en una zona clave para la actividad econ\u00f3mica y log\u00edstica de la ciudad.<br>\u200c<br>Participaron de la firma del convenio, adem\u00e1s, los secretarios de Servicios Urbanos, \u00c1ngel Quaglia; y de Econom\u00eda, Transformaci\u00f3n Digital y Desarrollo Productivo, Guillermo Pieckestainer; junto a los asesores letrados Franco Valzacchi y Juan Poncio.<\/p>\n","protected":false},"excerpt":{"rendered":"<p>\u00a0El intendente Eduardo Accastello particip\u00f3 de la firma de un convenio entre el Municipio, el Mercado de Abasto y los frentistas para la pavimentaci\u00f3n de calle Congreso, en barrio Las Playas, una arteria estrat\u00e9gica de alto tr\u00e1nsito vinculada al movimiento log\u00edstico y comercial del sector. \u200c La obra contempla la pavimentaci\u00f3n de aproximadamente 240 metros [&hellip;]<\/p>\n","protected":false},"author":4,"featured_media":113848,"comment_status":"open","ping_status":"open","sticky":false,"template":"","format":"standard","meta":{"site-sidebar-layout":"default","site-content-layout":"","ast-site-content-layout":"default","site-content-style":"default","site-sidebar-style":"default","ast-global-header-display":"","ast-banner-title-visibility":"","ast-main-header-display":"","ast-hfb-above-header-display":"","ast-hfb-below-header-display":"","ast-hfb-mobile-header-display":"","site-post-title":"","ast-breadcrumbs-content":"","ast-featured-img":"","footer-sml-layout":"","ast-disable-related-posts":"","theme-transparent-header-meta":"","adv-header-id-meta":"","stick-header-meta":"","header-above-stick-meta":"","header-main-stick-meta":"","header-below-stick-meta":"","astra-migrate-meta-layouts":"set","ast-page-background-enabled":"default","ast-page-background-meta":{"desktop":{"background-color":"","background-image":"","background-repeat":"repeat","background-position":"center center","background-size":"auto","background-attachment":"scroll","background-type":"","background-media":"","overlay-type":"","overlay-color":"","overlay-opacity":"","overlay-gradient":""},"tablet":{"background-color":"","background-image":"","background-repeat":"repeat","background-position":"center center","background-size":"auto","background-attachment":"scroll","background-type":"","background-media":"","overlay-type":"","overlay-color":"","overlay-opacity":"","overlay-gradient":""},"mobile":{"background-color":"","background-image":"","background-repeat":"repeat","background-position":"center center","background-size":"auto","background-attachment":"scroll","background-type":"","background-media":"","overlay-type":"","overlay-color":"","overlay-opacity":"","overlay-gradient":""}},"ast-content-background-meta":{"desktop":{"background-color":"var(--ast-global-color-5)","background-image":"","background-repeat":"repeat","background-position":"center center","background-size":"auto","background-attachment":"scroll","background-type":"","background-media":"","overlay-type":"","overlay-color":"","overlay-opacity":"","overlay-gradient":""},"tablet":{"background-color":"var(--ast-global-color-5)","background-image":"","background-repeat":"repeat","background-position":"center center","background-size":"auto","background-attachment":"scroll","background-type":"","background-media":"","overlay-type":"","overlay-color":"","overlay-opacity":"","overlay-gradient":""},"mobile":{"background-color":"var(--ast-global-color-5)","background-image":"","background-repeat":"repeat","background-position":"center center","background-size":"auto","background-attachment":"scroll","background-type":"","background-media":"","overlay-type":"","overlay-color":"","overlay-opacity":"","overlay-gradient":""}},"_jetpack_memberships_contains_paid_content":false,"_joinchat":[],"footnotes":""},"categories":[15302,5,2],"tags":[],"class_list":["post-113847","post","type-post","status-publish","format-standard","has-post-thumbnail","hentry","category-destacado","category-sociedad","category-villa-maria"],"yoast_head":"<!-- This site is optimized with the Yoast SEO plugin v26.8 - https:\/\/yoast.com\/product\/yoast-seo-wordpress\/ -->\n<title>Accastello particip\u00f3 de la firma de un convenio entre el Municipio, el Mercado de Abasto y los frentistas para la pavimentaci\u00f3n de calle Congreso - El Regional<\/title>\n<meta name=\"robots\" content=\"index, follow, max-snippet:-1, max-image-preview:large, max-video-preview:-1\" \/>\n<link rel=\"canonical\" href=\"https:\/\/elregionalvm.com.ar\/noticias-villa-maria\/accastello-participo-de-la-firma-de-un-convenio-entre-el-municipio-el-mercado-de-abasto-y-los-frentistas-para-la-pavimentacion-de-calle-congreso\/\" \/>\n<meta property=\"og:locale\" content=\"es_ES\" \/>\n<meta property=\"og:type\" content=\"article\" \/>\n<meta property=\"og:title\" content=\"Accastello particip\u00f3 de la firma de un convenio entre el Municipio, el Mercado de Abasto y los frentistas para la pavimentaci\u00f3n de calle Congreso - El Regional\" \/>\n<meta property=\"og:description\" content=\"\u00a0El intendente Eduardo Accastello particip\u00f3 de la firma de un convenio entre el Municipio, el Mercado de Abasto y los frentistas para la pavimentaci\u00f3n de calle Congreso, en barrio Las Playas, una arteria estrat\u00e9gica de alto tr\u00e1nsito vinculada al movimiento log\u00edstico y comercial del sector. \u200c La obra contempla la pavimentaci\u00f3n de aproximadamente 240 metros [&hellip;]\" \/>\n<meta property=\"og:url\" content=\"https:\/\/elregionalvm.com.ar\/noticias-villa-maria\/accastello-participo-de-la-firma-de-un-convenio-entre-el-municipio-el-mercado-de-abasto-y-los-frentistas-para-la-pavimentacion-de-calle-congreso\/\" \/>\n<meta property=\"og:site_name\" content=\"El Regional\" \/>\n<meta property=\"article:publisher\" content=\"https:\/\/www.facebook.com\/elregionalvm\" \/>\n<meta property=\"article:published_time\" content=\"2026-02-05T12:32:37+00:00\" \/>\n<meta property=\"article:modified_time\" content=\"2026-02-05T12:32:39+00:00\" \/>\n<meta property=\"og:image\" content=\"https:\/\/elregionalvm.com.ar\/noticias-villa-maria\/wp-content\/uploads\/2026\/02\/23a4ec8bd18c4396b48ae4341370facc.jpeg\" \/>\n\t<meta property=\"og:image:width\" content=\"800\" \/>\n\t<meta property=\"og:image:height\" content=\"600\" \/>\n\t<meta property=\"og:image:type\" content=\"image\/jpeg\" \/>\n<meta name=\"author\" content=\"Contenidos El Regional\" \/>\n<meta name=\"twitter:card\" content=\"summary_large_image\" \/>\n<meta name=\"twitter:creator\" content=\"@elregionalvm1\" \/>\n<meta name=\"twitter:site\" content=\"@elregionalvm1\" \/>\n<meta name=\"twitter:label1\" content=\"Escrito por\" \/>\n\t<meta name=\"twitter:data1\" content=\"Contenidos El Regional\" \/>\n\t<meta name=\"twitter:label2\" content=\"Tiempo de lectura\" \/>\n\t<meta name=\"twitter:data2\" content=\"3 minutos\" \/>\n<script type=\"application\/ld+json\" class=\"yoast-schema-graph\">{\"@context\":\"https:\/\/schema.org\",\"@graph\":[{\"@type\":\"Article\",\"@id\":\"https:\/\/elregionalvm.com.ar\/noticias-villa-maria\/accastello-participo-de-la-firma-de-un-convenio-entre-el-municipio-el-mercado-de-abasto-y-los-frentistas-para-la-pavimentacion-de-calle-congreso\/#article\",\"isPartOf\":{\"@id\":\"https:\/\/elregionalvm.com.ar\/noticias-villa-maria\/accastello-participo-de-la-firma-de-un-convenio-entre-el-municipio-el-mercado-de-abasto-y-los-frentistas-para-la-pavimentacion-de-calle-congreso\/\"},\"author\":{\"name\":\"Contenidos El Regional\",\"@id\":\"http:\/\/elregionalvm.com.ar\/noticias-villa-maria\/#\/schema\/person\/a0fb9c422317faca23d50163151bc354\"},\"headline\":\"Accastello particip\u00f3 de la firma de un convenio entre el Municipio, el Mercado de Abasto y los frentistas para la pavimentaci\u00f3n de calle Congreso\",\"datePublished\":\"2026-02-05T12:32:37+00:00\",\"dateModified\":\"2026-02-05T12:32:39+00:00\",\"mainEntityOfPage\":{\"@id\":\"https:\/\/elregionalvm.com.ar\/noticias-villa-maria\/accastello-participo-de-la-firma-de-un-convenio-entre-el-municipio-el-mercado-de-abasto-y-los-frentistas-para-la-pavimentacion-de-calle-congreso\/\"},\"wordCount\":630,\"commentCount\":0,\"image\":{\"@id\":\"https:\/\/elregionalvm.com.ar\/noticias-villa-maria\/accastello-participo-de-la-firma-de-un-convenio-entre-el-municipio-el-mercado-de-abasto-y-los-frentistas-para-la-pavimentacion-de-calle-congreso\/#primaryimage\"},\"thumbnailUrl\":\"https:\/\/i0.wp.com\/elregionalvm.com.ar\/noticias-villa-maria\/wp-content\/uploads\/2026\/02\/23a4ec8bd18c4396b48ae4341370facc.jpeg?fit=800%2C600&ssl=1\",\"articleSection\":[\"destacado\",\"Sociedad\",\"Villa Mar\u00eda\"],\"inLanguage\":\"es\",\"potentialAction\":[{\"@type\":\"CommentAction\",\"name\":\"Comment\",\"target\":[\"https:\/\/elregionalvm.com.ar\/noticias-villa-maria\/accastello-participo-de-la-firma-de-un-convenio-entre-el-municipio-el-mercado-de-abasto-y-los-frentistas-para-la-pavimentacion-de-calle-congreso\/#respond\"]}]},{\"@type\":\"WebPage\",\"@id\":\"https:\/\/elregionalvm.com.ar\/noticias-villa-maria\/accastello-participo-de-la-firma-de-un-convenio-entre-el-municipio-el-mercado-de-abasto-y-los-frentistas-para-la-pavimentacion-de-calle-congreso\/\",\"url\":\"https:\/\/elregionalvm.com.ar\/noticias-villa-maria\/accastello-participo-de-la-firma-de-un-convenio-entre-el-municipio-el-mercado-de-abasto-y-los-frentistas-para-la-pavimentacion-de-calle-congreso\/\",\"name\":\"Accastello particip\u00f3 de la firma de un convenio entre el Municipio, el Mercado de Abasto y los frentistas para la pavimentaci\u00f3n de calle Congreso - El Regional\",\"isPartOf\":{\"@id\":\"http:\/\/elregionalvm.com.ar\/noticias-villa-maria\/#website\"},\"primaryImageOfPage\":{\"@id\":\"https:\/\/elregionalvm.com.ar\/noticias-villa-maria\/accastello-participo-de-la-firma-de-un-convenio-entre-el-municipio-el-mercado-de-abasto-y-los-frentistas-para-la-pavimentacion-de-calle-congreso\/#primaryimage\"},\"image\":{\"@id\":\"https:\/\/elregionalvm.com.ar\/noticias-villa-maria\/accastello-participo-de-la-firma-de-un-convenio-entre-el-municipio-el-mercado-de-abasto-y-los-frentistas-para-la-pavimentacion-de-calle-congreso\/#primaryimage\"},\"thumbnailUrl\":\"https:\/\/i0.wp.com\/elregionalvm.com.ar\/noticias-villa-maria\/wp-content\/uploads\/2026\/02\/23a4ec8bd18c4396b48ae4341370facc.jpeg?fit=800%2C600&ssl=1\",\"datePublished\":\"2026-02-05T12:32:37+00:00\",\"dateModified\":\"2026-02-05T12:32:39+00:00\",\"author\":{\"@id\":\"http:\/\/elregionalvm.com.ar\/noticias-villa-maria\/#\/schema\/person\/a0fb9c422317faca23d50163151bc354\"},\"breadcrumb\":{\"@id\":\"https:\/\/elregionalvm.com.ar\/noticias-villa-maria\/accastello-participo-de-la-firma-de-un-convenio-entre-el-municipio-el-mercado-de-abasto-y-los-frentistas-para-la-pavimentacion-de-calle-congreso\/#breadcrumb\"},\"inLanguage\":\"es\",\"potentialAction\":[{\"@type\":\"ReadAction\",\"target\":[\"https:\/\/elregionalvm.com.ar\/noticias-villa-maria\/accastello-participo-de-la-firma-de-un-convenio-entre-el-municipio-el-mercado-de-abasto-y-los-frentistas-para-la-pavimentacion-de-calle-congreso\/\"]}]},{\"@type\":\"ImageObject\",\"inLanguage\":\"es\",\"@id\":\"https:\/\/elregionalvm.com.ar\/noticias-villa-maria\/accastello-participo-de-la-firma-de-un-convenio-entre-el-municipio-el-mercado-de-abasto-y-los-frentistas-para-la-pavimentacion-de-calle-congreso\/#primaryimage\",\"url\":\"https:\/\/i0.wp.com\/elregionalvm.com.ar\/noticias-villa-maria\/wp-content\/uploads\/2026\/02\/23a4ec8bd18c4396b48ae4341370facc.jpeg?fit=800%2C600&ssl=1\",\"contentUrl\":\"https:\/\/i0.wp.com\/elregionalvm.com.ar\/noticias-villa-maria\/wp-content\/uploads\/2026\/02\/23a4ec8bd18c4396b48ae4341370facc.jpeg?fit=800%2C600&ssl=1\",\"width\":800,\"height\":600},{\"@type\":\"BreadcrumbList\",\"@id\":\"https:\/\/elregionalvm.com.ar\/noticias-villa-maria\/accastello-participo-de-la-firma-de-un-convenio-entre-el-municipio-el-mercado-de-abasto-y-los-frentistas-para-la-pavimentacion-de-calle-congreso\/#breadcrumb\",\"itemListElement\":[{\"@type\":\"ListItem\",\"position\":1,\"name\":\"Portada\",\"item\":\"https:\/\/elregionalvm.com.ar\/noticias-villa-maria\/\"},{\"@type\":\"ListItem\",\"position\":2,\"name\":\"Accastello particip\u00f3 de la firma de un convenio entre el Municipio, el Mercado de Abasto y los frentistas para la pavimentaci\u00f3n de calle Congreso\"}]},{\"@type\":\"WebSite\",\"@id\":\"http:\/\/elregionalvm.com.ar\/noticias-villa-maria\/#website\",\"url\":\"http:\/\/elregionalvm.com.ar\/noticias-villa-maria\/\",\"name\":\"El Regional\",\"description\":\"Mucho m\u00e1s que informaci\u00f3n\",\"potentialAction\":[{\"@type\":\"SearchAction\",\"target\":{\"@type\":\"EntryPoint\",\"urlTemplate\":\"http:\/\/elregionalvm.com.ar\/noticias-villa-maria\/?s={search_term_string}\"},\"query-input\":{\"@type\":\"PropertyValueSpecification\",\"valueRequired\":true,\"valueName\":\"search_term_string\"}}],\"inLanguage\":\"es\"},{\"@type\":\"Person\",\"@id\":\"http:\/\/elregionalvm.com.ar\/noticias-villa-maria\/#\/schema\/person\/a0fb9c422317faca23d50163151bc354\",\"name\":\"Contenidos El Regional\",\"image\":{\"@type\":\"ImageObject\",\"inLanguage\":\"es\",\"@id\":\"http:\/\/elregionalvm.com.ar\/noticias-villa-maria\/#\/schema\/person\/image\/\",\"url\":\"https:\/\/secure.gravatar.com\/avatar\/265b27cb2209af7bb3a1318f03305787d7981a5cc6e6cd08fe5a4ecdf99d4b48?s=96&d=mm&r=g\",\"contentUrl\":\"https:\/\/secure.gravatar.com\/avatar\/265b27cb2209af7bb3a1318f03305787d7981a5cc6e6cd08fe5a4ecdf99d4b48?s=96&d=mm&r=g\",\"caption\":\"Contenidos El Regional\"},\"url\":\"https:\/\/elregionalvm.com.ar\/noticias-villa-maria\/author\/contenido\/\"}]}<\/script>\n<!-- \/ Yoast SEO plugin. -->","yoast_head_json":{"title":"Accastello particip\u00f3 de la firma de un convenio entre el Municipio, el Mercado de Abasto y los frentistas para la pavimentaci\u00f3n de calle Congreso - El Regional","robots":{"index":"index","follow":"follow","max-snippet":"max-snippet:-1","max-image-preview":"max-image-preview:large","max-video-preview":"max-video-preview:-1"},"canonical":"https:\/\/elregionalvm.com.ar\/noticias-villa-maria\/accastello-participo-de-la-firma-de-un-convenio-entre-el-municipio-el-mercado-de-abasto-y-los-frentistas-para-la-pavimentacion-de-calle-congreso\/","og_locale":"es_ES","og_type":"article","og_title":"Accastello particip\u00f3 de la firma de un convenio entre el Municipio, el Mercado de Abasto y los frentistas para la pavimentaci\u00f3n de calle Congreso - El Regional","og_description":"\u00a0El intendente Eduardo Accastello particip\u00f3 de la firma de un convenio entre el Municipio, el Mercado de Abasto y los frentistas para la pavimentaci\u00f3n de calle Congreso, en barrio Las Playas, una arteria estrat\u00e9gica de alto tr\u00e1nsito vinculada al movimiento log\u00edstico y comercial del sector. \u200c La obra contempla la pavimentaci\u00f3n de aproximadamente 240 metros [&hellip;]","og_url":"https:\/\/elregionalvm.com.ar\/noticias-villa-maria\/accastello-participo-de-la-firma-de-un-convenio-entre-el-municipio-el-mercado-de-abasto-y-los-frentistas-para-la-pavimentacion-de-calle-congreso\/","og_site_name":"El Regional","article_publisher":"https:\/\/www.facebook.com\/elregionalvm","article_published_time":"2026-02-05T12:32:37+00:00","article_modified_time":"2026-02-05T12:32:39+00:00","og_image":[{"width":800,"height":600,"url":"https:\/\/elregionalvm.com.ar\/noticias-villa-maria\/wp-content\/uploads\/2026\/02\/23a4ec8bd18c4396b48ae4341370facc.jpeg","type":"image\/jpeg"}],"author":"Contenidos El Regional","twitter_card":"summary_large_image","twitter_creator":"@elregionalvm1","twitter_site":"@elregionalvm1","twitter_misc":{"Escrito por":"Contenidos El Regional","Tiempo de lectura":"3 minutos"},"schema":{"@context":"https:\/\/schema.org","@graph":[{"@type":"Article","@id":"https:\/\/elregionalvm.com.ar\/noticias-villa-maria\/accastello-participo-de-la-firma-de-un-convenio-entre-el-municipio-el-mercado-de-abasto-y-los-frentistas-para-la-pavimentacion-de-calle-congreso\/#article","isPartOf":{"@id":"https:\/\/elregionalvm.com.ar\/noticias-villa-maria\/accastello-participo-de-la-firma-de-un-convenio-entre-el-municipio-el-mercado-de-abasto-y-los-frentistas-para-la-pavimentacion-de-calle-congreso\/"},"author":{"name":"Contenidos El Regional","@id":"http:\/\/elregionalvm.com.ar\/noticias-villa-maria\/#\/schema\/person\/a0fb9c422317faca23d50163151bc354"},"headline":"Accastello particip\u00f3 de la firma de un convenio entre el Municipio, el Mercado de Abasto y los frentistas para la pavimentaci\u00f3n de calle Congreso","datePublished":"2026-02-05T12:32:37+00:00","dateModified":"2026-02-05T12:32:39+00:00","mainEntityOfPage":{"@id":"https:\/\/elregionalvm.com.ar\/noticias-villa-maria\/accastello-participo-de-la-firma-de-un-convenio-entre-el-municipio-el-mercado-de-abasto-y-los-frentistas-para-la-pavimentacion-de-calle-congreso\/"},"wordCount":630,"commentCount":0,"image":{"@id":"https:\/\/elregionalvm.com.ar\/noticias-villa-maria\/accastello-participo-de-la-firma-de-un-convenio-entre-el-municipio-el-mercado-de-abasto-y-los-frentistas-para-la-pavimentacion-de-calle-congreso\/#primaryimage"},"thumbnailUrl":"https:\/\/i0.wp.com\/elregionalvm.com.ar\/noticias-villa-maria\/wp-content\/uploads\/2026\/02\/23a4ec8bd18c4396b48ae4341370facc.jpeg?fit=800%2C600&ssl=1","articleSection":["destacado","Sociedad","Villa Mar\u00eda"],"inLanguage":"es","potentialAction":[{"@type":"CommentAction","name":"Comment","target":["https:\/\/elregionalvm.com.ar\/noticias-villa-maria\/accastello-participo-de-la-firma-de-un-convenio-entre-el-municipio-el-mercado-de-abasto-y-los-frentistas-para-la-pavimentacion-de-calle-congreso\/#respond"]}]},{"@type":"WebPage","@id":"https:\/\/elregionalvm.com.ar\/noticias-villa-maria\/accastello-participo-de-la-firma-de-un-convenio-entre-el-municipio-el-mercado-de-abasto-y-los-frentistas-para-la-pavimentacion-de-calle-congreso\/","url":"https:\/\/elregionalvm.com.ar\/noticias-villa-maria\/accastello-participo-de-la-firma-de-un-convenio-entre-el-municipio-el-mercado-de-abasto-y-los-frentistas-para-la-pavimentacion-de-calle-congreso\/","name":"Accastello particip\u00f3 de la firma de un convenio entre el Municipio, el Mercado de Abasto y los frentistas para la pavimentaci\u00f3n de calle Congreso - El Regional","isPartOf":{"@id":"http:\/\/elregionalvm.com.ar\/noticias-villa-maria\/#website"},"primaryImageOfPage":{"@id":"https:\/\/elregionalvm.com.ar\/noticias-villa-maria\/accastello-participo-de-la-firma-de-un-convenio-entre-el-municipio-el-mercado-de-abasto-y-los-frentistas-para-la-pavimentacion-de-calle-congreso\/#primaryimage"},"image":{"@id":"https:\/\/elregionalvm.com.ar\/noticias-villa-maria\/accastello-participo-de-la-firma-de-un-convenio-entre-el-municipio-el-mercado-de-abasto-y-los-frentistas-para-la-pavimentacion-de-calle-congreso\/#primaryimage"},"thumbnailUrl":"https:\/\/i0.wp.com\/elregionalvm.com.ar\/noticias-villa-maria\/wp-content\/uploads\/2026\/02\/23a4ec8bd18c4396b48ae4341370facc.jpeg?fit=800%2C600&ssl=1","datePublished":"2026-02-05T12:32:37+00:00","dateModified":"2026-02-05T12:32:39+00:00","author":{"@id":"http:\/\/elregionalvm.com.ar\/noticias-villa-maria\/#\/schema\/person\/a0fb9c422317faca23d50163151bc354"},"breadcrumb":{"@id":"https:\/\/elregionalvm.com.ar\/noticias-villa-maria\/accastello-participo-de-la-firma-de-un-convenio-entre-el-municipio-el-mercado-de-abasto-y-los-frentistas-para-la-pavimentacion-de-calle-congreso\/#breadcrumb"},"inLanguage":"es","potentialAction":[{"@type":"ReadAction","target":["https:\/\/elregionalvm.com.ar\/noticias-villa-maria\/accastello-participo-de-la-firma-de-un-convenio-entre-el-municipio-el-mercado-de-abasto-y-los-frentistas-para-la-pavimentacion-de-calle-congreso\/"]}]},{"@type":"ImageObject","inLanguage":"es","@id":"https:\/\/elregionalvm.com.ar\/noticias-villa-maria\/accastello-participo-de-la-firma-de-un-convenio-entre-el-municipio-el-mercado-de-abasto-y-los-frentistas-para-la-pavimentacion-de-calle-congreso\/#primaryimage","url":"https:\/\/i0.wp.com\/elregionalvm.com.ar\/noticias-villa-maria\/wp-content\/uploads\/2026\/02\/23a4ec8bd18c4396b48ae4341370facc.jpeg?fit=800%2C600&ssl=1","contentUrl":"https:\/\/i0.wp.com\/elregionalvm.com.ar\/noticias-villa-maria\/wp-content\/uploads\/2026\/02\/23a4ec8bd18c4396b48ae4341370facc.jpeg?fit=800%2C600&ssl=1","width":800,"height":600},{"@type":"BreadcrumbList","@id":"https:\/\/elregionalvm.com.ar\/noticias-villa-maria\/accastello-participo-de-la-firma-de-un-convenio-entre-el-municipio-el-mercado-de-abasto-y-los-frentistas-para-la-pavimentacion-de-calle-congreso\/#breadcrumb","itemListElement":[{"@type":"ListItem","position":1,"name":"Portada","item":"https:\/\/elregionalvm.com.ar\/noticias-villa-maria\/"},{"@type":"ListItem","position":2,"name":"Accastello particip\u00f3 de la firma de un convenio entre el Municipio, el Mercado de Abasto y los frentistas para la pavimentaci\u00f3n de calle Congreso"}]},{"@type":"WebSite","@id":"http:\/\/elregionalvm.com.ar\/noticias-villa-maria\/#website","url":"http:\/\/elregionalvm.com.ar\/noticias-villa-maria\/","name":"El Regional","description":"Mucho m\u00e1s que informaci\u00f3n","potentialAction":[{"@type":"SearchAction","target":{"@type":"EntryPoint","urlTemplate":"http:\/\/elregionalvm.com.ar\/noticias-villa-maria\/?s={search_term_string}"},"query-input":{"@type":"PropertyValueSpecification","valueRequired":true,"valueName":"search_term_string"}}],"inLanguage":"es"},{"@type":"Person","@id":"http:\/\/elregionalvm.com.ar\/noticias-villa-maria\/#\/schema\/person\/a0fb9c422317faca23d50163151bc354","name":"Contenidos El Regional","image":{"@type":"ImageObject","inLanguage":"es","@id":"http:\/\/elregionalvm.com.ar\/noticias-villa-maria\/#\/schema\/person\/image\/","url":"https:\/\/secure.gravatar.com\/avatar\/265b27cb2209af7bb3a1318f03305787d7981a5cc6e6cd08fe5a4ecdf99d4b48?s=96&d=mm&r=g","contentUrl":"https:\/\/secure.gravatar.com\/avatar\/265b27cb2209af7bb3a1318f03305787d7981a5cc6e6cd08fe5a4ecdf99d4b48?s=96&d=mm&r=g","caption":"Contenidos El Regional"},"url":"https:\/\/elregionalvm.com.ar\/noticias-villa-maria\/author\/contenido\/"}]}},"jetpack_featured_media_url":"https:\/\/i0.wp.com\/elregionalvm.com.ar\/noticias-villa-maria\/wp-content\/uploads\/2026\/02\/23a4ec8bd18c4396b48ae4341370facc.jpeg?fit=800%2C600&ssl=1","jetpack_sharing_enabled":true,"_links":{"self":[{"href":"https:\/\/elregionalvm.com.ar\/noticias-villa-maria\/wp-json\/wp\/v2\/posts\/113847","targetHints":{"allow":["GET"]}}],"collection":[{"href":"https:\/\/elregionalvm.com.ar\/noticias-villa-maria\/wp-json\/wp\/v2\/posts"}],"about":[{"href":"https:\/\/elregionalvm.com.ar\/noticias-villa-maria\/wp-json\/wp\/v2\/types\/post"}],"author":[{"embeddable":true,"href":"https:\/\/elregionalvm.com.ar\/noticias-villa-maria\/wp-json\/wp\/v2\/users\/4"}],"replies":[{"embeddable":true,"href":"https:\/\/elregionalvm.com.ar\/noticias-villa-maria\/wp-json\/wp\/v2\/comments?post=113847"}],"version-history":[{"count":1,"href":"https:\/\/elregionalvm.com.ar\/noticias-villa-maria\/wp-json\/wp\/v2\/posts\/113847\/revisions"}],"predecessor-version":[{"id":113849,"href":"https:\/\/elregionalvm.com.ar\/noticias-villa-maria\/wp-json\/wp\/v2\/posts\/113847\/revisions\/113849"}],"wp:featuredmedia":[{"embeddable":true,"href":"https:\/\/elregionalvm.com.ar\/noticias-villa-maria\/wp-json\/wp\/v2\/media\/113848"}],"wp:attachment":[{"href":"https:\/\/elregionalvm.com.ar\/noticias-villa-maria\/wp-json\/wp\/v2\/media?parent=113847"}],"wp:term":[{"taxonomy":"category","embeddable":true,"href":"https:\/\/elregionalvm.com.ar\/noticias-villa-maria\/wp-json\/wp\/v2\/categories?post=113847"},{"taxonomy":"post_tag","embeddable":true,"href":"https:\/\/elregionalvm.com.ar\/noticias-villa-maria\/wp-json\/wp\/v2\/tags?post=113847"}],"curies":[{"name":"wp","href":"https:\/\/api.w.org\/{rel}","templated":true}]}}