{"id":113870,"date":"2026-02-06T02:20:01","date_gmt":"2026-02-06T02:20:01","guid":{"rendered":"https:\/\/elregionalvm.com.ar\/noticias-villa-maria\/?p=113870"},"modified":"2026-02-06T02:20:03","modified_gmt":"2026-02-06T02:20:03","slug":"el-anfiteatro-se-encuentra-listo-para-la-edicion-2026-del-festival-internacional-de-penas","status":"publish","type":"post","link":"https:\/\/elregionalvm.com.ar\/noticias-villa-maria\/el-anfiteatro-se-encuentra-listo-para-la-edicion-2026-del-festival-internacional-de-penas\/","title":{"rendered":"El anfiteatro se encuentra listo para la edici\u00f3n 2026 del \u201cFestival Internacional de Pe\u00f1as\u201d"},"content":{"rendered":"\n<p>\u00a0El intendente Eduardo Accastello encabez\u00f3 un recorrido por el Anfiteatro Municipal, donde por estos momentos los equipos t\u00e9cnicos y organizativos ultiman detalles de la puesta a punto del \u201ccoloso de cemento\u201d, de cara a la edici\u00f3n 58\u00b0 del Festival Internacional de Pe\u00f1as.<\/p>\n\n\n\n<p>Estuvieron presentes adem\u00e1s el secretario de Gobierno, Cultura y Relaciones Institucionales, Marcos Bovo; el presidente del Ente Villa Mar\u00eda Deporte y Turismo, Alejandro Mana, y periodistas de la ciudad y la regi\u00f3n.<\/p>\n\n\n\n<p>En este marco, Accastello coment\u00f3:&nbsp;<em><strong>\u00abTodos los villamarienses y la gente de la regi\u00f3n que siente el festival como propio, sabe que que son d\u00edas muy importantes. Hoy podemos anunciar que est\u00e1n agotadas las entradas del d\u00eda viernes, lo que es un buen s\u00edntoma para iniciar el Festival. El resto de los d\u00edas la venta de entradas viene avanzando muy bien, por lo que le pido a la gente que trate de comprar lo m\u00e1s r\u00e1pido posible\u00bb .&nbsp;<\/strong><\/em><\/p>\n\n\n\n<p>Luego, continu\u00f3:&nbsp;<em><strong>\u00abTenemos mucha confianza en en la grilla, que es una de las mejores que tiene la Argentina, y adem\u00e1s tendremos muchas sorpresas, todas las noches. Los artistas que vienen a Villa Mar\u00eda siempre quieren hacer algo entre ellos, porque se sienten muy felices de estar cerca del p\u00fablico, as\u00ed que nos van a encontrar sorpresas muy gratas, creo que la noche del cuarteto va a ser una de las m\u00e1s recordadas de C\u00f3rdoba de mucho tiempo\u00bb.<\/strong><\/em><\/p>\n\n\n\n<p>Sobre la apertura de puertas, Accastello adelant\u00f3 que se podr\u00e1 ingresar al Anfiteatro a partir de las 19:00 horas, y los espect\u00e1culos comenzar\u00e1n, todos los d\u00edas, a las 21:30, con excepci\u00f3n del domingo 8 de febrero que comenzar\u00e1 a las 21:00 horas.&nbsp;<em><strong>\u201cLa primera noche va a abrir el Festival Jorge Rojas. Es muy importante que la gente venga temprano, porque siempre tratamos de empezar puntual, y ya desde antes habr\u00e1 una serie de de acciones que es importante que el p\u00fablico tambi\u00e9n las disfrute\u201d .&nbsp;<\/strong><\/em><\/p>\n\n\n\n<p>Por su parte, el secretario de Gobierno, Cultura y Relaciones Institucionales, Marcos Bovo, expres\u00f3:&nbsp;<em>\u00abEstamos listos y preparados para recibir a todos en Villa Mar\u00eda y en el Anfiteatro. El festival trasciende como un gran encuentro de la m\u00fasica, y todos los detalles est\u00e1n previstos para que se viva intensamente: desde una puesta en escena de nivel internacional, atendiendo los requerimientos art\u00edsticos, hasta la comodidad que ofrece el Anfiteatro y cada uno de los aspectos pensados para que vecinos y visitantes disfruten plenamente de este festival de festivales\u00bb.<\/em><\/p>\n\n\n\n<p><strong>Aspectos t\u00e9cnicos del \u201cFestival de Festivales\u201d<\/strong><\/p>\n\n\n\n<p>Sobre este punto, Juan Pablo Cabrera, el coordinador de la Puesta en Escena, adelant\u00f3 que este a\u00f1o las pantallas tendr\u00e1n una extensi\u00f3n de 415 metros, sumando casi 115 m\u00e1s con respecto a la edici\u00f3n anterior. &nbsp;&nbsp;<\/p>\n\n\n\n<p>Asimismo, todo el Anfiteatro se iluminar\u00e1 con 400 luminarias, de las cu\u00e1les m\u00e1s de 300 son m\u00f3viles, y la edici\u00f3n 2026 contar\u00e1 con 68 sistemas de sonido, de 60.000 vatios de potencia sonora. Este equipamiento se controlar\u00e1 desde nueve mesas de audio, una por requerimiento de cada artista, y cuatro mesas de iluminaci\u00f3n distintas.<\/p>\n\n\n\n<p>Adem\u00e1s, dijo que este a\u00f1o se destaca un salto de calidad importante respecto al a\u00f1o anterior, especialmente en tecnolog\u00eda de luminarias.<em>&nbsp;\u201cLa planta t\u00e9cnica de iluminaci\u00f3n y sonido est\u00e1 dimensionada seg\u00fan los requerimientos de la banda internacional Morat, siendo la referencia m\u00e1s grande de esta edici\u00f3n\u201d<\/em>&nbsp;, cerr\u00f3 Cabrera.&nbsp;<\/p>\n\n\n\n<p><strong>Iluminaci\u00f3n ornamental del Anfiteatro Municipal Centenario \u201cArq. Aldo Invernizzi\u201d<\/strong><\/p>\n\n\n\n<p>Por otro lado, el intendente Accastello invit\u00f3 a la comunidad a la inauguraci\u00f3n de la obra de iluminaci\u00f3n ornamental del Anfiteatro Municipal Centenario \u201cArq. Aldo Invernizzi\u201d, que tendr\u00e1 lugar hoy, jueves 5 de febrero, desde las 20:30 horas, en el Bosque de Bolsillo pr\u00f3ximo al escenario Vanzetti.&nbsp;<\/p>\n\n\n\n<p><em><strong>\u201cSe ha trabajado siguiendo lo que se hace en distintos lugares de la Argentina y del mundo, y la idea es iluminar otro \u00edcono urbano, &nbsp;al igual que se hizo con el puente para, de alguna manera, enmarcar el lago y que la gente que nos recorre d\u00eda a d\u00eda pueda disfrutar una foto \u00fanica. Esa iluminaci\u00f3n va a quedar permanente y, en los d\u00edas especiales, se va a vestir de distintos colores\u201d<\/strong><\/em>, anunci\u00f3 Accastello.<\/p>\n","protected":false},"excerpt":{"rendered":"<p>\u00a0El intendente Eduardo Accastello encabez\u00f3 un recorrido por el Anfiteatro Municipal, donde por estos momentos los equipos t\u00e9cnicos y organizativos ultiman detalles de la puesta a punto del \u201ccoloso de cemento\u201d, de cara a la edici\u00f3n 58\u00b0 del Festival Internacional de Pe\u00f1as. Estuvieron presentes adem\u00e1s el secretario de Gobierno, Cultura y Relaciones Institucionales, Marcos Bovo; [&hellip;]<\/p>\n","protected":false},"author":4,"featured_media":113871,"comment_status":"open","ping_status":"open","sticky":false,"template":"","format":"standard","meta":{"site-sidebar-layout":"default","site-content-layout":"","ast-site-content-layout":"default","site-content-style":"default","site-sidebar-style":"default","ast-global-header-display":"","ast-banner-title-visibility":"","ast-main-header-display":"","ast-hfb-above-header-display":"","ast-hfb-below-header-display":"","ast-hfb-mobile-header-display":"","site-post-title":"","ast-breadcrumbs-content":"","ast-featured-img":"","footer-sml-layout":"","ast-disable-related-posts":"","theme-transparent-header-meta":"","adv-header-id-meta":"","stick-header-meta":"","header-above-stick-meta":"","header-main-stick-meta":"","header-below-stick-meta":"","astra-migrate-meta-layouts":"set","ast-page-background-enabled":"default","ast-page-background-meta":{"desktop":{"background-color":"","background-image":"","background-repeat":"repeat","background-position":"center center","background-size":"auto","background-attachment":"scroll","background-type":"","background-media":"","overlay-type":"","overlay-color":"","overlay-opacity":"","overlay-gradient":""},"tablet":{"background-color":"","background-image":"","background-repeat":"repeat","background-position":"center center","background-size":"auto","background-attachment":"scroll","background-type":"","background-media":"","overlay-type":"","overlay-color":"","overlay-opacity":"","overlay-gradient":""},"mobile":{"background-color":"","background-image":"","background-repeat":"repeat","background-position":"center center","background-size":"auto","background-attachment":"scroll","background-type":"","background-media":"","overlay-type":"","overlay-color":"","overlay-opacity":"","overlay-gradient":""}},"ast-content-background-meta":{"desktop":{"background-color":"var(--ast-global-color-5)","background-image":"","background-repeat":"repeat","background-position":"center center","background-size":"auto","background-attachment":"scroll","background-type":"","background-media":"","overlay-type":"","overlay-color":"","overlay-opacity":"","overlay-gradient":""},"tablet":{"background-color":"var(--ast-global-color-5)","background-image":"","background-repeat":"repeat","background-position":"center center","background-size":"auto","background-attachment":"scroll","background-type":"","background-media":"","overlay-type":"","overlay-color":"","overlay-opacity":"","overlay-gradient":""},"mobile":{"background-color":"var(--ast-global-color-5)","background-image":"","background-repeat":"repeat","background-position":"center center","background-size":"auto","background-attachment":"scroll","background-type":"","background-media":"","overlay-type":"","overlay-color":"","overlay-opacity":"","overlay-gradient":""}},"_jetpack_memberships_contains_paid_content":false,"_joinchat":[],"footnotes":""},"categories":[15302,13130,5,2],"tags":[],"class_list":["post-113870","post","type-post","status-publish","format-standard","has-post-thumbnail","hentry","category-destacado","category-festival","category-sociedad","category-villa-maria"],"yoast_head":"<!-- This site is optimized with the Yoast SEO plugin v26.8 - https:\/\/yoast.com\/product\/yoast-seo-wordpress\/ -->\n<title>El anfiteatro se encuentra listo para la edici\u00f3n 2026 del \u201cFestival Internacional de Pe\u00f1as\u201d - El Regional<\/title>\n<meta name=\"robots\" content=\"index, follow, max-snippet:-1, max-image-preview:large, max-video-preview:-1\" \/>\n<link rel=\"canonical\" href=\"https:\/\/elregionalvm.com.ar\/noticias-villa-maria\/el-anfiteatro-se-encuentra-listo-para-la-edicion-2026-del-festival-internacional-de-penas\/\" \/>\n<meta property=\"og:locale\" content=\"es_ES\" \/>\n<meta property=\"og:type\" content=\"article\" \/>\n<meta property=\"og:title\" content=\"El anfiteatro se encuentra listo para la edici\u00f3n 2026 del \u201cFestival Internacional de Pe\u00f1as\u201d - El Regional\" \/>\n<meta property=\"og:description\" content=\"\u00a0El intendente Eduardo Accastello encabez\u00f3 un recorrido por el Anfiteatro Municipal, donde por estos momentos los equipos t\u00e9cnicos y organizativos ultiman detalles de la puesta a punto del \u201ccoloso de cemento\u201d, de cara a la edici\u00f3n 58\u00b0 del Festival Internacional de Pe\u00f1as. Estuvieron presentes adem\u00e1s el secretario de Gobierno, Cultura y Relaciones Institucionales, Marcos Bovo; [&hellip;]\" \/>\n<meta property=\"og:url\" content=\"https:\/\/elregionalvm.com.ar\/noticias-villa-maria\/el-anfiteatro-se-encuentra-listo-para-la-edicion-2026-del-festival-internacional-de-penas\/\" \/>\n<meta property=\"og:site_name\" content=\"El Regional\" \/>\n<meta property=\"article:publisher\" content=\"https:\/\/www.facebook.com\/elregionalvm\" \/>\n<meta property=\"article:published_time\" content=\"2026-02-06T02:20:01+00:00\" \/>\n<meta property=\"article:modified_time\" content=\"2026-02-06T02:20:03+00:00\" \/>\n<meta property=\"og:image\" content=\"https:\/\/elregionalvm.com.ar\/noticias-villa-maria\/wp-content\/uploads\/2026\/02\/ccd850001174432f95b9add07be2da0a.jpeg\" \/>\n\t<meta property=\"og:image:width\" content=\"800\" \/>\n\t<meta property=\"og:image:height\" content=\"600\" \/>\n\t<meta property=\"og:image:type\" content=\"image\/jpeg\" \/>\n<meta name=\"author\" content=\"Contenidos El Regional\" \/>\n<meta name=\"twitter:card\" content=\"summary_large_image\" \/>\n<meta name=\"twitter:creator\" content=\"@elregionalvm1\" \/>\n<meta name=\"twitter:site\" content=\"@elregionalvm1\" \/>\n<meta name=\"twitter:label1\" content=\"Escrito por\" \/>\n\t<meta name=\"twitter:data1\" content=\"Contenidos El Regional\" \/>\n\t<meta name=\"twitter:label2\" content=\"Tiempo de lectura\" \/>\n\t<meta name=\"twitter:data2\" content=\"4 minutos\" \/>\n<script type=\"application\/ld+json\" class=\"yoast-schema-graph\">{\"@context\":\"https:\/\/schema.org\",\"@graph\":[{\"@type\":\"Article\",\"@id\":\"https:\/\/elregionalvm.com.ar\/noticias-villa-maria\/el-anfiteatro-se-encuentra-listo-para-la-edicion-2026-del-festival-internacional-de-penas\/#article\",\"isPartOf\":{\"@id\":\"https:\/\/elregionalvm.com.ar\/noticias-villa-maria\/el-anfiteatro-se-encuentra-listo-para-la-edicion-2026-del-festival-internacional-de-penas\/\"},\"author\":{\"name\":\"Contenidos El Regional\",\"@id\":\"http:\/\/elregionalvm.com.ar\/noticias-villa-maria\/#\/schema\/person\/a0fb9c422317faca23d50163151bc354\"},\"headline\":\"El anfiteatro se encuentra listo para la edici\u00f3n 2026 del \u201cFestival Internacional de Pe\u00f1as\u201d\",\"datePublished\":\"2026-02-06T02:20:01+00:00\",\"dateModified\":\"2026-02-06T02:20:03+00:00\",\"mainEntityOfPage\":{\"@id\":\"https:\/\/elregionalvm.com.ar\/noticias-villa-maria\/el-anfiteatro-se-encuentra-listo-para-la-edicion-2026-del-festival-internacional-de-penas\/\"},\"wordCount\":747,\"commentCount\":0,\"image\":{\"@id\":\"https:\/\/elregionalvm.com.ar\/noticias-villa-maria\/el-anfiteatro-se-encuentra-listo-para-la-edicion-2026-del-festival-internacional-de-penas\/#primaryimage\"},\"thumbnailUrl\":\"https:\/\/i0.wp.com\/elregionalvm.com.ar\/noticias-villa-maria\/wp-content\/uploads\/2026\/02\/ccd850001174432f95b9add07be2da0a.jpeg?fit=800%2C600&ssl=1\",\"articleSection\":[\"destacado\",\"Festival de Pe\u00f1as\",\"Sociedad\",\"Villa Mar\u00eda\"],\"inLanguage\":\"es\",\"potentialAction\":[{\"@type\":\"CommentAction\",\"name\":\"Comment\",\"target\":[\"https:\/\/elregionalvm.com.ar\/noticias-villa-maria\/el-anfiteatro-se-encuentra-listo-para-la-edicion-2026-del-festival-internacional-de-penas\/#respond\"]}]},{\"@type\":\"WebPage\",\"@id\":\"https:\/\/elregionalvm.com.ar\/noticias-villa-maria\/el-anfiteatro-se-encuentra-listo-para-la-edicion-2026-del-festival-internacional-de-penas\/\",\"url\":\"https:\/\/elregionalvm.com.ar\/noticias-villa-maria\/el-anfiteatro-se-encuentra-listo-para-la-edicion-2026-del-festival-internacional-de-penas\/\",\"name\":\"El anfiteatro se encuentra listo para la edici\u00f3n 2026 del \u201cFestival Internacional de Pe\u00f1as\u201d - El Regional\",\"isPartOf\":{\"@id\":\"http:\/\/elregionalvm.com.ar\/noticias-villa-maria\/#website\"},\"primaryImageOfPage\":{\"@id\":\"https:\/\/elregionalvm.com.ar\/noticias-villa-maria\/el-anfiteatro-se-encuentra-listo-para-la-edicion-2026-del-festival-internacional-de-penas\/#primaryimage\"},\"image\":{\"@id\":\"https:\/\/elregionalvm.com.ar\/noticias-villa-maria\/el-anfiteatro-se-encuentra-listo-para-la-edicion-2026-del-festival-internacional-de-penas\/#primaryimage\"},\"thumbnailUrl\":\"https:\/\/i0.wp.com\/elregionalvm.com.ar\/noticias-villa-maria\/wp-content\/uploads\/2026\/02\/ccd850001174432f95b9add07be2da0a.jpeg?fit=800%2C600&ssl=1\",\"datePublished\":\"2026-02-06T02:20:01+00:00\",\"dateModified\":\"2026-02-06T02:20:03+00:00\",\"author\":{\"@id\":\"http:\/\/elregionalvm.com.ar\/noticias-villa-maria\/#\/schema\/person\/a0fb9c422317faca23d50163151bc354\"},\"breadcrumb\":{\"@id\":\"https:\/\/elregionalvm.com.ar\/noticias-villa-maria\/el-anfiteatro-se-encuentra-listo-para-la-edicion-2026-del-festival-internacional-de-penas\/#breadcrumb\"},\"inLanguage\":\"es\",\"potentialAction\":[{\"@type\":\"ReadAction\",\"target\":[\"https:\/\/elregionalvm.com.ar\/noticias-villa-maria\/el-anfiteatro-se-encuentra-listo-para-la-edicion-2026-del-festival-internacional-de-penas\/\"]}]},{\"@type\":\"ImageObject\",\"inLanguage\":\"es\",\"@id\":\"https:\/\/elregionalvm.com.ar\/noticias-villa-maria\/el-anfiteatro-se-encuentra-listo-para-la-edicion-2026-del-festival-internacional-de-penas\/#primaryimage\",\"url\":\"https:\/\/i0.wp.com\/elregionalvm.com.ar\/noticias-villa-maria\/wp-content\/uploads\/2026\/02\/ccd850001174432f95b9add07be2da0a.jpeg?fit=800%2C600&ssl=1\",\"contentUrl\":\"https:\/\/i0.wp.com\/elregionalvm.com.ar\/noticias-villa-maria\/wp-content\/uploads\/2026\/02\/ccd850001174432f95b9add07be2da0a.jpeg?fit=800%2C600&ssl=1\",\"width\":800,\"height\":600},{\"@type\":\"BreadcrumbList\",\"@id\":\"https:\/\/elregionalvm.com.ar\/noticias-villa-maria\/el-anfiteatro-se-encuentra-listo-para-la-edicion-2026-del-festival-internacional-de-penas\/#breadcrumb\",\"itemListElement\":[{\"@type\":\"ListItem\",\"position\":1,\"name\":\"Portada\",\"item\":\"https:\/\/elregionalvm.com.ar\/noticias-villa-maria\/\"},{\"@type\":\"ListItem\",\"position\":2,\"name\":\"El anfiteatro se encuentra listo para la edici\u00f3n 2026 del \u201cFestival Internacional de Pe\u00f1as\u201d\"}]},{\"@type\":\"WebSite\",\"@id\":\"http:\/\/elregionalvm.com.ar\/noticias-villa-maria\/#website\",\"url\":\"http:\/\/elregionalvm.com.ar\/noticias-villa-maria\/\",\"name\":\"El Regional\",\"description\":\"Mucho m\u00e1s que informaci\u00f3n\",\"potentialAction\":[{\"@type\":\"SearchAction\",\"target\":{\"@type\":\"EntryPoint\",\"urlTemplate\":\"http:\/\/elregionalvm.com.ar\/noticias-villa-maria\/?s={search_term_string}\"},\"query-input\":{\"@type\":\"PropertyValueSpecification\",\"valueRequired\":true,\"valueName\":\"search_term_string\"}}],\"inLanguage\":\"es\"},{\"@type\":\"Person\",\"@id\":\"http:\/\/elregionalvm.com.ar\/noticias-villa-maria\/#\/schema\/person\/a0fb9c422317faca23d50163151bc354\",\"name\":\"Contenidos El Regional\",\"image\":{\"@type\":\"ImageObject\",\"inLanguage\":\"es\",\"@id\":\"http:\/\/elregionalvm.com.ar\/noticias-villa-maria\/#\/schema\/person\/image\/\",\"url\":\"https:\/\/secure.gravatar.com\/avatar\/265b27cb2209af7bb3a1318f03305787d7981a5cc6e6cd08fe5a4ecdf99d4b48?s=96&d=mm&r=g\",\"contentUrl\":\"https:\/\/secure.gravatar.com\/avatar\/265b27cb2209af7bb3a1318f03305787d7981a5cc6e6cd08fe5a4ecdf99d4b48?s=96&d=mm&r=g\",\"caption\":\"Contenidos El Regional\"},\"url\":\"https:\/\/elregionalvm.com.ar\/noticias-villa-maria\/author\/contenido\/\"}]}<\/script>\n<!-- \/ Yoast SEO plugin. -->","yoast_head_json":{"title":"El anfiteatro se encuentra listo para la edici\u00f3n 2026 del \u201cFestival Internacional de Pe\u00f1as\u201d - El Regional","robots":{"index":"index","follow":"follow","max-snippet":"max-snippet:-1","max-image-preview":"max-image-preview:large","max-video-preview":"max-video-preview:-1"},"canonical":"https:\/\/elregionalvm.com.ar\/noticias-villa-maria\/el-anfiteatro-se-encuentra-listo-para-la-edicion-2026-del-festival-internacional-de-penas\/","og_locale":"es_ES","og_type":"article","og_title":"El anfiteatro se encuentra listo para la edici\u00f3n 2026 del \u201cFestival Internacional de Pe\u00f1as\u201d - El Regional","og_description":"\u00a0El intendente Eduardo Accastello encabez\u00f3 un recorrido por el Anfiteatro Municipal, donde por estos momentos los equipos t\u00e9cnicos y organizativos ultiman detalles de la puesta a punto del \u201ccoloso de cemento\u201d, de cara a la edici\u00f3n 58\u00b0 del Festival Internacional de Pe\u00f1as. Estuvieron presentes adem\u00e1s el secretario de Gobierno, Cultura y Relaciones Institucionales, Marcos Bovo; [&hellip;]","og_url":"https:\/\/elregionalvm.com.ar\/noticias-villa-maria\/el-anfiteatro-se-encuentra-listo-para-la-edicion-2026-del-festival-internacional-de-penas\/","og_site_name":"El Regional","article_publisher":"https:\/\/www.facebook.com\/elregionalvm","article_published_time":"2026-02-06T02:20:01+00:00","article_modified_time":"2026-02-06T02:20:03+00:00","og_image":[{"width":800,"height":600,"url":"https:\/\/elregionalvm.com.ar\/noticias-villa-maria\/wp-content\/uploads\/2026\/02\/ccd850001174432f95b9add07be2da0a.jpeg","type":"image\/jpeg"}],"author":"Contenidos El Regional","twitter_card":"summary_large_image","twitter_creator":"@elregionalvm1","twitter_site":"@elregionalvm1","twitter_misc":{"Escrito por":"Contenidos El Regional","Tiempo de lectura":"4 minutos"},"schema":{"@context":"https:\/\/schema.org","@graph":[{"@type":"Article","@id":"https:\/\/elregionalvm.com.ar\/noticias-villa-maria\/el-anfiteatro-se-encuentra-listo-para-la-edicion-2026-del-festival-internacional-de-penas\/#article","isPartOf":{"@id":"https:\/\/elregionalvm.com.ar\/noticias-villa-maria\/el-anfiteatro-se-encuentra-listo-para-la-edicion-2026-del-festival-internacional-de-penas\/"},"author":{"name":"Contenidos El Regional","@id":"http:\/\/elregionalvm.com.ar\/noticias-villa-maria\/#\/schema\/person\/a0fb9c422317faca23d50163151bc354"},"headline":"El anfiteatro se encuentra listo para la edici\u00f3n 2026 del \u201cFestival Internacional de Pe\u00f1as\u201d","datePublished":"2026-02-06T02:20:01+00:00","dateModified":"2026-02-06T02:20:03+00:00","mainEntityOfPage":{"@id":"https:\/\/elregionalvm.com.ar\/noticias-villa-maria\/el-anfiteatro-se-encuentra-listo-para-la-edicion-2026-del-festival-internacional-de-penas\/"},"wordCount":747,"commentCount":0,"image":{"@id":"https:\/\/elregionalvm.com.ar\/noticias-villa-maria\/el-anfiteatro-se-encuentra-listo-para-la-edicion-2026-del-festival-internacional-de-penas\/#primaryimage"},"thumbnailUrl":"https:\/\/i0.wp.com\/elregionalvm.com.ar\/noticias-villa-maria\/wp-content\/uploads\/2026\/02\/ccd850001174432f95b9add07be2da0a.jpeg?fit=800%2C600&ssl=1","articleSection":["destacado","Festival de Pe\u00f1as","Sociedad","Villa Mar\u00eda"],"inLanguage":"es","potentialAction":[{"@type":"CommentAction","name":"Comment","target":["https:\/\/elregionalvm.com.ar\/noticias-villa-maria\/el-anfiteatro-se-encuentra-listo-para-la-edicion-2026-del-festival-internacional-de-penas\/#respond"]}]},{"@type":"WebPage","@id":"https:\/\/elregionalvm.com.ar\/noticias-villa-maria\/el-anfiteatro-se-encuentra-listo-para-la-edicion-2026-del-festival-internacional-de-penas\/","url":"https:\/\/elregionalvm.com.ar\/noticias-villa-maria\/el-anfiteatro-se-encuentra-listo-para-la-edicion-2026-del-festival-internacional-de-penas\/","name":"El anfiteatro se encuentra listo para la edici\u00f3n 2026 del \u201cFestival Internacional de Pe\u00f1as\u201d - El Regional","isPartOf":{"@id":"http:\/\/elregionalvm.com.ar\/noticias-villa-maria\/#website"},"primaryImageOfPage":{"@id":"https:\/\/elregionalvm.com.ar\/noticias-villa-maria\/el-anfiteatro-se-encuentra-listo-para-la-edicion-2026-del-festival-internacional-de-penas\/#primaryimage"},"image":{"@id":"https:\/\/elregionalvm.com.ar\/noticias-villa-maria\/el-anfiteatro-se-encuentra-listo-para-la-edicion-2026-del-festival-internacional-de-penas\/#primaryimage"},"thumbnailUrl":"https:\/\/i0.wp.com\/elregionalvm.com.ar\/noticias-villa-maria\/wp-content\/uploads\/2026\/02\/ccd850001174432f95b9add07be2da0a.jpeg?fit=800%2C600&ssl=1","datePublished":"2026-02-06T02:20:01+00:00","dateModified":"2026-02-06T02:20:03+00:00","author":{"@id":"http:\/\/elregionalvm.com.ar\/noticias-villa-maria\/#\/schema\/person\/a0fb9c422317faca23d50163151bc354"},"breadcrumb":{"@id":"https:\/\/elregionalvm.com.ar\/noticias-villa-maria\/el-anfiteatro-se-encuentra-listo-para-la-edicion-2026-del-festival-internacional-de-penas\/#breadcrumb"},"inLanguage":"es","potentialAction":[{"@type":"ReadAction","target":["https:\/\/elregionalvm.com.ar\/noticias-villa-maria\/el-anfiteatro-se-encuentra-listo-para-la-edicion-2026-del-festival-internacional-de-penas\/"]}]},{"@type":"ImageObject","inLanguage":"es","@id":"https:\/\/elregionalvm.com.ar\/noticias-villa-maria\/el-anfiteatro-se-encuentra-listo-para-la-edicion-2026-del-festival-internacional-de-penas\/#primaryimage","url":"https:\/\/i0.wp.com\/elregionalvm.com.ar\/noticias-villa-maria\/wp-content\/uploads\/2026\/02\/ccd850001174432f95b9add07be2da0a.jpeg?fit=800%2C600&ssl=1","contentUrl":"https:\/\/i0.wp.com\/elregionalvm.com.ar\/noticias-villa-maria\/wp-content\/uploads\/2026\/02\/ccd850001174432f95b9add07be2da0a.jpeg?fit=800%2C600&ssl=1","width":800,"height":600},{"@type":"BreadcrumbList","@id":"https:\/\/elregionalvm.com.ar\/noticias-villa-maria\/el-anfiteatro-se-encuentra-listo-para-la-edicion-2026-del-festival-internacional-de-penas\/#breadcrumb","itemListElement":[{"@type":"ListItem","position":1,"name":"Portada","item":"https:\/\/elregionalvm.com.ar\/noticias-villa-maria\/"},{"@type":"ListItem","position":2,"name":"El anfiteatro se encuentra listo para la edici\u00f3n 2026 del \u201cFestival Internacional de Pe\u00f1as\u201d"}]},{"@type":"WebSite","@id":"http:\/\/elregionalvm.com.ar\/noticias-villa-maria\/#website","url":"http:\/\/elregionalvm.com.ar\/noticias-villa-maria\/","name":"El Regional","description":"Mucho m\u00e1s que informaci\u00f3n","potentialAction":[{"@type":"SearchAction","target":{"@type":"EntryPoint","urlTemplate":"http:\/\/elregionalvm.com.ar\/noticias-villa-maria\/?s={search_term_string}"},"query-input":{"@type":"PropertyValueSpecification","valueRequired":true,"valueName":"search_term_string"}}],"inLanguage":"es"},{"@type":"Person","@id":"http:\/\/elregionalvm.com.ar\/noticias-villa-maria\/#\/schema\/person\/a0fb9c422317faca23d50163151bc354","name":"Contenidos El Regional","image":{"@type":"ImageObject","inLanguage":"es","@id":"http:\/\/elregionalvm.com.ar\/noticias-villa-maria\/#\/schema\/person\/image\/","url":"https:\/\/secure.gravatar.com\/avatar\/265b27cb2209af7bb3a1318f03305787d7981a5cc6e6cd08fe5a4ecdf99d4b48?s=96&d=mm&r=g","contentUrl":"https:\/\/secure.gravatar.com\/avatar\/265b27cb2209af7bb3a1318f03305787d7981a5cc6e6cd08fe5a4ecdf99d4b48?s=96&d=mm&r=g","caption":"Contenidos El Regional"},"url":"https:\/\/elregionalvm.com.ar\/noticias-villa-maria\/author\/contenido\/"}]}},"jetpack_featured_media_url":"https:\/\/i0.wp.com\/elregionalvm.com.ar\/noticias-villa-maria\/wp-content\/uploads\/2026\/02\/ccd850001174432f95b9add07be2da0a.jpeg?fit=800%2C600&ssl=1","jetpack_sharing_enabled":true,"_links":{"self":[{"href":"https:\/\/elregionalvm.com.ar\/noticias-villa-maria\/wp-json\/wp\/v2\/posts\/113870","targetHints":{"allow":["GET"]}}],"collection":[{"href":"https:\/\/elregionalvm.com.ar\/noticias-villa-maria\/wp-json\/wp\/v2\/posts"}],"about":[{"href":"https:\/\/elregionalvm.com.ar\/noticias-villa-maria\/wp-json\/wp\/v2\/types\/post"}],"author":[{"embeddable":true,"href":"https:\/\/elregionalvm.com.ar\/noticias-villa-maria\/wp-json\/wp\/v2\/users\/4"}],"replies":[{"embeddable":true,"href":"https:\/\/elregionalvm.com.ar\/noticias-villa-maria\/wp-json\/wp\/v2\/comments?post=113870"}],"version-history":[{"count":1,"href":"https:\/\/elregionalvm.com.ar\/noticias-villa-maria\/wp-json\/wp\/v2\/posts\/113870\/revisions"}],"predecessor-version":[{"id":113872,"href":"https:\/\/elregionalvm.com.ar\/noticias-villa-maria\/wp-json\/wp\/v2\/posts\/113870\/revisions\/113872"}],"wp:featuredmedia":[{"embeddable":true,"href":"https:\/\/elregionalvm.com.ar\/noticias-villa-maria\/wp-json\/wp\/v2\/media\/113871"}],"wp:attachment":[{"href":"https:\/\/elregionalvm.com.ar\/noticias-villa-maria\/wp-json\/wp\/v2\/media?parent=113870"}],"wp:term":[{"taxonomy":"category","embeddable":true,"href":"https:\/\/elregionalvm.com.ar\/noticias-villa-maria\/wp-json\/wp\/v2\/categories?post=113870"},{"taxonomy":"post_tag","embeddable":true,"href":"https:\/\/elregionalvm.com.ar\/noticias-villa-maria\/wp-json\/wp\/v2\/tags?post=113870"}],"curies":[{"name":"wp","href":"https:\/\/api.w.org\/{rel}","templated":true}]}}