{"id":113882,"date":"2026-02-06T02:42:49","date_gmt":"2026-02-06T02:42:49","guid":{"rendered":"https:\/\/elregionalvm.com.ar\/noticias-villa-maria\/?p=113882"},"modified":"2026-02-06T02:42:50","modified_gmt":"2026-02-06T02:42:50","slug":"mas-de-3-000-periodistas-se-sumaron-en-defensa-del-estatuto-del-periodista","status":"publish","type":"post","link":"https:\/\/elregionalvm.com.ar\/noticias-villa-maria\/mas-de-3-000-periodistas-se-sumaron-en-defensa-del-estatuto-del-periodista\/","title":{"rendered":"M\u00e1s de 3.000 periodistas se sumaron en defensa del Estatuto del Periodista"},"content":{"rendered":"\n<p><em>Estos d\u00edas, en medios de todo el pa\u00eds como El Litoral, elDiarioAr, Tiempo Argentino y El Destape, se public\u00f3 una solicitada que exige la eliminaci\u00f3n del art\u00edculo 193 de la \u00abLey de modernizaci\u00f3n laboral\u00bb, en donde se promueve la derogaci\u00f3n de nuestro Estatuto.<\/em><\/p>\n\n\n\n<p>Solicitada<\/p>\n\n\n\n<p><strong>NO A LA DEROGACI\u00d3N DEL ESTATUTO DEL PERIODISTA PROFESIONAL<\/strong><\/p>\n\n\n\n<p>Periodistas de diferentes medios de comunicaci\u00f3n, con diversas miradas sobre la realidad pol\u00edtica y econ\u00f3mica del pa\u00eds y con distintas situaciones laborales, solicitamos a las y los legisladores del honorable Congreso de la Naci\u00f3n que&nbsp;<strong>rechacen el intento de derogaci\u00f3n del Estatuto del Periodista Profesional<\/strong>&nbsp;y del Empleado Administrativo de Empresas Period\u00edsticas, que consagran derechos individuales, profesionales y colectivos.<\/p>\n\n\n\n<p>Su derogaci\u00f3n significar\u00eda un grave retroceso para la libertad de expresi\u00f3n, el derecho a la informaci\u00f3n y la calidad democr\u00e1tica de nuestro pa\u00eds.<\/p>\n\n\n\n<p>Quienes firmamos esta solicitada estamos abiertos a cualquier debate sobre las normas laborales en prensa y nunca tuvimos objeciones en discutir en un \u00e1mbito democr\u00e1tico su modernizaci\u00f3n.&nbsp;<strong>Pero nos oponemos tajantemente a una derogaci\u00f3n, sin mediar ning\u00fan tipo de debate<\/strong>&nbsp;en el que quienes ejercemos el periodismo tengamos participaci\u00f3n.<\/p>\n","protected":false},"excerpt":{"rendered":"<p>Estos d\u00edas, en medios de todo el pa\u00eds como El Litoral, elDiarioAr, Tiempo Argentino y El Destape, se public\u00f3 una solicitada que exige la eliminaci\u00f3n del art\u00edculo 193 de la \u00abLey de modernizaci\u00f3n laboral\u00bb, en donde se promueve la derogaci\u00f3n de nuestro Estatuto. Solicitada NO A LA DEROGACI\u00d3N DEL ESTATUTO DEL PERIODISTA PROFESIONAL Periodistas de [&hellip;]<\/p>\n","protected":false},"author":4,"featured_media":113883,"comment_status":"open","ping_status":"open","sticky":false,"template":"","format":"standard","meta":{"site-sidebar-layout":"default","site-content-layout":"","ast-site-content-layout":"default","site-content-style":"default","site-sidebar-style":"default","ast-global-header-display":"","ast-banner-title-visibility":"","ast-main-header-display":"","ast-hfb-above-header-display":"","ast-hfb-below-header-display":"","ast-hfb-mobile-header-display":"","site-post-title":"","ast-breadcrumbs-content":"","ast-featured-img":"","footer-sml-layout":"","ast-disable-related-posts":"","theme-transparent-header-meta":"","adv-header-id-meta":"","stick-header-meta":"","header-above-stick-meta":"","header-main-stick-meta":"","header-below-stick-meta":"","astra-migrate-meta-layouts":"set","ast-page-background-enabled":"default","ast-page-background-meta":{"desktop":{"background-color":"","background-image":"","background-repeat":"repeat","background-position":"center center","background-size":"auto","background-attachment":"scroll","background-type":"","background-media":"","overlay-type":"","overlay-color":"","overlay-opacity":"","overlay-gradient":""},"tablet":{"background-color":"","background-image":"","background-repeat":"repeat","background-position":"center center","background-size":"auto","background-attachment":"scroll","background-type":"","background-media":"","overlay-type":"","overlay-color":"","overlay-opacity":"","overlay-gradient":""},"mobile":{"background-color":"","background-image":"","background-repeat":"repeat","background-position":"center center","background-size":"auto","background-attachment":"scroll","background-type":"","background-media":"","overlay-type":"","overlay-color":"","overlay-opacity":"","overlay-gradient":""}},"ast-content-background-meta":{"desktop":{"background-color":"var(--ast-global-color-5)","background-image":"","background-repeat":"repeat","background-position":"center center","background-size":"auto","background-attachment":"scroll","background-type":"","background-media":"","overlay-type":"","overlay-color":"","overlay-opacity":"","overlay-gradient":""},"tablet":{"background-color":"var(--ast-global-color-5)","background-image":"","background-repeat":"repeat","background-position":"center center","background-size":"auto","background-attachment":"scroll","background-type":"","background-media":"","overlay-type":"","overlay-color":"","overlay-opacity":"","overlay-gradient":""},"mobile":{"background-color":"var(--ast-global-color-5)","background-image":"","background-repeat":"repeat","background-position":"center center","background-size":"auto","background-attachment":"scroll","background-type":"","background-media":"","overlay-type":"","overlay-color":"","overlay-opacity":"","overlay-gradient":""}},"_jetpack_memberships_contains_paid_content":false,"_joinchat":[],"footnotes":""},"categories":[15302,5],"tags":[],"class_list":["post-113882","post","type-post","status-publish","format-standard","has-post-thumbnail","hentry","category-destacado","category-sociedad"],"yoast_head":"<!-- This site is optimized with the Yoast SEO plugin v26.8 - https:\/\/yoast.com\/product\/yoast-seo-wordpress\/ -->\n<title>M\u00e1s de 3.000 periodistas se sumaron en defensa del Estatuto del Periodista - El Regional<\/title>\n<meta name=\"robots\" content=\"index, follow, max-snippet:-1, max-image-preview:large, max-video-preview:-1\" \/>\n<link rel=\"canonical\" href=\"https:\/\/elregionalvm.com.ar\/noticias-villa-maria\/mas-de-3-000-periodistas-se-sumaron-en-defensa-del-estatuto-del-periodista\/\" \/>\n<meta property=\"og:locale\" content=\"es_ES\" \/>\n<meta property=\"og:type\" content=\"article\" \/>\n<meta property=\"og:title\" content=\"M\u00e1s de 3.000 periodistas se sumaron en defensa del Estatuto del Periodista - El Regional\" \/>\n<meta property=\"og:description\" content=\"Estos d\u00edas, en medios de todo el pa\u00eds como El Litoral, elDiarioAr, Tiempo Argentino y El Destape, se public\u00f3 una solicitada que exige la eliminaci\u00f3n del art\u00edculo 193 de la \u00abLey de modernizaci\u00f3n laboral\u00bb, en donde se promueve la derogaci\u00f3n de nuestro Estatuto. Solicitada NO A LA DEROGACI\u00d3N DEL ESTATUTO DEL PERIODISTA PROFESIONAL Periodistas de [&hellip;]\" \/>\n<meta property=\"og:url\" content=\"https:\/\/elregionalvm.com.ar\/noticias-villa-maria\/mas-de-3-000-periodistas-se-sumaron-en-defensa-del-estatuto-del-periodista\/\" \/>\n<meta property=\"og:site_name\" content=\"El Regional\" \/>\n<meta property=\"article:publisher\" content=\"https:\/\/www.facebook.com\/elregionalvm\" \/>\n<meta property=\"article:published_time\" content=\"2026-02-06T02:42:49+00:00\" \/>\n<meta property=\"article:modified_time\" content=\"2026-02-06T02:42:50+00:00\" \/>\n<meta property=\"og:image\" content=\"https:\/\/elregionalvm.com.ar\/noticias-villa-maria\/wp-content\/uploads\/2026\/02\/Solicitada-1F-w-1536x768-1.jpeg\" \/>\n\t<meta property=\"og:image:width\" content=\"1536\" \/>\n\t<meta property=\"og:image:height\" content=\"768\" \/>\n\t<meta property=\"og:image:type\" content=\"image\/jpeg\" \/>\n<meta name=\"author\" content=\"Contenidos El Regional\" \/>\n<meta name=\"twitter:card\" content=\"summary_large_image\" \/>\n<meta name=\"twitter:creator\" content=\"@elregionalvm1\" \/>\n<meta name=\"twitter:site\" content=\"@elregionalvm1\" \/>\n<meta name=\"twitter:label1\" content=\"Escrito por\" \/>\n\t<meta name=\"twitter:data1\" content=\"Contenidos El Regional\" \/>\n\t<meta name=\"twitter:label2\" content=\"Tiempo de lectura\" \/>\n\t<meta name=\"twitter:data2\" content=\"2 minutos\" \/>\n<script type=\"application\/ld+json\" class=\"yoast-schema-graph\">{\"@context\":\"https:\/\/schema.org\",\"@graph\":[{\"@type\":\"Article\",\"@id\":\"https:\/\/elregionalvm.com.ar\/noticias-villa-maria\/mas-de-3-000-periodistas-se-sumaron-en-defensa-del-estatuto-del-periodista\/#article\",\"isPartOf\":{\"@id\":\"https:\/\/elregionalvm.com.ar\/noticias-villa-maria\/mas-de-3-000-periodistas-se-sumaron-en-defensa-del-estatuto-del-periodista\/\"},\"author\":{\"name\":\"Contenidos El Regional\",\"@id\":\"http:\/\/elregionalvm.com.ar\/noticias-villa-maria\/#\/schema\/person\/a0fb9c422317faca23d50163151bc354\"},\"headline\":\"M\u00e1s de 3.000 periodistas se sumaron en defensa del Estatuto del Periodista\",\"datePublished\":\"2026-02-06T02:42:49+00:00\",\"dateModified\":\"2026-02-06T02:42:50+00:00\",\"mainEntityOfPage\":{\"@id\":\"https:\/\/elregionalvm.com.ar\/noticias-villa-maria\/mas-de-3-000-periodistas-se-sumaron-en-defensa-del-estatuto-del-periodista\/\"},\"wordCount\":224,\"commentCount\":0,\"image\":{\"@id\":\"https:\/\/elregionalvm.com.ar\/noticias-villa-maria\/mas-de-3-000-periodistas-se-sumaron-en-defensa-del-estatuto-del-periodista\/#primaryimage\"},\"thumbnailUrl\":\"https:\/\/i0.wp.com\/elregionalvm.com.ar\/noticias-villa-maria\/wp-content\/uploads\/2026\/02\/Solicitada-1F-w-1536x768-1.jpeg?fit=1536%2C768&ssl=1\",\"articleSection\":[\"destacado\",\"Sociedad\"],\"inLanguage\":\"es\",\"potentialAction\":[{\"@type\":\"CommentAction\",\"name\":\"Comment\",\"target\":[\"https:\/\/elregionalvm.com.ar\/noticias-villa-maria\/mas-de-3-000-periodistas-se-sumaron-en-defensa-del-estatuto-del-periodista\/#respond\"]}]},{\"@type\":\"WebPage\",\"@id\":\"https:\/\/elregionalvm.com.ar\/noticias-villa-maria\/mas-de-3-000-periodistas-se-sumaron-en-defensa-del-estatuto-del-periodista\/\",\"url\":\"https:\/\/elregionalvm.com.ar\/noticias-villa-maria\/mas-de-3-000-periodistas-se-sumaron-en-defensa-del-estatuto-del-periodista\/\",\"name\":\"M\u00e1s de 3.000 periodistas se sumaron en defensa del Estatuto del Periodista - El Regional\",\"isPartOf\":{\"@id\":\"http:\/\/elregionalvm.com.ar\/noticias-villa-maria\/#website\"},\"primaryImageOfPage\":{\"@id\":\"https:\/\/elregionalvm.com.ar\/noticias-villa-maria\/mas-de-3-000-periodistas-se-sumaron-en-defensa-del-estatuto-del-periodista\/#primaryimage\"},\"image\":{\"@id\":\"https:\/\/elregionalvm.com.ar\/noticias-villa-maria\/mas-de-3-000-periodistas-se-sumaron-en-defensa-del-estatuto-del-periodista\/#primaryimage\"},\"thumbnailUrl\":\"https:\/\/i0.wp.com\/elregionalvm.com.ar\/noticias-villa-maria\/wp-content\/uploads\/2026\/02\/Solicitada-1F-w-1536x768-1.jpeg?fit=1536%2C768&ssl=1\",\"datePublished\":\"2026-02-06T02:42:49+00:00\",\"dateModified\":\"2026-02-06T02:42:50+00:00\",\"author\":{\"@id\":\"http:\/\/elregionalvm.com.ar\/noticias-villa-maria\/#\/schema\/person\/a0fb9c422317faca23d50163151bc354\"},\"breadcrumb\":{\"@id\":\"https:\/\/elregionalvm.com.ar\/noticias-villa-maria\/mas-de-3-000-periodistas-se-sumaron-en-defensa-del-estatuto-del-periodista\/#breadcrumb\"},\"inLanguage\":\"es\",\"potentialAction\":[{\"@type\":\"ReadAction\",\"target\":[\"https:\/\/elregionalvm.com.ar\/noticias-villa-maria\/mas-de-3-000-periodistas-se-sumaron-en-defensa-del-estatuto-del-periodista\/\"]}]},{\"@type\":\"ImageObject\",\"inLanguage\":\"es\",\"@id\":\"https:\/\/elregionalvm.com.ar\/noticias-villa-maria\/mas-de-3-000-periodistas-se-sumaron-en-defensa-del-estatuto-del-periodista\/#primaryimage\",\"url\":\"https:\/\/i0.wp.com\/elregionalvm.com.ar\/noticias-villa-maria\/wp-content\/uploads\/2026\/02\/Solicitada-1F-w-1536x768-1.jpeg?fit=1536%2C768&ssl=1\",\"contentUrl\":\"https:\/\/i0.wp.com\/elregionalvm.com.ar\/noticias-villa-maria\/wp-content\/uploads\/2026\/02\/Solicitada-1F-w-1536x768-1.jpeg?fit=1536%2C768&ssl=1\",\"width\":1536,\"height\":768},{\"@type\":\"BreadcrumbList\",\"@id\":\"https:\/\/elregionalvm.com.ar\/noticias-villa-maria\/mas-de-3-000-periodistas-se-sumaron-en-defensa-del-estatuto-del-periodista\/#breadcrumb\",\"itemListElement\":[{\"@type\":\"ListItem\",\"position\":1,\"name\":\"Portada\",\"item\":\"https:\/\/elregionalvm.com.ar\/noticias-villa-maria\/\"},{\"@type\":\"ListItem\",\"position\":2,\"name\":\"M\u00e1s de 3.000 periodistas se sumaron en defensa del Estatuto del Periodista\"}]},{\"@type\":\"WebSite\",\"@id\":\"http:\/\/elregionalvm.com.ar\/noticias-villa-maria\/#website\",\"url\":\"http:\/\/elregionalvm.com.ar\/noticias-villa-maria\/\",\"name\":\"El Regional\",\"description\":\"Mucho m\u00e1s que informaci\u00f3n\",\"potentialAction\":[{\"@type\":\"SearchAction\",\"target\":{\"@type\":\"EntryPoint\",\"urlTemplate\":\"http:\/\/elregionalvm.com.ar\/noticias-villa-maria\/?s={search_term_string}\"},\"query-input\":{\"@type\":\"PropertyValueSpecification\",\"valueRequired\":true,\"valueName\":\"search_term_string\"}}],\"inLanguage\":\"es\"},{\"@type\":\"Person\",\"@id\":\"http:\/\/elregionalvm.com.ar\/noticias-villa-maria\/#\/schema\/person\/a0fb9c422317faca23d50163151bc354\",\"name\":\"Contenidos El Regional\",\"image\":{\"@type\":\"ImageObject\",\"inLanguage\":\"es\",\"@id\":\"http:\/\/elregionalvm.com.ar\/noticias-villa-maria\/#\/schema\/person\/image\/\",\"url\":\"https:\/\/secure.gravatar.com\/avatar\/265b27cb2209af7bb3a1318f03305787d7981a5cc6e6cd08fe5a4ecdf99d4b48?s=96&d=mm&r=g\",\"contentUrl\":\"https:\/\/secure.gravatar.com\/avatar\/265b27cb2209af7bb3a1318f03305787d7981a5cc6e6cd08fe5a4ecdf99d4b48?s=96&d=mm&r=g\",\"caption\":\"Contenidos El Regional\"},\"url\":\"https:\/\/elregionalvm.com.ar\/noticias-villa-maria\/author\/contenido\/\"}]}<\/script>\n<!-- \/ Yoast SEO plugin. -->","yoast_head_json":{"title":"M\u00e1s de 3.000 periodistas se sumaron en defensa del Estatuto del Periodista - El Regional","robots":{"index":"index","follow":"follow","max-snippet":"max-snippet:-1","max-image-preview":"max-image-preview:large","max-video-preview":"max-video-preview:-1"},"canonical":"https:\/\/elregionalvm.com.ar\/noticias-villa-maria\/mas-de-3-000-periodistas-se-sumaron-en-defensa-del-estatuto-del-periodista\/","og_locale":"es_ES","og_type":"article","og_title":"M\u00e1s de 3.000 periodistas se sumaron en defensa del Estatuto del Periodista - El Regional","og_description":"Estos d\u00edas, en medios de todo el pa\u00eds como El Litoral, elDiarioAr, Tiempo Argentino y El Destape, se public\u00f3 una solicitada que exige la eliminaci\u00f3n del art\u00edculo 193 de la \u00abLey de modernizaci\u00f3n laboral\u00bb, en donde se promueve la derogaci\u00f3n de nuestro Estatuto. Solicitada NO A LA DEROGACI\u00d3N DEL ESTATUTO DEL PERIODISTA PROFESIONAL Periodistas de [&hellip;]","og_url":"https:\/\/elregionalvm.com.ar\/noticias-villa-maria\/mas-de-3-000-periodistas-se-sumaron-en-defensa-del-estatuto-del-periodista\/","og_site_name":"El Regional","article_publisher":"https:\/\/www.facebook.com\/elregionalvm","article_published_time":"2026-02-06T02:42:49+00:00","article_modified_time":"2026-02-06T02:42:50+00:00","og_image":[{"width":1536,"height":768,"url":"https:\/\/elregionalvm.com.ar\/noticias-villa-maria\/wp-content\/uploads\/2026\/02\/Solicitada-1F-w-1536x768-1.jpeg","type":"image\/jpeg"}],"author":"Contenidos El Regional","twitter_card":"summary_large_image","twitter_creator":"@elregionalvm1","twitter_site":"@elregionalvm1","twitter_misc":{"Escrito por":"Contenidos El Regional","Tiempo de lectura":"2 minutos"},"schema":{"@context":"https:\/\/schema.org","@graph":[{"@type":"Article","@id":"https:\/\/elregionalvm.com.ar\/noticias-villa-maria\/mas-de-3-000-periodistas-se-sumaron-en-defensa-del-estatuto-del-periodista\/#article","isPartOf":{"@id":"https:\/\/elregionalvm.com.ar\/noticias-villa-maria\/mas-de-3-000-periodistas-se-sumaron-en-defensa-del-estatuto-del-periodista\/"},"author":{"name":"Contenidos El Regional","@id":"http:\/\/elregionalvm.com.ar\/noticias-villa-maria\/#\/schema\/person\/a0fb9c422317faca23d50163151bc354"},"headline":"M\u00e1s de 3.000 periodistas se sumaron en defensa del Estatuto del Periodista","datePublished":"2026-02-06T02:42:49+00:00","dateModified":"2026-02-06T02:42:50+00:00","mainEntityOfPage":{"@id":"https:\/\/elregionalvm.com.ar\/noticias-villa-maria\/mas-de-3-000-periodistas-se-sumaron-en-defensa-del-estatuto-del-periodista\/"},"wordCount":224,"commentCount":0,"image":{"@id":"https:\/\/elregionalvm.com.ar\/noticias-villa-maria\/mas-de-3-000-periodistas-se-sumaron-en-defensa-del-estatuto-del-periodista\/#primaryimage"},"thumbnailUrl":"https:\/\/i0.wp.com\/elregionalvm.com.ar\/noticias-villa-maria\/wp-content\/uploads\/2026\/02\/Solicitada-1F-w-1536x768-1.jpeg?fit=1536%2C768&ssl=1","articleSection":["destacado","Sociedad"],"inLanguage":"es","potentialAction":[{"@type":"CommentAction","name":"Comment","target":["https:\/\/elregionalvm.com.ar\/noticias-villa-maria\/mas-de-3-000-periodistas-se-sumaron-en-defensa-del-estatuto-del-periodista\/#respond"]}]},{"@type":"WebPage","@id":"https:\/\/elregionalvm.com.ar\/noticias-villa-maria\/mas-de-3-000-periodistas-se-sumaron-en-defensa-del-estatuto-del-periodista\/","url":"https:\/\/elregionalvm.com.ar\/noticias-villa-maria\/mas-de-3-000-periodistas-se-sumaron-en-defensa-del-estatuto-del-periodista\/","name":"M\u00e1s de 3.000 periodistas se sumaron en defensa del Estatuto del Periodista - El Regional","isPartOf":{"@id":"http:\/\/elregionalvm.com.ar\/noticias-villa-maria\/#website"},"primaryImageOfPage":{"@id":"https:\/\/elregionalvm.com.ar\/noticias-villa-maria\/mas-de-3-000-periodistas-se-sumaron-en-defensa-del-estatuto-del-periodista\/#primaryimage"},"image":{"@id":"https:\/\/elregionalvm.com.ar\/noticias-villa-maria\/mas-de-3-000-periodistas-se-sumaron-en-defensa-del-estatuto-del-periodista\/#primaryimage"},"thumbnailUrl":"https:\/\/i0.wp.com\/elregionalvm.com.ar\/noticias-villa-maria\/wp-content\/uploads\/2026\/02\/Solicitada-1F-w-1536x768-1.jpeg?fit=1536%2C768&ssl=1","datePublished":"2026-02-06T02:42:49+00:00","dateModified":"2026-02-06T02:42:50+00:00","author":{"@id":"http:\/\/elregionalvm.com.ar\/noticias-villa-maria\/#\/schema\/person\/a0fb9c422317faca23d50163151bc354"},"breadcrumb":{"@id":"https:\/\/elregionalvm.com.ar\/noticias-villa-maria\/mas-de-3-000-periodistas-se-sumaron-en-defensa-del-estatuto-del-periodista\/#breadcrumb"},"inLanguage":"es","potentialAction":[{"@type":"ReadAction","target":["https:\/\/elregionalvm.com.ar\/noticias-villa-maria\/mas-de-3-000-periodistas-se-sumaron-en-defensa-del-estatuto-del-periodista\/"]}]},{"@type":"ImageObject","inLanguage":"es","@id":"https:\/\/elregionalvm.com.ar\/noticias-villa-maria\/mas-de-3-000-periodistas-se-sumaron-en-defensa-del-estatuto-del-periodista\/#primaryimage","url":"https:\/\/i0.wp.com\/elregionalvm.com.ar\/noticias-villa-maria\/wp-content\/uploads\/2026\/02\/Solicitada-1F-w-1536x768-1.jpeg?fit=1536%2C768&ssl=1","contentUrl":"https:\/\/i0.wp.com\/elregionalvm.com.ar\/noticias-villa-maria\/wp-content\/uploads\/2026\/02\/Solicitada-1F-w-1536x768-1.jpeg?fit=1536%2C768&ssl=1","width":1536,"height":768},{"@type":"BreadcrumbList","@id":"https:\/\/elregionalvm.com.ar\/noticias-villa-maria\/mas-de-3-000-periodistas-se-sumaron-en-defensa-del-estatuto-del-periodista\/#breadcrumb","itemListElement":[{"@type":"ListItem","position":1,"name":"Portada","item":"https:\/\/elregionalvm.com.ar\/noticias-villa-maria\/"},{"@type":"ListItem","position":2,"name":"M\u00e1s de 3.000 periodistas se sumaron en defensa del Estatuto del Periodista"}]},{"@type":"WebSite","@id":"http:\/\/elregionalvm.com.ar\/noticias-villa-maria\/#website","url":"http:\/\/elregionalvm.com.ar\/noticias-villa-maria\/","name":"El Regional","description":"Mucho m\u00e1s que informaci\u00f3n","potentialAction":[{"@type":"SearchAction","target":{"@type":"EntryPoint","urlTemplate":"http:\/\/elregionalvm.com.ar\/noticias-villa-maria\/?s={search_term_string}"},"query-input":{"@type":"PropertyValueSpecification","valueRequired":true,"valueName":"search_term_string"}}],"inLanguage":"es"},{"@type":"Person","@id":"http:\/\/elregionalvm.com.ar\/noticias-villa-maria\/#\/schema\/person\/a0fb9c422317faca23d50163151bc354","name":"Contenidos El Regional","image":{"@type":"ImageObject","inLanguage":"es","@id":"http:\/\/elregionalvm.com.ar\/noticias-villa-maria\/#\/schema\/person\/image\/","url":"https:\/\/secure.gravatar.com\/avatar\/265b27cb2209af7bb3a1318f03305787d7981a5cc6e6cd08fe5a4ecdf99d4b48?s=96&d=mm&r=g","contentUrl":"https:\/\/secure.gravatar.com\/avatar\/265b27cb2209af7bb3a1318f03305787d7981a5cc6e6cd08fe5a4ecdf99d4b48?s=96&d=mm&r=g","caption":"Contenidos El Regional"},"url":"https:\/\/elregionalvm.com.ar\/noticias-villa-maria\/author\/contenido\/"}]}},"jetpack_featured_media_url":"https:\/\/i0.wp.com\/elregionalvm.com.ar\/noticias-villa-maria\/wp-content\/uploads\/2026\/02\/Solicitada-1F-w-1536x768-1.jpeg?fit=1536%2C768&ssl=1","jetpack_sharing_enabled":true,"_links":{"self":[{"href":"https:\/\/elregionalvm.com.ar\/noticias-villa-maria\/wp-json\/wp\/v2\/posts\/113882","targetHints":{"allow":["GET"]}}],"collection":[{"href":"https:\/\/elregionalvm.com.ar\/noticias-villa-maria\/wp-json\/wp\/v2\/posts"}],"about":[{"href":"https:\/\/elregionalvm.com.ar\/noticias-villa-maria\/wp-json\/wp\/v2\/types\/post"}],"author":[{"embeddable":true,"href":"https:\/\/elregionalvm.com.ar\/noticias-villa-maria\/wp-json\/wp\/v2\/users\/4"}],"replies":[{"embeddable":true,"href":"https:\/\/elregionalvm.com.ar\/noticias-villa-maria\/wp-json\/wp\/v2\/comments?post=113882"}],"version-history":[{"count":1,"href":"https:\/\/elregionalvm.com.ar\/noticias-villa-maria\/wp-json\/wp\/v2\/posts\/113882\/revisions"}],"predecessor-version":[{"id":113884,"href":"https:\/\/elregionalvm.com.ar\/noticias-villa-maria\/wp-json\/wp\/v2\/posts\/113882\/revisions\/113884"}],"wp:featuredmedia":[{"embeddable":true,"href":"https:\/\/elregionalvm.com.ar\/noticias-villa-maria\/wp-json\/wp\/v2\/media\/113883"}],"wp:attachment":[{"href":"https:\/\/elregionalvm.com.ar\/noticias-villa-maria\/wp-json\/wp\/v2\/media?parent=113882"}],"wp:term":[{"taxonomy":"category","embeddable":true,"href":"https:\/\/elregionalvm.com.ar\/noticias-villa-maria\/wp-json\/wp\/v2\/categories?post=113882"},{"taxonomy":"post_tag","embeddable":true,"href":"https:\/\/elregionalvm.com.ar\/noticias-villa-maria\/wp-json\/wp\/v2\/tags?post=113882"}],"curies":[{"name":"wp","href":"https:\/\/api.w.org\/{rel}","templated":true}]}}