{"id":113888,"date":"2026-02-06T03:05:46","date_gmt":"2026-02-06T03:05:46","guid":{"rendered":"https:\/\/elregionalvm.com.ar\/noticias-villa-maria\/?p=113888"},"modified":"2026-02-06T03:05:48","modified_gmt":"2026-02-06T03:05:48","slug":"la-feria-franca-este-sabado-contara-con-musica-en-vivo-y-produccion-local-en-plaza-independencia","status":"publish","type":"post","link":"https:\/\/elregionalvm.com.ar\/noticias-villa-maria\/la-feria-franca-este-sabado-contara-con-musica-en-vivo-y-produccion-local-en-plaza-independencia\/","title":{"rendered":"La Feria Franca este s\u00e1bado contar\u00e1 con m\u00fasica en vivo y producci\u00f3n local en Plaza Independencia"},"content":{"rendered":"\n<p>\u00a0El pr\u00f3ximo s\u00e1bado 7 de febrero, de 9:30 a 13:30 horas, se llevar\u00e1 adelante una nueva edici\u00f3n de la Feria Franca en Plaza Independencia, frente al Palacio Municipal, con la incorporaci\u00f3n de m\u00fasica en vivo como parte de la propuesta cultural.<\/p>\n\n\n\n<p>La iniciativa busca fortalecer el v\u00ednculo directo entre productores y vecinos, promoviendo el consumo de alimentos saludables, el valor del trabajo local y el acceso a productos de calidad a precios justos, en un espacio pensado para el encuentro comunitario.<\/p>\n\n\n\n<p>En caso de lluvia, la actividad se trasladar\u00e1 a la cochera de la Municipalidad, con ingreso por calle Sobral, garantizando el normal desarrollo de la feria.<\/p>\n\n\n\n<p>Cabe recordar que la Feria Franca es impulsada de manera articulada por el Municipio, el Instituto Municipal de las Artes (IMA) con el programa M\u00fasica en la Feria, el Instituto Nacional de Tecnolog\u00eda Agropecuaria (INTA) y el Mercado de Abasto, consolid\u00e1ndose como un espacio que integra producci\u00f3n, cultura y participaci\u00f3n ciudadana.<\/p>\n","protected":false},"excerpt":{"rendered":"<p>\u00a0El pr\u00f3ximo s\u00e1bado 7 de febrero, de 9:30 a 13:30 horas, se llevar\u00e1 adelante una nueva edici\u00f3n de la Feria Franca en Plaza Independencia, frente al Palacio Municipal, con la incorporaci\u00f3n de m\u00fasica en vivo como parte de la propuesta cultural. La iniciativa busca fortalecer el v\u00ednculo directo entre productores y vecinos, promoviendo el consumo [&hellip;]<\/p>\n","protected":false},"author":4,"featured_media":113889,"comment_status":"open","ping_status":"open","sticky":false,"template":"","format":"standard","meta":{"site-sidebar-layout":"default","site-content-layout":"","ast-site-content-layout":"default","site-content-style":"default","site-sidebar-style":"default","ast-global-header-display":"","ast-banner-title-visibility":"","ast-main-header-display":"","ast-hfb-above-header-display":"","ast-hfb-below-header-display":"","ast-hfb-mobile-header-display":"","site-post-title":"","ast-breadcrumbs-content":"","ast-featured-img":"","footer-sml-layout":"","ast-disable-related-posts":"","theme-transparent-header-meta":"","adv-header-id-meta":"","stick-header-meta":"","header-above-stick-meta":"","header-main-stick-meta":"","header-below-stick-meta":"","astra-migrate-meta-layouts":"set","ast-page-background-enabled":"default","ast-page-background-meta":{"desktop":{"background-color":"","background-image":"","background-repeat":"repeat","background-position":"center center","background-size":"auto","background-attachment":"scroll","background-type":"","background-media":"","overlay-type":"","overlay-color":"","overlay-opacity":"","overlay-gradient":""},"tablet":{"background-color":"","background-image":"","background-repeat":"repeat","background-position":"center center","background-size":"auto","background-attachment":"scroll","background-type":"","background-media":"","overlay-type":"","overlay-color":"","overlay-opacity":"","overlay-gradient":""},"mobile":{"background-color":"","background-image":"","background-repeat":"repeat","background-position":"center center","background-size":"auto","background-attachment":"scroll","background-type":"","background-media":"","overlay-type":"","overlay-color":"","overlay-opacity":"","overlay-gradient":""}},"ast-content-background-meta":{"desktop":{"background-color":"var(--ast-global-color-5)","background-image":"","background-repeat":"repeat","background-position":"center center","background-size":"auto","background-attachment":"scroll","background-type":"","background-media":"","overlay-type":"","overlay-color":"","overlay-opacity":"","overlay-gradient":""},"tablet":{"background-color":"var(--ast-global-color-5)","background-image":"","background-repeat":"repeat","background-position":"center center","background-size":"auto","background-attachment":"scroll","background-type":"","background-media":"","overlay-type":"","overlay-color":"","overlay-opacity":"","overlay-gradient":""},"mobile":{"background-color":"var(--ast-global-color-5)","background-image":"","background-repeat":"repeat","background-position":"center center","background-size":"auto","background-attachment":"scroll","background-type":"","background-media":"","overlay-type":"","overlay-color":"","overlay-opacity":"","overlay-gradient":""}},"_jetpack_memberships_contains_paid_content":false,"_joinchat":[],"footnotes":""},"categories":[15302,5,2],"tags":[],"class_list":["post-113888","post","type-post","status-publish","format-standard","has-post-thumbnail","hentry","category-destacado","category-sociedad","category-villa-maria"],"yoast_head":"<!-- This site is optimized with the Yoast SEO plugin v26.8 - https:\/\/yoast.com\/product\/yoast-seo-wordpress\/ -->\n<title>La Feria Franca este s\u00e1bado contar\u00e1 con m\u00fasica en vivo y producci\u00f3n local en Plaza Independencia - El Regional<\/title>\n<meta name=\"robots\" content=\"index, follow, max-snippet:-1, max-image-preview:large, max-video-preview:-1\" \/>\n<link rel=\"canonical\" href=\"https:\/\/elregionalvm.com.ar\/noticias-villa-maria\/la-feria-franca-este-sabado-contara-con-musica-en-vivo-y-produccion-local-en-plaza-independencia\/\" \/>\n<meta property=\"og:locale\" content=\"es_ES\" \/>\n<meta property=\"og:type\" content=\"article\" \/>\n<meta property=\"og:title\" content=\"La Feria Franca este s\u00e1bado contar\u00e1 con m\u00fasica en vivo y producci\u00f3n local en Plaza Independencia - El Regional\" \/>\n<meta property=\"og:description\" content=\"\u00a0El pr\u00f3ximo s\u00e1bado 7 de febrero, de 9:30 a 13:30 horas, se llevar\u00e1 adelante una nueva edici\u00f3n de la Feria Franca en Plaza Independencia, frente al Palacio Municipal, con la incorporaci\u00f3n de m\u00fasica en vivo como parte de la propuesta cultural. La iniciativa busca fortalecer el v\u00ednculo directo entre productores y vecinos, promoviendo el consumo [&hellip;]\" \/>\n<meta property=\"og:url\" content=\"https:\/\/elregionalvm.com.ar\/noticias-villa-maria\/la-feria-franca-este-sabado-contara-con-musica-en-vivo-y-produccion-local-en-plaza-independencia\/\" \/>\n<meta property=\"og:site_name\" content=\"El Regional\" \/>\n<meta property=\"article:publisher\" content=\"https:\/\/www.facebook.com\/elregionalvm\" \/>\n<meta property=\"article:published_time\" content=\"2026-02-06T03:05:46+00:00\" \/>\n<meta property=\"article:modified_time\" content=\"2026-02-06T03:05:48+00:00\" \/>\n<meta property=\"og:image\" content=\"https:\/\/elregionalvm.com.ar\/noticias-villa-maria\/wp-content\/uploads\/2026\/02\/aa357e306c9c407fba5afec0b9778550.jpeg\" \/>\n\t<meta property=\"og:image:width\" content=\"800\" \/>\n\t<meta property=\"og:image:height\" content=\"600\" \/>\n\t<meta property=\"og:image:type\" content=\"image\/jpeg\" \/>\n<meta name=\"author\" content=\"Contenidos El Regional\" \/>\n<meta name=\"twitter:card\" content=\"summary_large_image\" \/>\n<meta name=\"twitter:creator\" content=\"@elregionalvm1\" \/>\n<meta name=\"twitter:site\" content=\"@elregionalvm1\" \/>\n<meta name=\"twitter:label1\" content=\"Escrito por\" \/>\n\t<meta name=\"twitter:data1\" content=\"Contenidos El Regional\" \/>\n\t<meta name=\"twitter:label2\" content=\"Tiempo de lectura\" \/>\n\t<meta name=\"twitter:data2\" content=\"1 minuto\" \/>\n<script type=\"application\/ld+json\" class=\"yoast-schema-graph\">{\"@context\":\"https:\/\/schema.org\",\"@graph\":[{\"@type\":\"Article\",\"@id\":\"https:\/\/elregionalvm.com.ar\/noticias-villa-maria\/la-feria-franca-este-sabado-contara-con-musica-en-vivo-y-produccion-local-en-plaza-independencia\/#article\",\"isPartOf\":{\"@id\":\"https:\/\/elregionalvm.com.ar\/noticias-villa-maria\/la-feria-franca-este-sabado-contara-con-musica-en-vivo-y-produccion-local-en-plaza-independencia\/\"},\"author\":{\"name\":\"Contenidos El Regional\",\"@id\":\"http:\/\/elregionalvm.com.ar\/noticias-villa-maria\/#\/schema\/person\/a0fb9c422317faca23d50163151bc354\"},\"headline\":\"La Feria Franca este s\u00e1bado contar\u00e1 con m\u00fasica en vivo y producci\u00f3n local en Plaza Independencia\",\"datePublished\":\"2026-02-06T03:05:46+00:00\",\"dateModified\":\"2026-02-06T03:05:48+00:00\",\"mainEntityOfPage\":{\"@id\":\"https:\/\/elregionalvm.com.ar\/noticias-villa-maria\/la-feria-franca-este-sabado-contara-con-musica-en-vivo-y-produccion-local-en-plaza-independencia\/\"},\"wordCount\":185,\"commentCount\":0,\"image\":{\"@id\":\"https:\/\/elregionalvm.com.ar\/noticias-villa-maria\/la-feria-franca-este-sabado-contara-con-musica-en-vivo-y-produccion-local-en-plaza-independencia\/#primaryimage\"},\"thumbnailUrl\":\"https:\/\/i0.wp.com\/elregionalvm.com.ar\/noticias-villa-maria\/wp-content\/uploads\/2026\/02\/aa357e306c9c407fba5afec0b9778550.jpeg?fit=800%2C600&ssl=1\",\"articleSection\":[\"destacado\",\"Sociedad\",\"Villa Mar\u00eda\"],\"inLanguage\":\"es\",\"potentialAction\":[{\"@type\":\"CommentAction\",\"name\":\"Comment\",\"target\":[\"https:\/\/elregionalvm.com.ar\/noticias-villa-maria\/la-feria-franca-este-sabado-contara-con-musica-en-vivo-y-produccion-local-en-plaza-independencia\/#respond\"]}]},{\"@type\":\"WebPage\",\"@id\":\"https:\/\/elregionalvm.com.ar\/noticias-villa-maria\/la-feria-franca-este-sabado-contara-con-musica-en-vivo-y-produccion-local-en-plaza-independencia\/\",\"url\":\"https:\/\/elregionalvm.com.ar\/noticias-villa-maria\/la-feria-franca-este-sabado-contara-con-musica-en-vivo-y-produccion-local-en-plaza-independencia\/\",\"name\":\"La Feria Franca este s\u00e1bado contar\u00e1 con m\u00fasica en vivo y producci\u00f3n local en Plaza Independencia - El Regional\",\"isPartOf\":{\"@id\":\"http:\/\/elregionalvm.com.ar\/noticias-villa-maria\/#website\"},\"primaryImageOfPage\":{\"@id\":\"https:\/\/elregionalvm.com.ar\/noticias-villa-maria\/la-feria-franca-este-sabado-contara-con-musica-en-vivo-y-produccion-local-en-plaza-independencia\/#primaryimage\"},\"image\":{\"@id\":\"https:\/\/elregionalvm.com.ar\/noticias-villa-maria\/la-feria-franca-este-sabado-contara-con-musica-en-vivo-y-produccion-local-en-plaza-independencia\/#primaryimage\"},\"thumbnailUrl\":\"https:\/\/i0.wp.com\/elregionalvm.com.ar\/noticias-villa-maria\/wp-content\/uploads\/2026\/02\/aa357e306c9c407fba5afec0b9778550.jpeg?fit=800%2C600&ssl=1\",\"datePublished\":\"2026-02-06T03:05:46+00:00\",\"dateModified\":\"2026-02-06T03:05:48+00:00\",\"author\":{\"@id\":\"http:\/\/elregionalvm.com.ar\/noticias-villa-maria\/#\/schema\/person\/a0fb9c422317faca23d50163151bc354\"},\"breadcrumb\":{\"@id\":\"https:\/\/elregionalvm.com.ar\/noticias-villa-maria\/la-feria-franca-este-sabado-contara-con-musica-en-vivo-y-produccion-local-en-plaza-independencia\/#breadcrumb\"},\"inLanguage\":\"es\",\"potentialAction\":[{\"@type\":\"ReadAction\",\"target\":[\"https:\/\/elregionalvm.com.ar\/noticias-villa-maria\/la-feria-franca-este-sabado-contara-con-musica-en-vivo-y-produccion-local-en-plaza-independencia\/\"]}]},{\"@type\":\"ImageObject\",\"inLanguage\":\"es\",\"@id\":\"https:\/\/elregionalvm.com.ar\/noticias-villa-maria\/la-feria-franca-este-sabado-contara-con-musica-en-vivo-y-produccion-local-en-plaza-independencia\/#primaryimage\",\"url\":\"https:\/\/i0.wp.com\/elregionalvm.com.ar\/noticias-villa-maria\/wp-content\/uploads\/2026\/02\/aa357e306c9c407fba5afec0b9778550.jpeg?fit=800%2C600&ssl=1\",\"contentUrl\":\"https:\/\/i0.wp.com\/elregionalvm.com.ar\/noticias-villa-maria\/wp-content\/uploads\/2026\/02\/aa357e306c9c407fba5afec0b9778550.jpeg?fit=800%2C600&ssl=1\",\"width\":800,\"height\":600},{\"@type\":\"BreadcrumbList\",\"@id\":\"https:\/\/elregionalvm.com.ar\/noticias-villa-maria\/la-feria-franca-este-sabado-contara-con-musica-en-vivo-y-produccion-local-en-plaza-independencia\/#breadcrumb\",\"itemListElement\":[{\"@type\":\"ListItem\",\"position\":1,\"name\":\"Portada\",\"item\":\"https:\/\/elregionalvm.com.ar\/noticias-villa-maria\/\"},{\"@type\":\"ListItem\",\"position\":2,\"name\":\"La Feria Franca este s\u00e1bado contar\u00e1 con m\u00fasica en vivo y producci\u00f3n local en Plaza Independencia\"}]},{\"@type\":\"WebSite\",\"@id\":\"http:\/\/elregionalvm.com.ar\/noticias-villa-maria\/#website\",\"url\":\"http:\/\/elregionalvm.com.ar\/noticias-villa-maria\/\",\"name\":\"El Regional\",\"description\":\"Mucho m\u00e1s que informaci\u00f3n\",\"potentialAction\":[{\"@type\":\"SearchAction\",\"target\":{\"@type\":\"EntryPoint\",\"urlTemplate\":\"http:\/\/elregionalvm.com.ar\/noticias-villa-maria\/?s={search_term_string}\"},\"query-input\":{\"@type\":\"PropertyValueSpecification\",\"valueRequired\":true,\"valueName\":\"search_term_string\"}}],\"inLanguage\":\"es\"},{\"@type\":\"Person\",\"@id\":\"http:\/\/elregionalvm.com.ar\/noticias-villa-maria\/#\/schema\/person\/a0fb9c422317faca23d50163151bc354\",\"name\":\"Contenidos El Regional\",\"image\":{\"@type\":\"ImageObject\",\"inLanguage\":\"es\",\"@id\":\"http:\/\/elregionalvm.com.ar\/noticias-villa-maria\/#\/schema\/person\/image\/\",\"url\":\"https:\/\/secure.gravatar.com\/avatar\/265b27cb2209af7bb3a1318f03305787d7981a5cc6e6cd08fe5a4ecdf99d4b48?s=96&d=mm&r=g\",\"contentUrl\":\"https:\/\/secure.gravatar.com\/avatar\/265b27cb2209af7bb3a1318f03305787d7981a5cc6e6cd08fe5a4ecdf99d4b48?s=96&d=mm&r=g\",\"caption\":\"Contenidos El Regional\"},\"url\":\"https:\/\/elregionalvm.com.ar\/noticias-villa-maria\/author\/contenido\/\"}]}<\/script>\n<!-- \/ Yoast SEO plugin. -->","yoast_head_json":{"title":"La Feria Franca este s\u00e1bado contar\u00e1 con m\u00fasica en vivo y producci\u00f3n local en Plaza Independencia - El Regional","robots":{"index":"index","follow":"follow","max-snippet":"max-snippet:-1","max-image-preview":"max-image-preview:large","max-video-preview":"max-video-preview:-1"},"canonical":"https:\/\/elregionalvm.com.ar\/noticias-villa-maria\/la-feria-franca-este-sabado-contara-con-musica-en-vivo-y-produccion-local-en-plaza-independencia\/","og_locale":"es_ES","og_type":"article","og_title":"La Feria Franca este s\u00e1bado contar\u00e1 con m\u00fasica en vivo y producci\u00f3n local en Plaza Independencia - El Regional","og_description":"\u00a0El pr\u00f3ximo s\u00e1bado 7 de febrero, de 9:30 a 13:30 horas, se llevar\u00e1 adelante una nueva edici\u00f3n de la Feria Franca en Plaza Independencia, frente al Palacio Municipal, con la incorporaci\u00f3n de m\u00fasica en vivo como parte de la propuesta cultural. La iniciativa busca fortalecer el v\u00ednculo directo entre productores y vecinos, promoviendo el consumo [&hellip;]","og_url":"https:\/\/elregionalvm.com.ar\/noticias-villa-maria\/la-feria-franca-este-sabado-contara-con-musica-en-vivo-y-produccion-local-en-plaza-independencia\/","og_site_name":"El Regional","article_publisher":"https:\/\/www.facebook.com\/elregionalvm","article_published_time":"2026-02-06T03:05:46+00:00","article_modified_time":"2026-02-06T03:05:48+00:00","og_image":[{"width":800,"height":600,"url":"https:\/\/elregionalvm.com.ar\/noticias-villa-maria\/wp-content\/uploads\/2026\/02\/aa357e306c9c407fba5afec0b9778550.jpeg","type":"image\/jpeg"}],"author":"Contenidos El Regional","twitter_card":"summary_large_image","twitter_creator":"@elregionalvm1","twitter_site":"@elregionalvm1","twitter_misc":{"Escrito por":"Contenidos El Regional","Tiempo de lectura":"1 minuto"},"schema":{"@context":"https:\/\/schema.org","@graph":[{"@type":"Article","@id":"https:\/\/elregionalvm.com.ar\/noticias-villa-maria\/la-feria-franca-este-sabado-contara-con-musica-en-vivo-y-produccion-local-en-plaza-independencia\/#article","isPartOf":{"@id":"https:\/\/elregionalvm.com.ar\/noticias-villa-maria\/la-feria-franca-este-sabado-contara-con-musica-en-vivo-y-produccion-local-en-plaza-independencia\/"},"author":{"name":"Contenidos El Regional","@id":"http:\/\/elregionalvm.com.ar\/noticias-villa-maria\/#\/schema\/person\/a0fb9c422317faca23d50163151bc354"},"headline":"La Feria Franca este s\u00e1bado contar\u00e1 con m\u00fasica en vivo y producci\u00f3n local en Plaza Independencia","datePublished":"2026-02-06T03:05:46+00:00","dateModified":"2026-02-06T03:05:48+00:00","mainEntityOfPage":{"@id":"https:\/\/elregionalvm.com.ar\/noticias-villa-maria\/la-feria-franca-este-sabado-contara-con-musica-en-vivo-y-produccion-local-en-plaza-independencia\/"},"wordCount":185,"commentCount":0,"image":{"@id":"https:\/\/elregionalvm.com.ar\/noticias-villa-maria\/la-feria-franca-este-sabado-contara-con-musica-en-vivo-y-produccion-local-en-plaza-independencia\/#primaryimage"},"thumbnailUrl":"https:\/\/i0.wp.com\/elregionalvm.com.ar\/noticias-villa-maria\/wp-content\/uploads\/2026\/02\/aa357e306c9c407fba5afec0b9778550.jpeg?fit=800%2C600&ssl=1","articleSection":["destacado","Sociedad","Villa Mar\u00eda"],"inLanguage":"es","potentialAction":[{"@type":"CommentAction","name":"Comment","target":["https:\/\/elregionalvm.com.ar\/noticias-villa-maria\/la-feria-franca-este-sabado-contara-con-musica-en-vivo-y-produccion-local-en-plaza-independencia\/#respond"]}]},{"@type":"WebPage","@id":"https:\/\/elregionalvm.com.ar\/noticias-villa-maria\/la-feria-franca-este-sabado-contara-con-musica-en-vivo-y-produccion-local-en-plaza-independencia\/","url":"https:\/\/elregionalvm.com.ar\/noticias-villa-maria\/la-feria-franca-este-sabado-contara-con-musica-en-vivo-y-produccion-local-en-plaza-independencia\/","name":"La Feria Franca este s\u00e1bado contar\u00e1 con m\u00fasica en vivo y producci\u00f3n local en Plaza Independencia - El Regional","isPartOf":{"@id":"http:\/\/elregionalvm.com.ar\/noticias-villa-maria\/#website"},"primaryImageOfPage":{"@id":"https:\/\/elregionalvm.com.ar\/noticias-villa-maria\/la-feria-franca-este-sabado-contara-con-musica-en-vivo-y-produccion-local-en-plaza-independencia\/#primaryimage"},"image":{"@id":"https:\/\/elregionalvm.com.ar\/noticias-villa-maria\/la-feria-franca-este-sabado-contara-con-musica-en-vivo-y-produccion-local-en-plaza-independencia\/#primaryimage"},"thumbnailUrl":"https:\/\/i0.wp.com\/elregionalvm.com.ar\/noticias-villa-maria\/wp-content\/uploads\/2026\/02\/aa357e306c9c407fba5afec0b9778550.jpeg?fit=800%2C600&ssl=1","datePublished":"2026-02-06T03:05:46+00:00","dateModified":"2026-02-06T03:05:48+00:00","author":{"@id":"http:\/\/elregionalvm.com.ar\/noticias-villa-maria\/#\/schema\/person\/a0fb9c422317faca23d50163151bc354"},"breadcrumb":{"@id":"https:\/\/elregionalvm.com.ar\/noticias-villa-maria\/la-feria-franca-este-sabado-contara-con-musica-en-vivo-y-produccion-local-en-plaza-independencia\/#breadcrumb"},"inLanguage":"es","potentialAction":[{"@type":"ReadAction","target":["https:\/\/elregionalvm.com.ar\/noticias-villa-maria\/la-feria-franca-este-sabado-contara-con-musica-en-vivo-y-produccion-local-en-plaza-independencia\/"]}]},{"@type":"ImageObject","inLanguage":"es","@id":"https:\/\/elregionalvm.com.ar\/noticias-villa-maria\/la-feria-franca-este-sabado-contara-con-musica-en-vivo-y-produccion-local-en-plaza-independencia\/#primaryimage","url":"https:\/\/i0.wp.com\/elregionalvm.com.ar\/noticias-villa-maria\/wp-content\/uploads\/2026\/02\/aa357e306c9c407fba5afec0b9778550.jpeg?fit=800%2C600&ssl=1","contentUrl":"https:\/\/i0.wp.com\/elregionalvm.com.ar\/noticias-villa-maria\/wp-content\/uploads\/2026\/02\/aa357e306c9c407fba5afec0b9778550.jpeg?fit=800%2C600&ssl=1","width":800,"height":600},{"@type":"BreadcrumbList","@id":"https:\/\/elregionalvm.com.ar\/noticias-villa-maria\/la-feria-franca-este-sabado-contara-con-musica-en-vivo-y-produccion-local-en-plaza-independencia\/#breadcrumb","itemListElement":[{"@type":"ListItem","position":1,"name":"Portada","item":"https:\/\/elregionalvm.com.ar\/noticias-villa-maria\/"},{"@type":"ListItem","position":2,"name":"La Feria Franca este s\u00e1bado contar\u00e1 con m\u00fasica en vivo y producci\u00f3n local en Plaza Independencia"}]},{"@type":"WebSite","@id":"http:\/\/elregionalvm.com.ar\/noticias-villa-maria\/#website","url":"http:\/\/elregionalvm.com.ar\/noticias-villa-maria\/","name":"El Regional","description":"Mucho m\u00e1s que informaci\u00f3n","potentialAction":[{"@type":"SearchAction","target":{"@type":"EntryPoint","urlTemplate":"http:\/\/elregionalvm.com.ar\/noticias-villa-maria\/?s={search_term_string}"},"query-input":{"@type":"PropertyValueSpecification","valueRequired":true,"valueName":"search_term_string"}}],"inLanguage":"es"},{"@type":"Person","@id":"http:\/\/elregionalvm.com.ar\/noticias-villa-maria\/#\/schema\/person\/a0fb9c422317faca23d50163151bc354","name":"Contenidos El Regional","image":{"@type":"ImageObject","inLanguage":"es","@id":"http:\/\/elregionalvm.com.ar\/noticias-villa-maria\/#\/schema\/person\/image\/","url":"https:\/\/secure.gravatar.com\/avatar\/265b27cb2209af7bb3a1318f03305787d7981a5cc6e6cd08fe5a4ecdf99d4b48?s=96&d=mm&r=g","contentUrl":"https:\/\/secure.gravatar.com\/avatar\/265b27cb2209af7bb3a1318f03305787d7981a5cc6e6cd08fe5a4ecdf99d4b48?s=96&d=mm&r=g","caption":"Contenidos El Regional"},"url":"https:\/\/elregionalvm.com.ar\/noticias-villa-maria\/author\/contenido\/"}]}},"jetpack_featured_media_url":"https:\/\/i0.wp.com\/elregionalvm.com.ar\/noticias-villa-maria\/wp-content\/uploads\/2026\/02\/aa357e306c9c407fba5afec0b9778550.jpeg?fit=800%2C600&ssl=1","jetpack_sharing_enabled":true,"_links":{"self":[{"href":"https:\/\/elregionalvm.com.ar\/noticias-villa-maria\/wp-json\/wp\/v2\/posts\/113888","targetHints":{"allow":["GET"]}}],"collection":[{"href":"https:\/\/elregionalvm.com.ar\/noticias-villa-maria\/wp-json\/wp\/v2\/posts"}],"about":[{"href":"https:\/\/elregionalvm.com.ar\/noticias-villa-maria\/wp-json\/wp\/v2\/types\/post"}],"author":[{"embeddable":true,"href":"https:\/\/elregionalvm.com.ar\/noticias-villa-maria\/wp-json\/wp\/v2\/users\/4"}],"replies":[{"embeddable":true,"href":"https:\/\/elregionalvm.com.ar\/noticias-villa-maria\/wp-json\/wp\/v2\/comments?post=113888"}],"version-history":[{"count":1,"href":"https:\/\/elregionalvm.com.ar\/noticias-villa-maria\/wp-json\/wp\/v2\/posts\/113888\/revisions"}],"predecessor-version":[{"id":113890,"href":"https:\/\/elregionalvm.com.ar\/noticias-villa-maria\/wp-json\/wp\/v2\/posts\/113888\/revisions\/113890"}],"wp:featuredmedia":[{"embeddable":true,"href":"https:\/\/elregionalvm.com.ar\/noticias-villa-maria\/wp-json\/wp\/v2\/media\/113889"}],"wp:attachment":[{"href":"https:\/\/elregionalvm.com.ar\/noticias-villa-maria\/wp-json\/wp\/v2\/media?parent=113888"}],"wp:term":[{"taxonomy":"category","embeddable":true,"href":"https:\/\/elregionalvm.com.ar\/noticias-villa-maria\/wp-json\/wp\/v2\/categories?post=113888"},{"taxonomy":"post_tag","embeddable":true,"href":"https:\/\/elregionalvm.com.ar\/noticias-villa-maria\/wp-json\/wp\/v2\/tags?post=113888"}],"curies":[{"name":"wp","href":"https:\/\/api.w.org\/{rel}","templated":true}]}}