{"id":113891,"date":"2026-02-06T03:10:56","date_gmt":"2026-02-06T03:10:56","guid":{"rendered":"https:\/\/elregionalvm.com.ar\/noticias-villa-maria\/?p=113891"},"modified":"2026-02-06T03:10:58","modified_gmt":"2026-02-06T03:10:58","slug":"la-unvm-brindara-un-posgrado-a-distancia-sobre-salud-mental","status":"publish","type":"post","link":"https:\/\/elregionalvm.com.ar\/noticias-villa-maria\/la-unvm-brindara-un-posgrado-a-distancia-sobre-salud-mental\/","title":{"rendered":"La UNVM brindar\u00e1 un posgrado a distancia sobre salud mental"},"content":{"rendered":"\n<p>El&nbsp;<strong>Instituto Acad\u00e9mico Pedag\u00f3gico de Ciencias Humanas<\/strong>&nbsp;de la Universidad Nacional de Villa Mar\u00eda (UNVM) anunci\u00f3 la&nbsp;<strong>Especializaci\u00f3n en Estrategias de Intervenci\u00f3n en el Campo de la Salud Mental<\/strong>, una propuesta de posgrado que se dictar\u00e1 en modalidad a distancia y que aborda problem\u00e1ticas actuales desde una perspectiva interdisciplinaria e integral.&nbsp;<strong>Inicia en 2026<\/strong><\/p>\n\n\n\n<p>Se trata de la primera formaci\u00f3n de la casa de altos estudios espec\u00edficamente orientada a este campo, y surge como respuesta a los desaf\u00edos que plantean las sociedades contempor\u00e1neas en materia de salud mental, con especial \u00e9nfasis en la construcci\u00f3n de herramientas conceptuales y metodol\u00f3gicas para la intervenci\u00f3n profesional en diversos contextos institucionales y comunitarios.<\/p>\n\n\n\n<p>Luego del desarrollo de una primera cohorte de manera presencial, esta especializaci\u00f3n comenzar\u00e1 a dictarse en modalidad a distancia.<\/p>\n\n\n\n<p>La vicerrectora de la UNVM y directora de la Especializaci\u00f3n,&nbsp;<strong>Elizabeth Theiler<\/strong>, se\u00f1al\u00f3 que el posgrado propone una mirada amplia sobre los sujetos y los escenarios de intervenci\u00f3n, atendiendo a la complejidad de los procesos de salud, enfermedad y cuidado. En ese sentido, destac\u00f3 que la propuesta formativa pone el acento en el dise\u00f1o, desarrollo y evaluaci\u00f3n de dispositivos de intervenci\u00f3n, as\u00ed como en la elaboraci\u00f3n de estrategias situadas que permitan dar respuestas efectivas a problem\u00e1ticas emergentes en distintos territorios.<\/p>\n\n\n\n<p>El equipo docente est\u00e1 integrado por profesionales con destacada trayectoria acad\u00e9mica en el pa\u00eds y la regi\u00f3n, y la propuesta se orienta a comprender y abordar las nuevas problem\u00e1ticas que atraviesan a ni\u00f1eces, juventudes y personas mayores, sectores que hoy presentan demandas crecientes tanto en el \u00e1mbito p\u00fablico como privado. \u201cLas transformaciones sociales exigen profesionales capaces de intervenir de manera cr\u00edtica, creativa y articulada con otros saberes, y esta Especializaci\u00f3n busca formar perfiles preparados para ese desaf\u00edo\u201d, afirm\u00f3 Theiler.<\/p>\n\n\n\n<p>La Especializaci\u00f3n convoca a profesionales de m\u00faltiples disciplinas \u2014psicolog\u00eda, medicina, trabajo social, enfermer\u00eda, terapia ocupacional, psicopedagog\u00eda, abogac\u00eda, entre otras\u2014 interesados en fortalecer sus pr\u00e1cticas de intervenci\u00f3n, ampliar sus marcos de an\u00e1lisis y desarrollar dispositivos innovadores que dialoguen con las realidades institucionales, comunitarias y territoriales en las que se desempe\u00f1an.<\/p>\n\n\n\n<p><strong>Inicio:<\/strong>&nbsp;2026<br><strong>Modalidad:<\/strong>&nbsp;A distancia<\/p>\n\n\n\n<p><strong>Directora:<\/strong><br>Dra. Elizabeth Theiler<\/p>\n\n\n\n<p><strong>Cuerpo docente:<\/strong><br>Carlos De Llelis, Yago Di Nella, Alicia Stolkiner, Jes\u00fas Trimboli, Elizabeth Theiler, Ana Heredia, Mariana Aimino, Mar\u00eda Florencia Montes y Rebeca Cena.<\/p>\n\n\n\n<p><strong>Pre-inscripciones:&nbsp;<\/strong><a href=\"https:\/\/ingreso.unvm.edu.ar\/preinscripcion\/posgrado\/?__o=\" target=\"_blank\" rel=\"noreferrer noopener\">Click aqu\u00ed!<\/a><br><strong>Consultas:<\/strong>&nbsp;<a>posgradohumanas@unvm.edu.ar<\/a><\/p>\n","protected":false},"excerpt":{"rendered":"<p>El&nbsp;Instituto Acad\u00e9mico Pedag\u00f3gico de Ciencias Humanas&nbsp;de la Universidad Nacional de Villa Mar\u00eda (UNVM) anunci\u00f3 la&nbsp;Especializaci\u00f3n en Estrategias de Intervenci\u00f3n en el Campo de la Salud Mental, una propuesta de posgrado que se dictar\u00e1 en modalidad a distancia y que aborda problem\u00e1ticas actuales desde una perspectiva interdisciplinaria e integral.&nbsp;Inicia en 2026 Se trata de la primera [&hellip;]<\/p>\n","protected":false},"author":4,"featured_media":113892,"comment_status":"open","ping_status":"open","sticky":false,"template":"","format":"standard","meta":{"site-sidebar-layout":"default","site-content-layout":"","ast-site-content-layout":"default","site-content-style":"default","site-sidebar-style":"default","ast-global-header-display":"","ast-banner-title-visibility":"","ast-main-header-display":"","ast-hfb-above-header-display":"","ast-hfb-below-header-display":"","ast-hfb-mobile-header-display":"","site-post-title":"","ast-breadcrumbs-content":"","ast-featured-img":"","footer-sml-layout":"","ast-disable-related-posts":"","theme-transparent-header-meta":"","adv-header-id-meta":"","stick-header-meta":"","header-above-stick-meta":"","header-main-stick-meta":"","header-below-stick-meta":"","astra-migrate-meta-layouts":"set","ast-page-background-enabled":"default","ast-page-background-meta":{"desktop":{"background-color":"","background-image":"","background-repeat":"repeat","background-position":"center center","background-size":"auto","background-attachment":"scroll","background-type":"","background-media":"","overlay-type":"","overlay-color":"","overlay-opacity":"","overlay-gradient":""},"tablet":{"background-color":"","background-image":"","background-repeat":"repeat","background-position":"center center","background-size":"auto","background-attachment":"scroll","background-type":"","background-media":"","overlay-type":"","overlay-color":"","overlay-opacity":"","overlay-gradient":""},"mobile":{"background-color":"","background-image":"","background-repeat":"repeat","background-position":"center center","background-size":"auto","background-attachment":"scroll","background-type":"","background-media":"","overlay-type":"","overlay-color":"","overlay-opacity":"","overlay-gradient":""}},"ast-content-background-meta":{"desktop":{"background-color":"var(--ast-global-color-5)","background-image":"","background-repeat":"repeat","background-position":"center center","background-size":"auto","background-attachment":"scroll","background-type":"","background-media":"","overlay-type":"","overlay-color":"","overlay-opacity":"","overlay-gradient":""},"tablet":{"background-color":"var(--ast-global-color-5)","background-image":"","background-repeat":"repeat","background-position":"center center","background-size":"auto","background-attachment":"scroll","background-type":"","background-media":"","overlay-type":"","overlay-color":"","overlay-opacity":"","overlay-gradient":""},"mobile":{"background-color":"var(--ast-global-color-5)","background-image":"","background-repeat":"repeat","background-position":"center center","background-size":"auto","background-attachment":"scroll","background-type":"","background-media":"","overlay-type":"","overlay-color":"","overlay-opacity":"","overlay-gradient":""}},"_jetpack_memberships_contains_paid_content":false,"_joinchat":[],"footnotes":""},"categories":[15302,5,2],"tags":[],"class_list":["post-113891","post","type-post","status-publish","format-standard","has-post-thumbnail","hentry","category-destacado","category-sociedad","category-villa-maria"],"yoast_head":"<!-- This site is optimized with the Yoast SEO plugin v26.8 - https:\/\/yoast.com\/product\/yoast-seo-wordpress\/ -->\n<title>La UNVM brindar\u00e1 un posgrado a distancia sobre salud mental - El Regional<\/title>\n<meta name=\"robots\" content=\"index, follow, max-snippet:-1, max-image-preview:large, max-video-preview:-1\" \/>\n<link rel=\"canonical\" href=\"https:\/\/elregionalvm.com.ar\/noticias-villa-maria\/la-unvm-brindara-un-posgrado-a-distancia-sobre-salud-mental\/\" \/>\n<meta property=\"og:locale\" content=\"es_ES\" \/>\n<meta property=\"og:type\" content=\"article\" \/>\n<meta property=\"og:title\" content=\"La UNVM brindar\u00e1 un posgrado a distancia sobre salud mental - El Regional\" \/>\n<meta property=\"og:description\" content=\"El&nbsp;Instituto Acad\u00e9mico Pedag\u00f3gico de Ciencias Humanas&nbsp;de la Universidad Nacional de Villa Mar\u00eda (UNVM) anunci\u00f3 la&nbsp;Especializaci\u00f3n en Estrategias de Intervenci\u00f3n en el Campo de la Salud Mental, una propuesta de posgrado que se dictar\u00e1 en modalidad a distancia y que aborda problem\u00e1ticas actuales desde una perspectiva interdisciplinaria e integral.&nbsp;Inicia en 2026 Se trata de la primera [&hellip;]\" \/>\n<meta property=\"og:url\" content=\"https:\/\/elregionalvm.com.ar\/noticias-villa-maria\/la-unvm-brindara-un-posgrado-a-distancia-sobre-salud-mental\/\" \/>\n<meta property=\"og:site_name\" content=\"El Regional\" \/>\n<meta property=\"article:publisher\" content=\"https:\/\/www.facebook.com\/elregionalvm\" \/>\n<meta property=\"article:published_time\" content=\"2026-02-06T03:10:56+00:00\" \/>\n<meta property=\"article:modified_time\" content=\"2026-02-06T03:10:58+00:00\" \/>\n<meta property=\"og:image\" content=\"https:\/\/elregionalvm.com.ar\/noticias-villa-maria\/wp-content\/uploads\/2026\/02\/WhatsApp-Image-2025-12-16-at-3.44.00-PM.jpeg\" \/>\n\t<meta property=\"og:image:width\" content=\"1280\" \/>\n\t<meta property=\"og:image:height\" content=\"1600\" \/>\n\t<meta property=\"og:image:type\" content=\"image\/jpeg\" \/>\n<meta name=\"author\" content=\"Contenidos El Regional\" \/>\n<meta name=\"twitter:card\" content=\"summary_large_image\" \/>\n<meta name=\"twitter:creator\" content=\"@elregionalvm1\" \/>\n<meta name=\"twitter:site\" content=\"@elregionalvm1\" \/>\n<meta name=\"twitter:label1\" content=\"Escrito por\" \/>\n\t<meta name=\"twitter:data1\" content=\"Contenidos El Regional\" \/>\n\t<meta name=\"twitter:label2\" content=\"Tiempo de lectura\" \/>\n\t<meta name=\"twitter:data2\" content=\"2 minutos\" \/>\n<script type=\"application\/ld+json\" class=\"yoast-schema-graph\">{\"@context\":\"https:\/\/schema.org\",\"@graph\":[{\"@type\":\"Article\",\"@id\":\"https:\/\/elregionalvm.com.ar\/noticias-villa-maria\/la-unvm-brindara-un-posgrado-a-distancia-sobre-salud-mental\/#article\",\"isPartOf\":{\"@id\":\"https:\/\/elregionalvm.com.ar\/noticias-villa-maria\/la-unvm-brindara-un-posgrado-a-distancia-sobre-salud-mental\/\"},\"author\":{\"name\":\"Contenidos El Regional\",\"@id\":\"http:\/\/elregionalvm.com.ar\/noticias-villa-maria\/#\/schema\/person\/a0fb9c422317faca23d50163151bc354\"},\"headline\":\"La UNVM brindar\u00e1 un posgrado a distancia sobre salud mental\",\"datePublished\":\"2026-02-06T03:10:56+00:00\",\"dateModified\":\"2026-02-06T03:10:58+00:00\",\"mainEntityOfPage\":{\"@id\":\"https:\/\/elregionalvm.com.ar\/noticias-villa-maria\/la-unvm-brindara-un-posgrado-a-distancia-sobre-salud-mental\/\"},\"wordCount\":437,\"commentCount\":0,\"image\":{\"@id\":\"https:\/\/elregionalvm.com.ar\/noticias-villa-maria\/la-unvm-brindara-un-posgrado-a-distancia-sobre-salud-mental\/#primaryimage\"},\"thumbnailUrl\":\"https:\/\/i0.wp.com\/elregionalvm.com.ar\/noticias-villa-maria\/wp-content\/uploads\/2026\/02\/WhatsApp-Image-2025-12-16-at-3.44.00-PM.jpeg?fit=1280%2C1600&ssl=1\",\"articleSection\":[\"destacado\",\"Sociedad\",\"Villa Mar\u00eda\"],\"inLanguage\":\"es\",\"potentialAction\":[{\"@type\":\"CommentAction\",\"name\":\"Comment\",\"target\":[\"https:\/\/elregionalvm.com.ar\/noticias-villa-maria\/la-unvm-brindara-un-posgrado-a-distancia-sobre-salud-mental\/#respond\"]}]},{\"@type\":\"WebPage\",\"@id\":\"https:\/\/elregionalvm.com.ar\/noticias-villa-maria\/la-unvm-brindara-un-posgrado-a-distancia-sobre-salud-mental\/\",\"url\":\"https:\/\/elregionalvm.com.ar\/noticias-villa-maria\/la-unvm-brindara-un-posgrado-a-distancia-sobre-salud-mental\/\",\"name\":\"La UNVM brindar\u00e1 un posgrado a distancia sobre salud mental - El Regional\",\"isPartOf\":{\"@id\":\"http:\/\/elregionalvm.com.ar\/noticias-villa-maria\/#website\"},\"primaryImageOfPage\":{\"@id\":\"https:\/\/elregionalvm.com.ar\/noticias-villa-maria\/la-unvm-brindara-un-posgrado-a-distancia-sobre-salud-mental\/#primaryimage\"},\"image\":{\"@id\":\"https:\/\/elregionalvm.com.ar\/noticias-villa-maria\/la-unvm-brindara-un-posgrado-a-distancia-sobre-salud-mental\/#primaryimage\"},\"thumbnailUrl\":\"https:\/\/i0.wp.com\/elregionalvm.com.ar\/noticias-villa-maria\/wp-content\/uploads\/2026\/02\/WhatsApp-Image-2025-12-16-at-3.44.00-PM.jpeg?fit=1280%2C1600&ssl=1\",\"datePublished\":\"2026-02-06T03:10:56+00:00\",\"dateModified\":\"2026-02-06T03:10:58+00:00\",\"author\":{\"@id\":\"http:\/\/elregionalvm.com.ar\/noticias-villa-maria\/#\/schema\/person\/a0fb9c422317faca23d50163151bc354\"},\"breadcrumb\":{\"@id\":\"https:\/\/elregionalvm.com.ar\/noticias-villa-maria\/la-unvm-brindara-un-posgrado-a-distancia-sobre-salud-mental\/#breadcrumb\"},\"inLanguage\":\"es\",\"potentialAction\":[{\"@type\":\"ReadAction\",\"target\":[\"https:\/\/elregionalvm.com.ar\/noticias-villa-maria\/la-unvm-brindara-un-posgrado-a-distancia-sobre-salud-mental\/\"]}]},{\"@type\":\"ImageObject\",\"inLanguage\":\"es\",\"@id\":\"https:\/\/elregionalvm.com.ar\/noticias-villa-maria\/la-unvm-brindara-un-posgrado-a-distancia-sobre-salud-mental\/#primaryimage\",\"url\":\"https:\/\/i0.wp.com\/elregionalvm.com.ar\/noticias-villa-maria\/wp-content\/uploads\/2026\/02\/WhatsApp-Image-2025-12-16-at-3.44.00-PM.jpeg?fit=1280%2C1600&ssl=1\",\"contentUrl\":\"https:\/\/i0.wp.com\/elregionalvm.com.ar\/noticias-villa-maria\/wp-content\/uploads\/2026\/02\/WhatsApp-Image-2025-12-16-at-3.44.00-PM.jpeg?fit=1280%2C1600&ssl=1\",\"width\":1280,\"height\":1600},{\"@type\":\"BreadcrumbList\",\"@id\":\"https:\/\/elregionalvm.com.ar\/noticias-villa-maria\/la-unvm-brindara-un-posgrado-a-distancia-sobre-salud-mental\/#breadcrumb\",\"itemListElement\":[{\"@type\":\"ListItem\",\"position\":1,\"name\":\"Portada\",\"item\":\"https:\/\/elregionalvm.com.ar\/noticias-villa-maria\/\"},{\"@type\":\"ListItem\",\"position\":2,\"name\":\"La UNVM brindar\u00e1 un posgrado a distancia sobre salud mental\"}]},{\"@type\":\"WebSite\",\"@id\":\"http:\/\/elregionalvm.com.ar\/noticias-villa-maria\/#website\",\"url\":\"http:\/\/elregionalvm.com.ar\/noticias-villa-maria\/\",\"name\":\"El Regional\",\"description\":\"Mucho m\u00e1s que informaci\u00f3n\",\"potentialAction\":[{\"@type\":\"SearchAction\",\"target\":{\"@type\":\"EntryPoint\",\"urlTemplate\":\"http:\/\/elregionalvm.com.ar\/noticias-villa-maria\/?s={search_term_string}\"},\"query-input\":{\"@type\":\"PropertyValueSpecification\",\"valueRequired\":true,\"valueName\":\"search_term_string\"}}],\"inLanguage\":\"es\"},{\"@type\":\"Person\",\"@id\":\"http:\/\/elregionalvm.com.ar\/noticias-villa-maria\/#\/schema\/person\/a0fb9c422317faca23d50163151bc354\",\"name\":\"Contenidos El Regional\",\"image\":{\"@type\":\"ImageObject\",\"inLanguage\":\"es\",\"@id\":\"http:\/\/elregionalvm.com.ar\/noticias-villa-maria\/#\/schema\/person\/image\/\",\"url\":\"https:\/\/secure.gravatar.com\/avatar\/265b27cb2209af7bb3a1318f03305787d7981a5cc6e6cd08fe5a4ecdf99d4b48?s=96&d=mm&r=g\",\"contentUrl\":\"https:\/\/secure.gravatar.com\/avatar\/265b27cb2209af7bb3a1318f03305787d7981a5cc6e6cd08fe5a4ecdf99d4b48?s=96&d=mm&r=g\",\"caption\":\"Contenidos El Regional\"},\"url\":\"https:\/\/elregionalvm.com.ar\/noticias-villa-maria\/author\/contenido\/\"}]}<\/script>\n<!-- \/ Yoast SEO plugin. -->","yoast_head_json":{"title":"La UNVM brindar\u00e1 un posgrado a distancia sobre salud mental - El Regional","robots":{"index":"index","follow":"follow","max-snippet":"max-snippet:-1","max-image-preview":"max-image-preview:large","max-video-preview":"max-video-preview:-1"},"canonical":"https:\/\/elregionalvm.com.ar\/noticias-villa-maria\/la-unvm-brindara-un-posgrado-a-distancia-sobre-salud-mental\/","og_locale":"es_ES","og_type":"article","og_title":"La UNVM brindar\u00e1 un posgrado a distancia sobre salud mental - El Regional","og_description":"El&nbsp;Instituto Acad\u00e9mico Pedag\u00f3gico de Ciencias Humanas&nbsp;de la Universidad Nacional de Villa Mar\u00eda (UNVM) anunci\u00f3 la&nbsp;Especializaci\u00f3n en Estrategias de Intervenci\u00f3n en el Campo de la Salud Mental, una propuesta de posgrado que se dictar\u00e1 en modalidad a distancia y que aborda problem\u00e1ticas actuales desde una perspectiva interdisciplinaria e integral.&nbsp;Inicia en 2026 Se trata de la primera [&hellip;]","og_url":"https:\/\/elregionalvm.com.ar\/noticias-villa-maria\/la-unvm-brindara-un-posgrado-a-distancia-sobre-salud-mental\/","og_site_name":"El Regional","article_publisher":"https:\/\/www.facebook.com\/elregionalvm","article_published_time":"2026-02-06T03:10:56+00:00","article_modified_time":"2026-02-06T03:10:58+00:00","og_image":[{"width":1280,"height":1600,"url":"https:\/\/elregionalvm.com.ar\/noticias-villa-maria\/wp-content\/uploads\/2026\/02\/WhatsApp-Image-2025-12-16-at-3.44.00-PM.jpeg","type":"image\/jpeg"}],"author":"Contenidos El Regional","twitter_card":"summary_large_image","twitter_creator":"@elregionalvm1","twitter_site":"@elregionalvm1","twitter_misc":{"Escrito por":"Contenidos El Regional","Tiempo de lectura":"2 minutos"},"schema":{"@context":"https:\/\/schema.org","@graph":[{"@type":"Article","@id":"https:\/\/elregionalvm.com.ar\/noticias-villa-maria\/la-unvm-brindara-un-posgrado-a-distancia-sobre-salud-mental\/#article","isPartOf":{"@id":"https:\/\/elregionalvm.com.ar\/noticias-villa-maria\/la-unvm-brindara-un-posgrado-a-distancia-sobre-salud-mental\/"},"author":{"name":"Contenidos El Regional","@id":"http:\/\/elregionalvm.com.ar\/noticias-villa-maria\/#\/schema\/person\/a0fb9c422317faca23d50163151bc354"},"headline":"La UNVM brindar\u00e1 un posgrado a distancia sobre salud mental","datePublished":"2026-02-06T03:10:56+00:00","dateModified":"2026-02-06T03:10:58+00:00","mainEntityOfPage":{"@id":"https:\/\/elregionalvm.com.ar\/noticias-villa-maria\/la-unvm-brindara-un-posgrado-a-distancia-sobre-salud-mental\/"},"wordCount":437,"commentCount":0,"image":{"@id":"https:\/\/elregionalvm.com.ar\/noticias-villa-maria\/la-unvm-brindara-un-posgrado-a-distancia-sobre-salud-mental\/#primaryimage"},"thumbnailUrl":"https:\/\/i0.wp.com\/elregionalvm.com.ar\/noticias-villa-maria\/wp-content\/uploads\/2026\/02\/WhatsApp-Image-2025-12-16-at-3.44.00-PM.jpeg?fit=1280%2C1600&ssl=1","articleSection":["destacado","Sociedad","Villa Mar\u00eda"],"inLanguage":"es","potentialAction":[{"@type":"CommentAction","name":"Comment","target":["https:\/\/elregionalvm.com.ar\/noticias-villa-maria\/la-unvm-brindara-un-posgrado-a-distancia-sobre-salud-mental\/#respond"]}]},{"@type":"WebPage","@id":"https:\/\/elregionalvm.com.ar\/noticias-villa-maria\/la-unvm-brindara-un-posgrado-a-distancia-sobre-salud-mental\/","url":"https:\/\/elregionalvm.com.ar\/noticias-villa-maria\/la-unvm-brindara-un-posgrado-a-distancia-sobre-salud-mental\/","name":"La UNVM brindar\u00e1 un posgrado a distancia sobre salud mental - El Regional","isPartOf":{"@id":"http:\/\/elregionalvm.com.ar\/noticias-villa-maria\/#website"},"primaryImageOfPage":{"@id":"https:\/\/elregionalvm.com.ar\/noticias-villa-maria\/la-unvm-brindara-un-posgrado-a-distancia-sobre-salud-mental\/#primaryimage"},"image":{"@id":"https:\/\/elregionalvm.com.ar\/noticias-villa-maria\/la-unvm-brindara-un-posgrado-a-distancia-sobre-salud-mental\/#primaryimage"},"thumbnailUrl":"https:\/\/i0.wp.com\/elregionalvm.com.ar\/noticias-villa-maria\/wp-content\/uploads\/2026\/02\/WhatsApp-Image-2025-12-16-at-3.44.00-PM.jpeg?fit=1280%2C1600&ssl=1","datePublished":"2026-02-06T03:10:56+00:00","dateModified":"2026-02-06T03:10:58+00:00","author":{"@id":"http:\/\/elregionalvm.com.ar\/noticias-villa-maria\/#\/schema\/person\/a0fb9c422317faca23d50163151bc354"},"breadcrumb":{"@id":"https:\/\/elregionalvm.com.ar\/noticias-villa-maria\/la-unvm-brindara-un-posgrado-a-distancia-sobre-salud-mental\/#breadcrumb"},"inLanguage":"es","potentialAction":[{"@type":"ReadAction","target":["https:\/\/elregionalvm.com.ar\/noticias-villa-maria\/la-unvm-brindara-un-posgrado-a-distancia-sobre-salud-mental\/"]}]},{"@type":"ImageObject","inLanguage":"es","@id":"https:\/\/elregionalvm.com.ar\/noticias-villa-maria\/la-unvm-brindara-un-posgrado-a-distancia-sobre-salud-mental\/#primaryimage","url":"https:\/\/i0.wp.com\/elregionalvm.com.ar\/noticias-villa-maria\/wp-content\/uploads\/2026\/02\/WhatsApp-Image-2025-12-16-at-3.44.00-PM.jpeg?fit=1280%2C1600&ssl=1","contentUrl":"https:\/\/i0.wp.com\/elregionalvm.com.ar\/noticias-villa-maria\/wp-content\/uploads\/2026\/02\/WhatsApp-Image-2025-12-16-at-3.44.00-PM.jpeg?fit=1280%2C1600&ssl=1","width":1280,"height":1600},{"@type":"BreadcrumbList","@id":"https:\/\/elregionalvm.com.ar\/noticias-villa-maria\/la-unvm-brindara-un-posgrado-a-distancia-sobre-salud-mental\/#breadcrumb","itemListElement":[{"@type":"ListItem","position":1,"name":"Portada","item":"https:\/\/elregionalvm.com.ar\/noticias-villa-maria\/"},{"@type":"ListItem","position":2,"name":"La UNVM brindar\u00e1 un posgrado a distancia sobre salud mental"}]},{"@type":"WebSite","@id":"http:\/\/elregionalvm.com.ar\/noticias-villa-maria\/#website","url":"http:\/\/elregionalvm.com.ar\/noticias-villa-maria\/","name":"El Regional","description":"Mucho m\u00e1s que informaci\u00f3n","potentialAction":[{"@type":"SearchAction","target":{"@type":"EntryPoint","urlTemplate":"http:\/\/elregionalvm.com.ar\/noticias-villa-maria\/?s={search_term_string}"},"query-input":{"@type":"PropertyValueSpecification","valueRequired":true,"valueName":"search_term_string"}}],"inLanguage":"es"},{"@type":"Person","@id":"http:\/\/elregionalvm.com.ar\/noticias-villa-maria\/#\/schema\/person\/a0fb9c422317faca23d50163151bc354","name":"Contenidos El Regional","image":{"@type":"ImageObject","inLanguage":"es","@id":"http:\/\/elregionalvm.com.ar\/noticias-villa-maria\/#\/schema\/person\/image\/","url":"https:\/\/secure.gravatar.com\/avatar\/265b27cb2209af7bb3a1318f03305787d7981a5cc6e6cd08fe5a4ecdf99d4b48?s=96&d=mm&r=g","contentUrl":"https:\/\/secure.gravatar.com\/avatar\/265b27cb2209af7bb3a1318f03305787d7981a5cc6e6cd08fe5a4ecdf99d4b48?s=96&d=mm&r=g","caption":"Contenidos El Regional"},"url":"https:\/\/elregionalvm.com.ar\/noticias-villa-maria\/author\/contenido\/"}]}},"jetpack_featured_media_url":"https:\/\/i0.wp.com\/elregionalvm.com.ar\/noticias-villa-maria\/wp-content\/uploads\/2026\/02\/WhatsApp-Image-2025-12-16-at-3.44.00-PM.jpeg?fit=1280%2C1600&ssl=1","jetpack_sharing_enabled":true,"_links":{"self":[{"href":"https:\/\/elregionalvm.com.ar\/noticias-villa-maria\/wp-json\/wp\/v2\/posts\/113891","targetHints":{"allow":["GET"]}}],"collection":[{"href":"https:\/\/elregionalvm.com.ar\/noticias-villa-maria\/wp-json\/wp\/v2\/posts"}],"about":[{"href":"https:\/\/elregionalvm.com.ar\/noticias-villa-maria\/wp-json\/wp\/v2\/types\/post"}],"author":[{"embeddable":true,"href":"https:\/\/elregionalvm.com.ar\/noticias-villa-maria\/wp-json\/wp\/v2\/users\/4"}],"replies":[{"embeddable":true,"href":"https:\/\/elregionalvm.com.ar\/noticias-villa-maria\/wp-json\/wp\/v2\/comments?post=113891"}],"version-history":[{"count":1,"href":"https:\/\/elregionalvm.com.ar\/noticias-villa-maria\/wp-json\/wp\/v2\/posts\/113891\/revisions"}],"predecessor-version":[{"id":113893,"href":"https:\/\/elregionalvm.com.ar\/noticias-villa-maria\/wp-json\/wp\/v2\/posts\/113891\/revisions\/113893"}],"wp:featuredmedia":[{"embeddable":true,"href":"https:\/\/elregionalvm.com.ar\/noticias-villa-maria\/wp-json\/wp\/v2\/media\/113892"}],"wp:attachment":[{"href":"https:\/\/elregionalvm.com.ar\/noticias-villa-maria\/wp-json\/wp\/v2\/media?parent=113891"}],"wp:term":[{"taxonomy":"category","embeddable":true,"href":"https:\/\/elregionalvm.com.ar\/noticias-villa-maria\/wp-json\/wp\/v2\/categories?post=113891"},{"taxonomy":"post_tag","embeddable":true,"href":"https:\/\/elregionalvm.com.ar\/noticias-villa-maria\/wp-json\/wp\/v2\/tags?post=113891"}],"curies":[{"name":"wp","href":"https:\/\/api.w.org\/{rel}","templated":true}]}}