{"id":113894,"date":"2026-02-07T03:49:54","date_gmt":"2026-02-07T03:49:54","guid":{"rendered":"https:\/\/elregionalvm.com.ar\/noticias-villa-maria\/?p=113894"},"modified":"2026-02-07T03:49:56","modified_gmt":"2026-02-07T03:49:56","slug":"se-inauguro-la-nueva-obra-de-iluminacion-ornamental-externa-del-anfiteatro-municipal","status":"publish","type":"post","link":"https:\/\/elregionalvm.com.ar\/noticias-villa-maria\/se-inauguro-la-nueva-obra-de-iluminacion-ornamental-externa-del-anfiteatro-municipal\/","title":{"rendered":"Se inaugur\u00f3 la nueva obra de iluminaci\u00f3n ornamental externa del Anfiteatro Municipal"},"content":{"rendered":"\n<p>Se inaugur\u00f3 la nueva obra de iluminaci\u00f3n ornamental externa del Anfiteatro Municipal Centenario \u00abAldo P. Invernizzi\u00bb, una intervenci\u00f3n que pone en valor a uno de los espacios m\u00e1s emblem\u00e1ticos de la ciudad, al mismo tiempo que suma un nuevo atractivo para vecinos y turistas.<\/p>\n\n\n\n<p>En este sentido, el intendente Eduardo Accastello encabez\u00f3 el acto y manifest\u00f3:&nbsp;<em><strong>\u201cLos pioneros, hace muchos a\u00f1os, fueron visionarios y pensaron un anfiteatro al lado del lago, al lado de uno de los r\u00edos m\u00e1s caudalosos y m\u00e1s lindos que tiene la provincia de C\u00f3rdoba. Y en aquel momento hicieron un anfiteatro al que luego sumamos esta c\u00fapula que es una de las pocas que tiene la Argentina\u201d.<\/strong><\/em><\/p>\n\n\n\n<p>Luego, continu\u00f3:&nbsp;<strong><em>\u201cEsta noche le damos una vuelta m\u00e1s a esa instancia ic\u00f3nica, la posibilidad de que, al igual que nuestro puente \u2014que es un puente \u00fanico\u2014 ahora tambi\u00e9n podamos hacer esta magn\u00edfica presentaci\u00f3n de lo que son las luces ornamentales\u201d.<\/em><\/strong><\/p>\n\n\n\n<p><strong><em>\u201cNo hace falta ir a otros lugares o a capitales del mundo para ver estos peque\u00f1os detalles que nos hacen sentir mucho orgullo por la identidad villamariense\u201d<\/em><\/strong>, finaliz\u00f3 el intendente.&nbsp;<\/p>\n\n\n\n<p>Tambi\u00e9n estuvo presente en la inauguraci\u00f3n la legisladora provincial Ver\u00f3nica Navarro Alegre e intendentes de la regi\u00f3n. Adem\u00e1s, la \u00abVilla Mar\u00eda Big Band\u00bb deleit\u00f3 a los presentes con sus interpretaciones de canciones populares.&nbsp;<\/p>\n\n\n\n<p>Cabe mencionar que el moderno sistema lum\u00ednico est\u00e1 compuesto por m\u00e1s de 80 luminarias direccionales tipo RGBW, y funciona mediante una controladora de la firma Signify, del mismo tipo que la utilizada en el puente Juan Domingo Per\u00f3n.&nbsp;<\/p>\n\n\n\n<p>De esta forma, la tecnolog\u00eda permite programar distintos shows de iluminaci\u00f3n din\u00e1mica y sincronizar el funcionamiento entre ambos sectores.<\/p>\n\n\n\n<p>Adem\u00e1s, se incorpor\u00f3 ne\u00f3n perimetral que recorre el contorno del techo del Anfiteatro, incluyendo patas y cenefas, lo que permite resaltar su morfolog\u00eda durante la noche y realzar su presencia como \u00edcono urbano, hist\u00f3rico y cultural.<\/p>\n\n\n\n<p>Por su parte, Silvia, vecina del barrio Parque Norte, expres\u00f3:&nbsp;<em>\u201cHab\u00eda escuchado que se inauguraba hoy y realmente me encanta. Me parece que se ve hermoso, siempre llamativo, y el Anfiteatro es la atracci\u00f3n m\u00e1s importante de Villa Mar\u00eda\u00bb.<\/em><\/p>\n\n\n\n<p>Mientras que, Aldo quien visita la ciudad desde Mar de Aj\u00f3, agreg\u00f3:<em>&nbsp;\u201cVine para el Festival y la verdad me parece espectacular como qued\u00f3 el Anfi. El a\u00f1o pasado vine y conoc\u00ed por primera vez el Festival de Pe\u00f1as, algo incre\u00edble. Ahora lo veo totalmente renovado, as\u00ed que buen\u00edsimo\u00bb.<\/em><\/p>\n\n\n\n<p>Con esta intervenci\u00f3n, el Anfiteatro y el puente Per\u00f3n conforman un conjunto lum\u00ednico que embellece la Costanera y fortalece la propuesta tur\u00edstica y recreativa de Villa Mar\u00eda durante todo el a\u00f1o.<\/p>\n\n\n\n<p>Acompa\u00f1aron tambi\u00e9n el presidente del Concejo Deliberante, Juan Pablo Inglese, miembros de los poderes Ejecutivo y Legislativo de la ciudad, vecinos y turistas.<\/p>\n","protected":false},"excerpt":{"rendered":"<p>Se inaugur\u00f3 la nueva obra de iluminaci\u00f3n ornamental externa del Anfiteatro Municipal Centenario \u00abAldo P. Invernizzi\u00bb, una intervenci\u00f3n que pone en valor a uno de los espacios m\u00e1s emblem\u00e1ticos de la ciudad, al mismo tiempo que suma un nuevo atractivo para vecinos y turistas. En este sentido, el intendente Eduardo Accastello encabez\u00f3 el acto y [&hellip;]<\/p>\n","protected":false},"author":4,"featured_media":113895,"comment_status":"open","ping_status":"open","sticky":false,"template":"","format":"standard","meta":{"site-sidebar-layout":"default","site-content-layout":"","ast-site-content-layout":"default","site-content-style":"default","site-sidebar-style":"default","ast-global-header-display":"","ast-banner-title-visibility":"","ast-main-header-display":"","ast-hfb-above-header-display":"","ast-hfb-below-header-display":"","ast-hfb-mobile-header-display":"","site-post-title":"","ast-breadcrumbs-content":"","ast-featured-img":"","footer-sml-layout":"","ast-disable-related-posts":"","theme-transparent-header-meta":"","adv-header-id-meta":"","stick-header-meta":"","header-above-stick-meta":"","header-main-stick-meta":"","header-below-stick-meta":"","astra-migrate-meta-layouts":"set","ast-page-background-enabled":"default","ast-page-background-meta":{"desktop":{"background-color":"","background-image":"","background-repeat":"repeat","background-position":"center center","background-size":"auto","background-attachment":"scroll","background-type":"","background-media":"","overlay-type":"","overlay-color":"","overlay-opacity":"","overlay-gradient":""},"tablet":{"background-color":"","background-image":"","background-repeat":"repeat","background-position":"center center","background-size":"auto","background-attachment":"scroll","background-type":"","background-media":"","overlay-type":"","overlay-color":"","overlay-opacity":"","overlay-gradient":""},"mobile":{"background-color":"","background-image":"","background-repeat":"repeat","background-position":"center center","background-size":"auto","background-attachment":"scroll","background-type":"","background-media":"","overlay-type":"","overlay-color":"","overlay-opacity":"","overlay-gradient":""}},"ast-content-background-meta":{"desktop":{"background-color":"var(--ast-global-color-5)","background-image":"","background-repeat":"repeat","background-position":"center center","background-size":"auto","background-attachment":"scroll","background-type":"","background-media":"","overlay-type":"","overlay-color":"","overlay-opacity":"","overlay-gradient":""},"tablet":{"background-color":"var(--ast-global-color-5)","background-image":"","background-repeat":"repeat","background-position":"center center","background-size":"auto","background-attachment":"scroll","background-type":"","background-media":"","overlay-type":"","overlay-color":"","overlay-opacity":"","overlay-gradient":""},"mobile":{"background-color":"var(--ast-global-color-5)","background-image":"","background-repeat":"repeat","background-position":"center center","background-size":"auto","background-attachment":"scroll","background-type":"","background-media":"","overlay-type":"","overlay-color":"","overlay-opacity":"","overlay-gradient":""}},"_jetpack_memberships_contains_paid_content":false,"_joinchat":[],"footnotes":""},"categories":[15302,5,2],"tags":[],"class_list":["post-113894","post","type-post","status-publish","format-standard","has-post-thumbnail","hentry","category-destacado","category-sociedad","category-villa-maria"],"yoast_head":"<!-- This site is optimized with the Yoast SEO plugin v26.8 - https:\/\/yoast.com\/product\/yoast-seo-wordpress\/ -->\n<title>Se inaugur\u00f3 la nueva obra de iluminaci\u00f3n ornamental externa del Anfiteatro Municipal - El Regional<\/title>\n<meta name=\"robots\" content=\"index, follow, max-snippet:-1, max-image-preview:large, max-video-preview:-1\" \/>\n<link rel=\"canonical\" href=\"https:\/\/elregionalvm.com.ar\/noticias-villa-maria\/se-inauguro-la-nueva-obra-de-iluminacion-ornamental-externa-del-anfiteatro-municipal\/\" \/>\n<meta property=\"og:locale\" content=\"es_ES\" \/>\n<meta property=\"og:type\" content=\"article\" \/>\n<meta property=\"og:title\" content=\"Se inaugur\u00f3 la nueva obra de iluminaci\u00f3n ornamental externa del Anfiteatro Municipal - El Regional\" \/>\n<meta property=\"og:description\" content=\"Se inaugur\u00f3 la nueva obra de iluminaci\u00f3n ornamental externa del Anfiteatro Municipal Centenario \u00abAldo P. Invernizzi\u00bb, una intervenci\u00f3n que pone en valor a uno de los espacios m\u00e1s emblem\u00e1ticos de la ciudad, al mismo tiempo que suma un nuevo atractivo para vecinos y turistas. En este sentido, el intendente Eduardo Accastello encabez\u00f3 el acto y [&hellip;]\" \/>\n<meta property=\"og:url\" content=\"https:\/\/elregionalvm.com.ar\/noticias-villa-maria\/se-inauguro-la-nueva-obra-de-iluminacion-ornamental-externa-del-anfiteatro-municipal\/\" \/>\n<meta property=\"og:site_name\" content=\"El Regional\" \/>\n<meta property=\"article:publisher\" content=\"https:\/\/www.facebook.com\/elregionalvm\" \/>\n<meta property=\"article:published_time\" content=\"2026-02-07T03:49:54+00:00\" \/>\n<meta property=\"article:modified_time\" content=\"2026-02-07T03:49:56+00:00\" \/>\n<meta property=\"og:image\" content=\"https:\/\/elregionalvm.com.ar\/noticias-villa-maria\/wp-content\/uploads\/2026\/02\/ec3aeb8a7f78410da2d4aec2d093e184.jpeg\" \/>\n\t<meta property=\"og:image:width\" content=\"800\" \/>\n\t<meta property=\"og:image:height\" content=\"600\" \/>\n\t<meta property=\"og:image:type\" content=\"image\/jpeg\" \/>\n<meta name=\"author\" content=\"Contenidos El Regional\" \/>\n<meta name=\"twitter:card\" content=\"summary_large_image\" \/>\n<meta name=\"twitter:creator\" content=\"@elregionalvm1\" \/>\n<meta name=\"twitter:site\" content=\"@elregionalvm1\" \/>\n<meta name=\"twitter:label1\" content=\"Escrito por\" \/>\n\t<meta name=\"twitter:data1\" content=\"Contenidos El Regional\" \/>\n\t<meta name=\"twitter:label2\" content=\"Tiempo de lectura\" \/>\n\t<meta name=\"twitter:data2\" content=\"3 minutos\" \/>\n<script type=\"application\/ld+json\" class=\"yoast-schema-graph\">{\"@context\":\"https:\/\/schema.org\",\"@graph\":[{\"@type\":\"Article\",\"@id\":\"https:\/\/elregionalvm.com.ar\/noticias-villa-maria\/se-inauguro-la-nueva-obra-de-iluminacion-ornamental-externa-del-anfiteatro-municipal\/#article\",\"isPartOf\":{\"@id\":\"https:\/\/elregionalvm.com.ar\/noticias-villa-maria\/se-inauguro-la-nueva-obra-de-iluminacion-ornamental-externa-del-anfiteatro-municipal\/\"},\"author\":{\"name\":\"Contenidos El Regional\",\"@id\":\"http:\/\/elregionalvm.com.ar\/noticias-villa-maria\/#\/schema\/person\/a0fb9c422317faca23d50163151bc354\"},\"headline\":\"Se inaugur\u00f3 la nueva obra de iluminaci\u00f3n ornamental externa del Anfiteatro Municipal\",\"datePublished\":\"2026-02-07T03:49:54+00:00\",\"dateModified\":\"2026-02-07T03:49:56+00:00\",\"mainEntityOfPage\":{\"@id\":\"https:\/\/elregionalvm.com.ar\/noticias-villa-maria\/se-inauguro-la-nueva-obra-de-iluminacion-ornamental-externa-del-anfiteatro-municipal\/\"},\"wordCount\":518,\"commentCount\":0,\"image\":{\"@id\":\"https:\/\/elregionalvm.com.ar\/noticias-villa-maria\/se-inauguro-la-nueva-obra-de-iluminacion-ornamental-externa-del-anfiteatro-municipal\/#primaryimage\"},\"thumbnailUrl\":\"https:\/\/i0.wp.com\/elregionalvm.com.ar\/noticias-villa-maria\/wp-content\/uploads\/2026\/02\/ec3aeb8a7f78410da2d4aec2d093e184.jpeg?fit=800%2C600&ssl=1\",\"articleSection\":[\"destacado\",\"Sociedad\",\"Villa Mar\u00eda\"],\"inLanguage\":\"es\",\"potentialAction\":[{\"@type\":\"CommentAction\",\"name\":\"Comment\",\"target\":[\"https:\/\/elregionalvm.com.ar\/noticias-villa-maria\/se-inauguro-la-nueva-obra-de-iluminacion-ornamental-externa-del-anfiteatro-municipal\/#respond\"]}]},{\"@type\":\"WebPage\",\"@id\":\"https:\/\/elregionalvm.com.ar\/noticias-villa-maria\/se-inauguro-la-nueva-obra-de-iluminacion-ornamental-externa-del-anfiteatro-municipal\/\",\"url\":\"https:\/\/elregionalvm.com.ar\/noticias-villa-maria\/se-inauguro-la-nueva-obra-de-iluminacion-ornamental-externa-del-anfiteatro-municipal\/\",\"name\":\"Se inaugur\u00f3 la nueva obra de iluminaci\u00f3n ornamental externa del Anfiteatro Municipal - El Regional\",\"isPartOf\":{\"@id\":\"http:\/\/elregionalvm.com.ar\/noticias-villa-maria\/#website\"},\"primaryImageOfPage\":{\"@id\":\"https:\/\/elregionalvm.com.ar\/noticias-villa-maria\/se-inauguro-la-nueva-obra-de-iluminacion-ornamental-externa-del-anfiteatro-municipal\/#primaryimage\"},\"image\":{\"@id\":\"https:\/\/elregionalvm.com.ar\/noticias-villa-maria\/se-inauguro-la-nueva-obra-de-iluminacion-ornamental-externa-del-anfiteatro-municipal\/#primaryimage\"},\"thumbnailUrl\":\"https:\/\/i0.wp.com\/elregionalvm.com.ar\/noticias-villa-maria\/wp-content\/uploads\/2026\/02\/ec3aeb8a7f78410da2d4aec2d093e184.jpeg?fit=800%2C600&ssl=1\",\"datePublished\":\"2026-02-07T03:49:54+00:00\",\"dateModified\":\"2026-02-07T03:49:56+00:00\",\"author\":{\"@id\":\"http:\/\/elregionalvm.com.ar\/noticias-villa-maria\/#\/schema\/person\/a0fb9c422317faca23d50163151bc354\"},\"breadcrumb\":{\"@id\":\"https:\/\/elregionalvm.com.ar\/noticias-villa-maria\/se-inauguro-la-nueva-obra-de-iluminacion-ornamental-externa-del-anfiteatro-municipal\/#breadcrumb\"},\"inLanguage\":\"es\",\"potentialAction\":[{\"@type\":\"ReadAction\",\"target\":[\"https:\/\/elregionalvm.com.ar\/noticias-villa-maria\/se-inauguro-la-nueva-obra-de-iluminacion-ornamental-externa-del-anfiteatro-municipal\/\"]}]},{\"@type\":\"ImageObject\",\"inLanguage\":\"es\",\"@id\":\"https:\/\/elregionalvm.com.ar\/noticias-villa-maria\/se-inauguro-la-nueva-obra-de-iluminacion-ornamental-externa-del-anfiteatro-municipal\/#primaryimage\",\"url\":\"https:\/\/i0.wp.com\/elregionalvm.com.ar\/noticias-villa-maria\/wp-content\/uploads\/2026\/02\/ec3aeb8a7f78410da2d4aec2d093e184.jpeg?fit=800%2C600&ssl=1\",\"contentUrl\":\"https:\/\/i0.wp.com\/elregionalvm.com.ar\/noticias-villa-maria\/wp-content\/uploads\/2026\/02\/ec3aeb8a7f78410da2d4aec2d093e184.jpeg?fit=800%2C600&ssl=1\",\"width\":800,\"height\":600},{\"@type\":\"BreadcrumbList\",\"@id\":\"https:\/\/elregionalvm.com.ar\/noticias-villa-maria\/se-inauguro-la-nueva-obra-de-iluminacion-ornamental-externa-del-anfiteatro-municipal\/#breadcrumb\",\"itemListElement\":[{\"@type\":\"ListItem\",\"position\":1,\"name\":\"Portada\",\"item\":\"https:\/\/elregionalvm.com.ar\/noticias-villa-maria\/\"},{\"@type\":\"ListItem\",\"position\":2,\"name\":\"Se inaugur\u00f3 la nueva obra de iluminaci\u00f3n ornamental externa del Anfiteatro Municipal\"}]},{\"@type\":\"WebSite\",\"@id\":\"http:\/\/elregionalvm.com.ar\/noticias-villa-maria\/#website\",\"url\":\"http:\/\/elregionalvm.com.ar\/noticias-villa-maria\/\",\"name\":\"El Regional\",\"description\":\"Mucho m\u00e1s que informaci\u00f3n\",\"potentialAction\":[{\"@type\":\"SearchAction\",\"target\":{\"@type\":\"EntryPoint\",\"urlTemplate\":\"http:\/\/elregionalvm.com.ar\/noticias-villa-maria\/?s={search_term_string}\"},\"query-input\":{\"@type\":\"PropertyValueSpecification\",\"valueRequired\":true,\"valueName\":\"search_term_string\"}}],\"inLanguage\":\"es\"},{\"@type\":\"Person\",\"@id\":\"http:\/\/elregionalvm.com.ar\/noticias-villa-maria\/#\/schema\/person\/a0fb9c422317faca23d50163151bc354\",\"name\":\"Contenidos El Regional\",\"image\":{\"@type\":\"ImageObject\",\"inLanguage\":\"es\",\"@id\":\"http:\/\/elregionalvm.com.ar\/noticias-villa-maria\/#\/schema\/person\/image\/\",\"url\":\"https:\/\/secure.gravatar.com\/avatar\/265b27cb2209af7bb3a1318f03305787d7981a5cc6e6cd08fe5a4ecdf99d4b48?s=96&d=mm&r=g\",\"contentUrl\":\"https:\/\/secure.gravatar.com\/avatar\/265b27cb2209af7bb3a1318f03305787d7981a5cc6e6cd08fe5a4ecdf99d4b48?s=96&d=mm&r=g\",\"caption\":\"Contenidos El Regional\"},\"url\":\"https:\/\/elregionalvm.com.ar\/noticias-villa-maria\/author\/contenido\/\"}]}<\/script>\n<!-- \/ Yoast SEO plugin. -->","yoast_head_json":{"title":"Se inaugur\u00f3 la nueva obra de iluminaci\u00f3n ornamental externa del Anfiteatro Municipal - El Regional","robots":{"index":"index","follow":"follow","max-snippet":"max-snippet:-1","max-image-preview":"max-image-preview:large","max-video-preview":"max-video-preview:-1"},"canonical":"https:\/\/elregionalvm.com.ar\/noticias-villa-maria\/se-inauguro-la-nueva-obra-de-iluminacion-ornamental-externa-del-anfiteatro-municipal\/","og_locale":"es_ES","og_type":"article","og_title":"Se inaugur\u00f3 la nueva obra de iluminaci\u00f3n ornamental externa del Anfiteatro Municipal - El Regional","og_description":"Se inaugur\u00f3 la nueva obra de iluminaci\u00f3n ornamental externa del Anfiteatro Municipal Centenario \u00abAldo P. Invernizzi\u00bb, una intervenci\u00f3n que pone en valor a uno de los espacios m\u00e1s emblem\u00e1ticos de la ciudad, al mismo tiempo que suma un nuevo atractivo para vecinos y turistas. En este sentido, el intendente Eduardo Accastello encabez\u00f3 el acto y [&hellip;]","og_url":"https:\/\/elregionalvm.com.ar\/noticias-villa-maria\/se-inauguro-la-nueva-obra-de-iluminacion-ornamental-externa-del-anfiteatro-municipal\/","og_site_name":"El Regional","article_publisher":"https:\/\/www.facebook.com\/elregionalvm","article_published_time":"2026-02-07T03:49:54+00:00","article_modified_time":"2026-02-07T03:49:56+00:00","og_image":[{"width":800,"height":600,"url":"https:\/\/elregionalvm.com.ar\/noticias-villa-maria\/wp-content\/uploads\/2026\/02\/ec3aeb8a7f78410da2d4aec2d093e184.jpeg","type":"image\/jpeg"}],"author":"Contenidos El Regional","twitter_card":"summary_large_image","twitter_creator":"@elregionalvm1","twitter_site":"@elregionalvm1","twitter_misc":{"Escrito por":"Contenidos El Regional","Tiempo de lectura":"3 minutos"},"schema":{"@context":"https:\/\/schema.org","@graph":[{"@type":"Article","@id":"https:\/\/elregionalvm.com.ar\/noticias-villa-maria\/se-inauguro-la-nueva-obra-de-iluminacion-ornamental-externa-del-anfiteatro-municipal\/#article","isPartOf":{"@id":"https:\/\/elregionalvm.com.ar\/noticias-villa-maria\/se-inauguro-la-nueva-obra-de-iluminacion-ornamental-externa-del-anfiteatro-municipal\/"},"author":{"name":"Contenidos El Regional","@id":"http:\/\/elregionalvm.com.ar\/noticias-villa-maria\/#\/schema\/person\/a0fb9c422317faca23d50163151bc354"},"headline":"Se inaugur\u00f3 la nueva obra de iluminaci\u00f3n ornamental externa del Anfiteatro Municipal","datePublished":"2026-02-07T03:49:54+00:00","dateModified":"2026-02-07T03:49:56+00:00","mainEntityOfPage":{"@id":"https:\/\/elregionalvm.com.ar\/noticias-villa-maria\/se-inauguro-la-nueva-obra-de-iluminacion-ornamental-externa-del-anfiteatro-municipal\/"},"wordCount":518,"commentCount":0,"image":{"@id":"https:\/\/elregionalvm.com.ar\/noticias-villa-maria\/se-inauguro-la-nueva-obra-de-iluminacion-ornamental-externa-del-anfiteatro-municipal\/#primaryimage"},"thumbnailUrl":"https:\/\/i0.wp.com\/elregionalvm.com.ar\/noticias-villa-maria\/wp-content\/uploads\/2026\/02\/ec3aeb8a7f78410da2d4aec2d093e184.jpeg?fit=800%2C600&ssl=1","articleSection":["destacado","Sociedad","Villa Mar\u00eda"],"inLanguage":"es","potentialAction":[{"@type":"CommentAction","name":"Comment","target":["https:\/\/elregionalvm.com.ar\/noticias-villa-maria\/se-inauguro-la-nueva-obra-de-iluminacion-ornamental-externa-del-anfiteatro-municipal\/#respond"]}]},{"@type":"WebPage","@id":"https:\/\/elregionalvm.com.ar\/noticias-villa-maria\/se-inauguro-la-nueva-obra-de-iluminacion-ornamental-externa-del-anfiteatro-municipal\/","url":"https:\/\/elregionalvm.com.ar\/noticias-villa-maria\/se-inauguro-la-nueva-obra-de-iluminacion-ornamental-externa-del-anfiteatro-municipal\/","name":"Se inaugur\u00f3 la nueva obra de iluminaci\u00f3n ornamental externa del Anfiteatro Municipal - El Regional","isPartOf":{"@id":"http:\/\/elregionalvm.com.ar\/noticias-villa-maria\/#website"},"primaryImageOfPage":{"@id":"https:\/\/elregionalvm.com.ar\/noticias-villa-maria\/se-inauguro-la-nueva-obra-de-iluminacion-ornamental-externa-del-anfiteatro-municipal\/#primaryimage"},"image":{"@id":"https:\/\/elregionalvm.com.ar\/noticias-villa-maria\/se-inauguro-la-nueva-obra-de-iluminacion-ornamental-externa-del-anfiteatro-municipal\/#primaryimage"},"thumbnailUrl":"https:\/\/i0.wp.com\/elregionalvm.com.ar\/noticias-villa-maria\/wp-content\/uploads\/2026\/02\/ec3aeb8a7f78410da2d4aec2d093e184.jpeg?fit=800%2C600&ssl=1","datePublished":"2026-02-07T03:49:54+00:00","dateModified":"2026-02-07T03:49:56+00:00","author":{"@id":"http:\/\/elregionalvm.com.ar\/noticias-villa-maria\/#\/schema\/person\/a0fb9c422317faca23d50163151bc354"},"breadcrumb":{"@id":"https:\/\/elregionalvm.com.ar\/noticias-villa-maria\/se-inauguro-la-nueva-obra-de-iluminacion-ornamental-externa-del-anfiteatro-municipal\/#breadcrumb"},"inLanguage":"es","potentialAction":[{"@type":"ReadAction","target":["https:\/\/elregionalvm.com.ar\/noticias-villa-maria\/se-inauguro-la-nueva-obra-de-iluminacion-ornamental-externa-del-anfiteatro-municipal\/"]}]},{"@type":"ImageObject","inLanguage":"es","@id":"https:\/\/elregionalvm.com.ar\/noticias-villa-maria\/se-inauguro-la-nueva-obra-de-iluminacion-ornamental-externa-del-anfiteatro-municipal\/#primaryimage","url":"https:\/\/i0.wp.com\/elregionalvm.com.ar\/noticias-villa-maria\/wp-content\/uploads\/2026\/02\/ec3aeb8a7f78410da2d4aec2d093e184.jpeg?fit=800%2C600&ssl=1","contentUrl":"https:\/\/i0.wp.com\/elregionalvm.com.ar\/noticias-villa-maria\/wp-content\/uploads\/2026\/02\/ec3aeb8a7f78410da2d4aec2d093e184.jpeg?fit=800%2C600&ssl=1","width":800,"height":600},{"@type":"BreadcrumbList","@id":"https:\/\/elregionalvm.com.ar\/noticias-villa-maria\/se-inauguro-la-nueva-obra-de-iluminacion-ornamental-externa-del-anfiteatro-municipal\/#breadcrumb","itemListElement":[{"@type":"ListItem","position":1,"name":"Portada","item":"https:\/\/elregionalvm.com.ar\/noticias-villa-maria\/"},{"@type":"ListItem","position":2,"name":"Se inaugur\u00f3 la nueva obra de iluminaci\u00f3n ornamental externa del Anfiteatro Municipal"}]},{"@type":"WebSite","@id":"http:\/\/elregionalvm.com.ar\/noticias-villa-maria\/#website","url":"http:\/\/elregionalvm.com.ar\/noticias-villa-maria\/","name":"El Regional","description":"Mucho m\u00e1s que informaci\u00f3n","potentialAction":[{"@type":"SearchAction","target":{"@type":"EntryPoint","urlTemplate":"http:\/\/elregionalvm.com.ar\/noticias-villa-maria\/?s={search_term_string}"},"query-input":{"@type":"PropertyValueSpecification","valueRequired":true,"valueName":"search_term_string"}}],"inLanguage":"es"},{"@type":"Person","@id":"http:\/\/elregionalvm.com.ar\/noticias-villa-maria\/#\/schema\/person\/a0fb9c422317faca23d50163151bc354","name":"Contenidos El Regional","image":{"@type":"ImageObject","inLanguage":"es","@id":"http:\/\/elregionalvm.com.ar\/noticias-villa-maria\/#\/schema\/person\/image\/","url":"https:\/\/secure.gravatar.com\/avatar\/265b27cb2209af7bb3a1318f03305787d7981a5cc6e6cd08fe5a4ecdf99d4b48?s=96&d=mm&r=g","contentUrl":"https:\/\/secure.gravatar.com\/avatar\/265b27cb2209af7bb3a1318f03305787d7981a5cc6e6cd08fe5a4ecdf99d4b48?s=96&d=mm&r=g","caption":"Contenidos El Regional"},"url":"https:\/\/elregionalvm.com.ar\/noticias-villa-maria\/author\/contenido\/"}]}},"jetpack_featured_media_url":"https:\/\/i0.wp.com\/elregionalvm.com.ar\/noticias-villa-maria\/wp-content\/uploads\/2026\/02\/ec3aeb8a7f78410da2d4aec2d093e184.jpeg?fit=800%2C600&ssl=1","jetpack_sharing_enabled":true,"_links":{"self":[{"href":"https:\/\/elregionalvm.com.ar\/noticias-villa-maria\/wp-json\/wp\/v2\/posts\/113894","targetHints":{"allow":["GET"]}}],"collection":[{"href":"https:\/\/elregionalvm.com.ar\/noticias-villa-maria\/wp-json\/wp\/v2\/posts"}],"about":[{"href":"https:\/\/elregionalvm.com.ar\/noticias-villa-maria\/wp-json\/wp\/v2\/types\/post"}],"author":[{"embeddable":true,"href":"https:\/\/elregionalvm.com.ar\/noticias-villa-maria\/wp-json\/wp\/v2\/users\/4"}],"replies":[{"embeddable":true,"href":"https:\/\/elregionalvm.com.ar\/noticias-villa-maria\/wp-json\/wp\/v2\/comments?post=113894"}],"version-history":[{"count":1,"href":"https:\/\/elregionalvm.com.ar\/noticias-villa-maria\/wp-json\/wp\/v2\/posts\/113894\/revisions"}],"predecessor-version":[{"id":113896,"href":"https:\/\/elregionalvm.com.ar\/noticias-villa-maria\/wp-json\/wp\/v2\/posts\/113894\/revisions\/113896"}],"wp:featuredmedia":[{"embeddable":true,"href":"https:\/\/elregionalvm.com.ar\/noticias-villa-maria\/wp-json\/wp\/v2\/media\/113895"}],"wp:attachment":[{"href":"https:\/\/elregionalvm.com.ar\/noticias-villa-maria\/wp-json\/wp\/v2\/media?parent=113894"}],"wp:term":[{"taxonomy":"category","embeddable":true,"href":"https:\/\/elregionalvm.com.ar\/noticias-villa-maria\/wp-json\/wp\/v2\/categories?post=113894"},{"taxonomy":"post_tag","embeddable":true,"href":"https:\/\/elregionalvm.com.ar\/noticias-villa-maria\/wp-json\/wp\/v2\/tags?post=113894"}],"curies":[{"name":"wp","href":"https:\/\/api.w.org\/{rel}","templated":true}]}}