{"id":113897,"date":"2026-02-07T04:08:47","date_gmt":"2026-02-07T04:08:47","guid":{"rendered":"https:\/\/elregionalvm.com.ar\/noticias-villa-maria\/?p=113897"},"modified":"2026-02-07T04:08:49","modified_gmt":"2026-02-07T04:08:49","slug":"una-cuarta-delegacion-de-bomberos-cordobeses-viaja-al-sur-del-pais-para-combatir-los-incendios-en-chubut","status":"publish","type":"post","link":"https:\/\/elregionalvm.com.ar\/noticias-villa-maria\/una-cuarta-delegacion-de-bomberos-cordobeses-viaja-al-sur-del-pais-para-combatir-los-incendios-en-chubut\/","title":{"rendered":"Una cuarta delegaci\u00f3n de bomberos cordobeses viaja al sur del pa\u00eds para combatir los incendios en Chubut"},"content":{"rendered":"\n<p>Una cuarta delegaci\u00f3n compuesta por 30 bomberos voluntarios pertenecientes a la Federaci\u00f3n de Bomberos Voluntarios de C\u00f3rdoba, Agrupaci\u00f3n Serrana de Bomberos de C\u00f3rdoba, Plan Provincial de Manejo del Fuego, y de la Secretar\u00eda de Gesti\u00f3n de Riesgo, emprendi\u00f3 un viaje de m\u00e1s de 1.700 kil\u00f3metros este viernes hasta la zona de Cholila, en la provincia de Chubut.<\/p>\n\n\n\n<p>Bomberos de ETAC que actualmente se encuentra en el lugar, se quedar\u00e1n en la zona para integrarse a este grupo.<\/p>\n\n\n\n<p>Con el env\u00edo de esta cuarta delegaci\u00f3n por parte del Gobierno Provincial, se contabiliza un total de 150 bomberos voluntarios que habr\u00e1n prestado colaboraci\u00f3n en los focos de incendio de Cholila, El Mait\u00e9n, El Hoyo y del Parque Nacional Los Alerces, en la zona de la Comarca Andina chubutense.<\/p>\n\n\n\n<p>La delegaci\u00f3n fue despedida por el ministro de Seguridad, Juan Pablo Quinteros, y por el secretario de Gesti\u00f3n de Riesgo, Marcelo Zornada, quienes agradecieron a los brigadistas su compromiso y ratificaron el total apoyo del Gobierno Provincial en la provisi\u00f3n de los recursos necesarios para hacer frente a esta colaboraci\u00f3n.<\/p>\n","protected":false},"excerpt":{"rendered":"<p>Una cuarta delegaci\u00f3n compuesta por 30 bomberos voluntarios pertenecientes a la Federaci\u00f3n de Bomberos Voluntarios de C\u00f3rdoba, Agrupaci\u00f3n Serrana de Bomberos de C\u00f3rdoba, Plan Provincial de Manejo del Fuego, y de la Secretar\u00eda de Gesti\u00f3n de Riesgo, emprendi\u00f3 un viaje de m\u00e1s de 1.700 kil\u00f3metros este viernes hasta la zona de Cholila, en la provincia [&hellip;]<\/p>\n","protected":false},"author":4,"featured_media":113899,"comment_status":"open","ping_status":"open","sticky":false,"template":"","format":"standard","meta":{"site-sidebar-layout":"default","site-content-layout":"","ast-site-content-layout":"default","site-content-style":"default","site-sidebar-style":"default","ast-global-header-display":"","ast-banner-title-visibility":"","ast-main-header-display":"","ast-hfb-above-header-display":"","ast-hfb-below-header-display":"","ast-hfb-mobile-header-display":"","site-post-title":"","ast-breadcrumbs-content":"","ast-featured-img":"","footer-sml-layout":"","ast-disable-related-posts":"","theme-transparent-header-meta":"","adv-header-id-meta":"","stick-header-meta":"","header-above-stick-meta":"","header-main-stick-meta":"","header-below-stick-meta":"","astra-migrate-meta-layouts":"set","ast-page-background-enabled":"default","ast-page-background-meta":{"desktop":{"background-color":"","background-image":"","background-repeat":"repeat","background-position":"center center","background-size":"auto","background-attachment":"scroll","background-type":"","background-media":"","overlay-type":"","overlay-color":"","overlay-opacity":"","overlay-gradient":""},"tablet":{"background-color":"","background-image":"","background-repeat":"repeat","background-position":"center center","background-size":"auto","background-attachment":"scroll","background-type":"","background-media":"","overlay-type":"","overlay-color":"","overlay-opacity":"","overlay-gradient":""},"mobile":{"background-color":"","background-image":"","background-repeat":"repeat","background-position":"center center","background-size":"auto","background-attachment":"scroll","background-type":"","background-media":"","overlay-type":"","overlay-color":"","overlay-opacity":"","overlay-gradient":""}},"ast-content-background-meta":{"desktop":{"background-color":"var(--ast-global-color-5)","background-image":"","background-repeat":"repeat","background-position":"center center","background-size":"auto","background-attachment":"scroll","background-type":"","background-media":"","overlay-type":"","overlay-color":"","overlay-opacity":"","overlay-gradient":""},"tablet":{"background-color":"var(--ast-global-color-5)","background-image":"","background-repeat":"repeat","background-position":"center center","background-size":"auto","background-attachment":"scroll","background-type":"","background-media":"","overlay-type":"","overlay-color":"","overlay-opacity":"","overlay-gradient":""},"mobile":{"background-color":"var(--ast-global-color-5)","background-image":"","background-repeat":"repeat","background-position":"center center","background-size":"auto","background-attachment":"scroll","background-type":"","background-media":"","overlay-type":"","overlay-color":"","overlay-opacity":"","overlay-gradient":""}},"_jetpack_memberships_contains_paid_content":false,"_joinchat":[],"footnotes":""},"categories":[15302,16095],"tags":[],"class_list":["post-113897","post","type-post","status-publish","format-standard","has-post-thumbnail","hentry","category-destacado","category-provinciales"],"yoast_head":"<!-- This site is optimized with the Yoast SEO plugin v26.8 - https:\/\/yoast.com\/product\/yoast-seo-wordpress\/ -->\n<title>Una cuarta delegaci\u00f3n de bomberos cordobeses viaja al sur del pa\u00eds para combatir los incendios en Chubut - El Regional<\/title>\n<meta name=\"robots\" content=\"index, follow, max-snippet:-1, max-image-preview:large, max-video-preview:-1\" \/>\n<link rel=\"canonical\" href=\"https:\/\/elregionalvm.com.ar\/noticias-villa-maria\/una-cuarta-delegacion-de-bomberos-cordobeses-viaja-al-sur-del-pais-para-combatir-los-incendios-en-chubut\/\" \/>\n<meta property=\"og:locale\" content=\"es_ES\" \/>\n<meta property=\"og:type\" content=\"article\" \/>\n<meta property=\"og:title\" content=\"Una cuarta delegaci\u00f3n de bomberos cordobeses viaja al sur del pa\u00eds para combatir los incendios en Chubut - El Regional\" \/>\n<meta property=\"og:description\" content=\"Una cuarta delegaci\u00f3n compuesta por 30 bomberos voluntarios pertenecientes a la Federaci\u00f3n de Bomberos Voluntarios de C\u00f3rdoba, Agrupaci\u00f3n Serrana de Bomberos de C\u00f3rdoba, Plan Provincial de Manejo del Fuego, y de la Secretar\u00eda de Gesti\u00f3n de Riesgo, emprendi\u00f3 un viaje de m\u00e1s de 1.700 kil\u00f3metros este viernes hasta la zona de Cholila, en la provincia [&hellip;]\" \/>\n<meta property=\"og:url\" content=\"https:\/\/elregionalvm.com.ar\/noticias-villa-maria\/una-cuarta-delegacion-de-bomberos-cordobeses-viaja-al-sur-del-pais-para-combatir-los-incendios-en-chubut\/\" \/>\n<meta property=\"og:site_name\" content=\"El Regional\" \/>\n<meta property=\"article:publisher\" content=\"https:\/\/www.facebook.com\/elregionalvm\" \/>\n<meta property=\"article:published_time\" content=\"2026-02-07T04:08:47+00:00\" \/>\n<meta property=\"article:modified_time\" content=\"2026-02-07T04:08:49+00:00\" \/>\n<meta property=\"og:image\" content=\"https:\/\/elregionalvm.com.ar\/noticias-villa-maria\/wp-content\/uploads\/2026\/02\/WhatsApp-Image-2026-02-06-at-21.12.10.jpeg\" \/>\n\t<meta property=\"og:image:width\" content=\"1280\" \/>\n\t<meta property=\"og:image:height\" content=\"853\" \/>\n\t<meta property=\"og:image:type\" content=\"image\/jpeg\" \/>\n<meta name=\"author\" content=\"Contenidos El Regional\" \/>\n<meta name=\"twitter:card\" content=\"summary_large_image\" \/>\n<meta name=\"twitter:creator\" content=\"@elregionalvm1\" \/>\n<meta name=\"twitter:site\" content=\"@elregionalvm1\" \/>\n<meta name=\"twitter:label1\" content=\"Escrito por\" \/>\n\t<meta name=\"twitter:data1\" content=\"Contenidos El Regional\" \/>\n\t<meta name=\"twitter:label2\" content=\"Tiempo de lectura\" \/>\n\t<meta name=\"twitter:data2\" content=\"2 minutos\" \/>\n<script type=\"application\/ld+json\" class=\"yoast-schema-graph\">{\"@context\":\"https:\/\/schema.org\",\"@graph\":[{\"@type\":\"Article\",\"@id\":\"https:\/\/elregionalvm.com.ar\/noticias-villa-maria\/una-cuarta-delegacion-de-bomberos-cordobeses-viaja-al-sur-del-pais-para-combatir-los-incendios-en-chubut\/#article\",\"isPartOf\":{\"@id\":\"https:\/\/elregionalvm.com.ar\/noticias-villa-maria\/una-cuarta-delegacion-de-bomberos-cordobeses-viaja-al-sur-del-pais-para-combatir-los-incendios-en-chubut\/\"},\"author\":{\"name\":\"Contenidos El Regional\",\"@id\":\"http:\/\/elregionalvm.com.ar\/noticias-villa-maria\/#\/schema\/person\/a0fb9c422317faca23d50163151bc354\"},\"headline\":\"Una cuarta delegaci\u00f3n de bomberos cordobeses viaja al sur del pa\u00eds para combatir los incendios en Chubut\",\"datePublished\":\"2026-02-07T04:08:47+00:00\",\"dateModified\":\"2026-02-07T04:08:49+00:00\",\"mainEntityOfPage\":{\"@id\":\"https:\/\/elregionalvm.com.ar\/noticias-villa-maria\/una-cuarta-delegacion-de-bomberos-cordobeses-viaja-al-sur-del-pais-para-combatir-los-incendios-en-chubut\/\"},\"wordCount\":211,\"commentCount\":0,\"image\":{\"@id\":\"https:\/\/elregionalvm.com.ar\/noticias-villa-maria\/una-cuarta-delegacion-de-bomberos-cordobeses-viaja-al-sur-del-pais-para-combatir-los-incendios-en-chubut\/#primaryimage\"},\"thumbnailUrl\":\"https:\/\/i0.wp.com\/elregionalvm.com.ar\/noticias-villa-maria\/wp-content\/uploads\/2026\/02\/WhatsApp-Image-2026-02-06-at-21.12.10.jpeg?fit=1280%2C853&ssl=1\",\"articleSection\":[\"destacado\",\"Provinciales\"],\"inLanguage\":\"es\",\"potentialAction\":[{\"@type\":\"CommentAction\",\"name\":\"Comment\",\"target\":[\"https:\/\/elregionalvm.com.ar\/noticias-villa-maria\/una-cuarta-delegacion-de-bomberos-cordobeses-viaja-al-sur-del-pais-para-combatir-los-incendios-en-chubut\/#respond\"]}]},{\"@type\":\"WebPage\",\"@id\":\"https:\/\/elregionalvm.com.ar\/noticias-villa-maria\/una-cuarta-delegacion-de-bomberos-cordobeses-viaja-al-sur-del-pais-para-combatir-los-incendios-en-chubut\/\",\"url\":\"https:\/\/elregionalvm.com.ar\/noticias-villa-maria\/una-cuarta-delegacion-de-bomberos-cordobeses-viaja-al-sur-del-pais-para-combatir-los-incendios-en-chubut\/\",\"name\":\"Una cuarta delegaci\u00f3n de bomberos cordobeses viaja al sur del pa\u00eds para combatir los incendios en Chubut - El Regional\",\"isPartOf\":{\"@id\":\"http:\/\/elregionalvm.com.ar\/noticias-villa-maria\/#website\"},\"primaryImageOfPage\":{\"@id\":\"https:\/\/elregionalvm.com.ar\/noticias-villa-maria\/una-cuarta-delegacion-de-bomberos-cordobeses-viaja-al-sur-del-pais-para-combatir-los-incendios-en-chubut\/#primaryimage\"},\"image\":{\"@id\":\"https:\/\/elregionalvm.com.ar\/noticias-villa-maria\/una-cuarta-delegacion-de-bomberos-cordobeses-viaja-al-sur-del-pais-para-combatir-los-incendios-en-chubut\/#primaryimage\"},\"thumbnailUrl\":\"https:\/\/i0.wp.com\/elregionalvm.com.ar\/noticias-villa-maria\/wp-content\/uploads\/2026\/02\/WhatsApp-Image-2026-02-06-at-21.12.10.jpeg?fit=1280%2C853&ssl=1\",\"datePublished\":\"2026-02-07T04:08:47+00:00\",\"dateModified\":\"2026-02-07T04:08:49+00:00\",\"author\":{\"@id\":\"http:\/\/elregionalvm.com.ar\/noticias-villa-maria\/#\/schema\/person\/a0fb9c422317faca23d50163151bc354\"},\"breadcrumb\":{\"@id\":\"https:\/\/elregionalvm.com.ar\/noticias-villa-maria\/una-cuarta-delegacion-de-bomberos-cordobeses-viaja-al-sur-del-pais-para-combatir-los-incendios-en-chubut\/#breadcrumb\"},\"inLanguage\":\"es\",\"potentialAction\":[{\"@type\":\"ReadAction\",\"target\":[\"https:\/\/elregionalvm.com.ar\/noticias-villa-maria\/una-cuarta-delegacion-de-bomberos-cordobeses-viaja-al-sur-del-pais-para-combatir-los-incendios-en-chubut\/\"]}]},{\"@type\":\"ImageObject\",\"inLanguage\":\"es\",\"@id\":\"https:\/\/elregionalvm.com.ar\/noticias-villa-maria\/una-cuarta-delegacion-de-bomberos-cordobeses-viaja-al-sur-del-pais-para-combatir-los-incendios-en-chubut\/#primaryimage\",\"url\":\"https:\/\/i0.wp.com\/elregionalvm.com.ar\/noticias-villa-maria\/wp-content\/uploads\/2026\/02\/WhatsApp-Image-2026-02-06-at-21.12.10.jpeg?fit=1280%2C853&ssl=1\",\"contentUrl\":\"https:\/\/i0.wp.com\/elregionalvm.com.ar\/noticias-villa-maria\/wp-content\/uploads\/2026\/02\/WhatsApp-Image-2026-02-06-at-21.12.10.jpeg?fit=1280%2C853&ssl=1\",\"width\":1280,\"height\":853},{\"@type\":\"BreadcrumbList\",\"@id\":\"https:\/\/elregionalvm.com.ar\/noticias-villa-maria\/una-cuarta-delegacion-de-bomberos-cordobeses-viaja-al-sur-del-pais-para-combatir-los-incendios-en-chubut\/#breadcrumb\",\"itemListElement\":[{\"@type\":\"ListItem\",\"position\":1,\"name\":\"Portada\",\"item\":\"https:\/\/elregionalvm.com.ar\/noticias-villa-maria\/\"},{\"@type\":\"ListItem\",\"position\":2,\"name\":\"Una cuarta delegaci\u00f3n de bomberos cordobeses viaja al sur del pa\u00eds para combatir los incendios en Chubut\"}]},{\"@type\":\"WebSite\",\"@id\":\"http:\/\/elregionalvm.com.ar\/noticias-villa-maria\/#website\",\"url\":\"http:\/\/elregionalvm.com.ar\/noticias-villa-maria\/\",\"name\":\"El Regional\",\"description\":\"Mucho m\u00e1s que informaci\u00f3n\",\"potentialAction\":[{\"@type\":\"SearchAction\",\"target\":{\"@type\":\"EntryPoint\",\"urlTemplate\":\"http:\/\/elregionalvm.com.ar\/noticias-villa-maria\/?s={search_term_string}\"},\"query-input\":{\"@type\":\"PropertyValueSpecification\",\"valueRequired\":true,\"valueName\":\"search_term_string\"}}],\"inLanguage\":\"es\"},{\"@type\":\"Person\",\"@id\":\"http:\/\/elregionalvm.com.ar\/noticias-villa-maria\/#\/schema\/person\/a0fb9c422317faca23d50163151bc354\",\"name\":\"Contenidos El Regional\",\"image\":{\"@type\":\"ImageObject\",\"inLanguage\":\"es\",\"@id\":\"http:\/\/elregionalvm.com.ar\/noticias-villa-maria\/#\/schema\/person\/image\/\",\"url\":\"https:\/\/secure.gravatar.com\/avatar\/265b27cb2209af7bb3a1318f03305787d7981a5cc6e6cd08fe5a4ecdf99d4b48?s=96&d=mm&r=g\",\"contentUrl\":\"https:\/\/secure.gravatar.com\/avatar\/265b27cb2209af7bb3a1318f03305787d7981a5cc6e6cd08fe5a4ecdf99d4b48?s=96&d=mm&r=g\",\"caption\":\"Contenidos El Regional\"},\"url\":\"https:\/\/elregionalvm.com.ar\/noticias-villa-maria\/author\/contenido\/\"}]}<\/script>\n<!-- \/ Yoast SEO plugin. -->","yoast_head_json":{"title":"Una cuarta delegaci\u00f3n de bomberos cordobeses viaja al sur del pa\u00eds para combatir los incendios en Chubut - El Regional","robots":{"index":"index","follow":"follow","max-snippet":"max-snippet:-1","max-image-preview":"max-image-preview:large","max-video-preview":"max-video-preview:-1"},"canonical":"https:\/\/elregionalvm.com.ar\/noticias-villa-maria\/una-cuarta-delegacion-de-bomberos-cordobeses-viaja-al-sur-del-pais-para-combatir-los-incendios-en-chubut\/","og_locale":"es_ES","og_type":"article","og_title":"Una cuarta delegaci\u00f3n de bomberos cordobeses viaja al sur del pa\u00eds para combatir los incendios en Chubut - El Regional","og_description":"Una cuarta delegaci\u00f3n compuesta por 30 bomberos voluntarios pertenecientes a la Federaci\u00f3n de Bomberos Voluntarios de C\u00f3rdoba, Agrupaci\u00f3n Serrana de Bomberos de C\u00f3rdoba, Plan Provincial de Manejo del Fuego, y de la Secretar\u00eda de Gesti\u00f3n de Riesgo, emprendi\u00f3 un viaje de m\u00e1s de 1.700 kil\u00f3metros este viernes hasta la zona de Cholila, en la provincia [&hellip;]","og_url":"https:\/\/elregionalvm.com.ar\/noticias-villa-maria\/una-cuarta-delegacion-de-bomberos-cordobeses-viaja-al-sur-del-pais-para-combatir-los-incendios-en-chubut\/","og_site_name":"El Regional","article_publisher":"https:\/\/www.facebook.com\/elregionalvm","article_published_time":"2026-02-07T04:08:47+00:00","article_modified_time":"2026-02-07T04:08:49+00:00","og_image":[{"width":1280,"height":853,"url":"https:\/\/elregionalvm.com.ar\/noticias-villa-maria\/wp-content\/uploads\/2026\/02\/WhatsApp-Image-2026-02-06-at-21.12.10.jpeg","type":"image\/jpeg"}],"author":"Contenidos El Regional","twitter_card":"summary_large_image","twitter_creator":"@elregionalvm1","twitter_site":"@elregionalvm1","twitter_misc":{"Escrito por":"Contenidos El Regional","Tiempo de lectura":"2 minutos"},"schema":{"@context":"https:\/\/schema.org","@graph":[{"@type":"Article","@id":"https:\/\/elregionalvm.com.ar\/noticias-villa-maria\/una-cuarta-delegacion-de-bomberos-cordobeses-viaja-al-sur-del-pais-para-combatir-los-incendios-en-chubut\/#article","isPartOf":{"@id":"https:\/\/elregionalvm.com.ar\/noticias-villa-maria\/una-cuarta-delegacion-de-bomberos-cordobeses-viaja-al-sur-del-pais-para-combatir-los-incendios-en-chubut\/"},"author":{"name":"Contenidos El Regional","@id":"http:\/\/elregionalvm.com.ar\/noticias-villa-maria\/#\/schema\/person\/a0fb9c422317faca23d50163151bc354"},"headline":"Una cuarta delegaci\u00f3n de bomberos cordobeses viaja al sur del pa\u00eds para combatir los incendios en Chubut","datePublished":"2026-02-07T04:08:47+00:00","dateModified":"2026-02-07T04:08:49+00:00","mainEntityOfPage":{"@id":"https:\/\/elregionalvm.com.ar\/noticias-villa-maria\/una-cuarta-delegacion-de-bomberos-cordobeses-viaja-al-sur-del-pais-para-combatir-los-incendios-en-chubut\/"},"wordCount":211,"commentCount":0,"image":{"@id":"https:\/\/elregionalvm.com.ar\/noticias-villa-maria\/una-cuarta-delegacion-de-bomberos-cordobeses-viaja-al-sur-del-pais-para-combatir-los-incendios-en-chubut\/#primaryimage"},"thumbnailUrl":"https:\/\/i0.wp.com\/elregionalvm.com.ar\/noticias-villa-maria\/wp-content\/uploads\/2026\/02\/WhatsApp-Image-2026-02-06-at-21.12.10.jpeg?fit=1280%2C853&ssl=1","articleSection":["destacado","Provinciales"],"inLanguage":"es","potentialAction":[{"@type":"CommentAction","name":"Comment","target":["https:\/\/elregionalvm.com.ar\/noticias-villa-maria\/una-cuarta-delegacion-de-bomberos-cordobeses-viaja-al-sur-del-pais-para-combatir-los-incendios-en-chubut\/#respond"]}]},{"@type":"WebPage","@id":"https:\/\/elregionalvm.com.ar\/noticias-villa-maria\/una-cuarta-delegacion-de-bomberos-cordobeses-viaja-al-sur-del-pais-para-combatir-los-incendios-en-chubut\/","url":"https:\/\/elregionalvm.com.ar\/noticias-villa-maria\/una-cuarta-delegacion-de-bomberos-cordobeses-viaja-al-sur-del-pais-para-combatir-los-incendios-en-chubut\/","name":"Una cuarta delegaci\u00f3n de bomberos cordobeses viaja al sur del pa\u00eds para combatir los incendios en Chubut - El Regional","isPartOf":{"@id":"http:\/\/elregionalvm.com.ar\/noticias-villa-maria\/#website"},"primaryImageOfPage":{"@id":"https:\/\/elregionalvm.com.ar\/noticias-villa-maria\/una-cuarta-delegacion-de-bomberos-cordobeses-viaja-al-sur-del-pais-para-combatir-los-incendios-en-chubut\/#primaryimage"},"image":{"@id":"https:\/\/elregionalvm.com.ar\/noticias-villa-maria\/una-cuarta-delegacion-de-bomberos-cordobeses-viaja-al-sur-del-pais-para-combatir-los-incendios-en-chubut\/#primaryimage"},"thumbnailUrl":"https:\/\/i0.wp.com\/elregionalvm.com.ar\/noticias-villa-maria\/wp-content\/uploads\/2026\/02\/WhatsApp-Image-2026-02-06-at-21.12.10.jpeg?fit=1280%2C853&ssl=1","datePublished":"2026-02-07T04:08:47+00:00","dateModified":"2026-02-07T04:08:49+00:00","author":{"@id":"http:\/\/elregionalvm.com.ar\/noticias-villa-maria\/#\/schema\/person\/a0fb9c422317faca23d50163151bc354"},"breadcrumb":{"@id":"https:\/\/elregionalvm.com.ar\/noticias-villa-maria\/una-cuarta-delegacion-de-bomberos-cordobeses-viaja-al-sur-del-pais-para-combatir-los-incendios-en-chubut\/#breadcrumb"},"inLanguage":"es","potentialAction":[{"@type":"ReadAction","target":["https:\/\/elregionalvm.com.ar\/noticias-villa-maria\/una-cuarta-delegacion-de-bomberos-cordobeses-viaja-al-sur-del-pais-para-combatir-los-incendios-en-chubut\/"]}]},{"@type":"ImageObject","inLanguage":"es","@id":"https:\/\/elregionalvm.com.ar\/noticias-villa-maria\/una-cuarta-delegacion-de-bomberos-cordobeses-viaja-al-sur-del-pais-para-combatir-los-incendios-en-chubut\/#primaryimage","url":"https:\/\/i0.wp.com\/elregionalvm.com.ar\/noticias-villa-maria\/wp-content\/uploads\/2026\/02\/WhatsApp-Image-2026-02-06-at-21.12.10.jpeg?fit=1280%2C853&ssl=1","contentUrl":"https:\/\/i0.wp.com\/elregionalvm.com.ar\/noticias-villa-maria\/wp-content\/uploads\/2026\/02\/WhatsApp-Image-2026-02-06-at-21.12.10.jpeg?fit=1280%2C853&ssl=1","width":1280,"height":853},{"@type":"BreadcrumbList","@id":"https:\/\/elregionalvm.com.ar\/noticias-villa-maria\/una-cuarta-delegacion-de-bomberos-cordobeses-viaja-al-sur-del-pais-para-combatir-los-incendios-en-chubut\/#breadcrumb","itemListElement":[{"@type":"ListItem","position":1,"name":"Portada","item":"https:\/\/elregionalvm.com.ar\/noticias-villa-maria\/"},{"@type":"ListItem","position":2,"name":"Una cuarta delegaci\u00f3n de bomberos cordobeses viaja al sur del pa\u00eds para combatir los incendios en Chubut"}]},{"@type":"WebSite","@id":"http:\/\/elregionalvm.com.ar\/noticias-villa-maria\/#website","url":"http:\/\/elregionalvm.com.ar\/noticias-villa-maria\/","name":"El Regional","description":"Mucho m\u00e1s que informaci\u00f3n","potentialAction":[{"@type":"SearchAction","target":{"@type":"EntryPoint","urlTemplate":"http:\/\/elregionalvm.com.ar\/noticias-villa-maria\/?s={search_term_string}"},"query-input":{"@type":"PropertyValueSpecification","valueRequired":true,"valueName":"search_term_string"}}],"inLanguage":"es"},{"@type":"Person","@id":"http:\/\/elregionalvm.com.ar\/noticias-villa-maria\/#\/schema\/person\/a0fb9c422317faca23d50163151bc354","name":"Contenidos El Regional","image":{"@type":"ImageObject","inLanguage":"es","@id":"http:\/\/elregionalvm.com.ar\/noticias-villa-maria\/#\/schema\/person\/image\/","url":"https:\/\/secure.gravatar.com\/avatar\/265b27cb2209af7bb3a1318f03305787d7981a5cc6e6cd08fe5a4ecdf99d4b48?s=96&d=mm&r=g","contentUrl":"https:\/\/secure.gravatar.com\/avatar\/265b27cb2209af7bb3a1318f03305787d7981a5cc6e6cd08fe5a4ecdf99d4b48?s=96&d=mm&r=g","caption":"Contenidos El Regional"},"url":"https:\/\/elregionalvm.com.ar\/noticias-villa-maria\/author\/contenido\/"}]}},"jetpack_featured_media_url":"https:\/\/i0.wp.com\/elregionalvm.com.ar\/noticias-villa-maria\/wp-content\/uploads\/2026\/02\/WhatsApp-Image-2026-02-06-at-21.12.10.jpeg?fit=1280%2C853&ssl=1","jetpack_sharing_enabled":true,"_links":{"self":[{"href":"https:\/\/elregionalvm.com.ar\/noticias-villa-maria\/wp-json\/wp\/v2\/posts\/113897","targetHints":{"allow":["GET"]}}],"collection":[{"href":"https:\/\/elregionalvm.com.ar\/noticias-villa-maria\/wp-json\/wp\/v2\/posts"}],"about":[{"href":"https:\/\/elregionalvm.com.ar\/noticias-villa-maria\/wp-json\/wp\/v2\/types\/post"}],"author":[{"embeddable":true,"href":"https:\/\/elregionalvm.com.ar\/noticias-villa-maria\/wp-json\/wp\/v2\/users\/4"}],"replies":[{"embeddable":true,"href":"https:\/\/elregionalvm.com.ar\/noticias-villa-maria\/wp-json\/wp\/v2\/comments?post=113897"}],"version-history":[{"count":1,"href":"https:\/\/elregionalvm.com.ar\/noticias-villa-maria\/wp-json\/wp\/v2\/posts\/113897\/revisions"}],"predecessor-version":[{"id":113900,"href":"https:\/\/elregionalvm.com.ar\/noticias-villa-maria\/wp-json\/wp\/v2\/posts\/113897\/revisions\/113900"}],"wp:featuredmedia":[{"embeddable":true,"href":"https:\/\/elregionalvm.com.ar\/noticias-villa-maria\/wp-json\/wp\/v2\/media\/113899"}],"wp:attachment":[{"href":"https:\/\/elregionalvm.com.ar\/noticias-villa-maria\/wp-json\/wp\/v2\/media?parent=113897"}],"wp:term":[{"taxonomy":"category","embeddable":true,"href":"https:\/\/elregionalvm.com.ar\/noticias-villa-maria\/wp-json\/wp\/v2\/categories?post=113897"},{"taxonomy":"post_tag","embeddable":true,"href":"https:\/\/elregionalvm.com.ar\/noticias-villa-maria\/wp-json\/wp\/v2\/tags?post=113897"}],"curies":[{"name":"wp","href":"https:\/\/api.w.org\/{rel}","templated":true}]}}