{"id":113904,"date":"2026-02-07T04:38:14","date_gmt":"2026-02-07T04:38:14","guid":{"rendered":"https:\/\/elregionalvm.com.ar\/noticias-villa-maria\/?p=113904"},"modified":"2026-02-07T04:38:16","modified_gmt":"2026-02-07T04:38:16","slug":"el-pilt-suma-una-nueva-empresa-del-sector-nutricion-animal","status":"publish","type":"post","link":"https:\/\/elregionalvm.com.ar\/noticias-villa-maria\/el-pilt-suma-una-nueva-empresa-del-sector-nutricion-animal\/","title":{"rendered":"El PILT suma una nueva empresa del sector nutrici\u00f3n animal"},"content":{"rendered":"\n<p>La firma Compromeise ultima los detalles para comenzar a operar en su nueva planta, actualmente en etapa final de obra.<br>Entre fines de marzo y comienzos de abril, la empresa de nutrici\u00f3n animal Compromeise prev\u00e9 finalizar las obras de su nueva planta para dar inicio a sus actividades en el Parque Industrial, Log\u00edstico y Tecnol\u00f3gico Villa Mar\u00eda (PILT).<br>La instalaci\u00f3n consiste en una nave de 800 metros cuadrados cubiertos, emplazada sobre un terreno de 2.600 metros cuadrados, lo que permitir\u00e1 proyectar futuras ampliaciones en funci\u00f3n del crecimiento productivo de la firma. La radicaci\u00f3n de la empresa en el predio representa un nuevo aporte al entramado productivo local y regional.<br>Compromeise se dedica a la nutrici\u00f3n animal y brinda un servicio integral de asesoramiento t\u00e9cnico a sus clientes. Su actividad principal es la fabricaci\u00f3n de productos destinados a la alimentaci\u00f3n de bovinos y porcinos, adem\u00e1s de elaborar soluciones para aves y el segmento de petfood.<br>La firma produce alimentos terminados para consumo animal, as\u00ed como tambi\u00e9n aditivos e ingredientes utilizados en la formulaci\u00f3n de productos de nutrici\u00f3n animal. A su vez, representa y comercializa productos de otras empresas del sector.<br>Dentro de su cartera se incluyen premezclas y n\u00facleos vitam\u00ednico-minerales, sustitutos l\u00e1cteos, concentrados proteicos, alimentos iniciadores e inhibidores de micotoxinas, entre otros desarrollos espec\u00edficos.<\/p>\n","protected":false},"excerpt":{"rendered":"<p>La firma Compromeise ultima los detalles para comenzar a operar en su nueva planta, actualmente en etapa final de obra.Entre fines de marzo y comienzos de abril, la empresa de nutrici\u00f3n animal Compromeise prev\u00e9 finalizar las obras de su nueva planta para dar inicio a sus actividades en el Parque Industrial, Log\u00edstico y Tecnol\u00f3gico Villa [&hellip;]<\/p>\n","protected":false},"author":4,"featured_media":113905,"comment_status":"open","ping_status":"open","sticky":false,"template":"","format":"standard","meta":{"site-sidebar-layout":"default","site-content-layout":"","ast-site-content-layout":"default","site-content-style":"default","site-sidebar-style":"default","ast-global-header-display":"","ast-banner-title-visibility":"","ast-main-header-display":"","ast-hfb-above-header-display":"","ast-hfb-below-header-display":"","ast-hfb-mobile-header-display":"","site-post-title":"","ast-breadcrumbs-content":"","ast-featured-img":"","footer-sml-layout":"","ast-disable-related-posts":"","theme-transparent-header-meta":"","adv-header-id-meta":"","stick-header-meta":"","header-above-stick-meta":"","header-main-stick-meta":"","header-below-stick-meta":"","astra-migrate-meta-layouts":"set","ast-page-background-enabled":"default","ast-page-background-meta":{"desktop":{"background-color":"","background-image":"","background-repeat":"repeat","background-position":"center center","background-size":"auto","background-attachment":"scroll","background-type":"","background-media":"","overlay-type":"","overlay-color":"","overlay-opacity":"","overlay-gradient":""},"tablet":{"background-color":"","background-image":"","background-repeat":"repeat","background-position":"center center","background-size":"auto","background-attachment":"scroll","background-type":"","background-media":"","overlay-type":"","overlay-color":"","overlay-opacity":"","overlay-gradient":""},"mobile":{"background-color":"","background-image":"","background-repeat":"repeat","background-position":"center center","background-size":"auto","background-attachment":"scroll","background-type":"","background-media":"","overlay-type":"","overlay-color":"","overlay-opacity":"","overlay-gradient":""}},"ast-content-background-meta":{"desktop":{"background-color":"var(--ast-global-color-5)","background-image":"","background-repeat":"repeat","background-position":"center center","background-size":"auto","background-attachment":"scroll","background-type":"","background-media":"","overlay-type":"","overlay-color":"","overlay-opacity":"","overlay-gradient":""},"tablet":{"background-color":"var(--ast-global-color-5)","background-image":"","background-repeat":"repeat","background-position":"center center","background-size":"auto","background-attachment":"scroll","background-type":"","background-media":"","overlay-type":"","overlay-color":"","overlay-opacity":"","overlay-gradient":""},"mobile":{"background-color":"var(--ast-global-color-5)","background-image":"","background-repeat":"repeat","background-position":"center center","background-size":"auto","background-attachment":"scroll","background-type":"","background-media":"","overlay-type":"","overlay-color":"","overlay-opacity":"","overlay-gradient":""}},"_jetpack_memberships_contains_paid_content":false,"_joinchat":[],"footnotes":""},"categories":[15302,5,2],"tags":[],"class_list":["post-113904","post","type-post","status-publish","format-standard","has-post-thumbnail","hentry","category-destacado","category-sociedad","category-villa-maria"],"yoast_head":"<!-- This site is optimized with the Yoast SEO plugin v26.8 - https:\/\/yoast.com\/product\/yoast-seo-wordpress\/ -->\n<title>El PILT suma una nueva empresa del sector nutrici\u00f3n animal - El Regional<\/title>\n<meta name=\"robots\" content=\"index, follow, max-snippet:-1, max-image-preview:large, max-video-preview:-1\" \/>\n<link rel=\"canonical\" href=\"https:\/\/elregionalvm.com.ar\/noticias-villa-maria\/el-pilt-suma-una-nueva-empresa-del-sector-nutricion-animal\/\" \/>\n<meta property=\"og:locale\" content=\"es_ES\" \/>\n<meta property=\"og:type\" content=\"article\" \/>\n<meta property=\"og:title\" content=\"El PILT suma una nueva empresa del sector nutrici\u00f3n animal - El Regional\" \/>\n<meta property=\"og:description\" content=\"La firma Compromeise ultima los detalles para comenzar a operar en su nueva planta, actualmente en etapa final de obra.Entre fines de marzo y comienzos de abril, la empresa de nutrici\u00f3n animal Compromeise prev\u00e9 finalizar las obras de su nueva planta para dar inicio a sus actividades en el Parque Industrial, Log\u00edstico y Tecnol\u00f3gico Villa [&hellip;]\" \/>\n<meta property=\"og:url\" content=\"https:\/\/elregionalvm.com.ar\/noticias-villa-maria\/el-pilt-suma-una-nueva-empresa-del-sector-nutricion-animal\/\" \/>\n<meta property=\"og:site_name\" content=\"El Regional\" \/>\n<meta property=\"article:publisher\" content=\"https:\/\/www.facebook.com\/elregionalvm\" \/>\n<meta property=\"article:published_time\" content=\"2026-02-07T04:38:14+00:00\" \/>\n<meta property=\"article:modified_time\" content=\"2026-02-07T04:38:16+00:00\" \/>\n<meta property=\"og:image\" content=\"https:\/\/elregionalvm.com.ar\/noticias-villa-maria\/wp-content\/uploads\/2026\/02\/WhatsApp-Image-2026-02-06-at-11.59.24.jpeg\" \/>\n\t<meta property=\"og:image:width\" content=\"1600\" \/>\n\t<meta property=\"og:image:height\" content=\"1036\" \/>\n\t<meta property=\"og:image:type\" content=\"image\/jpeg\" \/>\n<meta name=\"author\" content=\"Contenidos El Regional\" \/>\n<meta name=\"twitter:card\" content=\"summary_large_image\" \/>\n<meta name=\"twitter:creator\" content=\"@elregionalvm1\" \/>\n<meta name=\"twitter:site\" content=\"@elregionalvm1\" \/>\n<meta name=\"twitter:label1\" content=\"Escrito por\" \/>\n\t<meta name=\"twitter:data1\" content=\"Contenidos El Regional\" \/>\n\t<meta name=\"twitter:label2\" content=\"Tiempo de lectura\" \/>\n\t<meta name=\"twitter:data2\" content=\"2 minutos\" \/>\n<script type=\"application\/ld+json\" class=\"yoast-schema-graph\">{\"@context\":\"https:\/\/schema.org\",\"@graph\":[{\"@type\":\"Article\",\"@id\":\"https:\/\/elregionalvm.com.ar\/noticias-villa-maria\/el-pilt-suma-una-nueva-empresa-del-sector-nutricion-animal\/#article\",\"isPartOf\":{\"@id\":\"https:\/\/elregionalvm.com.ar\/noticias-villa-maria\/el-pilt-suma-una-nueva-empresa-del-sector-nutricion-animal\/\"},\"author\":{\"name\":\"Contenidos El Regional\",\"@id\":\"http:\/\/elregionalvm.com.ar\/noticias-villa-maria\/#\/schema\/person\/a0fb9c422317faca23d50163151bc354\"},\"headline\":\"El PILT suma una nueva empresa del sector nutrici\u00f3n animal\",\"datePublished\":\"2026-02-07T04:38:14+00:00\",\"dateModified\":\"2026-02-07T04:38:16+00:00\",\"mainEntityOfPage\":{\"@id\":\"https:\/\/elregionalvm.com.ar\/noticias-villa-maria\/el-pilt-suma-una-nueva-empresa-del-sector-nutricion-animal\/\"},\"wordCount\":241,\"commentCount\":0,\"image\":{\"@id\":\"https:\/\/elregionalvm.com.ar\/noticias-villa-maria\/el-pilt-suma-una-nueva-empresa-del-sector-nutricion-animal\/#primaryimage\"},\"thumbnailUrl\":\"https:\/\/i0.wp.com\/elregionalvm.com.ar\/noticias-villa-maria\/wp-content\/uploads\/2026\/02\/WhatsApp-Image-2026-02-06-at-11.59.24.jpeg?fit=1600%2C1036&ssl=1\",\"articleSection\":[\"destacado\",\"Sociedad\",\"Villa Mar\u00eda\"],\"inLanguage\":\"es\",\"potentialAction\":[{\"@type\":\"CommentAction\",\"name\":\"Comment\",\"target\":[\"https:\/\/elregionalvm.com.ar\/noticias-villa-maria\/el-pilt-suma-una-nueva-empresa-del-sector-nutricion-animal\/#respond\"]}]},{\"@type\":\"WebPage\",\"@id\":\"https:\/\/elregionalvm.com.ar\/noticias-villa-maria\/el-pilt-suma-una-nueva-empresa-del-sector-nutricion-animal\/\",\"url\":\"https:\/\/elregionalvm.com.ar\/noticias-villa-maria\/el-pilt-suma-una-nueva-empresa-del-sector-nutricion-animal\/\",\"name\":\"El PILT suma una nueva empresa del sector nutrici\u00f3n animal - El Regional\",\"isPartOf\":{\"@id\":\"http:\/\/elregionalvm.com.ar\/noticias-villa-maria\/#website\"},\"primaryImageOfPage\":{\"@id\":\"https:\/\/elregionalvm.com.ar\/noticias-villa-maria\/el-pilt-suma-una-nueva-empresa-del-sector-nutricion-animal\/#primaryimage\"},\"image\":{\"@id\":\"https:\/\/elregionalvm.com.ar\/noticias-villa-maria\/el-pilt-suma-una-nueva-empresa-del-sector-nutricion-animal\/#primaryimage\"},\"thumbnailUrl\":\"https:\/\/i0.wp.com\/elregionalvm.com.ar\/noticias-villa-maria\/wp-content\/uploads\/2026\/02\/WhatsApp-Image-2026-02-06-at-11.59.24.jpeg?fit=1600%2C1036&ssl=1\",\"datePublished\":\"2026-02-07T04:38:14+00:00\",\"dateModified\":\"2026-02-07T04:38:16+00:00\",\"author\":{\"@id\":\"http:\/\/elregionalvm.com.ar\/noticias-villa-maria\/#\/schema\/person\/a0fb9c422317faca23d50163151bc354\"},\"breadcrumb\":{\"@id\":\"https:\/\/elregionalvm.com.ar\/noticias-villa-maria\/el-pilt-suma-una-nueva-empresa-del-sector-nutricion-animal\/#breadcrumb\"},\"inLanguage\":\"es\",\"potentialAction\":[{\"@type\":\"ReadAction\",\"target\":[\"https:\/\/elregionalvm.com.ar\/noticias-villa-maria\/el-pilt-suma-una-nueva-empresa-del-sector-nutricion-animal\/\"]}]},{\"@type\":\"ImageObject\",\"inLanguage\":\"es\",\"@id\":\"https:\/\/elregionalvm.com.ar\/noticias-villa-maria\/el-pilt-suma-una-nueva-empresa-del-sector-nutricion-animal\/#primaryimage\",\"url\":\"https:\/\/i0.wp.com\/elregionalvm.com.ar\/noticias-villa-maria\/wp-content\/uploads\/2026\/02\/WhatsApp-Image-2026-02-06-at-11.59.24.jpeg?fit=1600%2C1036&ssl=1\",\"contentUrl\":\"https:\/\/i0.wp.com\/elregionalvm.com.ar\/noticias-villa-maria\/wp-content\/uploads\/2026\/02\/WhatsApp-Image-2026-02-06-at-11.59.24.jpeg?fit=1600%2C1036&ssl=1\",\"width\":1600,\"height\":1036},{\"@type\":\"BreadcrumbList\",\"@id\":\"https:\/\/elregionalvm.com.ar\/noticias-villa-maria\/el-pilt-suma-una-nueva-empresa-del-sector-nutricion-animal\/#breadcrumb\",\"itemListElement\":[{\"@type\":\"ListItem\",\"position\":1,\"name\":\"Portada\",\"item\":\"https:\/\/elregionalvm.com.ar\/noticias-villa-maria\/\"},{\"@type\":\"ListItem\",\"position\":2,\"name\":\"El PILT suma una nueva empresa del sector nutrici\u00f3n animal\"}]},{\"@type\":\"WebSite\",\"@id\":\"http:\/\/elregionalvm.com.ar\/noticias-villa-maria\/#website\",\"url\":\"http:\/\/elregionalvm.com.ar\/noticias-villa-maria\/\",\"name\":\"El Regional\",\"description\":\"Mucho m\u00e1s que informaci\u00f3n\",\"potentialAction\":[{\"@type\":\"SearchAction\",\"target\":{\"@type\":\"EntryPoint\",\"urlTemplate\":\"http:\/\/elregionalvm.com.ar\/noticias-villa-maria\/?s={search_term_string}\"},\"query-input\":{\"@type\":\"PropertyValueSpecification\",\"valueRequired\":true,\"valueName\":\"search_term_string\"}}],\"inLanguage\":\"es\"},{\"@type\":\"Person\",\"@id\":\"http:\/\/elregionalvm.com.ar\/noticias-villa-maria\/#\/schema\/person\/a0fb9c422317faca23d50163151bc354\",\"name\":\"Contenidos El Regional\",\"image\":{\"@type\":\"ImageObject\",\"inLanguage\":\"es\",\"@id\":\"http:\/\/elregionalvm.com.ar\/noticias-villa-maria\/#\/schema\/person\/image\/\",\"url\":\"https:\/\/secure.gravatar.com\/avatar\/265b27cb2209af7bb3a1318f03305787d7981a5cc6e6cd08fe5a4ecdf99d4b48?s=96&d=mm&r=g\",\"contentUrl\":\"https:\/\/secure.gravatar.com\/avatar\/265b27cb2209af7bb3a1318f03305787d7981a5cc6e6cd08fe5a4ecdf99d4b48?s=96&d=mm&r=g\",\"caption\":\"Contenidos El Regional\"},\"url\":\"https:\/\/elregionalvm.com.ar\/noticias-villa-maria\/author\/contenido\/\"}]}<\/script>\n<!-- \/ Yoast SEO plugin. -->","yoast_head_json":{"title":"El PILT suma una nueva empresa del sector nutrici\u00f3n animal - El Regional","robots":{"index":"index","follow":"follow","max-snippet":"max-snippet:-1","max-image-preview":"max-image-preview:large","max-video-preview":"max-video-preview:-1"},"canonical":"https:\/\/elregionalvm.com.ar\/noticias-villa-maria\/el-pilt-suma-una-nueva-empresa-del-sector-nutricion-animal\/","og_locale":"es_ES","og_type":"article","og_title":"El PILT suma una nueva empresa del sector nutrici\u00f3n animal - El Regional","og_description":"La firma Compromeise ultima los detalles para comenzar a operar en su nueva planta, actualmente en etapa final de obra.Entre fines de marzo y comienzos de abril, la empresa de nutrici\u00f3n animal Compromeise prev\u00e9 finalizar las obras de su nueva planta para dar inicio a sus actividades en el Parque Industrial, Log\u00edstico y Tecnol\u00f3gico Villa [&hellip;]","og_url":"https:\/\/elregionalvm.com.ar\/noticias-villa-maria\/el-pilt-suma-una-nueva-empresa-del-sector-nutricion-animal\/","og_site_name":"El Regional","article_publisher":"https:\/\/www.facebook.com\/elregionalvm","article_published_time":"2026-02-07T04:38:14+00:00","article_modified_time":"2026-02-07T04:38:16+00:00","og_image":[{"width":1600,"height":1036,"url":"https:\/\/elregionalvm.com.ar\/noticias-villa-maria\/wp-content\/uploads\/2026\/02\/WhatsApp-Image-2026-02-06-at-11.59.24.jpeg","type":"image\/jpeg"}],"author":"Contenidos El Regional","twitter_card":"summary_large_image","twitter_creator":"@elregionalvm1","twitter_site":"@elregionalvm1","twitter_misc":{"Escrito por":"Contenidos El Regional","Tiempo de lectura":"2 minutos"},"schema":{"@context":"https:\/\/schema.org","@graph":[{"@type":"Article","@id":"https:\/\/elregionalvm.com.ar\/noticias-villa-maria\/el-pilt-suma-una-nueva-empresa-del-sector-nutricion-animal\/#article","isPartOf":{"@id":"https:\/\/elregionalvm.com.ar\/noticias-villa-maria\/el-pilt-suma-una-nueva-empresa-del-sector-nutricion-animal\/"},"author":{"name":"Contenidos El Regional","@id":"http:\/\/elregionalvm.com.ar\/noticias-villa-maria\/#\/schema\/person\/a0fb9c422317faca23d50163151bc354"},"headline":"El PILT suma una nueva empresa del sector nutrici\u00f3n animal","datePublished":"2026-02-07T04:38:14+00:00","dateModified":"2026-02-07T04:38:16+00:00","mainEntityOfPage":{"@id":"https:\/\/elregionalvm.com.ar\/noticias-villa-maria\/el-pilt-suma-una-nueva-empresa-del-sector-nutricion-animal\/"},"wordCount":241,"commentCount":0,"image":{"@id":"https:\/\/elregionalvm.com.ar\/noticias-villa-maria\/el-pilt-suma-una-nueva-empresa-del-sector-nutricion-animal\/#primaryimage"},"thumbnailUrl":"https:\/\/i0.wp.com\/elregionalvm.com.ar\/noticias-villa-maria\/wp-content\/uploads\/2026\/02\/WhatsApp-Image-2026-02-06-at-11.59.24.jpeg?fit=1600%2C1036&ssl=1","articleSection":["destacado","Sociedad","Villa Mar\u00eda"],"inLanguage":"es","potentialAction":[{"@type":"CommentAction","name":"Comment","target":["https:\/\/elregionalvm.com.ar\/noticias-villa-maria\/el-pilt-suma-una-nueva-empresa-del-sector-nutricion-animal\/#respond"]}]},{"@type":"WebPage","@id":"https:\/\/elregionalvm.com.ar\/noticias-villa-maria\/el-pilt-suma-una-nueva-empresa-del-sector-nutricion-animal\/","url":"https:\/\/elregionalvm.com.ar\/noticias-villa-maria\/el-pilt-suma-una-nueva-empresa-del-sector-nutricion-animal\/","name":"El PILT suma una nueva empresa del sector nutrici\u00f3n animal - El Regional","isPartOf":{"@id":"http:\/\/elregionalvm.com.ar\/noticias-villa-maria\/#website"},"primaryImageOfPage":{"@id":"https:\/\/elregionalvm.com.ar\/noticias-villa-maria\/el-pilt-suma-una-nueva-empresa-del-sector-nutricion-animal\/#primaryimage"},"image":{"@id":"https:\/\/elregionalvm.com.ar\/noticias-villa-maria\/el-pilt-suma-una-nueva-empresa-del-sector-nutricion-animal\/#primaryimage"},"thumbnailUrl":"https:\/\/i0.wp.com\/elregionalvm.com.ar\/noticias-villa-maria\/wp-content\/uploads\/2026\/02\/WhatsApp-Image-2026-02-06-at-11.59.24.jpeg?fit=1600%2C1036&ssl=1","datePublished":"2026-02-07T04:38:14+00:00","dateModified":"2026-02-07T04:38:16+00:00","author":{"@id":"http:\/\/elregionalvm.com.ar\/noticias-villa-maria\/#\/schema\/person\/a0fb9c422317faca23d50163151bc354"},"breadcrumb":{"@id":"https:\/\/elregionalvm.com.ar\/noticias-villa-maria\/el-pilt-suma-una-nueva-empresa-del-sector-nutricion-animal\/#breadcrumb"},"inLanguage":"es","potentialAction":[{"@type":"ReadAction","target":["https:\/\/elregionalvm.com.ar\/noticias-villa-maria\/el-pilt-suma-una-nueva-empresa-del-sector-nutricion-animal\/"]}]},{"@type":"ImageObject","inLanguage":"es","@id":"https:\/\/elregionalvm.com.ar\/noticias-villa-maria\/el-pilt-suma-una-nueva-empresa-del-sector-nutricion-animal\/#primaryimage","url":"https:\/\/i0.wp.com\/elregionalvm.com.ar\/noticias-villa-maria\/wp-content\/uploads\/2026\/02\/WhatsApp-Image-2026-02-06-at-11.59.24.jpeg?fit=1600%2C1036&ssl=1","contentUrl":"https:\/\/i0.wp.com\/elregionalvm.com.ar\/noticias-villa-maria\/wp-content\/uploads\/2026\/02\/WhatsApp-Image-2026-02-06-at-11.59.24.jpeg?fit=1600%2C1036&ssl=1","width":1600,"height":1036},{"@type":"BreadcrumbList","@id":"https:\/\/elregionalvm.com.ar\/noticias-villa-maria\/el-pilt-suma-una-nueva-empresa-del-sector-nutricion-animal\/#breadcrumb","itemListElement":[{"@type":"ListItem","position":1,"name":"Portada","item":"https:\/\/elregionalvm.com.ar\/noticias-villa-maria\/"},{"@type":"ListItem","position":2,"name":"El PILT suma una nueva empresa del sector nutrici\u00f3n animal"}]},{"@type":"WebSite","@id":"http:\/\/elregionalvm.com.ar\/noticias-villa-maria\/#website","url":"http:\/\/elregionalvm.com.ar\/noticias-villa-maria\/","name":"El Regional","description":"Mucho m\u00e1s que informaci\u00f3n","potentialAction":[{"@type":"SearchAction","target":{"@type":"EntryPoint","urlTemplate":"http:\/\/elregionalvm.com.ar\/noticias-villa-maria\/?s={search_term_string}"},"query-input":{"@type":"PropertyValueSpecification","valueRequired":true,"valueName":"search_term_string"}}],"inLanguage":"es"},{"@type":"Person","@id":"http:\/\/elregionalvm.com.ar\/noticias-villa-maria\/#\/schema\/person\/a0fb9c422317faca23d50163151bc354","name":"Contenidos El Regional","image":{"@type":"ImageObject","inLanguage":"es","@id":"http:\/\/elregionalvm.com.ar\/noticias-villa-maria\/#\/schema\/person\/image\/","url":"https:\/\/secure.gravatar.com\/avatar\/265b27cb2209af7bb3a1318f03305787d7981a5cc6e6cd08fe5a4ecdf99d4b48?s=96&d=mm&r=g","contentUrl":"https:\/\/secure.gravatar.com\/avatar\/265b27cb2209af7bb3a1318f03305787d7981a5cc6e6cd08fe5a4ecdf99d4b48?s=96&d=mm&r=g","caption":"Contenidos El Regional"},"url":"https:\/\/elregionalvm.com.ar\/noticias-villa-maria\/author\/contenido\/"}]}},"jetpack_featured_media_url":"https:\/\/i0.wp.com\/elregionalvm.com.ar\/noticias-villa-maria\/wp-content\/uploads\/2026\/02\/WhatsApp-Image-2026-02-06-at-11.59.24.jpeg?fit=1600%2C1036&ssl=1","jetpack_sharing_enabled":true,"_links":{"self":[{"href":"https:\/\/elregionalvm.com.ar\/noticias-villa-maria\/wp-json\/wp\/v2\/posts\/113904","targetHints":{"allow":["GET"]}}],"collection":[{"href":"https:\/\/elregionalvm.com.ar\/noticias-villa-maria\/wp-json\/wp\/v2\/posts"}],"about":[{"href":"https:\/\/elregionalvm.com.ar\/noticias-villa-maria\/wp-json\/wp\/v2\/types\/post"}],"author":[{"embeddable":true,"href":"https:\/\/elregionalvm.com.ar\/noticias-villa-maria\/wp-json\/wp\/v2\/users\/4"}],"replies":[{"embeddable":true,"href":"https:\/\/elregionalvm.com.ar\/noticias-villa-maria\/wp-json\/wp\/v2\/comments?post=113904"}],"version-history":[{"count":1,"href":"https:\/\/elregionalvm.com.ar\/noticias-villa-maria\/wp-json\/wp\/v2\/posts\/113904\/revisions"}],"predecessor-version":[{"id":113906,"href":"https:\/\/elregionalvm.com.ar\/noticias-villa-maria\/wp-json\/wp\/v2\/posts\/113904\/revisions\/113906"}],"wp:featuredmedia":[{"embeddable":true,"href":"https:\/\/elregionalvm.com.ar\/noticias-villa-maria\/wp-json\/wp\/v2\/media\/113905"}],"wp:attachment":[{"href":"https:\/\/elregionalvm.com.ar\/noticias-villa-maria\/wp-json\/wp\/v2\/media?parent=113904"}],"wp:term":[{"taxonomy":"category","embeddable":true,"href":"https:\/\/elregionalvm.com.ar\/noticias-villa-maria\/wp-json\/wp\/v2\/categories?post=113904"},{"taxonomy":"post_tag","embeddable":true,"href":"https:\/\/elregionalvm.com.ar\/noticias-villa-maria\/wp-json\/wp\/v2\/tags?post=113904"}],"curies":[{"name":"wp","href":"https:\/\/api.w.org\/{rel}","templated":true}]}}