{"id":113907,"date":"2026-02-07T04:43:24","date_gmt":"2026-02-07T04:43:24","guid":{"rendered":"https:\/\/elregionalvm.com.ar\/noticias-villa-maria\/?p=113907"},"modified":"2026-02-07T04:43:26","modified_gmt":"2026-02-07T04:43:26","slug":"el-registro-civil-de-la-provincia-ya-puso-en-marcha-los-tramites-de-los-nuevos-dni-electronicos","status":"publish","type":"post","link":"https:\/\/elregionalvm.com.ar\/noticias-villa-maria\/el-registro-civil-de-la-provincia-ya-puso-en-marcha-los-tramites-de-los-nuevos-dni-electronicos\/","title":{"rendered":"El Registro Civil de la Provincia ya puso en marcha los tr\u00e1mites de los nuevos DNI electr\u00f3nicos"},"content":{"rendered":"\n<p>Acompa\u00f1ando las disposiciones del Registro Nacional de las Personas (ReNaPer), el Registro Civil y Capacidad de las Personas, que depende del Ministerio de Justicia y Trabajo, ya se puede tramitar el nuevo Documento Nacional de Identidad electr\u00f3nico y la actualizaci\u00f3n de los pasaportes.<\/p>\n\n\n\n<p>En la Provincia, 57 oficinas ya est\u00e1n adaptadas y habilitadas por el ReNaPer para llevar adelante el tr\u00e1mite de los nuevos documentos electr\u00f3nicos, que rigen desde el pasado 1 de febrero.<\/p>\n\n\n\n<p>Mientras que, antes de marzo, se prev\u00e9 la incorporaci\u00f3n de la nueva tecnolog\u00eda a otras 27 oficinas que funcionan en el territorio provincial.<\/p>\n\n\n\n<p>Cabe destacar que no es obligatorio renovar la documentaci\u00f3n, tampoco inhabilitar\u00e1 ni reemplazar\u00e1 a la vigente, que sigue teniendo la misma validez y s\u00f3lo deber\u00e1 ser reemplazada cuando se cumpla su fecha de su vencimiento.<\/p>\n\n\n\n<p>En este sentido, desde el ministerio del Interior de la Naci\u00f3n informaron que se continuar\u00e1n emitiendo los ejemplares actuales, que conservar\u00e1n la misma validez que el DNI electr\u00f3nico.<\/p>\n\n\n\n<p>Dicha validez se mantendr\u00e1 hasta que se agoten los suministros utilizados para la fabricaci\u00f3n de los actuales DNIs y se implemente, de manera gradual, la emisi\u00f3n del nuevo documento en todo el pa\u00eds.<\/p>\n\n\n\n<p>La medida apunta a fortalecer la protecci\u00f3n de la identidad ciudadana, incorporando tecnolog\u00eda biom\u00e9trica avanzada y un chip sin contacto dentro de una tarjeta de policarbonato dise\u00f1ada para evitar falsificaciones.<\/p>\n\n\n\n<p>Adem\u00e1s, permitir\u00e1n elevar los est\u00e1ndares internacionales de seguridad mediante el uso de s\u00edmbolos patrios y elementos digitales de \u00faltima generaci\u00f3n.<\/p>\n\n\n\n<p>Asimismo, incorporar\u00e1 un c\u00f3digo QR que permitir\u00e1 la validaci\u00f3n electr\u00f3nica del DNI, la verificaci\u00f3n de identidad, la introducci\u00f3n de funciones digitales y un reforzamiento de la seguridad.<\/p>\n\n\n\n<p>Entre los cambios normativos emitidos por el ReNaPer se destaca que la actualizaci\u00f3n para menores podr\u00e1 realizarse desde los cinco a\u00f1os, mientras que el documento tramitado a los 14 a\u00f1os tendr\u00e1 una vigencia de 15 a\u00f1os.<\/p>\n\n\n\n<h4 class=\"wp-block-heading\"><strong>Innovaciones tecnol\u00f3gicas<\/strong><\/h4>\n\n\n\n<p>Entre los principales cambios e innovaciones que tendr\u00e1 la nueva documentaci\u00f3n se destaca:<br>Chip sin contacto (NFC): Se refiere a la incorporaci\u00f3n de un chip que almacena, de forma encriptada, los datos personales y biom\u00e9tricos (foto y huellas).<\/p>\n\n\n\n<p>Esto permite validar la identidad del titular al acercar el documento a un tel\u00e9fono m\u00f3vil o lector compatible.<\/p>\n\n\n\n<p>Firma Digital: Mediante el chip, el nuevo ejemplar habilita la realizaci\u00f3n de firmas electr\u00f3nicas con validez legal, lo que permite completar contratos y tr\u00e1mites administrativos sin necesidad de presencialidad.<\/p>\n\n\n\n<p>Policarbonato: El renovado documento se imprimir\u00e1 mediante tecnolog\u00eda l\u00e1ser sobre policarbonato, un material m\u00e1s resistente y duradero, e integrar\u00e1 medidas t\u00e9cnicas de seguridad f\u00edsica para fortalecer la protecci\u00f3n y prevenir posibles falsificaciones.<\/p>\n\n\n\n<h4 class=\"wp-block-heading\"><strong>Oficinas ya habilitadas en C\u00f3rdoba<\/strong><\/h4>\n\n\n\n<p>C\u00f3rdoba Capital, Centros de Participaci\u00f3n Ciudadana; Estaci\u00f3n de Trenes General Belgrano; Morteros; La Para; Devoto; Quebracho Herrado; Colonia Vignaud; La Tordilla; Bell Ville (hospital); Pozo del Molle; Justiniano Posse; Calch\u00edn; La Playosa; Monte Cristo; Arroyo Cabral; Los Cisnes; James Craick; Charras; La Cautiva; Adelia Mar\u00eda; Rosales; General Levalle; Mataldi; Melo; Huinca Renanc\u00f3; La Cruz; Villa del Dique; Sebasti\u00e1n Elcano; Anisacate; Despe\u00f1aderos; Villa de Soto; Capilla de Sit\u00f3n; El Chacho-Piedrita Blanca; Ca\u00f1ada de Luque; Estancia La Argentina; Ana Zumar\u00e1n; Agua de Oro; Villa Mar\u00eda; Laborde; La Cumbre; Arroyito; Corral de Bustos; Villa Huidobro; San Lorenzo; Los Hornillos; Sauce Arriba; San Joaqu\u00edn; Las Playas; Ba\u00f1ado de Soto; Plaza Luxardo; Las Pe\u00f1as Sud; Capilla del Monte; La Carlota; Estaci\u00f3n General Paz; Villa Concepci\u00f3n del T\u00edo; Wenceslao Escalante; Villa Valeria y El T\u00edo.<\/p>\n","protected":false},"excerpt":{"rendered":"<p>Acompa\u00f1ando las disposiciones del Registro Nacional de las Personas (ReNaPer), el Registro Civil y Capacidad de las Personas, que depende del Ministerio de Justicia y Trabajo, ya se puede tramitar el nuevo Documento Nacional de Identidad electr\u00f3nico y la actualizaci\u00f3n de los pasaportes. En la Provincia, 57 oficinas ya est\u00e1n adaptadas y habilitadas por el [&hellip;]<\/p>\n","protected":false},"author":4,"featured_media":113908,"comment_status":"open","ping_status":"open","sticky":false,"template":"","format":"standard","meta":{"site-sidebar-layout":"default","site-content-layout":"","ast-site-content-layout":"default","site-content-style":"default","site-sidebar-style":"default","ast-global-header-display":"","ast-banner-title-visibility":"","ast-main-header-display":"","ast-hfb-above-header-display":"","ast-hfb-below-header-display":"","ast-hfb-mobile-header-display":"","site-post-title":"","ast-breadcrumbs-content":"","ast-featured-img":"","footer-sml-layout":"","ast-disable-related-posts":"","theme-transparent-header-meta":"","adv-header-id-meta":"","stick-header-meta":"","header-above-stick-meta":"","header-main-stick-meta":"","header-below-stick-meta":"","astra-migrate-meta-layouts":"set","ast-page-background-enabled":"default","ast-page-background-meta":{"desktop":{"background-color":"","background-image":"","background-repeat":"repeat","background-position":"center center","background-size":"auto","background-attachment":"scroll","background-type":"","background-media":"","overlay-type":"","overlay-color":"","overlay-opacity":"","overlay-gradient":""},"tablet":{"background-color":"","background-image":"","background-repeat":"repeat","background-position":"center center","background-size":"auto","background-attachment":"scroll","background-type":"","background-media":"","overlay-type":"","overlay-color":"","overlay-opacity":"","overlay-gradient":""},"mobile":{"background-color":"","background-image":"","background-repeat":"repeat","background-position":"center center","background-size":"auto","background-attachment":"scroll","background-type":"","background-media":"","overlay-type":"","overlay-color":"","overlay-opacity":"","overlay-gradient":""}},"ast-content-background-meta":{"desktop":{"background-color":"var(--ast-global-color-5)","background-image":"","background-repeat":"repeat","background-position":"center center","background-size":"auto","background-attachment":"scroll","background-type":"","background-media":"","overlay-type":"","overlay-color":"","overlay-opacity":"","overlay-gradient":""},"tablet":{"background-color":"var(--ast-global-color-5)","background-image":"","background-repeat":"repeat","background-position":"center center","background-size":"auto","background-attachment":"scroll","background-type":"","background-media":"","overlay-type":"","overlay-color":"","overlay-opacity":"","overlay-gradient":""},"mobile":{"background-color":"var(--ast-global-color-5)","background-image":"","background-repeat":"repeat","background-position":"center center","background-size":"auto","background-attachment":"scroll","background-type":"","background-media":"","overlay-type":"","overlay-color":"","overlay-opacity":"","overlay-gradient":""}},"_jetpack_memberships_contains_paid_content":false,"_joinchat":[],"footnotes":""},"categories":[15302,16095],"tags":[],"class_list":["post-113907","post","type-post","status-publish","format-standard","has-post-thumbnail","hentry","category-destacado","category-provinciales"],"yoast_head":"<!-- This site is optimized with the Yoast SEO plugin v26.8 - https:\/\/yoast.com\/product\/yoast-seo-wordpress\/ -->\n<title>El Registro Civil de la Provincia ya puso en marcha los tr\u00e1mites de los nuevos DNI electr\u00f3nicos - El Regional<\/title>\n<meta name=\"robots\" content=\"index, follow, max-snippet:-1, max-image-preview:large, max-video-preview:-1\" \/>\n<link rel=\"canonical\" href=\"https:\/\/elregionalvm.com.ar\/noticias-villa-maria\/el-registro-civil-de-la-provincia-ya-puso-en-marcha-los-tramites-de-los-nuevos-dni-electronicos\/\" \/>\n<meta property=\"og:locale\" content=\"es_ES\" \/>\n<meta property=\"og:type\" content=\"article\" \/>\n<meta property=\"og:title\" content=\"El Registro Civil de la Provincia ya puso en marcha los tr\u00e1mites de los nuevos DNI electr\u00f3nicos - El Regional\" \/>\n<meta property=\"og:description\" content=\"Acompa\u00f1ando las disposiciones del Registro Nacional de las Personas (ReNaPer), el Registro Civil y Capacidad de las Personas, que depende del Ministerio de Justicia y Trabajo, ya se puede tramitar el nuevo Documento Nacional de Identidad electr\u00f3nico y la actualizaci\u00f3n de los pasaportes. En la Provincia, 57 oficinas ya est\u00e1n adaptadas y habilitadas por el [&hellip;]\" \/>\n<meta property=\"og:url\" content=\"https:\/\/elregionalvm.com.ar\/noticias-villa-maria\/el-registro-civil-de-la-provincia-ya-puso-en-marcha-los-tramites-de-los-nuevos-dni-electronicos\/\" \/>\n<meta property=\"og:site_name\" content=\"El Regional\" \/>\n<meta property=\"article:publisher\" content=\"https:\/\/www.facebook.com\/elregionalvm\" \/>\n<meta property=\"article:published_time\" content=\"2026-02-07T04:43:24+00:00\" \/>\n<meta property=\"article:modified_time\" content=\"2026-02-07T04:43:26+00:00\" \/>\n<meta property=\"og:image\" content=\"https:\/\/elregionalvm.com.ar\/noticias-villa-maria\/wp-content\/uploads\/2026\/02\/WhatsApp-Image-2026-02-06-at-16.32.39.jpeg\" \/>\n\t<meta property=\"og:image:width\" content=\"990\" \/>\n\t<meta property=\"og:image:height\" content=\"660\" \/>\n\t<meta property=\"og:image:type\" content=\"image\/jpeg\" \/>\n<meta name=\"author\" content=\"Contenidos El Regional\" \/>\n<meta name=\"twitter:card\" content=\"summary_large_image\" \/>\n<meta name=\"twitter:creator\" content=\"@elregionalvm1\" \/>\n<meta name=\"twitter:site\" content=\"@elregionalvm1\" \/>\n<meta name=\"twitter:label1\" content=\"Escrito por\" \/>\n\t<meta name=\"twitter:data1\" content=\"Contenidos El Regional\" \/>\n\t<meta name=\"twitter:label2\" content=\"Tiempo de lectura\" \/>\n\t<meta name=\"twitter:data2\" content=\"3 minutos\" \/>\n<script type=\"application\/ld+json\" class=\"yoast-schema-graph\">{\"@context\":\"https:\/\/schema.org\",\"@graph\":[{\"@type\":\"Article\",\"@id\":\"https:\/\/elregionalvm.com.ar\/noticias-villa-maria\/el-registro-civil-de-la-provincia-ya-puso-en-marcha-los-tramites-de-los-nuevos-dni-electronicos\/#article\",\"isPartOf\":{\"@id\":\"https:\/\/elregionalvm.com.ar\/noticias-villa-maria\/el-registro-civil-de-la-provincia-ya-puso-en-marcha-los-tramites-de-los-nuevos-dni-electronicos\/\"},\"author\":{\"name\":\"Contenidos El Regional\",\"@id\":\"http:\/\/elregionalvm.com.ar\/noticias-villa-maria\/#\/schema\/person\/a0fb9c422317faca23d50163151bc354\"},\"headline\":\"El Registro Civil de la Provincia ya puso en marcha los tr\u00e1mites de los nuevos DNI electr\u00f3nicos\",\"datePublished\":\"2026-02-07T04:43:24+00:00\",\"dateModified\":\"2026-02-07T04:43:26+00:00\",\"mainEntityOfPage\":{\"@id\":\"https:\/\/elregionalvm.com.ar\/noticias-villa-maria\/el-registro-civil-de-la-provincia-ya-puso-en-marcha-los-tramites-de-los-nuevos-dni-electronicos\/\"},\"wordCount\":642,\"commentCount\":0,\"image\":{\"@id\":\"https:\/\/elregionalvm.com.ar\/noticias-villa-maria\/el-registro-civil-de-la-provincia-ya-puso-en-marcha-los-tramites-de-los-nuevos-dni-electronicos\/#primaryimage\"},\"thumbnailUrl\":\"https:\/\/i0.wp.com\/elregionalvm.com.ar\/noticias-villa-maria\/wp-content\/uploads\/2026\/02\/WhatsApp-Image-2026-02-06-at-16.32.39.jpeg?fit=990%2C660&ssl=1\",\"articleSection\":[\"destacado\",\"Provinciales\"],\"inLanguage\":\"es\",\"potentialAction\":[{\"@type\":\"CommentAction\",\"name\":\"Comment\",\"target\":[\"https:\/\/elregionalvm.com.ar\/noticias-villa-maria\/el-registro-civil-de-la-provincia-ya-puso-en-marcha-los-tramites-de-los-nuevos-dni-electronicos\/#respond\"]}]},{\"@type\":\"WebPage\",\"@id\":\"https:\/\/elregionalvm.com.ar\/noticias-villa-maria\/el-registro-civil-de-la-provincia-ya-puso-en-marcha-los-tramites-de-los-nuevos-dni-electronicos\/\",\"url\":\"https:\/\/elregionalvm.com.ar\/noticias-villa-maria\/el-registro-civil-de-la-provincia-ya-puso-en-marcha-los-tramites-de-los-nuevos-dni-electronicos\/\",\"name\":\"El Registro Civil de la Provincia ya puso en marcha los tr\u00e1mites de los nuevos DNI electr\u00f3nicos - El Regional\",\"isPartOf\":{\"@id\":\"http:\/\/elregionalvm.com.ar\/noticias-villa-maria\/#website\"},\"primaryImageOfPage\":{\"@id\":\"https:\/\/elregionalvm.com.ar\/noticias-villa-maria\/el-registro-civil-de-la-provincia-ya-puso-en-marcha-los-tramites-de-los-nuevos-dni-electronicos\/#primaryimage\"},\"image\":{\"@id\":\"https:\/\/elregionalvm.com.ar\/noticias-villa-maria\/el-registro-civil-de-la-provincia-ya-puso-en-marcha-los-tramites-de-los-nuevos-dni-electronicos\/#primaryimage\"},\"thumbnailUrl\":\"https:\/\/i0.wp.com\/elregionalvm.com.ar\/noticias-villa-maria\/wp-content\/uploads\/2026\/02\/WhatsApp-Image-2026-02-06-at-16.32.39.jpeg?fit=990%2C660&ssl=1\",\"datePublished\":\"2026-02-07T04:43:24+00:00\",\"dateModified\":\"2026-02-07T04:43:26+00:00\",\"author\":{\"@id\":\"http:\/\/elregionalvm.com.ar\/noticias-villa-maria\/#\/schema\/person\/a0fb9c422317faca23d50163151bc354\"},\"breadcrumb\":{\"@id\":\"https:\/\/elregionalvm.com.ar\/noticias-villa-maria\/el-registro-civil-de-la-provincia-ya-puso-en-marcha-los-tramites-de-los-nuevos-dni-electronicos\/#breadcrumb\"},\"inLanguage\":\"es\",\"potentialAction\":[{\"@type\":\"ReadAction\",\"target\":[\"https:\/\/elregionalvm.com.ar\/noticias-villa-maria\/el-registro-civil-de-la-provincia-ya-puso-en-marcha-los-tramites-de-los-nuevos-dni-electronicos\/\"]}]},{\"@type\":\"ImageObject\",\"inLanguage\":\"es\",\"@id\":\"https:\/\/elregionalvm.com.ar\/noticias-villa-maria\/el-registro-civil-de-la-provincia-ya-puso-en-marcha-los-tramites-de-los-nuevos-dni-electronicos\/#primaryimage\",\"url\":\"https:\/\/i0.wp.com\/elregionalvm.com.ar\/noticias-villa-maria\/wp-content\/uploads\/2026\/02\/WhatsApp-Image-2026-02-06-at-16.32.39.jpeg?fit=990%2C660&ssl=1\",\"contentUrl\":\"https:\/\/i0.wp.com\/elregionalvm.com.ar\/noticias-villa-maria\/wp-content\/uploads\/2026\/02\/WhatsApp-Image-2026-02-06-at-16.32.39.jpeg?fit=990%2C660&ssl=1\",\"width\":990,\"height\":660},{\"@type\":\"BreadcrumbList\",\"@id\":\"https:\/\/elregionalvm.com.ar\/noticias-villa-maria\/el-registro-civil-de-la-provincia-ya-puso-en-marcha-los-tramites-de-los-nuevos-dni-electronicos\/#breadcrumb\",\"itemListElement\":[{\"@type\":\"ListItem\",\"position\":1,\"name\":\"Portada\",\"item\":\"https:\/\/elregionalvm.com.ar\/noticias-villa-maria\/\"},{\"@type\":\"ListItem\",\"position\":2,\"name\":\"El Registro Civil de la Provincia ya puso en marcha los tr\u00e1mites de los nuevos DNI electr\u00f3nicos\"}]},{\"@type\":\"WebSite\",\"@id\":\"http:\/\/elregionalvm.com.ar\/noticias-villa-maria\/#website\",\"url\":\"http:\/\/elregionalvm.com.ar\/noticias-villa-maria\/\",\"name\":\"El Regional\",\"description\":\"Mucho m\u00e1s que informaci\u00f3n\",\"potentialAction\":[{\"@type\":\"SearchAction\",\"target\":{\"@type\":\"EntryPoint\",\"urlTemplate\":\"http:\/\/elregionalvm.com.ar\/noticias-villa-maria\/?s={search_term_string}\"},\"query-input\":{\"@type\":\"PropertyValueSpecification\",\"valueRequired\":true,\"valueName\":\"search_term_string\"}}],\"inLanguage\":\"es\"},{\"@type\":\"Person\",\"@id\":\"http:\/\/elregionalvm.com.ar\/noticias-villa-maria\/#\/schema\/person\/a0fb9c422317faca23d50163151bc354\",\"name\":\"Contenidos El Regional\",\"image\":{\"@type\":\"ImageObject\",\"inLanguage\":\"es\",\"@id\":\"http:\/\/elregionalvm.com.ar\/noticias-villa-maria\/#\/schema\/person\/image\/\",\"url\":\"https:\/\/secure.gravatar.com\/avatar\/265b27cb2209af7bb3a1318f03305787d7981a5cc6e6cd08fe5a4ecdf99d4b48?s=96&d=mm&r=g\",\"contentUrl\":\"https:\/\/secure.gravatar.com\/avatar\/265b27cb2209af7bb3a1318f03305787d7981a5cc6e6cd08fe5a4ecdf99d4b48?s=96&d=mm&r=g\",\"caption\":\"Contenidos El Regional\"},\"url\":\"https:\/\/elregionalvm.com.ar\/noticias-villa-maria\/author\/contenido\/\"}]}<\/script>\n<!-- \/ Yoast SEO plugin. -->","yoast_head_json":{"title":"El Registro Civil de la Provincia ya puso en marcha los tr\u00e1mites de los nuevos DNI electr\u00f3nicos - El Regional","robots":{"index":"index","follow":"follow","max-snippet":"max-snippet:-1","max-image-preview":"max-image-preview:large","max-video-preview":"max-video-preview:-1"},"canonical":"https:\/\/elregionalvm.com.ar\/noticias-villa-maria\/el-registro-civil-de-la-provincia-ya-puso-en-marcha-los-tramites-de-los-nuevos-dni-electronicos\/","og_locale":"es_ES","og_type":"article","og_title":"El Registro Civil de la Provincia ya puso en marcha los tr\u00e1mites de los nuevos DNI electr\u00f3nicos - El Regional","og_description":"Acompa\u00f1ando las disposiciones del Registro Nacional de las Personas (ReNaPer), el Registro Civil y Capacidad de las Personas, que depende del Ministerio de Justicia y Trabajo, ya se puede tramitar el nuevo Documento Nacional de Identidad electr\u00f3nico y la actualizaci\u00f3n de los pasaportes. En la Provincia, 57 oficinas ya est\u00e1n adaptadas y habilitadas por el [&hellip;]","og_url":"https:\/\/elregionalvm.com.ar\/noticias-villa-maria\/el-registro-civil-de-la-provincia-ya-puso-en-marcha-los-tramites-de-los-nuevos-dni-electronicos\/","og_site_name":"El Regional","article_publisher":"https:\/\/www.facebook.com\/elregionalvm","article_published_time":"2026-02-07T04:43:24+00:00","article_modified_time":"2026-02-07T04:43:26+00:00","og_image":[{"width":990,"height":660,"url":"https:\/\/elregionalvm.com.ar\/noticias-villa-maria\/wp-content\/uploads\/2026\/02\/WhatsApp-Image-2026-02-06-at-16.32.39.jpeg","type":"image\/jpeg"}],"author":"Contenidos El Regional","twitter_card":"summary_large_image","twitter_creator":"@elregionalvm1","twitter_site":"@elregionalvm1","twitter_misc":{"Escrito por":"Contenidos El Regional","Tiempo de lectura":"3 minutos"},"schema":{"@context":"https:\/\/schema.org","@graph":[{"@type":"Article","@id":"https:\/\/elregionalvm.com.ar\/noticias-villa-maria\/el-registro-civil-de-la-provincia-ya-puso-en-marcha-los-tramites-de-los-nuevos-dni-electronicos\/#article","isPartOf":{"@id":"https:\/\/elregionalvm.com.ar\/noticias-villa-maria\/el-registro-civil-de-la-provincia-ya-puso-en-marcha-los-tramites-de-los-nuevos-dni-electronicos\/"},"author":{"name":"Contenidos El Regional","@id":"http:\/\/elregionalvm.com.ar\/noticias-villa-maria\/#\/schema\/person\/a0fb9c422317faca23d50163151bc354"},"headline":"El Registro Civil de la Provincia ya puso en marcha los tr\u00e1mites de los nuevos DNI electr\u00f3nicos","datePublished":"2026-02-07T04:43:24+00:00","dateModified":"2026-02-07T04:43:26+00:00","mainEntityOfPage":{"@id":"https:\/\/elregionalvm.com.ar\/noticias-villa-maria\/el-registro-civil-de-la-provincia-ya-puso-en-marcha-los-tramites-de-los-nuevos-dni-electronicos\/"},"wordCount":642,"commentCount":0,"image":{"@id":"https:\/\/elregionalvm.com.ar\/noticias-villa-maria\/el-registro-civil-de-la-provincia-ya-puso-en-marcha-los-tramites-de-los-nuevos-dni-electronicos\/#primaryimage"},"thumbnailUrl":"https:\/\/i0.wp.com\/elregionalvm.com.ar\/noticias-villa-maria\/wp-content\/uploads\/2026\/02\/WhatsApp-Image-2026-02-06-at-16.32.39.jpeg?fit=990%2C660&ssl=1","articleSection":["destacado","Provinciales"],"inLanguage":"es","potentialAction":[{"@type":"CommentAction","name":"Comment","target":["https:\/\/elregionalvm.com.ar\/noticias-villa-maria\/el-registro-civil-de-la-provincia-ya-puso-en-marcha-los-tramites-de-los-nuevos-dni-electronicos\/#respond"]}]},{"@type":"WebPage","@id":"https:\/\/elregionalvm.com.ar\/noticias-villa-maria\/el-registro-civil-de-la-provincia-ya-puso-en-marcha-los-tramites-de-los-nuevos-dni-electronicos\/","url":"https:\/\/elregionalvm.com.ar\/noticias-villa-maria\/el-registro-civil-de-la-provincia-ya-puso-en-marcha-los-tramites-de-los-nuevos-dni-electronicos\/","name":"El Registro Civil de la Provincia ya puso en marcha los tr\u00e1mites de los nuevos DNI electr\u00f3nicos - El Regional","isPartOf":{"@id":"http:\/\/elregionalvm.com.ar\/noticias-villa-maria\/#website"},"primaryImageOfPage":{"@id":"https:\/\/elregionalvm.com.ar\/noticias-villa-maria\/el-registro-civil-de-la-provincia-ya-puso-en-marcha-los-tramites-de-los-nuevos-dni-electronicos\/#primaryimage"},"image":{"@id":"https:\/\/elregionalvm.com.ar\/noticias-villa-maria\/el-registro-civil-de-la-provincia-ya-puso-en-marcha-los-tramites-de-los-nuevos-dni-electronicos\/#primaryimage"},"thumbnailUrl":"https:\/\/i0.wp.com\/elregionalvm.com.ar\/noticias-villa-maria\/wp-content\/uploads\/2026\/02\/WhatsApp-Image-2026-02-06-at-16.32.39.jpeg?fit=990%2C660&ssl=1","datePublished":"2026-02-07T04:43:24+00:00","dateModified":"2026-02-07T04:43:26+00:00","author":{"@id":"http:\/\/elregionalvm.com.ar\/noticias-villa-maria\/#\/schema\/person\/a0fb9c422317faca23d50163151bc354"},"breadcrumb":{"@id":"https:\/\/elregionalvm.com.ar\/noticias-villa-maria\/el-registro-civil-de-la-provincia-ya-puso-en-marcha-los-tramites-de-los-nuevos-dni-electronicos\/#breadcrumb"},"inLanguage":"es","potentialAction":[{"@type":"ReadAction","target":["https:\/\/elregionalvm.com.ar\/noticias-villa-maria\/el-registro-civil-de-la-provincia-ya-puso-en-marcha-los-tramites-de-los-nuevos-dni-electronicos\/"]}]},{"@type":"ImageObject","inLanguage":"es","@id":"https:\/\/elregionalvm.com.ar\/noticias-villa-maria\/el-registro-civil-de-la-provincia-ya-puso-en-marcha-los-tramites-de-los-nuevos-dni-electronicos\/#primaryimage","url":"https:\/\/i0.wp.com\/elregionalvm.com.ar\/noticias-villa-maria\/wp-content\/uploads\/2026\/02\/WhatsApp-Image-2026-02-06-at-16.32.39.jpeg?fit=990%2C660&ssl=1","contentUrl":"https:\/\/i0.wp.com\/elregionalvm.com.ar\/noticias-villa-maria\/wp-content\/uploads\/2026\/02\/WhatsApp-Image-2026-02-06-at-16.32.39.jpeg?fit=990%2C660&ssl=1","width":990,"height":660},{"@type":"BreadcrumbList","@id":"https:\/\/elregionalvm.com.ar\/noticias-villa-maria\/el-registro-civil-de-la-provincia-ya-puso-en-marcha-los-tramites-de-los-nuevos-dni-electronicos\/#breadcrumb","itemListElement":[{"@type":"ListItem","position":1,"name":"Portada","item":"https:\/\/elregionalvm.com.ar\/noticias-villa-maria\/"},{"@type":"ListItem","position":2,"name":"El Registro Civil de la Provincia ya puso en marcha los tr\u00e1mites de los nuevos DNI electr\u00f3nicos"}]},{"@type":"WebSite","@id":"http:\/\/elregionalvm.com.ar\/noticias-villa-maria\/#website","url":"http:\/\/elregionalvm.com.ar\/noticias-villa-maria\/","name":"El Regional","description":"Mucho m\u00e1s que informaci\u00f3n","potentialAction":[{"@type":"SearchAction","target":{"@type":"EntryPoint","urlTemplate":"http:\/\/elregionalvm.com.ar\/noticias-villa-maria\/?s={search_term_string}"},"query-input":{"@type":"PropertyValueSpecification","valueRequired":true,"valueName":"search_term_string"}}],"inLanguage":"es"},{"@type":"Person","@id":"http:\/\/elregionalvm.com.ar\/noticias-villa-maria\/#\/schema\/person\/a0fb9c422317faca23d50163151bc354","name":"Contenidos El Regional","image":{"@type":"ImageObject","inLanguage":"es","@id":"http:\/\/elregionalvm.com.ar\/noticias-villa-maria\/#\/schema\/person\/image\/","url":"https:\/\/secure.gravatar.com\/avatar\/265b27cb2209af7bb3a1318f03305787d7981a5cc6e6cd08fe5a4ecdf99d4b48?s=96&d=mm&r=g","contentUrl":"https:\/\/secure.gravatar.com\/avatar\/265b27cb2209af7bb3a1318f03305787d7981a5cc6e6cd08fe5a4ecdf99d4b48?s=96&d=mm&r=g","caption":"Contenidos El Regional"},"url":"https:\/\/elregionalvm.com.ar\/noticias-villa-maria\/author\/contenido\/"}]}},"jetpack_featured_media_url":"https:\/\/i0.wp.com\/elregionalvm.com.ar\/noticias-villa-maria\/wp-content\/uploads\/2026\/02\/WhatsApp-Image-2026-02-06-at-16.32.39.jpeg?fit=990%2C660&ssl=1","jetpack_sharing_enabled":true,"_links":{"self":[{"href":"https:\/\/elregionalvm.com.ar\/noticias-villa-maria\/wp-json\/wp\/v2\/posts\/113907","targetHints":{"allow":["GET"]}}],"collection":[{"href":"https:\/\/elregionalvm.com.ar\/noticias-villa-maria\/wp-json\/wp\/v2\/posts"}],"about":[{"href":"https:\/\/elregionalvm.com.ar\/noticias-villa-maria\/wp-json\/wp\/v2\/types\/post"}],"author":[{"embeddable":true,"href":"https:\/\/elregionalvm.com.ar\/noticias-villa-maria\/wp-json\/wp\/v2\/users\/4"}],"replies":[{"embeddable":true,"href":"https:\/\/elregionalvm.com.ar\/noticias-villa-maria\/wp-json\/wp\/v2\/comments?post=113907"}],"version-history":[{"count":1,"href":"https:\/\/elregionalvm.com.ar\/noticias-villa-maria\/wp-json\/wp\/v2\/posts\/113907\/revisions"}],"predecessor-version":[{"id":113909,"href":"https:\/\/elregionalvm.com.ar\/noticias-villa-maria\/wp-json\/wp\/v2\/posts\/113907\/revisions\/113909"}],"wp:featuredmedia":[{"embeddable":true,"href":"https:\/\/elregionalvm.com.ar\/noticias-villa-maria\/wp-json\/wp\/v2\/media\/113908"}],"wp:attachment":[{"href":"https:\/\/elregionalvm.com.ar\/noticias-villa-maria\/wp-json\/wp\/v2\/media?parent=113907"}],"wp:term":[{"taxonomy":"category","embeddable":true,"href":"https:\/\/elregionalvm.com.ar\/noticias-villa-maria\/wp-json\/wp\/v2\/categories?post=113907"},{"taxonomy":"post_tag","embeddable":true,"href":"https:\/\/elregionalvm.com.ar\/noticias-villa-maria\/wp-json\/wp\/v2\/tags?post=113907"}],"curies":[{"name":"wp","href":"https:\/\/api.w.org\/{rel}","templated":true}]}}