{"id":113910,"date":"2026-02-07T04:48:39","date_gmt":"2026-02-07T04:48:39","guid":{"rendered":"https:\/\/elregionalvm.com.ar\/noticias-villa-maria\/?p=113910"},"modified":"2026-02-07T04:48:41","modified_gmt":"2026-02-07T04:48:41","slug":"concejales-aprobaron-un-convenio-para-que-barrios-de-la-ciudad-puedan-tener-fibra-optica","status":"publish","type":"post","link":"https:\/\/elregionalvm.com.ar\/noticias-villa-maria\/concejales-aprobaron-un-convenio-para-que-barrios-de-la-ciudad-puedan-tener-fibra-optica\/","title":{"rendered":"Concejales aprobaron un convenio para que barrios de la ciudad puedan tener fibra \u00f3ptica"},"content":{"rendered":"\n<p>Minutos antes del mediod\u00eda de este viernes, y tal como establecen el art\u00edculo 101\u00b0 de la Carta Org\u00e1nica Municipal y el art\u00edculo 33\u00b0 del Reglamento Interno, se llev\u00f3 adelante una sesi\u00f3n extraordinaria del Concejo Deliberante.<\/p>\n\n\n\n<p>En ese marco, concejales aprobaron distintos proyectos de relevancia para la ciudad. En primera instancia, y dando cumplimiento a lo establecido en la Carta Org\u00e1nica Municipal, se sancion\u00f3 en segunda lectura el Proyecto de Ordenanza del Departamento Ejecutivo Municipal que ratifica el Convenio de Realizaci\u00f3n de Obra, Cesi\u00f3n de Uso con Cargo y Ejecuci\u00f3n de Obras de Infraestructura en barrios de la ciudad, celebrado entre la Municipalidad de Villa Mar\u00eda y la firma AMX Argentina S.A.<\/p>\n\n\n\n<p>Por otra parte, el cuerpo legislativo dio tratamiento y aprobaci\u00f3n a otras iniciativas elevadas por el Departamento Ejecutivo Municipal. Entre ellas, la ratificaci\u00f3n del contrato de locaci\u00f3n celebrado entre la Municipalidad de Villa Mar\u00eda, el Ente Regional de Desarrollo ENRED y la firma A.PE.S.A, y la ratificaci\u00f3n del convenio marco de colaboraci\u00f3n rec\u00edproca suscripto con la Universidad del Gran Rosario (UGR).<\/p>\n\n\n\n<p>Asimismo, se aprob\u00f3 un proyecto mediante el cual se acepta una donaci\u00f3n con destino a calles p\u00fablicas y espacios verdes, junto con la ratificaci\u00f3n del Convenio Administrativo de Implementaci\u00f3n y Prestaci\u00f3n de Servicios Inform\u00e1ticos celebrado entre la Municipalidad de Villa Mar\u00eda y la firma Weibull Solutions S.A.S.<\/p>\n\n\n\n<p>De este modo, el Concejo Deliberante avanz\u00f3 en herramientas administrativas y de infraestructura que contribuyen al desarrollo de la ciudad y al fortalecimiento del trabajo articulado con instituciones y actores del sector privado.<\/p>\n","protected":false},"excerpt":{"rendered":"<p>Minutos antes del mediod\u00eda de este viernes, y tal como establecen el art\u00edculo 101\u00b0 de la Carta Org\u00e1nica Municipal y el art\u00edculo 33\u00b0 del Reglamento Interno, se llev\u00f3 adelante una sesi\u00f3n extraordinaria del Concejo Deliberante. En ese marco, concejales aprobaron distintos proyectos de relevancia para la ciudad. En primera instancia, y dando cumplimiento a lo [&hellip;]<\/p>\n","protected":false},"author":4,"featured_media":113911,"comment_status":"open","ping_status":"open","sticky":false,"template":"","format":"standard","meta":{"site-sidebar-layout":"default","site-content-layout":"","ast-site-content-layout":"default","site-content-style":"default","site-sidebar-style":"default","ast-global-header-display":"","ast-banner-title-visibility":"","ast-main-header-display":"","ast-hfb-above-header-display":"","ast-hfb-below-header-display":"","ast-hfb-mobile-header-display":"","site-post-title":"","ast-breadcrumbs-content":"","ast-featured-img":"","footer-sml-layout":"","ast-disable-related-posts":"","theme-transparent-header-meta":"","adv-header-id-meta":"","stick-header-meta":"","header-above-stick-meta":"","header-main-stick-meta":"","header-below-stick-meta":"","astra-migrate-meta-layouts":"set","ast-page-background-enabled":"default","ast-page-background-meta":{"desktop":{"background-color":"","background-image":"","background-repeat":"repeat","background-position":"center center","background-size":"auto","background-attachment":"scroll","background-type":"","background-media":"","overlay-type":"","overlay-color":"","overlay-opacity":"","overlay-gradient":""},"tablet":{"background-color":"","background-image":"","background-repeat":"repeat","background-position":"center center","background-size":"auto","background-attachment":"scroll","background-type":"","background-media":"","overlay-type":"","overlay-color":"","overlay-opacity":"","overlay-gradient":""},"mobile":{"background-color":"","background-image":"","background-repeat":"repeat","background-position":"center center","background-size":"auto","background-attachment":"scroll","background-type":"","background-media":"","overlay-type":"","overlay-color":"","overlay-opacity":"","overlay-gradient":""}},"ast-content-background-meta":{"desktop":{"background-color":"var(--ast-global-color-5)","background-image":"","background-repeat":"repeat","background-position":"center center","background-size":"auto","background-attachment":"scroll","background-type":"","background-media":"","overlay-type":"","overlay-color":"","overlay-opacity":"","overlay-gradient":""},"tablet":{"background-color":"var(--ast-global-color-5)","background-image":"","background-repeat":"repeat","background-position":"center center","background-size":"auto","background-attachment":"scroll","background-type":"","background-media":"","overlay-type":"","overlay-color":"","overlay-opacity":"","overlay-gradient":""},"mobile":{"background-color":"var(--ast-global-color-5)","background-image":"","background-repeat":"repeat","background-position":"center center","background-size":"auto","background-attachment":"scroll","background-type":"","background-media":"","overlay-type":"","overlay-color":"","overlay-opacity":"","overlay-gradient":""}},"_jetpack_memberships_contains_paid_content":false,"_joinchat":[],"footnotes":""},"categories":[15302,5,2],"tags":[],"class_list":["post-113910","post","type-post","status-publish","format-standard","has-post-thumbnail","hentry","category-destacado","category-sociedad","category-villa-maria"],"yoast_head":"<!-- This site is optimized with the Yoast SEO plugin v26.8 - https:\/\/yoast.com\/product\/yoast-seo-wordpress\/ -->\n<title>Concejales aprobaron un convenio para que barrios de la ciudad puedan tener fibra \u00f3ptica - El Regional<\/title>\n<meta name=\"robots\" content=\"index, follow, max-snippet:-1, max-image-preview:large, max-video-preview:-1\" \/>\n<link rel=\"canonical\" href=\"https:\/\/elregionalvm.com.ar\/noticias-villa-maria\/concejales-aprobaron-un-convenio-para-que-barrios-de-la-ciudad-puedan-tener-fibra-optica\/\" \/>\n<meta property=\"og:locale\" content=\"es_ES\" \/>\n<meta property=\"og:type\" content=\"article\" \/>\n<meta property=\"og:title\" content=\"Concejales aprobaron un convenio para que barrios de la ciudad puedan tener fibra \u00f3ptica - El Regional\" \/>\n<meta property=\"og:description\" content=\"Minutos antes del mediod\u00eda de este viernes, y tal como establecen el art\u00edculo 101\u00b0 de la Carta Org\u00e1nica Municipal y el art\u00edculo 33\u00b0 del Reglamento Interno, se llev\u00f3 adelante una sesi\u00f3n extraordinaria del Concejo Deliberante. En ese marco, concejales aprobaron distintos proyectos de relevancia para la ciudad. En primera instancia, y dando cumplimiento a lo [&hellip;]\" \/>\n<meta property=\"og:url\" content=\"https:\/\/elregionalvm.com.ar\/noticias-villa-maria\/concejales-aprobaron-un-convenio-para-que-barrios-de-la-ciudad-puedan-tener-fibra-optica\/\" \/>\n<meta property=\"og:site_name\" content=\"El Regional\" \/>\n<meta property=\"article:publisher\" content=\"https:\/\/www.facebook.com\/elregionalvm\" \/>\n<meta property=\"article:published_time\" content=\"2026-02-07T04:48:39+00:00\" \/>\n<meta property=\"article:modified_time\" content=\"2026-02-07T04:48:41+00:00\" \/>\n<meta property=\"og:image\" content=\"https:\/\/elregionalvm.com.ar\/noticias-villa-maria\/wp-content\/uploads\/2026\/02\/WhatsApp-Image-2026-02-06-at-12.41.42.jpeg\" \/>\n\t<meta property=\"og:image:width\" content=\"1280\" \/>\n\t<meta property=\"og:image:height\" content=\"960\" \/>\n\t<meta property=\"og:image:type\" content=\"image\/jpeg\" \/>\n<meta name=\"author\" content=\"Contenidos El Regional\" \/>\n<meta name=\"twitter:card\" content=\"summary_large_image\" \/>\n<meta name=\"twitter:creator\" content=\"@elregionalvm1\" \/>\n<meta name=\"twitter:site\" content=\"@elregionalvm1\" \/>\n<meta name=\"twitter:label1\" content=\"Escrito por\" \/>\n\t<meta name=\"twitter:data1\" content=\"Contenidos El Regional\" \/>\n\t<meta name=\"twitter:label2\" content=\"Tiempo de lectura\" \/>\n\t<meta name=\"twitter:data2\" content=\"2 minutos\" \/>\n<script type=\"application\/ld+json\" class=\"yoast-schema-graph\">{\"@context\":\"https:\/\/schema.org\",\"@graph\":[{\"@type\":\"Article\",\"@id\":\"https:\/\/elregionalvm.com.ar\/noticias-villa-maria\/concejales-aprobaron-un-convenio-para-que-barrios-de-la-ciudad-puedan-tener-fibra-optica\/#article\",\"isPartOf\":{\"@id\":\"https:\/\/elregionalvm.com.ar\/noticias-villa-maria\/concejales-aprobaron-un-convenio-para-que-barrios-de-la-ciudad-puedan-tener-fibra-optica\/\"},\"author\":{\"name\":\"Contenidos El Regional\",\"@id\":\"http:\/\/elregionalvm.com.ar\/noticias-villa-maria\/#\/schema\/person\/a0fb9c422317faca23d50163151bc354\"},\"headline\":\"Concejales aprobaron un convenio para que barrios de la ciudad puedan tener fibra \u00f3ptica\",\"datePublished\":\"2026-02-07T04:48:39+00:00\",\"dateModified\":\"2026-02-07T04:48:41+00:00\",\"mainEntityOfPage\":{\"@id\":\"https:\/\/elregionalvm.com.ar\/noticias-villa-maria\/concejales-aprobaron-un-convenio-para-que-barrios-de-la-ciudad-puedan-tener-fibra-optica\/\"},\"wordCount\":294,\"commentCount\":0,\"image\":{\"@id\":\"https:\/\/elregionalvm.com.ar\/noticias-villa-maria\/concejales-aprobaron-un-convenio-para-que-barrios-de-la-ciudad-puedan-tener-fibra-optica\/#primaryimage\"},\"thumbnailUrl\":\"https:\/\/i0.wp.com\/elregionalvm.com.ar\/noticias-villa-maria\/wp-content\/uploads\/2026\/02\/WhatsApp-Image-2026-02-06-at-12.41.42.jpeg?fit=1280%2C960&ssl=1\",\"articleSection\":[\"destacado\",\"Sociedad\",\"Villa Mar\u00eda\"],\"inLanguage\":\"es\",\"potentialAction\":[{\"@type\":\"CommentAction\",\"name\":\"Comment\",\"target\":[\"https:\/\/elregionalvm.com.ar\/noticias-villa-maria\/concejales-aprobaron-un-convenio-para-que-barrios-de-la-ciudad-puedan-tener-fibra-optica\/#respond\"]}]},{\"@type\":\"WebPage\",\"@id\":\"https:\/\/elregionalvm.com.ar\/noticias-villa-maria\/concejales-aprobaron-un-convenio-para-que-barrios-de-la-ciudad-puedan-tener-fibra-optica\/\",\"url\":\"https:\/\/elregionalvm.com.ar\/noticias-villa-maria\/concejales-aprobaron-un-convenio-para-que-barrios-de-la-ciudad-puedan-tener-fibra-optica\/\",\"name\":\"Concejales aprobaron un convenio para que barrios de la ciudad puedan tener fibra \u00f3ptica - El Regional\",\"isPartOf\":{\"@id\":\"http:\/\/elregionalvm.com.ar\/noticias-villa-maria\/#website\"},\"primaryImageOfPage\":{\"@id\":\"https:\/\/elregionalvm.com.ar\/noticias-villa-maria\/concejales-aprobaron-un-convenio-para-que-barrios-de-la-ciudad-puedan-tener-fibra-optica\/#primaryimage\"},\"image\":{\"@id\":\"https:\/\/elregionalvm.com.ar\/noticias-villa-maria\/concejales-aprobaron-un-convenio-para-que-barrios-de-la-ciudad-puedan-tener-fibra-optica\/#primaryimage\"},\"thumbnailUrl\":\"https:\/\/i0.wp.com\/elregionalvm.com.ar\/noticias-villa-maria\/wp-content\/uploads\/2026\/02\/WhatsApp-Image-2026-02-06-at-12.41.42.jpeg?fit=1280%2C960&ssl=1\",\"datePublished\":\"2026-02-07T04:48:39+00:00\",\"dateModified\":\"2026-02-07T04:48:41+00:00\",\"author\":{\"@id\":\"http:\/\/elregionalvm.com.ar\/noticias-villa-maria\/#\/schema\/person\/a0fb9c422317faca23d50163151bc354\"},\"breadcrumb\":{\"@id\":\"https:\/\/elregionalvm.com.ar\/noticias-villa-maria\/concejales-aprobaron-un-convenio-para-que-barrios-de-la-ciudad-puedan-tener-fibra-optica\/#breadcrumb\"},\"inLanguage\":\"es\",\"potentialAction\":[{\"@type\":\"ReadAction\",\"target\":[\"https:\/\/elregionalvm.com.ar\/noticias-villa-maria\/concejales-aprobaron-un-convenio-para-que-barrios-de-la-ciudad-puedan-tener-fibra-optica\/\"]}]},{\"@type\":\"ImageObject\",\"inLanguage\":\"es\",\"@id\":\"https:\/\/elregionalvm.com.ar\/noticias-villa-maria\/concejales-aprobaron-un-convenio-para-que-barrios-de-la-ciudad-puedan-tener-fibra-optica\/#primaryimage\",\"url\":\"https:\/\/i0.wp.com\/elregionalvm.com.ar\/noticias-villa-maria\/wp-content\/uploads\/2026\/02\/WhatsApp-Image-2026-02-06-at-12.41.42.jpeg?fit=1280%2C960&ssl=1\",\"contentUrl\":\"https:\/\/i0.wp.com\/elregionalvm.com.ar\/noticias-villa-maria\/wp-content\/uploads\/2026\/02\/WhatsApp-Image-2026-02-06-at-12.41.42.jpeg?fit=1280%2C960&ssl=1\",\"width\":1280,\"height\":960},{\"@type\":\"BreadcrumbList\",\"@id\":\"https:\/\/elregionalvm.com.ar\/noticias-villa-maria\/concejales-aprobaron-un-convenio-para-que-barrios-de-la-ciudad-puedan-tener-fibra-optica\/#breadcrumb\",\"itemListElement\":[{\"@type\":\"ListItem\",\"position\":1,\"name\":\"Portada\",\"item\":\"https:\/\/elregionalvm.com.ar\/noticias-villa-maria\/\"},{\"@type\":\"ListItem\",\"position\":2,\"name\":\"Concejales aprobaron un convenio para que barrios de la ciudad puedan tener fibra \u00f3ptica\"}]},{\"@type\":\"WebSite\",\"@id\":\"http:\/\/elregionalvm.com.ar\/noticias-villa-maria\/#website\",\"url\":\"http:\/\/elregionalvm.com.ar\/noticias-villa-maria\/\",\"name\":\"El Regional\",\"description\":\"Mucho m\u00e1s que informaci\u00f3n\",\"potentialAction\":[{\"@type\":\"SearchAction\",\"target\":{\"@type\":\"EntryPoint\",\"urlTemplate\":\"http:\/\/elregionalvm.com.ar\/noticias-villa-maria\/?s={search_term_string}\"},\"query-input\":{\"@type\":\"PropertyValueSpecification\",\"valueRequired\":true,\"valueName\":\"search_term_string\"}}],\"inLanguage\":\"es\"},{\"@type\":\"Person\",\"@id\":\"http:\/\/elregionalvm.com.ar\/noticias-villa-maria\/#\/schema\/person\/a0fb9c422317faca23d50163151bc354\",\"name\":\"Contenidos El Regional\",\"image\":{\"@type\":\"ImageObject\",\"inLanguage\":\"es\",\"@id\":\"http:\/\/elregionalvm.com.ar\/noticias-villa-maria\/#\/schema\/person\/image\/\",\"url\":\"https:\/\/secure.gravatar.com\/avatar\/265b27cb2209af7bb3a1318f03305787d7981a5cc6e6cd08fe5a4ecdf99d4b48?s=96&d=mm&r=g\",\"contentUrl\":\"https:\/\/secure.gravatar.com\/avatar\/265b27cb2209af7bb3a1318f03305787d7981a5cc6e6cd08fe5a4ecdf99d4b48?s=96&d=mm&r=g\",\"caption\":\"Contenidos El Regional\"},\"url\":\"https:\/\/elregionalvm.com.ar\/noticias-villa-maria\/author\/contenido\/\"}]}<\/script>\n<!-- \/ Yoast SEO plugin. -->","yoast_head_json":{"title":"Concejales aprobaron un convenio para que barrios de la ciudad puedan tener fibra \u00f3ptica - El Regional","robots":{"index":"index","follow":"follow","max-snippet":"max-snippet:-1","max-image-preview":"max-image-preview:large","max-video-preview":"max-video-preview:-1"},"canonical":"https:\/\/elregionalvm.com.ar\/noticias-villa-maria\/concejales-aprobaron-un-convenio-para-que-barrios-de-la-ciudad-puedan-tener-fibra-optica\/","og_locale":"es_ES","og_type":"article","og_title":"Concejales aprobaron un convenio para que barrios de la ciudad puedan tener fibra \u00f3ptica - El Regional","og_description":"Minutos antes del mediod\u00eda de este viernes, y tal como establecen el art\u00edculo 101\u00b0 de la Carta Org\u00e1nica Municipal y el art\u00edculo 33\u00b0 del Reglamento Interno, se llev\u00f3 adelante una sesi\u00f3n extraordinaria del Concejo Deliberante. En ese marco, concejales aprobaron distintos proyectos de relevancia para la ciudad. En primera instancia, y dando cumplimiento a lo [&hellip;]","og_url":"https:\/\/elregionalvm.com.ar\/noticias-villa-maria\/concejales-aprobaron-un-convenio-para-que-barrios-de-la-ciudad-puedan-tener-fibra-optica\/","og_site_name":"El Regional","article_publisher":"https:\/\/www.facebook.com\/elregionalvm","article_published_time":"2026-02-07T04:48:39+00:00","article_modified_time":"2026-02-07T04:48:41+00:00","og_image":[{"width":1280,"height":960,"url":"https:\/\/elregionalvm.com.ar\/noticias-villa-maria\/wp-content\/uploads\/2026\/02\/WhatsApp-Image-2026-02-06-at-12.41.42.jpeg","type":"image\/jpeg"}],"author":"Contenidos El Regional","twitter_card":"summary_large_image","twitter_creator":"@elregionalvm1","twitter_site":"@elregionalvm1","twitter_misc":{"Escrito por":"Contenidos El Regional","Tiempo de lectura":"2 minutos"},"schema":{"@context":"https:\/\/schema.org","@graph":[{"@type":"Article","@id":"https:\/\/elregionalvm.com.ar\/noticias-villa-maria\/concejales-aprobaron-un-convenio-para-que-barrios-de-la-ciudad-puedan-tener-fibra-optica\/#article","isPartOf":{"@id":"https:\/\/elregionalvm.com.ar\/noticias-villa-maria\/concejales-aprobaron-un-convenio-para-que-barrios-de-la-ciudad-puedan-tener-fibra-optica\/"},"author":{"name":"Contenidos El Regional","@id":"http:\/\/elregionalvm.com.ar\/noticias-villa-maria\/#\/schema\/person\/a0fb9c422317faca23d50163151bc354"},"headline":"Concejales aprobaron un convenio para que barrios de la ciudad puedan tener fibra \u00f3ptica","datePublished":"2026-02-07T04:48:39+00:00","dateModified":"2026-02-07T04:48:41+00:00","mainEntityOfPage":{"@id":"https:\/\/elregionalvm.com.ar\/noticias-villa-maria\/concejales-aprobaron-un-convenio-para-que-barrios-de-la-ciudad-puedan-tener-fibra-optica\/"},"wordCount":294,"commentCount":0,"image":{"@id":"https:\/\/elregionalvm.com.ar\/noticias-villa-maria\/concejales-aprobaron-un-convenio-para-que-barrios-de-la-ciudad-puedan-tener-fibra-optica\/#primaryimage"},"thumbnailUrl":"https:\/\/i0.wp.com\/elregionalvm.com.ar\/noticias-villa-maria\/wp-content\/uploads\/2026\/02\/WhatsApp-Image-2026-02-06-at-12.41.42.jpeg?fit=1280%2C960&ssl=1","articleSection":["destacado","Sociedad","Villa Mar\u00eda"],"inLanguage":"es","potentialAction":[{"@type":"CommentAction","name":"Comment","target":["https:\/\/elregionalvm.com.ar\/noticias-villa-maria\/concejales-aprobaron-un-convenio-para-que-barrios-de-la-ciudad-puedan-tener-fibra-optica\/#respond"]}]},{"@type":"WebPage","@id":"https:\/\/elregionalvm.com.ar\/noticias-villa-maria\/concejales-aprobaron-un-convenio-para-que-barrios-de-la-ciudad-puedan-tener-fibra-optica\/","url":"https:\/\/elregionalvm.com.ar\/noticias-villa-maria\/concejales-aprobaron-un-convenio-para-que-barrios-de-la-ciudad-puedan-tener-fibra-optica\/","name":"Concejales aprobaron un convenio para que barrios de la ciudad puedan tener fibra \u00f3ptica - El Regional","isPartOf":{"@id":"http:\/\/elregionalvm.com.ar\/noticias-villa-maria\/#website"},"primaryImageOfPage":{"@id":"https:\/\/elregionalvm.com.ar\/noticias-villa-maria\/concejales-aprobaron-un-convenio-para-que-barrios-de-la-ciudad-puedan-tener-fibra-optica\/#primaryimage"},"image":{"@id":"https:\/\/elregionalvm.com.ar\/noticias-villa-maria\/concejales-aprobaron-un-convenio-para-que-barrios-de-la-ciudad-puedan-tener-fibra-optica\/#primaryimage"},"thumbnailUrl":"https:\/\/i0.wp.com\/elregionalvm.com.ar\/noticias-villa-maria\/wp-content\/uploads\/2026\/02\/WhatsApp-Image-2026-02-06-at-12.41.42.jpeg?fit=1280%2C960&ssl=1","datePublished":"2026-02-07T04:48:39+00:00","dateModified":"2026-02-07T04:48:41+00:00","author":{"@id":"http:\/\/elregionalvm.com.ar\/noticias-villa-maria\/#\/schema\/person\/a0fb9c422317faca23d50163151bc354"},"breadcrumb":{"@id":"https:\/\/elregionalvm.com.ar\/noticias-villa-maria\/concejales-aprobaron-un-convenio-para-que-barrios-de-la-ciudad-puedan-tener-fibra-optica\/#breadcrumb"},"inLanguage":"es","potentialAction":[{"@type":"ReadAction","target":["https:\/\/elregionalvm.com.ar\/noticias-villa-maria\/concejales-aprobaron-un-convenio-para-que-barrios-de-la-ciudad-puedan-tener-fibra-optica\/"]}]},{"@type":"ImageObject","inLanguage":"es","@id":"https:\/\/elregionalvm.com.ar\/noticias-villa-maria\/concejales-aprobaron-un-convenio-para-que-barrios-de-la-ciudad-puedan-tener-fibra-optica\/#primaryimage","url":"https:\/\/i0.wp.com\/elregionalvm.com.ar\/noticias-villa-maria\/wp-content\/uploads\/2026\/02\/WhatsApp-Image-2026-02-06-at-12.41.42.jpeg?fit=1280%2C960&ssl=1","contentUrl":"https:\/\/i0.wp.com\/elregionalvm.com.ar\/noticias-villa-maria\/wp-content\/uploads\/2026\/02\/WhatsApp-Image-2026-02-06-at-12.41.42.jpeg?fit=1280%2C960&ssl=1","width":1280,"height":960},{"@type":"BreadcrumbList","@id":"https:\/\/elregionalvm.com.ar\/noticias-villa-maria\/concejales-aprobaron-un-convenio-para-que-barrios-de-la-ciudad-puedan-tener-fibra-optica\/#breadcrumb","itemListElement":[{"@type":"ListItem","position":1,"name":"Portada","item":"https:\/\/elregionalvm.com.ar\/noticias-villa-maria\/"},{"@type":"ListItem","position":2,"name":"Concejales aprobaron un convenio para que barrios de la ciudad puedan tener fibra \u00f3ptica"}]},{"@type":"WebSite","@id":"http:\/\/elregionalvm.com.ar\/noticias-villa-maria\/#website","url":"http:\/\/elregionalvm.com.ar\/noticias-villa-maria\/","name":"El Regional","description":"Mucho m\u00e1s que informaci\u00f3n","potentialAction":[{"@type":"SearchAction","target":{"@type":"EntryPoint","urlTemplate":"http:\/\/elregionalvm.com.ar\/noticias-villa-maria\/?s={search_term_string}"},"query-input":{"@type":"PropertyValueSpecification","valueRequired":true,"valueName":"search_term_string"}}],"inLanguage":"es"},{"@type":"Person","@id":"http:\/\/elregionalvm.com.ar\/noticias-villa-maria\/#\/schema\/person\/a0fb9c422317faca23d50163151bc354","name":"Contenidos El Regional","image":{"@type":"ImageObject","inLanguage":"es","@id":"http:\/\/elregionalvm.com.ar\/noticias-villa-maria\/#\/schema\/person\/image\/","url":"https:\/\/secure.gravatar.com\/avatar\/265b27cb2209af7bb3a1318f03305787d7981a5cc6e6cd08fe5a4ecdf99d4b48?s=96&d=mm&r=g","contentUrl":"https:\/\/secure.gravatar.com\/avatar\/265b27cb2209af7bb3a1318f03305787d7981a5cc6e6cd08fe5a4ecdf99d4b48?s=96&d=mm&r=g","caption":"Contenidos El Regional"},"url":"https:\/\/elregionalvm.com.ar\/noticias-villa-maria\/author\/contenido\/"}]}},"jetpack_featured_media_url":"https:\/\/i0.wp.com\/elregionalvm.com.ar\/noticias-villa-maria\/wp-content\/uploads\/2026\/02\/WhatsApp-Image-2026-02-06-at-12.41.42.jpeg?fit=1280%2C960&ssl=1","jetpack_sharing_enabled":true,"_links":{"self":[{"href":"https:\/\/elregionalvm.com.ar\/noticias-villa-maria\/wp-json\/wp\/v2\/posts\/113910","targetHints":{"allow":["GET"]}}],"collection":[{"href":"https:\/\/elregionalvm.com.ar\/noticias-villa-maria\/wp-json\/wp\/v2\/posts"}],"about":[{"href":"https:\/\/elregionalvm.com.ar\/noticias-villa-maria\/wp-json\/wp\/v2\/types\/post"}],"author":[{"embeddable":true,"href":"https:\/\/elregionalvm.com.ar\/noticias-villa-maria\/wp-json\/wp\/v2\/users\/4"}],"replies":[{"embeddable":true,"href":"https:\/\/elregionalvm.com.ar\/noticias-villa-maria\/wp-json\/wp\/v2\/comments?post=113910"}],"version-history":[{"count":1,"href":"https:\/\/elregionalvm.com.ar\/noticias-villa-maria\/wp-json\/wp\/v2\/posts\/113910\/revisions"}],"predecessor-version":[{"id":113912,"href":"https:\/\/elregionalvm.com.ar\/noticias-villa-maria\/wp-json\/wp\/v2\/posts\/113910\/revisions\/113912"}],"wp:featuredmedia":[{"embeddable":true,"href":"https:\/\/elregionalvm.com.ar\/noticias-villa-maria\/wp-json\/wp\/v2\/media\/113911"}],"wp:attachment":[{"href":"https:\/\/elregionalvm.com.ar\/noticias-villa-maria\/wp-json\/wp\/v2\/media?parent=113910"}],"wp:term":[{"taxonomy":"category","embeddable":true,"href":"https:\/\/elregionalvm.com.ar\/noticias-villa-maria\/wp-json\/wp\/v2\/categories?post=113910"},{"taxonomy":"post_tag","embeddable":true,"href":"https:\/\/elregionalvm.com.ar\/noticias-villa-maria\/wp-json\/wp\/v2\/tags?post=113910"}],"curies":[{"name":"wp","href":"https:\/\/api.w.org\/{rel}","templated":true}]}}