{"id":113935,"date":"2026-02-10T03:41:11","date_gmt":"2026-02-10T03:41:11","guid":{"rendered":"https:\/\/elregionalvm.com.ar\/noticias-villa-maria\/?p=113935"},"modified":"2026-02-10T03:41:14","modified_gmt":"2026-02-10T03:41:14","slug":"se-realizo-un-reconocimiento-especial-a-los-organizadores-de-la-pena-de-los-sonadores-por-sus-20-anos-de-permanencia-y-crecimiento","status":"publish","type":"post","link":"https:\/\/elregionalvm.com.ar\/noticias-villa-maria\/se-realizo-un-reconocimiento-especial-a-los-organizadores-de-la-pena-de-los-sonadores-por-sus-20-anos-de-permanencia-y-crecimiento\/","title":{"rendered":"Se realiz\u00f3 un reconocimiento especial a los organizadores de la pe\u00f1a de Los So\u00f1adores, por sus 20 a\u00f1os de permanencia y crecimiento"},"content":{"rendered":"\n<p>Se realiz\u00f3 un reconocimiento especial a los organizadores de la pe\u00f1a de Los So\u00f1adores, por sus 20 a\u00f1os de permanencia y crecimiento.<\/p>\n\n\n\n<p>En este contexto, el secretario de Econom\u00eda, Desarrollo Productivo y Transformaci\u00f3n Digital, Guillermo Pieckenstainer, junto al subsecretario de Desarrollo Productivo, Germ\u00e1n Tenedini, y el responsable de Innovaci\u00f3n para el Desarrollo Productivo, Yamil Elhall, &nbsp;entregaron una placa recordatoria a Juan Carlos Salas, miembro fundador del grupo musical y creador del espacio art\u00edstico y gastron\u00f3mico que se form\u00f3 hace dos d\u00e9cadas en un naciente reconocido pe\u00f1ero.<\/p>\n\n\n\n<p>\u00bbEl trabajo realizado por la pe\u00f1a de Los So\u00f1adores es el ejemplo de lo que implica llevar adelante un emprendimiento de esta magnitud en el Recorrido Pe\u00f1ero. En esta pe\u00f1a se destacan la labor de toda una familia detr\u00e1s de este proyecto y la impronta de seguir creciendo a\u00f1o tras a\u00f1o. Por eso, esperamos que lleguen a cumplir 20 a\u00f1os m\u00e1s\u00bb, remarc\u00f3 el secretario Pieckenstainer<br>Agradecimientos<\/p>\n\n\n\n<p>Por su parte, Juan Carlos Salas, de Los So\u00f1adores, manifest\u00f3:&nbsp;<em>\u00abEstoy muy emocionado por este reconocimiento, y quiero extender mis agradecimientos a mis compa\u00f1eros del conjunto musical, a mi familia y a todos los colaboradores que acompa\u00f1an noche tras noche a la realizaci\u00f3n de la pe\u00f1a. Comenzamos a funcionar a la vera del r\u00edo, donde ahora se encuentra el escenario Vanzetti, a la par de la pe\u00f1a de la Agrupaci\u00f3n\u00bb.<\/em><\/p>\n\n\n\n<p><em>&nbsp;\u00abA\u00f1os m\u00e1s tarde, cuando se propuso la mudanza a la avenida costanera, ped\u00ed que nos vini\u00e9ramos al frente del Polideportivo. Est\u00e1bamos bastante lejos del Anfi en ese entonces, pero el tiempo me dio la raz\u00f3n, porque actualmente el recorrido se extiende mucho m\u00e1s todav\u00eda\u00bb,<\/em>&nbsp;concluy\u00f3 Salas.<\/p>\n","protected":false},"excerpt":{"rendered":"<p>Se realiz\u00f3 un reconocimiento especial a los organizadores de la pe\u00f1a de Los So\u00f1adores, por sus 20 a\u00f1os de permanencia y crecimiento. En este contexto, el secretario de Econom\u00eda, Desarrollo Productivo y Transformaci\u00f3n Digital, Guillermo Pieckenstainer, junto al subsecretario de Desarrollo Productivo, Germ\u00e1n Tenedini, y el responsable de Innovaci\u00f3n para el Desarrollo Productivo, Yamil Elhall, [&hellip;]<\/p>\n","protected":false},"author":4,"featured_media":113936,"comment_status":"open","ping_status":"open","sticky":false,"template":"","format":"standard","meta":{"site-sidebar-layout":"default","site-content-layout":"","ast-site-content-layout":"default","site-content-style":"default","site-sidebar-style":"default","ast-global-header-display":"","ast-banner-title-visibility":"","ast-main-header-display":"","ast-hfb-above-header-display":"","ast-hfb-below-header-display":"","ast-hfb-mobile-header-display":"","site-post-title":"","ast-breadcrumbs-content":"","ast-featured-img":"","footer-sml-layout":"","ast-disable-related-posts":"","theme-transparent-header-meta":"","adv-header-id-meta":"","stick-header-meta":"","header-above-stick-meta":"","header-main-stick-meta":"","header-below-stick-meta":"","astra-migrate-meta-layouts":"set","ast-page-background-enabled":"default","ast-page-background-meta":{"desktop":{"background-color":"","background-image":"","background-repeat":"repeat","background-position":"center center","background-size":"auto","background-attachment":"scroll","background-type":"","background-media":"","overlay-type":"","overlay-color":"","overlay-opacity":"","overlay-gradient":""},"tablet":{"background-color":"","background-image":"","background-repeat":"repeat","background-position":"center center","background-size":"auto","background-attachment":"scroll","background-type":"","background-media":"","overlay-type":"","overlay-color":"","overlay-opacity":"","overlay-gradient":""},"mobile":{"background-color":"","background-image":"","background-repeat":"repeat","background-position":"center center","background-size":"auto","background-attachment":"scroll","background-type":"","background-media":"","overlay-type":"","overlay-color":"","overlay-opacity":"","overlay-gradient":""}},"ast-content-background-meta":{"desktop":{"background-color":"var(--ast-global-color-5)","background-image":"","background-repeat":"repeat","background-position":"center center","background-size":"auto","background-attachment":"scroll","background-type":"","background-media":"","overlay-type":"","overlay-color":"","overlay-opacity":"","overlay-gradient":""},"tablet":{"background-color":"var(--ast-global-color-5)","background-image":"","background-repeat":"repeat","background-position":"center center","background-size":"auto","background-attachment":"scroll","background-type":"","background-media":"","overlay-type":"","overlay-color":"","overlay-opacity":"","overlay-gradient":""},"mobile":{"background-color":"var(--ast-global-color-5)","background-image":"","background-repeat":"repeat","background-position":"center center","background-size":"auto","background-attachment":"scroll","background-type":"","background-media":"","overlay-type":"","overlay-color":"","overlay-opacity":"","overlay-gradient":""}},"_jetpack_memberships_contains_paid_content":false,"_joinchat":[],"footnotes":""},"categories":[15302,5,2],"tags":[],"class_list":["post-113935","post","type-post","status-publish","format-standard","has-post-thumbnail","hentry","category-destacado","category-sociedad","category-villa-maria"],"yoast_head":"<!-- This site is optimized with the Yoast SEO plugin v26.8 - https:\/\/yoast.com\/product\/yoast-seo-wordpress\/ -->\n<title>Se realiz\u00f3 un reconocimiento especial a los organizadores de la pe\u00f1a de Los So\u00f1adores, por sus 20 a\u00f1os de permanencia y crecimiento - El Regional<\/title>\n<meta name=\"robots\" content=\"index, follow, max-snippet:-1, max-image-preview:large, max-video-preview:-1\" \/>\n<link rel=\"canonical\" href=\"https:\/\/elregionalvm.com.ar\/noticias-villa-maria\/se-realizo-un-reconocimiento-especial-a-los-organizadores-de-la-pena-de-los-sonadores-por-sus-20-anos-de-permanencia-y-crecimiento\/\" \/>\n<meta property=\"og:locale\" content=\"es_ES\" \/>\n<meta property=\"og:type\" content=\"article\" \/>\n<meta property=\"og:title\" content=\"Se realiz\u00f3 un reconocimiento especial a los organizadores de la pe\u00f1a de Los So\u00f1adores, por sus 20 a\u00f1os de permanencia y crecimiento - El Regional\" \/>\n<meta property=\"og:description\" content=\"Se realiz\u00f3 un reconocimiento especial a los organizadores de la pe\u00f1a de Los So\u00f1adores, por sus 20 a\u00f1os de permanencia y crecimiento. En este contexto, el secretario de Econom\u00eda, Desarrollo Productivo y Transformaci\u00f3n Digital, Guillermo Pieckenstainer, junto al subsecretario de Desarrollo Productivo, Germ\u00e1n Tenedini, y el responsable de Innovaci\u00f3n para el Desarrollo Productivo, Yamil Elhall, [&hellip;]\" \/>\n<meta property=\"og:url\" content=\"https:\/\/elregionalvm.com.ar\/noticias-villa-maria\/se-realizo-un-reconocimiento-especial-a-los-organizadores-de-la-pena-de-los-sonadores-por-sus-20-anos-de-permanencia-y-crecimiento\/\" \/>\n<meta property=\"og:site_name\" content=\"El Regional\" \/>\n<meta property=\"article:publisher\" content=\"https:\/\/www.facebook.com\/elregionalvm\" \/>\n<meta property=\"article:published_time\" content=\"2026-02-10T03:41:11+00:00\" \/>\n<meta property=\"article:modified_time\" content=\"2026-02-10T03:41:14+00:00\" \/>\n<meta property=\"og:image\" content=\"https:\/\/elregionalvm.com.ar\/noticias-villa-maria\/wp-content\/uploads\/2026\/02\/dc3b16cb5df74fd89e8b6aa0ff89f6e2.jpeg\" \/>\n\t<meta property=\"og:image:width\" content=\"800\" \/>\n\t<meta property=\"og:image:height\" content=\"600\" \/>\n\t<meta property=\"og:image:type\" content=\"image\/jpeg\" \/>\n<meta name=\"author\" content=\"Contenidos El Regional\" \/>\n<meta name=\"twitter:card\" content=\"summary_large_image\" \/>\n<meta name=\"twitter:creator\" content=\"@elregionalvm1\" \/>\n<meta name=\"twitter:site\" content=\"@elregionalvm1\" \/>\n<meta name=\"twitter:label1\" content=\"Escrito por\" \/>\n\t<meta name=\"twitter:data1\" content=\"Contenidos El Regional\" \/>\n\t<meta name=\"twitter:label2\" content=\"Tiempo de lectura\" \/>\n\t<meta name=\"twitter:data2\" content=\"2 minutos\" \/>\n<script type=\"application\/ld+json\" class=\"yoast-schema-graph\">{\"@context\":\"https:\/\/schema.org\",\"@graph\":[{\"@type\":\"Article\",\"@id\":\"https:\/\/elregionalvm.com.ar\/noticias-villa-maria\/se-realizo-un-reconocimiento-especial-a-los-organizadores-de-la-pena-de-los-sonadores-por-sus-20-anos-de-permanencia-y-crecimiento\/#article\",\"isPartOf\":{\"@id\":\"https:\/\/elregionalvm.com.ar\/noticias-villa-maria\/se-realizo-un-reconocimiento-especial-a-los-organizadores-de-la-pena-de-los-sonadores-por-sus-20-anos-de-permanencia-y-crecimiento\/\"},\"author\":{\"name\":\"Contenidos El Regional\",\"@id\":\"http:\/\/elregionalvm.com.ar\/noticias-villa-maria\/#\/schema\/person\/a0fb9c422317faca23d50163151bc354\"},\"headline\":\"Se realiz\u00f3 un reconocimiento especial a los organizadores de la pe\u00f1a de Los So\u00f1adores, por sus 20 a\u00f1os de permanencia y crecimiento\",\"datePublished\":\"2026-02-10T03:41:11+00:00\",\"dateModified\":\"2026-02-10T03:41:14+00:00\",\"mainEntityOfPage\":{\"@id\":\"https:\/\/elregionalvm.com.ar\/noticias-villa-maria\/se-realizo-un-reconocimiento-especial-a-los-organizadores-de-la-pena-de-los-sonadores-por-sus-20-anos-de-permanencia-y-crecimiento\/\"},\"wordCount\":328,\"commentCount\":0,\"image\":{\"@id\":\"https:\/\/elregionalvm.com.ar\/noticias-villa-maria\/se-realizo-un-reconocimiento-especial-a-los-organizadores-de-la-pena-de-los-sonadores-por-sus-20-anos-de-permanencia-y-crecimiento\/#primaryimage\"},\"thumbnailUrl\":\"https:\/\/i0.wp.com\/elregionalvm.com.ar\/noticias-villa-maria\/wp-content\/uploads\/2026\/02\/dc3b16cb5df74fd89e8b6aa0ff89f6e2.jpeg?fit=800%2C600&ssl=1\",\"articleSection\":[\"destacado\",\"Sociedad\",\"Villa Mar\u00eda\"],\"inLanguage\":\"es\",\"potentialAction\":[{\"@type\":\"CommentAction\",\"name\":\"Comment\",\"target\":[\"https:\/\/elregionalvm.com.ar\/noticias-villa-maria\/se-realizo-un-reconocimiento-especial-a-los-organizadores-de-la-pena-de-los-sonadores-por-sus-20-anos-de-permanencia-y-crecimiento\/#respond\"]}]},{\"@type\":\"WebPage\",\"@id\":\"https:\/\/elregionalvm.com.ar\/noticias-villa-maria\/se-realizo-un-reconocimiento-especial-a-los-organizadores-de-la-pena-de-los-sonadores-por-sus-20-anos-de-permanencia-y-crecimiento\/\",\"url\":\"https:\/\/elregionalvm.com.ar\/noticias-villa-maria\/se-realizo-un-reconocimiento-especial-a-los-organizadores-de-la-pena-de-los-sonadores-por-sus-20-anos-de-permanencia-y-crecimiento\/\",\"name\":\"Se realiz\u00f3 un reconocimiento especial a los organizadores de la pe\u00f1a de Los So\u00f1adores, por sus 20 a\u00f1os de permanencia y crecimiento - El Regional\",\"isPartOf\":{\"@id\":\"http:\/\/elregionalvm.com.ar\/noticias-villa-maria\/#website\"},\"primaryImageOfPage\":{\"@id\":\"https:\/\/elregionalvm.com.ar\/noticias-villa-maria\/se-realizo-un-reconocimiento-especial-a-los-organizadores-de-la-pena-de-los-sonadores-por-sus-20-anos-de-permanencia-y-crecimiento\/#primaryimage\"},\"image\":{\"@id\":\"https:\/\/elregionalvm.com.ar\/noticias-villa-maria\/se-realizo-un-reconocimiento-especial-a-los-organizadores-de-la-pena-de-los-sonadores-por-sus-20-anos-de-permanencia-y-crecimiento\/#primaryimage\"},\"thumbnailUrl\":\"https:\/\/i0.wp.com\/elregionalvm.com.ar\/noticias-villa-maria\/wp-content\/uploads\/2026\/02\/dc3b16cb5df74fd89e8b6aa0ff89f6e2.jpeg?fit=800%2C600&ssl=1\",\"datePublished\":\"2026-02-10T03:41:11+00:00\",\"dateModified\":\"2026-02-10T03:41:14+00:00\",\"author\":{\"@id\":\"http:\/\/elregionalvm.com.ar\/noticias-villa-maria\/#\/schema\/person\/a0fb9c422317faca23d50163151bc354\"},\"breadcrumb\":{\"@id\":\"https:\/\/elregionalvm.com.ar\/noticias-villa-maria\/se-realizo-un-reconocimiento-especial-a-los-organizadores-de-la-pena-de-los-sonadores-por-sus-20-anos-de-permanencia-y-crecimiento\/#breadcrumb\"},\"inLanguage\":\"es\",\"potentialAction\":[{\"@type\":\"ReadAction\",\"target\":[\"https:\/\/elregionalvm.com.ar\/noticias-villa-maria\/se-realizo-un-reconocimiento-especial-a-los-organizadores-de-la-pena-de-los-sonadores-por-sus-20-anos-de-permanencia-y-crecimiento\/\"]}]},{\"@type\":\"ImageObject\",\"inLanguage\":\"es\",\"@id\":\"https:\/\/elregionalvm.com.ar\/noticias-villa-maria\/se-realizo-un-reconocimiento-especial-a-los-organizadores-de-la-pena-de-los-sonadores-por-sus-20-anos-de-permanencia-y-crecimiento\/#primaryimage\",\"url\":\"https:\/\/i0.wp.com\/elregionalvm.com.ar\/noticias-villa-maria\/wp-content\/uploads\/2026\/02\/dc3b16cb5df74fd89e8b6aa0ff89f6e2.jpeg?fit=800%2C600&ssl=1\",\"contentUrl\":\"https:\/\/i0.wp.com\/elregionalvm.com.ar\/noticias-villa-maria\/wp-content\/uploads\/2026\/02\/dc3b16cb5df74fd89e8b6aa0ff89f6e2.jpeg?fit=800%2C600&ssl=1\",\"width\":800,\"height\":600},{\"@type\":\"BreadcrumbList\",\"@id\":\"https:\/\/elregionalvm.com.ar\/noticias-villa-maria\/se-realizo-un-reconocimiento-especial-a-los-organizadores-de-la-pena-de-los-sonadores-por-sus-20-anos-de-permanencia-y-crecimiento\/#breadcrumb\",\"itemListElement\":[{\"@type\":\"ListItem\",\"position\":1,\"name\":\"Portada\",\"item\":\"https:\/\/elregionalvm.com.ar\/noticias-villa-maria\/\"},{\"@type\":\"ListItem\",\"position\":2,\"name\":\"Se realiz\u00f3 un reconocimiento especial a los organizadores de la pe\u00f1a de Los So\u00f1adores, por sus 20 a\u00f1os de permanencia y crecimiento\"}]},{\"@type\":\"WebSite\",\"@id\":\"http:\/\/elregionalvm.com.ar\/noticias-villa-maria\/#website\",\"url\":\"http:\/\/elregionalvm.com.ar\/noticias-villa-maria\/\",\"name\":\"El Regional\",\"description\":\"Mucho m\u00e1s que informaci\u00f3n\",\"potentialAction\":[{\"@type\":\"SearchAction\",\"target\":{\"@type\":\"EntryPoint\",\"urlTemplate\":\"http:\/\/elregionalvm.com.ar\/noticias-villa-maria\/?s={search_term_string}\"},\"query-input\":{\"@type\":\"PropertyValueSpecification\",\"valueRequired\":true,\"valueName\":\"search_term_string\"}}],\"inLanguage\":\"es\"},{\"@type\":\"Person\",\"@id\":\"http:\/\/elregionalvm.com.ar\/noticias-villa-maria\/#\/schema\/person\/a0fb9c422317faca23d50163151bc354\",\"name\":\"Contenidos El Regional\",\"image\":{\"@type\":\"ImageObject\",\"inLanguage\":\"es\",\"@id\":\"http:\/\/elregionalvm.com.ar\/noticias-villa-maria\/#\/schema\/person\/image\/\",\"url\":\"https:\/\/secure.gravatar.com\/avatar\/265b27cb2209af7bb3a1318f03305787d7981a5cc6e6cd08fe5a4ecdf99d4b48?s=96&d=mm&r=g\",\"contentUrl\":\"https:\/\/secure.gravatar.com\/avatar\/265b27cb2209af7bb3a1318f03305787d7981a5cc6e6cd08fe5a4ecdf99d4b48?s=96&d=mm&r=g\",\"caption\":\"Contenidos El Regional\"},\"url\":\"https:\/\/elregionalvm.com.ar\/noticias-villa-maria\/author\/contenido\/\"}]}<\/script>\n<!-- \/ Yoast SEO plugin. -->","yoast_head_json":{"title":"Se realiz\u00f3 un reconocimiento especial a los organizadores de la pe\u00f1a de Los So\u00f1adores, por sus 20 a\u00f1os de permanencia y crecimiento - El Regional","robots":{"index":"index","follow":"follow","max-snippet":"max-snippet:-1","max-image-preview":"max-image-preview:large","max-video-preview":"max-video-preview:-1"},"canonical":"https:\/\/elregionalvm.com.ar\/noticias-villa-maria\/se-realizo-un-reconocimiento-especial-a-los-organizadores-de-la-pena-de-los-sonadores-por-sus-20-anos-de-permanencia-y-crecimiento\/","og_locale":"es_ES","og_type":"article","og_title":"Se realiz\u00f3 un reconocimiento especial a los organizadores de la pe\u00f1a de Los So\u00f1adores, por sus 20 a\u00f1os de permanencia y crecimiento - El Regional","og_description":"Se realiz\u00f3 un reconocimiento especial a los organizadores de la pe\u00f1a de Los So\u00f1adores, por sus 20 a\u00f1os de permanencia y crecimiento. En este contexto, el secretario de Econom\u00eda, Desarrollo Productivo y Transformaci\u00f3n Digital, Guillermo Pieckenstainer, junto al subsecretario de Desarrollo Productivo, Germ\u00e1n Tenedini, y el responsable de Innovaci\u00f3n para el Desarrollo Productivo, Yamil Elhall, [&hellip;]","og_url":"https:\/\/elregionalvm.com.ar\/noticias-villa-maria\/se-realizo-un-reconocimiento-especial-a-los-organizadores-de-la-pena-de-los-sonadores-por-sus-20-anos-de-permanencia-y-crecimiento\/","og_site_name":"El Regional","article_publisher":"https:\/\/www.facebook.com\/elregionalvm","article_published_time":"2026-02-10T03:41:11+00:00","article_modified_time":"2026-02-10T03:41:14+00:00","og_image":[{"width":800,"height":600,"url":"https:\/\/elregionalvm.com.ar\/noticias-villa-maria\/wp-content\/uploads\/2026\/02\/dc3b16cb5df74fd89e8b6aa0ff89f6e2.jpeg","type":"image\/jpeg"}],"author":"Contenidos El Regional","twitter_card":"summary_large_image","twitter_creator":"@elregionalvm1","twitter_site":"@elregionalvm1","twitter_misc":{"Escrito por":"Contenidos El Regional","Tiempo de lectura":"2 minutos"},"schema":{"@context":"https:\/\/schema.org","@graph":[{"@type":"Article","@id":"https:\/\/elregionalvm.com.ar\/noticias-villa-maria\/se-realizo-un-reconocimiento-especial-a-los-organizadores-de-la-pena-de-los-sonadores-por-sus-20-anos-de-permanencia-y-crecimiento\/#article","isPartOf":{"@id":"https:\/\/elregionalvm.com.ar\/noticias-villa-maria\/se-realizo-un-reconocimiento-especial-a-los-organizadores-de-la-pena-de-los-sonadores-por-sus-20-anos-de-permanencia-y-crecimiento\/"},"author":{"name":"Contenidos El Regional","@id":"http:\/\/elregionalvm.com.ar\/noticias-villa-maria\/#\/schema\/person\/a0fb9c422317faca23d50163151bc354"},"headline":"Se realiz\u00f3 un reconocimiento especial a los organizadores de la pe\u00f1a de Los So\u00f1adores, por sus 20 a\u00f1os de permanencia y crecimiento","datePublished":"2026-02-10T03:41:11+00:00","dateModified":"2026-02-10T03:41:14+00:00","mainEntityOfPage":{"@id":"https:\/\/elregionalvm.com.ar\/noticias-villa-maria\/se-realizo-un-reconocimiento-especial-a-los-organizadores-de-la-pena-de-los-sonadores-por-sus-20-anos-de-permanencia-y-crecimiento\/"},"wordCount":328,"commentCount":0,"image":{"@id":"https:\/\/elregionalvm.com.ar\/noticias-villa-maria\/se-realizo-un-reconocimiento-especial-a-los-organizadores-de-la-pena-de-los-sonadores-por-sus-20-anos-de-permanencia-y-crecimiento\/#primaryimage"},"thumbnailUrl":"https:\/\/i0.wp.com\/elregionalvm.com.ar\/noticias-villa-maria\/wp-content\/uploads\/2026\/02\/dc3b16cb5df74fd89e8b6aa0ff89f6e2.jpeg?fit=800%2C600&ssl=1","articleSection":["destacado","Sociedad","Villa Mar\u00eda"],"inLanguage":"es","potentialAction":[{"@type":"CommentAction","name":"Comment","target":["https:\/\/elregionalvm.com.ar\/noticias-villa-maria\/se-realizo-un-reconocimiento-especial-a-los-organizadores-de-la-pena-de-los-sonadores-por-sus-20-anos-de-permanencia-y-crecimiento\/#respond"]}]},{"@type":"WebPage","@id":"https:\/\/elregionalvm.com.ar\/noticias-villa-maria\/se-realizo-un-reconocimiento-especial-a-los-organizadores-de-la-pena-de-los-sonadores-por-sus-20-anos-de-permanencia-y-crecimiento\/","url":"https:\/\/elregionalvm.com.ar\/noticias-villa-maria\/se-realizo-un-reconocimiento-especial-a-los-organizadores-de-la-pena-de-los-sonadores-por-sus-20-anos-de-permanencia-y-crecimiento\/","name":"Se realiz\u00f3 un reconocimiento especial a los organizadores de la pe\u00f1a de Los So\u00f1adores, por sus 20 a\u00f1os de permanencia y crecimiento - El Regional","isPartOf":{"@id":"http:\/\/elregionalvm.com.ar\/noticias-villa-maria\/#website"},"primaryImageOfPage":{"@id":"https:\/\/elregionalvm.com.ar\/noticias-villa-maria\/se-realizo-un-reconocimiento-especial-a-los-organizadores-de-la-pena-de-los-sonadores-por-sus-20-anos-de-permanencia-y-crecimiento\/#primaryimage"},"image":{"@id":"https:\/\/elregionalvm.com.ar\/noticias-villa-maria\/se-realizo-un-reconocimiento-especial-a-los-organizadores-de-la-pena-de-los-sonadores-por-sus-20-anos-de-permanencia-y-crecimiento\/#primaryimage"},"thumbnailUrl":"https:\/\/i0.wp.com\/elregionalvm.com.ar\/noticias-villa-maria\/wp-content\/uploads\/2026\/02\/dc3b16cb5df74fd89e8b6aa0ff89f6e2.jpeg?fit=800%2C600&ssl=1","datePublished":"2026-02-10T03:41:11+00:00","dateModified":"2026-02-10T03:41:14+00:00","author":{"@id":"http:\/\/elregionalvm.com.ar\/noticias-villa-maria\/#\/schema\/person\/a0fb9c422317faca23d50163151bc354"},"breadcrumb":{"@id":"https:\/\/elregionalvm.com.ar\/noticias-villa-maria\/se-realizo-un-reconocimiento-especial-a-los-organizadores-de-la-pena-de-los-sonadores-por-sus-20-anos-de-permanencia-y-crecimiento\/#breadcrumb"},"inLanguage":"es","potentialAction":[{"@type":"ReadAction","target":["https:\/\/elregionalvm.com.ar\/noticias-villa-maria\/se-realizo-un-reconocimiento-especial-a-los-organizadores-de-la-pena-de-los-sonadores-por-sus-20-anos-de-permanencia-y-crecimiento\/"]}]},{"@type":"ImageObject","inLanguage":"es","@id":"https:\/\/elregionalvm.com.ar\/noticias-villa-maria\/se-realizo-un-reconocimiento-especial-a-los-organizadores-de-la-pena-de-los-sonadores-por-sus-20-anos-de-permanencia-y-crecimiento\/#primaryimage","url":"https:\/\/i0.wp.com\/elregionalvm.com.ar\/noticias-villa-maria\/wp-content\/uploads\/2026\/02\/dc3b16cb5df74fd89e8b6aa0ff89f6e2.jpeg?fit=800%2C600&ssl=1","contentUrl":"https:\/\/i0.wp.com\/elregionalvm.com.ar\/noticias-villa-maria\/wp-content\/uploads\/2026\/02\/dc3b16cb5df74fd89e8b6aa0ff89f6e2.jpeg?fit=800%2C600&ssl=1","width":800,"height":600},{"@type":"BreadcrumbList","@id":"https:\/\/elregionalvm.com.ar\/noticias-villa-maria\/se-realizo-un-reconocimiento-especial-a-los-organizadores-de-la-pena-de-los-sonadores-por-sus-20-anos-de-permanencia-y-crecimiento\/#breadcrumb","itemListElement":[{"@type":"ListItem","position":1,"name":"Portada","item":"https:\/\/elregionalvm.com.ar\/noticias-villa-maria\/"},{"@type":"ListItem","position":2,"name":"Se realiz\u00f3 un reconocimiento especial a los organizadores de la pe\u00f1a de Los So\u00f1adores, por sus 20 a\u00f1os de permanencia y crecimiento"}]},{"@type":"WebSite","@id":"http:\/\/elregionalvm.com.ar\/noticias-villa-maria\/#website","url":"http:\/\/elregionalvm.com.ar\/noticias-villa-maria\/","name":"El Regional","description":"Mucho m\u00e1s que informaci\u00f3n","potentialAction":[{"@type":"SearchAction","target":{"@type":"EntryPoint","urlTemplate":"http:\/\/elregionalvm.com.ar\/noticias-villa-maria\/?s={search_term_string}"},"query-input":{"@type":"PropertyValueSpecification","valueRequired":true,"valueName":"search_term_string"}}],"inLanguage":"es"},{"@type":"Person","@id":"http:\/\/elregionalvm.com.ar\/noticias-villa-maria\/#\/schema\/person\/a0fb9c422317faca23d50163151bc354","name":"Contenidos El Regional","image":{"@type":"ImageObject","inLanguage":"es","@id":"http:\/\/elregionalvm.com.ar\/noticias-villa-maria\/#\/schema\/person\/image\/","url":"https:\/\/secure.gravatar.com\/avatar\/265b27cb2209af7bb3a1318f03305787d7981a5cc6e6cd08fe5a4ecdf99d4b48?s=96&d=mm&r=g","contentUrl":"https:\/\/secure.gravatar.com\/avatar\/265b27cb2209af7bb3a1318f03305787d7981a5cc6e6cd08fe5a4ecdf99d4b48?s=96&d=mm&r=g","caption":"Contenidos El Regional"},"url":"https:\/\/elregionalvm.com.ar\/noticias-villa-maria\/author\/contenido\/"}]}},"jetpack_featured_media_url":"https:\/\/i0.wp.com\/elregionalvm.com.ar\/noticias-villa-maria\/wp-content\/uploads\/2026\/02\/dc3b16cb5df74fd89e8b6aa0ff89f6e2.jpeg?fit=800%2C600&ssl=1","jetpack_sharing_enabled":true,"_links":{"self":[{"href":"https:\/\/elregionalvm.com.ar\/noticias-villa-maria\/wp-json\/wp\/v2\/posts\/113935","targetHints":{"allow":["GET"]}}],"collection":[{"href":"https:\/\/elregionalvm.com.ar\/noticias-villa-maria\/wp-json\/wp\/v2\/posts"}],"about":[{"href":"https:\/\/elregionalvm.com.ar\/noticias-villa-maria\/wp-json\/wp\/v2\/types\/post"}],"author":[{"embeddable":true,"href":"https:\/\/elregionalvm.com.ar\/noticias-villa-maria\/wp-json\/wp\/v2\/users\/4"}],"replies":[{"embeddable":true,"href":"https:\/\/elregionalvm.com.ar\/noticias-villa-maria\/wp-json\/wp\/v2\/comments?post=113935"}],"version-history":[{"count":1,"href":"https:\/\/elregionalvm.com.ar\/noticias-villa-maria\/wp-json\/wp\/v2\/posts\/113935\/revisions"}],"predecessor-version":[{"id":113937,"href":"https:\/\/elregionalvm.com.ar\/noticias-villa-maria\/wp-json\/wp\/v2\/posts\/113935\/revisions\/113937"}],"wp:featuredmedia":[{"embeddable":true,"href":"https:\/\/elregionalvm.com.ar\/noticias-villa-maria\/wp-json\/wp\/v2\/media\/113936"}],"wp:attachment":[{"href":"https:\/\/elregionalvm.com.ar\/noticias-villa-maria\/wp-json\/wp\/v2\/media?parent=113935"}],"wp:term":[{"taxonomy":"category","embeddable":true,"href":"https:\/\/elregionalvm.com.ar\/noticias-villa-maria\/wp-json\/wp\/v2\/categories?post=113935"},{"taxonomy":"post_tag","embeddable":true,"href":"https:\/\/elregionalvm.com.ar\/noticias-villa-maria\/wp-json\/wp\/v2\/tags?post=113935"}],"curies":[{"name":"wp","href":"https:\/\/api.w.org\/{rel}","templated":true}]}}