{"id":113982,"date":"2026-02-12T03:02:23","date_gmt":"2026-02-12T03:02:23","guid":{"rendered":"https:\/\/elregionalvm.com.ar\/noticias-villa-maria\/?p=113982"},"modified":"2026-02-12T03:02:25","modified_gmt":"2026-02-12T03:02:25","slug":"para-accastello-la-edicion-de-este-festival-de-penas-fue-un-exito-rotundo","status":"publish","type":"post","link":"https:\/\/elregionalvm.com.ar\/noticias-villa-maria\/para-accastello-la-edicion-de-este-festival-de-penas-fue-un-exito-rotundo\/","title":{"rendered":"Para Accastello la edici\u00f3n de este Festival de Pe\u00f1as fue un \u00e9xito rotundo"},"content":{"rendered":"\n<p>Durante la \u00faltima noche del 58\u00ba Festival Internacional de Pe\u00f1as, el intendente Eduardo Accastello, junto al secretario de Gobierno, Cultura y Relaciones Institucionales, Marcos Bovo; el secretario de Econom\u00eda, Transformaci\u00f3n Digital y Desarrollo Productivo, Guillermo Pieckenstainer; y el presidente del Ente Deporte y Turismo, Alejandro Mana, realizaron un balance general de la edici\u00f3n 58 del Festival Internacional de Pe\u00f1as y del Recorrido Pe\u00f1ero.<\/p>\n\n\n\n<p><strong>Balance positivo<\/strong><\/p>\n\n\n\n<p>Al respecto, el intendente Eduardo Accastello expres\u00f3 en conferencia de prensa:&nbsp;<em><strong>\u00abLa edici\u00f3n 2026 del Festival Internacional de Pe\u00f1as ha sido un \u00e9xito desde todo punto de vista. Este festival es autosustentable desde hace muchos a\u00f1os y, una vez m\u00e1s, volvi\u00f3 a serlo, ya que las dos primeras noches tuvimos el 100% de venta de tickets, el domingo y lunes alcanzamos el 95%, y esta \u00faltima noche un 90%. Si sumamos el Festival y el recorrido pe\u00f1ero, superamos las 630.000 personas a lo largo de 13 noches, lo que gener\u00f3 una enorme movida econ\u00f3mica, empleo y trazabilidad en el desarrollo comercial de la ciudad y de toda la regi\u00f3n\u2019\u2019.<\/strong><\/em><br>&nbsp;<br>Asimismo, dijo:&nbsp;<strong><em>\u2018\u2019Este es un festival regional, por eso agradecemos a quienes se llegaron a disfrutar de cada una de las propuestas. Gracias a los medios locales, provinciales y nacionales que nos acompa\u00f1aron. Estamos muy contentos por la calidad de los shows y la enorme convocatoria de gente cada noche. Esto nos compromete a seguir trabajando para el pr\u00f3ximo a\u00f1o, entendiendo al Recorrido y al Festival como una inversi\u00f3n social y econ\u00f3mica. Este a\u00f1o participaron m\u00e1s de 400 emprendedores y 12 pe\u00f1as, y adem\u00e1s queremos destacar que la gente que nos visit\u00f3 nos manifest\u00f3 que se sinti\u00f3 tranquila y segura, y tambi\u00e9n valor\u00f3 enormemente la limpieza durante todas las noches. Entre el Recorrido Pe\u00f1ero, emprendedores y personal que trabaj\u00f3 en el Anfiteatro, fueron cerca de 2.000 personas que pusieron lo mejor para que salga todo bien. Nuestro balance es extremadamente positivo y estamos felices de seguir potenciando a Villa Mar\u00eda como sede de grandes eventos\u00bb.<\/em><\/strong><\/p>\n\n\n\n<p>A su turno, el secretario de Gobierno, Cultura &nbsp;y Relaciones Institucionales, Marcos Bovo, a\u00f1adi\u00f3:&nbsp;<em>\u201cEl Festival y el Recorrido Pe\u00f1ero significan much\u00edsimo para la regi\u00f3n por tener identidad cultural propia y por su complementaci\u00f3n. En esa sinergia, se generan oportunidades. Esto se suma al compromiso de muchas personas: emprendedores, empresas, instituciones y familias que, con esfuerzo y trabajo, impulsan el desarrollo econ\u00f3mico y cultural. Estamos muy contentos porque esta edici\u00f3n n\u00famero 58 ha tenido una trayectoria destacada, especialmente por la participaci\u00f3n de tantos espectadores provenientes de distintas provincias como de los artistas que se sumaron\u00bb.<\/em><\/p>\n\n\n\n<p><strong>El gran cierre del Festival de Festivales<\/strong><\/p>\n\n\n\n<p>La apertura art\u00edstica estuvo a cargo del talento local con Santi Fiuri. De igual modo, Juli Cardozo brind\u00f3 una destacada actuaci\u00f3n sobre el escenario \u201cHern\u00e1n Figueroa Reyes\u201d.<\/p>\n\n\n\n<p>La propuesta continu\u00f3 con el show de Coti Sorokin, quien ante un Anfiteatro colmado, despleg\u00f3 un recorrido por sus grandes cl\u00e1sicos y canciones populares, preparando el clima para el cierre estelar de la noche con la presentaci\u00f3n estelar de Morat.<\/p>\n\n\n\n<p><strong>Reconocimientos<\/strong><\/p>\n\n\n\n<p>En este marco, el intendente Accastello, junto a la legisladora Ver\u00f3nica Navarro Alegre y dem\u00e1s funcionarios, hizo entrega en nombre de la ciudad de una placa a la banda colombiana Morat, en reconocimiento a su trayectoria y por el aporte cultural brindado a la m\u00fasica latinoamericana.<\/p>\n\n\n\n<p>Asimismo, el intendente Accastello hizo entrega de un reconocimiento a Coti Sorokin por su valioso aporte art\u00edstico al patrimonio musical argentino.<\/p>\n\n\n\n<p>&nbsp;Al respecto, Coti, expres\u00f3:&nbsp;<em>\u201cVivan los festivales, viva la cultura argentina, viva nuestra gente y viva nuestra m\u00fasica. Estos encuentros con el p\u00fablico son \u00fanicos y merecen larga vida. Felicitaciones por esta historia y esta trayectoria, por ser el festival de los festivales, el festival en el que todos queremos estar y del que todos queremos ser parte\u201d.<\/em><\/p>\n","protected":false},"excerpt":{"rendered":"<p>Durante la \u00faltima noche del 58\u00ba Festival Internacional de Pe\u00f1as, el intendente Eduardo Accastello, junto al secretario de Gobierno, Cultura y Relaciones Institucionales, Marcos Bovo; el secretario de Econom\u00eda, Transformaci\u00f3n Digital y Desarrollo Productivo, Guillermo Pieckenstainer; y el presidente del Ente Deporte y Turismo, Alejandro Mana, realizaron un balance general de la edici\u00f3n 58 del [&hellip;]<\/p>\n","protected":false},"author":4,"featured_media":113983,"comment_status":"open","ping_status":"open","sticky":false,"template":"","format":"standard","meta":{"site-sidebar-layout":"default","site-content-layout":"","ast-site-content-layout":"default","site-content-style":"default","site-sidebar-style":"default","ast-global-header-display":"","ast-banner-title-visibility":"","ast-main-header-display":"","ast-hfb-above-header-display":"","ast-hfb-below-header-display":"","ast-hfb-mobile-header-display":"","site-post-title":"","ast-breadcrumbs-content":"","ast-featured-img":"","footer-sml-layout":"","ast-disable-related-posts":"","theme-transparent-header-meta":"","adv-header-id-meta":"","stick-header-meta":"","header-above-stick-meta":"","header-main-stick-meta":"","header-below-stick-meta":"","astra-migrate-meta-layouts":"set","ast-page-background-enabled":"default","ast-page-background-meta":{"desktop":{"background-color":"","background-image":"","background-repeat":"repeat","background-position":"center center","background-size":"auto","background-attachment":"scroll","background-type":"","background-media":"","overlay-type":"","overlay-color":"","overlay-opacity":"","overlay-gradient":""},"tablet":{"background-color":"","background-image":"","background-repeat":"repeat","background-position":"center center","background-size":"auto","background-attachment":"scroll","background-type":"","background-media":"","overlay-type":"","overlay-color":"","overlay-opacity":"","overlay-gradient":""},"mobile":{"background-color":"","background-image":"","background-repeat":"repeat","background-position":"center center","background-size":"auto","background-attachment":"scroll","background-type":"","background-media":"","overlay-type":"","overlay-color":"","overlay-opacity":"","overlay-gradient":""}},"ast-content-background-meta":{"desktop":{"background-color":"var(--ast-global-color-5)","background-image":"","background-repeat":"repeat","background-position":"center center","background-size":"auto","background-attachment":"scroll","background-type":"","background-media":"","overlay-type":"","overlay-color":"","overlay-opacity":"","overlay-gradient":""},"tablet":{"background-color":"var(--ast-global-color-5)","background-image":"","background-repeat":"repeat","background-position":"center center","background-size":"auto","background-attachment":"scroll","background-type":"","background-media":"","overlay-type":"","overlay-color":"","overlay-opacity":"","overlay-gradient":""},"mobile":{"background-color":"var(--ast-global-color-5)","background-image":"","background-repeat":"repeat","background-position":"center center","background-size":"auto","background-attachment":"scroll","background-type":"","background-media":"","overlay-type":"","overlay-color":"","overlay-opacity":"","overlay-gradient":""}},"_jetpack_memberships_contains_paid_content":false,"_joinchat":[],"footnotes":""},"categories":[15302,13130,5,2],"tags":[],"class_list":["post-113982","post","type-post","status-publish","format-standard","has-post-thumbnail","hentry","category-destacado","category-festival","category-sociedad","category-villa-maria"],"yoast_head":"<!-- This site is optimized with the Yoast SEO plugin v26.8 - https:\/\/yoast.com\/product\/yoast-seo-wordpress\/ -->\n<title>Para Accastello la edici\u00f3n de este Festival de Pe\u00f1as fue un \u00e9xito rotundo - El Regional<\/title>\n<meta name=\"robots\" content=\"index, follow, max-snippet:-1, max-image-preview:large, max-video-preview:-1\" \/>\n<link rel=\"canonical\" href=\"https:\/\/elregionalvm.com.ar\/noticias-villa-maria\/para-accastello-la-edicion-de-este-festival-de-penas-fue-un-exito-rotundo\/\" \/>\n<meta property=\"og:locale\" content=\"es_ES\" \/>\n<meta property=\"og:type\" content=\"article\" \/>\n<meta property=\"og:title\" content=\"Para Accastello la edici\u00f3n de este Festival de Pe\u00f1as fue un \u00e9xito rotundo - El Regional\" \/>\n<meta property=\"og:description\" content=\"Durante la \u00faltima noche del 58\u00ba Festival Internacional de Pe\u00f1as, el intendente Eduardo Accastello, junto al secretario de Gobierno, Cultura y Relaciones Institucionales, Marcos Bovo; el secretario de Econom\u00eda, Transformaci\u00f3n Digital y Desarrollo Productivo, Guillermo Pieckenstainer; y el presidente del Ente Deporte y Turismo, Alejandro Mana, realizaron un balance general de la edici\u00f3n 58 del [&hellip;]\" \/>\n<meta property=\"og:url\" content=\"https:\/\/elregionalvm.com.ar\/noticias-villa-maria\/para-accastello-la-edicion-de-este-festival-de-penas-fue-un-exito-rotundo\/\" \/>\n<meta property=\"og:site_name\" content=\"El Regional\" \/>\n<meta property=\"article:publisher\" content=\"https:\/\/www.facebook.com\/elregionalvm\" \/>\n<meta property=\"article:published_time\" content=\"2026-02-12T03:02:23+00:00\" \/>\n<meta property=\"article:modified_time\" content=\"2026-02-12T03:02:25+00:00\" \/>\n<meta property=\"og:image\" content=\"https:\/\/elregionalvm.com.ar\/noticias-villa-maria\/wp-content\/uploads\/2026\/02\/55f33def68b34b0f8e559f1baa770fec.jpeg\" \/>\n\t<meta property=\"og:image:width\" content=\"800\" \/>\n\t<meta property=\"og:image:height\" content=\"600\" \/>\n\t<meta property=\"og:image:type\" content=\"image\/jpeg\" \/>\n<meta name=\"author\" content=\"Contenidos El Regional\" \/>\n<meta name=\"twitter:card\" content=\"summary_large_image\" \/>\n<meta name=\"twitter:creator\" content=\"@elregionalvm1\" \/>\n<meta name=\"twitter:site\" content=\"@elregionalvm1\" \/>\n<meta name=\"twitter:label1\" content=\"Escrito por\" \/>\n\t<meta name=\"twitter:data1\" content=\"Contenidos El Regional\" \/>\n\t<meta name=\"twitter:label2\" content=\"Tiempo de lectura\" \/>\n\t<meta name=\"twitter:data2\" content=\"4 minutos\" \/>\n<script type=\"application\/ld+json\" class=\"yoast-schema-graph\">{\"@context\":\"https:\/\/schema.org\",\"@graph\":[{\"@type\":\"Article\",\"@id\":\"https:\/\/elregionalvm.com.ar\/noticias-villa-maria\/para-accastello-la-edicion-de-este-festival-de-penas-fue-un-exito-rotundo\/#article\",\"isPartOf\":{\"@id\":\"https:\/\/elregionalvm.com.ar\/noticias-villa-maria\/para-accastello-la-edicion-de-este-festival-de-penas-fue-un-exito-rotundo\/\"},\"author\":{\"name\":\"Contenidos El Regional\",\"@id\":\"http:\/\/elregionalvm.com.ar\/noticias-villa-maria\/#\/schema\/person\/a0fb9c422317faca23d50163151bc354\"},\"headline\":\"Para Accastello la edici\u00f3n de este Festival de Pe\u00f1as fue un \u00e9xito rotundo\",\"datePublished\":\"2026-02-12T03:02:23+00:00\",\"dateModified\":\"2026-02-12T03:02:25+00:00\",\"mainEntityOfPage\":{\"@id\":\"https:\/\/elregionalvm.com.ar\/noticias-villa-maria\/para-accastello-la-edicion-de-este-festival-de-penas-fue-un-exito-rotundo\/\"},\"wordCount\":679,\"commentCount\":0,\"image\":{\"@id\":\"https:\/\/elregionalvm.com.ar\/noticias-villa-maria\/para-accastello-la-edicion-de-este-festival-de-penas-fue-un-exito-rotundo\/#primaryimage\"},\"thumbnailUrl\":\"https:\/\/i0.wp.com\/elregionalvm.com.ar\/noticias-villa-maria\/wp-content\/uploads\/2026\/02\/55f33def68b34b0f8e559f1baa770fec.jpeg?fit=800%2C600&ssl=1\",\"articleSection\":[\"destacado\",\"Festival de Pe\u00f1as\",\"Sociedad\",\"Villa Mar\u00eda\"],\"inLanguage\":\"es\",\"potentialAction\":[{\"@type\":\"CommentAction\",\"name\":\"Comment\",\"target\":[\"https:\/\/elregionalvm.com.ar\/noticias-villa-maria\/para-accastello-la-edicion-de-este-festival-de-penas-fue-un-exito-rotundo\/#respond\"]}]},{\"@type\":\"WebPage\",\"@id\":\"https:\/\/elregionalvm.com.ar\/noticias-villa-maria\/para-accastello-la-edicion-de-este-festival-de-penas-fue-un-exito-rotundo\/\",\"url\":\"https:\/\/elregionalvm.com.ar\/noticias-villa-maria\/para-accastello-la-edicion-de-este-festival-de-penas-fue-un-exito-rotundo\/\",\"name\":\"Para Accastello la edici\u00f3n de este Festival de Pe\u00f1as fue un \u00e9xito rotundo - El Regional\",\"isPartOf\":{\"@id\":\"http:\/\/elregionalvm.com.ar\/noticias-villa-maria\/#website\"},\"primaryImageOfPage\":{\"@id\":\"https:\/\/elregionalvm.com.ar\/noticias-villa-maria\/para-accastello-la-edicion-de-este-festival-de-penas-fue-un-exito-rotundo\/#primaryimage\"},\"image\":{\"@id\":\"https:\/\/elregionalvm.com.ar\/noticias-villa-maria\/para-accastello-la-edicion-de-este-festival-de-penas-fue-un-exito-rotundo\/#primaryimage\"},\"thumbnailUrl\":\"https:\/\/i0.wp.com\/elregionalvm.com.ar\/noticias-villa-maria\/wp-content\/uploads\/2026\/02\/55f33def68b34b0f8e559f1baa770fec.jpeg?fit=800%2C600&ssl=1\",\"datePublished\":\"2026-02-12T03:02:23+00:00\",\"dateModified\":\"2026-02-12T03:02:25+00:00\",\"author\":{\"@id\":\"http:\/\/elregionalvm.com.ar\/noticias-villa-maria\/#\/schema\/person\/a0fb9c422317faca23d50163151bc354\"},\"breadcrumb\":{\"@id\":\"https:\/\/elregionalvm.com.ar\/noticias-villa-maria\/para-accastello-la-edicion-de-este-festival-de-penas-fue-un-exito-rotundo\/#breadcrumb\"},\"inLanguage\":\"es\",\"potentialAction\":[{\"@type\":\"ReadAction\",\"target\":[\"https:\/\/elregionalvm.com.ar\/noticias-villa-maria\/para-accastello-la-edicion-de-este-festival-de-penas-fue-un-exito-rotundo\/\"]}]},{\"@type\":\"ImageObject\",\"inLanguage\":\"es\",\"@id\":\"https:\/\/elregionalvm.com.ar\/noticias-villa-maria\/para-accastello-la-edicion-de-este-festival-de-penas-fue-un-exito-rotundo\/#primaryimage\",\"url\":\"https:\/\/i0.wp.com\/elregionalvm.com.ar\/noticias-villa-maria\/wp-content\/uploads\/2026\/02\/55f33def68b34b0f8e559f1baa770fec.jpeg?fit=800%2C600&ssl=1\",\"contentUrl\":\"https:\/\/i0.wp.com\/elregionalvm.com.ar\/noticias-villa-maria\/wp-content\/uploads\/2026\/02\/55f33def68b34b0f8e559f1baa770fec.jpeg?fit=800%2C600&ssl=1\",\"width\":800,\"height\":600},{\"@type\":\"BreadcrumbList\",\"@id\":\"https:\/\/elregionalvm.com.ar\/noticias-villa-maria\/para-accastello-la-edicion-de-este-festival-de-penas-fue-un-exito-rotundo\/#breadcrumb\",\"itemListElement\":[{\"@type\":\"ListItem\",\"position\":1,\"name\":\"Portada\",\"item\":\"https:\/\/elregionalvm.com.ar\/noticias-villa-maria\/\"},{\"@type\":\"ListItem\",\"position\":2,\"name\":\"Para Accastello la edici\u00f3n de este Festival de Pe\u00f1as fue un \u00e9xito rotundo\"}]},{\"@type\":\"WebSite\",\"@id\":\"http:\/\/elregionalvm.com.ar\/noticias-villa-maria\/#website\",\"url\":\"http:\/\/elregionalvm.com.ar\/noticias-villa-maria\/\",\"name\":\"El Regional\",\"description\":\"Mucho m\u00e1s que informaci\u00f3n\",\"potentialAction\":[{\"@type\":\"SearchAction\",\"target\":{\"@type\":\"EntryPoint\",\"urlTemplate\":\"http:\/\/elregionalvm.com.ar\/noticias-villa-maria\/?s={search_term_string}\"},\"query-input\":{\"@type\":\"PropertyValueSpecification\",\"valueRequired\":true,\"valueName\":\"search_term_string\"}}],\"inLanguage\":\"es\"},{\"@type\":\"Person\",\"@id\":\"http:\/\/elregionalvm.com.ar\/noticias-villa-maria\/#\/schema\/person\/a0fb9c422317faca23d50163151bc354\",\"name\":\"Contenidos El Regional\",\"image\":{\"@type\":\"ImageObject\",\"inLanguage\":\"es\",\"@id\":\"http:\/\/elregionalvm.com.ar\/noticias-villa-maria\/#\/schema\/person\/image\/\",\"url\":\"https:\/\/secure.gravatar.com\/avatar\/265b27cb2209af7bb3a1318f03305787d7981a5cc6e6cd08fe5a4ecdf99d4b48?s=96&d=mm&r=g\",\"contentUrl\":\"https:\/\/secure.gravatar.com\/avatar\/265b27cb2209af7bb3a1318f03305787d7981a5cc6e6cd08fe5a4ecdf99d4b48?s=96&d=mm&r=g\",\"caption\":\"Contenidos El Regional\"},\"url\":\"https:\/\/elregionalvm.com.ar\/noticias-villa-maria\/author\/contenido\/\"}]}<\/script>\n<!-- \/ Yoast SEO plugin. -->","yoast_head_json":{"title":"Para Accastello la edici\u00f3n de este Festival de Pe\u00f1as fue un \u00e9xito rotundo - El Regional","robots":{"index":"index","follow":"follow","max-snippet":"max-snippet:-1","max-image-preview":"max-image-preview:large","max-video-preview":"max-video-preview:-1"},"canonical":"https:\/\/elregionalvm.com.ar\/noticias-villa-maria\/para-accastello-la-edicion-de-este-festival-de-penas-fue-un-exito-rotundo\/","og_locale":"es_ES","og_type":"article","og_title":"Para Accastello la edici\u00f3n de este Festival de Pe\u00f1as fue un \u00e9xito rotundo - El Regional","og_description":"Durante la \u00faltima noche del 58\u00ba Festival Internacional de Pe\u00f1as, el intendente Eduardo Accastello, junto al secretario de Gobierno, Cultura y Relaciones Institucionales, Marcos Bovo; el secretario de Econom\u00eda, Transformaci\u00f3n Digital y Desarrollo Productivo, Guillermo Pieckenstainer; y el presidente del Ente Deporte y Turismo, Alejandro Mana, realizaron un balance general de la edici\u00f3n 58 del [&hellip;]","og_url":"https:\/\/elregionalvm.com.ar\/noticias-villa-maria\/para-accastello-la-edicion-de-este-festival-de-penas-fue-un-exito-rotundo\/","og_site_name":"El Regional","article_publisher":"https:\/\/www.facebook.com\/elregionalvm","article_published_time":"2026-02-12T03:02:23+00:00","article_modified_time":"2026-02-12T03:02:25+00:00","og_image":[{"width":800,"height":600,"url":"https:\/\/elregionalvm.com.ar\/noticias-villa-maria\/wp-content\/uploads\/2026\/02\/55f33def68b34b0f8e559f1baa770fec.jpeg","type":"image\/jpeg"}],"author":"Contenidos El Regional","twitter_card":"summary_large_image","twitter_creator":"@elregionalvm1","twitter_site":"@elregionalvm1","twitter_misc":{"Escrito por":"Contenidos El Regional","Tiempo de lectura":"4 minutos"},"schema":{"@context":"https:\/\/schema.org","@graph":[{"@type":"Article","@id":"https:\/\/elregionalvm.com.ar\/noticias-villa-maria\/para-accastello-la-edicion-de-este-festival-de-penas-fue-un-exito-rotundo\/#article","isPartOf":{"@id":"https:\/\/elregionalvm.com.ar\/noticias-villa-maria\/para-accastello-la-edicion-de-este-festival-de-penas-fue-un-exito-rotundo\/"},"author":{"name":"Contenidos El Regional","@id":"http:\/\/elregionalvm.com.ar\/noticias-villa-maria\/#\/schema\/person\/a0fb9c422317faca23d50163151bc354"},"headline":"Para Accastello la edici\u00f3n de este Festival de Pe\u00f1as fue un \u00e9xito rotundo","datePublished":"2026-02-12T03:02:23+00:00","dateModified":"2026-02-12T03:02:25+00:00","mainEntityOfPage":{"@id":"https:\/\/elregionalvm.com.ar\/noticias-villa-maria\/para-accastello-la-edicion-de-este-festival-de-penas-fue-un-exito-rotundo\/"},"wordCount":679,"commentCount":0,"image":{"@id":"https:\/\/elregionalvm.com.ar\/noticias-villa-maria\/para-accastello-la-edicion-de-este-festival-de-penas-fue-un-exito-rotundo\/#primaryimage"},"thumbnailUrl":"https:\/\/i0.wp.com\/elregionalvm.com.ar\/noticias-villa-maria\/wp-content\/uploads\/2026\/02\/55f33def68b34b0f8e559f1baa770fec.jpeg?fit=800%2C600&ssl=1","articleSection":["destacado","Festival de Pe\u00f1as","Sociedad","Villa Mar\u00eda"],"inLanguage":"es","potentialAction":[{"@type":"CommentAction","name":"Comment","target":["https:\/\/elregionalvm.com.ar\/noticias-villa-maria\/para-accastello-la-edicion-de-este-festival-de-penas-fue-un-exito-rotundo\/#respond"]}]},{"@type":"WebPage","@id":"https:\/\/elregionalvm.com.ar\/noticias-villa-maria\/para-accastello-la-edicion-de-este-festival-de-penas-fue-un-exito-rotundo\/","url":"https:\/\/elregionalvm.com.ar\/noticias-villa-maria\/para-accastello-la-edicion-de-este-festival-de-penas-fue-un-exito-rotundo\/","name":"Para Accastello la edici\u00f3n de este Festival de Pe\u00f1as fue un \u00e9xito rotundo - El Regional","isPartOf":{"@id":"http:\/\/elregionalvm.com.ar\/noticias-villa-maria\/#website"},"primaryImageOfPage":{"@id":"https:\/\/elregionalvm.com.ar\/noticias-villa-maria\/para-accastello-la-edicion-de-este-festival-de-penas-fue-un-exito-rotundo\/#primaryimage"},"image":{"@id":"https:\/\/elregionalvm.com.ar\/noticias-villa-maria\/para-accastello-la-edicion-de-este-festival-de-penas-fue-un-exito-rotundo\/#primaryimage"},"thumbnailUrl":"https:\/\/i0.wp.com\/elregionalvm.com.ar\/noticias-villa-maria\/wp-content\/uploads\/2026\/02\/55f33def68b34b0f8e559f1baa770fec.jpeg?fit=800%2C600&ssl=1","datePublished":"2026-02-12T03:02:23+00:00","dateModified":"2026-02-12T03:02:25+00:00","author":{"@id":"http:\/\/elregionalvm.com.ar\/noticias-villa-maria\/#\/schema\/person\/a0fb9c422317faca23d50163151bc354"},"breadcrumb":{"@id":"https:\/\/elregionalvm.com.ar\/noticias-villa-maria\/para-accastello-la-edicion-de-este-festival-de-penas-fue-un-exito-rotundo\/#breadcrumb"},"inLanguage":"es","potentialAction":[{"@type":"ReadAction","target":["https:\/\/elregionalvm.com.ar\/noticias-villa-maria\/para-accastello-la-edicion-de-este-festival-de-penas-fue-un-exito-rotundo\/"]}]},{"@type":"ImageObject","inLanguage":"es","@id":"https:\/\/elregionalvm.com.ar\/noticias-villa-maria\/para-accastello-la-edicion-de-este-festival-de-penas-fue-un-exito-rotundo\/#primaryimage","url":"https:\/\/i0.wp.com\/elregionalvm.com.ar\/noticias-villa-maria\/wp-content\/uploads\/2026\/02\/55f33def68b34b0f8e559f1baa770fec.jpeg?fit=800%2C600&ssl=1","contentUrl":"https:\/\/i0.wp.com\/elregionalvm.com.ar\/noticias-villa-maria\/wp-content\/uploads\/2026\/02\/55f33def68b34b0f8e559f1baa770fec.jpeg?fit=800%2C600&ssl=1","width":800,"height":600},{"@type":"BreadcrumbList","@id":"https:\/\/elregionalvm.com.ar\/noticias-villa-maria\/para-accastello-la-edicion-de-este-festival-de-penas-fue-un-exito-rotundo\/#breadcrumb","itemListElement":[{"@type":"ListItem","position":1,"name":"Portada","item":"https:\/\/elregionalvm.com.ar\/noticias-villa-maria\/"},{"@type":"ListItem","position":2,"name":"Para Accastello la edici\u00f3n de este Festival de Pe\u00f1as fue un \u00e9xito rotundo"}]},{"@type":"WebSite","@id":"http:\/\/elregionalvm.com.ar\/noticias-villa-maria\/#website","url":"http:\/\/elregionalvm.com.ar\/noticias-villa-maria\/","name":"El Regional","description":"Mucho m\u00e1s que informaci\u00f3n","potentialAction":[{"@type":"SearchAction","target":{"@type":"EntryPoint","urlTemplate":"http:\/\/elregionalvm.com.ar\/noticias-villa-maria\/?s={search_term_string}"},"query-input":{"@type":"PropertyValueSpecification","valueRequired":true,"valueName":"search_term_string"}}],"inLanguage":"es"},{"@type":"Person","@id":"http:\/\/elregionalvm.com.ar\/noticias-villa-maria\/#\/schema\/person\/a0fb9c422317faca23d50163151bc354","name":"Contenidos El Regional","image":{"@type":"ImageObject","inLanguage":"es","@id":"http:\/\/elregionalvm.com.ar\/noticias-villa-maria\/#\/schema\/person\/image\/","url":"https:\/\/secure.gravatar.com\/avatar\/265b27cb2209af7bb3a1318f03305787d7981a5cc6e6cd08fe5a4ecdf99d4b48?s=96&d=mm&r=g","contentUrl":"https:\/\/secure.gravatar.com\/avatar\/265b27cb2209af7bb3a1318f03305787d7981a5cc6e6cd08fe5a4ecdf99d4b48?s=96&d=mm&r=g","caption":"Contenidos El Regional"},"url":"https:\/\/elregionalvm.com.ar\/noticias-villa-maria\/author\/contenido\/"}]}},"jetpack_featured_media_url":"https:\/\/i0.wp.com\/elregionalvm.com.ar\/noticias-villa-maria\/wp-content\/uploads\/2026\/02\/55f33def68b34b0f8e559f1baa770fec.jpeg?fit=800%2C600&ssl=1","jetpack_sharing_enabled":true,"_links":{"self":[{"href":"https:\/\/elregionalvm.com.ar\/noticias-villa-maria\/wp-json\/wp\/v2\/posts\/113982","targetHints":{"allow":["GET"]}}],"collection":[{"href":"https:\/\/elregionalvm.com.ar\/noticias-villa-maria\/wp-json\/wp\/v2\/posts"}],"about":[{"href":"https:\/\/elregionalvm.com.ar\/noticias-villa-maria\/wp-json\/wp\/v2\/types\/post"}],"author":[{"embeddable":true,"href":"https:\/\/elregionalvm.com.ar\/noticias-villa-maria\/wp-json\/wp\/v2\/users\/4"}],"replies":[{"embeddable":true,"href":"https:\/\/elregionalvm.com.ar\/noticias-villa-maria\/wp-json\/wp\/v2\/comments?post=113982"}],"version-history":[{"count":1,"href":"https:\/\/elregionalvm.com.ar\/noticias-villa-maria\/wp-json\/wp\/v2\/posts\/113982\/revisions"}],"predecessor-version":[{"id":113984,"href":"https:\/\/elregionalvm.com.ar\/noticias-villa-maria\/wp-json\/wp\/v2\/posts\/113982\/revisions\/113984"}],"wp:featuredmedia":[{"embeddable":true,"href":"https:\/\/elregionalvm.com.ar\/noticias-villa-maria\/wp-json\/wp\/v2\/media\/113983"}],"wp:attachment":[{"href":"https:\/\/elregionalvm.com.ar\/noticias-villa-maria\/wp-json\/wp\/v2\/media?parent=113982"}],"wp:term":[{"taxonomy":"category","embeddable":true,"href":"https:\/\/elregionalvm.com.ar\/noticias-villa-maria\/wp-json\/wp\/v2\/categories?post=113982"},{"taxonomy":"post_tag","embeddable":true,"href":"https:\/\/elregionalvm.com.ar\/noticias-villa-maria\/wp-json\/wp\/v2\/tags?post=113982"}],"curies":[{"name":"wp","href":"https:\/\/api.w.org\/{rel}","templated":true}]}}