{"id":114562,"date":"2026-03-11T02:05:25","date_gmt":"2026-03-11T02:05:25","guid":{"rendered":"https:\/\/elregionalvm.com.ar\/noticias-villa-maria\/?p=114562"},"modified":"2026-03-11T02:07:47","modified_gmt":"2026-03-11T02:07:47","slug":"durante-la-manana-se-llevo-adelante-una-nueva-jornada-de-la-campana-de-vacunacion-antirrabica-gratuita","status":"publish","type":"post","link":"https:\/\/elregionalvm.com.ar\/noticias-villa-maria\/durante-la-manana-se-llevo-adelante-una-nueva-jornada-de-la-campana-de-vacunacion-antirrabica-gratuita\/","title":{"rendered":"Durante la ma\u00f1ana se llev\u00f3 adelante una nueva jornada de la Campa\u00f1a de Vacunaci\u00f3n Antirr\u00e1bica gratuita"},"content":{"rendered":"\n<p>Durante la ma\u00f1ana se llev\u00f3 adelante una nueva jornada de la Campa\u00f1a de Vacunaci\u00f3n Antirr\u00e1bica gratuita y descentralizada, esta vez en el MuniCerca 1, ubicado en la intersecci\u00f3n de Los Glaciares y Puelo.<\/p>\n\n\n\n<p>En total se vacunaron 203 mascotas, de las cuales 173 fueron perros y 30 gatos.<\/p>\n\n\n\n<p>La iniciativa, impulsada por el \u00e1rea de Zoonosis, tiene como objetivo promover el cuidado responsable de mascotas y prevenir enfermedades, acercando este servicio a los barrios a trav\u00e9s de los MuniCerca.<\/p>\n\n\n\n<p><strong>Cronograma<\/strong><\/p>\n\n\n\n<p>La continuidad del programa prev\u00e9 para marzo las siguientes jornadas:<\/p>\n\n\n\n<p>* Jueves 12: MuniCerca 2, de 8:00 a 13:30 horas (Rawson y Chile).<br>* S\u00e1bado 14: MuniCerca 2, de 9:30 a 14:00 horas (Rawson y Chile). Jornada destinada a vecinos de todos los barrios.<br>* Mi\u00e9rcoles 18: MuniCerca 3, de 8:00 a 13:30 horas (Ramiro Su\u00e1rez y P. Ortiz).<br>* Jueves 19: MuniCerca 4, de 8:00 a 13:30 horas (Entre R\u00edos 2049).<br>* Viernes 20: MuniCerca 5, de 8:00 a 13:30 horas (Monte Hermoso 118).<br>* Jueves 26: MuniCerca 6, de 8:00 a 13:30 horas (Arturo M. Bas 523).<br>* Martes 31: MuniCerca 7, de 8 a 13:30 horas (Catamarca y Sarno).<\/p>\n\n\n\n<p>Requisitos<\/p>\n\n\n\n<p>Desde el municipio se record\u00f3 que las mascotas deben tener m\u00e1s de tres meses de edad para recibir la vacuna. Adem\u00e1s, los perros deben asistir con collar y correa, mientras que los gatos deben ser trasladados en bolso transportador.<\/p>\n\n\n\n<p>Asimismo, se inform\u00f3 que es obligatorio concurrir con DNI y que el servicio est\u00e1 destinado exclusivamente a vecinos de Villa Mar\u00eda.<\/p>\n\n\n\n<p><strong>Contin\u00faan las castraciones en el CAM<\/strong><\/p>\n\n\n\n<p>Por otra parte, desde el Centro de Adopci\u00f3n Municipal (CAM) se indic\u00f3 que contin\u00faan realiz\u00e1ndose castraciones de mascotas. Para acceder al servicio, los interesados deben solicitar turno en el Palacio Municipal, de lunes a viernes de 7 a 14 horas, en la oficina 420.<\/p>\n\n\n\n<p>Tambi\u00e9n pueden comunicarse al tel\u00e9fono 4618618 (interno 420) o al celular 353 4296185.<\/p>\n\n\n\n<p>De esta manera, el municipio contin\u00faa impulsando pol\u00edticas p\u00fablicas orientadas a la salud animal, el control poblacional de mascotas y la tenencia responsable, contribuyendo al bienestar de toda la comunidad.<\/p>\n","protected":false},"excerpt":{"rendered":"<p>Durante la ma\u00f1ana se llev\u00f3 adelante una nueva jornada de la Campa\u00f1a de Vacunaci\u00f3n Antirr\u00e1bica gratuita y descentralizada, esta vez en el MuniCerca 1, ubicado en la intersecci\u00f3n de Los Glaciares y Puelo. En total se vacunaron 203 mascotas, de las cuales 173 fueron perros y 30 gatos. La iniciativa, impulsada por el \u00e1rea de [&hellip;]<\/p>\n","protected":false},"author":4,"featured_media":114563,"comment_status":"open","ping_status":"open","sticky":false,"template":"","format":"standard","meta":{"site-sidebar-layout":"default","site-content-layout":"","ast-site-content-layout":"default","site-content-style":"default","site-sidebar-style":"default","ast-global-header-display":"","ast-banner-title-visibility":"","ast-main-header-display":"","ast-hfb-above-header-display":"","ast-hfb-below-header-display":"","ast-hfb-mobile-header-display":"","site-post-title":"","ast-breadcrumbs-content":"","ast-featured-img":"","footer-sml-layout":"","ast-disable-related-posts":"","theme-transparent-header-meta":"","adv-header-id-meta":"","stick-header-meta":"","header-above-stick-meta":"","header-main-stick-meta":"","header-below-stick-meta":"","astra-migrate-meta-layouts":"set","ast-page-background-enabled":"default","ast-page-background-meta":{"desktop":{"background-color":"","background-image":"","background-repeat":"repeat","background-position":"center center","background-size":"auto","background-attachment":"scroll","background-type":"","background-media":"","overlay-type":"","overlay-color":"","overlay-opacity":"","overlay-gradient":""},"tablet":{"background-color":"","background-image":"","background-repeat":"repeat","background-position":"center center","background-size":"auto","background-attachment":"scroll","background-type":"","background-media":"","overlay-type":"","overlay-color":"","overlay-opacity":"","overlay-gradient":""},"mobile":{"background-color":"","background-image":"","background-repeat":"repeat","background-position":"center center","background-size":"auto","background-attachment":"scroll","background-type":"","background-media":"","overlay-type":"","overlay-color":"","overlay-opacity":"","overlay-gradient":""}},"ast-content-background-meta":{"desktop":{"background-color":"var(--ast-global-color-5)","background-image":"","background-repeat":"repeat","background-position":"center center","background-size":"auto","background-attachment":"scroll","background-type":"","background-media":"","overlay-type":"","overlay-color":"","overlay-opacity":"","overlay-gradient":""},"tablet":{"background-color":"var(--ast-global-color-5)","background-image":"","background-repeat":"repeat","background-position":"center center","background-size":"auto","background-attachment":"scroll","background-type":"","background-media":"","overlay-type":"","overlay-color":"","overlay-opacity":"","overlay-gradient":""},"mobile":{"background-color":"var(--ast-global-color-5)","background-image":"","background-repeat":"repeat","background-position":"center center","background-size":"auto","background-attachment":"scroll","background-type":"","background-media":"","overlay-type":"","overlay-color":"","overlay-opacity":"","overlay-gradient":""}},"_jetpack_memberships_contains_paid_content":false,"_joinchat":[],"footnotes":""},"categories":[15302,5,2],"tags":[],"class_list":["post-114562","post","type-post","status-publish","format-standard","has-post-thumbnail","hentry","category-destacado","category-sociedad","category-villa-maria"],"yoast_head":"<!-- This site is optimized with the Yoast SEO plugin v26.8 - https:\/\/yoast.com\/product\/yoast-seo-wordpress\/ -->\n<title>Durante la ma\u00f1ana se llev\u00f3 adelante una nueva jornada de la Campa\u00f1a de Vacunaci\u00f3n Antirr\u00e1bica gratuita - El Regional<\/title>\n<meta name=\"robots\" content=\"index, follow, max-snippet:-1, max-image-preview:large, max-video-preview:-1\" \/>\n<link rel=\"canonical\" href=\"https:\/\/elregionalvm.com.ar\/noticias-villa-maria\/durante-la-manana-se-llevo-adelante-una-nueva-jornada-de-la-campana-de-vacunacion-antirrabica-gratuita\/\" \/>\n<meta property=\"og:locale\" content=\"es_ES\" \/>\n<meta property=\"og:type\" content=\"article\" \/>\n<meta property=\"og:title\" content=\"Durante la ma\u00f1ana se llev\u00f3 adelante una nueva jornada de la Campa\u00f1a de Vacunaci\u00f3n Antirr\u00e1bica gratuita - El Regional\" \/>\n<meta property=\"og:description\" content=\"Durante la ma\u00f1ana se llev\u00f3 adelante una nueva jornada de la Campa\u00f1a de Vacunaci\u00f3n Antirr\u00e1bica gratuita y descentralizada, esta vez en el MuniCerca 1, ubicado en la intersecci\u00f3n de Los Glaciares y Puelo. En total se vacunaron 203 mascotas, de las cuales 173 fueron perros y 30 gatos. La iniciativa, impulsada por el \u00e1rea de [&hellip;]\" \/>\n<meta property=\"og:url\" content=\"https:\/\/elregionalvm.com.ar\/noticias-villa-maria\/durante-la-manana-se-llevo-adelante-una-nueva-jornada-de-la-campana-de-vacunacion-antirrabica-gratuita\/\" \/>\n<meta property=\"og:site_name\" content=\"El Regional\" \/>\n<meta property=\"article:publisher\" content=\"https:\/\/www.facebook.com\/elregionalvm\" \/>\n<meta property=\"article:published_time\" content=\"2026-03-11T02:05:25+00:00\" \/>\n<meta property=\"article:modified_time\" content=\"2026-03-11T02:07:47+00:00\" \/>\n<meta property=\"og:image\" content=\"https:\/\/elregionalvm.com.ar\/noticias-villa-maria\/wp-content\/uploads\/2026\/03\/382135d4ff324c1a9a0c76a5f719f520.jpeg\" \/>\n\t<meta property=\"og:image:width\" content=\"800\" \/>\n\t<meta property=\"og:image:height\" content=\"600\" \/>\n\t<meta property=\"og:image:type\" content=\"image\/jpeg\" \/>\n<meta name=\"author\" content=\"Contenidos El Regional\" \/>\n<meta name=\"twitter:card\" content=\"summary_large_image\" \/>\n<meta name=\"twitter:creator\" content=\"@elregionalvm1\" \/>\n<meta name=\"twitter:site\" content=\"@elregionalvm1\" \/>\n<meta name=\"twitter:label1\" content=\"Escrito por\" \/>\n\t<meta name=\"twitter:data1\" content=\"Contenidos El Regional\" \/>\n\t<meta name=\"twitter:label2\" content=\"Tiempo de lectura\" \/>\n\t<meta name=\"twitter:data2\" content=\"2 minutos\" \/>\n<script type=\"application\/ld+json\" class=\"yoast-schema-graph\">{\"@context\":\"https:\/\/schema.org\",\"@graph\":[{\"@type\":\"Article\",\"@id\":\"https:\/\/elregionalvm.com.ar\/noticias-villa-maria\/durante-la-manana-se-llevo-adelante-una-nueva-jornada-de-la-campana-de-vacunacion-antirrabica-gratuita\/#article\",\"isPartOf\":{\"@id\":\"https:\/\/elregionalvm.com.ar\/noticias-villa-maria\/durante-la-manana-se-llevo-adelante-una-nueva-jornada-de-la-campana-de-vacunacion-antirrabica-gratuita\/\"},\"author\":{\"name\":\"Contenidos El Regional\",\"@id\":\"http:\/\/elregionalvm.com.ar\/noticias-villa-maria\/#\/schema\/person\/a0fb9c422317faca23d50163151bc354\"},\"headline\":\"Durante la ma\u00f1ana se llev\u00f3 adelante una nueva jornada de la Campa\u00f1a de Vacunaci\u00f3n Antirr\u00e1bica gratuita\",\"datePublished\":\"2026-03-11T02:05:25+00:00\",\"dateModified\":\"2026-03-11T02:07:47+00:00\",\"mainEntityOfPage\":{\"@id\":\"https:\/\/elregionalvm.com.ar\/noticias-villa-maria\/durante-la-manana-se-llevo-adelante-una-nueva-jornada-de-la-campana-de-vacunacion-antirrabica-gratuita\/\"},\"wordCount\":339,\"commentCount\":0,\"image\":{\"@id\":\"https:\/\/elregionalvm.com.ar\/noticias-villa-maria\/durante-la-manana-se-llevo-adelante-una-nueva-jornada-de-la-campana-de-vacunacion-antirrabica-gratuita\/#primaryimage\"},\"thumbnailUrl\":\"https:\/\/i0.wp.com\/elregionalvm.com.ar\/noticias-villa-maria\/wp-content\/uploads\/2026\/03\/382135d4ff324c1a9a0c76a5f719f520.jpeg?fit=800%2C600&ssl=1\",\"articleSection\":[\"destacado\",\"Sociedad\",\"Villa Mar\u00eda\"],\"inLanguage\":\"es\",\"potentialAction\":[{\"@type\":\"CommentAction\",\"name\":\"Comment\",\"target\":[\"https:\/\/elregionalvm.com.ar\/noticias-villa-maria\/durante-la-manana-se-llevo-adelante-una-nueva-jornada-de-la-campana-de-vacunacion-antirrabica-gratuita\/#respond\"]}]},{\"@type\":\"WebPage\",\"@id\":\"https:\/\/elregionalvm.com.ar\/noticias-villa-maria\/durante-la-manana-se-llevo-adelante-una-nueva-jornada-de-la-campana-de-vacunacion-antirrabica-gratuita\/\",\"url\":\"https:\/\/elregionalvm.com.ar\/noticias-villa-maria\/durante-la-manana-se-llevo-adelante-una-nueva-jornada-de-la-campana-de-vacunacion-antirrabica-gratuita\/\",\"name\":\"Durante la ma\u00f1ana se llev\u00f3 adelante una nueva jornada de la Campa\u00f1a de Vacunaci\u00f3n Antirr\u00e1bica gratuita - El Regional\",\"isPartOf\":{\"@id\":\"http:\/\/elregionalvm.com.ar\/noticias-villa-maria\/#website\"},\"primaryImageOfPage\":{\"@id\":\"https:\/\/elregionalvm.com.ar\/noticias-villa-maria\/durante-la-manana-se-llevo-adelante-una-nueva-jornada-de-la-campana-de-vacunacion-antirrabica-gratuita\/#primaryimage\"},\"image\":{\"@id\":\"https:\/\/elregionalvm.com.ar\/noticias-villa-maria\/durante-la-manana-se-llevo-adelante-una-nueva-jornada-de-la-campana-de-vacunacion-antirrabica-gratuita\/#primaryimage\"},\"thumbnailUrl\":\"https:\/\/i0.wp.com\/elregionalvm.com.ar\/noticias-villa-maria\/wp-content\/uploads\/2026\/03\/382135d4ff324c1a9a0c76a5f719f520.jpeg?fit=800%2C600&ssl=1\",\"datePublished\":\"2026-03-11T02:05:25+00:00\",\"dateModified\":\"2026-03-11T02:07:47+00:00\",\"author\":{\"@id\":\"http:\/\/elregionalvm.com.ar\/noticias-villa-maria\/#\/schema\/person\/a0fb9c422317faca23d50163151bc354\"},\"breadcrumb\":{\"@id\":\"https:\/\/elregionalvm.com.ar\/noticias-villa-maria\/durante-la-manana-se-llevo-adelante-una-nueva-jornada-de-la-campana-de-vacunacion-antirrabica-gratuita\/#breadcrumb\"},\"inLanguage\":\"es\",\"potentialAction\":[{\"@type\":\"ReadAction\",\"target\":[\"https:\/\/elregionalvm.com.ar\/noticias-villa-maria\/durante-la-manana-se-llevo-adelante-una-nueva-jornada-de-la-campana-de-vacunacion-antirrabica-gratuita\/\"]}]},{\"@type\":\"ImageObject\",\"inLanguage\":\"es\",\"@id\":\"https:\/\/elregionalvm.com.ar\/noticias-villa-maria\/durante-la-manana-se-llevo-adelante-una-nueva-jornada-de-la-campana-de-vacunacion-antirrabica-gratuita\/#primaryimage\",\"url\":\"https:\/\/i0.wp.com\/elregionalvm.com.ar\/noticias-villa-maria\/wp-content\/uploads\/2026\/03\/382135d4ff324c1a9a0c76a5f719f520.jpeg?fit=800%2C600&ssl=1\",\"contentUrl\":\"https:\/\/i0.wp.com\/elregionalvm.com.ar\/noticias-villa-maria\/wp-content\/uploads\/2026\/03\/382135d4ff324c1a9a0c76a5f719f520.jpeg?fit=800%2C600&ssl=1\",\"width\":800,\"height\":600},{\"@type\":\"BreadcrumbList\",\"@id\":\"https:\/\/elregionalvm.com.ar\/noticias-villa-maria\/durante-la-manana-se-llevo-adelante-una-nueva-jornada-de-la-campana-de-vacunacion-antirrabica-gratuita\/#breadcrumb\",\"itemListElement\":[{\"@type\":\"ListItem\",\"position\":1,\"name\":\"Portada\",\"item\":\"https:\/\/elregionalvm.com.ar\/noticias-villa-maria\/\"},{\"@type\":\"ListItem\",\"position\":2,\"name\":\"Durante la ma\u00f1ana se llev\u00f3 adelante una nueva jornada de la Campa\u00f1a de Vacunaci\u00f3n Antirr\u00e1bica gratuita\"}]},{\"@type\":\"WebSite\",\"@id\":\"http:\/\/elregionalvm.com.ar\/noticias-villa-maria\/#website\",\"url\":\"http:\/\/elregionalvm.com.ar\/noticias-villa-maria\/\",\"name\":\"El Regional\",\"description\":\"Mucho m\u00e1s que informaci\u00f3n\",\"potentialAction\":[{\"@type\":\"SearchAction\",\"target\":{\"@type\":\"EntryPoint\",\"urlTemplate\":\"http:\/\/elregionalvm.com.ar\/noticias-villa-maria\/?s={search_term_string}\"},\"query-input\":{\"@type\":\"PropertyValueSpecification\",\"valueRequired\":true,\"valueName\":\"search_term_string\"}}],\"inLanguage\":\"es\"},{\"@type\":\"Person\",\"@id\":\"http:\/\/elregionalvm.com.ar\/noticias-villa-maria\/#\/schema\/person\/a0fb9c422317faca23d50163151bc354\",\"name\":\"Contenidos El Regional\",\"image\":{\"@type\":\"ImageObject\",\"inLanguage\":\"es\",\"@id\":\"http:\/\/elregionalvm.com.ar\/noticias-villa-maria\/#\/schema\/person\/image\/\",\"url\":\"https:\/\/secure.gravatar.com\/avatar\/265b27cb2209af7bb3a1318f03305787d7981a5cc6e6cd08fe5a4ecdf99d4b48?s=96&d=mm&r=g\",\"contentUrl\":\"https:\/\/secure.gravatar.com\/avatar\/265b27cb2209af7bb3a1318f03305787d7981a5cc6e6cd08fe5a4ecdf99d4b48?s=96&d=mm&r=g\",\"caption\":\"Contenidos El Regional\"},\"url\":\"https:\/\/elregionalvm.com.ar\/noticias-villa-maria\/author\/contenido\/\"}]}<\/script>\n<!-- \/ Yoast SEO plugin. -->","yoast_head_json":{"title":"Durante la ma\u00f1ana se llev\u00f3 adelante una nueva jornada de la Campa\u00f1a de Vacunaci\u00f3n Antirr\u00e1bica gratuita - El Regional","robots":{"index":"index","follow":"follow","max-snippet":"max-snippet:-1","max-image-preview":"max-image-preview:large","max-video-preview":"max-video-preview:-1"},"canonical":"https:\/\/elregionalvm.com.ar\/noticias-villa-maria\/durante-la-manana-se-llevo-adelante-una-nueva-jornada-de-la-campana-de-vacunacion-antirrabica-gratuita\/","og_locale":"es_ES","og_type":"article","og_title":"Durante la ma\u00f1ana se llev\u00f3 adelante una nueva jornada de la Campa\u00f1a de Vacunaci\u00f3n Antirr\u00e1bica gratuita - El Regional","og_description":"Durante la ma\u00f1ana se llev\u00f3 adelante una nueva jornada de la Campa\u00f1a de Vacunaci\u00f3n Antirr\u00e1bica gratuita y descentralizada, esta vez en el MuniCerca 1, ubicado en la intersecci\u00f3n de Los Glaciares y Puelo. En total se vacunaron 203 mascotas, de las cuales 173 fueron perros y 30 gatos. La iniciativa, impulsada por el \u00e1rea de [&hellip;]","og_url":"https:\/\/elregionalvm.com.ar\/noticias-villa-maria\/durante-la-manana-se-llevo-adelante-una-nueva-jornada-de-la-campana-de-vacunacion-antirrabica-gratuita\/","og_site_name":"El Regional","article_publisher":"https:\/\/www.facebook.com\/elregionalvm","article_published_time":"2026-03-11T02:05:25+00:00","article_modified_time":"2026-03-11T02:07:47+00:00","og_image":[{"width":800,"height":600,"url":"https:\/\/elregionalvm.com.ar\/noticias-villa-maria\/wp-content\/uploads\/2026\/03\/382135d4ff324c1a9a0c76a5f719f520.jpeg","type":"image\/jpeg"}],"author":"Contenidos El Regional","twitter_card":"summary_large_image","twitter_creator":"@elregionalvm1","twitter_site":"@elregionalvm1","twitter_misc":{"Escrito por":"Contenidos El Regional","Tiempo de lectura":"2 minutos"},"schema":{"@context":"https:\/\/schema.org","@graph":[{"@type":"Article","@id":"https:\/\/elregionalvm.com.ar\/noticias-villa-maria\/durante-la-manana-se-llevo-adelante-una-nueva-jornada-de-la-campana-de-vacunacion-antirrabica-gratuita\/#article","isPartOf":{"@id":"https:\/\/elregionalvm.com.ar\/noticias-villa-maria\/durante-la-manana-se-llevo-adelante-una-nueva-jornada-de-la-campana-de-vacunacion-antirrabica-gratuita\/"},"author":{"name":"Contenidos El Regional","@id":"http:\/\/elregionalvm.com.ar\/noticias-villa-maria\/#\/schema\/person\/a0fb9c422317faca23d50163151bc354"},"headline":"Durante la ma\u00f1ana se llev\u00f3 adelante una nueva jornada de la Campa\u00f1a de Vacunaci\u00f3n Antirr\u00e1bica gratuita","datePublished":"2026-03-11T02:05:25+00:00","dateModified":"2026-03-11T02:07:47+00:00","mainEntityOfPage":{"@id":"https:\/\/elregionalvm.com.ar\/noticias-villa-maria\/durante-la-manana-se-llevo-adelante-una-nueva-jornada-de-la-campana-de-vacunacion-antirrabica-gratuita\/"},"wordCount":339,"commentCount":0,"image":{"@id":"https:\/\/elregionalvm.com.ar\/noticias-villa-maria\/durante-la-manana-se-llevo-adelante-una-nueva-jornada-de-la-campana-de-vacunacion-antirrabica-gratuita\/#primaryimage"},"thumbnailUrl":"https:\/\/i0.wp.com\/elregionalvm.com.ar\/noticias-villa-maria\/wp-content\/uploads\/2026\/03\/382135d4ff324c1a9a0c76a5f719f520.jpeg?fit=800%2C600&ssl=1","articleSection":["destacado","Sociedad","Villa Mar\u00eda"],"inLanguage":"es","potentialAction":[{"@type":"CommentAction","name":"Comment","target":["https:\/\/elregionalvm.com.ar\/noticias-villa-maria\/durante-la-manana-se-llevo-adelante-una-nueva-jornada-de-la-campana-de-vacunacion-antirrabica-gratuita\/#respond"]}]},{"@type":"WebPage","@id":"https:\/\/elregionalvm.com.ar\/noticias-villa-maria\/durante-la-manana-se-llevo-adelante-una-nueva-jornada-de-la-campana-de-vacunacion-antirrabica-gratuita\/","url":"https:\/\/elregionalvm.com.ar\/noticias-villa-maria\/durante-la-manana-se-llevo-adelante-una-nueva-jornada-de-la-campana-de-vacunacion-antirrabica-gratuita\/","name":"Durante la ma\u00f1ana se llev\u00f3 adelante una nueva jornada de la Campa\u00f1a de Vacunaci\u00f3n Antirr\u00e1bica gratuita - El Regional","isPartOf":{"@id":"http:\/\/elregionalvm.com.ar\/noticias-villa-maria\/#website"},"primaryImageOfPage":{"@id":"https:\/\/elregionalvm.com.ar\/noticias-villa-maria\/durante-la-manana-se-llevo-adelante-una-nueva-jornada-de-la-campana-de-vacunacion-antirrabica-gratuita\/#primaryimage"},"image":{"@id":"https:\/\/elregionalvm.com.ar\/noticias-villa-maria\/durante-la-manana-se-llevo-adelante-una-nueva-jornada-de-la-campana-de-vacunacion-antirrabica-gratuita\/#primaryimage"},"thumbnailUrl":"https:\/\/i0.wp.com\/elregionalvm.com.ar\/noticias-villa-maria\/wp-content\/uploads\/2026\/03\/382135d4ff324c1a9a0c76a5f719f520.jpeg?fit=800%2C600&ssl=1","datePublished":"2026-03-11T02:05:25+00:00","dateModified":"2026-03-11T02:07:47+00:00","author":{"@id":"http:\/\/elregionalvm.com.ar\/noticias-villa-maria\/#\/schema\/person\/a0fb9c422317faca23d50163151bc354"},"breadcrumb":{"@id":"https:\/\/elregionalvm.com.ar\/noticias-villa-maria\/durante-la-manana-se-llevo-adelante-una-nueva-jornada-de-la-campana-de-vacunacion-antirrabica-gratuita\/#breadcrumb"},"inLanguage":"es","potentialAction":[{"@type":"ReadAction","target":["https:\/\/elregionalvm.com.ar\/noticias-villa-maria\/durante-la-manana-se-llevo-adelante-una-nueva-jornada-de-la-campana-de-vacunacion-antirrabica-gratuita\/"]}]},{"@type":"ImageObject","inLanguage":"es","@id":"https:\/\/elregionalvm.com.ar\/noticias-villa-maria\/durante-la-manana-se-llevo-adelante-una-nueva-jornada-de-la-campana-de-vacunacion-antirrabica-gratuita\/#primaryimage","url":"https:\/\/i0.wp.com\/elregionalvm.com.ar\/noticias-villa-maria\/wp-content\/uploads\/2026\/03\/382135d4ff324c1a9a0c76a5f719f520.jpeg?fit=800%2C600&ssl=1","contentUrl":"https:\/\/i0.wp.com\/elregionalvm.com.ar\/noticias-villa-maria\/wp-content\/uploads\/2026\/03\/382135d4ff324c1a9a0c76a5f719f520.jpeg?fit=800%2C600&ssl=1","width":800,"height":600},{"@type":"BreadcrumbList","@id":"https:\/\/elregionalvm.com.ar\/noticias-villa-maria\/durante-la-manana-se-llevo-adelante-una-nueva-jornada-de-la-campana-de-vacunacion-antirrabica-gratuita\/#breadcrumb","itemListElement":[{"@type":"ListItem","position":1,"name":"Portada","item":"https:\/\/elregionalvm.com.ar\/noticias-villa-maria\/"},{"@type":"ListItem","position":2,"name":"Durante la ma\u00f1ana se llev\u00f3 adelante una nueva jornada de la Campa\u00f1a de Vacunaci\u00f3n Antirr\u00e1bica gratuita"}]},{"@type":"WebSite","@id":"http:\/\/elregionalvm.com.ar\/noticias-villa-maria\/#website","url":"http:\/\/elregionalvm.com.ar\/noticias-villa-maria\/","name":"El Regional","description":"Mucho m\u00e1s que informaci\u00f3n","potentialAction":[{"@type":"SearchAction","target":{"@type":"EntryPoint","urlTemplate":"http:\/\/elregionalvm.com.ar\/noticias-villa-maria\/?s={search_term_string}"},"query-input":{"@type":"PropertyValueSpecification","valueRequired":true,"valueName":"search_term_string"}}],"inLanguage":"es"},{"@type":"Person","@id":"http:\/\/elregionalvm.com.ar\/noticias-villa-maria\/#\/schema\/person\/a0fb9c422317faca23d50163151bc354","name":"Contenidos El Regional","image":{"@type":"ImageObject","inLanguage":"es","@id":"http:\/\/elregionalvm.com.ar\/noticias-villa-maria\/#\/schema\/person\/image\/","url":"https:\/\/secure.gravatar.com\/avatar\/265b27cb2209af7bb3a1318f03305787d7981a5cc6e6cd08fe5a4ecdf99d4b48?s=96&d=mm&r=g","contentUrl":"https:\/\/secure.gravatar.com\/avatar\/265b27cb2209af7bb3a1318f03305787d7981a5cc6e6cd08fe5a4ecdf99d4b48?s=96&d=mm&r=g","caption":"Contenidos El Regional"},"url":"https:\/\/elregionalvm.com.ar\/noticias-villa-maria\/author\/contenido\/"}]}},"jetpack_featured_media_url":"https:\/\/i0.wp.com\/elregionalvm.com.ar\/noticias-villa-maria\/wp-content\/uploads\/2026\/03\/382135d4ff324c1a9a0c76a5f719f520.jpeg?fit=800%2C600&ssl=1","jetpack_sharing_enabled":true,"_links":{"self":[{"href":"https:\/\/elregionalvm.com.ar\/noticias-villa-maria\/wp-json\/wp\/v2\/posts\/114562","targetHints":{"allow":["GET"]}}],"collection":[{"href":"https:\/\/elregionalvm.com.ar\/noticias-villa-maria\/wp-json\/wp\/v2\/posts"}],"about":[{"href":"https:\/\/elregionalvm.com.ar\/noticias-villa-maria\/wp-json\/wp\/v2\/types\/post"}],"author":[{"embeddable":true,"href":"https:\/\/elregionalvm.com.ar\/noticias-villa-maria\/wp-json\/wp\/v2\/users\/4"}],"replies":[{"embeddable":true,"href":"https:\/\/elregionalvm.com.ar\/noticias-villa-maria\/wp-json\/wp\/v2\/comments?post=114562"}],"version-history":[{"count":2,"href":"https:\/\/elregionalvm.com.ar\/noticias-villa-maria\/wp-json\/wp\/v2\/posts\/114562\/revisions"}],"predecessor-version":[{"id":114566,"href":"https:\/\/elregionalvm.com.ar\/noticias-villa-maria\/wp-json\/wp\/v2\/posts\/114562\/revisions\/114566"}],"wp:featuredmedia":[{"embeddable":true,"href":"https:\/\/elregionalvm.com.ar\/noticias-villa-maria\/wp-json\/wp\/v2\/media\/114563"}],"wp:attachment":[{"href":"https:\/\/elregionalvm.com.ar\/noticias-villa-maria\/wp-json\/wp\/v2\/media?parent=114562"}],"wp:term":[{"taxonomy":"category","embeddable":true,"href":"https:\/\/elregionalvm.com.ar\/noticias-villa-maria\/wp-json\/wp\/v2\/categories?post=114562"},{"taxonomy":"post_tag","embeddable":true,"href":"https:\/\/elregionalvm.com.ar\/noticias-villa-maria\/wp-json\/wp\/v2\/tags?post=114562"}],"curies":[{"name":"wp","href":"https:\/\/api.w.org\/{rel}","templated":true}]}}