{"id":114567,"date":"2026-03-11T02:36:59","date_gmt":"2026-03-11T02:36:59","guid":{"rendered":"https:\/\/elregionalvm.com.ar\/noticias-villa-maria\/?p=114567"},"modified":"2026-03-11T02:37:02","modified_gmt":"2026-03-11T02:37:02","slug":"este-miercoles-comienza-la-campana-de-vacunacion-antigripal-en-cordoba-para-ninos-y-ninas-de-6-a-24-meses","status":"publish","type":"post","link":"https:\/\/elregionalvm.com.ar\/noticias-villa-maria\/este-miercoles-comienza-la-campana-de-vacunacion-antigripal-en-cordoba-para-ninos-y-ninas-de-6-a-24-meses\/","title":{"rendered":"Este mi\u00e9rcoles comienza la campa\u00f1a de vacunaci\u00f3n antigripal en C\u00f3rdoba para ni\u00f1os y ni\u00f1as de 6 a 24 meses"},"content":{"rendered":"\n<p>El Ministerio de Salud informa que el mi\u00e9rcoles 11 de marzo comienza la campa\u00f1a de vacunaci\u00f3n antigripal en ni\u00f1os y ni\u00f1as de 6 a 24 meses de edad, gestantes, pu\u00e9rperas, personas entre los 2 y 64 a\u00f1os que tengan factores de riesgo, personal de salud y mayores de 65 a\u00f1os o m\u00e1s.<\/p>\n\n\n\n<p>Estos grupos podr\u00e1n colocarse la dosis correspondiente en los m\u00e1s de 800 vacunatorios de la provincia. Para m\u00e1s informaci\u00f3n de estos espacios, consultar la web del Ministerio de Salud&nbsp;<a href=\"https:\/\/ministeriodesalud.cba.gov.ar\/centros-de-vacunacion\/\" target=\"_blank\" rel=\"noreferrer noopener\">https:\/\/ministeriodesalud.cba.gov.ar\/centros-de-vacunacion\/<\/a>.<\/p>\n\n\n\n<p>Como todos los a\u00f1os, la campa\u00f1a tiene como objetivo evitar las formas graves de la enfermedad y complicaciones en estos grupos con mayor riesgo, as\u00ed como garantizar la atenci\u00f3n en los sistemas de salud y seguridad en las distintas jurisdicciones en aquellos grupos con mayor exposici\u00f3n.<\/p>\n\n\n\n<p>Es importante recordar que la formulaci\u00f3n de la vacuna cambia en cada campa\u00f1a de acuerdo a las cepas del virus circulante, por lo cual es necesario acudir a inmunizarse nuevamente cada a\u00f1o.<\/p>\n\n\n\n<p>En este sentido, se recomienda efectuar la vacunaci\u00f3n de forma oportuna, preferentemente antes del comienzo del invierno, etapa de mayor circulaci\u00f3n del virus influenza. No obstante, y de acuerdo al escenario epidemiol\u00f3gico nacional, regional y local, podr\u00e1 continuarse seg\u00fan la din\u00e1mica de circulaci\u00f3n viral.<\/p>\n\n\n\n<p>Por \u00faltimo, se recuerda que estas dosis se pueden aplicar junto con cualquier otra vacuna.<\/p>\n\n\n\n<h3 class=\"wp-block-heading\">Campa\u00f1a antigripal: a quienes alcanza<\/h3>\n\n\n\n<p>Ni\u00f1os y ni\u00f1as de 6 a 24 meses de edad (En caso de recibirla por primera vez, corresponden dos dosis, con intervalo m\u00ednimo de 4 semanas entre ellas. Si ya recibieron dos dosis en temporadas pasadas, solo necesitan una dosis anual).<\/p>\n\n\n\n<ul class=\"wp-block-list\">\n<li>Integrantes del equipo de salud.<\/li>\n\n\n\n<li>Personas de 65 a\u00f1os o m\u00e1s.<\/li>\n\n\n\n<li>Personas gestantes. En cada embarazo y en cualquier trimestre de la gestaci\u00f3n.<\/li>\n\n\n\n<li>Personas pu\u00e9rperas: hasta el egreso de la maternidad \u2013m\u00e1ximo 10 d\u00edas-, si no recibiera la vacuna durante el embarazo.<\/li>\n\n\n\n<li>Personas entre los 2 y 64 a\u00f1os que tengan factores de riesgo, quienes deber\u00e1n presentar documentaci\u00f3n que acredite la existencia de enfermedades preexistentes incluidas en este grupo.<\/li>\n\n\n\n<li>Personal estrat\u00e9gico (fuerzas de seguridad, bomberos, tomadores de decisiones, entre otros).<\/li>\n<\/ul>\n\n\n\n<p>Se consideran factores de riesgo, obesidad, diabetes, enfermedades respiratorias cr\u00f3nicas, enfermedades card\u00edacas, inmunodeficiencias cong\u00e9nitas o adquiridas, pacientes oncohematol\u00f3gicos o convivientes de personas con enfermedad oncohematol\u00f3gica,, trasplantados o personas con insuficiencia renal cr\u00f3nica en di\u00e1lisis.<\/p>\n\n\n\n<h3 class=\"wp-block-heading\">Sobre la gripe<\/h3>\n\n\n\n<p>La gripe o influenza es una enfermedad viral respiratoria que se presenta habitualmente en los meses m\u00e1s fr\u00edos del a\u00f1o.<\/p>\n\n\n\n<p>Los s\u00edntomas m\u00e1s comunes son: fiebre mayor a 38 grados, tos, congesti\u00f3n nasal, dolor de garganta, cabeza, muscular y malestar generalizado. En ni\u00f1os y ni\u00f1as, pueden aparecer tambi\u00e9n problemas para respirar, v\u00f3mitos o diarrea e irritabilidad o somnolencia.<\/p>\n\n\n\n<p>Estos s\u00edntomas suelen manifestarse a las 48 horas del contagio y la mayor\u00eda de las personas afectadas se recuperan en una o dos semanas, con reposo y sin necesidad de recibir tratamiento m\u00e9dico.<\/p>\n\n\n\n<p>Sin embargo, en mujeres embarazadas, ni\u00f1os peque\u00f1os, adultos mayores y personas con enfermedades cr\u00f3nicas, la infecci\u00f3n puede conllevar graves complicaciones, y poner en riesgo la vida.<\/p>\n\n\n\n<p>Por este motivo, la vacunaci\u00f3n oportuna en estos grupos representa la herramienta de mayor eficacia para la prevenci\u00f3n y su aplicaci\u00f3n es recomendada, en lo posible, antes de la llegada del invierno.<\/p>\n","protected":false},"excerpt":{"rendered":"<p>El Ministerio de Salud informa que el mi\u00e9rcoles 11 de marzo comienza la campa\u00f1a de vacunaci\u00f3n antigripal en ni\u00f1os y ni\u00f1as de 6 a 24 meses de edad, gestantes, pu\u00e9rperas, personas entre los 2 y 64 a\u00f1os que tengan factores de riesgo, personal de salud y mayores de 65 a\u00f1os o m\u00e1s. Estos grupos podr\u00e1n [&hellip;]<\/p>\n","protected":false},"author":4,"featured_media":114568,"comment_status":"open","ping_status":"open","sticky":false,"template":"","format":"standard","meta":{"site-sidebar-layout":"default","site-content-layout":"","ast-site-content-layout":"default","site-content-style":"default","site-sidebar-style":"default","ast-global-header-display":"","ast-banner-title-visibility":"","ast-main-header-display":"","ast-hfb-above-header-display":"","ast-hfb-below-header-display":"","ast-hfb-mobile-header-display":"","site-post-title":"","ast-breadcrumbs-content":"","ast-featured-img":"","footer-sml-layout":"","ast-disable-related-posts":"","theme-transparent-header-meta":"","adv-header-id-meta":"","stick-header-meta":"","header-above-stick-meta":"","header-main-stick-meta":"","header-below-stick-meta":"","astra-migrate-meta-layouts":"set","ast-page-background-enabled":"default","ast-page-background-meta":{"desktop":{"background-color":"","background-image":"","background-repeat":"repeat","background-position":"center center","background-size":"auto","background-attachment":"scroll","background-type":"","background-media":"","overlay-type":"","overlay-color":"","overlay-opacity":"","overlay-gradient":""},"tablet":{"background-color":"","background-image":"","background-repeat":"repeat","background-position":"center center","background-size":"auto","background-attachment":"scroll","background-type":"","background-media":"","overlay-type":"","overlay-color":"","overlay-opacity":"","overlay-gradient":""},"mobile":{"background-color":"","background-image":"","background-repeat":"repeat","background-position":"center center","background-size":"auto","background-attachment":"scroll","background-type":"","background-media":"","overlay-type":"","overlay-color":"","overlay-opacity":"","overlay-gradient":""}},"ast-content-background-meta":{"desktop":{"background-color":"var(--ast-global-color-5)","background-image":"","background-repeat":"repeat","background-position":"center center","background-size":"auto","background-attachment":"scroll","background-type":"","background-media":"","overlay-type":"","overlay-color":"","overlay-opacity":"","overlay-gradient":""},"tablet":{"background-color":"var(--ast-global-color-5)","background-image":"","background-repeat":"repeat","background-position":"center center","background-size":"auto","background-attachment":"scroll","background-type":"","background-media":"","overlay-type":"","overlay-color":"","overlay-opacity":"","overlay-gradient":""},"mobile":{"background-color":"var(--ast-global-color-5)","background-image":"","background-repeat":"repeat","background-position":"center center","background-size":"auto","background-attachment":"scroll","background-type":"","background-media":"","overlay-type":"","overlay-color":"","overlay-opacity":"","overlay-gradient":""}},"_jetpack_memberships_contains_paid_content":false,"_joinchat":[],"footnotes":""},"categories":[15302,16095,5],"tags":[],"class_list":["post-114567","post","type-post","status-publish","format-standard","has-post-thumbnail","hentry","category-destacado","category-provinciales","category-sociedad"],"yoast_head":"<!-- This site is optimized with the Yoast SEO plugin v26.8 - https:\/\/yoast.com\/product\/yoast-seo-wordpress\/ -->\n<title>Este mi\u00e9rcoles comienza la campa\u00f1a de vacunaci\u00f3n antigripal en C\u00f3rdoba para ni\u00f1os y ni\u00f1as de 6 a 24 meses - El Regional<\/title>\n<meta name=\"robots\" content=\"index, follow, max-snippet:-1, max-image-preview:large, max-video-preview:-1\" \/>\n<link rel=\"canonical\" href=\"https:\/\/elregionalvm.com.ar\/noticias-villa-maria\/este-miercoles-comienza-la-campana-de-vacunacion-antigripal-en-cordoba-para-ninos-y-ninas-de-6-a-24-meses\/\" \/>\n<meta property=\"og:locale\" content=\"es_ES\" \/>\n<meta property=\"og:type\" content=\"article\" \/>\n<meta property=\"og:title\" content=\"Este mi\u00e9rcoles comienza la campa\u00f1a de vacunaci\u00f3n antigripal en C\u00f3rdoba para ni\u00f1os y ni\u00f1as de 6 a 24 meses - El Regional\" \/>\n<meta property=\"og:description\" content=\"El Ministerio de Salud informa que el mi\u00e9rcoles 11 de marzo comienza la campa\u00f1a de vacunaci\u00f3n antigripal en ni\u00f1os y ni\u00f1as de 6 a 24 meses de edad, gestantes, pu\u00e9rperas, personas entre los 2 y 64 a\u00f1os que tengan factores de riesgo, personal de salud y mayores de 65 a\u00f1os o m\u00e1s. Estos grupos podr\u00e1n [&hellip;]\" \/>\n<meta property=\"og:url\" content=\"https:\/\/elregionalvm.com.ar\/noticias-villa-maria\/este-miercoles-comienza-la-campana-de-vacunacion-antigripal-en-cordoba-para-ninos-y-ninas-de-6-a-24-meses\/\" \/>\n<meta property=\"og:site_name\" content=\"El Regional\" \/>\n<meta property=\"article:publisher\" content=\"https:\/\/www.facebook.com\/elregionalvm\" \/>\n<meta property=\"article:published_time\" content=\"2026-03-11T02:36:59+00:00\" \/>\n<meta property=\"article:modified_time\" content=\"2026-03-11T02:37:02+00:00\" \/>\n<meta property=\"og:image\" content=\"https:\/\/elregionalvm.com.ar\/noticias-villa-maria\/wp-content\/uploads\/2026\/03\/WhatsApp-Image-2026-03-10-at-16.47.41.jpeg\" \/>\n\t<meta property=\"og:image:width\" content=\"989\" \/>\n\t<meta property=\"og:image:height\" content=\"660\" \/>\n\t<meta property=\"og:image:type\" content=\"image\/jpeg\" \/>\n<meta name=\"author\" content=\"Contenidos El Regional\" \/>\n<meta name=\"twitter:card\" content=\"summary_large_image\" \/>\n<meta name=\"twitter:creator\" content=\"@elregionalvm1\" \/>\n<meta name=\"twitter:site\" content=\"@elregionalvm1\" \/>\n<meta name=\"twitter:label1\" content=\"Escrito por\" \/>\n\t<meta name=\"twitter:data1\" content=\"Contenidos El Regional\" \/>\n\t<meta name=\"twitter:label2\" content=\"Tiempo de lectura\" \/>\n\t<meta name=\"twitter:data2\" content=\"3 minutos\" \/>\n<script type=\"application\/ld+json\" class=\"yoast-schema-graph\">{\"@context\":\"https:\/\/schema.org\",\"@graph\":[{\"@type\":\"Article\",\"@id\":\"https:\/\/elregionalvm.com.ar\/noticias-villa-maria\/este-miercoles-comienza-la-campana-de-vacunacion-antigripal-en-cordoba-para-ninos-y-ninas-de-6-a-24-meses\/#article\",\"isPartOf\":{\"@id\":\"https:\/\/elregionalvm.com.ar\/noticias-villa-maria\/este-miercoles-comienza-la-campana-de-vacunacion-antigripal-en-cordoba-para-ninos-y-ninas-de-6-a-24-meses\/\"},\"author\":{\"name\":\"Contenidos El Regional\",\"@id\":\"http:\/\/elregionalvm.com.ar\/noticias-villa-maria\/#\/schema\/person\/a0fb9c422317faca23d50163151bc354\"},\"headline\":\"Este mi\u00e9rcoles comienza la campa\u00f1a de vacunaci\u00f3n antigripal en C\u00f3rdoba para ni\u00f1os y ni\u00f1as de 6 a 24 meses\",\"datePublished\":\"2026-03-11T02:36:59+00:00\",\"dateModified\":\"2026-03-11T02:37:02+00:00\",\"mainEntityOfPage\":{\"@id\":\"https:\/\/elregionalvm.com.ar\/noticias-villa-maria\/este-miercoles-comienza-la-campana-de-vacunacion-antigripal-en-cordoba-para-ninos-y-ninas-de-6-a-24-meses\/\"},\"wordCount\":611,\"commentCount\":0,\"image\":{\"@id\":\"https:\/\/elregionalvm.com.ar\/noticias-villa-maria\/este-miercoles-comienza-la-campana-de-vacunacion-antigripal-en-cordoba-para-ninos-y-ninas-de-6-a-24-meses\/#primaryimage\"},\"thumbnailUrl\":\"https:\/\/i0.wp.com\/elregionalvm.com.ar\/noticias-villa-maria\/wp-content\/uploads\/2026\/03\/WhatsApp-Image-2026-03-10-at-16.47.41.jpeg?fit=989%2C660&ssl=1\",\"articleSection\":[\"destacado\",\"Provinciales\",\"Sociedad\"],\"inLanguage\":\"es\",\"potentialAction\":[{\"@type\":\"CommentAction\",\"name\":\"Comment\",\"target\":[\"https:\/\/elregionalvm.com.ar\/noticias-villa-maria\/este-miercoles-comienza-la-campana-de-vacunacion-antigripal-en-cordoba-para-ninos-y-ninas-de-6-a-24-meses\/#respond\"]}]},{\"@type\":\"WebPage\",\"@id\":\"https:\/\/elregionalvm.com.ar\/noticias-villa-maria\/este-miercoles-comienza-la-campana-de-vacunacion-antigripal-en-cordoba-para-ninos-y-ninas-de-6-a-24-meses\/\",\"url\":\"https:\/\/elregionalvm.com.ar\/noticias-villa-maria\/este-miercoles-comienza-la-campana-de-vacunacion-antigripal-en-cordoba-para-ninos-y-ninas-de-6-a-24-meses\/\",\"name\":\"Este mi\u00e9rcoles comienza la campa\u00f1a de vacunaci\u00f3n antigripal en C\u00f3rdoba para ni\u00f1os y ni\u00f1as de 6 a 24 meses - El Regional\",\"isPartOf\":{\"@id\":\"http:\/\/elregionalvm.com.ar\/noticias-villa-maria\/#website\"},\"primaryImageOfPage\":{\"@id\":\"https:\/\/elregionalvm.com.ar\/noticias-villa-maria\/este-miercoles-comienza-la-campana-de-vacunacion-antigripal-en-cordoba-para-ninos-y-ninas-de-6-a-24-meses\/#primaryimage\"},\"image\":{\"@id\":\"https:\/\/elregionalvm.com.ar\/noticias-villa-maria\/este-miercoles-comienza-la-campana-de-vacunacion-antigripal-en-cordoba-para-ninos-y-ninas-de-6-a-24-meses\/#primaryimage\"},\"thumbnailUrl\":\"https:\/\/i0.wp.com\/elregionalvm.com.ar\/noticias-villa-maria\/wp-content\/uploads\/2026\/03\/WhatsApp-Image-2026-03-10-at-16.47.41.jpeg?fit=989%2C660&ssl=1\",\"datePublished\":\"2026-03-11T02:36:59+00:00\",\"dateModified\":\"2026-03-11T02:37:02+00:00\",\"author\":{\"@id\":\"http:\/\/elregionalvm.com.ar\/noticias-villa-maria\/#\/schema\/person\/a0fb9c422317faca23d50163151bc354\"},\"breadcrumb\":{\"@id\":\"https:\/\/elregionalvm.com.ar\/noticias-villa-maria\/este-miercoles-comienza-la-campana-de-vacunacion-antigripal-en-cordoba-para-ninos-y-ninas-de-6-a-24-meses\/#breadcrumb\"},\"inLanguage\":\"es\",\"potentialAction\":[{\"@type\":\"ReadAction\",\"target\":[\"https:\/\/elregionalvm.com.ar\/noticias-villa-maria\/este-miercoles-comienza-la-campana-de-vacunacion-antigripal-en-cordoba-para-ninos-y-ninas-de-6-a-24-meses\/\"]}]},{\"@type\":\"ImageObject\",\"inLanguage\":\"es\",\"@id\":\"https:\/\/elregionalvm.com.ar\/noticias-villa-maria\/este-miercoles-comienza-la-campana-de-vacunacion-antigripal-en-cordoba-para-ninos-y-ninas-de-6-a-24-meses\/#primaryimage\",\"url\":\"https:\/\/i0.wp.com\/elregionalvm.com.ar\/noticias-villa-maria\/wp-content\/uploads\/2026\/03\/WhatsApp-Image-2026-03-10-at-16.47.41.jpeg?fit=989%2C660&ssl=1\",\"contentUrl\":\"https:\/\/i0.wp.com\/elregionalvm.com.ar\/noticias-villa-maria\/wp-content\/uploads\/2026\/03\/WhatsApp-Image-2026-03-10-at-16.47.41.jpeg?fit=989%2C660&ssl=1\",\"width\":989,\"height\":660},{\"@type\":\"BreadcrumbList\",\"@id\":\"https:\/\/elregionalvm.com.ar\/noticias-villa-maria\/este-miercoles-comienza-la-campana-de-vacunacion-antigripal-en-cordoba-para-ninos-y-ninas-de-6-a-24-meses\/#breadcrumb\",\"itemListElement\":[{\"@type\":\"ListItem\",\"position\":1,\"name\":\"Portada\",\"item\":\"https:\/\/elregionalvm.com.ar\/noticias-villa-maria\/\"},{\"@type\":\"ListItem\",\"position\":2,\"name\":\"Este mi\u00e9rcoles comienza la campa\u00f1a de vacunaci\u00f3n antigripal en C\u00f3rdoba para ni\u00f1os y ni\u00f1as de 6 a 24 meses\"}]},{\"@type\":\"WebSite\",\"@id\":\"http:\/\/elregionalvm.com.ar\/noticias-villa-maria\/#website\",\"url\":\"http:\/\/elregionalvm.com.ar\/noticias-villa-maria\/\",\"name\":\"El Regional\",\"description\":\"Mucho m\u00e1s que informaci\u00f3n\",\"potentialAction\":[{\"@type\":\"SearchAction\",\"target\":{\"@type\":\"EntryPoint\",\"urlTemplate\":\"http:\/\/elregionalvm.com.ar\/noticias-villa-maria\/?s={search_term_string}\"},\"query-input\":{\"@type\":\"PropertyValueSpecification\",\"valueRequired\":true,\"valueName\":\"search_term_string\"}}],\"inLanguage\":\"es\"},{\"@type\":\"Person\",\"@id\":\"http:\/\/elregionalvm.com.ar\/noticias-villa-maria\/#\/schema\/person\/a0fb9c422317faca23d50163151bc354\",\"name\":\"Contenidos El Regional\",\"image\":{\"@type\":\"ImageObject\",\"inLanguage\":\"es\",\"@id\":\"http:\/\/elregionalvm.com.ar\/noticias-villa-maria\/#\/schema\/person\/image\/\",\"url\":\"https:\/\/secure.gravatar.com\/avatar\/265b27cb2209af7bb3a1318f03305787d7981a5cc6e6cd08fe5a4ecdf99d4b48?s=96&d=mm&r=g\",\"contentUrl\":\"https:\/\/secure.gravatar.com\/avatar\/265b27cb2209af7bb3a1318f03305787d7981a5cc6e6cd08fe5a4ecdf99d4b48?s=96&d=mm&r=g\",\"caption\":\"Contenidos El Regional\"},\"url\":\"https:\/\/elregionalvm.com.ar\/noticias-villa-maria\/author\/contenido\/\"}]}<\/script>\n<!-- \/ Yoast SEO plugin. -->","yoast_head_json":{"title":"Este mi\u00e9rcoles comienza la campa\u00f1a de vacunaci\u00f3n antigripal en C\u00f3rdoba para ni\u00f1os y ni\u00f1as de 6 a 24 meses - El Regional","robots":{"index":"index","follow":"follow","max-snippet":"max-snippet:-1","max-image-preview":"max-image-preview:large","max-video-preview":"max-video-preview:-1"},"canonical":"https:\/\/elregionalvm.com.ar\/noticias-villa-maria\/este-miercoles-comienza-la-campana-de-vacunacion-antigripal-en-cordoba-para-ninos-y-ninas-de-6-a-24-meses\/","og_locale":"es_ES","og_type":"article","og_title":"Este mi\u00e9rcoles comienza la campa\u00f1a de vacunaci\u00f3n antigripal en C\u00f3rdoba para ni\u00f1os y ni\u00f1as de 6 a 24 meses - El Regional","og_description":"El Ministerio de Salud informa que el mi\u00e9rcoles 11 de marzo comienza la campa\u00f1a de vacunaci\u00f3n antigripal en ni\u00f1os y ni\u00f1as de 6 a 24 meses de edad, gestantes, pu\u00e9rperas, personas entre los 2 y 64 a\u00f1os que tengan factores de riesgo, personal de salud y mayores de 65 a\u00f1os o m\u00e1s. Estos grupos podr\u00e1n [&hellip;]","og_url":"https:\/\/elregionalvm.com.ar\/noticias-villa-maria\/este-miercoles-comienza-la-campana-de-vacunacion-antigripal-en-cordoba-para-ninos-y-ninas-de-6-a-24-meses\/","og_site_name":"El Regional","article_publisher":"https:\/\/www.facebook.com\/elregionalvm","article_published_time":"2026-03-11T02:36:59+00:00","article_modified_time":"2026-03-11T02:37:02+00:00","og_image":[{"width":989,"height":660,"url":"https:\/\/elregionalvm.com.ar\/noticias-villa-maria\/wp-content\/uploads\/2026\/03\/WhatsApp-Image-2026-03-10-at-16.47.41.jpeg","type":"image\/jpeg"}],"author":"Contenidos El Regional","twitter_card":"summary_large_image","twitter_creator":"@elregionalvm1","twitter_site":"@elregionalvm1","twitter_misc":{"Escrito por":"Contenidos El Regional","Tiempo de lectura":"3 minutos"},"schema":{"@context":"https:\/\/schema.org","@graph":[{"@type":"Article","@id":"https:\/\/elregionalvm.com.ar\/noticias-villa-maria\/este-miercoles-comienza-la-campana-de-vacunacion-antigripal-en-cordoba-para-ninos-y-ninas-de-6-a-24-meses\/#article","isPartOf":{"@id":"https:\/\/elregionalvm.com.ar\/noticias-villa-maria\/este-miercoles-comienza-la-campana-de-vacunacion-antigripal-en-cordoba-para-ninos-y-ninas-de-6-a-24-meses\/"},"author":{"name":"Contenidos El Regional","@id":"http:\/\/elregionalvm.com.ar\/noticias-villa-maria\/#\/schema\/person\/a0fb9c422317faca23d50163151bc354"},"headline":"Este mi\u00e9rcoles comienza la campa\u00f1a de vacunaci\u00f3n antigripal en C\u00f3rdoba para ni\u00f1os y ni\u00f1as de 6 a 24 meses","datePublished":"2026-03-11T02:36:59+00:00","dateModified":"2026-03-11T02:37:02+00:00","mainEntityOfPage":{"@id":"https:\/\/elregionalvm.com.ar\/noticias-villa-maria\/este-miercoles-comienza-la-campana-de-vacunacion-antigripal-en-cordoba-para-ninos-y-ninas-de-6-a-24-meses\/"},"wordCount":611,"commentCount":0,"image":{"@id":"https:\/\/elregionalvm.com.ar\/noticias-villa-maria\/este-miercoles-comienza-la-campana-de-vacunacion-antigripal-en-cordoba-para-ninos-y-ninas-de-6-a-24-meses\/#primaryimage"},"thumbnailUrl":"https:\/\/i0.wp.com\/elregionalvm.com.ar\/noticias-villa-maria\/wp-content\/uploads\/2026\/03\/WhatsApp-Image-2026-03-10-at-16.47.41.jpeg?fit=989%2C660&ssl=1","articleSection":["destacado","Provinciales","Sociedad"],"inLanguage":"es","potentialAction":[{"@type":"CommentAction","name":"Comment","target":["https:\/\/elregionalvm.com.ar\/noticias-villa-maria\/este-miercoles-comienza-la-campana-de-vacunacion-antigripal-en-cordoba-para-ninos-y-ninas-de-6-a-24-meses\/#respond"]}]},{"@type":"WebPage","@id":"https:\/\/elregionalvm.com.ar\/noticias-villa-maria\/este-miercoles-comienza-la-campana-de-vacunacion-antigripal-en-cordoba-para-ninos-y-ninas-de-6-a-24-meses\/","url":"https:\/\/elregionalvm.com.ar\/noticias-villa-maria\/este-miercoles-comienza-la-campana-de-vacunacion-antigripal-en-cordoba-para-ninos-y-ninas-de-6-a-24-meses\/","name":"Este mi\u00e9rcoles comienza la campa\u00f1a de vacunaci\u00f3n antigripal en C\u00f3rdoba para ni\u00f1os y ni\u00f1as de 6 a 24 meses - El Regional","isPartOf":{"@id":"http:\/\/elregionalvm.com.ar\/noticias-villa-maria\/#website"},"primaryImageOfPage":{"@id":"https:\/\/elregionalvm.com.ar\/noticias-villa-maria\/este-miercoles-comienza-la-campana-de-vacunacion-antigripal-en-cordoba-para-ninos-y-ninas-de-6-a-24-meses\/#primaryimage"},"image":{"@id":"https:\/\/elregionalvm.com.ar\/noticias-villa-maria\/este-miercoles-comienza-la-campana-de-vacunacion-antigripal-en-cordoba-para-ninos-y-ninas-de-6-a-24-meses\/#primaryimage"},"thumbnailUrl":"https:\/\/i0.wp.com\/elregionalvm.com.ar\/noticias-villa-maria\/wp-content\/uploads\/2026\/03\/WhatsApp-Image-2026-03-10-at-16.47.41.jpeg?fit=989%2C660&ssl=1","datePublished":"2026-03-11T02:36:59+00:00","dateModified":"2026-03-11T02:37:02+00:00","author":{"@id":"http:\/\/elregionalvm.com.ar\/noticias-villa-maria\/#\/schema\/person\/a0fb9c422317faca23d50163151bc354"},"breadcrumb":{"@id":"https:\/\/elregionalvm.com.ar\/noticias-villa-maria\/este-miercoles-comienza-la-campana-de-vacunacion-antigripal-en-cordoba-para-ninos-y-ninas-de-6-a-24-meses\/#breadcrumb"},"inLanguage":"es","potentialAction":[{"@type":"ReadAction","target":["https:\/\/elregionalvm.com.ar\/noticias-villa-maria\/este-miercoles-comienza-la-campana-de-vacunacion-antigripal-en-cordoba-para-ninos-y-ninas-de-6-a-24-meses\/"]}]},{"@type":"ImageObject","inLanguage":"es","@id":"https:\/\/elregionalvm.com.ar\/noticias-villa-maria\/este-miercoles-comienza-la-campana-de-vacunacion-antigripal-en-cordoba-para-ninos-y-ninas-de-6-a-24-meses\/#primaryimage","url":"https:\/\/i0.wp.com\/elregionalvm.com.ar\/noticias-villa-maria\/wp-content\/uploads\/2026\/03\/WhatsApp-Image-2026-03-10-at-16.47.41.jpeg?fit=989%2C660&ssl=1","contentUrl":"https:\/\/i0.wp.com\/elregionalvm.com.ar\/noticias-villa-maria\/wp-content\/uploads\/2026\/03\/WhatsApp-Image-2026-03-10-at-16.47.41.jpeg?fit=989%2C660&ssl=1","width":989,"height":660},{"@type":"BreadcrumbList","@id":"https:\/\/elregionalvm.com.ar\/noticias-villa-maria\/este-miercoles-comienza-la-campana-de-vacunacion-antigripal-en-cordoba-para-ninos-y-ninas-de-6-a-24-meses\/#breadcrumb","itemListElement":[{"@type":"ListItem","position":1,"name":"Portada","item":"https:\/\/elregionalvm.com.ar\/noticias-villa-maria\/"},{"@type":"ListItem","position":2,"name":"Este mi\u00e9rcoles comienza la campa\u00f1a de vacunaci\u00f3n antigripal en C\u00f3rdoba para ni\u00f1os y ni\u00f1as de 6 a 24 meses"}]},{"@type":"WebSite","@id":"http:\/\/elregionalvm.com.ar\/noticias-villa-maria\/#website","url":"http:\/\/elregionalvm.com.ar\/noticias-villa-maria\/","name":"El Regional","description":"Mucho m\u00e1s que informaci\u00f3n","potentialAction":[{"@type":"SearchAction","target":{"@type":"EntryPoint","urlTemplate":"http:\/\/elregionalvm.com.ar\/noticias-villa-maria\/?s={search_term_string}"},"query-input":{"@type":"PropertyValueSpecification","valueRequired":true,"valueName":"search_term_string"}}],"inLanguage":"es"},{"@type":"Person","@id":"http:\/\/elregionalvm.com.ar\/noticias-villa-maria\/#\/schema\/person\/a0fb9c422317faca23d50163151bc354","name":"Contenidos El Regional","image":{"@type":"ImageObject","inLanguage":"es","@id":"http:\/\/elregionalvm.com.ar\/noticias-villa-maria\/#\/schema\/person\/image\/","url":"https:\/\/secure.gravatar.com\/avatar\/265b27cb2209af7bb3a1318f03305787d7981a5cc6e6cd08fe5a4ecdf99d4b48?s=96&d=mm&r=g","contentUrl":"https:\/\/secure.gravatar.com\/avatar\/265b27cb2209af7bb3a1318f03305787d7981a5cc6e6cd08fe5a4ecdf99d4b48?s=96&d=mm&r=g","caption":"Contenidos El Regional"},"url":"https:\/\/elregionalvm.com.ar\/noticias-villa-maria\/author\/contenido\/"}]}},"jetpack_featured_media_url":"https:\/\/i0.wp.com\/elregionalvm.com.ar\/noticias-villa-maria\/wp-content\/uploads\/2026\/03\/WhatsApp-Image-2026-03-10-at-16.47.41.jpeg?fit=989%2C660&ssl=1","jetpack_sharing_enabled":true,"_links":{"self":[{"href":"https:\/\/elregionalvm.com.ar\/noticias-villa-maria\/wp-json\/wp\/v2\/posts\/114567","targetHints":{"allow":["GET"]}}],"collection":[{"href":"https:\/\/elregionalvm.com.ar\/noticias-villa-maria\/wp-json\/wp\/v2\/posts"}],"about":[{"href":"https:\/\/elregionalvm.com.ar\/noticias-villa-maria\/wp-json\/wp\/v2\/types\/post"}],"author":[{"embeddable":true,"href":"https:\/\/elregionalvm.com.ar\/noticias-villa-maria\/wp-json\/wp\/v2\/users\/4"}],"replies":[{"embeddable":true,"href":"https:\/\/elregionalvm.com.ar\/noticias-villa-maria\/wp-json\/wp\/v2\/comments?post=114567"}],"version-history":[{"count":1,"href":"https:\/\/elregionalvm.com.ar\/noticias-villa-maria\/wp-json\/wp\/v2\/posts\/114567\/revisions"}],"predecessor-version":[{"id":114569,"href":"https:\/\/elregionalvm.com.ar\/noticias-villa-maria\/wp-json\/wp\/v2\/posts\/114567\/revisions\/114569"}],"wp:featuredmedia":[{"embeddable":true,"href":"https:\/\/elregionalvm.com.ar\/noticias-villa-maria\/wp-json\/wp\/v2\/media\/114568"}],"wp:attachment":[{"href":"https:\/\/elregionalvm.com.ar\/noticias-villa-maria\/wp-json\/wp\/v2\/media?parent=114567"}],"wp:term":[{"taxonomy":"category","embeddable":true,"href":"https:\/\/elregionalvm.com.ar\/noticias-villa-maria\/wp-json\/wp\/v2\/categories?post=114567"},{"taxonomy":"post_tag","embeddable":true,"href":"https:\/\/elregionalvm.com.ar\/noticias-villa-maria\/wp-json\/wp\/v2\/tags?post=114567"}],"curies":[{"name":"wp","href":"https:\/\/api.w.org\/{rel}","templated":true}]}}