{"id":114570,"date":"2026-03-11T02:43:52","date_gmt":"2026-03-11T02:43:52","guid":{"rendered":"https:\/\/elregionalvm.com.ar\/noticias-villa-maria\/?p=114570"},"modified":"2026-03-11T02:43:55","modified_gmt":"2026-03-11T02:43:55","slug":"ya-se-lograron-pavimentar-mas-de-160-cuadras-en-distintos-puntos-de-la-ciudad","status":"publish","type":"post","link":"https:\/\/elregionalvm.com.ar\/noticias-villa-maria\/ya-se-lograron-pavimentar-mas-de-160-cuadras-en-distintos-puntos-de-la-ciudad\/","title":{"rendered":"Ya se lograron pavimentar m\u00e1s de 160 cuadras en distintos puntos de la ciudad"},"content":{"rendered":"\n<p>Como parte del plan integral de mejoramiento urbano \u201c430 Cuadras de Pavimento\u201d, ya se ejecutaron m\u00e1s de 160 cuadras en distintos puntos de la ciudad. En este marco, se concret\u00f3 la repavimentaci\u00f3n de m\u00e1s de 20 cuadras en el microcentro, y se prev\u00e9 alcanzar 19 barrios con estas mejoras destinadas a optimizar la transitabilidad y la circulaci\u00f3n vehicular.<\/p>\n\n\n\n<p>Puntualmente en el microcentro, los trabajos forman parte de un esquema de mantenimiento y recuperaci\u00f3n de la carpeta asf\u00e1ltica en arterias estrat\u00e9gicas del \u00e1rea c\u00e9ntrica, donde se registra un alto flujo diario de veh\u00edculos y transporte p\u00fablico.<\/p>\n\n\n\n<p>En la jornada de hoy las tareas se desarrollan sobre Lisandro de la Torre, entre San Juan y La Rioja, mientras que para ma\u00f1ana est\u00e1 prevista la intervenci\u00f3n sobre Santa Fe, en el tramo comprendido entre Lisandro de la Torre y Chile. Durante la ejecuci\u00f3n de los trabajos, el tr\u00e1nsito vehicular permanecer\u00e1 cortado en los sectores intervenidos.<\/p>\n\n\n\n<p>Las acciones de repavimentaci\u00f3n ya se realizaron en distintas calles del microcentro, abarcando San Juan, Hip\u00f3lito Yrigoyen, Entre R\u00edos, Mendoza, Chile, Buenos Aires, Jos\u00e9 Ingenieros, Lisandro de la Torre y Corrientes.<\/p>\n\n\n\n<p>En paralelo, el municipio tambi\u00e9n llev\u00f3 adelante mejoras en el sistema de alumbrado p\u00fablico del \u00e1rea c\u00e9ntrica, donde en los \u00faltimos d\u00edas se colocaron m\u00e1s de 60 luminarias LED y se realiz\u00f3 la pintura del 100% de las columnas con pintura diel\u00e9ctrica, contribuyendo a mejorar la iluminaci\u00f3n, la seguridad y la calidad del espacio urbano.<\/p>\n\n\n\n<p>Al respecto, el secretario de Infraestructura, Rodrigo Fuyana, se\u00f1al\u00f3:&nbsp;<em>\u201cEstamos avanzando a buen ritmo con el plan 430 Cuadras de Pavimento en distintos sectores de la ciudad, incluido el microcentro, priorizando aquellas arterias que presentan mayor nivel de desgaste por el tr\u00e1nsito permanente. Estas intervenciones permiten mejorar la seguridad vial y la calidad de circulaci\u00f3n tanto para vecinos como para quienes diariamente transitan por este sector clave de la ciudad\u201d.<\/em><\/p>\n\n\n\n<p>Desde el municipio se solicita a los conductores circular con precauci\u00f3n en las zonas donde se desarrollan las intervenciones.<\/p>\n","protected":false},"excerpt":{"rendered":"<p>Como parte del plan integral de mejoramiento urbano \u201c430 Cuadras de Pavimento\u201d, ya se ejecutaron m\u00e1s de 160 cuadras en distintos puntos de la ciudad. En este marco, se concret\u00f3 la repavimentaci\u00f3n de m\u00e1s de 20 cuadras en el microcentro, y se prev\u00e9 alcanzar 19 barrios con estas mejoras destinadas a optimizar la transitabilidad y [&hellip;]<\/p>\n","protected":false},"author":4,"featured_media":114571,"comment_status":"open","ping_status":"open","sticky":false,"template":"","format":"standard","meta":{"site-sidebar-layout":"default","site-content-layout":"","ast-site-content-layout":"default","site-content-style":"default","site-sidebar-style":"default","ast-global-header-display":"","ast-banner-title-visibility":"","ast-main-header-display":"","ast-hfb-above-header-display":"","ast-hfb-below-header-display":"","ast-hfb-mobile-header-display":"","site-post-title":"","ast-breadcrumbs-content":"","ast-featured-img":"","footer-sml-layout":"","ast-disable-related-posts":"","theme-transparent-header-meta":"","adv-header-id-meta":"","stick-header-meta":"","header-above-stick-meta":"","header-main-stick-meta":"","header-below-stick-meta":"","astra-migrate-meta-layouts":"set","ast-page-background-enabled":"default","ast-page-background-meta":{"desktop":{"background-color":"","background-image":"","background-repeat":"repeat","background-position":"center center","background-size":"auto","background-attachment":"scroll","background-type":"","background-media":"","overlay-type":"","overlay-color":"","overlay-opacity":"","overlay-gradient":""},"tablet":{"background-color":"","background-image":"","background-repeat":"repeat","background-position":"center center","background-size":"auto","background-attachment":"scroll","background-type":"","background-media":"","overlay-type":"","overlay-color":"","overlay-opacity":"","overlay-gradient":""},"mobile":{"background-color":"","background-image":"","background-repeat":"repeat","background-position":"center center","background-size":"auto","background-attachment":"scroll","background-type":"","background-media":"","overlay-type":"","overlay-color":"","overlay-opacity":"","overlay-gradient":""}},"ast-content-background-meta":{"desktop":{"background-color":"var(--ast-global-color-5)","background-image":"","background-repeat":"repeat","background-position":"center center","background-size":"auto","background-attachment":"scroll","background-type":"","background-media":"","overlay-type":"","overlay-color":"","overlay-opacity":"","overlay-gradient":""},"tablet":{"background-color":"var(--ast-global-color-5)","background-image":"","background-repeat":"repeat","background-position":"center center","background-size":"auto","background-attachment":"scroll","background-type":"","background-media":"","overlay-type":"","overlay-color":"","overlay-opacity":"","overlay-gradient":""},"mobile":{"background-color":"var(--ast-global-color-5)","background-image":"","background-repeat":"repeat","background-position":"center center","background-size":"auto","background-attachment":"scroll","background-type":"","background-media":"","overlay-type":"","overlay-color":"","overlay-opacity":"","overlay-gradient":""}},"_jetpack_memberships_contains_paid_content":false,"_joinchat":[],"footnotes":""},"categories":[15302,5,2],"tags":[],"class_list":["post-114570","post","type-post","status-publish","format-standard","has-post-thumbnail","hentry","category-destacado","category-sociedad","category-villa-maria"],"yoast_head":"<!-- This site is optimized with the Yoast SEO plugin v26.8 - https:\/\/yoast.com\/product\/yoast-seo-wordpress\/ -->\n<title>Ya se lograron pavimentar m\u00e1s de 160 cuadras en distintos puntos de la ciudad - El Regional<\/title>\n<meta name=\"robots\" content=\"index, follow, max-snippet:-1, max-image-preview:large, max-video-preview:-1\" \/>\n<link rel=\"canonical\" href=\"https:\/\/elregionalvm.com.ar\/noticias-villa-maria\/ya-se-lograron-pavimentar-mas-de-160-cuadras-en-distintos-puntos-de-la-ciudad\/\" \/>\n<meta property=\"og:locale\" content=\"es_ES\" \/>\n<meta property=\"og:type\" content=\"article\" \/>\n<meta property=\"og:title\" content=\"Ya se lograron pavimentar m\u00e1s de 160 cuadras en distintos puntos de la ciudad - El Regional\" \/>\n<meta property=\"og:description\" content=\"Como parte del plan integral de mejoramiento urbano \u201c430 Cuadras de Pavimento\u201d, ya se ejecutaron m\u00e1s de 160 cuadras en distintos puntos de la ciudad. En este marco, se concret\u00f3 la repavimentaci\u00f3n de m\u00e1s de 20 cuadras en el microcentro, y se prev\u00e9 alcanzar 19 barrios con estas mejoras destinadas a optimizar la transitabilidad y [&hellip;]\" \/>\n<meta property=\"og:url\" content=\"https:\/\/elregionalvm.com.ar\/noticias-villa-maria\/ya-se-lograron-pavimentar-mas-de-160-cuadras-en-distintos-puntos-de-la-ciudad\/\" \/>\n<meta property=\"og:site_name\" content=\"El Regional\" \/>\n<meta property=\"article:publisher\" content=\"https:\/\/www.facebook.com\/elregionalvm\" \/>\n<meta property=\"article:published_time\" content=\"2026-03-11T02:43:52+00:00\" \/>\n<meta property=\"article:modified_time\" content=\"2026-03-11T02:43:55+00:00\" \/>\n<meta property=\"og:image\" content=\"https:\/\/elregionalvm.com.ar\/noticias-villa-maria\/wp-content\/uploads\/2026\/03\/cbd64e4433b3450da91c1c9892307e54.jpeg\" \/>\n\t<meta property=\"og:image:width\" content=\"800\" \/>\n\t<meta property=\"og:image:height\" content=\"600\" \/>\n\t<meta property=\"og:image:type\" content=\"image\/jpeg\" \/>\n<meta name=\"author\" content=\"Contenidos El Regional\" \/>\n<meta name=\"twitter:card\" content=\"summary_large_image\" \/>\n<meta name=\"twitter:creator\" content=\"@elregionalvm1\" \/>\n<meta name=\"twitter:site\" content=\"@elregionalvm1\" \/>\n<meta name=\"twitter:label1\" content=\"Escrito por\" \/>\n\t<meta name=\"twitter:data1\" content=\"Contenidos El Regional\" \/>\n\t<meta name=\"twitter:label2\" content=\"Tiempo de lectura\" \/>\n\t<meta name=\"twitter:data2\" content=\"2 minutos\" \/>\n<script type=\"application\/ld+json\" class=\"yoast-schema-graph\">{\"@context\":\"https:\/\/schema.org\",\"@graph\":[{\"@type\":\"Article\",\"@id\":\"https:\/\/elregionalvm.com.ar\/noticias-villa-maria\/ya-se-lograron-pavimentar-mas-de-160-cuadras-en-distintos-puntos-de-la-ciudad\/#article\",\"isPartOf\":{\"@id\":\"https:\/\/elregionalvm.com.ar\/noticias-villa-maria\/ya-se-lograron-pavimentar-mas-de-160-cuadras-en-distintos-puntos-de-la-ciudad\/\"},\"author\":{\"name\":\"Contenidos El Regional\",\"@id\":\"http:\/\/elregionalvm.com.ar\/noticias-villa-maria\/#\/schema\/person\/a0fb9c422317faca23d50163151bc354\"},\"headline\":\"Ya se lograron pavimentar m\u00e1s de 160 cuadras en distintos puntos de la ciudad\",\"datePublished\":\"2026-03-11T02:43:52+00:00\",\"dateModified\":\"2026-03-11T02:43:55+00:00\",\"mainEntityOfPage\":{\"@id\":\"https:\/\/elregionalvm.com.ar\/noticias-villa-maria\/ya-se-lograron-pavimentar-mas-de-160-cuadras-en-distintos-puntos-de-la-ciudad\/\"},\"wordCount\":363,\"commentCount\":0,\"image\":{\"@id\":\"https:\/\/elregionalvm.com.ar\/noticias-villa-maria\/ya-se-lograron-pavimentar-mas-de-160-cuadras-en-distintos-puntos-de-la-ciudad\/#primaryimage\"},\"thumbnailUrl\":\"https:\/\/i0.wp.com\/elregionalvm.com.ar\/noticias-villa-maria\/wp-content\/uploads\/2026\/03\/cbd64e4433b3450da91c1c9892307e54.jpeg?fit=800%2C600&ssl=1\",\"articleSection\":[\"destacado\",\"Sociedad\",\"Villa Mar\u00eda\"],\"inLanguage\":\"es\",\"potentialAction\":[{\"@type\":\"CommentAction\",\"name\":\"Comment\",\"target\":[\"https:\/\/elregionalvm.com.ar\/noticias-villa-maria\/ya-se-lograron-pavimentar-mas-de-160-cuadras-en-distintos-puntos-de-la-ciudad\/#respond\"]}]},{\"@type\":\"WebPage\",\"@id\":\"https:\/\/elregionalvm.com.ar\/noticias-villa-maria\/ya-se-lograron-pavimentar-mas-de-160-cuadras-en-distintos-puntos-de-la-ciudad\/\",\"url\":\"https:\/\/elregionalvm.com.ar\/noticias-villa-maria\/ya-se-lograron-pavimentar-mas-de-160-cuadras-en-distintos-puntos-de-la-ciudad\/\",\"name\":\"Ya se lograron pavimentar m\u00e1s de 160 cuadras en distintos puntos de la ciudad - El Regional\",\"isPartOf\":{\"@id\":\"http:\/\/elregionalvm.com.ar\/noticias-villa-maria\/#website\"},\"primaryImageOfPage\":{\"@id\":\"https:\/\/elregionalvm.com.ar\/noticias-villa-maria\/ya-se-lograron-pavimentar-mas-de-160-cuadras-en-distintos-puntos-de-la-ciudad\/#primaryimage\"},\"image\":{\"@id\":\"https:\/\/elregionalvm.com.ar\/noticias-villa-maria\/ya-se-lograron-pavimentar-mas-de-160-cuadras-en-distintos-puntos-de-la-ciudad\/#primaryimage\"},\"thumbnailUrl\":\"https:\/\/i0.wp.com\/elregionalvm.com.ar\/noticias-villa-maria\/wp-content\/uploads\/2026\/03\/cbd64e4433b3450da91c1c9892307e54.jpeg?fit=800%2C600&ssl=1\",\"datePublished\":\"2026-03-11T02:43:52+00:00\",\"dateModified\":\"2026-03-11T02:43:55+00:00\",\"author\":{\"@id\":\"http:\/\/elregionalvm.com.ar\/noticias-villa-maria\/#\/schema\/person\/a0fb9c422317faca23d50163151bc354\"},\"breadcrumb\":{\"@id\":\"https:\/\/elregionalvm.com.ar\/noticias-villa-maria\/ya-se-lograron-pavimentar-mas-de-160-cuadras-en-distintos-puntos-de-la-ciudad\/#breadcrumb\"},\"inLanguage\":\"es\",\"potentialAction\":[{\"@type\":\"ReadAction\",\"target\":[\"https:\/\/elregionalvm.com.ar\/noticias-villa-maria\/ya-se-lograron-pavimentar-mas-de-160-cuadras-en-distintos-puntos-de-la-ciudad\/\"]}]},{\"@type\":\"ImageObject\",\"inLanguage\":\"es\",\"@id\":\"https:\/\/elregionalvm.com.ar\/noticias-villa-maria\/ya-se-lograron-pavimentar-mas-de-160-cuadras-en-distintos-puntos-de-la-ciudad\/#primaryimage\",\"url\":\"https:\/\/i0.wp.com\/elregionalvm.com.ar\/noticias-villa-maria\/wp-content\/uploads\/2026\/03\/cbd64e4433b3450da91c1c9892307e54.jpeg?fit=800%2C600&ssl=1\",\"contentUrl\":\"https:\/\/i0.wp.com\/elregionalvm.com.ar\/noticias-villa-maria\/wp-content\/uploads\/2026\/03\/cbd64e4433b3450da91c1c9892307e54.jpeg?fit=800%2C600&ssl=1\",\"width\":800,\"height\":600},{\"@type\":\"BreadcrumbList\",\"@id\":\"https:\/\/elregionalvm.com.ar\/noticias-villa-maria\/ya-se-lograron-pavimentar-mas-de-160-cuadras-en-distintos-puntos-de-la-ciudad\/#breadcrumb\",\"itemListElement\":[{\"@type\":\"ListItem\",\"position\":1,\"name\":\"Portada\",\"item\":\"https:\/\/elregionalvm.com.ar\/noticias-villa-maria\/\"},{\"@type\":\"ListItem\",\"position\":2,\"name\":\"Ya se lograron pavimentar m\u00e1s de 160 cuadras en distintos puntos de la ciudad\"}]},{\"@type\":\"WebSite\",\"@id\":\"http:\/\/elregionalvm.com.ar\/noticias-villa-maria\/#website\",\"url\":\"http:\/\/elregionalvm.com.ar\/noticias-villa-maria\/\",\"name\":\"El Regional\",\"description\":\"Mucho m\u00e1s que informaci\u00f3n\",\"potentialAction\":[{\"@type\":\"SearchAction\",\"target\":{\"@type\":\"EntryPoint\",\"urlTemplate\":\"http:\/\/elregionalvm.com.ar\/noticias-villa-maria\/?s={search_term_string}\"},\"query-input\":{\"@type\":\"PropertyValueSpecification\",\"valueRequired\":true,\"valueName\":\"search_term_string\"}}],\"inLanguage\":\"es\"},{\"@type\":\"Person\",\"@id\":\"http:\/\/elregionalvm.com.ar\/noticias-villa-maria\/#\/schema\/person\/a0fb9c422317faca23d50163151bc354\",\"name\":\"Contenidos El Regional\",\"image\":{\"@type\":\"ImageObject\",\"inLanguage\":\"es\",\"@id\":\"http:\/\/elregionalvm.com.ar\/noticias-villa-maria\/#\/schema\/person\/image\/\",\"url\":\"https:\/\/secure.gravatar.com\/avatar\/265b27cb2209af7bb3a1318f03305787d7981a5cc6e6cd08fe5a4ecdf99d4b48?s=96&d=mm&r=g\",\"contentUrl\":\"https:\/\/secure.gravatar.com\/avatar\/265b27cb2209af7bb3a1318f03305787d7981a5cc6e6cd08fe5a4ecdf99d4b48?s=96&d=mm&r=g\",\"caption\":\"Contenidos El Regional\"},\"url\":\"https:\/\/elregionalvm.com.ar\/noticias-villa-maria\/author\/contenido\/\"}]}<\/script>\n<!-- \/ Yoast SEO plugin. -->","yoast_head_json":{"title":"Ya se lograron pavimentar m\u00e1s de 160 cuadras en distintos puntos de la ciudad - El Regional","robots":{"index":"index","follow":"follow","max-snippet":"max-snippet:-1","max-image-preview":"max-image-preview:large","max-video-preview":"max-video-preview:-1"},"canonical":"https:\/\/elregionalvm.com.ar\/noticias-villa-maria\/ya-se-lograron-pavimentar-mas-de-160-cuadras-en-distintos-puntos-de-la-ciudad\/","og_locale":"es_ES","og_type":"article","og_title":"Ya se lograron pavimentar m\u00e1s de 160 cuadras en distintos puntos de la ciudad - El Regional","og_description":"Como parte del plan integral de mejoramiento urbano \u201c430 Cuadras de Pavimento\u201d, ya se ejecutaron m\u00e1s de 160 cuadras en distintos puntos de la ciudad. En este marco, se concret\u00f3 la repavimentaci\u00f3n de m\u00e1s de 20 cuadras en el microcentro, y se prev\u00e9 alcanzar 19 barrios con estas mejoras destinadas a optimizar la transitabilidad y [&hellip;]","og_url":"https:\/\/elregionalvm.com.ar\/noticias-villa-maria\/ya-se-lograron-pavimentar-mas-de-160-cuadras-en-distintos-puntos-de-la-ciudad\/","og_site_name":"El Regional","article_publisher":"https:\/\/www.facebook.com\/elregionalvm","article_published_time":"2026-03-11T02:43:52+00:00","article_modified_time":"2026-03-11T02:43:55+00:00","og_image":[{"width":800,"height":600,"url":"https:\/\/elregionalvm.com.ar\/noticias-villa-maria\/wp-content\/uploads\/2026\/03\/cbd64e4433b3450da91c1c9892307e54.jpeg","type":"image\/jpeg"}],"author":"Contenidos El Regional","twitter_card":"summary_large_image","twitter_creator":"@elregionalvm1","twitter_site":"@elregionalvm1","twitter_misc":{"Escrito por":"Contenidos El Regional","Tiempo de lectura":"2 minutos"},"schema":{"@context":"https:\/\/schema.org","@graph":[{"@type":"Article","@id":"https:\/\/elregionalvm.com.ar\/noticias-villa-maria\/ya-se-lograron-pavimentar-mas-de-160-cuadras-en-distintos-puntos-de-la-ciudad\/#article","isPartOf":{"@id":"https:\/\/elregionalvm.com.ar\/noticias-villa-maria\/ya-se-lograron-pavimentar-mas-de-160-cuadras-en-distintos-puntos-de-la-ciudad\/"},"author":{"name":"Contenidos El Regional","@id":"http:\/\/elregionalvm.com.ar\/noticias-villa-maria\/#\/schema\/person\/a0fb9c422317faca23d50163151bc354"},"headline":"Ya se lograron pavimentar m\u00e1s de 160 cuadras en distintos puntos de la ciudad","datePublished":"2026-03-11T02:43:52+00:00","dateModified":"2026-03-11T02:43:55+00:00","mainEntityOfPage":{"@id":"https:\/\/elregionalvm.com.ar\/noticias-villa-maria\/ya-se-lograron-pavimentar-mas-de-160-cuadras-en-distintos-puntos-de-la-ciudad\/"},"wordCount":363,"commentCount":0,"image":{"@id":"https:\/\/elregionalvm.com.ar\/noticias-villa-maria\/ya-se-lograron-pavimentar-mas-de-160-cuadras-en-distintos-puntos-de-la-ciudad\/#primaryimage"},"thumbnailUrl":"https:\/\/i0.wp.com\/elregionalvm.com.ar\/noticias-villa-maria\/wp-content\/uploads\/2026\/03\/cbd64e4433b3450da91c1c9892307e54.jpeg?fit=800%2C600&ssl=1","articleSection":["destacado","Sociedad","Villa Mar\u00eda"],"inLanguage":"es","potentialAction":[{"@type":"CommentAction","name":"Comment","target":["https:\/\/elregionalvm.com.ar\/noticias-villa-maria\/ya-se-lograron-pavimentar-mas-de-160-cuadras-en-distintos-puntos-de-la-ciudad\/#respond"]}]},{"@type":"WebPage","@id":"https:\/\/elregionalvm.com.ar\/noticias-villa-maria\/ya-se-lograron-pavimentar-mas-de-160-cuadras-en-distintos-puntos-de-la-ciudad\/","url":"https:\/\/elregionalvm.com.ar\/noticias-villa-maria\/ya-se-lograron-pavimentar-mas-de-160-cuadras-en-distintos-puntos-de-la-ciudad\/","name":"Ya se lograron pavimentar m\u00e1s de 160 cuadras en distintos puntos de la ciudad - El Regional","isPartOf":{"@id":"http:\/\/elregionalvm.com.ar\/noticias-villa-maria\/#website"},"primaryImageOfPage":{"@id":"https:\/\/elregionalvm.com.ar\/noticias-villa-maria\/ya-se-lograron-pavimentar-mas-de-160-cuadras-en-distintos-puntos-de-la-ciudad\/#primaryimage"},"image":{"@id":"https:\/\/elregionalvm.com.ar\/noticias-villa-maria\/ya-se-lograron-pavimentar-mas-de-160-cuadras-en-distintos-puntos-de-la-ciudad\/#primaryimage"},"thumbnailUrl":"https:\/\/i0.wp.com\/elregionalvm.com.ar\/noticias-villa-maria\/wp-content\/uploads\/2026\/03\/cbd64e4433b3450da91c1c9892307e54.jpeg?fit=800%2C600&ssl=1","datePublished":"2026-03-11T02:43:52+00:00","dateModified":"2026-03-11T02:43:55+00:00","author":{"@id":"http:\/\/elregionalvm.com.ar\/noticias-villa-maria\/#\/schema\/person\/a0fb9c422317faca23d50163151bc354"},"breadcrumb":{"@id":"https:\/\/elregionalvm.com.ar\/noticias-villa-maria\/ya-se-lograron-pavimentar-mas-de-160-cuadras-en-distintos-puntos-de-la-ciudad\/#breadcrumb"},"inLanguage":"es","potentialAction":[{"@type":"ReadAction","target":["https:\/\/elregionalvm.com.ar\/noticias-villa-maria\/ya-se-lograron-pavimentar-mas-de-160-cuadras-en-distintos-puntos-de-la-ciudad\/"]}]},{"@type":"ImageObject","inLanguage":"es","@id":"https:\/\/elregionalvm.com.ar\/noticias-villa-maria\/ya-se-lograron-pavimentar-mas-de-160-cuadras-en-distintos-puntos-de-la-ciudad\/#primaryimage","url":"https:\/\/i0.wp.com\/elregionalvm.com.ar\/noticias-villa-maria\/wp-content\/uploads\/2026\/03\/cbd64e4433b3450da91c1c9892307e54.jpeg?fit=800%2C600&ssl=1","contentUrl":"https:\/\/i0.wp.com\/elregionalvm.com.ar\/noticias-villa-maria\/wp-content\/uploads\/2026\/03\/cbd64e4433b3450da91c1c9892307e54.jpeg?fit=800%2C600&ssl=1","width":800,"height":600},{"@type":"BreadcrumbList","@id":"https:\/\/elregionalvm.com.ar\/noticias-villa-maria\/ya-se-lograron-pavimentar-mas-de-160-cuadras-en-distintos-puntos-de-la-ciudad\/#breadcrumb","itemListElement":[{"@type":"ListItem","position":1,"name":"Portada","item":"https:\/\/elregionalvm.com.ar\/noticias-villa-maria\/"},{"@type":"ListItem","position":2,"name":"Ya se lograron pavimentar m\u00e1s de 160 cuadras en distintos puntos de la ciudad"}]},{"@type":"WebSite","@id":"http:\/\/elregionalvm.com.ar\/noticias-villa-maria\/#website","url":"http:\/\/elregionalvm.com.ar\/noticias-villa-maria\/","name":"El Regional","description":"Mucho m\u00e1s que informaci\u00f3n","potentialAction":[{"@type":"SearchAction","target":{"@type":"EntryPoint","urlTemplate":"http:\/\/elregionalvm.com.ar\/noticias-villa-maria\/?s={search_term_string}"},"query-input":{"@type":"PropertyValueSpecification","valueRequired":true,"valueName":"search_term_string"}}],"inLanguage":"es"},{"@type":"Person","@id":"http:\/\/elregionalvm.com.ar\/noticias-villa-maria\/#\/schema\/person\/a0fb9c422317faca23d50163151bc354","name":"Contenidos El Regional","image":{"@type":"ImageObject","inLanguage":"es","@id":"http:\/\/elregionalvm.com.ar\/noticias-villa-maria\/#\/schema\/person\/image\/","url":"https:\/\/secure.gravatar.com\/avatar\/265b27cb2209af7bb3a1318f03305787d7981a5cc6e6cd08fe5a4ecdf99d4b48?s=96&d=mm&r=g","contentUrl":"https:\/\/secure.gravatar.com\/avatar\/265b27cb2209af7bb3a1318f03305787d7981a5cc6e6cd08fe5a4ecdf99d4b48?s=96&d=mm&r=g","caption":"Contenidos El Regional"},"url":"https:\/\/elregionalvm.com.ar\/noticias-villa-maria\/author\/contenido\/"}]}},"jetpack_featured_media_url":"https:\/\/i0.wp.com\/elregionalvm.com.ar\/noticias-villa-maria\/wp-content\/uploads\/2026\/03\/cbd64e4433b3450da91c1c9892307e54.jpeg?fit=800%2C600&ssl=1","jetpack_sharing_enabled":true,"_links":{"self":[{"href":"https:\/\/elregionalvm.com.ar\/noticias-villa-maria\/wp-json\/wp\/v2\/posts\/114570","targetHints":{"allow":["GET"]}}],"collection":[{"href":"https:\/\/elregionalvm.com.ar\/noticias-villa-maria\/wp-json\/wp\/v2\/posts"}],"about":[{"href":"https:\/\/elregionalvm.com.ar\/noticias-villa-maria\/wp-json\/wp\/v2\/types\/post"}],"author":[{"embeddable":true,"href":"https:\/\/elregionalvm.com.ar\/noticias-villa-maria\/wp-json\/wp\/v2\/users\/4"}],"replies":[{"embeddable":true,"href":"https:\/\/elregionalvm.com.ar\/noticias-villa-maria\/wp-json\/wp\/v2\/comments?post=114570"}],"version-history":[{"count":1,"href":"https:\/\/elregionalvm.com.ar\/noticias-villa-maria\/wp-json\/wp\/v2\/posts\/114570\/revisions"}],"predecessor-version":[{"id":114572,"href":"https:\/\/elregionalvm.com.ar\/noticias-villa-maria\/wp-json\/wp\/v2\/posts\/114570\/revisions\/114572"}],"wp:featuredmedia":[{"embeddable":true,"href":"https:\/\/elregionalvm.com.ar\/noticias-villa-maria\/wp-json\/wp\/v2\/media\/114571"}],"wp:attachment":[{"href":"https:\/\/elregionalvm.com.ar\/noticias-villa-maria\/wp-json\/wp\/v2\/media?parent=114570"}],"wp:term":[{"taxonomy":"category","embeddable":true,"href":"https:\/\/elregionalvm.com.ar\/noticias-villa-maria\/wp-json\/wp\/v2\/categories?post=114570"},{"taxonomy":"post_tag","embeddable":true,"href":"https:\/\/elregionalvm.com.ar\/noticias-villa-maria\/wp-json\/wp\/v2\/tags?post=114570"}],"curies":[{"name":"wp","href":"https:\/\/api.w.org\/{rel}","templated":true}]}}