{"id":114580,"date":"2026-03-11T03:12:18","date_gmt":"2026-03-11T03:12:18","guid":{"rendered":"https:\/\/elregionalvm.com.ar\/noticias-villa-maria\/?p=114580"},"modified":"2026-03-11T03:12:20","modified_gmt":"2026-03-11T03:12:20","slug":"se-extendio-hasta-el-martes-31-de-marzo-el-plazo-para-acceder-a-importantes-beneficios-por-el-pago-anual-de-tasas-con-rebajas-hasta-el-30","status":"publish","type":"post","link":"https:\/\/elregionalvm.com.ar\/noticias-villa-maria\/se-extendio-hasta-el-martes-31-de-marzo-el-plazo-para-acceder-a-importantes-beneficios-por-el-pago-anual-de-tasas-con-rebajas-hasta-el-30\/","title":{"rendered":"Se extendi\u00f3 hasta el martes 31 de marzo el plazo para acceder a importantes beneficios por el pago anual de tasas, con rebajas hasta el 30%"},"content":{"rendered":"\n<p>Se extendi\u00f3 hasta el martes 31 de marzo el plazo para acceder a importantes beneficios por el pago anual de tasas, con rebajas que pueden alcanzar hasta el 30%.<\/p>\n\n\n\n<p>El esquema contempla un 20% de bonificaci\u00f3n por abonar el a\u00f1o completo en un solo pago y un 10% adicional destinado a contribuyentes cumplidores que mantengan su situaci\u00f3n tributaria al d\u00eda.<\/p>\n\n\n\n<p>Las reducciones se aplican a la Tasa de Servicios a la Propiedad y a la Contribuci\u00f3n sobre Rodados, tanto para autom\u00f3viles como para motocicletas.<\/p>\n\n\n\n<p>En la misma l\u00ednea, se recuerda que ya no se distribuyen cedulones impresos, ya que las boletas fueron remitidas por correo electr\u00f3nico y tambi\u00e9n pueden descargarse desde la plataforma ViDi, en la secci\u00f3n Tributos, a trav\u00e9s del sitio oficial&nbsp;<a href=\"https:\/\/www.villamaria.gob.ar\/\">www.villamaria.gob.ar<\/a>.&nbsp;<\/p>\n\n\n\n<p>Asimismo, quienes requieran acompa\u00f1amiento pueden acercarse tanto al edificio municipal como al MuniCerca m\u00e1s cercano a su domicilio para recibir asesoramiento y asistencia en la gesti\u00f3n.<\/p>\n\n\n\n<p>En cuanto a las modalidades de pago, contin\u00faan vigentes promociones con entidades bancarias que permiten financiar el monto anual con tarjeta de cr\u00e9dito:<\/p>\n\n\n\n<p>* Tarjeta Cordobesa: hasta 6 cuotas sin inter\u00e9s.<br>* Banco Macro: hasta 3 cuotas.<\/p>\n\n\n\n<p>De esta manera, los vecinos cuentan con m\u00e1s tiempo para acceder a la bonificaci\u00f3n vigente y, al mismo tiempo, optar por el pago en cuotas manteniendo el beneficio.<\/p>\n","protected":false},"excerpt":{"rendered":"<p>Se extendi\u00f3 hasta el martes 31 de marzo el plazo para acceder a importantes beneficios por el pago anual de tasas, con rebajas que pueden alcanzar hasta el 30%. El esquema contempla un 20% de bonificaci\u00f3n por abonar el a\u00f1o completo en un solo pago y un 10% adicional destinado a contribuyentes cumplidores que mantengan [&hellip;]<\/p>\n","protected":false},"author":4,"featured_media":114581,"comment_status":"open","ping_status":"open","sticky":false,"template":"","format":"standard","meta":{"site-sidebar-layout":"default","site-content-layout":"","ast-site-content-layout":"default","site-content-style":"default","site-sidebar-style":"default","ast-global-header-display":"","ast-banner-title-visibility":"","ast-main-header-display":"","ast-hfb-above-header-display":"","ast-hfb-below-header-display":"","ast-hfb-mobile-header-display":"","site-post-title":"","ast-breadcrumbs-content":"","ast-featured-img":"","footer-sml-layout":"","ast-disable-related-posts":"","theme-transparent-header-meta":"","adv-header-id-meta":"","stick-header-meta":"","header-above-stick-meta":"","header-main-stick-meta":"","header-below-stick-meta":"","astra-migrate-meta-layouts":"set","ast-page-background-enabled":"default","ast-page-background-meta":{"desktop":{"background-color":"","background-image":"","background-repeat":"repeat","background-position":"center center","background-size":"auto","background-attachment":"scroll","background-type":"","background-media":"","overlay-type":"","overlay-color":"","overlay-opacity":"","overlay-gradient":""},"tablet":{"background-color":"","background-image":"","background-repeat":"repeat","background-position":"center center","background-size":"auto","background-attachment":"scroll","background-type":"","background-media":"","overlay-type":"","overlay-color":"","overlay-opacity":"","overlay-gradient":""},"mobile":{"background-color":"","background-image":"","background-repeat":"repeat","background-position":"center center","background-size":"auto","background-attachment":"scroll","background-type":"","background-media":"","overlay-type":"","overlay-color":"","overlay-opacity":"","overlay-gradient":""}},"ast-content-background-meta":{"desktop":{"background-color":"var(--ast-global-color-5)","background-image":"","background-repeat":"repeat","background-position":"center center","background-size":"auto","background-attachment":"scroll","background-type":"","background-media":"","overlay-type":"","overlay-color":"","overlay-opacity":"","overlay-gradient":""},"tablet":{"background-color":"var(--ast-global-color-5)","background-image":"","background-repeat":"repeat","background-position":"center center","background-size":"auto","background-attachment":"scroll","background-type":"","background-media":"","overlay-type":"","overlay-color":"","overlay-opacity":"","overlay-gradient":""},"mobile":{"background-color":"var(--ast-global-color-5)","background-image":"","background-repeat":"repeat","background-position":"center center","background-size":"auto","background-attachment":"scroll","background-type":"","background-media":"","overlay-type":"","overlay-color":"","overlay-opacity":"","overlay-gradient":""}},"_jetpack_memberships_contains_paid_content":false,"_joinchat":[],"footnotes":""},"categories":[15302,5,2],"tags":[],"class_list":["post-114580","post","type-post","status-publish","format-standard","has-post-thumbnail","hentry","category-destacado","category-sociedad","category-villa-maria"],"yoast_head":"<!-- This site is optimized with the Yoast SEO plugin v26.8 - https:\/\/yoast.com\/product\/yoast-seo-wordpress\/ -->\n<title>Se extendi\u00f3 hasta el martes 31 de marzo el plazo para acceder a importantes beneficios por el pago anual de tasas, con rebajas hasta el 30% - El Regional<\/title>\n<meta name=\"robots\" content=\"index, follow, max-snippet:-1, max-image-preview:large, max-video-preview:-1\" \/>\n<link rel=\"canonical\" href=\"https:\/\/elregionalvm.com.ar\/noticias-villa-maria\/se-extendio-hasta-el-martes-31-de-marzo-el-plazo-para-acceder-a-importantes-beneficios-por-el-pago-anual-de-tasas-con-rebajas-hasta-el-30\/\" \/>\n<meta property=\"og:locale\" content=\"es_ES\" \/>\n<meta property=\"og:type\" content=\"article\" \/>\n<meta property=\"og:title\" content=\"Se extendi\u00f3 hasta el martes 31 de marzo el plazo para acceder a importantes beneficios por el pago anual de tasas, con rebajas hasta el 30% - El Regional\" \/>\n<meta property=\"og:description\" content=\"Se extendi\u00f3 hasta el martes 31 de marzo el plazo para acceder a importantes beneficios por el pago anual de tasas, con rebajas que pueden alcanzar hasta el 30%. El esquema contempla un 20% de bonificaci\u00f3n por abonar el a\u00f1o completo en un solo pago y un 10% adicional destinado a contribuyentes cumplidores que mantengan [&hellip;]\" \/>\n<meta property=\"og:url\" content=\"https:\/\/elregionalvm.com.ar\/noticias-villa-maria\/se-extendio-hasta-el-martes-31-de-marzo-el-plazo-para-acceder-a-importantes-beneficios-por-el-pago-anual-de-tasas-con-rebajas-hasta-el-30\/\" \/>\n<meta property=\"og:site_name\" content=\"El Regional\" \/>\n<meta property=\"article:publisher\" content=\"https:\/\/www.facebook.com\/elregionalvm\" \/>\n<meta property=\"article:published_time\" content=\"2026-03-11T03:12:18+00:00\" \/>\n<meta property=\"article:modified_time\" content=\"2026-03-11T03:12:20+00:00\" \/>\n<meta property=\"og:image\" content=\"https:\/\/elregionalvm.com.ar\/noticias-villa-maria\/wp-content\/uploads\/2026\/03\/e499331c6e72494d8e58087fcba78b82.jpeg\" \/>\n\t<meta property=\"og:image:width\" content=\"800\" \/>\n\t<meta property=\"og:image:height\" content=\"600\" \/>\n\t<meta property=\"og:image:type\" content=\"image\/jpeg\" \/>\n<meta name=\"author\" content=\"Contenidos El Regional\" \/>\n<meta name=\"twitter:card\" content=\"summary_large_image\" \/>\n<meta name=\"twitter:creator\" content=\"@elregionalvm1\" \/>\n<meta name=\"twitter:site\" content=\"@elregionalvm1\" \/>\n<meta name=\"twitter:label1\" content=\"Escrito por\" \/>\n\t<meta name=\"twitter:data1\" content=\"Contenidos El Regional\" \/>\n\t<meta name=\"twitter:label2\" content=\"Tiempo de lectura\" \/>\n\t<meta name=\"twitter:data2\" content=\"2 minutos\" \/>\n<script type=\"application\/ld+json\" class=\"yoast-schema-graph\">{\"@context\":\"https:\/\/schema.org\",\"@graph\":[{\"@type\":\"Article\",\"@id\":\"https:\/\/elregionalvm.com.ar\/noticias-villa-maria\/se-extendio-hasta-el-martes-31-de-marzo-el-plazo-para-acceder-a-importantes-beneficios-por-el-pago-anual-de-tasas-con-rebajas-hasta-el-30\/#article\",\"isPartOf\":{\"@id\":\"https:\/\/elregionalvm.com.ar\/noticias-villa-maria\/se-extendio-hasta-el-martes-31-de-marzo-el-plazo-para-acceder-a-importantes-beneficios-por-el-pago-anual-de-tasas-con-rebajas-hasta-el-30\/\"},\"author\":{\"name\":\"Contenidos El Regional\",\"@id\":\"http:\/\/elregionalvm.com.ar\/noticias-villa-maria\/#\/schema\/person\/a0fb9c422317faca23d50163151bc354\"},\"headline\":\"Se extendi\u00f3 hasta el martes 31 de marzo el plazo para acceder a importantes beneficios por el pago anual de tasas, con rebajas hasta el 30%\",\"datePublished\":\"2026-03-11T03:12:18+00:00\",\"dateModified\":\"2026-03-11T03:12:20+00:00\",\"mainEntityOfPage\":{\"@id\":\"https:\/\/elregionalvm.com.ar\/noticias-villa-maria\/se-extendio-hasta-el-martes-31-de-marzo-el-plazo-para-acceder-a-importantes-beneficios-por-el-pago-anual-de-tasas-con-rebajas-hasta-el-30\/\"},\"wordCount\":255,\"commentCount\":0,\"image\":{\"@id\":\"https:\/\/elregionalvm.com.ar\/noticias-villa-maria\/se-extendio-hasta-el-martes-31-de-marzo-el-plazo-para-acceder-a-importantes-beneficios-por-el-pago-anual-de-tasas-con-rebajas-hasta-el-30\/#primaryimage\"},\"thumbnailUrl\":\"https:\/\/i0.wp.com\/elregionalvm.com.ar\/noticias-villa-maria\/wp-content\/uploads\/2026\/03\/e499331c6e72494d8e58087fcba78b82.jpeg?fit=800%2C600&ssl=1\",\"articleSection\":[\"destacado\",\"Sociedad\",\"Villa Mar\u00eda\"],\"inLanguage\":\"es\",\"potentialAction\":[{\"@type\":\"CommentAction\",\"name\":\"Comment\",\"target\":[\"https:\/\/elregionalvm.com.ar\/noticias-villa-maria\/se-extendio-hasta-el-martes-31-de-marzo-el-plazo-para-acceder-a-importantes-beneficios-por-el-pago-anual-de-tasas-con-rebajas-hasta-el-30\/#respond\"]}]},{\"@type\":\"WebPage\",\"@id\":\"https:\/\/elregionalvm.com.ar\/noticias-villa-maria\/se-extendio-hasta-el-martes-31-de-marzo-el-plazo-para-acceder-a-importantes-beneficios-por-el-pago-anual-de-tasas-con-rebajas-hasta-el-30\/\",\"url\":\"https:\/\/elregionalvm.com.ar\/noticias-villa-maria\/se-extendio-hasta-el-martes-31-de-marzo-el-plazo-para-acceder-a-importantes-beneficios-por-el-pago-anual-de-tasas-con-rebajas-hasta-el-30\/\",\"name\":\"Se extendi\u00f3 hasta el martes 31 de marzo el plazo para acceder a importantes beneficios por el pago anual de tasas, con rebajas hasta el 30% - El Regional\",\"isPartOf\":{\"@id\":\"http:\/\/elregionalvm.com.ar\/noticias-villa-maria\/#website\"},\"primaryImageOfPage\":{\"@id\":\"https:\/\/elregionalvm.com.ar\/noticias-villa-maria\/se-extendio-hasta-el-martes-31-de-marzo-el-plazo-para-acceder-a-importantes-beneficios-por-el-pago-anual-de-tasas-con-rebajas-hasta-el-30\/#primaryimage\"},\"image\":{\"@id\":\"https:\/\/elregionalvm.com.ar\/noticias-villa-maria\/se-extendio-hasta-el-martes-31-de-marzo-el-plazo-para-acceder-a-importantes-beneficios-por-el-pago-anual-de-tasas-con-rebajas-hasta-el-30\/#primaryimage\"},\"thumbnailUrl\":\"https:\/\/i0.wp.com\/elregionalvm.com.ar\/noticias-villa-maria\/wp-content\/uploads\/2026\/03\/e499331c6e72494d8e58087fcba78b82.jpeg?fit=800%2C600&ssl=1\",\"datePublished\":\"2026-03-11T03:12:18+00:00\",\"dateModified\":\"2026-03-11T03:12:20+00:00\",\"author\":{\"@id\":\"http:\/\/elregionalvm.com.ar\/noticias-villa-maria\/#\/schema\/person\/a0fb9c422317faca23d50163151bc354\"},\"breadcrumb\":{\"@id\":\"https:\/\/elregionalvm.com.ar\/noticias-villa-maria\/se-extendio-hasta-el-martes-31-de-marzo-el-plazo-para-acceder-a-importantes-beneficios-por-el-pago-anual-de-tasas-con-rebajas-hasta-el-30\/#breadcrumb\"},\"inLanguage\":\"es\",\"potentialAction\":[{\"@type\":\"ReadAction\",\"target\":[\"https:\/\/elregionalvm.com.ar\/noticias-villa-maria\/se-extendio-hasta-el-martes-31-de-marzo-el-plazo-para-acceder-a-importantes-beneficios-por-el-pago-anual-de-tasas-con-rebajas-hasta-el-30\/\"]}]},{\"@type\":\"ImageObject\",\"inLanguage\":\"es\",\"@id\":\"https:\/\/elregionalvm.com.ar\/noticias-villa-maria\/se-extendio-hasta-el-martes-31-de-marzo-el-plazo-para-acceder-a-importantes-beneficios-por-el-pago-anual-de-tasas-con-rebajas-hasta-el-30\/#primaryimage\",\"url\":\"https:\/\/i0.wp.com\/elregionalvm.com.ar\/noticias-villa-maria\/wp-content\/uploads\/2026\/03\/e499331c6e72494d8e58087fcba78b82.jpeg?fit=800%2C600&ssl=1\",\"contentUrl\":\"https:\/\/i0.wp.com\/elregionalvm.com.ar\/noticias-villa-maria\/wp-content\/uploads\/2026\/03\/e499331c6e72494d8e58087fcba78b82.jpeg?fit=800%2C600&ssl=1\",\"width\":800,\"height\":600},{\"@type\":\"BreadcrumbList\",\"@id\":\"https:\/\/elregionalvm.com.ar\/noticias-villa-maria\/se-extendio-hasta-el-martes-31-de-marzo-el-plazo-para-acceder-a-importantes-beneficios-por-el-pago-anual-de-tasas-con-rebajas-hasta-el-30\/#breadcrumb\",\"itemListElement\":[{\"@type\":\"ListItem\",\"position\":1,\"name\":\"Portada\",\"item\":\"https:\/\/elregionalvm.com.ar\/noticias-villa-maria\/\"},{\"@type\":\"ListItem\",\"position\":2,\"name\":\"Se extendi\u00f3 hasta el martes 31 de marzo el plazo para acceder a importantes beneficios por el pago anual de tasas, con rebajas hasta el 30%\"}]},{\"@type\":\"WebSite\",\"@id\":\"http:\/\/elregionalvm.com.ar\/noticias-villa-maria\/#website\",\"url\":\"http:\/\/elregionalvm.com.ar\/noticias-villa-maria\/\",\"name\":\"El Regional\",\"description\":\"Mucho m\u00e1s que informaci\u00f3n\",\"potentialAction\":[{\"@type\":\"SearchAction\",\"target\":{\"@type\":\"EntryPoint\",\"urlTemplate\":\"http:\/\/elregionalvm.com.ar\/noticias-villa-maria\/?s={search_term_string}\"},\"query-input\":{\"@type\":\"PropertyValueSpecification\",\"valueRequired\":true,\"valueName\":\"search_term_string\"}}],\"inLanguage\":\"es\"},{\"@type\":\"Person\",\"@id\":\"http:\/\/elregionalvm.com.ar\/noticias-villa-maria\/#\/schema\/person\/a0fb9c422317faca23d50163151bc354\",\"name\":\"Contenidos El Regional\",\"image\":{\"@type\":\"ImageObject\",\"inLanguage\":\"es\",\"@id\":\"http:\/\/elregionalvm.com.ar\/noticias-villa-maria\/#\/schema\/person\/image\/\",\"url\":\"https:\/\/secure.gravatar.com\/avatar\/265b27cb2209af7bb3a1318f03305787d7981a5cc6e6cd08fe5a4ecdf99d4b48?s=96&d=mm&r=g\",\"contentUrl\":\"https:\/\/secure.gravatar.com\/avatar\/265b27cb2209af7bb3a1318f03305787d7981a5cc6e6cd08fe5a4ecdf99d4b48?s=96&d=mm&r=g\",\"caption\":\"Contenidos El Regional\"},\"url\":\"https:\/\/elregionalvm.com.ar\/noticias-villa-maria\/author\/contenido\/\"}]}<\/script>\n<!-- \/ Yoast SEO plugin. -->","yoast_head_json":{"title":"Se extendi\u00f3 hasta el martes 31 de marzo el plazo para acceder a importantes beneficios por el pago anual de tasas, con rebajas hasta el 30% - El Regional","robots":{"index":"index","follow":"follow","max-snippet":"max-snippet:-1","max-image-preview":"max-image-preview:large","max-video-preview":"max-video-preview:-1"},"canonical":"https:\/\/elregionalvm.com.ar\/noticias-villa-maria\/se-extendio-hasta-el-martes-31-de-marzo-el-plazo-para-acceder-a-importantes-beneficios-por-el-pago-anual-de-tasas-con-rebajas-hasta-el-30\/","og_locale":"es_ES","og_type":"article","og_title":"Se extendi\u00f3 hasta el martes 31 de marzo el plazo para acceder a importantes beneficios por el pago anual de tasas, con rebajas hasta el 30% - El Regional","og_description":"Se extendi\u00f3 hasta el martes 31 de marzo el plazo para acceder a importantes beneficios por el pago anual de tasas, con rebajas que pueden alcanzar hasta el 30%. El esquema contempla un 20% de bonificaci\u00f3n por abonar el a\u00f1o completo en un solo pago y un 10% adicional destinado a contribuyentes cumplidores que mantengan [&hellip;]","og_url":"https:\/\/elregionalvm.com.ar\/noticias-villa-maria\/se-extendio-hasta-el-martes-31-de-marzo-el-plazo-para-acceder-a-importantes-beneficios-por-el-pago-anual-de-tasas-con-rebajas-hasta-el-30\/","og_site_name":"El Regional","article_publisher":"https:\/\/www.facebook.com\/elregionalvm","article_published_time":"2026-03-11T03:12:18+00:00","article_modified_time":"2026-03-11T03:12:20+00:00","og_image":[{"width":800,"height":600,"url":"https:\/\/elregionalvm.com.ar\/noticias-villa-maria\/wp-content\/uploads\/2026\/03\/e499331c6e72494d8e58087fcba78b82.jpeg","type":"image\/jpeg"}],"author":"Contenidos El Regional","twitter_card":"summary_large_image","twitter_creator":"@elregionalvm1","twitter_site":"@elregionalvm1","twitter_misc":{"Escrito por":"Contenidos El Regional","Tiempo de lectura":"2 minutos"},"schema":{"@context":"https:\/\/schema.org","@graph":[{"@type":"Article","@id":"https:\/\/elregionalvm.com.ar\/noticias-villa-maria\/se-extendio-hasta-el-martes-31-de-marzo-el-plazo-para-acceder-a-importantes-beneficios-por-el-pago-anual-de-tasas-con-rebajas-hasta-el-30\/#article","isPartOf":{"@id":"https:\/\/elregionalvm.com.ar\/noticias-villa-maria\/se-extendio-hasta-el-martes-31-de-marzo-el-plazo-para-acceder-a-importantes-beneficios-por-el-pago-anual-de-tasas-con-rebajas-hasta-el-30\/"},"author":{"name":"Contenidos El Regional","@id":"http:\/\/elregionalvm.com.ar\/noticias-villa-maria\/#\/schema\/person\/a0fb9c422317faca23d50163151bc354"},"headline":"Se extendi\u00f3 hasta el martes 31 de marzo el plazo para acceder a importantes beneficios por el pago anual de tasas, con rebajas hasta el 30%","datePublished":"2026-03-11T03:12:18+00:00","dateModified":"2026-03-11T03:12:20+00:00","mainEntityOfPage":{"@id":"https:\/\/elregionalvm.com.ar\/noticias-villa-maria\/se-extendio-hasta-el-martes-31-de-marzo-el-plazo-para-acceder-a-importantes-beneficios-por-el-pago-anual-de-tasas-con-rebajas-hasta-el-30\/"},"wordCount":255,"commentCount":0,"image":{"@id":"https:\/\/elregionalvm.com.ar\/noticias-villa-maria\/se-extendio-hasta-el-martes-31-de-marzo-el-plazo-para-acceder-a-importantes-beneficios-por-el-pago-anual-de-tasas-con-rebajas-hasta-el-30\/#primaryimage"},"thumbnailUrl":"https:\/\/i0.wp.com\/elregionalvm.com.ar\/noticias-villa-maria\/wp-content\/uploads\/2026\/03\/e499331c6e72494d8e58087fcba78b82.jpeg?fit=800%2C600&ssl=1","articleSection":["destacado","Sociedad","Villa Mar\u00eda"],"inLanguage":"es","potentialAction":[{"@type":"CommentAction","name":"Comment","target":["https:\/\/elregionalvm.com.ar\/noticias-villa-maria\/se-extendio-hasta-el-martes-31-de-marzo-el-plazo-para-acceder-a-importantes-beneficios-por-el-pago-anual-de-tasas-con-rebajas-hasta-el-30\/#respond"]}]},{"@type":"WebPage","@id":"https:\/\/elregionalvm.com.ar\/noticias-villa-maria\/se-extendio-hasta-el-martes-31-de-marzo-el-plazo-para-acceder-a-importantes-beneficios-por-el-pago-anual-de-tasas-con-rebajas-hasta-el-30\/","url":"https:\/\/elregionalvm.com.ar\/noticias-villa-maria\/se-extendio-hasta-el-martes-31-de-marzo-el-plazo-para-acceder-a-importantes-beneficios-por-el-pago-anual-de-tasas-con-rebajas-hasta-el-30\/","name":"Se extendi\u00f3 hasta el martes 31 de marzo el plazo para acceder a importantes beneficios por el pago anual de tasas, con rebajas hasta el 30% - El Regional","isPartOf":{"@id":"http:\/\/elregionalvm.com.ar\/noticias-villa-maria\/#website"},"primaryImageOfPage":{"@id":"https:\/\/elregionalvm.com.ar\/noticias-villa-maria\/se-extendio-hasta-el-martes-31-de-marzo-el-plazo-para-acceder-a-importantes-beneficios-por-el-pago-anual-de-tasas-con-rebajas-hasta-el-30\/#primaryimage"},"image":{"@id":"https:\/\/elregionalvm.com.ar\/noticias-villa-maria\/se-extendio-hasta-el-martes-31-de-marzo-el-plazo-para-acceder-a-importantes-beneficios-por-el-pago-anual-de-tasas-con-rebajas-hasta-el-30\/#primaryimage"},"thumbnailUrl":"https:\/\/i0.wp.com\/elregionalvm.com.ar\/noticias-villa-maria\/wp-content\/uploads\/2026\/03\/e499331c6e72494d8e58087fcba78b82.jpeg?fit=800%2C600&ssl=1","datePublished":"2026-03-11T03:12:18+00:00","dateModified":"2026-03-11T03:12:20+00:00","author":{"@id":"http:\/\/elregionalvm.com.ar\/noticias-villa-maria\/#\/schema\/person\/a0fb9c422317faca23d50163151bc354"},"breadcrumb":{"@id":"https:\/\/elregionalvm.com.ar\/noticias-villa-maria\/se-extendio-hasta-el-martes-31-de-marzo-el-plazo-para-acceder-a-importantes-beneficios-por-el-pago-anual-de-tasas-con-rebajas-hasta-el-30\/#breadcrumb"},"inLanguage":"es","potentialAction":[{"@type":"ReadAction","target":["https:\/\/elregionalvm.com.ar\/noticias-villa-maria\/se-extendio-hasta-el-martes-31-de-marzo-el-plazo-para-acceder-a-importantes-beneficios-por-el-pago-anual-de-tasas-con-rebajas-hasta-el-30\/"]}]},{"@type":"ImageObject","inLanguage":"es","@id":"https:\/\/elregionalvm.com.ar\/noticias-villa-maria\/se-extendio-hasta-el-martes-31-de-marzo-el-plazo-para-acceder-a-importantes-beneficios-por-el-pago-anual-de-tasas-con-rebajas-hasta-el-30\/#primaryimage","url":"https:\/\/i0.wp.com\/elregionalvm.com.ar\/noticias-villa-maria\/wp-content\/uploads\/2026\/03\/e499331c6e72494d8e58087fcba78b82.jpeg?fit=800%2C600&ssl=1","contentUrl":"https:\/\/i0.wp.com\/elregionalvm.com.ar\/noticias-villa-maria\/wp-content\/uploads\/2026\/03\/e499331c6e72494d8e58087fcba78b82.jpeg?fit=800%2C600&ssl=1","width":800,"height":600},{"@type":"BreadcrumbList","@id":"https:\/\/elregionalvm.com.ar\/noticias-villa-maria\/se-extendio-hasta-el-martes-31-de-marzo-el-plazo-para-acceder-a-importantes-beneficios-por-el-pago-anual-de-tasas-con-rebajas-hasta-el-30\/#breadcrumb","itemListElement":[{"@type":"ListItem","position":1,"name":"Portada","item":"https:\/\/elregionalvm.com.ar\/noticias-villa-maria\/"},{"@type":"ListItem","position":2,"name":"Se extendi\u00f3 hasta el martes 31 de marzo el plazo para acceder a importantes beneficios por el pago anual de tasas, con rebajas hasta el 30%"}]},{"@type":"WebSite","@id":"http:\/\/elregionalvm.com.ar\/noticias-villa-maria\/#website","url":"http:\/\/elregionalvm.com.ar\/noticias-villa-maria\/","name":"El Regional","description":"Mucho m\u00e1s que informaci\u00f3n","potentialAction":[{"@type":"SearchAction","target":{"@type":"EntryPoint","urlTemplate":"http:\/\/elregionalvm.com.ar\/noticias-villa-maria\/?s={search_term_string}"},"query-input":{"@type":"PropertyValueSpecification","valueRequired":true,"valueName":"search_term_string"}}],"inLanguage":"es"},{"@type":"Person","@id":"http:\/\/elregionalvm.com.ar\/noticias-villa-maria\/#\/schema\/person\/a0fb9c422317faca23d50163151bc354","name":"Contenidos El Regional","image":{"@type":"ImageObject","inLanguage":"es","@id":"http:\/\/elregionalvm.com.ar\/noticias-villa-maria\/#\/schema\/person\/image\/","url":"https:\/\/secure.gravatar.com\/avatar\/265b27cb2209af7bb3a1318f03305787d7981a5cc6e6cd08fe5a4ecdf99d4b48?s=96&d=mm&r=g","contentUrl":"https:\/\/secure.gravatar.com\/avatar\/265b27cb2209af7bb3a1318f03305787d7981a5cc6e6cd08fe5a4ecdf99d4b48?s=96&d=mm&r=g","caption":"Contenidos El Regional"},"url":"https:\/\/elregionalvm.com.ar\/noticias-villa-maria\/author\/contenido\/"}]}},"jetpack_featured_media_url":"https:\/\/i0.wp.com\/elregionalvm.com.ar\/noticias-villa-maria\/wp-content\/uploads\/2026\/03\/e499331c6e72494d8e58087fcba78b82.jpeg?fit=800%2C600&ssl=1","jetpack_sharing_enabled":true,"_links":{"self":[{"href":"https:\/\/elregionalvm.com.ar\/noticias-villa-maria\/wp-json\/wp\/v2\/posts\/114580","targetHints":{"allow":["GET"]}}],"collection":[{"href":"https:\/\/elregionalvm.com.ar\/noticias-villa-maria\/wp-json\/wp\/v2\/posts"}],"about":[{"href":"https:\/\/elregionalvm.com.ar\/noticias-villa-maria\/wp-json\/wp\/v2\/types\/post"}],"author":[{"embeddable":true,"href":"https:\/\/elregionalvm.com.ar\/noticias-villa-maria\/wp-json\/wp\/v2\/users\/4"}],"replies":[{"embeddable":true,"href":"https:\/\/elregionalvm.com.ar\/noticias-villa-maria\/wp-json\/wp\/v2\/comments?post=114580"}],"version-history":[{"count":1,"href":"https:\/\/elregionalvm.com.ar\/noticias-villa-maria\/wp-json\/wp\/v2\/posts\/114580\/revisions"}],"predecessor-version":[{"id":114582,"href":"https:\/\/elregionalvm.com.ar\/noticias-villa-maria\/wp-json\/wp\/v2\/posts\/114580\/revisions\/114582"}],"wp:featuredmedia":[{"embeddable":true,"href":"https:\/\/elregionalvm.com.ar\/noticias-villa-maria\/wp-json\/wp\/v2\/media\/114581"}],"wp:attachment":[{"href":"https:\/\/elregionalvm.com.ar\/noticias-villa-maria\/wp-json\/wp\/v2\/media?parent=114580"}],"wp:term":[{"taxonomy":"category","embeddable":true,"href":"https:\/\/elregionalvm.com.ar\/noticias-villa-maria\/wp-json\/wp\/v2\/categories?post=114580"},{"taxonomy":"post_tag","embeddable":true,"href":"https:\/\/elregionalvm.com.ar\/noticias-villa-maria\/wp-json\/wp\/v2\/tags?post=114580"}],"curies":[{"name":"wp","href":"https:\/\/api.w.org\/{rel}","templated":true}]}}