{"id":114628,"date":"2026-03-13T03:10:43","date_gmt":"2026-03-13T03:10:43","guid":{"rendered":"https:\/\/elregionalvm.com.ar\/noticias-villa-maria\/?p=114628"},"modified":"2026-03-13T03:10:46","modified_gmt":"2026-03-13T03:10:46","slug":"balance-negativo-en-el-mercado-inmobiliario-en-cordoba-las-operaciones-de-compra-venta-cayeron-186-interanual","status":"publish","type":"post","link":"https:\/\/elregionalvm.com.ar\/noticias-villa-maria\/balance-negativo-en-el-mercado-inmobiliario-en-cordoba-las-operaciones-de-compra-venta-cayeron-186-interanual\/","title":{"rendered":"Balance negativo en el mercado inmobiliario en C\u00f3rdoba: Las operaciones de compra-venta cayeron 18,6% interanual"},"content":{"rendered":"\n<p>Seg\u00fan el \u00faltimo Monitor de Actividad Inmobiliaria del Colegio de Inmobiliarios, las operaciones de compra-venta cayeron 18,6% interanual. El sector advierte que las dificultades de acceso a la vivienda y la falta de cr\u00e9dito siguen condicionando al mercado.<\/p>\n\n\n\n<p>El mercado inmobiliario de C\u00f3rdoba mostr\u00f3 se\u00f1ales de menor dinamismo durante&nbsp;<strong>febrero de 2026<\/strong>.<\/p>\n\n\n\n<p>Seg\u00fan el \u00faltimo&nbsp;<strong>Monitor de Actividad Inmobiliaria<\/strong>&nbsp;elaborado por el Centro de Estad\u00edsticas Inmobiliarias (CEI) del Colegio Profesional de Inmobiliarios de C\u00f3rdoba, las operaciones de compra-venta registraron una&nbsp;<strong>ca\u00edda interanual del 18,6%<\/strong>, reflejando una desaceleraci\u00f3n en la actividad del sector.<\/p>\n\n\n\n<p>El informe tambi\u00e9n detecta una reducci\u00f3n en la cantidad de contratos de alquiler registrados respecto del a\u00f1o anterior, un indicador que confirma un escenario de menor movimiento dentro del mercado inmobiliario.<\/p>\n\n\n\n<p>Desde el sector advierten que este contexto est\u00e1 directamente vinculado con las&nbsp;<strong>dificultades de acceso a la vivienda<\/strong>, tanto para alquilar como para comprar.<\/p>\n\n\n\n<p>\u201cLos datos muestran que el mercado inmobiliario atraviesa un momento de menor actividad. Las operaciones de compra-venta cayeron cerca de un 20% en el \u00faltimo a\u00f1o y eso refleja que hoy acceder a una vivienda sigue siendo un desaf\u00edo para muchas familias\u201d, se\u00f1al\u00f3&nbsp;<strong>Lucas Pendola<\/strong>, presidente del Colegio Profesional de Inmobiliarios de C\u00f3rdoba.<\/p>\n\n\n\n<h3 class=\"wp-block-heading\">M\u00e1s oferta de alquileres, pero con fuerte demanda<\/h3>\n\n\n\n<p>A pesar de la ca\u00edda en la actividad general, algunos indicadores muestran se\u00f1ales de reacomodamiento en el mercado de alquileres.<\/p>\n\n\n\n<p>Durante&nbsp;<strong>febrero de 2026<\/strong>, la cantidad de inmuebles habitacionales disponibles para alquilar fue&nbsp;<strong>85,9% superior al promedio registrado entre septiembre y diciembre de 2023<\/strong>, superando incluso el stock existente antes de la entrada en vigencia de la anterior Ley de Alquileres.<\/p>\n\n\n\n<p>Sin embargo, la disponibilidad sigue siendo limitada frente a la demanda habitacional.<\/p>\n\n\n\n<p>El informe indica que en febrero&nbsp;<strong>solo el 3,6% de las viviendas administradas por inmobiliarias se encontraban desocupadas<\/strong>, lo que evidencia que la presi\u00f3n sobre el mercado residencial contin\u00faa siendo elevada.<\/p>\n\n\n\n<p>En el caso de los inmuebles comerciales, la vacancia se ubic\u00f3 en&nbsp;<strong>8,7%<\/strong>, un nivel menor al registrado el mes anterior.<\/p>\n\n\n\n<h2 class=\"wp-block-heading\">Morosidad baja entre los inquilinos<\/h2>\n\n\n\n<p>El relevamiento tambi\u00e9n muestra un comportamiento relativamente estable en el cumplimiento de los pagos dentro del mercado formal.<\/p>\n\n\n\n<p>Seg\u00fan el informe:<\/p>\n\n\n\n<ul class=\"wp-block-list\">\n<li><strong>92,8% de los inquilinos pag\u00f3 el alquiler completo<\/strong><\/li>\n\n\n\n<li><strong>5,3% realiz\u00f3 un pago parcial<\/strong><\/li>\n\n\n\n<li><strong>1,9% no abon\u00f3 el alquiler<\/strong><\/li>\n<\/ul>\n\n\n\n<p>Estos valores reflejan que el nivel de morosidad sigue siendo bajo en los contratos administrados por profesionales inmobiliarios.<\/p>\n\n\n\n<h3 class=\"wp-block-heading\">Cu\u00e1nto cuesta alquilar en C\u00f3rdoba<\/h3>\n\n\n\n<p>El Monitor del CEI tambi\u00e9n relev\u00f3 los valores de alquiler publicados en los principales barrios de la ciudad al&nbsp;<strong>4 de marzo de 2026<\/strong>.<\/p>\n\n\n\n<p>En&nbsp;<strong>Nueva C\u00f3rdoba<\/strong>, los valores promedio se ubican en:<\/p>\n\n\n\n<ul class=\"wp-block-list\">\n<li><strong>$700.000<\/strong>\u00a0para departamentos de un dormitorio<\/li>\n\n\n\n<li><strong>$1.000.000<\/strong>\u00a0para dos dormitorios<\/li>\n\n\n\n<li><strong>$1.400.000<\/strong>\u00a0para tres dormitorios<\/li>\n<\/ul>\n\n\n\n<p>En el&nbsp;<strong>Centro<\/strong>, los valores promedio son:<\/p>\n\n\n\n<ul class=\"wp-block-list\">\n<li><strong>$550.000<\/strong>\u00a0para un dormitorio<\/li>\n\n\n\n<li><strong>$750.000<\/strong>\u00a0para dos dormitorios<\/li>\n\n\n\n<li><strong>$870.000<\/strong>\u00a0para tres dormitorios<\/li>\n<\/ul>\n\n\n\n<p>Mientras que en el&nbsp;<strong>primer anillo<\/strong>&nbsp;de la ciudad, los valores de referencia rondan:<\/p>\n\n\n\n<ul class=\"wp-block-list\">\n<li><strong>$500.000<\/strong>\u00a0para un dormitorio<\/li>\n\n\n\n<li><strong>$750.000<\/strong>\u00a0para dos dormitorios<\/li>\n\n\n\n<li><strong>$1.280.000<\/strong>\u00a0para tres dormitorios<\/li>\n<\/ul>\n\n\n\n<h2 class=\"wp-block-heading\">El cr\u00e9dito hipotecario, la pieza pendiente<\/h2>\n\n\n\n<p>Desde el Colegio Profesional de Inmobiliarios sostienen que la recuperaci\u00f3n del mercado depender\u00e1 en gran medida de ampliar el acceso al financiamiento para la compra de vivienda.<\/p>\n\n\n\n<p>\u201c<strong>El mercado necesita recuperar dinamismo y para eso el gran tema pendiente en la Argentina sigue siendo el cr\u00e9dito hipotecario.&nbsp;<\/strong>Sin financiamiento masivo es muy dif\u00edcil que la clase media pueda volver a comprar una vivienda\u201d, afirm\u00f3 Pendola.<\/p>\n\n\n\n<p>En ese contexto, el informe advierte que el desaf\u00edo estructural del sector sigue siendo&nbsp;<strong>generar condiciones de financiamiento que permitan transformar la fuerte demanda habitacional en operaciones concretas dentro del mercado inmobiliario<\/strong>.<\/p>\n\n\n\n<p>Gentileza: Mundo Empresa<\/p>\n","protected":false},"excerpt":{"rendered":"<p>Seg\u00fan el \u00faltimo Monitor de Actividad Inmobiliaria del Colegio de Inmobiliarios, las operaciones de compra-venta cayeron 18,6% interanual. El sector advierte que las dificultades de acceso a la vivienda y la falta de cr\u00e9dito siguen condicionando al mercado. El mercado inmobiliario de C\u00f3rdoba mostr\u00f3 se\u00f1ales de menor dinamismo durante&nbsp;febrero de 2026. Seg\u00fan el \u00faltimo&nbsp;Monitor de [&hellip;]<\/p>\n","protected":false},"author":4,"featured_media":114629,"comment_status":"open","ping_status":"open","sticky":false,"template":"","format":"standard","meta":{"site-sidebar-layout":"default","site-content-layout":"","ast-site-content-layout":"default","site-content-style":"default","site-sidebar-style":"default","ast-global-header-display":"","ast-banner-title-visibility":"","ast-main-header-display":"","ast-hfb-above-header-display":"","ast-hfb-below-header-display":"","ast-hfb-mobile-header-display":"","site-post-title":"","ast-breadcrumbs-content":"","ast-featured-img":"","footer-sml-layout":"","ast-disable-related-posts":"","theme-transparent-header-meta":"","adv-header-id-meta":"","stick-header-meta":"","header-above-stick-meta":"","header-main-stick-meta":"","header-below-stick-meta":"","astra-migrate-meta-layouts":"set","ast-page-background-enabled":"default","ast-page-background-meta":{"desktop":{"background-color":"","background-image":"","background-repeat":"repeat","background-position":"center center","background-size":"auto","background-attachment":"scroll","background-type":"","background-media":"","overlay-type":"","overlay-color":"","overlay-opacity":"","overlay-gradient":""},"tablet":{"background-color":"","background-image":"","background-repeat":"repeat","background-position":"center center","background-size":"auto","background-attachment":"scroll","background-type":"","background-media":"","overlay-type":"","overlay-color":"","overlay-opacity":"","overlay-gradient":""},"mobile":{"background-color":"","background-image":"","background-repeat":"repeat","background-position":"center center","background-size":"auto","background-attachment":"scroll","background-type":"","background-media":"","overlay-type":"","overlay-color":"","overlay-opacity":"","overlay-gradient":""}},"ast-content-background-meta":{"desktop":{"background-color":"var(--ast-global-color-5)","background-image":"","background-repeat":"repeat","background-position":"center center","background-size":"auto","background-attachment":"scroll","background-type":"","background-media":"","overlay-type":"","overlay-color":"","overlay-opacity":"","overlay-gradient":""},"tablet":{"background-color":"var(--ast-global-color-5)","background-image":"","background-repeat":"repeat","background-position":"center center","background-size":"auto","background-attachment":"scroll","background-type":"","background-media":"","overlay-type":"","overlay-color":"","overlay-opacity":"","overlay-gradient":""},"mobile":{"background-color":"var(--ast-global-color-5)","background-image":"","background-repeat":"repeat","background-position":"center center","background-size":"auto","background-attachment":"scroll","background-type":"","background-media":"","overlay-type":"","overlay-color":"","overlay-opacity":"","overlay-gradient":""}},"_jetpack_memberships_contains_paid_content":false,"_joinchat":[],"footnotes":""},"categories":[15302,16095,5],"tags":[],"class_list":["post-114628","post","type-post","status-publish","format-standard","has-post-thumbnail","hentry","category-destacado","category-provinciales","category-sociedad"],"yoast_head":"<!-- This site is optimized with the Yoast SEO plugin v26.8 - https:\/\/yoast.com\/product\/yoast-seo-wordpress\/ -->\n<title>Balance negativo en el mercado inmobiliario en C\u00f3rdoba: Las operaciones de compra-venta cayeron 18,6% interanual - El Regional<\/title>\n<meta name=\"robots\" content=\"index, follow, max-snippet:-1, max-image-preview:large, max-video-preview:-1\" \/>\n<link rel=\"canonical\" href=\"https:\/\/elregionalvm.com.ar\/noticias-villa-maria\/balance-negativo-en-el-mercado-inmobiliario-en-cordoba-las-operaciones-de-compra-venta-cayeron-186-interanual\/\" \/>\n<meta property=\"og:locale\" content=\"es_ES\" \/>\n<meta property=\"og:type\" content=\"article\" \/>\n<meta property=\"og:title\" content=\"Balance negativo en el mercado inmobiliario en C\u00f3rdoba: Las operaciones de compra-venta cayeron 18,6% interanual - El Regional\" \/>\n<meta property=\"og:description\" content=\"Seg\u00fan el \u00faltimo Monitor de Actividad Inmobiliaria del Colegio de Inmobiliarios, las operaciones de compra-venta cayeron 18,6% interanual. El sector advierte que las dificultades de acceso a la vivienda y la falta de cr\u00e9dito siguen condicionando al mercado. El mercado inmobiliario de C\u00f3rdoba mostr\u00f3 se\u00f1ales de menor dinamismo durante&nbsp;febrero de 2026. Seg\u00fan el \u00faltimo&nbsp;Monitor de [&hellip;]\" \/>\n<meta property=\"og:url\" content=\"https:\/\/elregionalvm.com.ar\/noticias-villa-maria\/balance-negativo-en-el-mercado-inmobiliario-en-cordoba-las-operaciones-de-compra-venta-cayeron-186-interanual\/\" \/>\n<meta property=\"og:site_name\" content=\"El Regional\" \/>\n<meta property=\"article:publisher\" content=\"https:\/\/www.facebook.com\/elregionalvm\" \/>\n<meta property=\"article:published_time\" content=\"2026-03-13T03:10:43+00:00\" \/>\n<meta property=\"article:modified_time\" content=\"2026-03-13T03:10:46+00:00\" \/>\n<meta property=\"og:image\" content=\"https:\/\/elregionalvm.com.ar\/noticias-villa-maria\/wp-content\/uploads\/2026\/03\/operaciones_inmobiliarias_cordoba-1536x1051-1.webp\" \/>\n\t<meta property=\"og:image:width\" content=\"1536\" \/>\n\t<meta property=\"og:image:height\" content=\"1051\" \/>\n\t<meta property=\"og:image:type\" content=\"image\/webp\" \/>\n<meta name=\"author\" content=\"Contenidos El Regional\" \/>\n<meta name=\"twitter:card\" content=\"summary_large_image\" \/>\n<meta name=\"twitter:creator\" content=\"@elregionalvm1\" \/>\n<meta name=\"twitter:site\" content=\"@elregionalvm1\" \/>\n<meta name=\"twitter:label1\" content=\"Escrito por\" \/>\n\t<meta name=\"twitter:data1\" content=\"Contenidos El Regional\" \/>\n\t<meta name=\"twitter:label2\" content=\"Tiempo de lectura\" \/>\n\t<meta name=\"twitter:data2\" content=\"3 minutos\" \/>\n<script type=\"application\/ld+json\" class=\"yoast-schema-graph\">{\"@context\":\"https:\/\/schema.org\",\"@graph\":[{\"@type\":\"Article\",\"@id\":\"https:\/\/elregionalvm.com.ar\/noticias-villa-maria\/balance-negativo-en-el-mercado-inmobiliario-en-cordoba-las-operaciones-de-compra-venta-cayeron-186-interanual\/#article\",\"isPartOf\":{\"@id\":\"https:\/\/elregionalvm.com.ar\/noticias-villa-maria\/balance-negativo-en-el-mercado-inmobiliario-en-cordoba-las-operaciones-de-compra-venta-cayeron-186-interanual\/\"},\"author\":{\"name\":\"Contenidos El Regional\",\"@id\":\"http:\/\/elregionalvm.com.ar\/noticias-villa-maria\/#\/schema\/person\/a0fb9c422317faca23d50163151bc354\"},\"headline\":\"Balance negativo en el mercado inmobiliario en C\u00f3rdoba: Las operaciones de compra-venta cayeron 18,6% interanual\",\"datePublished\":\"2026-03-13T03:10:43+00:00\",\"dateModified\":\"2026-03-13T03:10:46+00:00\",\"mainEntityOfPage\":{\"@id\":\"https:\/\/elregionalvm.com.ar\/noticias-villa-maria\/balance-negativo-en-el-mercado-inmobiliario-en-cordoba-las-operaciones-de-compra-venta-cayeron-186-interanual\/\"},\"wordCount\":639,\"commentCount\":0,\"image\":{\"@id\":\"https:\/\/elregionalvm.com.ar\/noticias-villa-maria\/balance-negativo-en-el-mercado-inmobiliario-en-cordoba-las-operaciones-de-compra-venta-cayeron-186-interanual\/#primaryimage\"},\"thumbnailUrl\":\"https:\/\/i0.wp.com\/elregionalvm.com.ar\/noticias-villa-maria\/wp-content\/uploads\/2026\/03\/operaciones_inmobiliarias_cordoba-1536x1051-1.webp?fit=1536%2C1051&ssl=1\",\"articleSection\":[\"destacado\",\"Provinciales\",\"Sociedad\"],\"inLanguage\":\"es\",\"potentialAction\":[{\"@type\":\"CommentAction\",\"name\":\"Comment\",\"target\":[\"https:\/\/elregionalvm.com.ar\/noticias-villa-maria\/balance-negativo-en-el-mercado-inmobiliario-en-cordoba-las-operaciones-de-compra-venta-cayeron-186-interanual\/#respond\"]}]},{\"@type\":\"WebPage\",\"@id\":\"https:\/\/elregionalvm.com.ar\/noticias-villa-maria\/balance-negativo-en-el-mercado-inmobiliario-en-cordoba-las-operaciones-de-compra-venta-cayeron-186-interanual\/\",\"url\":\"https:\/\/elregionalvm.com.ar\/noticias-villa-maria\/balance-negativo-en-el-mercado-inmobiliario-en-cordoba-las-operaciones-de-compra-venta-cayeron-186-interanual\/\",\"name\":\"Balance negativo en el mercado inmobiliario en C\u00f3rdoba: Las operaciones de compra-venta cayeron 18,6% interanual - El Regional\",\"isPartOf\":{\"@id\":\"http:\/\/elregionalvm.com.ar\/noticias-villa-maria\/#website\"},\"primaryImageOfPage\":{\"@id\":\"https:\/\/elregionalvm.com.ar\/noticias-villa-maria\/balance-negativo-en-el-mercado-inmobiliario-en-cordoba-las-operaciones-de-compra-venta-cayeron-186-interanual\/#primaryimage\"},\"image\":{\"@id\":\"https:\/\/elregionalvm.com.ar\/noticias-villa-maria\/balance-negativo-en-el-mercado-inmobiliario-en-cordoba-las-operaciones-de-compra-venta-cayeron-186-interanual\/#primaryimage\"},\"thumbnailUrl\":\"https:\/\/i0.wp.com\/elregionalvm.com.ar\/noticias-villa-maria\/wp-content\/uploads\/2026\/03\/operaciones_inmobiliarias_cordoba-1536x1051-1.webp?fit=1536%2C1051&ssl=1\",\"datePublished\":\"2026-03-13T03:10:43+00:00\",\"dateModified\":\"2026-03-13T03:10:46+00:00\",\"author\":{\"@id\":\"http:\/\/elregionalvm.com.ar\/noticias-villa-maria\/#\/schema\/person\/a0fb9c422317faca23d50163151bc354\"},\"breadcrumb\":{\"@id\":\"https:\/\/elregionalvm.com.ar\/noticias-villa-maria\/balance-negativo-en-el-mercado-inmobiliario-en-cordoba-las-operaciones-de-compra-venta-cayeron-186-interanual\/#breadcrumb\"},\"inLanguage\":\"es\",\"potentialAction\":[{\"@type\":\"ReadAction\",\"target\":[\"https:\/\/elregionalvm.com.ar\/noticias-villa-maria\/balance-negativo-en-el-mercado-inmobiliario-en-cordoba-las-operaciones-de-compra-venta-cayeron-186-interanual\/\"]}]},{\"@type\":\"ImageObject\",\"inLanguage\":\"es\",\"@id\":\"https:\/\/elregionalvm.com.ar\/noticias-villa-maria\/balance-negativo-en-el-mercado-inmobiliario-en-cordoba-las-operaciones-de-compra-venta-cayeron-186-interanual\/#primaryimage\",\"url\":\"https:\/\/i0.wp.com\/elregionalvm.com.ar\/noticias-villa-maria\/wp-content\/uploads\/2026\/03\/operaciones_inmobiliarias_cordoba-1536x1051-1.webp?fit=1536%2C1051&ssl=1\",\"contentUrl\":\"https:\/\/i0.wp.com\/elregionalvm.com.ar\/noticias-villa-maria\/wp-content\/uploads\/2026\/03\/operaciones_inmobiliarias_cordoba-1536x1051-1.webp?fit=1536%2C1051&ssl=1\",\"width\":1536,\"height\":1051},{\"@type\":\"BreadcrumbList\",\"@id\":\"https:\/\/elregionalvm.com.ar\/noticias-villa-maria\/balance-negativo-en-el-mercado-inmobiliario-en-cordoba-las-operaciones-de-compra-venta-cayeron-186-interanual\/#breadcrumb\",\"itemListElement\":[{\"@type\":\"ListItem\",\"position\":1,\"name\":\"Portada\",\"item\":\"https:\/\/elregionalvm.com.ar\/noticias-villa-maria\/\"},{\"@type\":\"ListItem\",\"position\":2,\"name\":\"Balance negativo en el mercado inmobiliario en C\u00f3rdoba: Las operaciones de compra-venta cayeron 18,6% interanual\"}]},{\"@type\":\"WebSite\",\"@id\":\"http:\/\/elregionalvm.com.ar\/noticias-villa-maria\/#website\",\"url\":\"http:\/\/elregionalvm.com.ar\/noticias-villa-maria\/\",\"name\":\"El Regional\",\"description\":\"Mucho m\u00e1s que informaci\u00f3n\",\"potentialAction\":[{\"@type\":\"SearchAction\",\"target\":{\"@type\":\"EntryPoint\",\"urlTemplate\":\"http:\/\/elregionalvm.com.ar\/noticias-villa-maria\/?s={search_term_string}\"},\"query-input\":{\"@type\":\"PropertyValueSpecification\",\"valueRequired\":true,\"valueName\":\"search_term_string\"}}],\"inLanguage\":\"es\"},{\"@type\":\"Person\",\"@id\":\"http:\/\/elregionalvm.com.ar\/noticias-villa-maria\/#\/schema\/person\/a0fb9c422317faca23d50163151bc354\",\"name\":\"Contenidos El Regional\",\"image\":{\"@type\":\"ImageObject\",\"inLanguage\":\"es\",\"@id\":\"http:\/\/elregionalvm.com.ar\/noticias-villa-maria\/#\/schema\/person\/image\/\",\"url\":\"https:\/\/secure.gravatar.com\/avatar\/265b27cb2209af7bb3a1318f03305787d7981a5cc6e6cd08fe5a4ecdf99d4b48?s=96&d=mm&r=g\",\"contentUrl\":\"https:\/\/secure.gravatar.com\/avatar\/265b27cb2209af7bb3a1318f03305787d7981a5cc6e6cd08fe5a4ecdf99d4b48?s=96&d=mm&r=g\",\"caption\":\"Contenidos El Regional\"},\"url\":\"https:\/\/elregionalvm.com.ar\/noticias-villa-maria\/author\/contenido\/\"}]}<\/script>\n<!-- \/ Yoast SEO plugin. -->","yoast_head_json":{"title":"Balance negativo en el mercado inmobiliario en C\u00f3rdoba: Las operaciones de compra-venta cayeron 18,6% interanual - El Regional","robots":{"index":"index","follow":"follow","max-snippet":"max-snippet:-1","max-image-preview":"max-image-preview:large","max-video-preview":"max-video-preview:-1"},"canonical":"https:\/\/elregionalvm.com.ar\/noticias-villa-maria\/balance-negativo-en-el-mercado-inmobiliario-en-cordoba-las-operaciones-de-compra-venta-cayeron-186-interanual\/","og_locale":"es_ES","og_type":"article","og_title":"Balance negativo en el mercado inmobiliario en C\u00f3rdoba: Las operaciones de compra-venta cayeron 18,6% interanual - El Regional","og_description":"Seg\u00fan el \u00faltimo Monitor de Actividad Inmobiliaria del Colegio de Inmobiliarios, las operaciones de compra-venta cayeron 18,6% interanual. El sector advierte que las dificultades de acceso a la vivienda y la falta de cr\u00e9dito siguen condicionando al mercado. El mercado inmobiliario de C\u00f3rdoba mostr\u00f3 se\u00f1ales de menor dinamismo durante&nbsp;febrero de 2026. Seg\u00fan el \u00faltimo&nbsp;Monitor de [&hellip;]","og_url":"https:\/\/elregionalvm.com.ar\/noticias-villa-maria\/balance-negativo-en-el-mercado-inmobiliario-en-cordoba-las-operaciones-de-compra-venta-cayeron-186-interanual\/","og_site_name":"El Regional","article_publisher":"https:\/\/www.facebook.com\/elregionalvm","article_published_time":"2026-03-13T03:10:43+00:00","article_modified_time":"2026-03-13T03:10:46+00:00","og_image":[{"width":1536,"height":1051,"url":"https:\/\/elregionalvm.com.ar\/noticias-villa-maria\/wp-content\/uploads\/2026\/03\/operaciones_inmobiliarias_cordoba-1536x1051-1.webp","type":"image\/webp"}],"author":"Contenidos El Regional","twitter_card":"summary_large_image","twitter_creator":"@elregionalvm1","twitter_site":"@elregionalvm1","twitter_misc":{"Escrito por":"Contenidos El Regional","Tiempo de lectura":"3 minutos"},"schema":{"@context":"https:\/\/schema.org","@graph":[{"@type":"Article","@id":"https:\/\/elregionalvm.com.ar\/noticias-villa-maria\/balance-negativo-en-el-mercado-inmobiliario-en-cordoba-las-operaciones-de-compra-venta-cayeron-186-interanual\/#article","isPartOf":{"@id":"https:\/\/elregionalvm.com.ar\/noticias-villa-maria\/balance-negativo-en-el-mercado-inmobiliario-en-cordoba-las-operaciones-de-compra-venta-cayeron-186-interanual\/"},"author":{"name":"Contenidos El Regional","@id":"http:\/\/elregionalvm.com.ar\/noticias-villa-maria\/#\/schema\/person\/a0fb9c422317faca23d50163151bc354"},"headline":"Balance negativo en el mercado inmobiliario en C\u00f3rdoba: Las operaciones de compra-venta cayeron 18,6% interanual","datePublished":"2026-03-13T03:10:43+00:00","dateModified":"2026-03-13T03:10:46+00:00","mainEntityOfPage":{"@id":"https:\/\/elregionalvm.com.ar\/noticias-villa-maria\/balance-negativo-en-el-mercado-inmobiliario-en-cordoba-las-operaciones-de-compra-venta-cayeron-186-interanual\/"},"wordCount":639,"commentCount":0,"image":{"@id":"https:\/\/elregionalvm.com.ar\/noticias-villa-maria\/balance-negativo-en-el-mercado-inmobiliario-en-cordoba-las-operaciones-de-compra-venta-cayeron-186-interanual\/#primaryimage"},"thumbnailUrl":"https:\/\/i0.wp.com\/elregionalvm.com.ar\/noticias-villa-maria\/wp-content\/uploads\/2026\/03\/operaciones_inmobiliarias_cordoba-1536x1051-1.webp?fit=1536%2C1051&ssl=1","articleSection":["destacado","Provinciales","Sociedad"],"inLanguage":"es","potentialAction":[{"@type":"CommentAction","name":"Comment","target":["https:\/\/elregionalvm.com.ar\/noticias-villa-maria\/balance-negativo-en-el-mercado-inmobiliario-en-cordoba-las-operaciones-de-compra-venta-cayeron-186-interanual\/#respond"]}]},{"@type":"WebPage","@id":"https:\/\/elregionalvm.com.ar\/noticias-villa-maria\/balance-negativo-en-el-mercado-inmobiliario-en-cordoba-las-operaciones-de-compra-venta-cayeron-186-interanual\/","url":"https:\/\/elregionalvm.com.ar\/noticias-villa-maria\/balance-negativo-en-el-mercado-inmobiliario-en-cordoba-las-operaciones-de-compra-venta-cayeron-186-interanual\/","name":"Balance negativo en el mercado inmobiliario en C\u00f3rdoba: Las operaciones de compra-venta cayeron 18,6% interanual - El Regional","isPartOf":{"@id":"http:\/\/elregionalvm.com.ar\/noticias-villa-maria\/#website"},"primaryImageOfPage":{"@id":"https:\/\/elregionalvm.com.ar\/noticias-villa-maria\/balance-negativo-en-el-mercado-inmobiliario-en-cordoba-las-operaciones-de-compra-venta-cayeron-186-interanual\/#primaryimage"},"image":{"@id":"https:\/\/elregionalvm.com.ar\/noticias-villa-maria\/balance-negativo-en-el-mercado-inmobiliario-en-cordoba-las-operaciones-de-compra-venta-cayeron-186-interanual\/#primaryimage"},"thumbnailUrl":"https:\/\/i0.wp.com\/elregionalvm.com.ar\/noticias-villa-maria\/wp-content\/uploads\/2026\/03\/operaciones_inmobiliarias_cordoba-1536x1051-1.webp?fit=1536%2C1051&ssl=1","datePublished":"2026-03-13T03:10:43+00:00","dateModified":"2026-03-13T03:10:46+00:00","author":{"@id":"http:\/\/elregionalvm.com.ar\/noticias-villa-maria\/#\/schema\/person\/a0fb9c422317faca23d50163151bc354"},"breadcrumb":{"@id":"https:\/\/elregionalvm.com.ar\/noticias-villa-maria\/balance-negativo-en-el-mercado-inmobiliario-en-cordoba-las-operaciones-de-compra-venta-cayeron-186-interanual\/#breadcrumb"},"inLanguage":"es","potentialAction":[{"@type":"ReadAction","target":["https:\/\/elregionalvm.com.ar\/noticias-villa-maria\/balance-negativo-en-el-mercado-inmobiliario-en-cordoba-las-operaciones-de-compra-venta-cayeron-186-interanual\/"]}]},{"@type":"ImageObject","inLanguage":"es","@id":"https:\/\/elregionalvm.com.ar\/noticias-villa-maria\/balance-negativo-en-el-mercado-inmobiliario-en-cordoba-las-operaciones-de-compra-venta-cayeron-186-interanual\/#primaryimage","url":"https:\/\/i0.wp.com\/elregionalvm.com.ar\/noticias-villa-maria\/wp-content\/uploads\/2026\/03\/operaciones_inmobiliarias_cordoba-1536x1051-1.webp?fit=1536%2C1051&ssl=1","contentUrl":"https:\/\/i0.wp.com\/elregionalvm.com.ar\/noticias-villa-maria\/wp-content\/uploads\/2026\/03\/operaciones_inmobiliarias_cordoba-1536x1051-1.webp?fit=1536%2C1051&ssl=1","width":1536,"height":1051},{"@type":"BreadcrumbList","@id":"https:\/\/elregionalvm.com.ar\/noticias-villa-maria\/balance-negativo-en-el-mercado-inmobiliario-en-cordoba-las-operaciones-de-compra-venta-cayeron-186-interanual\/#breadcrumb","itemListElement":[{"@type":"ListItem","position":1,"name":"Portada","item":"https:\/\/elregionalvm.com.ar\/noticias-villa-maria\/"},{"@type":"ListItem","position":2,"name":"Balance negativo en el mercado inmobiliario en C\u00f3rdoba: Las operaciones de compra-venta cayeron 18,6% interanual"}]},{"@type":"WebSite","@id":"http:\/\/elregionalvm.com.ar\/noticias-villa-maria\/#website","url":"http:\/\/elregionalvm.com.ar\/noticias-villa-maria\/","name":"El Regional","description":"Mucho m\u00e1s que informaci\u00f3n","potentialAction":[{"@type":"SearchAction","target":{"@type":"EntryPoint","urlTemplate":"http:\/\/elregionalvm.com.ar\/noticias-villa-maria\/?s={search_term_string}"},"query-input":{"@type":"PropertyValueSpecification","valueRequired":true,"valueName":"search_term_string"}}],"inLanguage":"es"},{"@type":"Person","@id":"http:\/\/elregionalvm.com.ar\/noticias-villa-maria\/#\/schema\/person\/a0fb9c422317faca23d50163151bc354","name":"Contenidos El Regional","image":{"@type":"ImageObject","inLanguage":"es","@id":"http:\/\/elregionalvm.com.ar\/noticias-villa-maria\/#\/schema\/person\/image\/","url":"https:\/\/secure.gravatar.com\/avatar\/265b27cb2209af7bb3a1318f03305787d7981a5cc6e6cd08fe5a4ecdf99d4b48?s=96&d=mm&r=g","contentUrl":"https:\/\/secure.gravatar.com\/avatar\/265b27cb2209af7bb3a1318f03305787d7981a5cc6e6cd08fe5a4ecdf99d4b48?s=96&d=mm&r=g","caption":"Contenidos El Regional"},"url":"https:\/\/elregionalvm.com.ar\/noticias-villa-maria\/author\/contenido\/"}]}},"jetpack_featured_media_url":"https:\/\/i0.wp.com\/elregionalvm.com.ar\/noticias-villa-maria\/wp-content\/uploads\/2026\/03\/operaciones_inmobiliarias_cordoba-1536x1051-1.webp?fit=1536%2C1051&ssl=1","jetpack_sharing_enabled":true,"_links":{"self":[{"href":"https:\/\/elregionalvm.com.ar\/noticias-villa-maria\/wp-json\/wp\/v2\/posts\/114628","targetHints":{"allow":["GET"]}}],"collection":[{"href":"https:\/\/elregionalvm.com.ar\/noticias-villa-maria\/wp-json\/wp\/v2\/posts"}],"about":[{"href":"https:\/\/elregionalvm.com.ar\/noticias-villa-maria\/wp-json\/wp\/v2\/types\/post"}],"author":[{"embeddable":true,"href":"https:\/\/elregionalvm.com.ar\/noticias-villa-maria\/wp-json\/wp\/v2\/users\/4"}],"replies":[{"embeddable":true,"href":"https:\/\/elregionalvm.com.ar\/noticias-villa-maria\/wp-json\/wp\/v2\/comments?post=114628"}],"version-history":[{"count":1,"href":"https:\/\/elregionalvm.com.ar\/noticias-villa-maria\/wp-json\/wp\/v2\/posts\/114628\/revisions"}],"predecessor-version":[{"id":114630,"href":"https:\/\/elregionalvm.com.ar\/noticias-villa-maria\/wp-json\/wp\/v2\/posts\/114628\/revisions\/114630"}],"wp:featuredmedia":[{"embeddable":true,"href":"https:\/\/elregionalvm.com.ar\/noticias-villa-maria\/wp-json\/wp\/v2\/media\/114629"}],"wp:attachment":[{"href":"https:\/\/elregionalvm.com.ar\/noticias-villa-maria\/wp-json\/wp\/v2\/media?parent=114628"}],"wp:term":[{"taxonomy":"category","embeddable":true,"href":"https:\/\/elregionalvm.com.ar\/noticias-villa-maria\/wp-json\/wp\/v2\/categories?post=114628"},{"taxonomy":"post_tag","embeddable":true,"href":"https:\/\/elregionalvm.com.ar\/noticias-villa-maria\/wp-json\/wp\/v2\/tags?post=114628"}],"curies":[{"name":"wp","href":"https:\/\/api.w.org\/{rel}","templated":true}]}}