{"id":114631,"date":"2026-03-13T03:15:55","date_gmt":"2026-03-13T03:15:55","guid":{"rendered":"https:\/\/elregionalvm.com.ar\/noticias-villa-maria\/?p=114631"},"modified":"2026-03-13T03:15:57","modified_gmt":"2026-03-13T03:15:57","slug":"comenzo-la-campana-de-vacunacion-antigripal-2026-en-la-ciudad","status":"publish","type":"post","link":"https:\/\/elregionalvm.com.ar\/noticias-villa-maria\/comenzo-la-campana-de-vacunacion-antigripal-2026-en-la-ciudad\/","title":{"rendered":"Comenz\u00f3 la campa\u00f1a de vacunaci\u00f3n antigripal 2026 en la ciudad"},"content":{"rendered":"\n<p>Comenz\u00f3 la campa\u00f1a de vacunaci\u00f3n antigripal 2026. En esta primera etapa, la inmunizaci\u00f3n est\u00e1 destinada a grupos priorizados, considerados de mayor riesgo frente a las complicaciones de la gripe.<\/p>\n\n\n\n<p>En este sentido, se vacunar\u00e1 a ni\u00f1os de entre 6 meses y 2 a\u00f1os de lunes a viernes de 7 a 14 hs en la Asistencia P\u00fablica y CAPS.&nbsp;<\/p>\n\n\n\n<p>Los mayores de 65 a\u00f1os, personas con inmunodeficiencias y embarazadas podr\u00e1n acercarse en el gazebo que est\u00e1 instalado en la vereda de la Asistencia P\u00fablica de 10 a 12 hs y en los distintos Centros de Atenci\u00f3n Primaria de la Salud (CAPS) por orden de llegada de 8 a 14.&nbsp;<\/p>\n\n\n\n<p>Al respecto, el subsecretario de Salud, Pablo Arriaga, explic\u00f3:&nbsp;<em>\u201cA partir de hoy comenzamos con la campa\u00f1a de vacunaci\u00f3n antigripal. Como siempre, se prioriza a las poblaciones consideradas de riesgo. En este primer tramo se vacunar\u00e1 a ni\u00f1os de entre 6 meses y 2 a\u00f1os. Las otras poblaciones priorizadas son los mayores de 65 a\u00f1os, las personas con inmunodeficiencias y las embarazadas. Quienes queden fuera de estos grupos solo podr\u00e1n vacunarse en esta etapa si cuentan con una indicaci\u00f3n m\u00e9dica. M\u00e1s adelante, la vacuna estar\u00e1 disponible de manera libre para el resto de la poblaci\u00f3n\u201d.<\/em><\/p>\n\n\n\n<p>De esta manera, el municipio garantiza un inicio ordenado de la campa\u00f1a de vacunaci\u00f3n, priorizando la protecci\u00f3n de los grupos de riesgo y asegurando una cobertura progresiva para toda la comunidad.<\/p>\n","protected":false},"excerpt":{"rendered":"<p>Comenz\u00f3 la campa\u00f1a de vacunaci\u00f3n antigripal 2026. En esta primera etapa, la inmunizaci\u00f3n est\u00e1 destinada a grupos priorizados, considerados de mayor riesgo frente a las complicaciones de la gripe. En este sentido, se vacunar\u00e1 a ni\u00f1os de entre 6 meses y 2 a\u00f1os de lunes a viernes de 7 a 14 hs en la Asistencia [&hellip;]<\/p>\n","protected":false},"author":4,"featured_media":114632,"comment_status":"open","ping_status":"open","sticky":false,"template":"","format":"standard","meta":{"site-sidebar-layout":"default","site-content-layout":"","ast-site-content-layout":"default","site-content-style":"default","site-sidebar-style":"default","ast-global-header-display":"","ast-banner-title-visibility":"","ast-main-header-display":"","ast-hfb-above-header-display":"","ast-hfb-below-header-display":"","ast-hfb-mobile-header-display":"","site-post-title":"","ast-breadcrumbs-content":"","ast-featured-img":"","footer-sml-layout":"","ast-disable-related-posts":"","theme-transparent-header-meta":"","adv-header-id-meta":"","stick-header-meta":"","header-above-stick-meta":"","header-main-stick-meta":"","header-below-stick-meta":"","astra-migrate-meta-layouts":"set","ast-page-background-enabled":"default","ast-page-background-meta":{"desktop":{"background-color":"","background-image":"","background-repeat":"repeat","background-position":"center center","background-size":"auto","background-attachment":"scroll","background-type":"","background-media":"","overlay-type":"","overlay-color":"","overlay-opacity":"","overlay-gradient":""},"tablet":{"background-color":"","background-image":"","background-repeat":"repeat","background-position":"center center","background-size":"auto","background-attachment":"scroll","background-type":"","background-media":"","overlay-type":"","overlay-color":"","overlay-opacity":"","overlay-gradient":""},"mobile":{"background-color":"","background-image":"","background-repeat":"repeat","background-position":"center center","background-size":"auto","background-attachment":"scroll","background-type":"","background-media":"","overlay-type":"","overlay-color":"","overlay-opacity":"","overlay-gradient":""}},"ast-content-background-meta":{"desktop":{"background-color":"var(--ast-global-color-5)","background-image":"","background-repeat":"repeat","background-position":"center center","background-size":"auto","background-attachment":"scroll","background-type":"","background-media":"","overlay-type":"","overlay-color":"","overlay-opacity":"","overlay-gradient":""},"tablet":{"background-color":"var(--ast-global-color-5)","background-image":"","background-repeat":"repeat","background-position":"center center","background-size":"auto","background-attachment":"scroll","background-type":"","background-media":"","overlay-type":"","overlay-color":"","overlay-opacity":"","overlay-gradient":""},"mobile":{"background-color":"var(--ast-global-color-5)","background-image":"","background-repeat":"repeat","background-position":"center center","background-size":"auto","background-attachment":"scroll","background-type":"","background-media":"","overlay-type":"","overlay-color":"","overlay-opacity":"","overlay-gradient":""}},"_jetpack_memberships_contains_paid_content":false,"_joinchat":[],"footnotes":""},"categories":[15302,5,2],"tags":[],"class_list":["post-114631","post","type-post","status-publish","format-standard","has-post-thumbnail","hentry","category-destacado","category-sociedad","category-villa-maria"],"yoast_head":"<!-- This site is optimized with the Yoast SEO plugin v26.8 - https:\/\/yoast.com\/product\/yoast-seo-wordpress\/ -->\n<title>Comenz\u00f3 la campa\u00f1a de vacunaci\u00f3n antigripal 2026 en la ciudad - El Regional<\/title>\n<meta name=\"robots\" content=\"index, follow, max-snippet:-1, max-image-preview:large, max-video-preview:-1\" \/>\n<link rel=\"canonical\" href=\"https:\/\/elregionalvm.com.ar\/noticias-villa-maria\/comenzo-la-campana-de-vacunacion-antigripal-2026-en-la-ciudad\/\" \/>\n<meta property=\"og:locale\" content=\"es_ES\" \/>\n<meta property=\"og:type\" content=\"article\" \/>\n<meta property=\"og:title\" content=\"Comenz\u00f3 la campa\u00f1a de vacunaci\u00f3n antigripal 2026 en la ciudad - El Regional\" \/>\n<meta property=\"og:description\" content=\"Comenz\u00f3 la campa\u00f1a de vacunaci\u00f3n antigripal 2026. En esta primera etapa, la inmunizaci\u00f3n est\u00e1 destinada a grupos priorizados, considerados de mayor riesgo frente a las complicaciones de la gripe. En este sentido, se vacunar\u00e1 a ni\u00f1os de entre 6 meses y 2 a\u00f1os de lunes a viernes de 7 a 14 hs en la Asistencia [&hellip;]\" \/>\n<meta property=\"og:url\" content=\"https:\/\/elregionalvm.com.ar\/noticias-villa-maria\/comenzo-la-campana-de-vacunacion-antigripal-2026-en-la-ciudad\/\" \/>\n<meta property=\"og:site_name\" content=\"El Regional\" \/>\n<meta property=\"article:publisher\" content=\"https:\/\/www.facebook.com\/elregionalvm\" \/>\n<meta property=\"article:published_time\" content=\"2026-03-13T03:15:55+00:00\" \/>\n<meta property=\"article:modified_time\" content=\"2026-03-13T03:15:57+00:00\" \/>\n<meta property=\"og:image\" content=\"https:\/\/elregionalvm.com.ar\/noticias-villa-maria\/wp-content\/uploads\/2026\/03\/33658388cc3c4fb186c49daa9986fc7e.jpeg\" \/>\n\t<meta property=\"og:image:width\" content=\"800\" \/>\n\t<meta property=\"og:image:height\" content=\"600\" \/>\n\t<meta property=\"og:image:type\" content=\"image\/jpeg\" \/>\n<meta name=\"author\" content=\"Contenidos El Regional\" \/>\n<meta name=\"twitter:card\" content=\"summary_large_image\" \/>\n<meta name=\"twitter:creator\" content=\"@elregionalvm1\" \/>\n<meta name=\"twitter:site\" content=\"@elregionalvm1\" \/>\n<meta name=\"twitter:label1\" content=\"Escrito por\" \/>\n\t<meta name=\"twitter:data1\" content=\"Contenidos El Regional\" \/>\n\t<meta name=\"twitter:label2\" content=\"Tiempo de lectura\" \/>\n\t<meta name=\"twitter:data2\" content=\"2 minutos\" \/>\n<script type=\"application\/ld+json\" class=\"yoast-schema-graph\">{\"@context\":\"https:\/\/schema.org\",\"@graph\":[{\"@type\":\"Article\",\"@id\":\"https:\/\/elregionalvm.com.ar\/noticias-villa-maria\/comenzo-la-campana-de-vacunacion-antigripal-2026-en-la-ciudad\/#article\",\"isPartOf\":{\"@id\":\"https:\/\/elregionalvm.com.ar\/noticias-villa-maria\/comenzo-la-campana-de-vacunacion-antigripal-2026-en-la-ciudad\/\"},\"author\":{\"name\":\"Contenidos El Regional\",\"@id\":\"http:\/\/elregionalvm.com.ar\/noticias-villa-maria\/#\/schema\/person\/a0fb9c422317faca23d50163151bc354\"},\"headline\":\"Comenz\u00f3 la campa\u00f1a de vacunaci\u00f3n antigripal 2026 en la ciudad\",\"datePublished\":\"2026-03-13T03:15:55+00:00\",\"dateModified\":\"2026-03-13T03:15:57+00:00\",\"mainEntityOfPage\":{\"@id\":\"https:\/\/elregionalvm.com.ar\/noticias-villa-maria\/comenzo-la-campana-de-vacunacion-antigripal-2026-en-la-ciudad\/\"},\"wordCount\":258,\"commentCount\":0,\"image\":{\"@id\":\"https:\/\/elregionalvm.com.ar\/noticias-villa-maria\/comenzo-la-campana-de-vacunacion-antigripal-2026-en-la-ciudad\/#primaryimage\"},\"thumbnailUrl\":\"https:\/\/i0.wp.com\/elregionalvm.com.ar\/noticias-villa-maria\/wp-content\/uploads\/2026\/03\/33658388cc3c4fb186c49daa9986fc7e.jpeg?fit=800%2C600&ssl=1\",\"articleSection\":[\"destacado\",\"Sociedad\",\"Villa Mar\u00eda\"],\"inLanguage\":\"es\",\"potentialAction\":[{\"@type\":\"CommentAction\",\"name\":\"Comment\",\"target\":[\"https:\/\/elregionalvm.com.ar\/noticias-villa-maria\/comenzo-la-campana-de-vacunacion-antigripal-2026-en-la-ciudad\/#respond\"]}]},{\"@type\":\"WebPage\",\"@id\":\"https:\/\/elregionalvm.com.ar\/noticias-villa-maria\/comenzo-la-campana-de-vacunacion-antigripal-2026-en-la-ciudad\/\",\"url\":\"https:\/\/elregionalvm.com.ar\/noticias-villa-maria\/comenzo-la-campana-de-vacunacion-antigripal-2026-en-la-ciudad\/\",\"name\":\"Comenz\u00f3 la campa\u00f1a de vacunaci\u00f3n antigripal 2026 en la ciudad - El Regional\",\"isPartOf\":{\"@id\":\"http:\/\/elregionalvm.com.ar\/noticias-villa-maria\/#website\"},\"primaryImageOfPage\":{\"@id\":\"https:\/\/elregionalvm.com.ar\/noticias-villa-maria\/comenzo-la-campana-de-vacunacion-antigripal-2026-en-la-ciudad\/#primaryimage\"},\"image\":{\"@id\":\"https:\/\/elregionalvm.com.ar\/noticias-villa-maria\/comenzo-la-campana-de-vacunacion-antigripal-2026-en-la-ciudad\/#primaryimage\"},\"thumbnailUrl\":\"https:\/\/i0.wp.com\/elregionalvm.com.ar\/noticias-villa-maria\/wp-content\/uploads\/2026\/03\/33658388cc3c4fb186c49daa9986fc7e.jpeg?fit=800%2C600&ssl=1\",\"datePublished\":\"2026-03-13T03:15:55+00:00\",\"dateModified\":\"2026-03-13T03:15:57+00:00\",\"author\":{\"@id\":\"http:\/\/elregionalvm.com.ar\/noticias-villa-maria\/#\/schema\/person\/a0fb9c422317faca23d50163151bc354\"},\"breadcrumb\":{\"@id\":\"https:\/\/elregionalvm.com.ar\/noticias-villa-maria\/comenzo-la-campana-de-vacunacion-antigripal-2026-en-la-ciudad\/#breadcrumb\"},\"inLanguage\":\"es\",\"potentialAction\":[{\"@type\":\"ReadAction\",\"target\":[\"https:\/\/elregionalvm.com.ar\/noticias-villa-maria\/comenzo-la-campana-de-vacunacion-antigripal-2026-en-la-ciudad\/\"]}]},{\"@type\":\"ImageObject\",\"inLanguage\":\"es\",\"@id\":\"https:\/\/elregionalvm.com.ar\/noticias-villa-maria\/comenzo-la-campana-de-vacunacion-antigripal-2026-en-la-ciudad\/#primaryimage\",\"url\":\"https:\/\/i0.wp.com\/elregionalvm.com.ar\/noticias-villa-maria\/wp-content\/uploads\/2026\/03\/33658388cc3c4fb186c49daa9986fc7e.jpeg?fit=800%2C600&ssl=1\",\"contentUrl\":\"https:\/\/i0.wp.com\/elregionalvm.com.ar\/noticias-villa-maria\/wp-content\/uploads\/2026\/03\/33658388cc3c4fb186c49daa9986fc7e.jpeg?fit=800%2C600&ssl=1\",\"width\":800,\"height\":600},{\"@type\":\"BreadcrumbList\",\"@id\":\"https:\/\/elregionalvm.com.ar\/noticias-villa-maria\/comenzo-la-campana-de-vacunacion-antigripal-2026-en-la-ciudad\/#breadcrumb\",\"itemListElement\":[{\"@type\":\"ListItem\",\"position\":1,\"name\":\"Portada\",\"item\":\"https:\/\/elregionalvm.com.ar\/noticias-villa-maria\/\"},{\"@type\":\"ListItem\",\"position\":2,\"name\":\"Comenz\u00f3 la campa\u00f1a de vacunaci\u00f3n antigripal 2026 en la ciudad\"}]},{\"@type\":\"WebSite\",\"@id\":\"http:\/\/elregionalvm.com.ar\/noticias-villa-maria\/#website\",\"url\":\"http:\/\/elregionalvm.com.ar\/noticias-villa-maria\/\",\"name\":\"El Regional\",\"description\":\"Mucho m\u00e1s que informaci\u00f3n\",\"potentialAction\":[{\"@type\":\"SearchAction\",\"target\":{\"@type\":\"EntryPoint\",\"urlTemplate\":\"http:\/\/elregionalvm.com.ar\/noticias-villa-maria\/?s={search_term_string}\"},\"query-input\":{\"@type\":\"PropertyValueSpecification\",\"valueRequired\":true,\"valueName\":\"search_term_string\"}}],\"inLanguage\":\"es\"},{\"@type\":\"Person\",\"@id\":\"http:\/\/elregionalvm.com.ar\/noticias-villa-maria\/#\/schema\/person\/a0fb9c422317faca23d50163151bc354\",\"name\":\"Contenidos El Regional\",\"image\":{\"@type\":\"ImageObject\",\"inLanguage\":\"es\",\"@id\":\"http:\/\/elregionalvm.com.ar\/noticias-villa-maria\/#\/schema\/person\/image\/\",\"url\":\"https:\/\/secure.gravatar.com\/avatar\/265b27cb2209af7bb3a1318f03305787d7981a5cc6e6cd08fe5a4ecdf99d4b48?s=96&d=mm&r=g\",\"contentUrl\":\"https:\/\/secure.gravatar.com\/avatar\/265b27cb2209af7bb3a1318f03305787d7981a5cc6e6cd08fe5a4ecdf99d4b48?s=96&d=mm&r=g\",\"caption\":\"Contenidos El Regional\"},\"url\":\"https:\/\/elregionalvm.com.ar\/noticias-villa-maria\/author\/contenido\/\"}]}<\/script>\n<!-- \/ Yoast SEO plugin. -->","yoast_head_json":{"title":"Comenz\u00f3 la campa\u00f1a de vacunaci\u00f3n antigripal 2026 en la ciudad - El Regional","robots":{"index":"index","follow":"follow","max-snippet":"max-snippet:-1","max-image-preview":"max-image-preview:large","max-video-preview":"max-video-preview:-1"},"canonical":"https:\/\/elregionalvm.com.ar\/noticias-villa-maria\/comenzo-la-campana-de-vacunacion-antigripal-2026-en-la-ciudad\/","og_locale":"es_ES","og_type":"article","og_title":"Comenz\u00f3 la campa\u00f1a de vacunaci\u00f3n antigripal 2026 en la ciudad - El Regional","og_description":"Comenz\u00f3 la campa\u00f1a de vacunaci\u00f3n antigripal 2026. En esta primera etapa, la inmunizaci\u00f3n est\u00e1 destinada a grupos priorizados, considerados de mayor riesgo frente a las complicaciones de la gripe. En este sentido, se vacunar\u00e1 a ni\u00f1os de entre 6 meses y 2 a\u00f1os de lunes a viernes de 7 a 14 hs en la Asistencia [&hellip;]","og_url":"https:\/\/elregionalvm.com.ar\/noticias-villa-maria\/comenzo-la-campana-de-vacunacion-antigripal-2026-en-la-ciudad\/","og_site_name":"El Regional","article_publisher":"https:\/\/www.facebook.com\/elregionalvm","article_published_time":"2026-03-13T03:15:55+00:00","article_modified_time":"2026-03-13T03:15:57+00:00","og_image":[{"width":800,"height":600,"url":"https:\/\/elregionalvm.com.ar\/noticias-villa-maria\/wp-content\/uploads\/2026\/03\/33658388cc3c4fb186c49daa9986fc7e.jpeg","type":"image\/jpeg"}],"author":"Contenidos El Regional","twitter_card":"summary_large_image","twitter_creator":"@elregionalvm1","twitter_site":"@elregionalvm1","twitter_misc":{"Escrito por":"Contenidos El Regional","Tiempo de lectura":"2 minutos"},"schema":{"@context":"https:\/\/schema.org","@graph":[{"@type":"Article","@id":"https:\/\/elregionalvm.com.ar\/noticias-villa-maria\/comenzo-la-campana-de-vacunacion-antigripal-2026-en-la-ciudad\/#article","isPartOf":{"@id":"https:\/\/elregionalvm.com.ar\/noticias-villa-maria\/comenzo-la-campana-de-vacunacion-antigripal-2026-en-la-ciudad\/"},"author":{"name":"Contenidos El Regional","@id":"http:\/\/elregionalvm.com.ar\/noticias-villa-maria\/#\/schema\/person\/a0fb9c422317faca23d50163151bc354"},"headline":"Comenz\u00f3 la campa\u00f1a de vacunaci\u00f3n antigripal 2026 en la ciudad","datePublished":"2026-03-13T03:15:55+00:00","dateModified":"2026-03-13T03:15:57+00:00","mainEntityOfPage":{"@id":"https:\/\/elregionalvm.com.ar\/noticias-villa-maria\/comenzo-la-campana-de-vacunacion-antigripal-2026-en-la-ciudad\/"},"wordCount":258,"commentCount":0,"image":{"@id":"https:\/\/elregionalvm.com.ar\/noticias-villa-maria\/comenzo-la-campana-de-vacunacion-antigripal-2026-en-la-ciudad\/#primaryimage"},"thumbnailUrl":"https:\/\/i0.wp.com\/elregionalvm.com.ar\/noticias-villa-maria\/wp-content\/uploads\/2026\/03\/33658388cc3c4fb186c49daa9986fc7e.jpeg?fit=800%2C600&ssl=1","articleSection":["destacado","Sociedad","Villa Mar\u00eda"],"inLanguage":"es","potentialAction":[{"@type":"CommentAction","name":"Comment","target":["https:\/\/elregionalvm.com.ar\/noticias-villa-maria\/comenzo-la-campana-de-vacunacion-antigripal-2026-en-la-ciudad\/#respond"]}]},{"@type":"WebPage","@id":"https:\/\/elregionalvm.com.ar\/noticias-villa-maria\/comenzo-la-campana-de-vacunacion-antigripal-2026-en-la-ciudad\/","url":"https:\/\/elregionalvm.com.ar\/noticias-villa-maria\/comenzo-la-campana-de-vacunacion-antigripal-2026-en-la-ciudad\/","name":"Comenz\u00f3 la campa\u00f1a de vacunaci\u00f3n antigripal 2026 en la ciudad - El Regional","isPartOf":{"@id":"http:\/\/elregionalvm.com.ar\/noticias-villa-maria\/#website"},"primaryImageOfPage":{"@id":"https:\/\/elregionalvm.com.ar\/noticias-villa-maria\/comenzo-la-campana-de-vacunacion-antigripal-2026-en-la-ciudad\/#primaryimage"},"image":{"@id":"https:\/\/elregionalvm.com.ar\/noticias-villa-maria\/comenzo-la-campana-de-vacunacion-antigripal-2026-en-la-ciudad\/#primaryimage"},"thumbnailUrl":"https:\/\/i0.wp.com\/elregionalvm.com.ar\/noticias-villa-maria\/wp-content\/uploads\/2026\/03\/33658388cc3c4fb186c49daa9986fc7e.jpeg?fit=800%2C600&ssl=1","datePublished":"2026-03-13T03:15:55+00:00","dateModified":"2026-03-13T03:15:57+00:00","author":{"@id":"http:\/\/elregionalvm.com.ar\/noticias-villa-maria\/#\/schema\/person\/a0fb9c422317faca23d50163151bc354"},"breadcrumb":{"@id":"https:\/\/elregionalvm.com.ar\/noticias-villa-maria\/comenzo-la-campana-de-vacunacion-antigripal-2026-en-la-ciudad\/#breadcrumb"},"inLanguage":"es","potentialAction":[{"@type":"ReadAction","target":["https:\/\/elregionalvm.com.ar\/noticias-villa-maria\/comenzo-la-campana-de-vacunacion-antigripal-2026-en-la-ciudad\/"]}]},{"@type":"ImageObject","inLanguage":"es","@id":"https:\/\/elregionalvm.com.ar\/noticias-villa-maria\/comenzo-la-campana-de-vacunacion-antigripal-2026-en-la-ciudad\/#primaryimage","url":"https:\/\/i0.wp.com\/elregionalvm.com.ar\/noticias-villa-maria\/wp-content\/uploads\/2026\/03\/33658388cc3c4fb186c49daa9986fc7e.jpeg?fit=800%2C600&ssl=1","contentUrl":"https:\/\/i0.wp.com\/elregionalvm.com.ar\/noticias-villa-maria\/wp-content\/uploads\/2026\/03\/33658388cc3c4fb186c49daa9986fc7e.jpeg?fit=800%2C600&ssl=1","width":800,"height":600},{"@type":"BreadcrumbList","@id":"https:\/\/elregionalvm.com.ar\/noticias-villa-maria\/comenzo-la-campana-de-vacunacion-antigripal-2026-en-la-ciudad\/#breadcrumb","itemListElement":[{"@type":"ListItem","position":1,"name":"Portada","item":"https:\/\/elregionalvm.com.ar\/noticias-villa-maria\/"},{"@type":"ListItem","position":2,"name":"Comenz\u00f3 la campa\u00f1a de vacunaci\u00f3n antigripal 2026 en la ciudad"}]},{"@type":"WebSite","@id":"http:\/\/elregionalvm.com.ar\/noticias-villa-maria\/#website","url":"http:\/\/elregionalvm.com.ar\/noticias-villa-maria\/","name":"El Regional","description":"Mucho m\u00e1s que informaci\u00f3n","potentialAction":[{"@type":"SearchAction","target":{"@type":"EntryPoint","urlTemplate":"http:\/\/elregionalvm.com.ar\/noticias-villa-maria\/?s={search_term_string}"},"query-input":{"@type":"PropertyValueSpecification","valueRequired":true,"valueName":"search_term_string"}}],"inLanguage":"es"},{"@type":"Person","@id":"http:\/\/elregionalvm.com.ar\/noticias-villa-maria\/#\/schema\/person\/a0fb9c422317faca23d50163151bc354","name":"Contenidos El Regional","image":{"@type":"ImageObject","inLanguage":"es","@id":"http:\/\/elregionalvm.com.ar\/noticias-villa-maria\/#\/schema\/person\/image\/","url":"https:\/\/secure.gravatar.com\/avatar\/265b27cb2209af7bb3a1318f03305787d7981a5cc6e6cd08fe5a4ecdf99d4b48?s=96&d=mm&r=g","contentUrl":"https:\/\/secure.gravatar.com\/avatar\/265b27cb2209af7bb3a1318f03305787d7981a5cc6e6cd08fe5a4ecdf99d4b48?s=96&d=mm&r=g","caption":"Contenidos El Regional"},"url":"https:\/\/elregionalvm.com.ar\/noticias-villa-maria\/author\/contenido\/"}]}},"jetpack_featured_media_url":"https:\/\/i0.wp.com\/elregionalvm.com.ar\/noticias-villa-maria\/wp-content\/uploads\/2026\/03\/33658388cc3c4fb186c49daa9986fc7e.jpeg?fit=800%2C600&ssl=1","jetpack_sharing_enabled":true,"_links":{"self":[{"href":"https:\/\/elregionalvm.com.ar\/noticias-villa-maria\/wp-json\/wp\/v2\/posts\/114631","targetHints":{"allow":["GET"]}}],"collection":[{"href":"https:\/\/elregionalvm.com.ar\/noticias-villa-maria\/wp-json\/wp\/v2\/posts"}],"about":[{"href":"https:\/\/elregionalvm.com.ar\/noticias-villa-maria\/wp-json\/wp\/v2\/types\/post"}],"author":[{"embeddable":true,"href":"https:\/\/elregionalvm.com.ar\/noticias-villa-maria\/wp-json\/wp\/v2\/users\/4"}],"replies":[{"embeddable":true,"href":"https:\/\/elregionalvm.com.ar\/noticias-villa-maria\/wp-json\/wp\/v2\/comments?post=114631"}],"version-history":[{"count":1,"href":"https:\/\/elregionalvm.com.ar\/noticias-villa-maria\/wp-json\/wp\/v2\/posts\/114631\/revisions"}],"predecessor-version":[{"id":114633,"href":"https:\/\/elregionalvm.com.ar\/noticias-villa-maria\/wp-json\/wp\/v2\/posts\/114631\/revisions\/114633"}],"wp:featuredmedia":[{"embeddable":true,"href":"https:\/\/elregionalvm.com.ar\/noticias-villa-maria\/wp-json\/wp\/v2\/media\/114632"}],"wp:attachment":[{"href":"https:\/\/elregionalvm.com.ar\/noticias-villa-maria\/wp-json\/wp\/v2\/media?parent=114631"}],"wp:term":[{"taxonomy":"category","embeddable":true,"href":"https:\/\/elregionalvm.com.ar\/noticias-villa-maria\/wp-json\/wp\/v2\/categories?post=114631"},{"taxonomy":"post_tag","embeddable":true,"href":"https:\/\/elregionalvm.com.ar\/noticias-villa-maria\/wp-json\/wp\/v2\/tags?post=114631"}],"curies":[{"name":"wp","href":"https:\/\/api.w.org\/{rel}","templated":true}]}}