{"id":114637,"date":"2026-03-14T01:05:46","date_gmt":"2026-03-14T01:05:46","guid":{"rendered":"https:\/\/elregionalvm.com.ar\/noticias-villa-maria\/?p=114637"},"modified":"2026-03-14T01:05:48","modified_gmt":"2026-03-14T01:05:48","slug":"se-llevo-a-cabo-el-seminario-internacional-villa-maria-un-modelo-innovador-para-la-region-para-controlar-y-prevenir-el-dengue","status":"publish","type":"post","link":"https:\/\/elregionalvm.com.ar\/noticias-villa-maria\/se-llevo-a-cabo-el-seminario-internacional-villa-maria-un-modelo-innovador-para-la-region-para-controlar-y-prevenir-el-dengue\/","title":{"rendered":"Se llev\u00f3 a cabo el seminario internacional \u201cVilla Mar\u00eda: un modelo innovador para la regi\u00f3n para controlar y prevenir el dengue\u201d"},"content":{"rendered":"\n<p>Se llev\u00f3 a cabo el seminario internacional \u201cVilla Mar\u00eda: un modelo innovador para la regi\u00f3n para controlar y prevenir el dengue\u201d, una propuesta que reuni\u00f3 a autoridades, especialistas y representantes de organismos nacionales e internacionales con el objetivo de intercambiar experiencias, estrategias y herramientas vinculadas a la prevenci\u00f3n y el control de enfermedades transmitidas por mosquitos.<\/p>\n\n\n\n<p>El encuentro se desarroll\u00f3 en el Centro Cultural Comunitario Leonardo Favio, y cont\u00f3 con la presencia del presidente del Concejo Deliberante a cargo de la coordinaci\u00f3n del poder Ejecutivo, Juan Pablo Inglese; la Subsecretaria de Estrategias Sanitarias y Acceso a la Salud del Ministerio de Salud, Laura L\u00f3pez; los secretarios de Salud, Juli\u00e1n L\u00f3pez; de Desarrollo Humano y Territorio, Agust\u00edn Turletti Mino; el subsecretario de Salud, Pablo Arriaga, entre otros.&nbsp;<\/p>\n\n\n\n<p>Tambi\u00e9n acompa\u00f1aron el director Nacional de Cooperaci\u00f3n Internacional de la Canciller\u00eda Argentina, Mateo Estr\u00e9m\u00e9; la representante de la Agencia Espa\u00f1ola de Cooperaci\u00f3n Internacional para el Desarrollo (AECID), Oriana Ram\u00edrez Rubio; el director de Gesti\u00f3n de Riesgo de la Municipalidad de Asunci\u00f3n (Paraguay), Jos\u00e9 Jara; el representante de ISGlobal Barcelona, Ignacio Garc\u00eda; e integrantes de Fundaci\u00f3n Mundo Sano.&nbsp;<\/p>\n\n\n\n<p>Durante la jornada, se socializaron los resultados del proyecto \u201cFortalecimiento de la resiliencia del sistema de salud local\u201d, destacando los logros alcanzados a trav\u00e9s del monitoreo entomol\u00f3gico, educaci\u00f3n comunitaria, plataforma predictiva y cooperaci\u00f3n triangular entre Argentina, Espa\u00f1a y Paraguay. Adem\u00e1s, el seminario permiti\u00f3 exponer la experiencia local en el monitoreo del Aedes aegypti, as\u00ed como las estrategias de prevenci\u00f3n, an\u00e1lisis de datos y articulaci\u00f3n entre distintas \u00e1reas del Estado local y organizaciones internacionales.<\/p>\n\n\n\n<p>En la ocasi\u00f3n, el presidente del Concejo Deliberante a cargo de la coordinaci\u00f3n del poder Ejecutivo, Inglese, destac\u00f3:&nbsp;<em>&nbsp;\u201cEl intendente Eduardo Accastello siempre marca la concepci\u00f3n de una gesti\u00f3n desde el punto de partida del ser humano, como eje de todas las pol\u00edticas, y es ah\u00ed donde radica la esencia de que hoy podamos estar compartiendo resultados vinculados al dengue, complement\u00e1ndonos en las ideas y el aprendizaje, y tiene que ver tambi\u00e9n con una ciudad como la nuestra que se percibe en comunidad, que entiende que lo m\u00e1s importante son las personas, y la salud de las mismas tiene que ser siempre el faro que nos mueva para guiar el desarrollo de la salud p\u00fablica como un acto de compromiso colectivo. No hay posibilidad de un abordaje serio de manera individual, sino que es con lazos comunitarios, alianzas estrat\u00e9gicas, compromiso complementario y complementariedad en el trabajo\u201d<\/em>, cerr\u00f3 Inglese.&nbsp;<\/p>\n\n\n\n<p>Por su parte, el el secretario de Salud del Municipio, Juli\u00e1n L\u00f3pez, coment\u00f3:&nbsp;<em>\u201cEsta es una instancia muy importante, t\u00e9cnica, acad\u00e9mica, pero fundamentalmente de encuentro, de aprendizaje compartido y de construcci\u00f3n colectiva. Tenemos una meta que es abordar este tipo de patolog\u00edas que tanto impactan en nuestras comunidades. El dengue nos interpela como sistema de salud, pero tambi\u00e9n como comunidad. Nos recuerda que los problemas complejos no se resuelven con respuestas aisladas, ni con miradas fragmentadas. Requieren ciencia, gesti\u00f3n p\u00fablica y la decisi\u00f3n de los gobiernos locales, provinciales, de las instituciones y de este marco tan amplio\u201d<\/em>, cerr\u00f3 el secretario.<\/p>\n\n\n\n<p>Asimismo la Subsecretaria de Estrategias Sanitarias y Acceso a la Salud del Ministerio de Salud, Laura L\u00f3pez, a\u00f1adi\u00f3:&nbsp;<em>\u201cCelebramos la iniciativa de este Municipio pionero con la problem\u00e1tica del dengue. Nosotros venimos trabajando desde el 2008 y estamos muy contentos de que Villa Mar\u00eda haya tomado parte y la responsabilidad de esta iniciativa, que creemos va a redundar en un beneficio, no solamente de la poblaci\u00f3n local sino tambi\u00e9n de la regi\u00f3n, que pueden con esta experiencia abrir caminos.\u201d<\/em><\/p>\n\n\n\n<p>Cabe destacar que la iniciativa surgi\u00f3 de un proyecto de cooperaci\u00f3n internacional financiado por la AECID y desarrollado en conjunto con instituciones como ISGlobal, Fundaci\u00f3n Mundo Sano, la Municipalidad de Asunci\u00f3n (Paraguay) y la Municipalidad de Villa Mar\u00eda, con el objetivo de fortalecer las capacidades locales para la prevenci\u00f3n y el control de enfermedades transmitidas por vectores.<\/p>\n","protected":false},"excerpt":{"rendered":"<p>Se llev\u00f3 a cabo el seminario internacional \u201cVilla Mar\u00eda: un modelo innovador para la regi\u00f3n para controlar y prevenir el dengue\u201d, una propuesta que reuni\u00f3 a autoridades, especialistas y representantes de organismos nacionales e internacionales con el objetivo de intercambiar experiencias, estrategias y herramientas vinculadas a la prevenci\u00f3n y el control de enfermedades transmitidas por [&hellip;]<\/p>\n","protected":false},"author":4,"featured_media":114638,"comment_status":"open","ping_status":"open","sticky":false,"template":"","format":"standard","meta":{"site-sidebar-layout":"default","site-content-layout":"","ast-site-content-layout":"default","site-content-style":"default","site-sidebar-style":"default","ast-global-header-display":"","ast-banner-title-visibility":"","ast-main-header-display":"","ast-hfb-above-header-display":"","ast-hfb-below-header-display":"","ast-hfb-mobile-header-display":"","site-post-title":"","ast-breadcrumbs-content":"","ast-featured-img":"","footer-sml-layout":"","ast-disable-related-posts":"","theme-transparent-header-meta":"","adv-header-id-meta":"","stick-header-meta":"","header-above-stick-meta":"","header-main-stick-meta":"","header-below-stick-meta":"","astra-migrate-meta-layouts":"set","ast-page-background-enabled":"default","ast-page-background-meta":{"desktop":{"background-color":"","background-image":"","background-repeat":"repeat","background-position":"center center","background-size":"auto","background-attachment":"scroll","background-type":"","background-media":"","overlay-type":"","overlay-color":"","overlay-opacity":"","overlay-gradient":""},"tablet":{"background-color":"","background-image":"","background-repeat":"repeat","background-position":"center center","background-size":"auto","background-attachment":"scroll","background-type":"","background-media":"","overlay-type":"","overlay-color":"","overlay-opacity":"","overlay-gradient":""},"mobile":{"background-color":"","background-image":"","background-repeat":"repeat","background-position":"center center","background-size":"auto","background-attachment":"scroll","background-type":"","background-media":"","overlay-type":"","overlay-color":"","overlay-opacity":"","overlay-gradient":""}},"ast-content-background-meta":{"desktop":{"background-color":"var(--ast-global-color-5)","background-image":"","background-repeat":"repeat","background-position":"center center","background-size":"auto","background-attachment":"scroll","background-type":"","background-media":"","overlay-type":"","overlay-color":"","overlay-opacity":"","overlay-gradient":""},"tablet":{"background-color":"var(--ast-global-color-5)","background-image":"","background-repeat":"repeat","background-position":"center center","background-size":"auto","background-attachment":"scroll","background-type":"","background-media":"","overlay-type":"","overlay-color":"","overlay-opacity":"","overlay-gradient":""},"mobile":{"background-color":"var(--ast-global-color-5)","background-image":"","background-repeat":"repeat","background-position":"center center","background-size":"auto","background-attachment":"scroll","background-type":"","background-media":"","overlay-type":"","overlay-color":"","overlay-opacity":"","overlay-gradient":""}},"_jetpack_memberships_contains_paid_content":false,"_joinchat":[],"footnotes":""},"categories":[15302,5,2],"tags":[],"class_list":["post-114637","post","type-post","status-publish","format-standard","has-post-thumbnail","hentry","category-destacado","category-sociedad","category-villa-maria"],"yoast_head":"<!-- This site is optimized with the Yoast SEO plugin v26.8 - https:\/\/yoast.com\/product\/yoast-seo-wordpress\/ -->\n<title>Se llev\u00f3 a cabo el seminario internacional \u201cVilla Mar\u00eda: un modelo innovador para la regi\u00f3n para controlar y prevenir el dengue\u201d - El Regional<\/title>\n<meta name=\"robots\" content=\"index, follow, max-snippet:-1, max-image-preview:large, max-video-preview:-1\" \/>\n<link rel=\"canonical\" href=\"https:\/\/elregionalvm.com.ar\/noticias-villa-maria\/se-llevo-a-cabo-el-seminario-internacional-villa-maria-un-modelo-innovador-para-la-region-para-controlar-y-prevenir-el-dengue\/\" \/>\n<meta property=\"og:locale\" content=\"es_ES\" \/>\n<meta property=\"og:type\" content=\"article\" \/>\n<meta property=\"og:title\" content=\"Se llev\u00f3 a cabo el seminario internacional \u201cVilla Mar\u00eda: un modelo innovador para la regi\u00f3n para controlar y prevenir el dengue\u201d - El Regional\" \/>\n<meta property=\"og:description\" content=\"Se llev\u00f3 a cabo el seminario internacional \u201cVilla Mar\u00eda: un modelo innovador para la regi\u00f3n para controlar y prevenir el dengue\u201d, una propuesta que reuni\u00f3 a autoridades, especialistas y representantes de organismos nacionales e internacionales con el objetivo de intercambiar experiencias, estrategias y herramientas vinculadas a la prevenci\u00f3n y el control de enfermedades transmitidas por [&hellip;]\" \/>\n<meta property=\"og:url\" content=\"https:\/\/elregionalvm.com.ar\/noticias-villa-maria\/se-llevo-a-cabo-el-seminario-internacional-villa-maria-un-modelo-innovador-para-la-region-para-controlar-y-prevenir-el-dengue\/\" \/>\n<meta property=\"og:site_name\" content=\"El Regional\" \/>\n<meta property=\"article:publisher\" content=\"https:\/\/www.facebook.com\/elregionalvm\" \/>\n<meta property=\"article:published_time\" content=\"2026-03-14T01:05:46+00:00\" \/>\n<meta property=\"article:modified_time\" content=\"2026-03-14T01:05:48+00:00\" \/>\n<meta property=\"og:image\" content=\"https:\/\/elregionalvm.com.ar\/noticias-villa-maria\/wp-content\/uploads\/2026\/03\/4d9968909c6c4b11b1faf2dd44445763.jpeg\" \/>\n\t<meta property=\"og:image:width\" content=\"800\" \/>\n\t<meta property=\"og:image:height\" content=\"600\" \/>\n\t<meta property=\"og:image:type\" content=\"image\/jpeg\" \/>\n<meta name=\"author\" content=\"Contenidos El Regional\" \/>\n<meta name=\"twitter:card\" content=\"summary_large_image\" \/>\n<meta name=\"twitter:creator\" content=\"@elregionalvm1\" \/>\n<meta name=\"twitter:site\" content=\"@elregionalvm1\" \/>\n<meta name=\"twitter:label1\" content=\"Escrito por\" \/>\n\t<meta name=\"twitter:data1\" content=\"Contenidos El Regional\" \/>\n\t<meta name=\"twitter:label2\" content=\"Tiempo de lectura\" \/>\n\t<meta name=\"twitter:data2\" content=\"4 minutos\" \/>\n<script type=\"application\/ld+json\" class=\"yoast-schema-graph\">{\"@context\":\"https:\/\/schema.org\",\"@graph\":[{\"@type\":\"Article\",\"@id\":\"https:\/\/elregionalvm.com.ar\/noticias-villa-maria\/se-llevo-a-cabo-el-seminario-internacional-villa-maria-un-modelo-innovador-para-la-region-para-controlar-y-prevenir-el-dengue\/#article\",\"isPartOf\":{\"@id\":\"https:\/\/elregionalvm.com.ar\/noticias-villa-maria\/se-llevo-a-cabo-el-seminario-internacional-villa-maria-un-modelo-innovador-para-la-region-para-controlar-y-prevenir-el-dengue\/\"},\"author\":{\"name\":\"Contenidos El Regional\",\"@id\":\"http:\/\/elregionalvm.com.ar\/noticias-villa-maria\/#\/schema\/person\/a0fb9c422317faca23d50163151bc354\"},\"headline\":\"Se llev\u00f3 a cabo el seminario internacional \u201cVilla Mar\u00eda: un modelo innovador para la regi\u00f3n para controlar y prevenir el dengue\u201d\",\"datePublished\":\"2026-03-14T01:05:46+00:00\",\"dateModified\":\"2026-03-14T01:05:48+00:00\",\"mainEntityOfPage\":{\"@id\":\"https:\/\/elregionalvm.com.ar\/noticias-villa-maria\/se-llevo-a-cabo-el-seminario-internacional-villa-maria-un-modelo-innovador-para-la-region-para-controlar-y-prevenir-el-dengue\/\"},\"wordCount\":730,\"commentCount\":0,\"image\":{\"@id\":\"https:\/\/elregionalvm.com.ar\/noticias-villa-maria\/se-llevo-a-cabo-el-seminario-internacional-villa-maria-un-modelo-innovador-para-la-region-para-controlar-y-prevenir-el-dengue\/#primaryimage\"},\"thumbnailUrl\":\"https:\/\/i0.wp.com\/elregionalvm.com.ar\/noticias-villa-maria\/wp-content\/uploads\/2026\/03\/4d9968909c6c4b11b1faf2dd44445763.jpeg?fit=800%2C600&ssl=1\",\"articleSection\":[\"destacado\",\"Sociedad\",\"Villa Mar\u00eda\"],\"inLanguage\":\"es\",\"potentialAction\":[{\"@type\":\"CommentAction\",\"name\":\"Comment\",\"target\":[\"https:\/\/elregionalvm.com.ar\/noticias-villa-maria\/se-llevo-a-cabo-el-seminario-internacional-villa-maria-un-modelo-innovador-para-la-region-para-controlar-y-prevenir-el-dengue\/#respond\"]}]},{\"@type\":\"WebPage\",\"@id\":\"https:\/\/elregionalvm.com.ar\/noticias-villa-maria\/se-llevo-a-cabo-el-seminario-internacional-villa-maria-un-modelo-innovador-para-la-region-para-controlar-y-prevenir-el-dengue\/\",\"url\":\"https:\/\/elregionalvm.com.ar\/noticias-villa-maria\/se-llevo-a-cabo-el-seminario-internacional-villa-maria-un-modelo-innovador-para-la-region-para-controlar-y-prevenir-el-dengue\/\",\"name\":\"Se llev\u00f3 a cabo el seminario internacional \u201cVilla Mar\u00eda: un modelo innovador para la regi\u00f3n para controlar y prevenir el dengue\u201d - El Regional\",\"isPartOf\":{\"@id\":\"http:\/\/elregionalvm.com.ar\/noticias-villa-maria\/#website\"},\"primaryImageOfPage\":{\"@id\":\"https:\/\/elregionalvm.com.ar\/noticias-villa-maria\/se-llevo-a-cabo-el-seminario-internacional-villa-maria-un-modelo-innovador-para-la-region-para-controlar-y-prevenir-el-dengue\/#primaryimage\"},\"image\":{\"@id\":\"https:\/\/elregionalvm.com.ar\/noticias-villa-maria\/se-llevo-a-cabo-el-seminario-internacional-villa-maria-un-modelo-innovador-para-la-region-para-controlar-y-prevenir-el-dengue\/#primaryimage\"},\"thumbnailUrl\":\"https:\/\/i0.wp.com\/elregionalvm.com.ar\/noticias-villa-maria\/wp-content\/uploads\/2026\/03\/4d9968909c6c4b11b1faf2dd44445763.jpeg?fit=800%2C600&ssl=1\",\"datePublished\":\"2026-03-14T01:05:46+00:00\",\"dateModified\":\"2026-03-14T01:05:48+00:00\",\"author\":{\"@id\":\"http:\/\/elregionalvm.com.ar\/noticias-villa-maria\/#\/schema\/person\/a0fb9c422317faca23d50163151bc354\"},\"breadcrumb\":{\"@id\":\"https:\/\/elregionalvm.com.ar\/noticias-villa-maria\/se-llevo-a-cabo-el-seminario-internacional-villa-maria-un-modelo-innovador-para-la-region-para-controlar-y-prevenir-el-dengue\/#breadcrumb\"},\"inLanguage\":\"es\",\"potentialAction\":[{\"@type\":\"ReadAction\",\"target\":[\"https:\/\/elregionalvm.com.ar\/noticias-villa-maria\/se-llevo-a-cabo-el-seminario-internacional-villa-maria-un-modelo-innovador-para-la-region-para-controlar-y-prevenir-el-dengue\/\"]}]},{\"@type\":\"ImageObject\",\"inLanguage\":\"es\",\"@id\":\"https:\/\/elregionalvm.com.ar\/noticias-villa-maria\/se-llevo-a-cabo-el-seminario-internacional-villa-maria-un-modelo-innovador-para-la-region-para-controlar-y-prevenir-el-dengue\/#primaryimage\",\"url\":\"https:\/\/i0.wp.com\/elregionalvm.com.ar\/noticias-villa-maria\/wp-content\/uploads\/2026\/03\/4d9968909c6c4b11b1faf2dd44445763.jpeg?fit=800%2C600&ssl=1\",\"contentUrl\":\"https:\/\/i0.wp.com\/elregionalvm.com.ar\/noticias-villa-maria\/wp-content\/uploads\/2026\/03\/4d9968909c6c4b11b1faf2dd44445763.jpeg?fit=800%2C600&ssl=1\",\"width\":800,\"height\":600},{\"@type\":\"BreadcrumbList\",\"@id\":\"https:\/\/elregionalvm.com.ar\/noticias-villa-maria\/se-llevo-a-cabo-el-seminario-internacional-villa-maria-un-modelo-innovador-para-la-region-para-controlar-y-prevenir-el-dengue\/#breadcrumb\",\"itemListElement\":[{\"@type\":\"ListItem\",\"position\":1,\"name\":\"Portada\",\"item\":\"https:\/\/elregionalvm.com.ar\/noticias-villa-maria\/\"},{\"@type\":\"ListItem\",\"position\":2,\"name\":\"Se llev\u00f3 a cabo el seminario internacional \u201cVilla Mar\u00eda: un modelo innovador para la regi\u00f3n para controlar y prevenir el dengue\u201d\"}]},{\"@type\":\"WebSite\",\"@id\":\"http:\/\/elregionalvm.com.ar\/noticias-villa-maria\/#website\",\"url\":\"http:\/\/elregionalvm.com.ar\/noticias-villa-maria\/\",\"name\":\"El Regional\",\"description\":\"Mucho m\u00e1s que informaci\u00f3n\",\"potentialAction\":[{\"@type\":\"SearchAction\",\"target\":{\"@type\":\"EntryPoint\",\"urlTemplate\":\"http:\/\/elregionalvm.com.ar\/noticias-villa-maria\/?s={search_term_string}\"},\"query-input\":{\"@type\":\"PropertyValueSpecification\",\"valueRequired\":true,\"valueName\":\"search_term_string\"}}],\"inLanguage\":\"es\"},{\"@type\":\"Person\",\"@id\":\"http:\/\/elregionalvm.com.ar\/noticias-villa-maria\/#\/schema\/person\/a0fb9c422317faca23d50163151bc354\",\"name\":\"Contenidos El Regional\",\"image\":{\"@type\":\"ImageObject\",\"inLanguage\":\"es\",\"@id\":\"http:\/\/elregionalvm.com.ar\/noticias-villa-maria\/#\/schema\/person\/image\/\",\"url\":\"https:\/\/secure.gravatar.com\/avatar\/265b27cb2209af7bb3a1318f03305787d7981a5cc6e6cd08fe5a4ecdf99d4b48?s=96&d=mm&r=g\",\"contentUrl\":\"https:\/\/secure.gravatar.com\/avatar\/265b27cb2209af7bb3a1318f03305787d7981a5cc6e6cd08fe5a4ecdf99d4b48?s=96&d=mm&r=g\",\"caption\":\"Contenidos El Regional\"},\"url\":\"https:\/\/elregionalvm.com.ar\/noticias-villa-maria\/author\/contenido\/\"}]}<\/script>\n<!-- \/ Yoast SEO plugin. -->","yoast_head_json":{"title":"Se llev\u00f3 a cabo el seminario internacional \u201cVilla Mar\u00eda: un modelo innovador para la regi\u00f3n para controlar y prevenir el dengue\u201d - El Regional","robots":{"index":"index","follow":"follow","max-snippet":"max-snippet:-1","max-image-preview":"max-image-preview:large","max-video-preview":"max-video-preview:-1"},"canonical":"https:\/\/elregionalvm.com.ar\/noticias-villa-maria\/se-llevo-a-cabo-el-seminario-internacional-villa-maria-un-modelo-innovador-para-la-region-para-controlar-y-prevenir-el-dengue\/","og_locale":"es_ES","og_type":"article","og_title":"Se llev\u00f3 a cabo el seminario internacional \u201cVilla Mar\u00eda: un modelo innovador para la regi\u00f3n para controlar y prevenir el dengue\u201d - El Regional","og_description":"Se llev\u00f3 a cabo el seminario internacional \u201cVilla Mar\u00eda: un modelo innovador para la regi\u00f3n para controlar y prevenir el dengue\u201d, una propuesta que reuni\u00f3 a autoridades, especialistas y representantes de organismos nacionales e internacionales con el objetivo de intercambiar experiencias, estrategias y herramientas vinculadas a la prevenci\u00f3n y el control de enfermedades transmitidas por [&hellip;]","og_url":"https:\/\/elregionalvm.com.ar\/noticias-villa-maria\/se-llevo-a-cabo-el-seminario-internacional-villa-maria-un-modelo-innovador-para-la-region-para-controlar-y-prevenir-el-dengue\/","og_site_name":"El Regional","article_publisher":"https:\/\/www.facebook.com\/elregionalvm","article_published_time":"2026-03-14T01:05:46+00:00","article_modified_time":"2026-03-14T01:05:48+00:00","og_image":[{"width":800,"height":600,"url":"https:\/\/elregionalvm.com.ar\/noticias-villa-maria\/wp-content\/uploads\/2026\/03\/4d9968909c6c4b11b1faf2dd44445763.jpeg","type":"image\/jpeg"}],"author":"Contenidos El Regional","twitter_card":"summary_large_image","twitter_creator":"@elregionalvm1","twitter_site":"@elregionalvm1","twitter_misc":{"Escrito por":"Contenidos El Regional","Tiempo de lectura":"4 minutos"},"schema":{"@context":"https:\/\/schema.org","@graph":[{"@type":"Article","@id":"https:\/\/elregionalvm.com.ar\/noticias-villa-maria\/se-llevo-a-cabo-el-seminario-internacional-villa-maria-un-modelo-innovador-para-la-region-para-controlar-y-prevenir-el-dengue\/#article","isPartOf":{"@id":"https:\/\/elregionalvm.com.ar\/noticias-villa-maria\/se-llevo-a-cabo-el-seminario-internacional-villa-maria-un-modelo-innovador-para-la-region-para-controlar-y-prevenir-el-dengue\/"},"author":{"name":"Contenidos El Regional","@id":"http:\/\/elregionalvm.com.ar\/noticias-villa-maria\/#\/schema\/person\/a0fb9c422317faca23d50163151bc354"},"headline":"Se llev\u00f3 a cabo el seminario internacional \u201cVilla Mar\u00eda: un modelo innovador para la regi\u00f3n para controlar y prevenir el dengue\u201d","datePublished":"2026-03-14T01:05:46+00:00","dateModified":"2026-03-14T01:05:48+00:00","mainEntityOfPage":{"@id":"https:\/\/elregionalvm.com.ar\/noticias-villa-maria\/se-llevo-a-cabo-el-seminario-internacional-villa-maria-un-modelo-innovador-para-la-region-para-controlar-y-prevenir-el-dengue\/"},"wordCount":730,"commentCount":0,"image":{"@id":"https:\/\/elregionalvm.com.ar\/noticias-villa-maria\/se-llevo-a-cabo-el-seminario-internacional-villa-maria-un-modelo-innovador-para-la-region-para-controlar-y-prevenir-el-dengue\/#primaryimage"},"thumbnailUrl":"https:\/\/i0.wp.com\/elregionalvm.com.ar\/noticias-villa-maria\/wp-content\/uploads\/2026\/03\/4d9968909c6c4b11b1faf2dd44445763.jpeg?fit=800%2C600&ssl=1","articleSection":["destacado","Sociedad","Villa Mar\u00eda"],"inLanguage":"es","potentialAction":[{"@type":"CommentAction","name":"Comment","target":["https:\/\/elregionalvm.com.ar\/noticias-villa-maria\/se-llevo-a-cabo-el-seminario-internacional-villa-maria-un-modelo-innovador-para-la-region-para-controlar-y-prevenir-el-dengue\/#respond"]}]},{"@type":"WebPage","@id":"https:\/\/elregionalvm.com.ar\/noticias-villa-maria\/se-llevo-a-cabo-el-seminario-internacional-villa-maria-un-modelo-innovador-para-la-region-para-controlar-y-prevenir-el-dengue\/","url":"https:\/\/elregionalvm.com.ar\/noticias-villa-maria\/se-llevo-a-cabo-el-seminario-internacional-villa-maria-un-modelo-innovador-para-la-region-para-controlar-y-prevenir-el-dengue\/","name":"Se llev\u00f3 a cabo el seminario internacional \u201cVilla Mar\u00eda: un modelo innovador para la regi\u00f3n para controlar y prevenir el dengue\u201d - El Regional","isPartOf":{"@id":"http:\/\/elregionalvm.com.ar\/noticias-villa-maria\/#website"},"primaryImageOfPage":{"@id":"https:\/\/elregionalvm.com.ar\/noticias-villa-maria\/se-llevo-a-cabo-el-seminario-internacional-villa-maria-un-modelo-innovador-para-la-region-para-controlar-y-prevenir-el-dengue\/#primaryimage"},"image":{"@id":"https:\/\/elregionalvm.com.ar\/noticias-villa-maria\/se-llevo-a-cabo-el-seminario-internacional-villa-maria-un-modelo-innovador-para-la-region-para-controlar-y-prevenir-el-dengue\/#primaryimage"},"thumbnailUrl":"https:\/\/i0.wp.com\/elregionalvm.com.ar\/noticias-villa-maria\/wp-content\/uploads\/2026\/03\/4d9968909c6c4b11b1faf2dd44445763.jpeg?fit=800%2C600&ssl=1","datePublished":"2026-03-14T01:05:46+00:00","dateModified":"2026-03-14T01:05:48+00:00","author":{"@id":"http:\/\/elregionalvm.com.ar\/noticias-villa-maria\/#\/schema\/person\/a0fb9c422317faca23d50163151bc354"},"breadcrumb":{"@id":"https:\/\/elregionalvm.com.ar\/noticias-villa-maria\/se-llevo-a-cabo-el-seminario-internacional-villa-maria-un-modelo-innovador-para-la-region-para-controlar-y-prevenir-el-dengue\/#breadcrumb"},"inLanguage":"es","potentialAction":[{"@type":"ReadAction","target":["https:\/\/elregionalvm.com.ar\/noticias-villa-maria\/se-llevo-a-cabo-el-seminario-internacional-villa-maria-un-modelo-innovador-para-la-region-para-controlar-y-prevenir-el-dengue\/"]}]},{"@type":"ImageObject","inLanguage":"es","@id":"https:\/\/elregionalvm.com.ar\/noticias-villa-maria\/se-llevo-a-cabo-el-seminario-internacional-villa-maria-un-modelo-innovador-para-la-region-para-controlar-y-prevenir-el-dengue\/#primaryimage","url":"https:\/\/i0.wp.com\/elregionalvm.com.ar\/noticias-villa-maria\/wp-content\/uploads\/2026\/03\/4d9968909c6c4b11b1faf2dd44445763.jpeg?fit=800%2C600&ssl=1","contentUrl":"https:\/\/i0.wp.com\/elregionalvm.com.ar\/noticias-villa-maria\/wp-content\/uploads\/2026\/03\/4d9968909c6c4b11b1faf2dd44445763.jpeg?fit=800%2C600&ssl=1","width":800,"height":600},{"@type":"BreadcrumbList","@id":"https:\/\/elregionalvm.com.ar\/noticias-villa-maria\/se-llevo-a-cabo-el-seminario-internacional-villa-maria-un-modelo-innovador-para-la-region-para-controlar-y-prevenir-el-dengue\/#breadcrumb","itemListElement":[{"@type":"ListItem","position":1,"name":"Portada","item":"https:\/\/elregionalvm.com.ar\/noticias-villa-maria\/"},{"@type":"ListItem","position":2,"name":"Se llev\u00f3 a cabo el seminario internacional \u201cVilla Mar\u00eda: un modelo innovador para la regi\u00f3n para controlar y prevenir el dengue\u201d"}]},{"@type":"WebSite","@id":"http:\/\/elregionalvm.com.ar\/noticias-villa-maria\/#website","url":"http:\/\/elregionalvm.com.ar\/noticias-villa-maria\/","name":"El Regional","description":"Mucho m\u00e1s que informaci\u00f3n","potentialAction":[{"@type":"SearchAction","target":{"@type":"EntryPoint","urlTemplate":"http:\/\/elregionalvm.com.ar\/noticias-villa-maria\/?s={search_term_string}"},"query-input":{"@type":"PropertyValueSpecification","valueRequired":true,"valueName":"search_term_string"}}],"inLanguage":"es"},{"@type":"Person","@id":"http:\/\/elregionalvm.com.ar\/noticias-villa-maria\/#\/schema\/person\/a0fb9c422317faca23d50163151bc354","name":"Contenidos El Regional","image":{"@type":"ImageObject","inLanguage":"es","@id":"http:\/\/elregionalvm.com.ar\/noticias-villa-maria\/#\/schema\/person\/image\/","url":"https:\/\/secure.gravatar.com\/avatar\/265b27cb2209af7bb3a1318f03305787d7981a5cc6e6cd08fe5a4ecdf99d4b48?s=96&d=mm&r=g","contentUrl":"https:\/\/secure.gravatar.com\/avatar\/265b27cb2209af7bb3a1318f03305787d7981a5cc6e6cd08fe5a4ecdf99d4b48?s=96&d=mm&r=g","caption":"Contenidos El Regional"},"url":"https:\/\/elregionalvm.com.ar\/noticias-villa-maria\/author\/contenido\/"}]}},"jetpack_featured_media_url":"https:\/\/i0.wp.com\/elregionalvm.com.ar\/noticias-villa-maria\/wp-content\/uploads\/2026\/03\/4d9968909c6c4b11b1faf2dd44445763.jpeg?fit=800%2C600&ssl=1","jetpack_sharing_enabled":true,"_links":{"self":[{"href":"https:\/\/elregionalvm.com.ar\/noticias-villa-maria\/wp-json\/wp\/v2\/posts\/114637","targetHints":{"allow":["GET"]}}],"collection":[{"href":"https:\/\/elregionalvm.com.ar\/noticias-villa-maria\/wp-json\/wp\/v2\/posts"}],"about":[{"href":"https:\/\/elregionalvm.com.ar\/noticias-villa-maria\/wp-json\/wp\/v2\/types\/post"}],"author":[{"embeddable":true,"href":"https:\/\/elregionalvm.com.ar\/noticias-villa-maria\/wp-json\/wp\/v2\/users\/4"}],"replies":[{"embeddable":true,"href":"https:\/\/elregionalvm.com.ar\/noticias-villa-maria\/wp-json\/wp\/v2\/comments?post=114637"}],"version-history":[{"count":1,"href":"https:\/\/elregionalvm.com.ar\/noticias-villa-maria\/wp-json\/wp\/v2\/posts\/114637\/revisions"}],"predecessor-version":[{"id":114639,"href":"https:\/\/elregionalvm.com.ar\/noticias-villa-maria\/wp-json\/wp\/v2\/posts\/114637\/revisions\/114639"}],"wp:featuredmedia":[{"embeddable":true,"href":"https:\/\/elregionalvm.com.ar\/noticias-villa-maria\/wp-json\/wp\/v2\/media\/114638"}],"wp:attachment":[{"href":"https:\/\/elregionalvm.com.ar\/noticias-villa-maria\/wp-json\/wp\/v2\/media?parent=114637"}],"wp:term":[{"taxonomy":"category","embeddable":true,"href":"https:\/\/elregionalvm.com.ar\/noticias-villa-maria\/wp-json\/wp\/v2\/categories?post=114637"},{"taxonomy":"post_tag","embeddable":true,"href":"https:\/\/elregionalvm.com.ar\/noticias-villa-maria\/wp-json\/wp\/v2\/tags?post=114637"}],"curies":[{"name":"wp","href":"https:\/\/api.w.org\/{rel}","templated":true}]}}