{"id":114646,"date":"2026-03-14T01:36:28","date_gmt":"2026-03-14T01:36:28","guid":{"rendered":"https:\/\/elregionalvm.com.ar\/noticias-villa-maria\/?p=114646"},"modified":"2026-03-14T01:36:30","modified_gmt":"2026-03-14T01:36:30","slug":"se-confirmo-el-primer-caso-autoctono-de-dengue-en-la-provincia-y-desde-salud-recomiendan-intensificar-los-cuidados","status":"publish","type":"post","link":"https:\/\/elregionalvm.com.ar\/noticias-villa-maria\/se-confirmo-el-primer-caso-autoctono-de-dengue-en-la-provincia-y-desde-salud-recomiendan-intensificar-los-cuidados\/","title":{"rendered":"Se confirm\u00f3 el primer caso aut\u00f3ctono de Dengue en la Provincia y desde Salud recomiendan intensificar los cuidados"},"content":{"rendered":"\n<p>El Ministerio de Salud recuerda la importancia de sostener las medidas de prevenci\u00f3n, ante la confirmaci\u00f3n del primer caso aut\u00f3ctono de dengue en la provincia.<\/p>\n\n\n\n<p>Este primer caso corresponde a una mujer de 16 a\u00f1os, oriunda de C\u00f3rdoba Capital, sin antecedentes de viajes, quien no contaba con esquema de vacunaci\u00f3n contra el dengue.<\/p>\n\n\n\n<p>La paciente requiri\u00f3 atenci\u00f3n ambulatoria, sin necesidad de internaci\u00f3n, y con una evoluci\u00f3n favorable. Adem\u00e1s, se identific\u00f3 un contacto conviviente con s\u00edntomas compatibles, que se encuentra en estudio.<\/p>\n\n\n\n<p>Vale mencionar que se llevaron adelante las correspondientes acciones de bloqueo de foco en el sector junto a la municipalidad de la ciudad.<\/p>\n\n\n\n<p>A la fecha y en lo que va de la temporada, se hab\u00eda confirmado un caso importado de dengue, con antecedente de viaje a M\u00e9xico; y dos de chikungunya, ambos con antecedente de viaje a Cuba.<\/p>\n\n\n\n<p><strong>La importancia de sostener las medidas de prevenci\u00f3n<\/strong><\/p>\n\n\n\n<p>En esta \u00e9poca de altas temperaturas y mayor humedad, es fundamental sostener los cuidados, ya que es cuando hay mayor proliferaci\u00f3n de mosquitos.<\/p>\n\n\n\n<p>En este marco, las principales medidas est\u00e1n vinculadas a los ambientes domiciliarios y sus alrededores (peridomicilio), donde se reproduce este insecto.<\/p>\n\n\n\n<p>Las medidas preventivas dentro del hogar son:<\/p>\n\n\n\n<p>\u2022 Eliminar todos los recipientes en desuso que puedan acumular agua.<br>\u2022 Mantener los patios y jardines limpios, ordenados y desmalezados.<br>\u2022 Limpiar a diario los bebederos de animales, cepillando las paredes del recipiente.<br>\u2022 Rellenar floreros y portamacetas con arena h\u00fameda. Si no es posible, lavarlos diariamente y cambiar el agua.<br>\u2022 Limpiar canaletas y desag\u00fces de lluvia de los techos.<br>\u2022 Colocar boca abajo, tapar o vaciar aquellos objetos que no puedan desechar y puedan acumular agua.<\/p>\n\n\n\n<p>Tambi\u00e9n es importante profundizar las medidas para evitar las picaduras del mosquito:<\/p>\n\n\n\n<p>\u2022 Colocar telas mosquiteras en puertas y ventanas.<br>\u2022 Usar repelentes siguiendo cuidadosamente las recomendaciones del envase.<br>\u2022 Utilizar ropa clara que cubra los brazos y las piernas, especialmente durante las actividades al aire libre.<br>\u2022 Proteger con tules las cunas y cochecitos de beb\u00e9s.<\/p>\n\n\n\n<p><strong>Notificaci\u00f3n y consulta oportuna<\/strong><\/p>\n\n\n\n<p>Adem\u00e1s, es fundamental la notificaci\u00f3n oportuna de los s\u00edndromes febriles por parte de los equipos de salud, y de la consulta temprana por parte de la poblaci\u00f3n.<\/p>\n\n\n\n<p>En caso de presentar s\u00edntomas como fiebre, dolores musculares y\/o articulares, cefalea, deben dirigirse al centro de salud m\u00e1s cercano y no automedicarse.<\/p>\n\n\n\n<p><strong>Contin\u00faa la vacunaci\u00f3n contra el dengue<\/strong><\/p>\n\n\n\n<p>Salud recuerda que contin\u00faa la vacunaci\u00f3n para la temporada 2025-2026 contra el dengue, dirigida a personas entre 15 y 59 a\u00f1os de edad, en los 13 departamentos priorizados.<\/p>\n\n\n\n<p>Las dosis est\u00e1n disponibles en los vacunatorios de los hospitales provinciales de cabecera de cada departamento, y en diferentes centros de salud municipales.<\/p>\n\n\n\n<p>Vale recordar que estos departamentos son Capital, Col\u00f3n, General San Mart\u00edn, Marcos Ju\u00e1rez, Punilla, R\u00edo Cuarto, R\u00edo Segundo, San Alberto, San Javier, San Justo, Santa Mar\u00eda, Tercero Arriba y Uni\u00f3n.<\/p>\n\n\n\n<p>El esquema consiste en dos dosis, administradas con un intervalo de tres meses entre cada aplicaci\u00f3n. Es fundamental destacar que no es necesario haber cursado la enfermedad para recibir esta vacuna.<\/p>\n","protected":false},"excerpt":{"rendered":"<p>El Ministerio de Salud recuerda la importancia de sostener las medidas de prevenci\u00f3n, ante la confirmaci\u00f3n del primer caso aut\u00f3ctono de dengue en la provincia. Este primer caso corresponde a una mujer de 16 a\u00f1os, oriunda de C\u00f3rdoba Capital, sin antecedentes de viajes, quien no contaba con esquema de vacunaci\u00f3n contra el dengue. La paciente [&hellip;]<\/p>\n","protected":false},"author":4,"featured_media":114647,"comment_status":"open","ping_status":"open","sticky":false,"template":"","format":"standard","meta":{"site-sidebar-layout":"default","site-content-layout":"","ast-site-content-layout":"default","site-content-style":"default","site-sidebar-style":"default","ast-global-header-display":"","ast-banner-title-visibility":"","ast-main-header-display":"","ast-hfb-above-header-display":"","ast-hfb-below-header-display":"","ast-hfb-mobile-header-display":"","site-post-title":"","ast-breadcrumbs-content":"","ast-featured-img":"","footer-sml-layout":"","ast-disable-related-posts":"","theme-transparent-header-meta":"","adv-header-id-meta":"","stick-header-meta":"","header-above-stick-meta":"","header-main-stick-meta":"","header-below-stick-meta":"","astra-migrate-meta-layouts":"set","ast-page-background-enabled":"default","ast-page-background-meta":{"desktop":{"background-color":"","background-image":"","background-repeat":"repeat","background-position":"center center","background-size":"auto","background-attachment":"scroll","background-type":"","background-media":"","overlay-type":"","overlay-color":"","overlay-opacity":"","overlay-gradient":""},"tablet":{"background-color":"","background-image":"","background-repeat":"repeat","background-position":"center center","background-size":"auto","background-attachment":"scroll","background-type":"","background-media":"","overlay-type":"","overlay-color":"","overlay-opacity":"","overlay-gradient":""},"mobile":{"background-color":"","background-image":"","background-repeat":"repeat","background-position":"center center","background-size":"auto","background-attachment":"scroll","background-type":"","background-media":"","overlay-type":"","overlay-color":"","overlay-opacity":"","overlay-gradient":""}},"ast-content-background-meta":{"desktop":{"background-color":"var(--ast-global-color-5)","background-image":"","background-repeat":"repeat","background-position":"center center","background-size":"auto","background-attachment":"scroll","background-type":"","background-media":"","overlay-type":"","overlay-color":"","overlay-opacity":"","overlay-gradient":""},"tablet":{"background-color":"var(--ast-global-color-5)","background-image":"","background-repeat":"repeat","background-position":"center center","background-size":"auto","background-attachment":"scroll","background-type":"","background-media":"","overlay-type":"","overlay-color":"","overlay-opacity":"","overlay-gradient":""},"mobile":{"background-color":"var(--ast-global-color-5)","background-image":"","background-repeat":"repeat","background-position":"center center","background-size":"auto","background-attachment":"scroll","background-type":"","background-media":"","overlay-type":"","overlay-color":"","overlay-opacity":"","overlay-gradient":""}},"_jetpack_memberships_contains_paid_content":false,"_joinchat":[],"footnotes":""},"categories":[15302,16095,5],"tags":[],"class_list":["post-114646","post","type-post","status-publish","format-standard","has-post-thumbnail","hentry","category-destacado","category-provinciales","category-sociedad"],"yoast_head":"<!-- This site is optimized with the Yoast SEO plugin v26.8 - https:\/\/yoast.com\/product\/yoast-seo-wordpress\/ -->\n<title>Se confirm\u00f3 el primer caso aut\u00f3ctono de Dengue en la Provincia y desde Salud recomiendan intensificar los cuidados - El Regional<\/title>\n<meta name=\"robots\" content=\"index, follow, max-snippet:-1, max-image-preview:large, max-video-preview:-1\" \/>\n<link rel=\"canonical\" href=\"https:\/\/elregionalvm.com.ar\/noticias-villa-maria\/se-confirmo-el-primer-caso-autoctono-de-dengue-en-la-provincia-y-desde-salud-recomiendan-intensificar-los-cuidados\/\" \/>\n<meta property=\"og:locale\" content=\"es_ES\" \/>\n<meta property=\"og:type\" content=\"article\" \/>\n<meta property=\"og:title\" content=\"Se confirm\u00f3 el primer caso aut\u00f3ctono de Dengue en la Provincia y desde Salud recomiendan intensificar los cuidados - El Regional\" \/>\n<meta property=\"og:description\" content=\"El Ministerio de Salud recuerda la importancia de sostener las medidas de prevenci\u00f3n, ante la confirmaci\u00f3n del primer caso aut\u00f3ctono de dengue en la provincia. Este primer caso corresponde a una mujer de 16 a\u00f1os, oriunda de C\u00f3rdoba Capital, sin antecedentes de viajes, quien no contaba con esquema de vacunaci\u00f3n contra el dengue. La paciente [&hellip;]\" \/>\n<meta property=\"og:url\" content=\"https:\/\/elregionalvm.com.ar\/noticias-villa-maria\/se-confirmo-el-primer-caso-autoctono-de-dengue-en-la-provincia-y-desde-salud-recomiendan-intensificar-los-cuidados\/\" \/>\n<meta property=\"og:site_name\" content=\"El Regional\" \/>\n<meta property=\"article:publisher\" content=\"https:\/\/www.facebook.com\/elregionalvm\" \/>\n<meta property=\"article:published_time\" content=\"2026-03-14T01:36:28+00:00\" \/>\n<meta property=\"article:modified_time\" content=\"2026-03-14T01:36:30+00:00\" \/>\n<meta property=\"og:image\" content=\"https:\/\/elregionalvm.com.ar\/noticias-villa-maria\/wp-content\/uploads\/2026\/03\/Monitoreo-aedico-Dengue.jpg\" \/>\n\t<meta property=\"og:image:width\" content=\"990\" \/>\n\t<meta property=\"og:image:height\" content=\"660\" \/>\n\t<meta property=\"og:image:type\" content=\"image\/jpeg\" \/>\n<meta name=\"author\" content=\"Contenidos El Regional\" \/>\n<meta name=\"twitter:card\" content=\"summary_large_image\" \/>\n<meta name=\"twitter:creator\" content=\"@elregionalvm1\" \/>\n<meta name=\"twitter:site\" content=\"@elregionalvm1\" \/>\n<meta name=\"twitter:label1\" content=\"Escrito por\" \/>\n\t<meta name=\"twitter:data1\" content=\"Contenidos El Regional\" \/>\n\t<meta name=\"twitter:label2\" content=\"Tiempo de lectura\" \/>\n\t<meta name=\"twitter:data2\" content=\"3 minutos\" \/>\n<script type=\"application\/ld+json\" class=\"yoast-schema-graph\">{\"@context\":\"https:\/\/schema.org\",\"@graph\":[{\"@type\":\"Article\",\"@id\":\"https:\/\/elregionalvm.com.ar\/noticias-villa-maria\/se-confirmo-el-primer-caso-autoctono-de-dengue-en-la-provincia-y-desde-salud-recomiendan-intensificar-los-cuidados\/#article\",\"isPartOf\":{\"@id\":\"https:\/\/elregionalvm.com.ar\/noticias-villa-maria\/se-confirmo-el-primer-caso-autoctono-de-dengue-en-la-provincia-y-desde-salud-recomiendan-intensificar-los-cuidados\/\"},\"author\":{\"name\":\"Contenidos El Regional\",\"@id\":\"http:\/\/elregionalvm.com.ar\/noticias-villa-maria\/#\/schema\/person\/a0fb9c422317faca23d50163151bc354\"},\"headline\":\"Se confirm\u00f3 el primer caso aut\u00f3ctono de Dengue en la Provincia y desde Salud recomiendan intensificar los cuidados\",\"datePublished\":\"2026-03-14T01:36:28+00:00\",\"dateModified\":\"2026-03-14T01:36:30+00:00\",\"mainEntityOfPage\":{\"@id\":\"https:\/\/elregionalvm.com.ar\/noticias-villa-maria\/se-confirmo-el-primer-caso-autoctono-de-dengue-en-la-provincia-y-desde-salud-recomiendan-intensificar-los-cuidados\/\"},\"wordCount\":554,\"commentCount\":0,\"image\":{\"@id\":\"https:\/\/elregionalvm.com.ar\/noticias-villa-maria\/se-confirmo-el-primer-caso-autoctono-de-dengue-en-la-provincia-y-desde-salud-recomiendan-intensificar-los-cuidados\/#primaryimage\"},\"thumbnailUrl\":\"https:\/\/i0.wp.com\/elregionalvm.com.ar\/noticias-villa-maria\/wp-content\/uploads\/2026\/03\/Monitoreo-aedico-Dengue.jpg?fit=990%2C660&ssl=1\",\"articleSection\":[\"destacado\",\"Provinciales\",\"Sociedad\"],\"inLanguage\":\"es\",\"potentialAction\":[{\"@type\":\"CommentAction\",\"name\":\"Comment\",\"target\":[\"https:\/\/elregionalvm.com.ar\/noticias-villa-maria\/se-confirmo-el-primer-caso-autoctono-de-dengue-en-la-provincia-y-desde-salud-recomiendan-intensificar-los-cuidados\/#respond\"]}]},{\"@type\":\"WebPage\",\"@id\":\"https:\/\/elregionalvm.com.ar\/noticias-villa-maria\/se-confirmo-el-primer-caso-autoctono-de-dengue-en-la-provincia-y-desde-salud-recomiendan-intensificar-los-cuidados\/\",\"url\":\"https:\/\/elregionalvm.com.ar\/noticias-villa-maria\/se-confirmo-el-primer-caso-autoctono-de-dengue-en-la-provincia-y-desde-salud-recomiendan-intensificar-los-cuidados\/\",\"name\":\"Se confirm\u00f3 el primer caso aut\u00f3ctono de Dengue en la Provincia y desde Salud recomiendan intensificar los cuidados - El Regional\",\"isPartOf\":{\"@id\":\"http:\/\/elregionalvm.com.ar\/noticias-villa-maria\/#website\"},\"primaryImageOfPage\":{\"@id\":\"https:\/\/elregionalvm.com.ar\/noticias-villa-maria\/se-confirmo-el-primer-caso-autoctono-de-dengue-en-la-provincia-y-desde-salud-recomiendan-intensificar-los-cuidados\/#primaryimage\"},\"image\":{\"@id\":\"https:\/\/elregionalvm.com.ar\/noticias-villa-maria\/se-confirmo-el-primer-caso-autoctono-de-dengue-en-la-provincia-y-desde-salud-recomiendan-intensificar-los-cuidados\/#primaryimage\"},\"thumbnailUrl\":\"https:\/\/i0.wp.com\/elregionalvm.com.ar\/noticias-villa-maria\/wp-content\/uploads\/2026\/03\/Monitoreo-aedico-Dengue.jpg?fit=990%2C660&ssl=1\",\"datePublished\":\"2026-03-14T01:36:28+00:00\",\"dateModified\":\"2026-03-14T01:36:30+00:00\",\"author\":{\"@id\":\"http:\/\/elregionalvm.com.ar\/noticias-villa-maria\/#\/schema\/person\/a0fb9c422317faca23d50163151bc354\"},\"breadcrumb\":{\"@id\":\"https:\/\/elregionalvm.com.ar\/noticias-villa-maria\/se-confirmo-el-primer-caso-autoctono-de-dengue-en-la-provincia-y-desde-salud-recomiendan-intensificar-los-cuidados\/#breadcrumb\"},\"inLanguage\":\"es\",\"potentialAction\":[{\"@type\":\"ReadAction\",\"target\":[\"https:\/\/elregionalvm.com.ar\/noticias-villa-maria\/se-confirmo-el-primer-caso-autoctono-de-dengue-en-la-provincia-y-desde-salud-recomiendan-intensificar-los-cuidados\/\"]}]},{\"@type\":\"ImageObject\",\"inLanguage\":\"es\",\"@id\":\"https:\/\/elregionalvm.com.ar\/noticias-villa-maria\/se-confirmo-el-primer-caso-autoctono-de-dengue-en-la-provincia-y-desde-salud-recomiendan-intensificar-los-cuidados\/#primaryimage\",\"url\":\"https:\/\/i0.wp.com\/elregionalvm.com.ar\/noticias-villa-maria\/wp-content\/uploads\/2026\/03\/Monitoreo-aedico-Dengue.jpg?fit=990%2C660&ssl=1\",\"contentUrl\":\"https:\/\/i0.wp.com\/elregionalvm.com.ar\/noticias-villa-maria\/wp-content\/uploads\/2026\/03\/Monitoreo-aedico-Dengue.jpg?fit=990%2C660&ssl=1\",\"width\":990,\"height\":660,\"caption\":\", Cordoba, C\u00f3rdoba, Argentina, 6 de Octubre de 2023, Foto: Agustin Ottonelli\"},{\"@type\":\"BreadcrumbList\",\"@id\":\"https:\/\/elregionalvm.com.ar\/noticias-villa-maria\/se-confirmo-el-primer-caso-autoctono-de-dengue-en-la-provincia-y-desde-salud-recomiendan-intensificar-los-cuidados\/#breadcrumb\",\"itemListElement\":[{\"@type\":\"ListItem\",\"position\":1,\"name\":\"Portada\",\"item\":\"https:\/\/elregionalvm.com.ar\/noticias-villa-maria\/\"},{\"@type\":\"ListItem\",\"position\":2,\"name\":\"Se confirm\u00f3 el primer caso aut\u00f3ctono de Dengue en la Provincia y desde Salud recomiendan intensificar los cuidados\"}]},{\"@type\":\"WebSite\",\"@id\":\"http:\/\/elregionalvm.com.ar\/noticias-villa-maria\/#website\",\"url\":\"http:\/\/elregionalvm.com.ar\/noticias-villa-maria\/\",\"name\":\"El Regional\",\"description\":\"Mucho m\u00e1s que informaci\u00f3n\",\"potentialAction\":[{\"@type\":\"SearchAction\",\"target\":{\"@type\":\"EntryPoint\",\"urlTemplate\":\"http:\/\/elregionalvm.com.ar\/noticias-villa-maria\/?s={search_term_string}\"},\"query-input\":{\"@type\":\"PropertyValueSpecification\",\"valueRequired\":true,\"valueName\":\"search_term_string\"}}],\"inLanguage\":\"es\"},{\"@type\":\"Person\",\"@id\":\"http:\/\/elregionalvm.com.ar\/noticias-villa-maria\/#\/schema\/person\/a0fb9c422317faca23d50163151bc354\",\"name\":\"Contenidos El Regional\",\"image\":{\"@type\":\"ImageObject\",\"inLanguage\":\"es\",\"@id\":\"http:\/\/elregionalvm.com.ar\/noticias-villa-maria\/#\/schema\/person\/image\/\",\"url\":\"https:\/\/secure.gravatar.com\/avatar\/265b27cb2209af7bb3a1318f03305787d7981a5cc6e6cd08fe5a4ecdf99d4b48?s=96&d=mm&r=g\",\"contentUrl\":\"https:\/\/secure.gravatar.com\/avatar\/265b27cb2209af7bb3a1318f03305787d7981a5cc6e6cd08fe5a4ecdf99d4b48?s=96&d=mm&r=g\",\"caption\":\"Contenidos El Regional\"},\"url\":\"https:\/\/elregionalvm.com.ar\/noticias-villa-maria\/author\/contenido\/\"}]}<\/script>\n<!-- \/ Yoast SEO plugin. -->","yoast_head_json":{"title":"Se confirm\u00f3 el primer caso aut\u00f3ctono de Dengue en la Provincia y desde Salud recomiendan intensificar los cuidados - El Regional","robots":{"index":"index","follow":"follow","max-snippet":"max-snippet:-1","max-image-preview":"max-image-preview:large","max-video-preview":"max-video-preview:-1"},"canonical":"https:\/\/elregionalvm.com.ar\/noticias-villa-maria\/se-confirmo-el-primer-caso-autoctono-de-dengue-en-la-provincia-y-desde-salud-recomiendan-intensificar-los-cuidados\/","og_locale":"es_ES","og_type":"article","og_title":"Se confirm\u00f3 el primer caso aut\u00f3ctono de Dengue en la Provincia y desde Salud recomiendan intensificar los cuidados - El Regional","og_description":"El Ministerio de Salud recuerda la importancia de sostener las medidas de prevenci\u00f3n, ante la confirmaci\u00f3n del primer caso aut\u00f3ctono de dengue en la provincia. Este primer caso corresponde a una mujer de 16 a\u00f1os, oriunda de C\u00f3rdoba Capital, sin antecedentes de viajes, quien no contaba con esquema de vacunaci\u00f3n contra el dengue. La paciente [&hellip;]","og_url":"https:\/\/elregionalvm.com.ar\/noticias-villa-maria\/se-confirmo-el-primer-caso-autoctono-de-dengue-en-la-provincia-y-desde-salud-recomiendan-intensificar-los-cuidados\/","og_site_name":"El Regional","article_publisher":"https:\/\/www.facebook.com\/elregionalvm","article_published_time":"2026-03-14T01:36:28+00:00","article_modified_time":"2026-03-14T01:36:30+00:00","og_image":[{"width":990,"height":660,"url":"https:\/\/elregionalvm.com.ar\/noticias-villa-maria\/wp-content\/uploads\/2026\/03\/Monitoreo-aedico-Dengue.jpg","type":"image\/jpeg"}],"author":"Contenidos El Regional","twitter_card":"summary_large_image","twitter_creator":"@elregionalvm1","twitter_site":"@elregionalvm1","twitter_misc":{"Escrito por":"Contenidos El Regional","Tiempo de lectura":"3 minutos"},"schema":{"@context":"https:\/\/schema.org","@graph":[{"@type":"Article","@id":"https:\/\/elregionalvm.com.ar\/noticias-villa-maria\/se-confirmo-el-primer-caso-autoctono-de-dengue-en-la-provincia-y-desde-salud-recomiendan-intensificar-los-cuidados\/#article","isPartOf":{"@id":"https:\/\/elregionalvm.com.ar\/noticias-villa-maria\/se-confirmo-el-primer-caso-autoctono-de-dengue-en-la-provincia-y-desde-salud-recomiendan-intensificar-los-cuidados\/"},"author":{"name":"Contenidos El Regional","@id":"http:\/\/elregionalvm.com.ar\/noticias-villa-maria\/#\/schema\/person\/a0fb9c422317faca23d50163151bc354"},"headline":"Se confirm\u00f3 el primer caso aut\u00f3ctono de Dengue en la Provincia y desde Salud recomiendan intensificar los cuidados","datePublished":"2026-03-14T01:36:28+00:00","dateModified":"2026-03-14T01:36:30+00:00","mainEntityOfPage":{"@id":"https:\/\/elregionalvm.com.ar\/noticias-villa-maria\/se-confirmo-el-primer-caso-autoctono-de-dengue-en-la-provincia-y-desde-salud-recomiendan-intensificar-los-cuidados\/"},"wordCount":554,"commentCount":0,"image":{"@id":"https:\/\/elregionalvm.com.ar\/noticias-villa-maria\/se-confirmo-el-primer-caso-autoctono-de-dengue-en-la-provincia-y-desde-salud-recomiendan-intensificar-los-cuidados\/#primaryimage"},"thumbnailUrl":"https:\/\/i0.wp.com\/elregionalvm.com.ar\/noticias-villa-maria\/wp-content\/uploads\/2026\/03\/Monitoreo-aedico-Dengue.jpg?fit=990%2C660&ssl=1","articleSection":["destacado","Provinciales","Sociedad"],"inLanguage":"es","potentialAction":[{"@type":"CommentAction","name":"Comment","target":["https:\/\/elregionalvm.com.ar\/noticias-villa-maria\/se-confirmo-el-primer-caso-autoctono-de-dengue-en-la-provincia-y-desde-salud-recomiendan-intensificar-los-cuidados\/#respond"]}]},{"@type":"WebPage","@id":"https:\/\/elregionalvm.com.ar\/noticias-villa-maria\/se-confirmo-el-primer-caso-autoctono-de-dengue-en-la-provincia-y-desde-salud-recomiendan-intensificar-los-cuidados\/","url":"https:\/\/elregionalvm.com.ar\/noticias-villa-maria\/se-confirmo-el-primer-caso-autoctono-de-dengue-en-la-provincia-y-desde-salud-recomiendan-intensificar-los-cuidados\/","name":"Se confirm\u00f3 el primer caso aut\u00f3ctono de Dengue en la Provincia y desde Salud recomiendan intensificar los cuidados - El Regional","isPartOf":{"@id":"http:\/\/elregionalvm.com.ar\/noticias-villa-maria\/#website"},"primaryImageOfPage":{"@id":"https:\/\/elregionalvm.com.ar\/noticias-villa-maria\/se-confirmo-el-primer-caso-autoctono-de-dengue-en-la-provincia-y-desde-salud-recomiendan-intensificar-los-cuidados\/#primaryimage"},"image":{"@id":"https:\/\/elregionalvm.com.ar\/noticias-villa-maria\/se-confirmo-el-primer-caso-autoctono-de-dengue-en-la-provincia-y-desde-salud-recomiendan-intensificar-los-cuidados\/#primaryimage"},"thumbnailUrl":"https:\/\/i0.wp.com\/elregionalvm.com.ar\/noticias-villa-maria\/wp-content\/uploads\/2026\/03\/Monitoreo-aedico-Dengue.jpg?fit=990%2C660&ssl=1","datePublished":"2026-03-14T01:36:28+00:00","dateModified":"2026-03-14T01:36:30+00:00","author":{"@id":"http:\/\/elregionalvm.com.ar\/noticias-villa-maria\/#\/schema\/person\/a0fb9c422317faca23d50163151bc354"},"breadcrumb":{"@id":"https:\/\/elregionalvm.com.ar\/noticias-villa-maria\/se-confirmo-el-primer-caso-autoctono-de-dengue-en-la-provincia-y-desde-salud-recomiendan-intensificar-los-cuidados\/#breadcrumb"},"inLanguage":"es","potentialAction":[{"@type":"ReadAction","target":["https:\/\/elregionalvm.com.ar\/noticias-villa-maria\/se-confirmo-el-primer-caso-autoctono-de-dengue-en-la-provincia-y-desde-salud-recomiendan-intensificar-los-cuidados\/"]}]},{"@type":"ImageObject","inLanguage":"es","@id":"https:\/\/elregionalvm.com.ar\/noticias-villa-maria\/se-confirmo-el-primer-caso-autoctono-de-dengue-en-la-provincia-y-desde-salud-recomiendan-intensificar-los-cuidados\/#primaryimage","url":"https:\/\/i0.wp.com\/elregionalvm.com.ar\/noticias-villa-maria\/wp-content\/uploads\/2026\/03\/Monitoreo-aedico-Dengue.jpg?fit=990%2C660&ssl=1","contentUrl":"https:\/\/i0.wp.com\/elregionalvm.com.ar\/noticias-villa-maria\/wp-content\/uploads\/2026\/03\/Monitoreo-aedico-Dengue.jpg?fit=990%2C660&ssl=1","width":990,"height":660,"caption":", Cordoba, C\u00f3rdoba, Argentina, 6 de Octubre de 2023, Foto: Agustin Ottonelli"},{"@type":"BreadcrumbList","@id":"https:\/\/elregionalvm.com.ar\/noticias-villa-maria\/se-confirmo-el-primer-caso-autoctono-de-dengue-en-la-provincia-y-desde-salud-recomiendan-intensificar-los-cuidados\/#breadcrumb","itemListElement":[{"@type":"ListItem","position":1,"name":"Portada","item":"https:\/\/elregionalvm.com.ar\/noticias-villa-maria\/"},{"@type":"ListItem","position":2,"name":"Se confirm\u00f3 el primer caso aut\u00f3ctono de Dengue en la Provincia y desde Salud recomiendan intensificar los cuidados"}]},{"@type":"WebSite","@id":"http:\/\/elregionalvm.com.ar\/noticias-villa-maria\/#website","url":"http:\/\/elregionalvm.com.ar\/noticias-villa-maria\/","name":"El Regional","description":"Mucho m\u00e1s que informaci\u00f3n","potentialAction":[{"@type":"SearchAction","target":{"@type":"EntryPoint","urlTemplate":"http:\/\/elregionalvm.com.ar\/noticias-villa-maria\/?s={search_term_string}"},"query-input":{"@type":"PropertyValueSpecification","valueRequired":true,"valueName":"search_term_string"}}],"inLanguage":"es"},{"@type":"Person","@id":"http:\/\/elregionalvm.com.ar\/noticias-villa-maria\/#\/schema\/person\/a0fb9c422317faca23d50163151bc354","name":"Contenidos El Regional","image":{"@type":"ImageObject","inLanguage":"es","@id":"http:\/\/elregionalvm.com.ar\/noticias-villa-maria\/#\/schema\/person\/image\/","url":"https:\/\/secure.gravatar.com\/avatar\/265b27cb2209af7bb3a1318f03305787d7981a5cc6e6cd08fe5a4ecdf99d4b48?s=96&d=mm&r=g","contentUrl":"https:\/\/secure.gravatar.com\/avatar\/265b27cb2209af7bb3a1318f03305787d7981a5cc6e6cd08fe5a4ecdf99d4b48?s=96&d=mm&r=g","caption":"Contenidos El Regional"},"url":"https:\/\/elregionalvm.com.ar\/noticias-villa-maria\/author\/contenido\/"}]}},"jetpack_featured_media_url":"https:\/\/i0.wp.com\/elregionalvm.com.ar\/noticias-villa-maria\/wp-content\/uploads\/2026\/03\/Monitoreo-aedico-Dengue.jpg?fit=990%2C660&ssl=1","jetpack_sharing_enabled":true,"_links":{"self":[{"href":"https:\/\/elregionalvm.com.ar\/noticias-villa-maria\/wp-json\/wp\/v2\/posts\/114646","targetHints":{"allow":["GET"]}}],"collection":[{"href":"https:\/\/elregionalvm.com.ar\/noticias-villa-maria\/wp-json\/wp\/v2\/posts"}],"about":[{"href":"https:\/\/elregionalvm.com.ar\/noticias-villa-maria\/wp-json\/wp\/v2\/types\/post"}],"author":[{"embeddable":true,"href":"https:\/\/elregionalvm.com.ar\/noticias-villa-maria\/wp-json\/wp\/v2\/users\/4"}],"replies":[{"embeddable":true,"href":"https:\/\/elregionalvm.com.ar\/noticias-villa-maria\/wp-json\/wp\/v2\/comments?post=114646"}],"version-history":[{"count":1,"href":"https:\/\/elregionalvm.com.ar\/noticias-villa-maria\/wp-json\/wp\/v2\/posts\/114646\/revisions"}],"predecessor-version":[{"id":114648,"href":"https:\/\/elregionalvm.com.ar\/noticias-villa-maria\/wp-json\/wp\/v2\/posts\/114646\/revisions\/114648"}],"wp:featuredmedia":[{"embeddable":true,"href":"https:\/\/elregionalvm.com.ar\/noticias-villa-maria\/wp-json\/wp\/v2\/media\/114647"}],"wp:attachment":[{"href":"https:\/\/elregionalvm.com.ar\/noticias-villa-maria\/wp-json\/wp\/v2\/media?parent=114646"}],"wp:term":[{"taxonomy":"category","embeddable":true,"href":"https:\/\/elregionalvm.com.ar\/noticias-villa-maria\/wp-json\/wp\/v2\/categories?post=114646"},{"taxonomy":"post_tag","embeddable":true,"href":"https:\/\/elregionalvm.com.ar\/noticias-villa-maria\/wp-json\/wp\/v2\/tags?post=114646"}],"curies":[{"name":"wp","href":"https:\/\/api.w.org\/{rel}","templated":true}]}}