{"id":114653,"date":"2026-03-14T01:46:54","date_gmt":"2026-03-14T01:46:54","guid":{"rendered":"https:\/\/elregionalvm.com.ar\/noticias-villa-maria\/?p=114653"},"modified":"2026-03-14T01:46:56","modified_gmt":"2026-03-14T01:46:56","slug":"un-polo-tecnologico-de-la-italianidad-tiene-vinculos-con-la-utn-tierra-del-fuego-y-redes-academicas-internacionales-para-conectar-facultades","status":"publish","type":"post","link":"https:\/\/elregionalvm.com.ar\/noticias-villa-maria\/un-polo-tecnologico-de-la-italianidad-tiene-vinculos-con-la-utn-tierra-del-fuego-y-redes-academicas-internacionales-para-conectar-facultades\/","title":{"rendered":"Un polo tecnol\u00f3gico de la italianidad tiene v\u00ednculos con la UTN Tierra del Fuego y redes acad\u00e9micas internacionales para conectar facultades"},"content":{"rendered":"\n<p><strong>La iniciativa es impulsada desde Villa Mar\u00eda por el ingeniero Mauricio Perotti, representante de la Juventud Piemontesa Rassa Nostran-A perteneciente a la Sociedad Italina de Socorros Mutuos Italia Unida de Villa Mar\u00eda (nacida en 1887), en colaboraci\u00f3n a la difusi\u00f3n cultural tecnol\u00f3gica de la Agencia Consular Honoraria de Italia en Villa Mar\u00eda integrante de la Uni\u00f3n de C\u00f3nsules Honorarios de Italia en el Mundo (U.C.O.I.M.) representada por el Cr. Mat\u00edas E. Bossa y organizaciones de la di\u00e1spora italiana. El proyecto busca conectar a institutos terciarios, facultades tecnol\u00f3gicas regionales argentinas (UTN), startups tecnol\u00f3gicas y comunidades italianas en todo el mundo.<\/strong><\/p>\n\n\n\n<p>R\u00edo Grande.- En una entrevista con el programa \u201cLa Ma\u00f1ana de la Tecno\u201d, que se emite por Radio Universidad 93.5 MHz, el ingeniero Mauricio Perotti present\u00f3 un ambicioso proyecto de vinculaci\u00f3n tecnol\u00f3gica internacional que busca articular universidades, startups y organizaciones de la di\u00e1spora italiana a trav\u00e9s de una red global de cooperaci\u00f3n acad\u00e9mica, cultural y tecnol\u00f3gica.<\/p>\n\n\n\n<p>La iniciativa se desarrolla desde la ciudad de Villa Mar\u00eda, C\u00f3rdoba, y es impulsada por la Sociedad Italiana de Villa Mar\u00eda, en conjunto con la Agencia Consular Honoraria de Italia, liderada por el c\u00f3nsul honorario Cr. Mat\u00edas E. Bossa, conectado al Ministerio de Relaciones Exteriores y de la Cooperacion Internacional de Italia (M.A.E.C.I) y a la red consular internacional U.C.O.I.M. (UNIONE DEI CONSOLI ONORARI D ITALIA NEL MONDO), que en Argentina es representada por uno de los Vice-Presidentes el Cavaliere Cr. \u00cdtalo J. Cassina, ex c\u00f3nsul honorario en Rafaela. (www.ucoi-ucoim.org)<\/p>\n\n\n\n<p>El proyecto tambi\u00e9n cuenta con el impulso del espacio juvenil Rassa Nostran-A \u2013 Juventud Piemontesa (dicho nombre hace honor a un poema piemontes del escritor Nino Costa que habla del los piemonteses en el mundo), desde donde se promueve la creaci\u00f3n de un polo tecnol\u00f3gico de la italianidad orientado a generar nuevas oportunidades para descendientes de italianos, emprendedores tecnol\u00f3gicos y j\u00f3venes profesionales de todo el pa\u00eds.<\/p>\n\n\n\n<p>\u201cEstamos desarrollando muchos proyectos tecnol\u00f3gicos y Villa Mar\u00eda se est\u00e1 posicionando como un cl\u00faster tecnol\u00f3gico de la italianidad\u201d, explic\u00f3 Perotti durante la entrevista con los conductores Hugo Orosco y Ram\u00f3n Taborda Strusiat.<\/p>\n\n\n\n<p><strong>Reconectar a la di\u00e1spora italiana a trav\u00e9s de la tecnolog\u00eda (www.rassanostrana.com)<\/strong><\/p>\n\n\n\n<p>Uno de los ejes centrales de la iniciativa es el desarrollo de startups de base tecnol\u00f3gica destinadas a fortalecer los v\u00ednculos entre Argentina, Italia y los pa\u00edses donde se asentaron comunidades italianas.<\/p>\n\n\n\n<p>Entre ellas se destaca italeano.com, una plataforma digital concebida como una red social de la italianidad que busca integrar contenidos culturales, hist\u00f3ricos, educativos y tecnol\u00f3gicos.<\/p>\n\n\n\n<p>Seg\u00fan explic\u00f3 Perotti, el objetivo es aprovechar el enorme entramado institucional que durante m\u00e1s de un siglo construyeron las asociaciones italianas en el pa\u00eds.<\/p>\n\n\n\n<p>\u201cAntiguamente las sociedades italianas eran de Comunidad 1.0: Socorro Mutuo: Las asociaciones de socorro mutuo ofrec\u00edan respuestas a necesidades inmediatas: salud, pr\u00e9stamos y contenci\u00f3n social. Una comunidad territorial, material y presencial. Despu\u00e9s pasaron a ser Comunidad 2.0: Cultura e Identidad El foco pas\u00f3 de la subsistencia a la preservaci\u00f3n de la identidad. Las instituciones se transformaron en centros de difusi\u00f3n cultural: cursos de lengua, celebraciones y arte. Hoy creemos que pueden transformarse en la Comunidad 3.0:&nbsp;<strong>Ecosistema Digital ITALEANO<\/strong>&nbsp;es la piazza digital que conecta y proyecta a los italodescendientes globalmente. Un ecosistema de oportunidades donde se innova, emprende y transforma sin fronteras, capaces de generar oportunidades reales de conexi\u00f3n con Italia y con Europa\u201d, se\u00f1al\u00f3.<\/p>\n\n\n\n<p><strong>italeano.com: El Ecosistema de la Cooperaci\u00f3n Transatl\u00e1ntica<\/strong><\/p>\n\n\n\n<p>La plataforma italeano.com nace como el punto de encuentro digital para la comunidad global de \u201cTaleanos\u201d. Nuestra arquitectura de cooperaci\u00f3n se concibe como una Mesa Redonda de 6 ejes estrat\u00e9gicos, donde la sinergia entre tradici\u00f3n y futuro crea un puente s\u00f3lido entre Italia y el mundo.<\/p>\n\n\n\n<p><strong>El Eje Central: ADN Italiano<\/strong><\/p>\n\n\n\n<p>La base de todo nuestro proyecto. Es el sentido de pertenencia, la historia de la inmigraci\u00f3n y el Turismo de Ra\u00edz que conecta a cada descendiente con su origen.<\/p>\n\n\n\n<p><strong>Las 5 Patas de la Cooperaci\u00f3n Internacional:<\/strong><\/p>\n\n\n\n<p><strong>Diplomacia:<\/strong>&nbsp;Articulaci\u00f3n de las redes consulares para fortalecer los v\u00ednculos institucionales.<\/p>\n\n\n\n<p><strong>Made in Italy:<\/strong>&nbsp;Promoci\u00f3n de la excelencia italiana en el comercio, el dise\u00f1o, la gastronom\u00eda y el deporte como sellos de calidad global.<\/p>\n\n\n\n<p>Educativa: Una base de datos din\u00e1mica de Universidades, becas y programas de intercambio para formar a las nuevas generaciones de profesionales biling\u00fces.<\/p>\n\n\n\n<p><strong>Cultural (Musica, cocina, lengua, etc.):<\/strong>&nbsp;El resguardo de los idiomas (incluyendo el piamont\u00e9s), las artes y la red de asociaciones que mantienen viva la llama de la identidad en cada regi\u00f3n.<\/p>\n\n\n\n<p><strong>Tecnol\u00f3gica e IA:<\/strong>&nbsp;El futuro de la cooperaci\u00f3n. Impulsamos proyectos de Inteligencia Artificial y desarrollo tecnol\u00f3gico que conectan la innovaci\u00f3n italiana con el talento internacional.<\/p>\n\n\n\n<p><strong>Misi\u00f3n:<\/strong>&nbsp;Transformar el legado de nuestros antepasados en un motor de innovaci\u00f3n tecnol\u00f3gica y cultural para el siglo XXI.<\/p>\n\n\n\n<p><strong>Proyectos educativos, culturales y tecnol\u00f3gicos<\/strong><\/p>\n\n\n\n<p>El polo tecnol\u00f3gico tambi\u00e9n impulsa distintos proyectos que combinan innovaci\u00f3n tecnol\u00f3gica con identidad cultural.<\/p>\n\n\n\n<p>Entre ellos se encuentra Stiloma, actualmente est\u00e1 en difusi\u00f3n en la UNRAF (Universidad Nacional de Rafaela) y dem\u00e1s instituciones, un concurso internacional de dise\u00f1o promovido por la instituci\u00f3n ArgenForm** Savigliano, Provincia de Cuneo, Piemonte (Piamonte), que mantiene un hermanamiento de 25 a\u00f1os con la Ciudad de Villa Mar\u00eda.<\/p>\n\n\n\n<p>**Agenform es la Agencia de Servicios Formativos de la Provincia de Cuneo. Es un consorcio especializado en la formaci\u00f3n t\u00e9cnica agroalimentaria, ganadera y de dise\u00f1o industrial. Es muy reconocida en Europa, especialmente por sus escuelas de queser\u00eda y carnicer\u00eda, sus \u00e1reas de formaci\u00f3n principales en las localidades de Moretta, Savigliano y Cuneo:<\/p>\n\n\n\n<ol class=\"wp-block-list\">\n<li><strong>Moretta Sector Agroalimentario (Su especialidad estrella)<\/strong><\/li>\n<\/ol>\n\n\n\n<p>Agenform es un referente en la transformaci\u00f3n de productos primarios. Tienen sedes espec\u00edficas para cada \u00e1rea:<\/p>\n\n\n\n<p><strong>L\u00e1cteo-Quesero:<\/strong>&nbsp;Es una de las escuelas de queser\u00eda m\u00e1s importantes de Italia. Ofrecen cursos de elaboraci\u00f3n de quesos (frescos, curados, de vaca, cabra u oveja), helader\u00eda artesanal y gesti\u00f3n de peque\u00f1as queser\u00edas agr\u00edcolas.<\/p>\n\n\n\n<p><strong>C\u00e1rnico:<\/strong>&nbsp;Formaci\u00f3n para carniceros artesanales, ense\u00f1ando desde el despiece hasta la elaboraci\u00f3n de embutidos y productos curados.<\/p>\n\n\n\n<p><strong>Transformaci\u00f3n de Frutas y Verduras:<\/strong>&nbsp;Cursos sobre mermeladas, conservas y cuarta gama (productos listos para consumir).<\/p>\n\n\n\n<ol start=\"2\" class=\"wp-block-list\">\n<li><strong>Savigliano Dise\u00f1o Industrial y Modelado (C.E.M.I.)<\/strong><\/li>\n<\/ol>\n\n\n\n<p>En su sede de Savigliano, gestionan el Centro Europeo de Modelismo Industrial:<\/p>\n\n\n\n<p>Forman a profesionales en Clay Modelling (modelado en arcilla para prototipos de coches).<\/p>\n\n\n\n<p>Dise\u00f1o industrial y prototipado digital\/f\u00edsico, muy vinculado a la industria automotriz italiana.<\/p>\n\n\n\n<ol start=\"3\" class=\"wp-block-list\">\n<li><strong>Cuneo Agricultura, Jardiner\u00eda y Ganader\u00eda<\/strong><\/li>\n<\/ol>\n\n\n\n<p>Gesti\u00f3n del Verde: Cursos para mantenedores de jardines, dise\u00f1o de \u00e1reas verdes de bajo impacto ambiental e hidr\u00e1ulica para jardineros.<\/p>\n\n\n\n<p><strong>Plantas Oficinales:<\/strong>&nbsp;Cultivo y transformaci\u00f3n de plantas arom\u00e1ticas y medicinales para cosm\u00e9tica o alimentaci\u00f3n.<\/p>\n\n\n\n<p><strong>Cursos de Bienestar Animal:<\/strong>&nbsp;Formaci\u00f3n obligatoria para transportistas de animales y operadores del sector bovino.<\/p>\n\n\n\n<p><strong>Agenform Cuneo se dirige a:<\/strong><\/p>\n\n\n\n<p>*- Emprendedores agr\u00edcolas que quieren empezar a transformar su propia leche o carne.<\/p>\n\n\n\n<p>*- J\u00f3venes que buscan un oficio t\u00e9cnico especializado (maestros queseros, modelistas, jardineros).<\/p>\n\n\n\n<p>*- Profesionales que necesitan certificaciones oficiales (bienestar animal, fitosanitarios).<\/p>\n\n\n\n<p><strong>Nota:<\/strong>&nbsp;Muchos de sus cursos son pr\u00e1cticos y se realizan en laboratorios reales (queser\u00edas piloto). Si te interesa la elaboraci\u00f3n artesanal de alimentos, son probablemente de los mejores centros en el norte de Italia.<\/p>\n\n\n\n<p>La convocatoria internacional&nbsp;<strong>STILOMA Savigliano<\/strong>&nbsp;se encuentra abierta hasta el 31 de marzo y contempla importantes premios para j\u00f3venes dise\u00f1adores.<\/p>\n\n\n\n<p>Otro de los proyectos mencionados es Troncopino, una historia ficcionada creada por el c\u00f3nsul Mat\u00edas E. Bossa, que busca contar a ni\u00f1os y j\u00f3venes el proceso migratorio italiano hacia Argentina a trav\u00e9s de libros, juegos y contenidos audiovisuales elaborados con inteligencia artificial.<\/p>\n\n\n\n<p>Gentileza: Radio Universidad <\/p>\n","protected":false},"excerpt":{"rendered":"<p>La iniciativa es impulsada desde Villa Mar\u00eda por el ingeniero Mauricio Perotti, representante de la Juventud Piemontesa Rassa Nostran-A perteneciente a la Sociedad Italina de Socorros Mutuos Italia Unida de Villa Mar\u00eda (nacida en 1887), en colaboraci\u00f3n a la difusi\u00f3n cultural tecnol\u00f3gica de la Agencia Consular Honoraria de Italia en Villa Mar\u00eda integrante de la [&hellip;]<\/p>\n","protected":false},"author":4,"featured_media":114654,"comment_status":"open","ping_status":"open","sticky":false,"template":"","format":"standard","meta":{"site-sidebar-layout":"default","site-content-layout":"","ast-site-content-layout":"default","site-content-style":"default","site-sidebar-style":"default","ast-global-header-display":"","ast-banner-title-visibility":"","ast-main-header-display":"","ast-hfb-above-header-display":"","ast-hfb-below-header-display":"","ast-hfb-mobile-header-display":"","site-post-title":"","ast-breadcrumbs-content":"","ast-featured-img":"","footer-sml-layout":"","ast-disable-related-posts":"","theme-transparent-header-meta":"","adv-header-id-meta":"","stick-header-meta":"","header-above-stick-meta":"","header-main-stick-meta":"","header-below-stick-meta":"","astra-migrate-meta-layouts":"set","ast-page-background-enabled":"default","ast-page-background-meta":{"desktop":{"background-color":"","background-image":"","background-repeat":"repeat","background-position":"center center","background-size":"auto","background-attachment":"scroll","background-type":"","background-media":"","overlay-type":"","overlay-color":"","overlay-opacity":"","overlay-gradient":""},"tablet":{"background-color":"","background-image":"","background-repeat":"repeat","background-position":"center center","background-size":"auto","background-attachment":"scroll","background-type":"","background-media":"","overlay-type":"","overlay-color":"","overlay-opacity":"","overlay-gradient":""},"mobile":{"background-color":"","background-image":"","background-repeat":"repeat","background-position":"center center","background-size":"auto","background-attachment":"scroll","background-type":"","background-media":"","overlay-type":"","overlay-color":"","overlay-opacity":"","overlay-gradient":""}},"ast-content-background-meta":{"desktop":{"background-color":"var(--ast-global-color-5)","background-image":"","background-repeat":"repeat","background-position":"center center","background-size":"auto","background-attachment":"scroll","background-type":"","background-media":"","overlay-type":"","overlay-color":"","overlay-opacity":"","overlay-gradient":""},"tablet":{"background-color":"var(--ast-global-color-5)","background-image":"","background-repeat":"repeat","background-position":"center center","background-size":"auto","background-attachment":"scroll","background-type":"","background-media":"","overlay-type":"","overlay-color":"","overlay-opacity":"","overlay-gradient":""},"mobile":{"background-color":"var(--ast-global-color-5)","background-image":"","background-repeat":"repeat","background-position":"center center","background-size":"auto","background-attachment":"scroll","background-type":"","background-media":"","overlay-type":"","overlay-color":"","overlay-opacity":"","overlay-gradient":""}},"_jetpack_memberships_contains_paid_content":false,"_joinchat":[],"footnotes":""},"categories":[15302,5,2],"tags":[],"class_list":["post-114653","post","type-post","status-publish","format-standard","has-post-thumbnail","hentry","category-destacado","category-sociedad","category-villa-maria"],"yoast_head":"<!-- This site is optimized with the Yoast SEO plugin v26.8 - https:\/\/yoast.com\/product\/yoast-seo-wordpress\/ -->\n<title>Un polo tecnol\u00f3gico de la italianidad tiene v\u00ednculos con la UTN Tierra del Fuego y redes acad\u00e9micas internacionales para conectar facultades - El Regional<\/title>\n<meta name=\"robots\" content=\"index, follow, max-snippet:-1, max-image-preview:large, max-video-preview:-1\" \/>\n<link rel=\"canonical\" href=\"https:\/\/elregionalvm.com.ar\/noticias-villa-maria\/un-polo-tecnologico-de-la-italianidad-tiene-vinculos-con-la-utn-tierra-del-fuego-y-redes-academicas-internacionales-para-conectar-facultades\/\" \/>\n<meta property=\"og:locale\" content=\"es_ES\" \/>\n<meta property=\"og:type\" content=\"article\" \/>\n<meta property=\"og:title\" content=\"Un polo tecnol\u00f3gico de la italianidad tiene v\u00ednculos con la UTN Tierra del Fuego y redes acad\u00e9micas internacionales para conectar facultades - El Regional\" \/>\n<meta property=\"og:description\" content=\"La iniciativa es impulsada desde Villa Mar\u00eda por el ingeniero Mauricio Perotti, representante de la Juventud Piemontesa Rassa Nostran-A perteneciente a la Sociedad Italina de Socorros Mutuos Italia Unida de Villa Mar\u00eda (nacida en 1887), en colaboraci\u00f3n a la difusi\u00f3n cultural tecnol\u00f3gica de la Agencia Consular Honoraria de Italia en Villa Mar\u00eda integrante de la [&hellip;]\" \/>\n<meta property=\"og:url\" content=\"https:\/\/elregionalvm.com.ar\/noticias-villa-maria\/un-polo-tecnologico-de-la-italianidad-tiene-vinculos-con-la-utn-tierra-del-fuego-y-redes-academicas-internacionales-para-conectar-facultades\/\" \/>\n<meta property=\"og:site_name\" content=\"El Regional\" \/>\n<meta property=\"article:publisher\" content=\"https:\/\/www.facebook.com\/elregionalvm\" \/>\n<meta property=\"article:published_time\" content=\"2026-03-14T01:46:54+00:00\" \/>\n<meta property=\"article:modified_time\" content=\"2026-03-14T01:46:56+00:00\" \/>\n<meta property=\"og:image\" content=\"https:\/\/elregionalvm.com.ar\/noticias-villa-maria\/wp-content\/uploads\/2026\/03\/BOSSA2-1024x766-1.jpg\" \/>\n\t<meta property=\"og:image:width\" content=\"1024\" \/>\n\t<meta property=\"og:image:height\" content=\"766\" \/>\n\t<meta property=\"og:image:type\" content=\"image\/jpeg\" \/>\n<meta name=\"author\" content=\"Contenidos El Regional\" \/>\n<meta name=\"twitter:card\" content=\"summary_large_image\" \/>\n<meta name=\"twitter:creator\" content=\"@elregionalvm1\" \/>\n<meta name=\"twitter:site\" content=\"@elregionalvm1\" \/>\n<meta name=\"twitter:label1\" content=\"Escrito por\" \/>\n\t<meta name=\"twitter:data1\" content=\"Contenidos El Regional\" \/>\n\t<meta name=\"twitter:label2\" content=\"Tiempo de lectura\" \/>\n\t<meta name=\"twitter:data2\" content=\"6 minutos\" \/>\n<script type=\"application\/ld+json\" class=\"yoast-schema-graph\">{\"@context\":\"https:\/\/schema.org\",\"@graph\":[{\"@type\":\"Article\",\"@id\":\"https:\/\/elregionalvm.com.ar\/noticias-villa-maria\/un-polo-tecnologico-de-la-italianidad-tiene-vinculos-con-la-utn-tierra-del-fuego-y-redes-academicas-internacionales-para-conectar-facultades\/#article\",\"isPartOf\":{\"@id\":\"https:\/\/elregionalvm.com.ar\/noticias-villa-maria\/un-polo-tecnologico-de-la-italianidad-tiene-vinculos-con-la-utn-tierra-del-fuego-y-redes-academicas-internacionales-para-conectar-facultades\/\"},\"author\":{\"name\":\"Contenidos El Regional\",\"@id\":\"http:\/\/elregionalvm.com.ar\/noticias-villa-maria\/#\/schema\/person\/a0fb9c422317faca23d50163151bc354\"},\"headline\":\"Un polo tecnol\u00f3gico de la italianidad tiene v\u00ednculos con la UTN Tierra del Fuego y redes acad\u00e9micas internacionales para conectar facultades\",\"datePublished\":\"2026-03-14T01:46:54+00:00\",\"dateModified\":\"2026-03-14T01:46:56+00:00\",\"mainEntityOfPage\":{\"@id\":\"https:\/\/elregionalvm.com.ar\/noticias-villa-maria\/un-polo-tecnologico-de-la-italianidad-tiene-vinculos-con-la-utn-tierra-del-fuego-y-redes-academicas-internacionales-para-conectar-facultades\/\"},\"wordCount\":1412,\"commentCount\":0,\"image\":{\"@id\":\"https:\/\/elregionalvm.com.ar\/noticias-villa-maria\/un-polo-tecnologico-de-la-italianidad-tiene-vinculos-con-la-utn-tierra-del-fuego-y-redes-academicas-internacionales-para-conectar-facultades\/#primaryimage\"},\"thumbnailUrl\":\"https:\/\/i0.wp.com\/elregionalvm.com.ar\/noticias-villa-maria\/wp-content\/uploads\/2026\/03\/BOSSA2-1024x766-1.jpg?fit=1024%2C766&ssl=1\",\"articleSection\":[\"destacado\",\"Sociedad\",\"Villa Mar\u00eda\"],\"inLanguage\":\"es\",\"potentialAction\":[{\"@type\":\"CommentAction\",\"name\":\"Comment\",\"target\":[\"https:\/\/elregionalvm.com.ar\/noticias-villa-maria\/un-polo-tecnologico-de-la-italianidad-tiene-vinculos-con-la-utn-tierra-del-fuego-y-redes-academicas-internacionales-para-conectar-facultades\/#respond\"]}]},{\"@type\":\"WebPage\",\"@id\":\"https:\/\/elregionalvm.com.ar\/noticias-villa-maria\/un-polo-tecnologico-de-la-italianidad-tiene-vinculos-con-la-utn-tierra-del-fuego-y-redes-academicas-internacionales-para-conectar-facultades\/\",\"url\":\"https:\/\/elregionalvm.com.ar\/noticias-villa-maria\/un-polo-tecnologico-de-la-italianidad-tiene-vinculos-con-la-utn-tierra-del-fuego-y-redes-academicas-internacionales-para-conectar-facultades\/\",\"name\":\"Un polo tecnol\u00f3gico de la italianidad tiene v\u00ednculos con la UTN Tierra del Fuego y redes acad\u00e9micas internacionales para conectar facultades - El Regional\",\"isPartOf\":{\"@id\":\"http:\/\/elregionalvm.com.ar\/noticias-villa-maria\/#website\"},\"primaryImageOfPage\":{\"@id\":\"https:\/\/elregionalvm.com.ar\/noticias-villa-maria\/un-polo-tecnologico-de-la-italianidad-tiene-vinculos-con-la-utn-tierra-del-fuego-y-redes-academicas-internacionales-para-conectar-facultades\/#primaryimage\"},\"image\":{\"@id\":\"https:\/\/elregionalvm.com.ar\/noticias-villa-maria\/un-polo-tecnologico-de-la-italianidad-tiene-vinculos-con-la-utn-tierra-del-fuego-y-redes-academicas-internacionales-para-conectar-facultades\/#primaryimage\"},\"thumbnailUrl\":\"https:\/\/i0.wp.com\/elregionalvm.com.ar\/noticias-villa-maria\/wp-content\/uploads\/2026\/03\/BOSSA2-1024x766-1.jpg?fit=1024%2C766&ssl=1\",\"datePublished\":\"2026-03-14T01:46:54+00:00\",\"dateModified\":\"2026-03-14T01:46:56+00:00\",\"author\":{\"@id\":\"http:\/\/elregionalvm.com.ar\/noticias-villa-maria\/#\/schema\/person\/a0fb9c422317faca23d50163151bc354\"},\"breadcrumb\":{\"@id\":\"https:\/\/elregionalvm.com.ar\/noticias-villa-maria\/un-polo-tecnologico-de-la-italianidad-tiene-vinculos-con-la-utn-tierra-del-fuego-y-redes-academicas-internacionales-para-conectar-facultades\/#breadcrumb\"},\"inLanguage\":\"es\",\"potentialAction\":[{\"@type\":\"ReadAction\",\"target\":[\"https:\/\/elregionalvm.com.ar\/noticias-villa-maria\/un-polo-tecnologico-de-la-italianidad-tiene-vinculos-con-la-utn-tierra-del-fuego-y-redes-academicas-internacionales-para-conectar-facultades\/\"]}]},{\"@type\":\"ImageObject\",\"inLanguage\":\"es\",\"@id\":\"https:\/\/elregionalvm.com.ar\/noticias-villa-maria\/un-polo-tecnologico-de-la-italianidad-tiene-vinculos-con-la-utn-tierra-del-fuego-y-redes-academicas-internacionales-para-conectar-facultades\/#primaryimage\",\"url\":\"https:\/\/i0.wp.com\/elregionalvm.com.ar\/noticias-villa-maria\/wp-content\/uploads\/2026\/03\/BOSSA2-1024x766-1.jpg?fit=1024%2C766&ssl=1\",\"contentUrl\":\"https:\/\/i0.wp.com\/elregionalvm.com.ar\/noticias-villa-maria\/wp-content\/uploads\/2026\/03\/BOSSA2-1024x766-1.jpg?fit=1024%2C766&ssl=1\",\"width\":1024,\"height\":766},{\"@type\":\"BreadcrumbList\",\"@id\":\"https:\/\/elregionalvm.com.ar\/noticias-villa-maria\/un-polo-tecnologico-de-la-italianidad-tiene-vinculos-con-la-utn-tierra-del-fuego-y-redes-academicas-internacionales-para-conectar-facultades\/#breadcrumb\",\"itemListElement\":[{\"@type\":\"ListItem\",\"position\":1,\"name\":\"Portada\",\"item\":\"https:\/\/elregionalvm.com.ar\/noticias-villa-maria\/\"},{\"@type\":\"ListItem\",\"position\":2,\"name\":\"Un polo tecnol\u00f3gico de la italianidad tiene v\u00ednculos con la UTN Tierra del Fuego y redes acad\u00e9micas internacionales para conectar facultades\"}]},{\"@type\":\"WebSite\",\"@id\":\"http:\/\/elregionalvm.com.ar\/noticias-villa-maria\/#website\",\"url\":\"http:\/\/elregionalvm.com.ar\/noticias-villa-maria\/\",\"name\":\"El Regional\",\"description\":\"Mucho m\u00e1s que informaci\u00f3n\",\"potentialAction\":[{\"@type\":\"SearchAction\",\"target\":{\"@type\":\"EntryPoint\",\"urlTemplate\":\"http:\/\/elregionalvm.com.ar\/noticias-villa-maria\/?s={search_term_string}\"},\"query-input\":{\"@type\":\"PropertyValueSpecification\",\"valueRequired\":true,\"valueName\":\"search_term_string\"}}],\"inLanguage\":\"es\"},{\"@type\":\"Person\",\"@id\":\"http:\/\/elregionalvm.com.ar\/noticias-villa-maria\/#\/schema\/person\/a0fb9c422317faca23d50163151bc354\",\"name\":\"Contenidos El Regional\",\"image\":{\"@type\":\"ImageObject\",\"inLanguage\":\"es\",\"@id\":\"http:\/\/elregionalvm.com.ar\/noticias-villa-maria\/#\/schema\/person\/image\/\",\"url\":\"https:\/\/secure.gravatar.com\/avatar\/265b27cb2209af7bb3a1318f03305787d7981a5cc6e6cd08fe5a4ecdf99d4b48?s=96&d=mm&r=g\",\"contentUrl\":\"https:\/\/secure.gravatar.com\/avatar\/265b27cb2209af7bb3a1318f03305787d7981a5cc6e6cd08fe5a4ecdf99d4b48?s=96&d=mm&r=g\",\"caption\":\"Contenidos El Regional\"},\"url\":\"https:\/\/elregionalvm.com.ar\/noticias-villa-maria\/author\/contenido\/\"}]}<\/script>\n<!-- \/ Yoast SEO plugin. -->","yoast_head_json":{"title":"Un polo tecnol\u00f3gico de la italianidad tiene v\u00ednculos con la UTN Tierra del Fuego y redes acad\u00e9micas internacionales para conectar facultades - El Regional","robots":{"index":"index","follow":"follow","max-snippet":"max-snippet:-1","max-image-preview":"max-image-preview:large","max-video-preview":"max-video-preview:-1"},"canonical":"https:\/\/elregionalvm.com.ar\/noticias-villa-maria\/un-polo-tecnologico-de-la-italianidad-tiene-vinculos-con-la-utn-tierra-del-fuego-y-redes-academicas-internacionales-para-conectar-facultades\/","og_locale":"es_ES","og_type":"article","og_title":"Un polo tecnol\u00f3gico de la italianidad tiene v\u00ednculos con la UTN Tierra del Fuego y redes acad\u00e9micas internacionales para conectar facultades - El Regional","og_description":"La iniciativa es impulsada desde Villa Mar\u00eda por el ingeniero Mauricio Perotti, representante de la Juventud Piemontesa Rassa Nostran-A perteneciente a la Sociedad Italina de Socorros Mutuos Italia Unida de Villa Mar\u00eda (nacida en 1887), en colaboraci\u00f3n a la difusi\u00f3n cultural tecnol\u00f3gica de la Agencia Consular Honoraria de Italia en Villa Mar\u00eda integrante de la [&hellip;]","og_url":"https:\/\/elregionalvm.com.ar\/noticias-villa-maria\/un-polo-tecnologico-de-la-italianidad-tiene-vinculos-con-la-utn-tierra-del-fuego-y-redes-academicas-internacionales-para-conectar-facultades\/","og_site_name":"El Regional","article_publisher":"https:\/\/www.facebook.com\/elregionalvm","article_published_time":"2026-03-14T01:46:54+00:00","article_modified_time":"2026-03-14T01:46:56+00:00","og_image":[{"width":1024,"height":766,"url":"https:\/\/elregionalvm.com.ar\/noticias-villa-maria\/wp-content\/uploads\/2026\/03\/BOSSA2-1024x766-1.jpg","type":"image\/jpeg"}],"author":"Contenidos El Regional","twitter_card":"summary_large_image","twitter_creator":"@elregionalvm1","twitter_site":"@elregionalvm1","twitter_misc":{"Escrito por":"Contenidos El Regional","Tiempo de lectura":"6 minutos"},"schema":{"@context":"https:\/\/schema.org","@graph":[{"@type":"Article","@id":"https:\/\/elregionalvm.com.ar\/noticias-villa-maria\/un-polo-tecnologico-de-la-italianidad-tiene-vinculos-con-la-utn-tierra-del-fuego-y-redes-academicas-internacionales-para-conectar-facultades\/#article","isPartOf":{"@id":"https:\/\/elregionalvm.com.ar\/noticias-villa-maria\/un-polo-tecnologico-de-la-italianidad-tiene-vinculos-con-la-utn-tierra-del-fuego-y-redes-academicas-internacionales-para-conectar-facultades\/"},"author":{"name":"Contenidos El Regional","@id":"http:\/\/elregionalvm.com.ar\/noticias-villa-maria\/#\/schema\/person\/a0fb9c422317faca23d50163151bc354"},"headline":"Un polo tecnol\u00f3gico de la italianidad tiene v\u00ednculos con la UTN Tierra del Fuego y redes acad\u00e9micas internacionales para conectar facultades","datePublished":"2026-03-14T01:46:54+00:00","dateModified":"2026-03-14T01:46:56+00:00","mainEntityOfPage":{"@id":"https:\/\/elregionalvm.com.ar\/noticias-villa-maria\/un-polo-tecnologico-de-la-italianidad-tiene-vinculos-con-la-utn-tierra-del-fuego-y-redes-academicas-internacionales-para-conectar-facultades\/"},"wordCount":1412,"commentCount":0,"image":{"@id":"https:\/\/elregionalvm.com.ar\/noticias-villa-maria\/un-polo-tecnologico-de-la-italianidad-tiene-vinculos-con-la-utn-tierra-del-fuego-y-redes-academicas-internacionales-para-conectar-facultades\/#primaryimage"},"thumbnailUrl":"https:\/\/i0.wp.com\/elregionalvm.com.ar\/noticias-villa-maria\/wp-content\/uploads\/2026\/03\/BOSSA2-1024x766-1.jpg?fit=1024%2C766&ssl=1","articleSection":["destacado","Sociedad","Villa Mar\u00eda"],"inLanguage":"es","potentialAction":[{"@type":"CommentAction","name":"Comment","target":["https:\/\/elregionalvm.com.ar\/noticias-villa-maria\/un-polo-tecnologico-de-la-italianidad-tiene-vinculos-con-la-utn-tierra-del-fuego-y-redes-academicas-internacionales-para-conectar-facultades\/#respond"]}]},{"@type":"WebPage","@id":"https:\/\/elregionalvm.com.ar\/noticias-villa-maria\/un-polo-tecnologico-de-la-italianidad-tiene-vinculos-con-la-utn-tierra-del-fuego-y-redes-academicas-internacionales-para-conectar-facultades\/","url":"https:\/\/elregionalvm.com.ar\/noticias-villa-maria\/un-polo-tecnologico-de-la-italianidad-tiene-vinculos-con-la-utn-tierra-del-fuego-y-redes-academicas-internacionales-para-conectar-facultades\/","name":"Un polo tecnol\u00f3gico de la italianidad tiene v\u00ednculos con la UTN Tierra del Fuego y redes acad\u00e9micas internacionales para conectar facultades - El Regional","isPartOf":{"@id":"http:\/\/elregionalvm.com.ar\/noticias-villa-maria\/#website"},"primaryImageOfPage":{"@id":"https:\/\/elregionalvm.com.ar\/noticias-villa-maria\/un-polo-tecnologico-de-la-italianidad-tiene-vinculos-con-la-utn-tierra-del-fuego-y-redes-academicas-internacionales-para-conectar-facultades\/#primaryimage"},"image":{"@id":"https:\/\/elregionalvm.com.ar\/noticias-villa-maria\/un-polo-tecnologico-de-la-italianidad-tiene-vinculos-con-la-utn-tierra-del-fuego-y-redes-academicas-internacionales-para-conectar-facultades\/#primaryimage"},"thumbnailUrl":"https:\/\/i0.wp.com\/elregionalvm.com.ar\/noticias-villa-maria\/wp-content\/uploads\/2026\/03\/BOSSA2-1024x766-1.jpg?fit=1024%2C766&ssl=1","datePublished":"2026-03-14T01:46:54+00:00","dateModified":"2026-03-14T01:46:56+00:00","author":{"@id":"http:\/\/elregionalvm.com.ar\/noticias-villa-maria\/#\/schema\/person\/a0fb9c422317faca23d50163151bc354"},"breadcrumb":{"@id":"https:\/\/elregionalvm.com.ar\/noticias-villa-maria\/un-polo-tecnologico-de-la-italianidad-tiene-vinculos-con-la-utn-tierra-del-fuego-y-redes-academicas-internacionales-para-conectar-facultades\/#breadcrumb"},"inLanguage":"es","potentialAction":[{"@type":"ReadAction","target":["https:\/\/elregionalvm.com.ar\/noticias-villa-maria\/un-polo-tecnologico-de-la-italianidad-tiene-vinculos-con-la-utn-tierra-del-fuego-y-redes-academicas-internacionales-para-conectar-facultades\/"]}]},{"@type":"ImageObject","inLanguage":"es","@id":"https:\/\/elregionalvm.com.ar\/noticias-villa-maria\/un-polo-tecnologico-de-la-italianidad-tiene-vinculos-con-la-utn-tierra-del-fuego-y-redes-academicas-internacionales-para-conectar-facultades\/#primaryimage","url":"https:\/\/i0.wp.com\/elregionalvm.com.ar\/noticias-villa-maria\/wp-content\/uploads\/2026\/03\/BOSSA2-1024x766-1.jpg?fit=1024%2C766&ssl=1","contentUrl":"https:\/\/i0.wp.com\/elregionalvm.com.ar\/noticias-villa-maria\/wp-content\/uploads\/2026\/03\/BOSSA2-1024x766-1.jpg?fit=1024%2C766&ssl=1","width":1024,"height":766},{"@type":"BreadcrumbList","@id":"https:\/\/elregionalvm.com.ar\/noticias-villa-maria\/un-polo-tecnologico-de-la-italianidad-tiene-vinculos-con-la-utn-tierra-del-fuego-y-redes-academicas-internacionales-para-conectar-facultades\/#breadcrumb","itemListElement":[{"@type":"ListItem","position":1,"name":"Portada","item":"https:\/\/elregionalvm.com.ar\/noticias-villa-maria\/"},{"@type":"ListItem","position":2,"name":"Un polo tecnol\u00f3gico de la italianidad tiene v\u00ednculos con la UTN Tierra del Fuego y redes acad\u00e9micas internacionales para conectar facultades"}]},{"@type":"WebSite","@id":"http:\/\/elregionalvm.com.ar\/noticias-villa-maria\/#website","url":"http:\/\/elregionalvm.com.ar\/noticias-villa-maria\/","name":"El Regional","description":"Mucho m\u00e1s que informaci\u00f3n","potentialAction":[{"@type":"SearchAction","target":{"@type":"EntryPoint","urlTemplate":"http:\/\/elregionalvm.com.ar\/noticias-villa-maria\/?s={search_term_string}"},"query-input":{"@type":"PropertyValueSpecification","valueRequired":true,"valueName":"search_term_string"}}],"inLanguage":"es"},{"@type":"Person","@id":"http:\/\/elregionalvm.com.ar\/noticias-villa-maria\/#\/schema\/person\/a0fb9c422317faca23d50163151bc354","name":"Contenidos El Regional","image":{"@type":"ImageObject","inLanguage":"es","@id":"http:\/\/elregionalvm.com.ar\/noticias-villa-maria\/#\/schema\/person\/image\/","url":"https:\/\/secure.gravatar.com\/avatar\/265b27cb2209af7bb3a1318f03305787d7981a5cc6e6cd08fe5a4ecdf99d4b48?s=96&d=mm&r=g","contentUrl":"https:\/\/secure.gravatar.com\/avatar\/265b27cb2209af7bb3a1318f03305787d7981a5cc6e6cd08fe5a4ecdf99d4b48?s=96&d=mm&r=g","caption":"Contenidos El Regional"},"url":"https:\/\/elregionalvm.com.ar\/noticias-villa-maria\/author\/contenido\/"}]}},"jetpack_featured_media_url":"https:\/\/i0.wp.com\/elregionalvm.com.ar\/noticias-villa-maria\/wp-content\/uploads\/2026\/03\/BOSSA2-1024x766-1.jpg?fit=1024%2C766&ssl=1","jetpack_sharing_enabled":true,"_links":{"self":[{"href":"https:\/\/elregionalvm.com.ar\/noticias-villa-maria\/wp-json\/wp\/v2\/posts\/114653","targetHints":{"allow":["GET"]}}],"collection":[{"href":"https:\/\/elregionalvm.com.ar\/noticias-villa-maria\/wp-json\/wp\/v2\/posts"}],"about":[{"href":"https:\/\/elregionalvm.com.ar\/noticias-villa-maria\/wp-json\/wp\/v2\/types\/post"}],"author":[{"embeddable":true,"href":"https:\/\/elregionalvm.com.ar\/noticias-villa-maria\/wp-json\/wp\/v2\/users\/4"}],"replies":[{"embeddable":true,"href":"https:\/\/elregionalvm.com.ar\/noticias-villa-maria\/wp-json\/wp\/v2\/comments?post=114653"}],"version-history":[{"count":1,"href":"https:\/\/elregionalvm.com.ar\/noticias-villa-maria\/wp-json\/wp\/v2\/posts\/114653\/revisions"}],"predecessor-version":[{"id":114655,"href":"https:\/\/elregionalvm.com.ar\/noticias-villa-maria\/wp-json\/wp\/v2\/posts\/114653\/revisions\/114655"}],"wp:featuredmedia":[{"embeddable":true,"href":"https:\/\/elregionalvm.com.ar\/noticias-villa-maria\/wp-json\/wp\/v2\/media\/114654"}],"wp:attachment":[{"href":"https:\/\/elregionalvm.com.ar\/noticias-villa-maria\/wp-json\/wp\/v2\/media?parent=114653"}],"wp:term":[{"taxonomy":"category","embeddable":true,"href":"https:\/\/elregionalvm.com.ar\/noticias-villa-maria\/wp-json\/wp\/v2\/categories?post=114653"},{"taxonomy":"post_tag","embeddable":true,"href":"https:\/\/elregionalvm.com.ar\/noticias-villa-maria\/wp-json\/wp\/v2\/tags?post=114653"}],"curies":[{"name":"wp","href":"https:\/\/api.w.org\/{rel}","templated":true}]}}