{"id":114852,"date":"2026-03-23T23:40:23","date_gmt":"2026-03-23T23:40:23","guid":{"rendered":"https:\/\/elregionalvm.com.ar\/noticias-villa-maria\/?p=114852"},"modified":"2026-03-23T23:40:26","modified_gmt":"2026-03-23T23:40:26","slug":"durante-el-mes-de-febrero-se-registraron-mas-de-19-000-atenciones-en-el-sistema-de-atencion-primaria-de-la-salud","status":"publish","type":"post","link":"https:\/\/elregionalvm.com.ar\/noticias-villa-maria\/durante-el-mes-de-febrero-se-registraron-mas-de-19-000-atenciones-en-el-sistema-de-atencion-primaria-de-la-salud\/","title":{"rendered":"Durante el mes de febrero se registraron m\u00e1s de 19.000 atenciones en el sistema de Atenci\u00f3n Primaria de la Salud"},"content":{"rendered":"\n<p>Se trata de atenciones brindadas por el sistema de Atenci\u00f3n Primaria de la Salud, tanto en los CAPS como en la Asistencia P\u00fablica y otras dependencias.<\/p>\n\n\n\n<p>Durante el mes de febrero se registraron m\u00e1s de 19.000 atenciones en el sistema de Atenci\u00f3n Primaria de la Salud, realizadas tanto en los Centros de Atenci\u00f3n Primaria de la Salud (CAPS), distribuidos en distintos barrios, como en la Asistencia P\u00fablica y otras dependencias municipales.<\/p>\n\n\n\n<p>En detalle, en la Asistencia P\u00fablica se registraron 8.901 prestaciones correspondientes a diferentes especialidades y servicios de atenci\u00f3n, como enfermer\u00eda, cl\u00ednica m\u00e9dica y vacunatorio, entre otros.<\/p>\n\n\n\n<p>Por su parte, en los Centros de Atenci\u00f3n Primaria de la Salud ubicados en distintos barrios de la ciudad se contabilizaron 7.800 atenciones. Por la cantidad de consultas, se destacan los CAPS de barrio Los Olmos y San Mart\u00edn, con 1.108 y 807 atenciones respectivamente.<\/p>\n\n\n\n<p>En tanto, el sistema de emergencias municipales 107VM registr\u00f3 776 intervenciones. El resto de las atenciones fueron realizadas en distintas dependencias municipales, como el Hogar Municipal de Ancianos y el Centro Municipal de Adicciones (CMA), entre otras.<\/p>\n\n\n\n<p><strong>Servicio de emergencias 107 VM<\/strong><\/p>\n\n\n\n<p>Se recuerda que el servicio de emergencias municipales puede solicitarse de dos maneras: mediante un llamado telef\u00f3nico al 107 o a trav\u00e9s de la aplicaci\u00f3n gratuita 107VM, disponible para descargar en tiendas de aplicaciones. La app permite solicitar asistencia m\u00e9dica de forma r\u00e1pida mediante un bot\u00f3n de emergencia, utilizando geolocalizaci\u00f3n para indicar a los param\u00e9dicos el lugar exacto de la intervenci\u00f3n.<\/p>\n\n\n\n<p>Adem\u00e1s, el sistema incorpor\u00f3 la posibilidad de realizar denuncias online al Ministerio P\u00fablico Fiscal, establecer llamados directos a Bomberos y Polic\u00eda, y acceder a Atenci\u00f3n al Vecino 147.<\/p>\n\n\n\n<p>Los profesionales que integran el sistema 107VM cuentan con desfibriladores autom\u00e1ticos y tablets que posibilitan, mediante el sistema de medicina digital mixta, la comunicaci\u00f3n directa con m\u00e9dicos, la realizaci\u00f3n de videoconsultas y la emisi\u00f3n de recetas electr\u00f3nicas, fortaleciendo la calidad de la atenci\u00f3n prehospitalaria.<\/p>\n","protected":false},"excerpt":{"rendered":"<p>Se trata de atenciones brindadas por el sistema de Atenci\u00f3n Primaria de la Salud, tanto en los CAPS como en la Asistencia P\u00fablica y otras dependencias. Durante el mes de febrero se registraron m\u00e1s de 19.000 atenciones en el sistema de Atenci\u00f3n Primaria de la Salud, realizadas tanto en los Centros de Atenci\u00f3n Primaria de [&hellip;]<\/p>\n","protected":false},"author":4,"featured_media":114853,"comment_status":"open","ping_status":"open","sticky":false,"template":"","format":"standard","meta":{"site-sidebar-layout":"default","site-content-layout":"","ast-site-content-layout":"default","site-content-style":"default","site-sidebar-style":"default","ast-global-header-display":"","ast-banner-title-visibility":"","ast-main-header-display":"","ast-hfb-above-header-display":"","ast-hfb-below-header-display":"","ast-hfb-mobile-header-display":"","site-post-title":"","ast-breadcrumbs-content":"","ast-featured-img":"","footer-sml-layout":"","ast-disable-related-posts":"","theme-transparent-header-meta":"","adv-header-id-meta":"","stick-header-meta":"","header-above-stick-meta":"","header-main-stick-meta":"","header-below-stick-meta":"","astra-migrate-meta-layouts":"set","ast-page-background-enabled":"default","ast-page-background-meta":{"desktop":{"background-color":"","background-image":"","background-repeat":"repeat","background-position":"center center","background-size":"auto","background-attachment":"scroll","background-type":"","background-media":"","overlay-type":"","overlay-color":"","overlay-opacity":"","overlay-gradient":""},"tablet":{"background-color":"","background-image":"","background-repeat":"repeat","background-position":"center center","background-size":"auto","background-attachment":"scroll","background-type":"","background-media":"","overlay-type":"","overlay-color":"","overlay-opacity":"","overlay-gradient":""},"mobile":{"background-color":"","background-image":"","background-repeat":"repeat","background-position":"center center","background-size":"auto","background-attachment":"scroll","background-type":"","background-media":"","overlay-type":"","overlay-color":"","overlay-opacity":"","overlay-gradient":""}},"ast-content-background-meta":{"desktop":{"background-color":"var(--ast-global-color-5)","background-image":"","background-repeat":"repeat","background-position":"center center","background-size":"auto","background-attachment":"scroll","background-type":"","background-media":"","overlay-type":"","overlay-color":"","overlay-opacity":"","overlay-gradient":""},"tablet":{"background-color":"var(--ast-global-color-5)","background-image":"","background-repeat":"repeat","background-position":"center center","background-size":"auto","background-attachment":"scroll","background-type":"","background-media":"","overlay-type":"","overlay-color":"","overlay-opacity":"","overlay-gradient":""},"mobile":{"background-color":"var(--ast-global-color-5)","background-image":"","background-repeat":"repeat","background-position":"center center","background-size":"auto","background-attachment":"scroll","background-type":"","background-media":"","overlay-type":"","overlay-color":"","overlay-opacity":"","overlay-gradient":""}},"_jetpack_memberships_contains_paid_content":false,"_joinchat":[],"footnotes":""},"categories":[15302,5,2],"tags":[],"class_list":["post-114852","post","type-post","status-publish","format-standard","has-post-thumbnail","hentry","category-destacado","category-sociedad","category-villa-maria"],"yoast_head":"<!-- This site is optimized with the Yoast SEO plugin v26.8 - https:\/\/yoast.com\/product\/yoast-seo-wordpress\/ -->\n<title>Durante el mes de febrero se registraron m\u00e1s de 19.000 atenciones en el sistema de Atenci\u00f3n Primaria de la Salud - El Regional<\/title>\n<meta name=\"robots\" content=\"index, follow, max-snippet:-1, max-image-preview:large, max-video-preview:-1\" \/>\n<link rel=\"canonical\" href=\"https:\/\/elregionalvm.com.ar\/noticias-villa-maria\/durante-el-mes-de-febrero-se-registraron-mas-de-19-000-atenciones-en-el-sistema-de-atencion-primaria-de-la-salud\/\" \/>\n<meta property=\"og:locale\" content=\"es_ES\" \/>\n<meta property=\"og:type\" content=\"article\" \/>\n<meta property=\"og:title\" content=\"Durante el mes de febrero se registraron m\u00e1s de 19.000 atenciones en el sistema de Atenci\u00f3n Primaria de la Salud - El Regional\" \/>\n<meta property=\"og:description\" content=\"Se trata de atenciones brindadas por el sistema de Atenci\u00f3n Primaria de la Salud, tanto en los CAPS como en la Asistencia P\u00fablica y otras dependencias. Durante el mes de febrero se registraron m\u00e1s de 19.000 atenciones en el sistema de Atenci\u00f3n Primaria de la Salud, realizadas tanto en los Centros de Atenci\u00f3n Primaria de [&hellip;]\" \/>\n<meta property=\"og:url\" content=\"https:\/\/elregionalvm.com.ar\/noticias-villa-maria\/durante-el-mes-de-febrero-se-registraron-mas-de-19-000-atenciones-en-el-sistema-de-atencion-primaria-de-la-salud\/\" \/>\n<meta property=\"og:site_name\" content=\"El Regional\" \/>\n<meta property=\"article:publisher\" content=\"https:\/\/www.facebook.com\/elregionalvm\" \/>\n<meta property=\"article:published_time\" content=\"2026-03-23T23:40:23+00:00\" \/>\n<meta property=\"article:modified_time\" content=\"2026-03-23T23:40:26+00:00\" \/>\n<meta property=\"og:image\" content=\"https:\/\/elregionalvm.com.ar\/noticias-villa-maria\/wp-content\/uploads\/2026\/03\/e194b2e7c5e44aa483fa13b163f85dca-1.jpeg\" \/>\n\t<meta property=\"og:image:width\" content=\"800\" \/>\n\t<meta property=\"og:image:height\" content=\"600\" \/>\n\t<meta property=\"og:image:type\" content=\"image\/jpeg\" \/>\n<meta name=\"author\" content=\"Contenidos El Regional\" \/>\n<meta name=\"twitter:card\" content=\"summary_large_image\" \/>\n<meta name=\"twitter:creator\" content=\"@elregionalvm1\" \/>\n<meta name=\"twitter:site\" content=\"@elregionalvm1\" \/>\n<meta name=\"twitter:label1\" content=\"Escrito por\" \/>\n\t<meta name=\"twitter:data1\" content=\"Contenidos El Regional\" \/>\n\t<meta name=\"twitter:label2\" content=\"Tiempo de lectura\" \/>\n\t<meta name=\"twitter:data2\" content=\"2 minutos\" \/>\n<script type=\"application\/ld+json\" class=\"yoast-schema-graph\">{\"@context\":\"https:\/\/schema.org\",\"@graph\":[{\"@type\":\"Article\",\"@id\":\"https:\/\/elregionalvm.com.ar\/noticias-villa-maria\/durante-el-mes-de-febrero-se-registraron-mas-de-19-000-atenciones-en-el-sistema-de-atencion-primaria-de-la-salud\/#article\",\"isPartOf\":{\"@id\":\"https:\/\/elregionalvm.com.ar\/noticias-villa-maria\/durante-el-mes-de-febrero-se-registraron-mas-de-19-000-atenciones-en-el-sistema-de-atencion-primaria-de-la-salud\/\"},\"author\":{\"name\":\"Contenidos El Regional\",\"@id\":\"http:\/\/elregionalvm.com.ar\/noticias-villa-maria\/#\/schema\/person\/a0fb9c422317faca23d50163151bc354\"},\"headline\":\"Durante el mes de febrero se registraron m\u00e1s de 19.000 atenciones en el sistema de Atenci\u00f3n Primaria de la Salud\",\"datePublished\":\"2026-03-23T23:40:23+00:00\",\"dateModified\":\"2026-03-23T23:40:26+00:00\",\"mainEntityOfPage\":{\"@id\":\"https:\/\/elregionalvm.com.ar\/noticias-villa-maria\/durante-el-mes-de-febrero-se-registraron-mas-de-19-000-atenciones-en-el-sistema-de-atencion-primaria-de-la-salud\/\"},\"wordCount\":362,\"commentCount\":0,\"image\":{\"@id\":\"https:\/\/elregionalvm.com.ar\/noticias-villa-maria\/durante-el-mes-de-febrero-se-registraron-mas-de-19-000-atenciones-en-el-sistema-de-atencion-primaria-de-la-salud\/#primaryimage\"},\"thumbnailUrl\":\"https:\/\/i0.wp.com\/elregionalvm.com.ar\/noticias-villa-maria\/wp-content\/uploads\/2026\/03\/e194b2e7c5e44aa483fa13b163f85dca-1.jpeg?fit=800%2C600&ssl=1\",\"articleSection\":[\"destacado\",\"Sociedad\",\"Villa Mar\u00eda\"],\"inLanguage\":\"es\",\"potentialAction\":[{\"@type\":\"CommentAction\",\"name\":\"Comment\",\"target\":[\"https:\/\/elregionalvm.com.ar\/noticias-villa-maria\/durante-el-mes-de-febrero-se-registraron-mas-de-19-000-atenciones-en-el-sistema-de-atencion-primaria-de-la-salud\/#respond\"]}]},{\"@type\":\"WebPage\",\"@id\":\"https:\/\/elregionalvm.com.ar\/noticias-villa-maria\/durante-el-mes-de-febrero-se-registraron-mas-de-19-000-atenciones-en-el-sistema-de-atencion-primaria-de-la-salud\/\",\"url\":\"https:\/\/elregionalvm.com.ar\/noticias-villa-maria\/durante-el-mes-de-febrero-se-registraron-mas-de-19-000-atenciones-en-el-sistema-de-atencion-primaria-de-la-salud\/\",\"name\":\"Durante el mes de febrero se registraron m\u00e1s de 19.000 atenciones en el sistema de Atenci\u00f3n Primaria de la Salud - El Regional\",\"isPartOf\":{\"@id\":\"http:\/\/elregionalvm.com.ar\/noticias-villa-maria\/#website\"},\"primaryImageOfPage\":{\"@id\":\"https:\/\/elregionalvm.com.ar\/noticias-villa-maria\/durante-el-mes-de-febrero-se-registraron-mas-de-19-000-atenciones-en-el-sistema-de-atencion-primaria-de-la-salud\/#primaryimage\"},\"image\":{\"@id\":\"https:\/\/elregionalvm.com.ar\/noticias-villa-maria\/durante-el-mes-de-febrero-se-registraron-mas-de-19-000-atenciones-en-el-sistema-de-atencion-primaria-de-la-salud\/#primaryimage\"},\"thumbnailUrl\":\"https:\/\/i0.wp.com\/elregionalvm.com.ar\/noticias-villa-maria\/wp-content\/uploads\/2026\/03\/e194b2e7c5e44aa483fa13b163f85dca-1.jpeg?fit=800%2C600&ssl=1\",\"datePublished\":\"2026-03-23T23:40:23+00:00\",\"dateModified\":\"2026-03-23T23:40:26+00:00\",\"author\":{\"@id\":\"http:\/\/elregionalvm.com.ar\/noticias-villa-maria\/#\/schema\/person\/a0fb9c422317faca23d50163151bc354\"},\"breadcrumb\":{\"@id\":\"https:\/\/elregionalvm.com.ar\/noticias-villa-maria\/durante-el-mes-de-febrero-se-registraron-mas-de-19-000-atenciones-en-el-sistema-de-atencion-primaria-de-la-salud\/#breadcrumb\"},\"inLanguage\":\"es\",\"potentialAction\":[{\"@type\":\"ReadAction\",\"target\":[\"https:\/\/elregionalvm.com.ar\/noticias-villa-maria\/durante-el-mes-de-febrero-se-registraron-mas-de-19-000-atenciones-en-el-sistema-de-atencion-primaria-de-la-salud\/\"]}]},{\"@type\":\"ImageObject\",\"inLanguage\":\"es\",\"@id\":\"https:\/\/elregionalvm.com.ar\/noticias-villa-maria\/durante-el-mes-de-febrero-se-registraron-mas-de-19-000-atenciones-en-el-sistema-de-atencion-primaria-de-la-salud\/#primaryimage\",\"url\":\"https:\/\/i0.wp.com\/elregionalvm.com.ar\/noticias-villa-maria\/wp-content\/uploads\/2026\/03\/e194b2e7c5e44aa483fa13b163f85dca-1.jpeg?fit=800%2C600&ssl=1\",\"contentUrl\":\"https:\/\/i0.wp.com\/elregionalvm.com.ar\/noticias-villa-maria\/wp-content\/uploads\/2026\/03\/e194b2e7c5e44aa483fa13b163f85dca-1.jpeg?fit=800%2C600&ssl=1\",\"width\":800,\"height\":600},{\"@type\":\"BreadcrumbList\",\"@id\":\"https:\/\/elregionalvm.com.ar\/noticias-villa-maria\/durante-el-mes-de-febrero-se-registraron-mas-de-19-000-atenciones-en-el-sistema-de-atencion-primaria-de-la-salud\/#breadcrumb\",\"itemListElement\":[{\"@type\":\"ListItem\",\"position\":1,\"name\":\"Portada\",\"item\":\"https:\/\/elregionalvm.com.ar\/noticias-villa-maria\/\"},{\"@type\":\"ListItem\",\"position\":2,\"name\":\"Durante el mes de febrero se registraron m\u00e1s de 19.000 atenciones en el sistema de Atenci\u00f3n Primaria de la Salud\"}]},{\"@type\":\"WebSite\",\"@id\":\"http:\/\/elregionalvm.com.ar\/noticias-villa-maria\/#website\",\"url\":\"http:\/\/elregionalvm.com.ar\/noticias-villa-maria\/\",\"name\":\"El Regional\",\"description\":\"Mucho m\u00e1s que informaci\u00f3n\",\"potentialAction\":[{\"@type\":\"SearchAction\",\"target\":{\"@type\":\"EntryPoint\",\"urlTemplate\":\"http:\/\/elregionalvm.com.ar\/noticias-villa-maria\/?s={search_term_string}\"},\"query-input\":{\"@type\":\"PropertyValueSpecification\",\"valueRequired\":true,\"valueName\":\"search_term_string\"}}],\"inLanguage\":\"es\"},{\"@type\":\"Person\",\"@id\":\"http:\/\/elregionalvm.com.ar\/noticias-villa-maria\/#\/schema\/person\/a0fb9c422317faca23d50163151bc354\",\"name\":\"Contenidos El Regional\",\"image\":{\"@type\":\"ImageObject\",\"inLanguage\":\"es\",\"@id\":\"http:\/\/elregionalvm.com.ar\/noticias-villa-maria\/#\/schema\/person\/image\/\",\"url\":\"https:\/\/secure.gravatar.com\/avatar\/265b27cb2209af7bb3a1318f03305787d7981a5cc6e6cd08fe5a4ecdf99d4b48?s=96&d=mm&r=g\",\"contentUrl\":\"https:\/\/secure.gravatar.com\/avatar\/265b27cb2209af7bb3a1318f03305787d7981a5cc6e6cd08fe5a4ecdf99d4b48?s=96&d=mm&r=g\",\"caption\":\"Contenidos El Regional\"},\"url\":\"https:\/\/elregionalvm.com.ar\/noticias-villa-maria\/author\/contenido\/\"}]}<\/script>\n<!-- \/ Yoast SEO plugin. -->","yoast_head_json":{"title":"Durante el mes de febrero se registraron m\u00e1s de 19.000 atenciones en el sistema de Atenci\u00f3n Primaria de la Salud - El Regional","robots":{"index":"index","follow":"follow","max-snippet":"max-snippet:-1","max-image-preview":"max-image-preview:large","max-video-preview":"max-video-preview:-1"},"canonical":"https:\/\/elregionalvm.com.ar\/noticias-villa-maria\/durante-el-mes-de-febrero-se-registraron-mas-de-19-000-atenciones-en-el-sistema-de-atencion-primaria-de-la-salud\/","og_locale":"es_ES","og_type":"article","og_title":"Durante el mes de febrero se registraron m\u00e1s de 19.000 atenciones en el sistema de Atenci\u00f3n Primaria de la Salud - El Regional","og_description":"Se trata de atenciones brindadas por el sistema de Atenci\u00f3n Primaria de la Salud, tanto en los CAPS como en la Asistencia P\u00fablica y otras dependencias. Durante el mes de febrero se registraron m\u00e1s de 19.000 atenciones en el sistema de Atenci\u00f3n Primaria de la Salud, realizadas tanto en los Centros de Atenci\u00f3n Primaria de [&hellip;]","og_url":"https:\/\/elregionalvm.com.ar\/noticias-villa-maria\/durante-el-mes-de-febrero-se-registraron-mas-de-19-000-atenciones-en-el-sistema-de-atencion-primaria-de-la-salud\/","og_site_name":"El Regional","article_publisher":"https:\/\/www.facebook.com\/elregionalvm","article_published_time":"2026-03-23T23:40:23+00:00","article_modified_time":"2026-03-23T23:40:26+00:00","og_image":[{"width":800,"height":600,"url":"https:\/\/elregionalvm.com.ar\/noticias-villa-maria\/wp-content\/uploads\/2026\/03\/e194b2e7c5e44aa483fa13b163f85dca-1.jpeg","type":"image\/jpeg"}],"author":"Contenidos El Regional","twitter_card":"summary_large_image","twitter_creator":"@elregionalvm1","twitter_site":"@elregionalvm1","twitter_misc":{"Escrito por":"Contenidos El Regional","Tiempo de lectura":"2 minutos"},"schema":{"@context":"https:\/\/schema.org","@graph":[{"@type":"Article","@id":"https:\/\/elregionalvm.com.ar\/noticias-villa-maria\/durante-el-mes-de-febrero-se-registraron-mas-de-19-000-atenciones-en-el-sistema-de-atencion-primaria-de-la-salud\/#article","isPartOf":{"@id":"https:\/\/elregionalvm.com.ar\/noticias-villa-maria\/durante-el-mes-de-febrero-se-registraron-mas-de-19-000-atenciones-en-el-sistema-de-atencion-primaria-de-la-salud\/"},"author":{"name":"Contenidos El Regional","@id":"http:\/\/elregionalvm.com.ar\/noticias-villa-maria\/#\/schema\/person\/a0fb9c422317faca23d50163151bc354"},"headline":"Durante el mes de febrero se registraron m\u00e1s de 19.000 atenciones en el sistema de Atenci\u00f3n Primaria de la Salud","datePublished":"2026-03-23T23:40:23+00:00","dateModified":"2026-03-23T23:40:26+00:00","mainEntityOfPage":{"@id":"https:\/\/elregionalvm.com.ar\/noticias-villa-maria\/durante-el-mes-de-febrero-se-registraron-mas-de-19-000-atenciones-en-el-sistema-de-atencion-primaria-de-la-salud\/"},"wordCount":362,"commentCount":0,"image":{"@id":"https:\/\/elregionalvm.com.ar\/noticias-villa-maria\/durante-el-mes-de-febrero-se-registraron-mas-de-19-000-atenciones-en-el-sistema-de-atencion-primaria-de-la-salud\/#primaryimage"},"thumbnailUrl":"https:\/\/i0.wp.com\/elregionalvm.com.ar\/noticias-villa-maria\/wp-content\/uploads\/2026\/03\/e194b2e7c5e44aa483fa13b163f85dca-1.jpeg?fit=800%2C600&ssl=1","articleSection":["destacado","Sociedad","Villa Mar\u00eda"],"inLanguage":"es","potentialAction":[{"@type":"CommentAction","name":"Comment","target":["https:\/\/elregionalvm.com.ar\/noticias-villa-maria\/durante-el-mes-de-febrero-se-registraron-mas-de-19-000-atenciones-en-el-sistema-de-atencion-primaria-de-la-salud\/#respond"]}]},{"@type":"WebPage","@id":"https:\/\/elregionalvm.com.ar\/noticias-villa-maria\/durante-el-mes-de-febrero-se-registraron-mas-de-19-000-atenciones-en-el-sistema-de-atencion-primaria-de-la-salud\/","url":"https:\/\/elregionalvm.com.ar\/noticias-villa-maria\/durante-el-mes-de-febrero-se-registraron-mas-de-19-000-atenciones-en-el-sistema-de-atencion-primaria-de-la-salud\/","name":"Durante el mes de febrero se registraron m\u00e1s de 19.000 atenciones en el sistema de Atenci\u00f3n Primaria de la Salud - El Regional","isPartOf":{"@id":"http:\/\/elregionalvm.com.ar\/noticias-villa-maria\/#website"},"primaryImageOfPage":{"@id":"https:\/\/elregionalvm.com.ar\/noticias-villa-maria\/durante-el-mes-de-febrero-se-registraron-mas-de-19-000-atenciones-en-el-sistema-de-atencion-primaria-de-la-salud\/#primaryimage"},"image":{"@id":"https:\/\/elregionalvm.com.ar\/noticias-villa-maria\/durante-el-mes-de-febrero-se-registraron-mas-de-19-000-atenciones-en-el-sistema-de-atencion-primaria-de-la-salud\/#primaryimage"},"thumbnailUrl":"https:\/\/i0.wp.com\/elregionalvm.com.ar\/noticias-villa-maria\/wp-content\/uploads\/2026\/03\/e194b2e7c5e44aa483fa13b163f85dca-1.jpeg?fit=800%2C600&ssl=1","datePublished":"2026-03-23T23:40:23+00:00","dateModified":"2026-03-23T23:40:26+00:00","author":{"@id":"http:\/\/elregionalvm.com.ar\/noticias-villa-maria\/#\/schema\/person\/a0fb9c422317faca23d50163151bc354"},"breadcrumb":{"@id":"https:\/\/elregionalvm.com.ar\/noticias-villa-maria\/durante-el-mes-de-febrero-se-registraron-mas-de-19-000-atenciones-en-el-sistema-de-atencion-primaria-de-la-salud\/#breadcrumb"},"inLanguage":"es","potentialAction":[{"@type":"ReadAction","target":["https:\/\/elregionalvm.com.ar\/noticias-villa-maria\/durante-el-mes-de-febrero-se-registraron-mas-de-19-000-atenciones-en-el-sistema-de-atencion-primaria-de-la-salud\/"]}]},{"@type":"ImageObject","inLanguage":"es","@id":"https:\/\/elregionalvm.com.ar\/noticias-villa-maria\/durante-el-mes-de-febrero-se-registraron-mas-de-19-000-atenciones-en-el-sistema-de-atencion-primaria-de-la-salud\/#primaryimage","url":"https:\/\/i0.wp.com\/elregionalvm.com.ar\/noticias-villa-maria\/wp-content\/uploads\/2026\/03\/e194b2e7c5e44aa483fa13b163f85dca-1.jpeg?fit=800%2C600&ssl=1","contentUrl":"https:\/\/i0.wp.com\/elregionalvm.com.ar\/noticias-villa-maria\/wp-content\/uploads\/2026\/03\/e194b2e7c5e44aa483fa13b163f85dca-1.jpeg?fit=800%2C600&ssl=1","width":800,"height":600},{"@type":"BreadcrumbList","@id":"https:\/\/elregionalvm.com.ar\/noticias-villa-maria\/durante-el-mes-de-febrero-se-registraron-mas-de-19-000-atenciones-en-el-sistema-de-atencion-primaria-de-la-salud\/#breadcrumb","itemListElement":[{"@type":"ListItem","position":1,"name":"Portada","item":"https:\/\/elregionalvm.com.ar\/noticias-villa-maria\/"},{"@type":"ListItem","position":2,"name":"Durante el mes de febrero se registraron m\u00e1s de 19.000 atenciones en el sistema de Atenci\u00f3n Primaria de la Salud"}]},{"@type":"WebSite","@id":"http:\/\/elregionalvm.com.ar\/noticias-villa-maria\/#website","url":"http:\/\/elregionalvm.com.ar\/noticias-villa-maria\/","name":"El Regional","description":"Mucho m\u00e1s que informaci\u00f3n","potentialAction":[{"@type":"SearchAction","target":{"@type":"EntryPoint","urlTemplate":"http:\/\/elregionalvm.com.ar\/noticias-villa-maria\/?s={search_term_string}"},"query-input":{"@type":"PropertyValueSpecification","valueRequired":true,"valueName":"search_term_string"}}],"inLanguage":"es"},{"@type":"Person","@id":"http:\/\/elregionalvm.com.ar\/noticias-villa-maria\/#\/schema\/person\/a0fb9c422317faca23d50163151bc354","name":"Contenidos El Regional","image":{"@type":"ImageObject","inLanguage":"es","@id":"http:\/\/elregionalvm.com.ar\/noticias-villa-maria\/#\/schema\/person\/image\/","url":"https:\/\/secure.gravatar.com\/avatar\/265b27cb2209af7bb3a1318f03305787d7981a5cc6e6cd08fe5a4ecdf99d4b48?s=96&d=mm&r=g","contentUrl":"https:\/\/secure.gravatar.com\/avatar\/265b27cb2209af7bb3a1318f03305787d7981a5cc6e6cd08fe5a4ecdf99d4b48?s=96&d=mm&r=g","caption":"Contenidos El Regional"},"url":"https:\/\/elregionalvm.com.ar\/noticias-villa-maria\/author\/contenido\/"}]}},"jetpack_featured_media_url":"https:\/\/i0.wp.com\/elregionalvm.com.ar\/noticias-villa-maria\/wp-content\/uploads\/2026\/03\/e194b2e7c5e44aa483fa13b163f85dca-1.jpeg?fit=800%2C600&ssl=1","jetpack_sharing_enabled":true,"_links":{"self":[{"href":"https:\/\/elregionalvm.com.ar\/noticias-villa-maria\/wp-json\/wp\/v2\/posts\/114852","targetHints":{"allow":["GET"]}}],"collection":[{"href":"https:\/\/elregionalvm.com.ar\/noticias-villa-maria\/wp-json\/wp\/v2\/posts"}],"about":[{"href":"https:\/\/elregionalvm.com.ar\/noticias-villa-maria\/wp-json\/wp\/v2\/types\/post"}],"author":[{"embeddable":true,"href":"https:\/\/elregionalvm.com.ar\/noticias-villa-maria\/wp-json\/wp\/v2\/users\/4"}],"replies":[{"embeddable":true,"href":"https:\/\/elregionalvm.com.ar\/noticias-villa-maria\/wp-json\/wp\/v2\/comments?post=114852"}],"version-history":[{"count":1,"href":"https:\/\/elregionalvm.com.ar\/noticias-villa-maria\/wp-json\/wp\/v2\/posts\/114852\/revisions"}],"predecessor-version":[{"id":114854,"href":"https:\/\/elregionalvm.com.ar\/noticias-villa-maria\/wp-json\/wp\/v2\/posts\/114852\/revisions\/114854"}],"wp:featuredmedia":[{"embeddable":true,"href":"https:\/\/elregionalvm.com.ar\/noticias-villa-maria\/wp-json\/wp\/v2\/media\/114853"}],"wp:attachment":[{"href":"https:\/\/elregionalvm.com.ar\/noticias-villa-maria\/wp-json\/wp\/v2\/media?parent=114852"}],"wp:term":[{"taxonomy":"category","embeddable":true,"href":"https:\/\/elregionalvm.com.ar\/noticias-villa-maria\/wp-json\/wp\/v2\/categories?post=114852"},{"taxonomy":"post_tag","embeddable":true,"href":"https:\/\/elregionalvm.com.ar\/noticias-villa-maria\/wp-json\/wp\/v2\/tags?post=114852"}],"curies":[{"name":"wp","href":"https:\/\/api.w.org\/{rel}","templated":true}]}}