{"id":115167,"date":"2026-04-06T20:24:19","date_gmt":"2026-04-06T20:24:19","guid":{"rendered":"https:\/\/elregionalvm.com.ar\/noticias-villa-maria\/?p=115167"},"modified":"2026-04-06T20:24:21","modified_gmt":"2026-04-06T20:24:21","slug":"productores-de-villa-maria-dijeron-presente-en-el-festival-peperina","status":"publish","type":"post","link":"https:\/\/elregionalvm.com.ar\/noticias-villa-maria\/productores-de-villa-maria-dijeron-presente-en-el-festival-peperina\/","title":{"rendered":"Productores de Villa Mar\u00eda dijeron presente en el Festival Peperina"},"content":{"rendered":"\n<h2 class=\"wp-block-heading\">Productores y productoras de Villa Mar\u00eda participaron del reconocido <strong>Festival Peperina<\/strong> en Alta Gracia, uno de los eventos gastron\u00f3micos m\u00e1s importantes del pa\u00eds, donde se re\u00fanen emprendimientos, chefs y propuestas vinculadas a la cocina y la producci\u00f3n sustentable.<\/h2>\n\n\n\n<p><\/p>\n\n\n\n<p>La delegaci\u00f3n local estuvo integrada por emprendimientos de la <strong>Feria Franca<\/strong>, un espacio que promueve el consumo responsable, el comercio justo y el acceso a alimentos frescos y de calidad. La participaci\u00f3n permiti\u00f3 visibilizar el trabajo que se desarrolla en la ciudad en torno a la producci\u00f3n agroecol\u00f3gica y fortalecer v\u00ednculos con otros actores del sector.<\/p>\n\n\n\n<figure class=\"wp-block-image aligncenter size-full\"><img data-recalc-dims=\"1\" fetchpriority=\"high\" decoding=\"async\" width=\"650\" height=\"431\" src=\"https:\/\/i0.wp.com\/elregionalvm.com.ar\/noticias-villa-maria\/wp-content\/uploads\/2026\/04\/peperina2.jpg?resize=650%2C431&#038;ssl=1\" alt=\"\" class=\"wp-image-115169\" srcset=\"https:\/\/i0.wp.com\/elregionalvm.com.ar\/noticias-villa-maria\/wp-content\/uploads\/2026\/04\/peperina2.jpg?w=650&amp;ssl=1 650w, https:\/\/i0.wp.com\/elregionalvm.com.ar\/noticias-villa-maria\/wp-content\/uploads\/2026\/04\/peperina2.jpg?resize=300%2C199&amp;ssl=1 300w\" sizes=\"(max-width: 650px) 100vw, 650px\" \/><\/figure>\n\n\n\n<p><\/p>\n\n\n\n<p>Desde el municipio destacaron que este tipo de encuentros abre nuevas oportunidades de comercializaci\u00f3n y consolida redes de trabajo basadas en la soberan\u00eda alimentaria.<\/p>\n\n\n\n<p>Entre los proyectos que representaron a Villa Mar\u00eda se encuentran <strong>Maifra<\/strong>, <strong>Placeres Sin TACC<\/strong>, <strong>Ficco<\/strong>, <strong>El Nocedal<\/strong>, <strong>Amoralte<\/strong>, <strong>CHUN<\/strong> y <strong>Frulatti<\/strong>, con propuestas que van desde alimentos saludables y panificados sin gluten hasta bebidas artesanales, granolas y productos l\u00e1cteos naturales.<\/p>\n\n\n\n<p>La presencia villamariense en el festival reafirma el crecimiento de la producci\u00f3n local y su apuesta por una alimentaci\u00f3n m\u00e1s consciente y sustentable.<\/p>\n","protected":false},"excerpt":{"rendered":"<p>Productores y productoras de Villa Mar\u00eda participaron del reconocido Festival Peperina en Alta Gracia, uno de los eventos gastron\u00f3micos m\u00e1s importantes del pa\u00eds, donde se re\u00fanen emprendimientos, chefs y propuestas vinculadas a la cocina y la producci\u00f3n sustentable. La delegaci\u00f3n local estuvo integrada por emprendimientos de la Feria Franca, un espacio que promueve el consumo [&hellip;]<\/p>\n","protected":false},"author":3,"featured_media":115168,"comment_status":"open","ping_status":"open","sticky":false,"template":"","format":"standard","meta":{"site-sidebar-layout":"default","site-content-layout":"","ast-site-content-layout":"default","site-content-style":"default","site-sidebar-style":"default","ast-global-header-display":"","ast-banner-title-visibility":"","ast-main-header-display":"","ast-hfb-above-header-display":"","ast-hfb-below-header-display":"","ast-hfb-mobile-header-display":"","site-post-title":"","ast-breadcrumbs-content":"","ast-featured-img":"","footer-sml-layout":"","ast-disable-related-posts":"","theme-transparent-header-meta":"","adv-header-id-meta":"","stick-header-meta":"","header-above-stick-meta":"","header-main-stick-meta":"","header-below-stick-meta":"","astra-migrate-meta-layouts":"set","ast-page-background-enabled":"default","ast-page-background-meta":{"desktop":{"background-color":"","background-image":"","background-repeat":"repeat","background-position":"center center","background-size":"auto","background-attachment":"scroll","background-type":"","background-media":"","overlay-type":"","overlay-color":"","overlay-opacity":"","overlay-gradient":""},"tablet":{"background-color":"","background-image":"","background-repeat":"repeat","background-position":"center center","background-size":"auto","background-attachment":"scroll","background-type":"","background-media":"","overlay-type":"","overlay-color":"","overlay-opacity":"","overlay-gradient":""},"mobile":{"background-color":"","background-image":"","background-repeat":"repeat","background-position":"center center","background-size":"auto","background-attachment":"scroll","background-type":"","background-media":"","overlay-type":"","overlay-color":"","overlay-opacity":"","overlay-gradient":""}},"ast-content-background-meta":{"desktop":{"background-color":"var(--ast-global-color-5)","background-image":"","background-repeat":"repeat","background-position":"center center","background-size":"auto","background-attachment":"scroll","background-type":"","background-media":"","overlay-type":"","overlay-color":"","overlay-opacity":"","overlay-gradient":""},"tablet":{"background-color":"var(--ast-global-color-5)","background-image":"","background-repeat":"repeat","background-position":"center center","background-size":"auto","background-attachment":"scroll","background-type":"","background-media":"","overlay-type":"","overlay-color":"","overlay-opacity":"","overlay-gradient":""},"mobile":{"background-color":"var(--ast-global-color-5)","background-image":"","background-repeat":"repeat","background-position":"center center","background-size":"auto","background-attachment":"scroll","background-type":"","background-media":"","overlay-type":"","overlay-color":"","overlay-opacity":"","overlay-gradient":""}},"_jetpack_memberships_contains_paid_content":false,"_joinchat":[],"footnotes":""},"categories":[15302,2],"tags":[],"class_list":["post-115167","post","type-post","status-publish","format-standard","has-post-thumbnail","hentry","category-destacado","category-villa-maria"],"yoast_head":"<!-- This site is optimized with the Yoast SEO plugin v26.8 - https:\/\/yoast.com\/product\/yoast-seo-wordpress\/ -->\n<title>Productores de Villa Mar\u00eda dijeron presente en el Festival Peperina - El Regional<\/title>\n<meta name=\"robots\" content=\"index, follow, max-snippet:-1, max-image-preview:large, max-video-preview:-1\" \/>\n<link rel=\"canonical\" href=\"https:\/\/elregionalvm.com.ar\/noticias-villa-maria\/productores-de-villa-maria-dijeron-presente-en-el-festival-peperina\/\" \/>\n<meta property=\"og:locale\" content=\"es_ES\" \/>\n<meta property=\"og:type\" content=\"article\" \/>\n<meta property=\"og:title\" content=\"Productores de Villa Mar\u00eda dijeron presente en el Festival Peperina - El Regional\" \/>\n<meta property=\"og:description\" content=\"Productores y productoras de Villa Mar\u00eda participaron del reconocido Festival Peperina en Alta Gracia, uno de los eventos gastron\u00f3micos m\u00e1s importantes del pa\u00eds, donde se re\u00fanen emprendimientos, chefs y propuestas vinculadas a la cocina y la producci\u00f3n sustentable. La delegaci\u00f3n local estuvo integrada por emprendimientos de la Feria Franca, un espacio que promueve el consumo [&hellip;]\" \/>\n<meta property=\"og:url\" content=\"https:\/\/elregionalvm.com.ar\/noticias-villa-maria\/productores-de-villa-maria-dijeron-presente-en-el-festival-peperina\/\" \/>\n<meta property=\"og:site_name\" content=\"El Regional\" \/>\n<meta property=\"article:publisher\" content=\"https:\/\/www.facebook.com\/elregionalvm\" \/>\n<meta property=\"article:published_time\" content=\"2026-04-06T20:24:19+00:00\" \/>\n<meta property=\"article:modified_time\" content=\"2026-04-06T20:24:21+00:00\" \/>\n<meta property=\"og:image\" content=\"https:\/\/elregionalvm.com.ar\/noticias-villa-maria\/wp-content\/uploads\/2026\/04\/peperina.jpg\" \/>\n\t<meta property=\"og:image:width\" content=\"800\" \/>\n\t<meta property=\"og:image:height\" content=\"600\" \/>\n\t<meta property=\"og:image:type\" content=\"image\/jpeg\" \/>\n<meta name=\"author\" content=\"Veronica Falvo\" \/>\n<meta name=\"twitter:card\" content=\"summary_large_image\" \/>\n<meta name=\"twitter:creator\" content=\"@elregionalvm1\" \/>\n<meta name=\"twitter:site\" content=\"@elregionalvm1\" \/>\n<meta name=\"twitter:label1\" content=\"Escrito por\" \/>\n\t<meta name=\"twitter:data1\" content=\"Veronica Falvo\" \/>\n\t<meta name=\"twitter:label2\" content=\"Tiempo de lectura\" \/>\n\t<meta name=\"twitter:data2\" content=\"2 minutos\" \/>\n<script type=\"application\/ld+json\" class=\"yoast-schema-graph\">{\"@context\":\"https:\/\/schema.org\",\"@graph\":[{\"@type\":\"Article\",\"@id\":\"https:\/\/elregionalvm.com.ar\/noticias-villa-maria\/productores-de-villa-maria-dijeron-presente-en-el-festival-peperina\/#article\",\"isPartOf\":{\"@id\":\"https:\/\/elregionalvm.com.ar\/noticias-villa-maria\/productores-de-villa-maria-dijeron-presente-en-el-festival-peperina\/\"},\"author\":{\"name\":\"Veronica Falvo\",\"@id\":\"http:\/\/elregionalvm.com.ar\/noticias-villa-maria\/#\/schema\/person\/ae71d64bef3ad6e85b26323055676144\"},\"headline\":\"Productores de Villa Mar\u00eda dijeron presente en el Festival Peperina\",\"datePublished\":\"2026-04-06T20:24:19+00:00\",\"dateModified\":\"2026-04-06T20:24:21+00:00\",\"mainEntityOfPage\":{\"@id\":\"https:\/\/elregionalvm.com.ar\/noticias-villa-maria\/productores-de-villa-maria-dijeron-presente-en-el-festival-peperina\/\"},\"wordCount\":210,\"commentCount\":0,\"image\":{\"@id\":\"https:\/\/elregionalvm.com.ar\/noticias-villa-maria\/productores-de-villa-maria-dijeron-presente-en-el-festival-peperina\/#primaryimage\"},\"thumbnailUrl\":\"https:\/\/i0.wp.com\/elregionalvm.com.ar\/noticias-villa-maria\/wp-content\/uploads\/2026\/04\/peperina.jpg?fit=800%2C600&ssl=1\",\"articleSection\":[\"destacado\",\"Villa Mar\u00eda\"],\"inLanguage\":\"es\",\"potentialAction\":[{\"@type\":\"CommentAction\",\"name\":\"Comment\",\"target\":[\"https:\/\/elregionalvm.com.ar\/noticias-villa-maria\/productores-de-villa-maria-dijeron-presente-en-el-festival-peperina\/#respond\"]}]},{\"@type\":\"WebPage\",\"@id\":\"https:\/\/elregionalvm.com.ar\/noticias-villa-maria\/productores-de-villa-maria-dijeron-presente-en-el-festival-peperina\/\",\"url\":\"https:\/\/elregionalvm.com.ar\/noticias-villa-maria\/productores-de-villa-maria-dijeron-presente-en-el-festival-peperina\/\",\"name\":\"Productores de Villa Mar\u00eda dijeron presente en el Festival Peperina - El Regional\",\"isPartOf\":{\"@id\":\"http:\/\/elregionalvm.com.ar\/noticias-villa-maria\/#website\"},\"primaryImageOfPage\":{\"@id\":\"https:\/\/elregionalvm.com.ar\/noticias-villa-maria\/productores-de-villa-maria-dijeron-presente-en-el-festival-peperina\/#primaryimage\"},\"image\":{\"@id\":\"https:\/\/elregionalvm.com.ar\/noticias-villa-maria\/productores-de-villa-maria-dijeron-presente-en-el-festival-peperina\/#primaryimage\"},\"thumbnailUrl\":\"https:\/\/i0.wp.com\/elregionalvm.com.ar\/noticias-villa-maria\/wp-content\/uploads\/2026\/04\/peperina.jpg?fit=800%2C600&ssl=1\",\"datePublished\":\"2026-04-06T20:24:19+00:00\",\"dateModified\":\"2026-04-06T20:24:21+00:00\",\"author\":{\"@id\":\"http:\/\/elregionalvm.com.ar\/noticias-villa-maria\/#\/schema\/person\/ae71d64bef3ad6e85b26323055676144\"},\"breadcrumb\":{\"@id\":\"https:\/\/elregionalvm.com.ar\/noticias-villa-maria\/productores-de-villa-maria-dijeron-presente-en-el-festival-peperina\/#breadcrumb\"},\"inLanguage\":\"es\",\"potentialAction\":[{\"@type\":\"ReadAction\",\"target\":[\"https:\/\/elregionalvm.com.ar\/noticias-villa-maria\/productores-de-villa-maria-dijeron-presente-en-el-festival-peperina\/\"]}]},{\"@type\":\"ImageObject\",\"inLanguage\":\"es\",\"@id\":\"https:\/\/elregionalvm.com.ar\/noticias-villa-maria\/productores-de-villa-maria-dijeron-presente-en-el-festival-peperina\/#primaryimage\",\"url\":\"https:\/\/i0.wp.com\/elregionalvm.com.ar\/noticias-villa-maria\/wp-content\/uploads\/2026\/04\/peperina.jpg?fit=800%2C600&ssl=1\",\"contentUrl\":\"https:\/\/i0.wp.com\/elregionalvm.com.ar\/noticias-villa-maria\/wp-content\/uploads\/2026\/04\/peperina.jpg?fit=800%2C600&ssl=1\",\"width\":800,\"height\":600},{\"@type\":\"BreadcrumbList\",\"@id\":\"https:\/\/elregionalvm.com.ar\/noticias-villa-maria\/productores-de-villa-maria-dijeron-presente-en-el-festival-peperina\/#breadcrumb\",\"itemListElement\":[{\"@type\":\"ListItem\",\"position\":1,\"name\":\"Portada\",\"item\":\"https:\/\/elregionalvm.com.ar\/noticias-villa-maria\/\"},{\"@type\":\"ListItem\",\"position\":2,\"name\":\"Productores de Villa Mar\u00eda dijeron presente en el Festival Peperina\"}]},{\"@type\":\"WebSite\",\"@id\":\"http:\/\/elregionalvm.com.ar\/noticias-villa-maria\/#website\",\"url\":\"http:\/\/elregionalvm.com.ar\/noticias-villa-maria\/\",\"name\":\"El Regional\",\"description\":\"Mucho m\u00e1s que informaci\u00f3n\",\"potentialAction\":[{\"@type\":\"SearchAction\",\"target\":{\"@type\":\"EntryPoint\",\"urlTemplate\":\"http:\/\/elregionalvm.com.ar\/noticias-villa-maria\/?s={search_term_string}\"},\"query-input\":{\"@type\":\"PropertyValueSpecification\",\"valueRequired\":true,\"valueName\":\"search_term_string\"}}],\"inLanguage\":\"es\"},{\"@type\":\"Person\",\"@id\":\"http:\/\/elregionalvm.com.ar\/noticias-villa-maria\/#\/schema\/person\/ae71d64bef3ad6e85b26323055676144\",\"name\":\"Veronica Falvo\",\"image\":{\"@type\":\"ImageObject\",\"inLanguage\":\"es\",\"@id\":\"http:\/\/elregionalvm.com.ar\/noticias-villa-maria\/#\/schema\/person\/image\/\",\"url\":\"https:\/\/secure.gravatar.com\/avatar\/2316ded45cb7100980f0e3e93676d541d67eb923e00794e395aa9b95fad3171d?s=96&d=mm&r=g\",\"contentUrl\":\"https:\/\/secure.gravatar.com\/avatar\/2316ded45cb7100980f0e3e93676d541d67eb923e00794e395aa9b95fad3171d?s=96&d=mm&r=g\",\"caption\":\"Veronica Falvo\"},\"url\":\"https:\/\/elregionalvm.com.ar\/noticias-villa-maria\/author\/veronica\/\"}]}<\/script>\n<!-- \/ Yoast SEO plugin. -->","yoast_head_json":{"title":"Productores de Villa Mar\u00eda dijeron presente en el Festival Peperina - El Regional","robots":{"index":"index","follow":"follow","max-snippet":"max-snippet:-1","max-image-preview":"max-image-preview:large","max-video-preview":"max-video-preview:-1"},"canonical":"https:\/\/elregionalvm.com.ar\/noticias-villa-maria\/productores-de-villa-maria-dijeron-presente-en-el-festival-peperina\/","og_locale":"es_ES","og_type":"article","og_title":"Productores de Villa Mar\u00eda dijeron presente en el Festival Peperina - El Regional","og_description":"Productores y productoras de Villa Mar\u00eda participaron del reconocido Festival Peperina en Alta Gracia, uno de los eventos gastron\u00f3micos m\u00e1s importantes del pa\u00eds, donde se re\u00fanen emprendimientos, chefs y propuestas vinculadas a la cocina y la producci\u00f3n sustentable. La delegaci\u00f3n local estuvo integrada por emprendimientos de la Feria Franca, un espacio que promueve el consumo [&hellip;]","og_url":"https:\/\/elregionalvm.com.ar\/noticias-villa-maria\/productores-de-villa-maria-dijeron-presente-en-el-festival-peperina\/","og_site_name":"El Regional","article_publisher":"https:\/\/www.facebook.com\/elregionalvm","article_published_time":"2026-04-06T20:24:19+00:00","article_modified_time":"2026-04-06T20:24:21+00:00","og_image":[{"width":800,"height":600,"url":"https:\/\/elregionalvm.com.ar\/noticias-villa-maria\/wp-content\/uploads\/2026\/04\/peperina.jpg","type":"image\/jpeg"}],"author":"Veronica Falvo","twitter_card":"summary_large_image","twitter_creator":"@elregionalvm1","twitter_site":"@elregionalvm1","twitter_misc":{"Escrito por":"Veronica Falvo","Tiempo de lectura":"2 minutos"},"schema":{"@context":"https:\/\/schema.org","@graph":[{"@type":"Article","@id":"https:\/\/elregionalvm.com.ar\/noticias-villa-maria\/productores-de-villa-maria-dijeron-presente-en-el-festival-peperina\/#article","isPartOf":{"@id":"https:\/\/elregionalvm.com.ar\/noticias-villa-maria\/productores-de-villa-maria-dijeron-presente-en-el-festival-peperina\/"},"author":{"name":"Veronica Falvo","@id":"http:\/\/elregionalvm.com.ar\/noticias-villa-maria\/#\/schema\/person\/ae71d64bef3ad6e85b26323055676144"},"headline":"Productores de Villa Mar\u00eda dijeron presente en el Festival Peperina","datePublished":"2026-04-06T20:24:19+00:00","dateModified":"2026-04-06T20:24:21+00:00","mainEntityOfPage":{"@id":"https:\/\/elregionalvm.com.ar\/noticias-villa-maria\/productores-de-villa-maria-dijeron-presente-en-el-festival-peperina\/"},"wordCount":210,"commentCount":0,"image":{"@id":"https:\/\/elregionalvm.com.ar\/noticias-villa-maria\/productores-de-villa-maria-dijeron-presente-en-el-festival-peperina\/#primaryimage"},"thumbnailUrl":"https:\/\/i0.wp.com\/elregionalvm.com.ar\/noticias-villa-maria\/wp-content\/uploads\/2026\/04\/peperina.jpg?fit=800%2C600&ssl=1","articleSection":["destacado","Villa Mar\u00eda"],"inLanguage":"es","potentialAction":[{"@type":"CommentAction","name":"Comment","target":["https:\/\/elregionalvm.com.ar\/noticias-villa-maria\/productores-de-villa-maria-dijeron-presente-en-el-festival-peperina\/#respond"]}]},{"@type":"WebPage","@id":"https:\/\/elregionalvm.com.ar\/noticias-villa-maria\/productores-de-villa-maria-dijeron-presente-en-el-festival-peperina\/","url":"https:\/\/elregionalvm.com.ar\/noticias-villa-maria\/productores-de-villa-maria-dijeron-presente-en-el-festival-peperina\/","name":"Productores de Villa Mar\u00eda dijeron presente en el Festival Peperina - El Regional","isPartOf":{"@id":"http:\/\/elregionalvm.com.ar\/noticias-villa-maria\/#website"},"primaryImageOfPage":{"@id":"https:\/\/elregionalvm.com.ar\/noticias-villa-maria\/productores-de-villa-maria-dijeron-presente-en-el-festival-peperina\/#primaryimage"},"image":{"@id":"https:\/\/elregionalvm.com.ar\/noticias-villa-maria\/productores-de-villa-maria-dijeron-presente-en-el-festival-peperina\/#primaryimage"},"thumbnailUrl":"https:\/\/i0.wp.com\/elregionalvm.com.ar\/noticias-villa-maria\/wp-content\/uploads\/2026\/04\/peperina.jpg?fit=800%2C600&ssl=1","datePublished":"2026-04-06T20:24:19+00:00","dateModified":"2026-04-06T20:24:21+00:00","author":{"@id":"http:\/\/elregionalvm.com.ar\/noticias-villa-maria\/#\/schema\/person\/ae71d64bef3ad6e85b26323055676144"},"breadcrumb":{"@id":"https:\/\/elregionalvm.com.ar\/noticias-villa-maria\/productores-de-villa-maria-dijeron-presente-en-el-festival-peperina\/#breadcrumb"},"inLanguage":"es","potentialAction":[{"@type":"ReadAction","target":["https:\/\/elregionalvm.com.ar\/noticias-villa-maria\/productores-de-villa-maria-dijeron-presente-en-el-festival-peperina\/"]}]},{"@type":"ImageObject","inLanguage":"es","@id":"https:\/\/elregionalvm.com.ar\/noticias-villa-maria\/productores-de-villa-maria-dijeron-presente-en-el-festival-peperina\/#primaryimage","url":"https:\/\/i0.wp.com\/elregionalvm.com.ar\/noticias-villa-maria\/wp-content\/uploads\/2026\/04\/peperina.jpg?fit=800%2C600&ssl=1","contentUrl":"https:\/\/i0.wp.com\/elregionalvm.com.ar\/noticias-villa-maria\/wp-content\/uploads\/2026\/04\/peperina.jpg?fit=800%2C600&ssl=1","width":800,"height":600},{"@type":"BreadcrumbList","@id":"https:\/\/elregionalvm.com.ar\/noticias-villa-maria\/productores-de-villa-maria-dijeron-presente-en-el-festival-peperina\/#breadcrumb","itemListElement":[{"@type":"ListItem","position":1,"name":"Portada","item":"https:\/\/elregionalvm.com.ar\/noticias-villa-maria\/"},{"@type":"ListItem","position":2,"name":"Productores de Villa Mar\u00eda dijeron presente en el Festival Peperina"}]},{"@type":"WebSite","@id":"http:\/\/elregionalvm.com.ar\/noticias-villa-maria\/#website","url":"http:\/\/elregionalvm.com.ar\/noticias-villa-maria\/","name":"El Regional","description":"Mucho m\u00e1s que informaci\u00f3n","potentialAction":[{"@type":"SearchAction","target":{"@type":"EntryPoint","urlTemplate":"http:\/\/elregionalvm.com.ar\/noticias-villa-maria\/?s={search_term_string}"},"query-input":{"@type":"PropertyValueSpecification","valueRequired":true,"valueName":"search_term_string"}}],"inLanguage":"es"},{"@type":"Person","@id":"http:\/\/elregionalvm.com.ar\/noticias-villa-maria\/#\/schema\/person\/ae71d64bef3ad6e85b26323055676144","name":"Veronica Falvo","image":{"@type":"ImageObject","inLanguage":"es","@id":"http:\/\/elregionalvm.com.ar\/noticias-villa-maria\/#\/schema\/person\/image\/","url":"https:\/\/secure.gravatar.com\/avatar\/2316ded45cb7100980f0e3e93676d541d67eb923e00794e395aa9b95fad3171d?s=96&d=mm&r=g","contentUrl":"https:\/\/secure.gravatar.com\/avatar\/2316ded45cb7100980f0e3e93676d541d67eb923e00794e395aa9b95fad3171d?s=96&d=mm&r=g","caption":"Veronica Falvo"},"url":"https:\/\/elregionalvm.com.ar\/noticias-villa-maria\/author\/veronica\/"}]}},"jetpack_featured_media_url":"https:\/\/i0.wp.com\/elregionalvm.com.ar\/noticias-villa-maria\/wp-content\/uploads\/2026\/04\/peperina.jpg?fit=800%2C600&ssl=1","jetpack_sharing_enabled":true,"_links":{"self":[{"href":"https:\/\/elregionalvm.com.ar\/noticias-villa-maria\/wp-json\/wp\/v2\/posts\/115167","targetHints":{"allow":["GET"]}}],"collection":[{"href":"https:\/\/elregionalvm.com.ar\/noticias-villa-maria\/wp-json\/wp\/v2\/posts"}],"about":[{"href":"https:\/\/elregionalvm.com.ar\/noticias-villa-maria\/wp-json\/wp\/v2\/types\/post"}],"author":[{"embeddable":true,"href":"https:\/\/elregionalvm.com.ar\/noticias-villa-maria\/wp-json\/wp\/v2\/users\/3"}],"replies":[{"embeddable":true,"href":"https:\/\/elregionalvm.com.ar\/noticias-villa-maria\/wp-json\/wp\/v2\/comments?post=115167"}],"version-history":[{"count":1,"href":"https:\/\/elregionalvm.com.ar\/noticias-villa-maria\/wp-json\/wp\/v2\/posts\/115167\/revisions"}],"predecessor-version":[{"id":115170,"href":"https:\/\/elregionalvm.com.ar\/noticias-villa-maria\/wp-json\/wp\/v2\/posts\/115167\/revisions\/115170"}],"wp:featuredmedia":[{"embeddable":true,"href":"https:\/\/elregionalvm.com.ar\/noticias-villa-maria\/wp-json\/wp\/v2\/media\/115168"}],"wp:attachment":[{"href":"https:\/\/elregionalvm.com.ar\/noticias-villa-maria\/wp-json\/wp\/v2\/media?parent=115167"}],"wp:term":[{"taxonomy":"category","embeddable":true,"href":"https:\/\/elregionalvm.com.ar\/noticias-villa-maria\/wp-json\/wp\/v2\/categories?post=115167"},{"taxonomy":"post_tag","embeddable":true,"href":"https:\/\/elregionalvm.com.ar\/noticias-villa-maria\/wp-json\/wp\/v2\/tags?post=115167"}],"curies":[{"name":"wp","href":"https:\/\/api.w.org\/{rel}","templated":true}]}}