{"id":115599,"date":"2026-04-23T20:57:18","date_gmt":"2026-04-23T20:57:18","guid":{"rendered":"https:\/\/elregionalvm.com.ar\/noticias-villa-maria\/?p=115599"},"modified":"2026-04-23T20:57:21","modified_gmt":"2026-04-23T20:57:21","slug":"declaro-la-fiscal-companys-en-rio-segundo-su-abogado-planteo-persecucion-y-obstaculos-a-sus-investigaciones","status":"publish","type":"post","link":"https:\/\/elregionalvm.com.ar\/noticias-villa-maria\/declaro-la-fiscal-companys-en-rio-segundo-su-abogado-planteo-persecucion-y-obstaculos-a-sus-investigaciones\/","title":{"rendered":"Declar\u00f3 la fiscal Companys en R\u00edo Segundo: Su abogado plante\u00f3 \u201cpersecuci\u00f3n\u201d y \u201cobst\u00e1culos\u201d a sus investigaciones"},"content":{"rendered":"\n<p>Este jueves, la fiscal Juliana Companys se present\u00f3 en el Juzgado de Control de R\u00edo Segundo para prestar declaraci\u00f3n indagatoria ante Mar\u00eda Licia Tuli\u00e1n, respecto de los delitos que se le imputan.<\/p>\n\n\n\n<p>Se trata de presuntos casos de abuso de autoridad, coacci\u00f3n y amenazas, denunciados por la ex Auditora General de Villa Mar\u00eda, Alicia Peressutti, quien tambi\u00e9n impuls\u00f3 un pedido de jury de enjuiciamiento contra Companys.<\/p>\n\n\n\n<p>Tambi\u00e9n respondi\u00f3 sobre una causa similar en su contra por los mismos delitos presentada por otro denunciante.<\/p>\n\n\n\n<p>El abogado defensor de la fiscal, Manuel Allende, indic\u00f3 a EL REGIONAL que Companys sufre de \u201cpersecuci\u00f3n por segunda vez\u201d y que \u201cexisten actores que tienen un inter\u00e9s directo de obstaculizar investigaciones de la fiscal\u201d.<\/p>\n\n\n\n<p>\u201cJustamente, se est\u00e1 vulnerando la prohibici\u00f3n de doble persecuci\u00f3n y el principio de cosa juzgada\u201d, aclar\u00f3.<\/p>\n\n\n\n<p><\/p>\n\n\n\n<figure class=\"wp-block-image size-full is-resized\"><img data-recalc-dims=\"1\" fetchpriority=\"high\" decoding=\"async\" width=\"640\" height=\"380\" src=\"https:\/\/i0.wp.com\/elregionalvm.com.ar\/noticias-villa-maria\/wp-content\/uploads\/2026\/04\/De-allende-abogado-companys.jpg?resize=640%2C380&#038;ssl=1\" alt=\"\" class=\"wp-image-115611\" style=\"width:910px;height:auto\" srcset=\"https:\/\/i0.wp.com\/elregionalvm.com.ar\/noticias-villa-maria\/wp-content\/uploads\/2026\/04\/De-allende-abogado-companys.jpg?w=640&amp;ssl=1 640w, https:\/\/i0.wp.com\/elregionalvm.com.ar\/noticias-villa-maria\/wp-content\/uploads\/2026\/04\/De-allende-abogado-companys.jpg?resize=300%2C178&amp;ssl=1 300w\" sizes=\"(max-width: 640px) 100vw, 640px\" \/><\/figure>\n\n\n\n<p><\/p>\n\n\n\n<p>En este sentido, el letrado asegur\u00f3 que, en una de las dos causas contra su defendida, \u201cse trata de los mismos e id\u00e9nticos hechos (denuncias y denunciantes) respecto de los cuales se expidi\u00f3 la justicia en el a\u00f1o 2024, donde el fiscal Franco Mondino y el juez de Control Gustavo Hidalgo entendieron que ninguno de los hechos que hab\u00edan sido denunciados por estas personas constitu\u00edan delito, ni siquiera falta \u00e9tica\u201d.<\/p>\n\n\n\n<p>\u201cQued\u00f3 claro que los mismos antecedentes se corrieron al Tribunal de \u00c9tica del Poder Judicial, que resolvi\u00f3 desestimar estas denuncias\u201d, agreg\u00f3.<\/p>\n\n\n\n<p>Allende sostuvo que las actuales acusaciones deber\u00edan \u201cterminar en un archivo de madera inmediata, porque se le est\u00e1 persiguiendo por segunda vez a la doctora Companys por hechos iguales\u201d.<\/p>\n\n\n\n<p>En relaci\u00f3n con el segundo expediente, detall\u00f3 que \u201cse trata de una denuncia que carece absolutamente de prueba en la versi\u00f3n de una persona que ha sido refutada por la doctora y hemos pedido un testimonio para que se sustancie en los pr\u00f3ximos d\u00edas\u00bb.<\/p>\n\n\n\n<p>\u201cSomos optimistas en que el resultado no va a ser otro que el sobreseimiento tambi\u00e9n y el archivo de la causa\u201d, acot\u00f3 el asesor.<\/p>\n\n\n\n<p><strong>Obstaculizaci\u00f3n de investigaciones<\/strong><\/p>\n\n\n\n<p>Ante este panorama, Allende remarc\u00f3 que \u201cla reapertura de un expediente por hechos que ya fueron juzgados y otro expediente por una denuncia que carece de total fundamento ratifica nuestra mirada sobre que hay una decisi\u00f3n deliberada de determinados actores que tienen un inter\u00e9s directo de obstaculizar investigaciones de la fiscal\u201d. &nbsp;<\/p>\n\n\n\n<p>\u201cEn definitiva, buscan evitar que ejerza el rol de fiscal en todas las causas, en las cuales ella est\u00e1 actuando en la ciudad de Villa Mar\u00eda\u201d, finaliz\u00f3.<\/p>\n\n\n\n<p><\/p>\n\n\n\n<p><\/p>\n\n\n\n<p><\/p>\n","protected":false},"excerpt":{"rendered":"<p>Este jueves, la fiscal Juliana Companys se present\u00f3 en el Juzgado de Control de R\u00edo Segundo para prestar declaraci\u00f3n indagatoria ante Mar\u00eda Licia Tuli\u00e1n, respecto de los delitos que se le imputan. Se trata de presuntos casos de abuso de autoridad, coacci\u00f3n y amenazas, denunciados por la ex Auditora General de Villa Mar\u00eda, Alicia Peressutti, [&hellip;]<\/p>\n","protected":false},"author":6,"featured_media":31773,"comment_status":"open","ping_status":"open","sticky":false,"template":"","format":"standard","meta":{"site-sidebar-layout":"default","site-content-layout":"","ast-site-content-layout":"default","site-content-style":"default","site-sidebar-style":"default","ast-global-header-display":"","ast-banner-title-visibility":"","ast-main-header-display":"","ast-hfb-above-header-display":"","ast-hfb-below-header-display":"","ast-hfb-mobile-header-display":"","site-post-title":"","ast-breadcrumbs-content":"","ast-featured-img":"","footer-sml-layout":"","ast-disable-related-posts":"","theme-transparent-header-meta":"","adv-header-id-meta":"","stick-header-meta":"","header-above-stick-meta":"","header-main-stick-meta":"","header-below-stick-meta":"","astra-migrate-meta-layouts":"set","ast-page-background-enabled":"default","ast-page-background-meta":{"desktop":{"background-color":"","background-image":"","background-repeat":"repeat","background-position":"center center","background-size":"auto","background-attachment":"scroll","background-type":"","background-media":"","overlay-type":"","overlay-color":"","overlay-opacity":"","overlay-gradient":""},"tablet":{"background-color":"","background-image":"","background-repeat":"repeat","background-position":"center center","background-size":"auto","background-attachment":"scroll","background-type":"","background-media":"","overlay-type":"","overlay-color":"","overlay-opacity":"","overlay-gradient":""},"mobile":{"background-color":"","background-image":"","background-repeat":"repeat","background-position":"center center","background-size":"auto","background-attachment":"scroll","background-type":"","background-media":"","overlay-type":"","overlay-color":"","overlay-opacity":"","overlay-gradient":""}},"ast-content-background-meta":{"desktop":{"background-color":"var(--ast-global-color-5)","background-image":"","background-repeat":"repeat","background-position":"center center","background-size":"auto","background-attachment":"scroll","background-type":"","background-media":"","overlay-type":"","overlay-color":"","overlay-opacity":"","overlay-gradient":""},"tablet":{"background-color":"var(--ast-global-color-5)","background-image":"","background-repeat":"repeat","background-position":"center center","background-size":"auto","background-attachment":"scroll","background-type":"","background-media":"","overlay-type":"","overlay-color":"","overlay-opacity":"","overlay-gradient":""},"mobile":{"background-color":"var(--ast-global-color-5)","background-image":"","background-repeat":"repeat","background-position":"center center","background-size":"auto","background-attachment":"scroll","background-type":"","background-media":"","overlay-type":"","overlay-color":"","overlay-opacity":"","overlay-gradient":""}},"_jetpack_memberships_contains_paid_content":false,"_joinchat":[],"footnotes":""},"categories":[15302,2323,2234,2],"tags":[25510,10816,2794,2103,7490,1661,9905,3654],"class_list":["post-115599","post","type-post","status-publish","format-standard","has-post-thumbnail","hentry","category-destacado","category-notas-secundarias","category-policiales","category-villa-maria","tag-abogado-manuel-allende","tag-abuso-de-autoridad","tag-alicia-peressutti","tag-amenazas","tag-coaccion","tag-denuncia","tag-dra-juliana-companys","tag-rio-segundo"],"yoast_head":"<!-- This site is optimized with the Yoast SEO plugin v26.8 - https:\/\/yoast.com\/product\/yoast-seo-wordpress\/ -->\n<title>Declar\u00f3 la fiscal Companys en R\u00edo Segundo: Su abogado plante\u00f3 \u201cpersecuci\u00f3n\u201d y \u201cobst\u00e1culos\u201d a sus investigaciones - El Regional<\/title>\n<meta name=\"robots\" content=\"index, follow, max-snippet:-1, max-image-preview:large, max-video-preview:-1\" \/>\n<link rel=\"canonical\" href=\"https:\/\/elregionalvm.com.ar\/noticias-villa-maria\/declaro-la-fiscal-companys-en-rio-segundo-su-abogado-planteo-persecucion-y-obstaculos-a-sus-investigaciones\/\" \/>\n<meta property=\"og:locale\" content=\"es_ES\" \/>\n<meta property=\"og:type\" content=\"article\" \/>\n<meta property=\"og:title\" content=\"Declar\u00f3 la fiscal Companys en R\u00edo Segundo: Su abogado plante\u00f3 \u201cpersecuci\u00f3n\u201d y \u201cobst\u00e1culos\u201d a sus investigaciones - El Regional\" \/>\n<meta property=\"og:description\" content=\"Este jueves, la fiscal Juliana Companys se present\u00f3 en el Juzgado de Control de R\u00edo Segundo para prestar declaraci\u00f3n indagatoria ante Mar\u00eda Licia Tuli\u00e1n, respecto de los delitos que se le imputan. Se trata de presuntos casos de abuso de autoridad, coacci\u00f3n y amenazas, denunciados por la ex Auditora General de Villa Mar\u00eda, Alicia Peressutti, [&hellip;]\" \/>\n<meta property=\"og:url\" content=\"https:\/\/elregionalvm.com.ar\/noticias-villa-maria\/declaro-la-fiscal-companys-en-rio-segundo-su-abogado-planteo-persecucion-y-obstaculos-a-sus-investigaciones\/\" \/>\n<meta property=\"og:site_name\" content=\"El Regional\" \/>\n<meta property=\"article:publisher\" content=\"https:\/\/www.facebook.com\/elregionalvm\" \/>\n<meta property=\"article:published_time\" content=\"2026-04-23T20:57:18+00:00\" \/>\n<meta property=\"article:modified_time\" content=\"2026-04-23T20:57:21+00:00\" \/>\n<meta property=\"og:image\" content=\"https:\/\/elregionalvm.com.ar\/noticias-villa-maria\/wp-content\/uploads\/2021\/02\/Fiscal-Juliana-Companys.jpg\" \/>\n\t<meta property=\"og:image:width\" content=\"1200\" \/>\n\t<meta property=\"og:image:height\" content=\"675\" \/>\n\t<meta property=\"og:image:type\" content=\"image\/jpeg\" \/>\n<meta name=\"author\" content=\"Germ\u00e1n Giacchero\" \/>\n<meta name=\"twitter:card\" content=\"summary_large_image\" \/>\n<meta name=\"twitter:creator\" content=\"@elregionalvm1\" \/>\n<meta name=\"twitter:site\" content=\"@elregionalvm1\" \/>\n<meta name=\"twitter:label1\" content=\"Escrito por\" \/>\n\t<meta name=\"twitter:data1\" content=\"Germ\u00e1n Giacchero\" \/>\n\t<meta name=\"twitter:label2\" content=\"Tiempo de lectura\" \/>\n\t<meta name=\"twitter:data2\" content=\"3 minutos\" \/>\n<script type=\"application\/ld+json\" class=\"yoast-schema-graph\">{\"@context\":\"https:\/\/schema.org\",\"@graph\":[{\"@type\":\"Article\",\"@id\":\"https:\/\/elregionalvm.com.ar\/noticias-villa-maria\/declaro-la-fiscal-companys-en-rio-segundo-su-abogado-planteo-persecucion-y-obstaculos-a-sus-investigaciones\/#article\",\"isPartOf\":{\"@id\":\"https:\/\/elregionalvm.com.ar\/noticias-villa-maria\/declaro-la-fiscal-companys-en-rio-segundo-su-abogado-planteo-persecucion-y-obstaculos-a-sus-investigaciones\/\"},\"author\":{\"name\":\"Germ\u00e1n Giacchero\",\"@id\":\"http:\/\/elregionalvm.com.ar\/noticias-villa-maria\/#\/schema\/person\/d5e4b04966154131701e52c45d3efec9\"},\"headline\":\"Declar\u00f3 la fiscal Companys en R\u00edo Segundo: Su abogado plante\u00f3 \u201cpersecuci\u00f3n\u201d y \u201cobst\u00e1culos\u201d a sus investigaciones\",\"datePublished\":\"2026-04-23T20:57:18+00:00\",\"dateModified\":\"2026-04-23T20:57:21+00:00\",\"mainEntityOfPage\":{\"@id\":\"https:\/\/elregionalvm.com.ar\/noticias-villa-maria\/declaro-la-fiscal-companys-en-rio-segundo-su-abogado-planteo-persecucion-y-obstaculos-a-sus-investigaciones\/\"},\"wordCount\":448,\"commentCount\":0,\"image\":{\"@id\":\"https:\/\/elregionalvm.com.ar\/noticias-villa-maria\/declaro-la-fiscal-companys-en-rio-segundo-su-abogado-planteo-persecucion-y-obstaculos-a-sus-investigaciones\/#primaryimage\"},\"thumbnailUrl\":\"https:\/\/i0.wp.com\/elregionalvm.com.ar\/noticias-villa-maria\/wp-content\/uploads\/2021\/02\/Fiscal-Juliana-Companys.jpg?fit=1200%2C675&ssl=1\",\"keywords\":[\"abogado Manuel Allende\",\"abuso de autoridad\",\"Alicia Peressutti\",\"Amenazas\",\"Coacci\u00f3n\",\"denuncia\",\"Dra. Juliana Companys\",\"R\u00edo Segundo\"],\"articleSection\":[\"destacado\",\"Notas\",\"Policiales\",\"Villa Mar\u00eda\"],\"inLanguage\":\"es\",\"potentialAction\":[{\"@type\":\"CommentAction\",\"name\":\"Comment\",\"target\":[\"https:\/\/elregionalvm.com.ar\/noticias-villa-maria\/declaro-la-fiscal-companys-en-rio-segundo-su-abogado-planteo-persecucion-y-obstaculos-a-sus-investigaciones\/#respond\"]}]},{\"@type\":\"WebPage\",\"@id\":\"https:\/\/elregionalvm.com.ar\/noticias-villa-maria\/declaro-la-fiscal-companys-en-rio-segundo-su-abogado-planteo-persecucion-y-obstaculos-a-sus-investigaciones\/\",\"url\":\"https:\/\/elregionalvm.com.ar\/noticias-villa-maria\/declaro-la-fiscal-companys-en-rio-segundo-su-abogado-planteo-persecucion-y-obstaculos-a-sus-investigaciones\/\",\"name\":\"Declar\u00f3 la fiscal Companys en R\u00edo Segundo: Su abogado plante\u00f3 \u201cpersecuci\u00f3n\u201d y \u201cobst\u00e1culos\u201d a sus investigaciones - El Regional\",\"isPartOf\":{\"@id\":\"http:\/\/elregionalvm.com.ar\/noticias-villa-maria\/#website\"},\"primaryImageOfPage\":{\"@id\":\"https:\/\/elregionalvm.com.ar\/noticias-villa-maria\/declaro-la-fiscal-companys-en-rio-segundo-su-abogado-planteo-persecucion-y-obstaculos-a-sus-investigaciones\/#primaryimage\"},\"image\":{\"@id\":\"https:\/\/elregionalvm.com.ar\/noticias-villa-maria\/declaro-la-fiscal-companys-en-rio-segundo-su-abogado-planteo-persecucion-y-obstaculos-a-sus-investigaciones\/#primaryimage\"},\"thumbnailUrl\":\"https:\/\/i0.wp.com\/elregionalvm.com.ar\/noticias-villa-maria\/wp-content\/uploads\/2021\/02\/Fiscal-Juliana-Companys.jpg?fit=1200%2C675&ssl=1\",\"datePublished\":\"2026-04-23T20:57:18+00:00\",\"dateModified\":\"2026-04-23T20:57:21+00:00\",\"author\":{\"@id\":\"http:\/\/elregionalvm.com.ar\/noticias-villa-maria\/#\/schema\/person\/d5e4b04966154131701e52c45d3efec9\"},\"breadcrumb\":{\"@id\":\"https:\/\/elregionalvm.com.ar\/noticias-villa-maria\/declaro-la-fiscal-companys-en-rio-segundo-su-abogado-planteo-persecucion-y-obstaculos-a-sus-investigaciones\/#breadcrumb\"},\"inLanguage\":\"es\",\"potentialAction\":[{\"@type\":\"ReadAction\",\"target\":[\"https:\/\/elregionalvm.com.ar\/noticias-villa-maria\/declaro-la-fiscal-companys-en-rio-segundo-su-abogado-planteo-persecucion-y-obstaculos-a-sus-investigaciones\/\"]}]},{\"@type\":\"ImageObject\",\"inLanguage\":\"es\",\"@id\":\"https:\/\/elregionalvm.com.ar\/noticias-villa-maria\/declaro-la-fiscal-companys-en-rio-segundo-su-abogado-planteo-persecucion-y-obstaculos-a-sus-investigaciones\/#primaryimage\",\"url\":\"https:\/\/i0.wp.com\/elregionalvm.com.ar\/noticias-villa-maria\/wp-content\/uploads\/2021\/02\/Fiscal-Juliana-Companys.jpg?fit=1200%2C675&ssl=1\",\"contentUrl\":\"https:\/\/i0.wp.com\/elregionalvm.com.ar\/noticias-villa-maria\/wp-content\/uploads\/2021\/02\/Fiscal-Juliana-Companys.jpg?fit=1200%2C675&ssl=1\",\"width\":1200,\"height\":675},{\"@type\":\"BreadcrumbList\",\"@id\":\"https:\/\/elregionalvm.com.ar\/noticias-villa-maria\/declaro-la-fiscal-companys-en-rio-segundo-su-abogado-planteo-persecucion-y-obstaculos-a-sus-investigaciones\/#breadcrumb\",\"itemListElement\":[{\"@type\":\"ListItem\",\"position\":1,\"name\":\"Portada\",\"item\":\"https:\/\/elregionalvm.com.ar\/noticias-villa-maria\/\"},{\"@type\":\"ListItem\",\"position\":2,\"name\":\"Declar\u00f3 la fiscal Companys en R\u00edo Segundo: Su abogado plante\u00f3 \u201cpersecuci\u00f3n\u201d y \u201cobst\u00e1culos\u201d a sus investigaciones\"}]},{\"@type\":\"WebSite\",\"@id\":\"http:\/\/elregionalvm.com.ar\/noticias-villa-maria\/#website\",\"url\":\"http:\/\/elregionalvm.com.ar\/noticias-villa-maria\/\",\"name\":\"El Regional\",\"description\":\"Mucho m\u00e1s que informaci\u00f3n\",\"potentialAction\":[{\"@type\":\"SearchAction\",\"target\":{\"@type\":\"EntryPoint\",\"urlTemplate\":\"http:\/\/elregionalvm.com.ar\/noticias-villa-maria\/?s={search_term_string}\"},\"query-input\":{\"@type\":\"PropertyValueSpecification\",\"valueRequired\":true,\"valueName\":\"search_term_string\"}}],\"inLanguage\":\"es\"},{\"@type\":\"Person\",\"@id\":\"http:\/\/elregionalvm.com.ar\/noticias-villa-maria\/#\/schema\/person\/d5e4b04966154131701e52c45d3efec9\",\"name\":\"Germ\u00e1n Giacchero\",\"image\":{\"@type\":\"ImageObject\",\"inLanguage\":\"es\",\"@id\":\"http:\/\/elregionalvm.com.ar\/noticias-villa-maria\/#\/schema\/person\/image\/\",\"url\":\"https:\/\/secure.gravatar.com\/avatar\/fda163ba5ef0307ee5be9846e10f83b6e83d0cfb260d3b2464830318894c6b04?s=96&d=mm&r=g\",\"contentUrl\":\"https:\/\/secure.gravatar.com\/avatar\/fda163ba5ef0307ee5be9846e10f83b6e83d0cfb260d3b2464830318894c6b04?s=96&d=mm&r=g\",\"caption\":\"Germ\u00e1n Giacchero\"},\"url\":\"https:\/\/elregionalvm.com.ar\/noticias-villa-maria\/author\/germangiacchero\/\"}]}<\/script>\n<!-- \/ Yoast SEO plugin. -->","yoast_head_json":{"title":"Declar\u00f3 la fiscal Companys en R\u00edo Segundo: Su abogado plante\u00f3 \u201cpersecuci\u00f3n\u201d y \u201cobst\u00e1culos\u201d a sus investigaciones - El Regional","robots":{"index":"index","follow":"follow","max-snippet":"max-snippet:-1","max-image-preview":"max-image-preview:large","max-video-preview":"max-video-preview:-1"},"canonical":"https:\/\/elregionalvm.com.ar\/noticias-villa-maria\/declaro-la-fiscal-companys-en-rio-segundo-su-abogado-planteo-persecucion-y-obstaculos-a-sus-investigaciones\/","og_locale":"es_ES","og_type":"article","og_title":"Declar\u00f3 la fiscal Companys en R\u00edo Segundo: Su abogado plante\u00f3 \u201cpersecuci\u00f3n\u201d y \u201cobst\u00e1culos\u201d a sus investigaciones - El Regional","og_description":"Este jueves, la fiscal Juliana Companys se present\u00f3 en el Juzgado de Control de R\u00edo Segundo para prestar declaraci\u00f3n indagatoria ante Mar\u00eda Licia Tuli\u00e1n, respecto de los delitos que se le imputan. Se trata de presuntos casos de abuso de autoridad, coacci\u00f3n y amenazas, denunciados por la ex Auditora General de Villa Mar\u00eda, Alicia Peressutti, [&hellip;]","og_url":"https:\/\/elregionalvm.com.ar\/noticias-villa-maria\/declaro-la-fiscal-companys-en-rio-segundo-su-abogado-planteo-persecucion-y-obstaculos-a-sus-investigaciones\/","og_site_name":"El Regional","article_publisher":"https:\/\/www.facebook.com\/elregionalvm","article_published_time":"2026-04-23T20:57:18+00:00","article_modified_time":"2026-04-23T20:57:21+00:00","og_image":[{"width":1200,"height":675,"url":"https:\/\/elregionalvm.com.ar\/noticias-villa-maria\/wp-content\/uploads\/2021\/02\/Fiscal-Juliana-Companys.jpg","type":"image\/jpeg"}],"author":"Germ\u00e1n Giacchero","twitter_card":"summary_large_image","twitter_creator":"@elregionalvm1","twitter_site":"@elregionalvm1","twitter_misc":{"Escrito por":"Germ\u00e1n Giacchero","Tiempo de lectura":"3 minutos"},"schema":{"@context":"https:\/\/schema.org","@graph":[{"@type":"Article","@id":"https:\/\/elregionalvm.com.ar\/noticias-villa-maria\/declaro-la-fiscal-companys-en-rio-segundo-su-abogado-planteo-persecucion-y-obstaculos-a-sus-investigaciones\/#article","isPartOf":{"@id":"https:\/\/elregionalvm.com.ar\/noticias-villa-maria\/declaro-la-fiscal-companys-en-rio-segundo-su-abogado-planteo-persecucion-y-obstaculos-a-sus-investigaciones\/"},"author":{"name":"Germ\u00e1n Giacchero","@id":"http:\/\/elregionalvm.com.ar\/noticias-villa-maria\/#\/schema\/person\/d5e4b04966154131701e52c45d3efec9"},"headline":"Declar\u00f3 la fiscal Companys en R\u00edo Segundo: Su abogado plante\u00f3 \u201cpersecuci\u00f3n\u201d y \u201cobst\u00e1culos\u201d a sus investigaciones","datePublished":"2026-04-23T20:57:18+00:00","dateModified":"2026-04-23T20:57:21+00:00","mainEntityOfPage":{"@id":"https:\/\/elregionalvm.com.ar\/noticias-villa-maria\/declaro-la-fiscal-companys-en-rio-segundo-su-abogado-planteo-persecucion-y-obstaculos-a-sus-investigaciones\/"},"wordCount":448,"commentCount":0,"image":{"@id":"https:\/\/elregionalvm.com.ar\/noticias-villa-maria\/declaro-la-fiscal-companys-en-rio-segundo-su-abogado-planteo-persecucion-y-obstaculos-a-sus-investigaciones\/#primaryimage"},"thumbnailUrl":"https:\/\/i0.wp.com\/elregionalvm.com.ar\/noticias-villa-maria\/wp-content\/uploads\/2021\/02\/Fiscal-Juliana-Companys.jpg?fit=1200%2C675&ssl=1","keywords":["abogado Manuel Allende","abuso de autoridad","Alicia Peressutti","Amenazas","Coacci\u00f3n","denuncia","Dra. Juliana Companys","R\u00edo Segundo"],"articleSection":["destacado","Notas","Policiales","Villa Mar\u00eda"],"inLanguage":"es","potentialAction":[{"@type":"CommentAction","name":"Comment","target":["https:\/\/elregionalvm.com.ar\/noticias-villa-maria\/declaro-la-fiscal-companys-en-rio-segundo-su-abogado-planteo-persecucion-y-obstaculos-a-sus-investigaciones\/#respond"]}]},{"@type":"WebPage","@id":"https:\/\/elregionalvm.com.ar\/noticias-villa-maria\/declaro-la-fiscal-companys-en-rio-segundo-su-abogado-planteo-persecucion-y-obstaculos-a-sus-investigaciones\/","url":"https:\/\/elregionalvm.com.ar\/noticias-villa-maria\/declaro-la-fiscal-companys-en-rio-segundo-su-abogado-planteo-persecucion-y-obstaculos-a-sus-investigaciones\/","name":"Declar\u00f3 la fiscal Companys en R\u00edo Segundo: Su abogado plante\u00f3 \u201cpersecuci\u00f3n\u201d y \u201cobst\u00e1culos\u201d a sus investigaciones - El Regional","isPartOf":{"@id":"http:\/\/elregionalvm.com.ar\/noticias-villa-maria\/#website"},"primaryImageOfPage":{"@id":"https:\/\/elregionalvm.com.ar\/noticias-villa-maria\/declaro-la-fiscal-companys-en-rio-segundo-su-abogado-planteo-persecucion-y-obstaculos-a-sus-investigaciones\/#primaryimage"},"image":{"@id":"https:\/\/elregionalvm.com.ar\/noticias-villa-maria\/declaro-la-fiscal-companys-en-rio-segundo-su-abogado-planteo-persecucion-y-obstaculos-a-sus-investigaciones\/#primaryimage"},"thumbnailUrl":"https:\/\/i0.wp.com\/elregionalvm.com.ar\/noticias-villa-maria\/wp-content\/uploads\/2021\/02\/Fiscal-Juliana-Companys.jpg?fit=1200%2C675&ssl=1","datePublished":"2026-04-23T20:57:18+00:00","dateModified":"2026-04-23T20:57:21+00:00","author":{"@id":"http:\/\/elregionalvm.com.ar\/noticias-villa-maria\/#\/schema\/person\/d5e4b04966154131701e52c45d3efec9"},"breadcrumb":{"@id":"https:\/\/elregionalvm.com.ar\/noticias-villa-maria\/declaro-la-fiscal-companys-en-rio-segundo-su-abogado-planteo-persecucion-y-obstaculos-a-sus-investigaciones\/#breadcrumb"},"inLanguage":"es","potentialAction":[{"@type":"ReadAction","target":["https:\/\/elregionalvm.com.ar\/noticias-villa-maria\/declaro-la-fiscal-companys-en-rio-segundo-su-abogado-planteo-persecucion-y-obstaculos-a-sus-investigaciones\/"]}]},{"@type":"ImageObject","inLanguage":"es","@id":"https:\/\/elregionalvm.com.ar\/noticias-villa-maria\/declaro-la-fiscal-companys-en-rio-segundo-su-abogado-planteo-persecucion-y-obstaculos-a-sus-investigaciones\/#primaryimage","url":"https:\/\/i0.wp.com\/elregionalvm.com.ar\/noticias-villa-maria\/wp-content\/uploads\/2021\/02\/Fiscal-Juliana-Companys.jpg?fit=1200%2C675&ssl=1","contentUrl":"https:\/\/i0.wp.com\/elregionalvm.com.ar\/noticias-villa-maria\/wp-content\/uploads\/2021\/02\/Fiscal-Juliana-Companys.jpg?fit=1200%2C675&ssl=1","width":1200,"height":675},{"@type":"BreadcrumbList","@id":"https:\/\/elregionalvm.com.ar\/noticias-villa-maria\/declaro-la-fiscal-companys-en-rio-segundo-su-abogado-planteo-persecucion-y-obstaculos-a-sus-investigaciones\/#breadcrumb","itemListElement":[{"@type":"ListItem","position":1,"name":"Portada","item":"https:\/\/elregionalvm.com.ar\/noticias-villa-maria\/"},{"@type":"ListItem","position":2,"name":"Declar\u00f3 la fiscal Companys en R\u00edo Segundo: Su abogado plante\u00f3 \u201cpersecuci\u00f3n\u201d y \u201cobst\u00e1culos\u201d a sus investigaciones"}]},{"@type":"WebSite","@id":"http:\/\/elregionalvm.com.ar\/noticias-villa-maria\/#website","url":"http:\/\/elregionalvm.com.ar\/noticias-villa-maria\/","name":"El Regional","description":"Mucho m\u00e1s que informaci\u00f3n","potentialAction":[{"@type":"SearchAction","target":{"@type":"EntryPoint","urlTemplate":"http:\/\/elregionalvm.com.ar\/noticias-villa-maria\/?s={search_term_string}"},"query-input":{"@type":"PropertyValueSpecification","valueRequired":true,"valueName":"search_term_string"}}],"inLanguage":"es"},{"@type":"Person","@id":"http:\/\/elregionalvm.com.ar\/noticias-villa-maria\/#\/schema\/person\/d5e4b04966154131701e52c45d3efec9","name":"Germ\u00e1n Giacchero","image":{"@type":"ImageObject","inLanguage":"es","@id":"http:\/\/elregionalvm.com.ar\/noticias-villa-maria\/#\/schema\/person\/image\/","url":"https:\/\/secure.gravatar.com\/avatar\/fda163ba5ef0307ee5be9846e10f83b6e83d0cfb260d3b2464830318894c6b04?s=96&d=mm&r=g","contentUrl":"https:\/\/secure.gravatar.com\/avatar\/fda163ba5ef0307ee5be9846e10f83b6e83d0cfb260d3b2464830318894c6b04?s=96&d=mm&r=g","caption":"Germ\u00e1n Giacchero"},"url":"https:\/\/elregionalvm.com.ar\/noticias-villa-maria\/author\/germangiacchero\/"}]}},"jetpack_featured_media_url":"https:\/\/i0.wp.com\/elregionalvm.com.ar\/noticias-villa-maria\/wp-content\/uploads\/2021\/02\/Fiscal-Juliana-Companys.jpg?fit=1200%2C675&ssl=1","jetpack_sharing_enabled":true,"_links":{"self":[{"href":"https:\/\/elregionalvm.com.ar\/noticias-villa-maria\/wp-json\/wp\/v2\/posts\/115599","targetHints":{"allow":["GET"]}}],"collection":[{"href":"https:\/\/elregionalvm.com.ar\/noticias-villa-maria\/wp-json\/wp\/v2\/posts"}],"about":[{"href":"https:\/\/elregionalvm.com.ar\/noticias-villa-maria\/wp-json\/wp\/v2\/types\/post"}],"author":[{"embeddable":true,"href":"https:\/\/elregionalvm.com.ar\/noticias-villa-maria\/wp-json\/wp\/v2\/users\/6"}],"replies":[{"embeddable":true,"href":"https:\/\/elregionalvm.com.ar\/noticias-villa-maria\/wp-json\/wp\/v2\/comments?post=115599"}],"version-history":[{"count":2,"href":"https:\/\/elregionalvm.com.ar\/noticias-villa-maria\/wp-json\/wp\/v2\/posts\/115599\/revisions"}],"predecessor-version":[{"id":115612,"href":"https:\/\/elregionalvm.com.ar\/noticias-villa-maria\/wp-json\/wp\/v2\/posts\/115599\/revisions\/115612"}],"wp:featuredmedia":[{"embeddable":true,"href":"https:\/\/elregionalvm.com.ar\/noticias-villa-maria\/wp-json\/wp\/v2\/media\/31773"}],"wp:attachment":[{"href":"https:\/\/elregionalvm.com.ar\/noticias-villa-maria\/wp-json\/wp\/v2\/media?parent=115599"}],"wp:term":[{"taxonomy":"category","embeddable":true,"href":"https:\/\/elregionalvm.com.ar\/noticias-villa-maria\/wp-json\/wp\/v2\/categories?post=115599"},{"taxonomy":"post_tag","embeddable":true,"href":"https:\/\/elregionalvm.com.ar\/noticias-villa-maria\/wp-json\/wp\/v2\/tags?post=115599"}],"curies":[{"name":"wp","href":"https:\/\/api.w.org\/{rel}","templated":true}]}}