{"id":115668,"date":"2026-04-27T00:41:34","date_gmt":"2026-04-27T00:41:34","guid":{"rendered":"https:\/\/elregionalvm.com.ar\/noticias-villa-maria\/?p=115668"},"modified":"2026-04-27T00:41:47","modified_gmt":"2026-04-27T00:41:47","slug":"tiempo-loco-el-nino-volvera-a-hacer-de-las-suyas-temperaturas-mas-altas-y-aumento-de-lluvias","status":"publish","type":"post","link":"https:\/\/elregionalvm.com.ar\/noticias-villa-maria\/tiempo-loco-el-nino-volvera-a-hacer-de-las-suyas-temperaturas-mas-altas-y-aumento-de-lluvias\/","title":{"rendered":"[Tiempo Loco] El Ni\u00f1o volver\u00e1 a hacer de las suyas: Temperaturas m\u00e1s altas y aumento de lluvias"},"content":{"rendered":"\n<h3 class=\"wp-block-heading\"><strong>Seg\u00fan la Organizaci\u00f3n Meteorol\u00f3gica Mundial (OMM), se prev\u00e9 que a partir de mediados de 2026 se forme un episodio de El Ni\u00f1o que repercutir\u00e1 en las temperaturas y las pautas de precipitaci\u00f3n a escala mundial.<\/strong><\/h3>\n\n\n\n<p><\/p>\n\n\n\n<p><strong>Escribe: Mag. Hern\u00e1n Allasia<\/strong><\/p>\n\n\n\n<p><\/p>\n\n\n\n<p>En su \u00faltimo bolet\u00edn mensual sobre el clima estacional mundial, la OMM se\u00f1ala un claro cambio en el Pac\u00edfico ecuatorial. Las temperaturas de la superficie del mar est\u00e1n aumentando r\u00e1pidamente, y ello sugiere que ya entre los meses de mayo y julio de 2026 es probable que vuelvan a darse condiciones caracter\u00edsticas de un episodio de El Ni\u00f1o.<\/p>\n\n\n\n<p>Seg\u00fan los pron\u00f3sticos, en el pr\u00f3ximo trimestre \u00abpredominar\u00e1n en casi todo el planeta temperaturas de la superficie terrestre superiores a lo normal\u00bb, y en determinadas regiones se producir\u00e1n variaciones en las pautas de precipitaci\u00f3n.<\/p>\n\n\n\n<p><\/p>\n\n\n\n<figure class=\"wp-block-image size-large\"><img data-recalc-dims=\"1\" fetchpriority=\"high\" decoding=\"async\" width=\"1024\" height=\"640\" src=\"https:\/\/i0.wp.com\/elregionalvm.com.ar\/noticias-villa-maria\/wp-content\/uploads\/2022\/11\/Isla-calor-urbano-atardecer-ciudad.jpeg?resize=1024%2C640&#038;ssl=1\" alt=\"\" class=\"wp-image-67615\" srcset=\"https:\/\/i0.wp.com\/elregionalvm.com.ar\/noticias-villa-maria\/wp-content\/uploads\/2022\/11\/Isla-calor-urbano-atardecer-ciudad.jpeg?resize=1024%2C640&amp;ssl=1 1024w, https:\/\/i0.wp.com\/elregionalvm.com.ar\/noticias-villa-maria\/wp-content\/uploads\/2022\/11\/Isla-calor-urbano-atardecer-ciudad.jpeg?resize=300%2C188&amp;ssl=1 300w, https:\/\/i0.wp.com\/elregionalvm.com.ar\/noticias-villa-maria\/wp-content\/uploads\/2022\/11\/Isla-calor-urbano-atardecer-ciudad.jpeg?resize=768%2C480&amp;ssl=1 768w, https:\/\/i0.wp.com\/elregionalvm.com.ar\/noticias-villa-maria\/wp-content\/uploads\/2022\/11\/Isla-calor-urbano-atardecer-ciudad.jpeg?w=1280&amp;ssl=1 1280w\" sizes=\"(max-width: 1000px) 100vw, 1000px\" \/><\/figure>\n\n\n\n<p><\/p>\n\n\n\n<p>\u00abTras un per\u00edodo de condiciones neutras a principios de a\u00f1o, ahora los modelos clim\u00e1ticos apuntan claramente en la misma direcci\u00f3n y pronostican, con un nivel de confianza alto, la instauraci\u00f3n de un episodio de El Ni\u00f1o, que cobrar\u00e1 mayor fuerza en los meses siguientes\u00bb, dijo Wilfran Moufouma Okia, jefe de predicci\u00f3n clim\u00e1tica de la OMM.<\/p>\n\n\n\n<p>\u00abLos modelos indican que puede tratarse de un episodio intenso, pero la denominada barrera de predictibilidad de la primavera a\u00f1ade incertidumbre a los pron\u00f3sticos generados en esta \u00e9poca del a\u00f1o. En general, la fiabilidad de los pron\u00f3sticos aumenta una vez pasado el mes de abril\u00bb, explica.<\/p>\n\n\n\n<p><\/p>\n\n\n\n<p><strong>Los episodios de El Ni\u00f1o inciden en las temperaturas y alteran las pautas de precipitaci\u00f3n en diversas regiones, y suelen ejercer un efecto de calentamiento del clima mundial.<\/strong><\/p>\n\n\n\n<p>Cada episodio de El Ni\u00f1o es \u00fanico en cuanto a su evoluci\u00f3n, la zona en que se produce y las consecuencias que entra\u00f1a.<\/p>\n\n\n\n<p><\/p>\n\n\n\n<figure class=\"wp-block-image size-large\"><img data-recalc-dims=\"1\" decoding=\"async\" width=\"1024\" height=\"576\" src=\"https:\/\/i0.wp.com\/elregionalvm.com.ar\/noticias-villa-maria\/wp-content\/uploads\/2023\/02\/Fenomeno-de-la-nina-lluvia-paraguas.jpg?resize=1024%2C576&#038;ssl=1\" alt=\"\" class=\"wp-image-72345\" srcset=\"https:\/\/i0.wp.com\/elregionalvm.com.ar\/noticias-villa-maria\/wp-content\/uploads\/2023\/02\/Fenomeno-de-la-nina-lluvia-paraguas.jpg?resize=1024%2C576&amp;ssl=1 1024w, https:\/\/i0.wp.com\/elregionalvm.com.ar\/noticias-villa-maria\/wp-content\/uploads\/2023\/02\/Fenomeno-de-la-nina-lluvia-paraguas.jpg?resize=300%2C169&amp;ssl=1 300w, https:\/\/i0.wp.com\/elregionalvm.com.ar\/noticias-villa-maria\/wp-content\/uploads\/2023\/02\/Fenomeno-de-la-nina-lluvia-paraguas.jpg?resize=768%2C432&amp;ssl=1 768w, https:\/\/i0.wp.com\/elregionalvm.com.ar\/noticias-villa-maria\/wp-content\/uploads\/2023\/02\/Fenomeno-de-la-nina-lluvia-paraguas.jpg?w=1200&amp;ssl=1 1200w\" sizes=\"(max-width: 1000px) 100vw, 1000px\" \/><\/figure>\n\n\n\n<p><\/p>\n\n\n\n<p>No obstante, El Ni\u00f1o suele asociarse a un aumento de las precipitaciones en algunas zonas del sur de Am\u00e9rica del Sur, el sur de los Estados Unidos, el Cuerno de \u00c1frica y Asia central, y a episodios de sequ\u00eda en Australia, Indonesia y partes del sur de Asia.<\/p>\n\n\n\n<p>Durante el verano del hemisferio norte, las temperaturas oce\u00e1nicas m\u00e1s c\u00e1lidas fruto de El Ni\u00f1o pueden intensificar los huracanes en las zonas central y oriental del Pac\u00edfico y, al mismo tiempo, dificultan la formaci\u00f3n de huracanes en la cuenca atl\u00e1ntica.<\/p>\n\n\n\n<p><\/p>\n\n\n\n<p><strong><em>BIBLIOGRAF\u00cdA: wmo.int\/es<\/em><\/strong><\/p>\n","protected":false},"excerpt":{"rendered":"<p>Seg\u00fan la Organizaci\u00f3n Meteorol\u00f3gica Mundial (OMM), se prev\u00e9 que a partir de mediados de 2026 se forme un episodio de El Ni\u00f1o que repercutir\u00e1 en las temperaturas y las pautas de precipitaci\u00f3n a escala mundial. Escribe: Mag. Hern\u00e1n Allasia En su \u00faltimo bolet\u00edn mensual sobre el clima estacional mundial, la OMM se\u00f1ala un claro cambio [&hellip;]<\/p>\n","protected":false},"author":4,"featured_media":51169,"comment_status":"open","ping_status":"open","sticky":false,"template":"","format":"standard","meta":{"site-sidebar-layout":"default","site-content-layout":"","ast-site-content-layout":"default","site-content-style":"default","site-sidebar-style":"default","ast-global-header-display":"","ast-banner-title-visibility":"","ast-main-header-display":"","ast-hfb-above-header-display":"","ast-hfb-below-header-display":"","ast-hfb-mobile-header-display":"","site-post-title":"","ast-breadcrumbs-content":"","ast-featured-img":"","footer-sml-layout":"","ast-disable-related-posts":"","theme-transparent-header-meta":"","adv-header-id-meta":"","stick-header-meta":"","header-above-stick-meta":"","header-main-stick-meta":"","header-below-stick-meta":"","astra-migrate-meta-layouts":"set","ast-page-background-enabled":"default","ast-page-background-meta":{"desktop":{"background-color":"","background-image":"","background-repeat":"repeat","background-position":"center center","background-size":"auto","background-attachment":"scroll","background-type":"","background-media":"","overlay-type":"","overlay-color":"","overlay-opacity":"","overlay-gradient":""},"tablet":{"background-color":"","background-image":"","background-repeat":"repeat","background-position":"center center","background-size":"auto","background-attachment":"scroll","background-type":"","background-media":"","overlay-type":"","overlay-color":"","overlay-opacity":"","overlay-gradient":""},"mobile":{"background-color":"","background-image":"","background-repeat":"repeat","background-position":"center center","background-size":"auto","background-attachment":"scroll","background-type":"","background-media":"","overlay-type":"","overlay-color":"","overlay-opacity":"","overlay-gradient":""}},"ast-content-background-meta":{"desktop":{"background-color":"var(--ast-global-color-5)","background-image":"","background-repeat":"repeat","background-position":"center center","background-size":"auto","background-attachment":"scroll","background-type":"","background-media":"","overlay-type":"","overlay-color":"","overlay-opacity":"","overlay-gradient":""},"tablet":{"background-color":"var(--ast-global-color-5)","background-image":"","background-repeat":"repeat","background-position":"center center","background-size":"auto","background-attachment":"scroll","background-type":"","background-media":"","overlay-type":"","overlay-color":"","overlay-opacity":"","overlay-gradient":""},"mobile":{"background-color":"var(--ast-global-color-5)","background-image":"","background-repeat":"repeat","background-position":"center center","background-size":"auto","background-attachment":"scroll","background-type":"","background-media":"","overlay-type":"","overlay-color":"","overlay-opacity":"","overlay-gradient":""}},"_jetpack_memberships_contains_paid_content":false,"_joinchat":[],"footnotes":""},"categories":[4777,2323],"tags":[1035,16896,493,1814,8699,4740,8700],"class_list":["post-115668","post","type-post","status-publish","format-standard","has-post-thumbnail","hentry","category-econotas","category-notas-secundarias","tag-clima","tag-el-nino","tag-lluvia","tag-meteorologia","tag-pronostico-del-tiempo","tag-temperatura","tag-tiempo-loco"],"yoast_head":"<!-- This site is optimized with the Yoast SEO plugin v26.8 - https:\/\/yoast.com\/product\/yoast-seo-wordpress\/ -->\n<title>[Tiempo Loco] El Ni\u00f1o volver\u00e1 a hacer de las suyas: Temperaturas m\u00e1s altas y aumento de lluvias - El Regional<\/title>\n<meta name=\"robots\" content=\"index, follow, max-snippet:-1, max-image-preview:large, max-video-preview:-1\" \/>\n<link rel=\"canonical\" href=\"https:\/\/elregionalvm.com.ar\/noticias-villa-maria\/tiempo-loco-el-nino-volvera-a-hacer-de-las-suyas-temperaturas-mas-altas-y-aumento-de-lluvias\/\" \/>\n<meta property=\"og:locale\" content=\"es_ES\" \/>\n<meta property=\"og:type\" content=\"article\" \/>\n<meta property=\"og:title\" content=\"[Tiempo Loco] El Ni\u00f1o volver\u00e1 a hacer de las suyas: Temperaturas m\u00e1s altas y aumento de lluvias - El Regional\" \/>\n<meta property=\"og:description\" content=\"Seg\u00fan la Organizaci\u00f3n Meteorol\u00f3gica Mundial (OMM), se prev\u00e9 que a partir de mediados de 2026 se forme un episodio de El Ni\u00f1o que repercutir\u00e1 en las temperaturas y las pautas de precipitaci\u00f3n a escala mundial. Escribe: Mag. Hern\u00e1n Allasia En su \u00faltimo bolet\u00edn mensual sobre el clima estacional mundial, la OMM se\u00f1ala un claro cambio [&hellip;]\" \/>\n<meta property=\"og:url\" content=\"https:\/\/elregionalvm.com.ar\/noticias-villa-maria\/tiempo-loco-el-nino-volvera-a-hacer-de-las-suyas-temperaturas-mas-altas-y-aumento-de-lluvias\/\" \/>\n<meta property=\"og:site_name\" content=\"El Regional\" \/>\n<meta property=\"article:publisher\" content=\"https:\/\/www.facebook.com\/elregionalvm\" \/>\n<meta property=\"article:published_time\" content=\"2026-04-27T00:41:34+00:00\" \/>\n<meta property=\"article:modified_time\" content=\"2026-04-27T00:41:47+00:00\" \/>\n<meta property=\"og:image\" content=\"https:\/\/elregionalvm.com.ar\/noticias-villa-maria\/wp-content\/uploads\/2022\/01\/calor.jpg\" \/>\n\t<meta property=\"og:image:width\" content=\"850\" \/>\n\t<meta property=\"og:image:height\" content=\"508\" \/>\n\t<meta property=\"og:image:type\" content=\"image\/jpeg\" \/>\n<meta name=\"author\" content=\"Contenidos El Regional\" \/>\n<meta name=\"twitter:card\" content=\"summary_large_image\" \/>\n<meta name=\"twitter:creator\" content=\"@elregionalvm1\" \/>\n<meta name=\"twitter:site\" content=\"@elregionalvm1\" \/>\n<meta name=\"twitter:label1\" content=\"Escrito por\" \/>\n\t<meta name=\"twitter:data1\" content=\"Contenidos El Regional\" \/>\n\t<meta name=\"twitter:label2\" content=\"Tiempo de lectura\" \/>\n\t<meta name=\"twitter:data2\" content=\"3 minutos\" \/>\n<script type=\"application\/ld+json\" class=\"yoast-schema-graph\">{\"@context\":\"https:\/\/schema.org\",\"@graph\":[{\"@type\":\"Article\",\"@id\":\"https:\/\/elregionalvm.com.ar\/noticias-villa-maria\/tiempo-loco-el-nino-volvera-a-hacer-de-las-suyas-temperaturas-mas-altas-y-aumento-de-lluvias\/#article\",\"isPartOf\":{\"@id\":\"https:\/\/elregionalvm.com.ar\/noticias-villa-maria\/tiempo-loco-el-nino-volvera-a-hacer-de-las-suyas-temperaturas-mas-altas-y-aumento-de-lluvias\/\"},\"author\":{\"name\":\"Contenidos El Regional\",\"@id\":\"http:\/\/elregionalvm.com.ar\/noticias-villa-maria\/#\/schema\/person\/a0fb9c422317faca23d50163151bc354\"},\"headline\":\"[Tiempo Loco] El Ni\u00f1o volver\u00e1 a hacer de las suyas: Temperaturas m\u00e1s altas y aumento de lluvias\",\"datePublished\":\"2026-04-27T00:41:34+00:00\",\"dateModified\":\"2026-04-27T00:41:47+00:00\",\"mainEntityOfPage\":{\"@id\":\"https:\/\/elregionalvm.com.ar\/noticias-villa-maria\/tiempo-loco-el-nino-volvera-a-hacer-de-las-suyas-temperaturas-mas-altas-y-aumento-de-lluvias\/\"},\"wordCount\":439,\"commentCount\":0,\"image\":{\"@id\":\"https:\/\/elregionalvm.com.ar\/noticias-villa-maria\/tiempo-loco-el-nino-volvera-a-hacer-de-las-suyas-temperaturas-mas-altas-y-aumento-de-lluvias\/#primaryimage\"},\"thumbnailUrl\":\"https:\/\/i0.wp.com\/elregionalvm.com.ar\/noticias-villa-maria\/wp-content\/uploads\/2022\/01\/calor.jpg?fit=850%2C508&ssl=1\",\"keywords\":[\"Clima\",\"El Ni\u00f1o\",\"lluvia\",\"meteorolog\u00eda\",\"Pron\u00f3stico del tiempo\",\"temperatura\",\"Tiempo loco\"],\"articleSection\":[\"Econotas\",\"Notas\"],\"inLanguage\":\"es\",\"potentialAction\":[{\"@type\":\"CommentAction\",\"name\":\"Comment\",\"target\":[\"https:\/\/elregionalvm.com.ar\/noticias-villa-maria\/tiempo-loco-el-nino-volvera-a-hacer-de-las-suyas-temperaturas-mas-altas-y-aumento-de-lluvias\/#respond\"]}]},{\"@type\":\"WebPage\",\"@id\":\"https:\/\/elregionalvm.com.ar\/noticias-villa-maria\/tiempo-loco-el-nino-volvera-a-hacer-de-las-suyas-temperaturas-mas-altas-y-aumento-de-lluvias\/\",\"url\":\"https:\/\/elregionalvm.com.ar\/noticias-villa-maria\/tiempo-loco-el-nino-volvera-a-hacer-de-las-suyas-temperaturas-mas-altas-y-aumento-de-lluvias\/\",\"name\":\"[Tiempo Loco] El Ni\u00f1o volver\u00e1 a hacer de las suyas: Temperaturas m\u00e1s altas y aumento de lluvias - El Regional\",\"isPartOf\":{\"@id\":\"http:\/\/elregionalvm.com.ar\/noticias-villa-maria\/#website\"},\"primaryImageOfPage\":{\"@id\":\"https:\/\/elregionalvm.com.ar\/noticias-villa-maria\/tiempo-loco-el-nino-volvera-a-hacer-de-las-suyas-temperaturas-mas-altas-y-aumento-de-lluvias\/#primaryimage\"},\"image\":{\"@id\":\"https:\/\/elregionalvm.com.ar\/noticias-villa-maria\/tiempo-loco-el-nino-volvera-a-hacer-de-las-suyas-temperaturas-mas-altas-y-aumento-de-lluvias\/#primaryimage\"},\"thumbnailUrl\":\"https:\/\/i0.wp.com\/elregionalvm.com.ar\/noticias-villa-maria\/wp-content\/uploads\/2022\/01\/calor.jpg?fit=850%2C508&ssl=1\",\"datePublished\":\"2026-04-27T00:41:34+00:00\",\"dateModified\":\"2026-04-27T00:41:47+00:00\",\"author\":{\"@id\":\"http:\/\/elregionalvm.com.ar\/noticias-villa-maria\/#\/schema\/person\/a0fb9c422317faca23d50163151bc354\"},\"breadcrumb\":{\"@id\":\"https:\/\/elregionalvm.com.ar\/noticias-villa-maria\/tiempo-loco-el-nino-volvera-a-hacer-de-las-suyas-temperaturas-mas-altas-y-aumento-de-lluvias\/#breadcrumb\"},\"inLanguage\":\"es\",\"potentialAction\":[{\"@type\":\"ReadAction\",\"target\":[\"https:\/\/elregionalvm.com.ar\/noticias-villa-maria\/tiempo-loco-el-nino-volvera-a-hacer-de-las-suyas-temperaturas-mas-altas-y-aumento-de-lluvias\/\"]}]},{\"@type\":\"ImageObject\",\"inLanguage\":\"es\",\"@id\":\"https:\/\/elregionalvm.com.ar\/noticias-villa-maria\/tiempo-loco-el-nino-volvera-a-hacer-de-las-suyas-temperaturas-mas-altas-y-aumento-de-lluvias\/#primaryimage\",\"url\":\"https:\/\/i0.wp.com\/elregionalvm.com.ar\/noticias-villa-maria\/wp-content\/uploads\/2022\/01\/calor.jpg?fit=850%2C508&ssl=1\",\"contentUrl\":\"https:\/\/i0.wp.com\/elregionalvm.com.ar\/noticias-villa-maria\/wp-content\/uploads\/2022\/01\/calor.jpg?fit=850%2C508&ssl=1\",\"width\":850,\"height\":508},{\"@type\":\"BreadcrumbList\",\"@id\":\"https:\/\/elregionalvm.com.ar\/noticias-villa-maria\/tiempo-loco-el-nino-volvera-a-hacer-de-las-suyas-temperaturas-mas-altas-y-aumento-de-lluvias\/#breadcrumb\",\"itemListElement\":[{\"@type\":\"ListItem\",\"position\":1,\"name\":\"Portada\",\"item\":\"https:\/\/elregionalvm.com.ar\/noticias-villa-maria\/\"},{\"@type\":\"ListItem\",\"position\":2,\"name\":\"[Tiempo Loco] El Ni\u00f1o volver\u00e1 a hacer de las suyas: Temperaturas m\u00e1s altas y aumento de lluvias\"}]},{\"@type\":\"WebSite\",\"@id\":\"http:\/\/elregionalvm.com.ar\/noticias-villa-maria\/#website\",\"url\":\"http:\/\/elregionalvm.com.ar\/noticias-villa-maria\/\",\"name\":\"El Regional\",\"description\":\"Mucho m\u00e1s que informaci\u00f3n\",\"potentialAction\":[{\"@type\":\"SearchAction\",\"target\":{\"@type\":\"EntryPoint\",\"urlTemplate\":\"http:\/\/elregionalvm.com.ar\/noticias-villa-maria\/?s={search_term_string}\"},\"query-input\":{\"@type\":\"PropertyValueSpecification\",\"valueRequired\":true,\"valueName\":\"search_term_string\"}}],\"inLanguage\":\"es\"},{\"@type\":\"Person\",\"@id\":\"http:\/\/elregionalvm.com.ar\/noticias-villa-maria\/#\/schema\/person\/a0fb9c422317faca23d50163151bc354\",\"name\":\"Contenidos El Regional\",\"image\":{\"@type\":\"ImageObject\",\"inLanguage\":\"es\",\"@id\":\"http:\/\/elregionalvm.com.ar\/noticias-villa-maria\/#\/schema\/person\/image\/\",\"url\":\"https:\/\/secure.gravatar.com\/avatar\/265b27cb2209af7bb3a1318f03305787d7981a5cc6e6cd08fe5a4ecdf99d4b48?s=96&d=mm&r=g\",\"contentUrl\":\"https:\/\/secure.gravatar.com\/avatar\/265b27cb2209af7bb3a1318f03305787d7981a5cc6e6cd08fe5a4ecdf99d4b48?s=96&d=mm&r=g\",\"caption\":\"Contenidos El Regional\"},\"url\":\"https:\/\/elregionalvm.com.ar\/noticias-villa-maria\/author\/contenido\/\"}]}<\/script>\n<!-- \/ Yoast SEO plugin. -->","yoast_head_json":{"title":"[Tiempo Loco] El Ni\u00f1o volver\u00e1 a hacer de las suyas: Temperaturas m\u00e1s altas y aumento de lluvias - El Regional","robots":{"index":"index","follow":"follow","max-snippet":"max-snippet:-1","max-image-preview":"max-image-preview:large","max-video-preview":"max-video-preview:-1"},"canonical":"https:\/\/elregionalvm.com.ar\/noticias-villa-maria\/tiempo-loco-el-nino-volvera-a-hacer-de-las-suyas-temperaturas-mas-altas-y-aumento-de-lluvias\/","og_locale":"es_ES","og_type":"article","og_title":"[Tiempo Loco] El Ni\u00f1o volver\u00e1 a hacer de las suyas: Temperaturas m\u00e1s altas y aumento de lluvias - El Regional","og_description":"Seg\u00fan la Organizaci\u00f3n Meteorol\u00f3gica Mundial (OMM), se prev\u00e9 que a partir de mediados de 2026 se forme un episodio de El Ni\u00f1o que repercutir\u00e1 en las temperaturas y las pautas de precipitaci\u00f3n a escala mundial. Escribe: Mag. Hern\u00e1n Allasia En su \u00faltimo bolet\u00edn mensual sobre el clima estacional mundial, la OMM se\u00f1ala un claro cambio [&hellip;]","og_url":"https:\/\/elregionalvm.com.ar\/noticias-villa-maria\/tiempo-loco-el-nino-volvera-a-hacer-de-las-suyas-temperaturas-mas-altas-y-aumento-de-lluvias\/","og_site_name":"El Regional","article_publisher":"https:\/\/www.facebook.com\/elregionalvm","article_published_time":"2026-04-27T00:41:34+00:00","article_modified_time":"2026-04-27T00:41:47+00:00","og_image":[{"width":850,"height":508,"url":"https:\/\/elregionalvm.com.ar\/noticias-villa-maria\/wp-content\/uploads\/2022\/01\/calor.jpg","type":"image\/jpeg"}],"author":"Contenidos El Regional","twitter_card":"summary_large_image","twitter_creator":"@elregionalvm1","twitter_site":"@elregionalvm1","twitter_misc":{"Escrito por":"Contenidos El Regional","Tiempo de lectura":"3 minutos"},"schema":{"@context":"https:\/\/schema.org","@graph":[{"@type":"Article","@id":"https:\/\/elregionalvm.com.ar\/noticias-villa-maria\/tiempo-loco-el-nino-volvera-a-hacer-de-las-suyas-temperaturas-mas-altas-y-aumento-de-lluvias\/#article","isPartOf":{"@id":"https:\/\/elregionalvm.com.ar\/noticias-villa-maria\/tiempo-loco-el-nino-volvera-a-hacer-de-las-suyas-temperaturas-mas-altas-y-aumento-de-lluvias\/"},"author":{"name":"Contenidos El Regional","@id":"http:\/\/elregionalvm.com.ar\/noticias-villa-maria\/#\/schema\/person\/a0fb9c422317faca23d50163151bc354"},"headline":"[Tiempo Loco] El Ni\u00f1o volver\u00e1 a hacer de las suyas: Temperaturas m\u00e1s altas y aumento de lluvias","datePublished":"2026-04-27T00:41:34+00:00","dateModified":"2026-04-27T00:41:47+00:00","mainEntityOfPage":{"@id":"https:\/\/elregionalvm.com.ar\/noticias-villa-maria\/tiempo-loco-el-nino-volvera-a-hacer-de-las-suyas-temperaturas-mas-altas-y-aumento-de-lluvias\/"},"wordCount":439,"commentCount":0,"image":{"@id":"https:\/\/elregionalvm.com.ar\/noticias-villa-maria\/tiempo-loco-el-nino-volvera-a-hacer-de-las-suyas-temperaturas-mas-altas-y-aumento-de-lluvias\/#primaryimage"},"thumbnailUrl":"https:\/\/i0.wp.com\/elregionalvm.com.ar\/noticias-villa-maria\/wp-content\/uploads\/2022\/01\/calor.jpg?fit=850%2C508&ssl=1","keywords":["Clima","El Ni\u00f1o","lluvia","meteorolog\u00eda","Pron\u00f3stico del tiempo","temperatura","Tiempo loco"],"articleSection":["Econotas","Notas"],"inLanguage":"es","potentialAction":[{"@type":"CommentAction","name":"Comment","target":["https:\/\/elregionalvm.com.ar\/noticias-villa-maria\/tiempo-loco-el-nino-volvera-a-hacer-de-las-suyas-temperaturas-mas-altas-y-aumento-de-lluvias\/#respond"]}]},{"@type":"WebPage","@id":"https:\/\/elregionalvm.com.ar\/noticias-villa-maria\/tiempo-loco-el-nino-volvera-a-hacer-de-las-suyas-temperaturas-mas-altas-y-aumento-de-lluvias\/","url":"https:\/\/elregionalvm.com.ar\/noticias-villa-maria\/tiempo-loco-el-nino-volvera-a-hacer-de-las-suyas-temperaturas-mas-altas-y-aumento-de-lluvias\/","name":"[Tiempo Loco] El Ni\u00f1o volver\u00e1 a hacer de las suyas: Temperaturas m\u00e1s altas y aumento de lluvias - El Regional","isPartOf":{"@id":"http:\/\/elregionalvm.com.ar\/noticias-villa-maria\/#website"},"primaryImageOfPage":{"@id":"https:\/\/elregionalvm.com.ar\/noticias-villa-maria\/tiempo-loco-el-nino-volvera-a-hacer-de-las-suyas-temperaturas-mas-altas-y-aumento-de-lluvias\/#primaryimage"},"image":{"@id":"https:\/\/elregionalvm.com.ar\/noticias-villa-maria\/tiempo-loco-el-nino-volvera-a-hacer-de-las-suyas-temperaturas-mas-altas-y-aumento-de-lluvias\/#primaryimage"},"thumbnailUrl":"https:\/\/i0.wp.com\/elregionalvm.com.ar\/noticias-villa-maria\/wp-content\/uploads\/2022\/01\/calor.jpg?fit=850%2C508&ssl=1","datePublished":"2026-04-27T00:41:34+00:00","dateModified":"2026-04-27T00:41:47+00:00","author":{"@id":"http:\/\/elregionalvm.com.ar\/noticias-villa-maria\/#\/schema\/person\/a0fb9c422317faca23d50163151bc354"},"breadcrumb":{"@id":"https:\/\/elregionalvm.com.ar\/noticias-villa-maria\/tiempo-loco-el-nino-volvera-a-hacer-de-las-suyas-temperaturas-mas-altas-y-aumento-de-lluvias\/#breadcrumb"},"inLanguage":"es","potentialAction":[{"@type":"ReadAction","target":["https:\/\/elregionalvm.com.ar\/noticias-villa-maria\/tiempo-loco-el-nino-volvera-a-hacer-de-las-suyas-temperaturas-mas-altas-y-aumento-de-lluvias\/"]}]},{"@type":"ImageObject","inLanguage":"es","@id":"https:\/\/elregionalvm.com.ar\/noticias-villa-maria\/tiempo-loco-el-nino-volvera-a-hacer-de-las-suyas-temperaturas-mas-altas-y-aumento-de-lluvias\/#primaryimage","url":"https:\/\/i0.wp.com\/elregionalvm.com.ar\/noticias-villa-maria\/wp-content\/uploads\/2022\/01\/calor.jpg?fit=850%2C508&ssl=1","contentUrl":"https:\/\/i0.wp.com\/elregionalvm.com.ar\/noticias-villa-maria\/wp-content\/uploads\/2022\/01\/calor.jpg?fit=850%2C508&ssl=1","width":850,"height":508},{"@type":"BreadcrumbList","@id":"https:\/\/elregionalvm.com.ar\/noticias-villa-maria\/tiempo-loco-el-nino-volvera-a-hacer-de-las-suyas-temperaturas-mas-altas-y-aumento-de-lluvias\/#breadcrumb","itemListElement":[{"@type":"ListItem","position":1,"name":"Portada","item":"https:\/\/elregionalvm.com.ar\/noticias-villa-maria\/"},{"@type":"ListItem","position":2,"name":"[Tiempo Loco] El Ni\u00f1o volver\u00e1 a hacer de las suyas: Temperaturas m\u00e1s altas y aumento de lluvias"}]},{"@type":"WebSite","@id":"http:\/\/elregionalvm.com.ar\/noticias-villa-maria\/#website","url":"http:\/\/elregionalvm.com.ar\/noticias-villa-maria\/","name":"El Regional","description":"Mucho m\u00e1s que informaci\u00f3n","potentialAction":[{"@type":"SearchAction","target":{"@type":"EntryPoint","urlTemplate":"http:\/\/elregionalvm.com.ar\/noticias-villa-maria\/?s={search_term_string}"},"query-input":{"@type":"PropertyValueSpecification","valueRequired":true,"valueName":"search_term_string"}}],"inLanguage":"es"},{"@type":"Person","@id":"http:\/\/elregionalvm.com.ar\/noticias-villa-maria\/#\/schema\/person\/a0fb9c422317faca23d50163151bc354","name":"Contenidos El Regional","image":{"@type":"ImageObject","inLanguage":"es","@id":"http:\/\/elregionalvm.com.ar\/noticias-villa-maria\/#\/schema\/person\/image\/","url":"https:\/\/secure.gravatar.com\/avatar\/265b27cb2209af7bb3a1318f03305787d7981a5cc6e6cd08fe5a4ecdf99d4b48?s=96&d=mm&r=g","contentUrl":"https:\/\/secure.gravatar.com\/avatar\/265b27cb2209af7bb3a1318f03305787d7981a5cc6e6cd08fe5a4ecdf99d4b48?s=96&d=mm&r=g","caption":"Contenidos El Regional"},"url":"https:\/\/elregionalvm.com.ar\/noticias-villa-maria\/author\/contenido\/"}]}},"jetpack_featured_media_url":"https:\/\/i0.wp.com\/elregionalvm.com.ar\/noticias-villa-maria\/wp-content\/uploads\/2022\/01\/calor.jpg?fit=850%2C508&ssl=1","jetpack_sharing_enabled":true,"_links":{"self":[{"href":"https:\/\/elregionalvm.com.ar\/noticias-villa-maria\/wp-json\/wp\/v2\/posts\/115668","targetHints":{"allow":["GET"]}}],"collection":[{"href":"https:\/\/elregionalvm.com.ar\/noticias-villa-maria\/wp-json\/wp\/v2\/posts"}],"about":[{"href":"https:\/\/elregionalvm.com.ar\/noticias-villa-maria\/wp-json\/wp\/v2\/types\/post"}],"author":[{"embeddable":true,"href":"https:\/\/elregionalvm.com.ar\/noticias-villa-maria\/wp-json\/wp\/v2\/users\/4"}],"replies":[{"embeddable":true,"href":"https:\/\/elregionalvm.com.ar\/noticias-villa-maria\/wp-json\/wp\/v2\/comments?post=115668"}],"version-history":[{"count":2,"href":"https:\/\/elregionalvm.com.ar\/noticias-villa-maria\/wp-json\/wp\/v2\/posts\/115668\/revisions"}],"predecessor-version":[{"id":115670,"href":"https:\/\/elregionalvm.com.ar\/noticias-villa-maria\/wp-json\/wp\/v2\/posts\/115668\/revisions\/115670"}],"wp:featuredmedia":[{"embeddable":true,"href":"https:\/\/elregionalvm.com.ar\/noticias-villa-maria\/wp-json\/wp\/v2\/media\/51169"}],"wp:attachment":[{"href":"https:\/\/elregionalvm.com.ar\/noticias-villa-maria\/wp-json\/wp\/v2\/media?parent=115668"}],"wp:term":[{"taxonomy":"category","embeddable":true,"href":"https:\/\/elregionalvm.com.ar\/noticias-villa-maria\/wp-json\/wp\/v2\/categories?post=115668"},{"taxonomy":"post_tag","embeddable":true,"href":"https:\/\/elregionalvm.com.ar\/noticias-villa-maria\/wp-json\/wp\/v2\/tags?post=115668"}],"curies":[{"name":"wp","href":"https:\/\/api.w.org\/{rel}","templated":true}]}}